{"id":74388,"date":"2026-01-26T10:02:57","date_gmt":"2026-01-26T10:02:57","guid":{"rendered":"https:\/\/transportjournal.com\/2026\/01\/26\/nuevo-servicio-de-carga-aerea-a-europa\/"},"modified":"2026-01-26T14:09:26","modified_gmt":"2026-01-26T13:09:26","slug":"nuevo-servicio-de-carga-aerea-a-europa","status":"publish","type":"post","link":"https:\/\/transportjournal.com\/es\/2026\/01\/26\/nuevo-servicio-de-carga-aerea-a-europa\/","title":{"rendered":"Nuevo servicio de carga a\u00e9rea a Europa"},"content":{"rendered":"<p>DP World y la Zona Franca de Punta Cana han lanzado un nuevo servicio internacional de carga a\u00e9rea hacia Europa, que tiene como objetivo fortalecer el papel de la Rep\u00fablica Dominicana como centro log\u00edstico y de tr\u00e1nsito para las Am\u00e9ricas. El servicio se gestionar\u00e1 a trav\u00e9s del centro de carga a\u00e9rea Punta Cana, en el este del pa\u00eds.<\/p>\n<h3>Nuevo servicio de carga a\u00e9rea fortalece conexiones comerciales<\/h3>\n<p>El nuevo servicio, que opera los martes y s\u00e1bados, est\u00e1 dise\u00f1ado para transportar carga en tr\u00e1nsito desde Sudam\u00e9rica, Centroam\u00e9rica y el Caribe a Europa a trav\u00e9s del centro de carga a\u00e9rea Punta Cana. En la fase inicial, se espera que el centro maneje hasta 120 toneladas de carga a\u00e9rea al mes, lo que mejorar\u00e1 la velocidad y la fiabilidad para los exportadores regionales.<\/p>\n<p>El servicio ampliado apoya el transporte de bienes valiosos y cr\u00edticos en tiempo, incluidos productos perecederos como flores y frutas, productos farmac\u00e9uticos, paquetes y carga seca. Los env\u00edos desde Colombia, Ecuador y Per\u00fa se consolidar\u00e1n en Punta Cana y se conectar\u00e1n con vuelos regulares a importantes mercados europeos como Madrid, Frankfurt y Londres. Los socios tambi\u00e9n est\u00e1n evaluando la posibilidad de expandir el servicio a Canad\u00e1, ya que la demanda sigue aumentando.<\/p>\n<h3>Infraestructura para carga cr\u00edtica en tiempo<\/h3>\n<p>El centro de carga a\u00e9rea Punta Cana est\u00e1 dise\u00f1ado espec\u00edficamente para manejar carga sensible a la temperatura y ofrece aproximadamente 4,000 metros cuadrados de espacio refrigerado destinado a productos perecederos. Adem\u00e1s, los procesos para la carga en tr\u00e1nsito est\u00e1n optimizados para reducir los tiempos de transferencia. El acceso directo a la rampa para aviones de carga y aviones comerciales, as\u00ed como servicios de seguridad mejorados y equipos de manejo especializados para diferentes tipos de carga, tambi\u00e9n forman parte de la infraestructura.<\/p>\n<p>El nuevo servicio se basa en la llegada del primer avi\u00f3n de carga en 2024, que valid\u00f3 la infraestructura y el modelo operativo de la terminal y sent\u00f3 las bases para un crecimiento sostenible del tr\u00e1fico a\u00e9reo internacional de carga. Se espera que en 2025 la terminal de carga a\u00e9rea maneje m\u00e1s de 33,000 toneladas en importaciones, exportaciones y carga en tr\u00e1nsito, lo que representa un aumento del 15% en comparaci\u00f3n con 2024.<\/p>\n<p>Manuel Mart\u00ednez, CEO de DP World en la Rep\u00fablica Dominicana, declar\u00f3: \u201cEsta expansi\u00f3n refuerza nuestra visi\u00f3n compartida con la Zona Franca de Punta Cana de posicionar a Punta Cana como un importante punto de conexi\u00f3n regional dentro de las redes comerciales globales. Al aumentar la capacidad y la previsibilidad del servicio, ofrecemos a los exportadores y proveedores de log\u00edstica un acceso m\u00e1s r\u00e1pido y fiable a los mercados internacionales y fortalecemos la competitividad de la regi\u00f3n.\u201d<\/p>\n<p>&nbsp;<\/p>\n<p><a href=\"https:\/\/www.dpworld.com\/\" target=\"_blank\" rel=\"noopener noreferrer\">www.dpworld.com<\/a><\/p>\n<p>&nbsp;<\/p>\n","protected":false},"excerpt":{"rendered":"<p>DP World y la Zona Franca de Punta Cana han lanzado un nuevo servicio de carga a\u00e9rea hacia Europa para fortalecer la log\u00edstica de la Rep\u00fablica Dominicana<\/p>\n","protected":false},"author":12,"featured_media":74385,"comment_status":"open","ping_status":"open","sticky":false,"template":"","format":"standard","meta":{"_acf_changed":false,"footnotes":""},"categories":[1614,1606,1611],"tags":[9388,5507,9389,3402,9390,9391,9392,2265,6754,9393,9394,2032,9395,9396,9397,2952,9398,9399,9400,9401,2960,2961,9402,9403,2133,9404,1831,9405,9406,9407,9408,9409,9410,9411,9412,9084,9085,2148,9413,9414,9415,9416,9417,9418,9419,9420,9421,9422,9423,9424,9425,9426,7052,9427],"class_list":["post-74388","post","type-post","status-publish","format-standard","has-post-thumbnail","hentry","category-america","category-carga-aerea","category-europa","tag-air-freight-service-2024","tag-avions-cargo","tag-cargaison-sensible-a-la-temperature","tag-cargo-aircraft","tag-centre-de-fret-aerien-de-punta-cana","tag-cold-storage-for-cargo","tag-connexions-commerciales-europe","tag-deutsch-luftfracht","tag-dp-world","tag-export-markets-europe","tag-exportmaerkte-europa","tag-frachtflugzeuge","tag-frachtservice-kanada","tag-freight-service-canada","tag-fret-aerien-amerique-du-sud","tag-fret-aerien-international","tag-handelsverbindungen-europa","tag-infrastructure-for-air-freight","tag-infrastructure-pour-fret-aerien","tag-infrastruktur-fuer-luftfracht","tag-international-air-freight","tag-internationale-luftfracht","tag-kuehlraum-fuer-fracht","tag-logistics-dominican-republic","tag-logistics-service-providers","tag-logistik-dominikanische-republik","tag-logistikdienstleister","tag-logistique-republique-dominicaine","tag-luftfrachtservice-2024","tag-luftfrachtzentrum-punta-cana","tag-marchandises-sensibles-au-temps","tag-marches-dexportation-europe","tag-nachhaltiger-luftfrachtverkehr","tag-optimisation-du-fret-en-transit","tag-optimizing-transit-cargo","tag-pharmaceuticals-transport","tag-pharmazeutika-transport","tag-prestataires-de-services-logistiques","tag-punta-cana","tag-punta-cana-air-freight-center","tag-service-de-fret-aerien-2024","tag-service-de-fret-canada","tag-south-america-air-freight","tag-stockage-frigorifique-pour-fret","tag-suedamerika-luftfracht","tag-sustainable-air-freight-traffic","tag-temperature-sensitive-cargo","tag-temperaturempfindliche-fracht","tag-time-sensitive-goods-francais-fret-aerien","tag-trade-connections-europe","tag-trafic-de-fret-aerien-durable","tag-transitfracht-optimieren","tag-transport-de-produits-pharmaceutiques","tag-zeitkritische-gueter-english-air-freight"],"acf":[],"yoast_head":"<!-- This site is optimized with the Yoast SEO plugin v27.3 - https:\/\/yoast.com\/product\/yoast-seo-wordpress\/ -->\n<title>Nuevo servicio de carga a\u00e9rea a Europa - ITJ | International Transport Journal<\/title>\n<meta name=\"robots\" content=\"index, follow, max-snippet:-1, max-image-preview:large, max-video-preview:-1\" \/>\n<link rel=\"canonical\" href=\"https:\/\/transportjournal.com\/es\/2026\/01\/26\/nuevo-servicio-de-carga-aerea-a-europa\/\" \/>\n<meta property=\"og:locale\" content=\"es_ES\" \/>\n<meta property=\"og:type\" content=\"article\" \/>\n<meta property=\"og:title\" content=\"Nuevo servicio de carga a\u00e9rea a Europa - ITJ | International Transport Journal\" \/>\n<meta property=\"og:description\" content=\"DP World y la Zona Franca de Punta Cana han lanzado un nuevo servicio de carga a\u00e9rea hacia Europa para fortalecer la log\u00edstica de la Rep\u00fablica Dominicana\" \/>\n<meta property=\"og:url\" content=\"https:\/\/transportjournal.com\/es\/2026\/01\/26\/nuevo-servicio-de-carga-aerea-a-europa\/\" \/>\n<meta property=\"og:site_name\" content=\"ITJ | International Transport Journal\" \/>\n<meta property=\"article:published_time\" content=\"2026-01-26T10:02:57+00:00\" \/>\n<meta property=\"article:modified_time\" content=\"2026-01-26T13:09:26+00:00\" \/>\n<meta property=\"og:image\" content=\"https:\/\/transportjournal.com\/wp-content\/uploads\/sites\/2\/2026\/01\/DP-Woerld-movimiento-de-carga-tras-la-llegada-del-carguero-a-las-insta-scaled-aspect-ratio-1400-788-scaled-1.jpg\" \/>\n\t<meta property=\"og:image:width\" content=\"2560\" \/>\n\t<meta property=\"og:image:height\" content=\"1441\" \/>\n\t<meta property=\"og:image:type\" content=\"image\/jpeg\" \/>\n<meta name=\"author\" content=\"Andreas Haug\" \/>\n<meta name=\"twitter:card\" content=\"summary_large_image\" \/>\n<meta name=\"twitter:label1\" content=\"Escrito por\" \/>\n\t<meta name=\"twitter:data1\" content=\"Andreas Haug\" \/>\n\t<meta name=\"twitter:label2\" content=\"Tiempo de lectura\" \/>\n\t<meta name=\"twitter:data2\" content=\"2 minuto\" \/>\n<script type=\"application\/ld+json\" class=\"yoast-schema-graph\">{\"@context\":\"https:\\\/\\\/schema.org\",\"@graph\":[{\"@type\":\"Article\",\"@id\":\"https:\\\/\\\/transportjournal.com\\\/es\\\/2026\\\/01\\\/26\\\/nuevo-servicio-de-carga-aerea-a-europa\\\/#article\",\"isPartOf\":{\"@id\":\"https:\\\/\\\/transportjournal.com\\\/es\\\/2026\\\/01\\\/26\\\/nuevo-servicio-de-carga-aerea-a-europa\\\/\"},\"author\":{\"name\":\"Andreas Haug\",\"@id\":\"https:\\\/\\\/transportjournal.com\\\/es\\\/#\\\/schema\\\/person\\\/cf538b3157f15afd7589245a4b3dbd25\"},\"headline\":\"Nuevo servicio de carga a\u00e9rea a Europa\",\"datePublished\":\"2026-01-26T10:02:57+00:00\",\"dateModified\":\"2026-01-26T13:09:26+00:00\",\"mainEntityOfPage\":{\"@id\":\"https:\\\/\\\/transportjournal.com\\\/es\\\/2026\\\/01\\\/26\\\/nuevo-servicio-de-carga-aerea-a-europa\\\/\"},\"wordCount\":491,\"commentCount\":0,\"publisher\":{\"@id\":\"https:\\\/\\\/transportjournal.com\\\/es\\\/#organization\"},\"image\":{\"@id\":\"https:\\\/\\\/transportjournal.com\\\/es\\\/2026\\\/01\\\/26\\\/nuevo-servicio-de-carga-aerea-a-europa\\\/#primaryimage\"},\"thumbnailUrl\":\"https:\\\/\\\/transportjournal.com\\\/wp-content\\\/uploads\\\/sites\\\/2\\\/2026\\\/01\\\/DP-Woerld-movimiento-de-carga-tras-la-llegada-del-carguero-a-las-insta-scaled-aspect-ratio-1400-788-scaled-1.jpg\",\"keywords\":[\"air freight service 2024\",\"avions cargo\",\"cargaison sensible \u00e0 la temp\u00e9rature\",\"cargo aircraft\",\"centre de fret a\u00e9rien de Punta Cana\",\"cold storage for cargo\",\"connexions commerciales Europe\",\"Deutsch Luftfracht\",\"DP World\",\"export markets Europe\",\"Exportm\u00e4rkte Europa\",\"Frachtflugzeuge\",\"Frachtservice Kanada\",\"freight service Canada\",\"fret a\u00e9rien Am\u00e9rique du Sud\",\"fret a\u00e9rien international\",\"Handelsverbindungen Europa\",\"infrastructure for air freight\",\"infrastructure pour fret a\u00e9rien\",\"Infrastruktur f\u00fcr Luftfracht\",\"international air freight\",\"internationale Luftfracht\",\"K\u00fchlraum f\u00fcr Fracht\",\"logistics Dominican Republic\",\"logistics service providers\",\"Logistik Dominikanische Republik\",\"Logistikdienstleister\",\"logistique R\u00e9publique dominicaine\",\"Luftfrachtservice 2024\",\"Luftfrachtzentrum Punta Cana\",\"marchandises sensibles au temps\",\"march\u00e9s d'exportation Europe\",\"nachhaltiger Luftfrachtverkehr\",\"optimisation du fret en transit\",\"optimizing transit cargo\",\"pharmaceuticals transport\",\"Pharmazeutika Transport\",\"prestataires de services logistiques\",\"Punta Cana\",\"Punta Cana air freight center\",\"service de fret a\u00e9rien 2024\",\"service de fret Canada\",\"South America air freight\",\"stockage frigorifique pour fret\",\"S\u00fcdamerika Luftfracht\",\"sustainable air freight traffic\",\"temperature-sensitive cargo\",\"temperaturempfindliche Fracht\",\"time-sensitive goods Fran\u00e7ais Fret a\u00e9rien\",\"trade connections Europe\",\"trafic de fret a\u00e9rien durable\",\"Transitfracht optimieren\",\"transport de produits pharmaceutiques\",\"zeitkritische G\u00fcter English Air freight\"],\"articleSection\":[\"Am\u00e9rica\",\"Carga a\u00e9rea\",\"Europa\"],\"inLanguage\":\"es\",\"potentialAction\":[{\"@type\":\"CommentAction\",\"name\":\"Comment\",\"target\":[\"https:\\\/\\\/transportjournal.com\\\/es\\\/2026\\\/01\\\/26\\\/nuevo-servicio-de-carga-aerea-a-europa\\\/#respond\"]}]},{\"@type\":\"WebPage\",\"@id\":\"https:\\\/\\\/transportjournal.com\\\/es\\\/2026\\\/01\\\/26\\\/nuevo-servicio-de-carga-aerea-a-europa\\\/\",\"url\":\"https:\\\/\\\/transportjournal.com\\\/es\\\/2026\\\/01\\\/26\\\/nuevo-servicio-de-carga-aerea-a-europa\\\/\",\"name\":\"Nuevo servicio de carga a\u00e9rea a Europa - ITJ | International Transport Journal\",\"isPartOf\":{\"@id\":\"https:\\\/\\\/transportjournal.com\\\/es\\\/#website\"},\"primaryImageOfPage\":{\"@id\":\"https:\\\/\\\/transportjournal.com\\\/es\\\/2026\\\/01\\\/26\\\/nuevo-servicio-de-carga-aerea-a-europa\\\/#primaryimage\"},\"image\":{\"@id\":\"https:\\\/\\\/transportjournal.com\\\/es\\\/2026\\\/01\\\/26\\\/nuevo-servicio-de-carga-aerea-a-europa\\\/#primaryimage\"},\"thumbnailUrl\":\"https:\\\/\\\/transportjournal.com\\\/wp-content\\\/uploads\\\/sites\\\/2\\\/2026\\\/01\\\/DP-Woerld-movimiento-de-carga-tras-la-llegada-del-carguero-a-las-insta-scaled-aspect-ratio-1400-788-scaled-1.jpg\",\"datePublished\":\"2026-01-26T10:02:57+00:00\",\"dateModified\":\"2026-01-26T13:09:26+00:00\",\"breadcrumb\":{\"@id\":\"https:\\\/\\\/transportjournal.com\\\/es\\\/2026\\\/01\\\/26\\\/nuevo-servicio-de-carga-aerea-a-europa\\\/#breadcrumb\"},\"inLanguage\":\"es\",\"potentialAction\":[{\"@type\":\"ReadAction\",\"target\":[\"https:\\\/\\\/transportjournal.com\\\/es\\\/2026\\\/01\\\/26\\\/nuevo-servicio-de-carga-aerea-a-europa\\\/\"]}]},{\"@type\":\"ImageObject\",\"inLanguage\":\"es\",\"@id\":\"https:\\\/\\\/transportjournal.com\\\/es\\\/2026\\\/01\\\/26\\\/nuevo-servicio-de-carga-aerea-a-europa\\\/#primaryimage\",\"url\":\"https:\\\/\\\/transportjournal.com\\\/wp-content\\\/uploads\\\/sites\\\/2\\\/2026\\\/01\\\/DP-Woerld-movimiento-de-carga-tras-la-llegada-del-carguero-a-las-insta-scaled-aspect-ratio-1400-788-scaled-1.jpg\",\"contentUrl\":\"https:\\\/\\\/transportjournal.com\\\/wp-content\\\/uploads\\\/sites\\\/2\\\/2026\\\/01\\\/DP-Woerld-movimiento-de-carga-tras-la-llegada-del-carguero-a-las-insta-scaled-aspect-ratio-1400-788-scaled-1.jpg\",\"width\":2560,\"height\":1441},{\"@type\":\"BreadcrumbList\",\"@id\":\"https:\\\/\\\/transportjournal.com\\\/es\\\/2026\\\/01\\\/26\\\/nuevo-servicio-de-carga-aerea-a-europa\\\/#breadcrumb\",\"itemListElement\":[{\"@type\":\"ListItem\",\"position\":1,\"name\":\"Startseite\",\"item\":\"https:\\\/\\\/transportjournal.com\\\/es\\\/\"},{\"@type\":\"ListItem\",\"position\":2,\"name\":\"Nuevo servicio de carga a\u00e9rea a Europa\"}]},{\"@type\":\"WebSite\",\"@id\":\"https:\\\/\\\/transportjournal.com\\\/es\\\/#website\",\"url\":\"https:\\\/\\\/transportjournal.com\\\/es\\\/\",\"name\":\"ITJ | International Transport Journal\",\"description\":\"Stay informed with the latest global news from the transport, logistics, and supply chain industries. Transport Journal delivers expert insights, analysis, and updates across shipping, aviation, intermodal, and forwarding.\",\"publisher\":{\"@id\":\"https:\\\/\\\/transportjournal.com\\\/es\\\/#organization\"},\"potentialAction\":[{\"@type\":\"SearchAction\",\"target\":{\"@type\":\"EntryPoint\",\"urlTemplate\":\"https:\\\/\\\/transportjournal.com\\\/es\\\/?s={search_term_string}\"},\"query-input\":{\"@type\":\"PropertyValueSpecification\",\"valueRequired\":true,\"valueName\":\"search_term_string\"}}],\"inLanguage\":\"es\"},{\"@type\":\"Organization\",\"@id\":\"https:\\\/\\\/transportjournal.com\\\/es\\\/#organization\",\"name\":\"Grupo Logismedia AG\",\"alternateName\":\"Logismedia Group AG\",\"url\":\"https:\\\/\\\/transportjournal.com\\\/es\\\/\",\"logo\":{\"@type\":\"ImageObject\",\"inLanguage\":\"es\",\"@id\":\"https:\\\/\\\/transportjournal.com\\\/es\\\/#\\\/schema\\\/logo\\\/image\\\/\",\"url\":\"https:\\\/\\\/transportjournal.com\\\/wp-content\\\/uploads\\\/sites\\\/2\\\/2025\\\/09\\\/Logo_ITJ.png\",\"contentUrl\":\"https:\\\/\\\/transportjournal.com\\\/wp-content\\\/uploads\\\/sites\\\/2\\\/2025\\\/09\\\/Logo_ITJ.png\",\"width\":799,\"height\":326,\"caption\":\"Grupo Logismedia AG\"},\"image\":{\"@id\":\"https:\\\/\\\/transportjournal.com\\\/es\\\/#\\\/schema\\\/logo\\\/image\\\/\"},\"sameAs\":[\"https:\\\/\\\/www.linkedin.com\\\/company\\\/56456496\\\/admin\\\/dashboard\\\/\",\"https:\\\/\\\/www.instagram.com\\\/logismediagroup\\\/\",\"https:\\\/\\\/www.youtube.com\\\/@LogiamediaGroupAG\"]},{\"@type\":\"Person\",\"@id\":\"https:\\\/\\\/transportjournal.com\\\/es\\\/#\\\/schema\\\/person\\\/cf538b3157f15afd7589245a4b3dbd25\",\"name\":\"Andreas Haug\",\"url\":\"https:\\\/\\\/transportjournal.com\\\/es\\\/author\\\/andreas\\\/\"}]}<\/script>\n<!-- \/ Yoast SEO plugin. -->","yoast_head_json":{"title":"Nuevo servicio de carga a\u00e9rea a Europa - ITJ | International Transport Journal","robots":{"index":"index","follow":"follow","max-snippet":"max-snippet:-1","max-image-preview":"max-image-preview:large","max-video-preview":"max-video-preview:-1"},"canonical":"https:\/\/transportjournal.com\/es\/2026\/01\/26\/nuevo-servicio-de-carga-aerea-a-europa\/","og_locale":"es_ES","og_type":"article","og_title":"Nuevo servicio de carga a\u00e9rea a Europa - ITJ | International Transport Journal","og_description":"DP World y la Zona Franca de Punta Cana han lanzado un nuevo servicio de carga a\u00e9rea hacia Europa para fortalecer la log\u00edstica de la Rep\u00fablica Dominicana","og_url":"https:\/\/transportjournal.com\/es\/2026\/01\/26\/nuevo-servicio-de-carga-aerea-a-europa\/","og_site_name":"ITJ | International Transport Journal","article_published_time":"2026-01-26T10:02:57+00:00","article_modified_time":"2026-01-26T13:09:26+00:00","og_image":[{"width":2560,"height":1441,"url":"https:\/\/transportjournal.com\/wp-content\/uploads\/sites\/2\/2026\/01\/DP-Woerld-movimiento-de-carga-tras-la-llegada-del-carguero-a-las-insta-scaled-aspect-ratio-1400-788-scaled-1.jpg","type":"image\/jpeg"}],"author":"Andreas Haug","twitter_card":"summary_large_image","twitter_misc":{"Escrito por":"Andreas Haug","Tiempo de lectura":"2 minuto"},"schema":{"@context":"https:\/\/schema.org","@graph":[{"@type":"Article","@id":"https:\/\/transportjournal.com\/es\/2026\/01\/26\/nuevo-servicio-de-carga-aerea-a-europa\/#article","isPartOf":{"@id":"https:\/\/transportjournal.com\/es\/2026\/01\/26\/nuevo-servicio-de-carga-aerea-a-europa\/"},"author":{"name":"Andreas Haug","@id":"https:\/\/transportjournal.com\/es\/#\/schema\/person\/cf538b3157f15afd7589245a4b3dbd25"},"headline":"Nuevo servicio de carga a\u00e9rea a Europa","datePublished":"2026-01-26T10:02:57+00:00","dateModified":"2026-01-26T13:09:26+00:00","mainEntityOfPage":{"@id":"https:\/\/transportjournal.com\/es\/2026\/01\/26\/nuevo-servicio-de-carga-aerea-a-europa\/"},"wordCount":491,"commentCount":0,"publisher":{"@id":"https:\/\/transportjournal.com\/es\/#organization"},"image":{"@id":"https:\/\/transportjournal.com\/es\/2026\/01\/26\/nuevo-servicio-de-carga-aerea-a-europa\/#primaryimage"},"thumbnailUrl":"https:\/\/transportjournal.com\/wp-content\/uploads\/sites\/2\/2026\/01\/DP-Woerld-movimiento-de-carga-tras-la-llegada-del-carguero-a-las-insta-scaled-aspect-ratio-1400-788-scaled-1.jpg","keywords":["air freight service 2024","avions cargo","cargaison sensible \u00e0 la temp\u00e9rature","cargo aircraft","centre de fret a\u00e9rien de Punta Cana","cold storage for cargo","connexions commerciales Europe","Deutsch Luftfracht","DP World","export markets Europe","Exportm\u00e4rkte Europa","Frachtflugzeuge","Frachtservice Kanada","freight service Canada","fret a\u00e9rien Am\u00e9rique du Sud","fret a\u00e9rien international","Handelsverbindungen Europa","infrastructure for air freight","infrastructure pour fret a\u00e9rien","Infrastruktur f\u00fcr Luftfracht","international air freight","internationale Luftfracht","K\u00fchlraum f\u00fcr Fracht","logistics Dominican Republic","logistics service providers","Logistik Dominikanische Republik","Logistikdienstleister","logistique R\u00e9publique dominicaine","Luftfrachtservice 2024","Luftfrachtzentrum Punta Cana","marchandises sensibles au temps","march\u00e9s d'exportation Europe","nachhaltiger Luftfrachtverkehr","optimisation du fret en transit","optimizing transit cargo","pharmaceuticals transport","Pharmazeutika Transport","prestataires de services logistiques","Punta Cana","Punta Cana air freight center","service de fret a\u00e9rien 2024","service de fret Canada","South America air freight","stockage frigorifique pour fret","S\u00fcdamerika Luftfracht","sustainable air freight traffic","temperature-sensitive cargo","temperaturempfindliche Fracht","time-sensitive goods Fran\u00e7ais Fret a\u00e9rien","trade connections Europe","trafic de fret a\u00e9rien durable","Transitfracht optimieren","transport de produits pharmaceutiques","zeitkritische G\u00fcter English Air freight"],"articleSection":["Am\u00e9rica","Carga a\u00e9rea","Europa"],"inLanguage":"es","potentialAction":[{"@type":"CommentAction","name":"Comment","target":["https:\/\/transportjournal.com\/es\/2026\/01\/26\/nuevo-servicio-de-carga-aerea-a-europa\/#respond"]}]},{"@type":"WebPage","@id":"https:\/\/transportjournal.com\/es\/2026\/01\/26\/nuevo-servicio-de-carga-aerea-a-europa\/","url":"https:\/\/transportjournal.com\/es\/2026\/01\/26\/nuevo-servicio-de-carga-aerea-a-europa\/","name":"Nuevo servicio de carga a\u00e9rea a Europa - ITJ | International Transport Journal","isPartOf":{"@id":"https:\/\/transportjournal.com\/es\/#website"},"primaryImageOfPage":{"@id":"https:\/\/transportjournal.com\/es\/2026\/01\/26\/nuevo-servicio-de-carga-aerea-a-europa\/#primaryimage"},"image":{"@id":"https:\/\/transportjournal.com\/es\/2026\/01\/26\/nuevo-servicio-de-carga-aerea-a-europa\/#primaryimage"},"thumbnailUrl":"https:\/\/transportjournal.com\/wp-content\/uploads\/sites\/2\/2026\/01\/DP-Woerld-movimiento-de-carga-tras-la-llegada-del-carguero-a-las-insta-scaled-aspect-ratio-1400-788-scaled-1.jpg","datePublished":"2026-01-26T10:02:57+00:00","dateModified":"2026-01-26T13:09:26+00:00","breadcrumb":{"@id":"https:\/\/transportjournal.com\/es\/2026\/01\/26\/nuevo-servicio-de-carga-aerea-a-europa\/#breadcrumb"},"inLanguage":"es","potentialAction":[{"@type":"ReadAction","target":["https:\/\/transportjournal.com\/es\/2026\/01\/26\/nuevo-servicio-de-carga-aerea-a-europa\/"]}]},{"@type":"ImageObject","inLanguage":"es","@id":"https:\/\/transportjournal.com\/es\/2026\/01\/26\/nuevo-servicio-de-carga-aerea-a-europa\/#primaryimage","url":"https:\/\/transportjournal.com\/wp-content\/uploads\/sites\/2\/2026\/01\/DP-Woerld-movimiento-de-carga-tras-la-llegada-del-carguero-a-las-insta-scaled-aspect-ratio-1400-788-scaled-1.jpg","contentUrl":"https:\/\/transportjournal.com\/wp-content\/uploads\/sites\/2\/2026\/01\/DP-Woerld-movimiento-de-carga-tras-la-llegada-del-carguero-a-las-insta-scaled-aspect-ratio-1400-788-scaled-1.jpg","width":2560,"height":1441},{"@type":"BreadcrumbList","@id":"https:\/\/transportjournal.com\/es\/2026\/01\/26\/nuevo-servicio-de-carga-aerea-a-europa\/#breadcrumb","itemListElement":[{"@type":"ListItem","position":1,"name":"Startseite","item":"https:\/\/transportjournal.com\/es\/"},{"@type":"ListItem","position":2,"name":"Nuevo servicio de carga a\u00e9rea a Europa"}]},{"@type":"WebSite","@id":"https:\/\/transportjournal.com\/es\/#website","url":"https:\/\/transportjournal.com\/es\/","name":"ITJ | International Transport Journal","description":"Stay informed with the latest global news from the transport, logistics, and supply chain industries. Transport Journal delivers expert insights, analysis, and updates across shipping, aviation, intermodal, and forwarding.","publisher":{"@id":"https:\/\/transportjournal.com\/es\/#organization"},"potentialAction":[{"@type":"SearchAction","target":{"@type":"EntryPoint","urlTemplate":"https:\/\/transportjournal.com\/es\/?s={search_term_string}"},"query-input":{"@type":"PropertyValueSpecification","valueRequired":true,"valueName":"search_term_string"}}],"inLanguage":"es"},{"@type":"Organization","@id":"https:\/\/transportjournal.com\/es\/#organization","name":"Grupo Logismedia AG","alternateName":"Logismedia Group AG","url":"https:\/\/transportjournal.com\/es\/","logo":{"@type":"ImageObject","inLanguage":"es","@id":"https:\/\/transportjournal.com\/es\/#\/schema\/logo\/image\/","url":"https:\/\/transportjournal.com\/wp-content\/uploads\/sites\/2\/2025\/09\/Logo_ITJ.png","contentUrl":"https:\/\/transportjournal.com\/wp-content\/uploads\/sites\/2\/2025\/09\/Logo_ITJ.png","width":799,"height":326,"caption":"Grupo Logismedia AG"},"image":{"@id":"https:\/\/transportjournal.com\/es\/#\/schema\/logo\/image\/"},"sameAs":["https:\/\/www.linkedin.com\/company\/56456496\/admin\/dashboard\/","https:\/\/www.instagram.com\/logismediagroup\/","https:\/\/www.youtube.com\/@LogiamediaGroupAG"]},{"@type":"Person","@id":"https:\/\/transportjournal.com\/es\/#\/schema\/person\/cf538b3157f15afd7589245a4b3dbd25","name":"Andreas Haug","url":"https:\/\/transportjournal.com\/es\/author\/andreas\/"}]}},"_links":{"self":[{"href":"https:\/\/transportjournal.com\/es\/wp-json\/wp\/v2\/posts\/74388","targetHints":{"allow":["GET"]}}],"collection":[{"href":"https:\/\/transportjournal.com\/es\/wp-json\/wp\/v2\/posts"}],"about":[{"href":"https:\/\/transportjournal.com\/es\/wp-json\/wp\/v2\/types\/post"}],"author":[{"embeddable":true,"href":"https:\/\/transportjournal.com\/es\/wp-json\/wp\/v2\/users\/12"}],"replies":[{"embeddable":true,"href":"https:\/\/transportjournal.com\/es\/wp-json\/wp\/v2\/comments?post=74388"}],"version-history":[{"count":1,"href":"https:\/\/transportjournal.com\/es\/wp-json\/wp\/v2\/posts\/74388\/revisions"}],"predecessor-version":[{"id":74395,"href":"https:\/\/transportjournal.com\/es\/wp-json\/wp\/v2\/posts\/74388\/revisions\/74395"}],"wp:featuredmedia":[{"embeddable":true,"href":"https:\/\/transportjournal.com\/es\/wp-json\/wp\/v2\/media\/74385"}],"wp:attachment":[{"href":"https:\/\/transportjournal.com\/es\/wp-json\/wp\/v2\/media?parent=74388"}],"wp:term":[{"taxonomy":"category","embeddable":true,"href":"https:\/\/transportjournal.com\/es\/wp-json\/wp\/v2\/categories?post=74388"},{"taxonomy":"post_tag","embeddable":true,"href":"https:\/\/transportjournal.com\/es\/wp-json\/wp\/v2\/tags?post=74388"}],"curies":[{"name":"wp","href":"https:\/\/api.w.org\/{rel}","templated":true}]}}