{"id":74350,"date":"2026-01-26T10:41:22","date_gmt":"2026-01-26T10:41:22","guid":{"rendered":"https:\/\/transportjournal.com\/2026\/01\/26\/ellerman-lanza-el-servicio-de-corta-distancia-baltex\/"},"modified":"2026-01-26T10:41:22","modified_gmt":"2026-01-26T10:41:22","slug":"ellerman-lanza-el-servicio-de-corta-distancia-baltex","status":"publish","type":"post","link":"https:\/\/transportjournal.com\/es\/2026\/01\/26\/ellerman-lanza-el-servicio-de-corta-distancia-baltex\/","title":{"rendered":"Ellerman lanza el servicio de corta distancia BALTEX"},"content":{"rendered":"<p>Ellerman City Liners ha lanzado un nuevo servicio de corta distancia que conecta el Mar B\u00e1ltico con el Reino Unido y la regi\u00f3n de Benelux. Este servicio, conocido como &#8222;BALTEX&#8220;, representa la primera ruta de este tipo para la empresa en la regi\u00f3n, seg\u00fan informa. El servicio BALTEX se opera en una rotaci\u00f3n semanal y atiende varios puertos. Estos incluyen Riga en Letonia, Gdynia en Polonia, Teesport y Tilbury en el Reino Unido, Rotterdam en los Pa\u00edses Bajos y Oslo en Noruega.<\/p>\n<p>Con una capacidad de 1.160 TEU por viaje, el servicio ofrece conexiones de transbordo a Espa\u00f1a y Portugal a trav\u00e9s del puerto de Tilbury. La introducci\u00f3n del servicio BALTEX ampl\u00eda la presencia de Ellerman City Liners en los estados b\u00e1lticos y busca consolidar la posici\u00f3n de la empresa en el corredor entre Rotterdam y Oslo. El servicio BALTEX es la \u00faltima adici\u00f3n al portafolio de Ellerman City Liners, que ya incluye seis servicios de corta distancia en el norte de Europa, entre ellos &#8222;iNEX 1&#8220;, &#8222;iNEX 2&#8220;, &#8222;iPEX 1 &amp; 2&#8220;, &#8222;iPEX 3&#8220; e &#8222;iBEX 1&#8220;.<\/p>\n<p><a href=\"https:\/\/ellermanlines.com\/\" target=\"_blank\" rel=\"noopener noreferrer\">www.ellermanlines.com<\/a><\/p>\n","protected":false},"excerpt":{"rendered":"<p>Ellerman City Liners ha introducido el nuevo servicio de corta distancia BALTEX, que ofrece conexiones semanales entre importantes puertos del B\u00e1ltico y el Reino Unido, as\u00ed como la regi\u00f3n de Benelux.<\/p>\n","protected":false},"author":10,"featured_media":74347,"comment_status":"open","ping_status":"open","sticky":false,"template":"","format":"standard","meta":{"_acf_changed":false,"footnotes":""},"categories":[1611,1607],"tags":[9288,9289,9290,9291,9292,9293,9294,9295,2115,2116,2309,9296,4117,2122,9297,9298,2123,9299,9300,2125,9301,9302,2373,2133,1831,3725,9303,9304,3157,9305,2145,9306,9307,3114,9308,9309,9310,2148,9311,9312,9313,1884,6251,9314,9315,2106,3735,9316,9317,2155,1837,9318,9319],"class_list":["post-74350","post","type-post","status-publish","format-standard","has-post-thumbnail","hentry","category-europa","category-navegacion-y-puertos","tag-benelux-region","tag-capacite-de-conteneur-1160-evp","tag-connexions-maritimes-hebdomadaires","tag-container-capacity-1160-teu","tag-containerkapazitaet-1160-teu","tag-corridor-rotterdam-oslo","tag-deep-sea-ports","tag-deutsch-baltex","tag-digitalisierung-in-der-logistik","tag-digitalization-in-logistics","tag-durabilite-dans-le-transport","tag-ellerman-city-liners","tag-europe-du-nord","tag-fachkraeftemangel-logistik","tag-gdynia-hafen","tag-gdynia-port","tag-gestion-de-la-chaine-dapprovisionnement","tag-hafenbetrieb-ostsee","tag-hochsee-haefen","tag-industrie-du-transport","tag-korridor-rotterdam-oslo","tag-kurzstreckendienst-ostsee","tag-labor-shortage-logistics","tag-logistics-service-providers","tag-logistikdienstleister","tag-nachhaltigkeit-im-transport","tag-nordeuropa-english-baltex","tag-northern-europe-francais-baltex","tag-numerisation-dans-la-logistique","tag-operations-portuaires-mer-baltique","tag-penurie-de-main-doeuvre-logistique","tag-port-de-gdynia","tag-port-de-riga","tag-port-de-rotterdam","tag-port-de-teesport","tag-port-operations-baltic-sea","tag-ports-en-haute-mer","tag-prestataires-de-services-logistiques","tag-region-benelux","tag-riga-hafen","tag-riga-port","tag-rotterdam-hafen","tag-rotterdam-port","tag-service-de-courte-distance-mer-baltique","tag-short-sea-service-baltic-sea","tag-supply-chain-management","tag-sustainability-in-transport","tag-teesport-hafen","tag-teesport-port","tag-transport-industry","tag-transportwirtschaft","tag-weekly-shipping-connections","tag-woechentliche-schiffsverbindungen"],"acf":[],"yoast_head":"<!-- This site is optimized with the Yoast SEO plugin v27.3 - https:\/\/yoast.com\/product\/yoast-seo-wordpress\/ -->\n<title>Ellerman lanza el servicio de corta distancia BALTEX - ITJ | International Transport Journal<\/title>\n<meta name=\"robots\" content=\"index, follow, max-snippet:-1, max-image-preview:large, max-video-preview:-1\" \/>\n<link rel=\"canonical\" href=\"https:\/\/transportjournal.com\/es\/2026\/01\/26\/ellerman-lanza-el-servicio-de-corta-distancia-baltex\/\" \/>\n<meta property=\"og:locale\" content=\"es_ES\" \/>\n<meta property=\"og:type\" content=\"article\" \/>\n<meta property=\"og:title\" content=\"Ellerman lanza el servicio de corta distancia BALTEX - ITJ | International Transport Journal\" \/>\n<meta property=\"og:description\" content=\"Ellerman City Liners ha introducido el nuevo servicio de corta distancia BALTEX, que ofrece conexiones semanales entre importantes puertos del B\u00e1ltico y el Reino Unido, as\u00ed como la regi\u00f3n de Benelux.\" \/>\n<meta property=\"og:url\" content=\"https:\/\/transportjournal.com\/es\/2026\/01\/26\/ellerman-lanza-el-servicio-de-corta-distancia-baltex\/\" \/>\n<meta property=\"og:site_name\" content=\"ITJ | International Transport Journal\" \/>\n<meta property=\"article:published_time\" content=\"2026-01-26T10:41:22+00:00\" \/>\n<meta property=\"og:image\" content=\"https:\/\/transportjournal.com\/wp-content\/uploads\/sites\/2\/2026\/01\/AdobeStock_484795278-4-scaled-aspect-ratio-1400-788-scaled-1.jpeg\" \/>\n\t<meta property=\"og:image:width\" content=\"2560\" \/>\n\t<meta property=\"og:image:height\" content=\"1441\" \/>\n\t<meta property=\"og:image:type\" content=\"image\/jpeg\" \/>\n<meta name=\"author\" content=\"Jeremy Soland\" \/>\n<meta name=\"twitter:card\" content=\"summary_large_image\" \/>\n<meta name=\"twitter:label1\" content=\"Escrito por\" \/>\n\t<meta name=\"twitter:data1\" content=\"Jeremy Soland\" \/>\n\t<meta name=\"twitter:label2\" content=\"Tiempo de lectura\" \/>\n\t<meta name=\"twitter:data2\" content=\"1 minuto\" \/>\n<script type=\"application\/ld+json\" class=\"yoast-schema-graph\">{\"@context\":\"https:\\\/\\\/schema.org\",\"@graph\":[{\"@type\":\"Article\",\"@id\":\"https:\\\/\\\/transportjournal.com\\\/es\\\/2026\\\/01\\\/26\\\/ellerman-lanza-el-servicio-de-corta-distancia-baltex\\\/#article\",\"isPartOf\":{\"@id\":\"https:\\\/\\\/transportjournal.com\\\/es\\\/2026\\\/01\\\/26\\\/ellerman-lanza-el-servicio-de-corta-distancia-baltex\\\/\"},\"author\":{\"name\":\"Jeremy Soland\",\"@id\":\"https:\\\/\\\/transportjournal.com\\\/es\\\/#\\\/schema\\\/person\\\/41d36b5474b623392fa613e97e2363fa\"},\"headline\":\"Ellerman lanza el servicio de corta distancia BALTEX\",\"datePublished\":\"2026-01-26T10:41:22+00:00\",\"mainEntityOfPage\":{\"@id\":\"https:\\\/\\\/transportjournal.com\\\/es\\\/2026\\\/01\\\/26\\\/ellerman-lanza-el-servicio-de-corta-distancia-baltex\\\/\"},\"wordCount\":195,\"commentCount\":0,\"publisher\":{\"@id\":\"https:\\\/\\\/transportjournal.com\\\/es\\\/#organization\"},\"image\":{\"@id\":\"https:\\\/\\\/transportjournal.com\\\/es\\\/2026\\\/01\\\/26\\\/ellerman-lanza-el-servicio-de-corta-distancia-baltex\\\/#primaryimage\"},\"thumbnailUrl\":\"https:\\\/\\\/transportjournal.com\\\/wp-content\\\/uploads\\\/sites\\\/2\\\/2026\\\/01\\\/AdobeStock_484795278-4-scaled-aspect-ratio-1400-788-scaled-1.jpeg\",\"keywords\":[\"Benelux-Region\",\"capacit\u00e9 de conteneur 1160 EVP\",\"connexions maritimes hebdomadaires\",\"container capacity 1160 TEU\",\"Containerkapazit\u00e4t 1160 TEU\",\"corridor Rotterdam Oslo\",\"deep-sea ports\",\"Deutsch BALTEX\",\"Digitalisierung in der Logistik\",\"digitalization in logistics\",\"durabilit\u00e9 dans le transport\",\"Ellerman City Liners\",\"Europe du Nord\",\"Fachkr\u00e4ftemangel Logistik\",\"Gdynia Hafen\",\"Gdynia port\",\"gestion de la cha\u00eene d'approvisionnement\",\"Hafenbetrieb Ostsee\",\"Hochsee-H\u00e4fen\",\"industrie du transport\",\"Korridor Rotterdam Oslo\",\"Kurzstreckendienst Ostsee\",\"labor shortage logistics\",\"logistics service providers\",\"Logistikdienstleister\",\"Nachhaltigkeit im Transport\",\"Nordeuropa English BALTEX\",\"Northern Europe Fran\u00e7ais BALTEX\",\"num\u00e9risation dans la logistique\",\"op\u00e9rations portuaires mer Baltique\",\"p\u00e9nurie de main-d'\u0153uvre logistique\",\"port de Gdynia\",\"port de Riga\",\"port de Rotterdam\",\"port de Teesport\",\"port operations Baltic Sea\",\"ports en haute mer\",\"prestataires de services logistiques\",\"r\u00e9gion Benelux\",\"Riga Hafen\",\"Riga port\",\"Rotterdam Hafen\",\"Rotterdam port\",\"service de courte distance mer Baltique\",\"short sea service Baltic Sea\",\"Supply Chain Management\",\"sustainability in transport\",\"Teesport Hafen\",\"Teesport port\",\"transport industry\",\"Transportwirtschaft\",\"weekly shipping connections\",\"w\u00f6chentliche Schiffsverbindungen\"],\"articleSection\":[\"Europa\",\"Navegaci\u00f3n y puertos\"],\"inLanguage\":\"es\",\"potentialAction\":[{\"@type\":\"CommentAction\",\"name\":\"Comment\",\"target\":[\"https:\\\/\\\/transportjournal.com\\\/es\\\/2026\\\/01\\\/26\\\/ellerman-lanza-el-servicio-de-corta-distancia-baltex\\\/#respond\"]}]},{\"@type\":\"WebPage\",\"@id\":\"https:\\\/\\\/transportjournal.com\\\/es\\\/2026\\\/01\\\/26\\\/ellerman-lanza-el-servicio-de-corta-distancia-baltex\\\/\",\"url\":\"https:\\\/\\\/transportjournal.com\\\/es\\\/2026\\\/01\\\/26\\\/ellerman-lanza-el-servicio-de-corta-distancia-baltex\\\/\",\"name\":\"Ellerman lanza el servicio de corta distancia BALTEX - ITJ | International Transport Journal\",\"isPartOf\":{\"@id\":\"https:\\\/\\\/transportjournal.com\\\/es\\\/#website\"},\"primaryImageOfPage\":{\"@id\":\"https:\\\/\\\/transportjournal.com\\\/es\\\/2026\\\/01\\\/26\\\/ellerman-lanza-el-servicio-de-corta-distancia-baltex\\\/#primaryimage\"},\"image\":{\"@id\":\"https:\\\/\\\/transportjournal.com\\\/es\\\/2026\\\/01\\\/26\\\/ellerman-lanza-el-servicio-de-corta-distancia-baltex\\\/#primaryimage\"},\"thumbnailUrl\":\"https:\\\/\\\/transportjournal.com\\\/wp-content\\\/uploads\\\/sites\\\/2\\\/2026\\\/01\\\/AdobeStock_484795278-4-scaled-aspect-ratio-1400-788-scaled-1.jpeg\",\"datePublished\":\"2026-01-26T10:41:22+00:00\",\"breadcrumb\":{\"@id\":\"https:\\\/\\\/transportjournal.com\\\/es\\\/2026\\\/01\\\/26\\\/ellerman-lanza-el-servicio-de-corta-distancia-baltex\\\/#breadcrumb\"},\"inLanguage\":\"es\",\"potentialAction\":[{\"@type\":\"ReadAction\",\"target\":[\"https:\\\/\\\/transportjournal.com\\\/es\\\/2026\\\/01\\\/26\\\/ellerman-lanza-el-servicio-de-corta-distancia-baltex\\\/\"]}]},{\"@type\":\"ImageObject\",\"inLanguage\":\"es\",\"@id\":\"https:\\\/\\\/transportjournal.com\\\/es\\\/2026\\\/01\\\/26\\\/ellerman-lanza-el-servicio-de-corta-distancia-baltex\\\/#primaryimage\",\"url\":\"https:\\\/\\\/transportjournal.com\\\/wp-content\\\/uploads\\\/sites\\\/2\\\/2026\\\/01\\\/AdobeStock_484795278-4-scaled-aspect-ratio-1400-788-scaled-1.jpeg\",\"contentUrl\":\"https:\\\/\\\/transportjournal.com\\\/wp-content\\\/uploads\\\/sites\\\/2\\\/2026\\\/01\\\/AdobeStock_484795278-4-scaled-aspect-ratio-1400-788-scaled-1.jpeg\",\"width\":2560,\"height\":1441},{\"@type\":\"BreadcrumbList\",\"@id\":\"https:\\\/\\\/transportjournal.com\\\/es\\\/2026\\\/01\\\/26\\\/ellerman-lanza-el-servicio-de-corta-distancia-baltex\\\/#breadcrumb\",\"itemListElement\":[{\"@type\":\"ListItem\",\"position\":1,\"name\":\"Startseite\",\"item\":\"https:\\\/\\\/transportjournal.com\\\/es\\\/\"},{\"@type\":\"ListItem\",\"position\":2,\"name\":\"Ellerman lanza el servicio de corta distancia BALTEX\"}]},{\"@type\":\"WebSite\",\"@id\":\"https:\\\/\\\/transportjournal.com\\\/es\\\/#website\",\"url\":\"https:\\\/\\\/transportjournal.com\\\/es\\\/\",\"name\":\"ITJ | International Transport Journal\",\"description\":\"Stay informed with the latest global news from the transport, logistics, and supply chain industries. Transport Journal delivers expert insights, analysis, and updates across shipping, aviation, intermodal, and forwarding.\",\"publisher\":{\"@id\":\"https:\\\/\\\/transportjournal.com\\\/es\\\/#organization\"},\"potentialAction\":[{\"@type\":\"SearchAction\",\"target\":{\"@type\":\"EntryPoint\",\"urlTemplate\":\"https:\\\/\\\/transportjournal.com\\\/es\\\/?s={search_term_string}\"},\"query-input\":{\"@type\":\"PropertyValueSpecification\",\"valueRequired\":true,\"valueName\":\"search_term_string\"}}],\"inLanguage\":\"es\"},{\"@type\":\"Organization\",\"@id\":\"https:\\\/\\\/transportjournal.com\\\/es\\\/#organization\",\"name\":\"Grupo Logismedia AG\",\"alternateName\":\"Logismedia Group AG\",\"url\":\"https:\\\/\\\/transportjournal.com\\\/es\\\/\",\"logo\":{\"@type\":\"ImageObject\",\"inLanguage\":\"es\",\"@id\":\"https:\\\/\\\/transportjournal.com\\\/es\\\/#\\\/schema\\\/logo\\\/image\\\/\",\"url\":\"https:\\\/\\\/transportjournal.com\\\/wp-content\\\/uploads\\\/sites\\\/2\\\/2025\\\/09\\\/Logo_ITJ.png\",\"contentUrl\":\"https:\\\/\\\/transportjournal.com\\\/wp-content\\\/uploads\\\/sites\\\/2\\\/2025\\\/09\\\/Logo_ITJ.png\",\"width\":799,\"height\":326,\"caption\":\"Grupo Logismedia AG\"},\"image\":{\"@id\":\"https:\\\/\\\/transportjournal.com\\\/es\\\/#\\\/schema\\\/logo\\\/image\\\/\"},\"sameAs\":[\"https:\\\/\\\/www.linkedin.com\\\/company\\\/56456496\\\/admin\\\/dashboard\\\/\",\"https:\\\/\\\/www.instagram.com\\\/logismediagroup\\\/\",\"https:\\\/\\\/www.youtube.com\\\/@LogiamediaGroupAG\"]},{\"@type\":\"Person\",\"@id\":\"https:\\\/\\\/transportjournal.com\\\/es\\\/#\\\/schema\\\/person\\\/41d36b5474b623392fa613e97e2363fa\",\"name\":\"Jeremy Soland\",\"url\":\"https:\\\/\\\/transportjournal.com\\\/es\\\/author\\\/jeremy\\\/\"}]}<\/script>\n<!-- \/ Yoast SEO plugin. -->","yoast_head_json":{"title":"Ellerman lanza el servicio de corta distancia BALTEX - ITJ | International Transport Journal","robots":{"index":"index","follow":"follow","max-snippet":"max-snippet:-1","max-image-preview":"max-image-preview:large","max-video-preview":"max-video-preview:-1"},"canonical":"https:\/\/transportjournal.com\/es\/2026\/01\/26\/ellerman-lanza-el-servicio-de-corta-distancia-baltex\/","og_locale":"es_ES","og_type":"article","og_title":"Ellerman lanza el servicio de corta distancia BALTEX - ITJ | International Transport Journal","og_description":"Ellerman City Liners ha introducido el nuevo servicio de corta distancia BALTEX, que ofrece conexiones semanales entre importantes puertos del B\u00e1ltico y el Reino Unido, as\u00ed como la regi\u00f3n de Benelux.","og_url":"https:\/\/transportjournal.com\/es\/2026\/01\/26\/ellerman-lanza-el-servicio-de-corta-distancia-baltex\/","og_site_name":"ITJ | International Transport Journal","article_published_time":"2026-01-26T10:41:22+00:00","og_image":[{"width":2560,"height":1441,"url":"https:\/\/transportjournal.com\/wp-content\/uploads\/sites\/2\/2026\/01\/AdobeStock_484795278-4-scaled-aspect-ratio-1400-788-scaled-1.jpeg","type":"image\/jpeg"}],"author":"Jeremy Soland","twitter_card":"summary_large_image","twitter_misc":{"Escrito por":"Jeremy Soland","Tiempo de lectura":"1 minuto"},"schema":{"@context":"https:\/\/schema.org","@graph":[{"@type":"Article","@id":"https:\/\/transportjournal.com\/es\/2026\/01\/26\/ellerman-lanza-el-servicio-de-corta-distancia-baltex\/#article","isPartOf":{"@id":"https:\/\/transportjournal.com\/es\/2026\/01\/26\/ellerman-lanza-el-servicio-de-corta-distancia-baltex\/"},"author":{"name":"Jeremy Soland","@id":"https:\/\/transportjournal.com\/es\/#\/schema\/person\/41d36b5474b623392fa613e97e2363fa"},"headline":"Ellerman lanza el servicio de corta distancia BALTEX","datePublished":"2026-01-26T10:41:22+00:00","mainEntityOfPage":{"@id":"https:\/\/transportjournal.com\/es\/2026\/01\/26\/ellerman-lanza-el-servicio-de-corta-distancia-baltex\/"},"wordCount":195,"commentCount":0,"publisher":{"@id":"https:\/\/transportjournal.com\/es\/#organization"},"image":{"@id":"https:\/\/transportjournal.com\/es\/2026\/01\/26\/ellerman-lanza-el-servicio-de-corta-distancia-baltex\/#primaryimage"},"thumbnailUrl":"https:\/\/transportjournal.com\/wp-content\/uploads\/sites\/2\/2026\/01\/AdobeStock_484795278-4-scaled-aspect-ratio-1400-788-scaled-1.jpeg","keywords":["Benelux-Region","capacit\u00e9 de conteneur 1160 EVP","connexions maritimes hebdomadaires","container capacity 1160 TEU","Containerkapazit\u00e4t 1160 TEU","corridor Rotterdam Oslo","deep-sea ports","Deutsch BALTEX","Digitalisierung in der Logistik","digitalization in logistics","durabilit\u00e9 dans le transport","Ellerman City Liners","Europe du Nord","Fachkr\u00e4ftemangel Logistik","Gdynia Hafen","Gdynia port","gestion de la cha\u00eene d'approvisionnement","Hafenbetrieb Ostsee","Hochsee-H\u00e4fen","industrie du transport","Korridor Rotterdam Oslo","Kurzstreckendienst Ostsee","labor shortage logistics","logistics service providers","Logistikdienstleister","Nachhaltigkeit im Transport","Nordeuropa English BALTEX","Northern Europe Fran\u00e7ais BALTEX","num\u00e9risation dans la logistique","op\u00e9rations portuaires mer Baltique","p\u00e9nurie de main-d'\u0153uvre logistique","port de Gdynia","port de Riga","port de Rotterdam","port de Teesport","port operations Baltic Sea","ports en haute mer","prestataires de services logistiques","r\u00e9gion Benelux","Riga Hafen","Riga port","Rotterdam Hafen","Rotterdam port","service de courte distance mer Baltique","short sea service Baltic Sea","Supply Chain Management","sustainability in transport","Teesport Hafen","Teesport port","transport industry","Transportwirtschaft","weekly shipping connections","w\u00f6chentliche Schiffsverbindungen"],"articleSection":["Europa","Navegaci\u00f3n y puertos"],"inLanguage":"es","potentialAction":[{"@type":"CommentAction","name":"Comment","target":["https:\/\/transportjournal.com\/es\/2026\/01\/26\/ellerman-lanza-el-servicio-de-corta-distancia-baltex\/#respond"]}]},{"@type":"WebPage","@id":"https:\/\/transportjournal.com\/es\/2026\/01\/26\/ellerman-lanza-el-servicio-de-corta-distancia-baltex\/","url":"https:\/\/transportjournal.com\/es\/2026\/01\/26\/ellerman-lanza-el-servicio-de-corta-distancia-baltex\/","name":"Ellerman lanza el servicio de corta distancia BALTEX - ITJ | International Transport Journal","isPartOf":{"@id":"https:\/\/transportjournal.com\/es\/#website"},"primaryImageOfPage":{"@id":"https:\/\/transportjournal.com\/es\/2026\/01\/26\/ellerman-lanza-el-servicio-de-corta-distancia-baltex\/#primaryimage"},"image":{"@id":"https:\/\/transportjournal.com\/es\/2026\/01\/26\/ellerman-lanza-el-servicio-de-corta-distancia-baltex\/#primaryimage"},"thumbnailUrl":"https:\/\/transportjournal.com\/wp-content\/uploads\/sites\/2\/2026\/01\/AdobeStock_484795278-4-scaled-aspect-ratio-1400-788-scaled-1.jpeg","datePublished":"2026-01-26T10:41:22+00:00","breadcrumb":{"@id":"https:\/\/transportjournal.com\/es\/2026\/01\/26\/ellerman-lanza-el-servicio-de-corta-distancia-baltex\/#breadcrumb"},"inLanguage":"es","potentialAction":[{"@type":"ReadAction","target":["https:\/\/transportjournal.com\/es\/2026\/01\/26\/ellerman-lanza-el-servicio-de-corta-distancia-baltex\/"]}]},{"@type":"ImageObject","inLanguage":"es","@id":"https:\/\/transportjournal.com\/es\/2026\/01\/26\/ellerman-lanza-el-servicio-de-corta-distancia-baltex\/#primaryimage","url":"https:\/\/transportjournal.com\/wp-content\/uploads\/sites\/2\/2026\/01\/AdobeStock_484795278-4-scaled-aspect-ratio-1400-788-scaled-1.jpeg","contentUrl":"https:\/\/transportjournal.com\/wp-content\/uploads\/sites\/2\/2026\/01\/AdobeStock_484795278-4-scaled-aspect-ratio-1400-788-scaled-1.jpeg","width":2560,"height":1441},{"@type":"BreadcrumbList","@id":"https:\/\/transportjournal.com\/es\/2026\/01\/26\/ellerman-lanza-el-servicio-de-corta-distancia-baltex\/#breadcrumb","itemListElement":[{"@type":"ListItem","position":1,"name":"Startseite","item":"https:\/\/transportjournal.com\/es\/"},{"@type":"ListItem","position":2,"name":"Ellerman lanza el servicio de corta distancia BALTEX"}]},{"@type":"WebSite","@id":"https:\/\/transportjournal.com\/es\/#website","url":"https:\/\/transportjournal.com\/es\/","name":"ITJ | International Transport Journal","description":"Stay informed with the latest global news from the transport, logistics, and supply chain industries. Transport Journal delivers expert insights, analysis, and updates across shipping, aviation, intermodal, and forwarding.","publisher":{"@id":"https:\/\/transportjournal.com\/es\/#organization"},"potentialAction":[{"@type":"SearchAction","target":{"@type":"EntryPoint","urlTemplate":"https:\/\/transportjournal.com\/es\/?s={search_term_string}"},"query-input":{"@type":"PropertyValueSpecification","valueRequired":true,"valueName":"search_term_string"}}],"inLanguage":"es"},{"@type":"Organization","@id":"https:\/\/transportjournal.com\/es\/#organization","name":"Grupo Logismedia AG","alternateName":"Logismedia Group AG","url":"https:\/\/transportjournal.com\/es\/","logo":{"@type":"ImageObject","inLanguage":"es","@id":"https:\/\/transportjournal.com\/es\/#\/schema\/logo\/image\/","url":"https:\/\/transportjournal.com\/wp-content\/uploads\/sites\/2\/2025\/09\/Logo_ITJ.png","contentUrl":"https:\/\/transportjournal.com\/wp-content\/uploads\/sites\/2\/2025\/09\/Logo_ITJ.png","width":799,"height":326,"caption":"Grupo Logismedia AG"},"image":{"@id":"https:\/\/transportjournal.com\/es\/#\/schema\/logo\/image\/"},"sameAs":["https:\/\/www.linkedin.com\/company\/56456496\/admin\/dashboard\/","https:\/\/www.instagram.com\/logismediagroup\/","https:\/\/www.youtube.com\/@LogiamediaGroupAG"]},{"@type":"Person","@id":"https:\/\/transportjournal.com\/es\/#\/schema\/person\/41d36b5474b623392fa613e97e2363fa","name":"Jeremy Soland","url":"https:\/\/transportjournal.com\/es\/author\/jeremy\/"}]}},"_links":{"self":[{"href":"https:\/\/transportjournal.com\/es\/wp-json\/wp\/v2\/posts\/74350","targetHints":{"allow":["GET"]}}],"collection":[{"href":"https:\/\/transportjournal.com\/es\/wp-json\/wp\/v2\/posts"}],"about":[{"href":"https:\/\/transportjournal.com\/es\/wp-json\/wp\/v2\/types\/post"}],"author":[{"embeddable":true,"href":"https:\/\/transportjournal.com\/es\/wp-json\/wp\/v2\/users\/10"}],"replies":[{"embeddable":true,"href":"https:\/\/transportjournal.com\/es\/wp-json\/wp\/v2\/comments?post=74350"}],"version-history":[{"count":0,"href":"https:\/\/transportjournal.com\/es\/wp-json\/wp\/v2\/posts\/74350\/revisions"}],"wp:featuredmedia":[{"embeddable":true,"href":"https:\/\/transportjournal.com\/es\/wp-json\/wp\/v2\/media\/74347"}],"wp:attachment":[{"href":"https:\/\/transportjournal.com\/es\/wp-json\/wp\/v2\/media?parent=74350"}],"wp:term":[{"taxonomy":"category","embeddable":true,"href":"https:\/\/transportjournal.com\/es\/wp-json\/wp\/v2\/categories?post=74350"},{"taxonomy":"post_tag","embeddable":true,"href":"https:\/\/transportjournal.com\/es\/wp-json\/wp\/v2\/tags?post=74350"}],"curies":[{"name":"wp","href":"https:\/\/api.w.org\/{rel}","templated":true}]}}