{"id":74327,"date":"2026-01-26T09:52:22","date_gmt":"2026-01-26T09:52:22","guid":{"rendered":"https:\/\/transportjournal.com\/2026\/01\/26\/groupe-stef-nombra-nuevos-directores-generales\/"},"modified":"2026-01-26T09:52:22","modified_gmt":"2026-01-26T09:52:22","slug":"groupe-stef-nombra-nuevos-directores-generales","status":"publish","type":"post","link":"https:\/\/transportjournal.com\/es\/2026\/01\/26\/groupe-stef-nombra-nuevos-directores-generales\/","title":{"rendered":"Groupe STEF nombra nuevos directores generales"},"content":{"rendered":"<p>Groupe STEF ha reestructurado su direcci\u00f3n y ha nombrado a dos nuevos directores generales operativos. Esta decisi\u00f3n sigue al crecimiento de la empresa y a la expansi\u00f3n de su \u00e1mbito de actividad y presencia geogr\u00e1fica. El objetivo es adaptar la organizaci\u00f3n y la gobernanza para apoyar de manera efectiva las prioridades estrat\u00e9gicas y el desarrollo internacional de la empresa.<\/p>\n<p>Seg\u00fan un comunicado de la empresa, Damien Chapotot ha sido nombrado director general operativo para Francia, mientras que Fran\u00e7ois Pinto (foto) asumir\u00e1 el cargo de director general operativo para asuntos internacionales. Ambos estar\u00e1n directamente subordinados al presidente del consejo, Stanislas Lemor. Su nombramiento entrar\u00e1 en vigor tras la junta general del 23 de abril de 2026.<\/p>\n<p>Estos cambios tambi\u00e9n est\u00e1n relacionados con la pr\u00f3xima jubilaci\u00f3n de Marc Vettard, quien ha trabajado en la empresa durante m\u00e1s de 40 a\u00f1os, de los cuales siete a\u00f1os en la direcci\u00f3n. Vettard ha contribuido significativamente a posicionar a Groupe STEF como un actor importante en el sector europeo del transporte y la log\u00edstica. Bajo su liderazgo, la empresa ha experimentado una transformaci\u00f3n integral y ha ampliado sus actividades internacionales. Deja la empresa mientras ya ha alcanzado un objetivo de ingresos de 5 mil millones de EUR, un a\u00f1o antes de lo previsto.<\/p>\n<h3>Nueva estructura de liderazgo para apoyar el crecimiento<\/h3>\n<p>La nueva estructura de gobernanza de Groupe STEF se construir\u00e1 en torno al presidente del consejo y los dos directores generales operativos. Esta estructura tiene como objetivo abordar los diversos desaf\u00edos econ\u00f3micos, geogr\u00e1ficos y operativos de los diferentes mercados de la empresa y apoyar el desarrollo de ingresos.<\/p>\n<p>Damien Chapotot aporta casi 30 a\u00f1os de experiencia en el sector del transporte y la log\u00edstica. Ha ocupado varios puestos de liderazgo a lo largo de su carrera y, m\u00e1s recientemente, fue director general adjunto en STEF Transport. En su nuevo rol, ser\u00e1 responsable del mercado m\u00e1s grande de la empresa y se centrar\u00e1 en el desarrollo de nuevas estrategias de crecimiento y en la modernizaci\u00f3n de las operaciones.<\/p>\n<p>Fran\u00e7ois Pinto ha acumulado casi 20 a\u00f1os de experiencia en varios pa\u00edses y liderar\u00e1 la estrategia internacional de la empresa. Comenz\u00f3 su carrera en STEF en 1999 y desde entonces ha ocupado varios puestos en Francia y en el extranjero. En su nueva funci\u00f3n, se centrar\u00e1 en el crecimiento, la integraci\u00f3n de nuevas adquisiciones y la implementaci\u00f3n de la estrategia empresarial.<\/p>\n<p>Stanislas Lemor, presidente de Groupe STEF, expres\u00f3 su agradecimiento por los logros de Marc Vettard y destac\u00f3 la importancia de su visi\u00f3n estrat\u00e9gica para la empresa. Dijo que da la bienvenida a los nuevos directores generales y subray\u00f3 que su experiencia y colaboraci\u00f3n ser\u00e1n fundamentales para el desarrollo futuro de la empresa. Lemor tambi\u00e9n enfatiz\u00f3 la importancia de centrar las necesidades de los clientes y empleados en la estrategia empresarial.<\/p>\n<p>&nbsp;<\/p>\n<p><a href=\"https:\/\/www.stef.com\/\" target=\"_blank\" rel=\"noopener noreferrer\">www.stef.com<\/a><\/p>\n<p>&nbsp;<\/p>\n","protected":false},"excerpt":{"rendered":"<p>Groupe STEF ha reestructurado su direcci\u00f3n empresarial y ha nombrado a Damien Chapotot y Fran\u00e7ois Pinto como directores generales operativos para fomentar el crecimiento y el desarrollo internacional.<\/p>\n","protected":false},"author":12,"featured_media":74324,"comment_status":"open","ping_status":"open","sticky":false,"template":"","format":"standard","meta":{"_acf_changed":false,"footnotes":""},"categories":[1611,1603,1605],"tags":[9203,9204,9205,2548,9206,3739,9207,2115,2116,9208,2040,9209,6097,1889,9210,2562,9211,9212,4291,3745,2075,9213,9214,9215,9216,9217,3750,2622,9218,9219,9220,9221,1800,9222,9223,9224,3157,9225,9226,3756,3757,9227,3602,2193,9228,1916,9229,2237,4305,9230,9231,2641,9232,3125,9233,9234,2157,9235],"class_list":["post-74327","post","type-post","status-publish","format-standard","has-post-thumbnail","hentry","category-europa","category-personas-y-empresas","category-expedicion-y-logistica","tag-acquisitions-dans-le-transport","tag-acquisitions-in-transport","tag-akquisitionen-im-transport","tag-corporate-governance","tag-deutsch-groupe-stef","tag-developpement-des-infrastructures","tag-developpement-des-revenus","tag-digitalisierung-in-der-logistik","tag-digitalization-in-logistics","tag-directeurs-operationnels","tag-europaeischer-markt","tag-european-market","tag-expansion-internationale","tag-fachkraeftemangel","tag-frankreich-logistik","tag-gouvernance-dentreprise","tag-governance-structure","tag-governance-struktur","tag-growth-strategy","tag-infrastructure-development","tag-infrastrukturentwicklung","tag-international-expansion-francais-groupe-stef","tag-international-strategy","tag-internationale-expansion-english-groupe-stef","tag-internationale-strategie","tag-logistics-in-france","tag-logistique-de-colis","tag-logistique-durable","tag-logistique-en-france","tag-marche-europeen","tag-market-share","tag-marktanteil","tag-nachhaltige-logistik","tag-neue-geschaeftsfuehrer","tag-new-managing-directors","tag-nouveaux-directeurs-generaux","tag-numerisation-dans-la-logistique","tag-operational-directors","tag-operative-geschaeftsfuehrer","tag-paketlogistik","tag-parcel-logistics","tag-part-de-marche","tag-penurie-de-competences","tag-rail-freight-transport","tag-revenue-development","tag-schienengueterverkehr","tag-secteur-du-transport-et-de-la-logistique","tag-skills-shortage","tag-strategie-de-croissance","tag-strategie-internationale","tag-structure-de-gouvernance","tag-sustainable-logistics","tag-transport-and-logistics-sector","tag-transport-ferroviaire-de-marchandises","tag-transport-und-logistiksektor","tag-umsatzentwicklung","tag-unternehmensfuehrung","tag-wachstumskurs"],"acf":[],"yoast_head":"<!-- This site is optimized with the Yoast SEO plugin v27.3 - https:\/\/yoast.com\/product\/yoast-seo-wordpress\/ -->\n<title>Groupe STEF nombra nuevos directores generales - ITJ | International Transport Journal<\/title>\n<meta name=\"robots\" content=\"index, follow, max-snippet:-1, max-image-preview:large, max-video-preview:-1\" \/>\n<link rel=\"canonical\" href=\"https:\/\/transportjournal.com\/es\/2026\/01\/26\/groupe-stef-nombra-nuevos-directores-generales\/\" \/>\n<meta property=\"og:locale\" content=\"es_ES\" \/>\n<meta property=\"og:type\" content=\"article\" \/>\n<meta property=\"og:title\" content=\"Groupe STEF nombra nuevos directores generales - ITJ | International Transport Journal\" \/>\n<meta property=\"og:description\" content=\"Groupe STEF ha reestructurado su direcci\u00f3n empresarial y ha nombrado a Damien Chapotot y Fran\u00e7ois Pinto como directores generales operativos para fomentar el crecimiento y el desarrollo internacional.\" \/>\n<meta property=\"og:url\" content=\"https:\/\/transportjournal.com\/es\/2026\/01\/26\/groupe-stef-nombra-nuevos-directores-generales\/\" \/>\n<meta property=\"og:site_name\" content=\"ITJ | International Transport Journal\" \/>\n<meta property=\"article:published_time\" content=\"2026-01-26T09:52:22+00:00\" \/>\n<meta property=\"og:image\" content=\"https:\/\/transportjournal.com\/wp-content\/uploads\/sites\/2\/2026\/01\/FRANCOIS-PINTO-\u00a9-OBOClandoeil.fr_.jpg-aspect-ratio-1400-788.webp\" \/>\n\t<meta property=\"og:image:width\" content=\"1755\" \/>\n\t<meta property=\"og:image:height\" content=\"988\" \/>\n\t<meta property=\"og:image:type\" content=\"image\/webp\" \/>\n<meta name=\"author\" content=\"Andreas Haug\" \/>\n<meta name=\"twitter:card\" content=\"summary_large_image\" \/>\n<meta name=\"twitter:label1\" content=\"Escrito por\" \/>\n\t<meta name=\"twitter:data1\" content=\"Andreas Haug\" \/>\n\t<meta name=\"twitter:label2\" content=\"Tiempo de lectura\" \/>\n\t<meta name=\"twitter:data2\" content=\"3 minuto\" \/>\n<script type=\"application\/ld+json\" class=\"yoast-schema-graph\">{\"@context\":\"https:\\\/\\\/schema.org\",\"@graph\":[{\"@type\":\"Article\",\"@id\":\"https:\\\/\\\/transportjournal.com\\\/es\\\/2026\\\/01\\\/26\\\/groupe-stef-nombra-nuevos-directores-generales\\\/#article\",\"isPartOf\":{\"@id\":\"https:\\\/\\\/transportjournal.com\\\/es\\\/2026\\\/01\\\/26\\\/groupe-stef-nombra-nuevos-directores-generales\\\/\"},\"author\":{\"name\":\"Andreas Haug\",\"@id\":\"https:\\\/\\\/transportjournal.com\\\/es\\\/#\\\/schema\\\/person\\\/cf538b3157f15afd7589245a4b3dbd25\"},\"headline\":\"Groupe STEF nombra nuevos directores generales\",\"datePublished\":\"2026-01-26T09:52:22+00:00\",\"mainEntityOfPage\":{\"@id\":\"https:\\\/\\\/transportjournal.com\\\/es\\\/2026\\\/01\\\/26\\\/groupe-stef-nombra-nuevos-directores-generales\\\/\"},\"wordCount\":506,\"commentCount\":0,\"publisher\":{\"@id\":\"https:\\\/\\\/transportjournal.com\\\/es\\\/#organization\"},\"image\":{\"@id\":\"https:\\\/\\\/transportjournal.com\\\/es\\\/2026\\\/01\\\/26\\\/groupe-stef-nombra-nuevos-directores-generales\\\/#primaryimage\"},\"thumbnailUrl\":\"https:\\\/\\\/transportjournal.com\\\/wp-content\\\/uploads\\\/sites\\\/2\\\/2026\\\/01\\\/FRANCOIS-PINTO-\u00a9-OBOClandoeil.fr_.jpg-aspect-ratio-1400-788.webp\",\"keywords\":[\"acquisitions dans le transport\",\"acquisitions in transport\",\"Akquisitionen im Transport\",\"corporate governance\",\"Deutsch Groupe STEF\",\"d\u00e9veloppement des infrastructures\",\"d\u00e9veloppement des revenus\",\"Digitalisierung in der Logistik\",\"digitalization in logistics\",\"directeurs op\u00e9rationnels\",\"europ\u00e4ischer Markt\",\"European market\",\"expansion internationale\",\"Fachkr\u00e4ftemangel\",\"Frankreich Logistik\",\"gouvernance d'entreprise\",\"governance structure\",\"Governance-Struktur\",\"growth strategy\",\"infrastructure development\",\"Infrastrukturentwicklung\",\"international expansion Fran\u00e7ais Groupe STEF\",\"international strategy\",\"internationale Expansion English Groupe STEF\",\"internationale Strategie\",\"logistics in France\",\"logistique de colis\",\"logistique durable\",\"logistique en France\",\"march\u00e9 europ\u00e9en\",\"market share\",\"Marktanteil\",\"nachhaltige Logistik\",\"neue Gesch\u00e4ftsf\u00fchrer\",\"new managing directors\",\"nouveaux directeurs g\u00e9n\u00e9raux\",\"num\u00e9risation dans la logistique\",\"operational directors\",\"operative Gesch\u00e4ftsf\u00fchrer\",\"Paketlogistik\",\"parcel logistics\",\"part de march\u00e9\",\"p\u00e9nurie de comp\u00e9tences\",\"rail freight transport\",\"revenue development\",\"Schieneng\u00fcterverkehr\",\"secteur du transport et de la logistique\",\"skills shortage\",\"strat\u00e9gie de croissance\",\"strat\u00e9gie internationale\",\"structure de gouvernance\",\"sustainable logistics\",\"transport and logistics sector\",\"transport ferroviaire de marchandises\",\"Transport- und Logistiksektor\",\"Umsatzentwicklung\",\"Unternehmensf\u00fchrung\",\"Wachstumskurs\"],\"articleSection\":[\"Europa\",\"Personas y empresas\",\"Transporte de mercanc\u00edas y log\u00edstica\"],\"inLanguage\":\"es\",\"potentialAction\":[{\"@type\":\"CommentAction\",\"name\":\"Comment\",\"target\":[\"https:\\\/\\\/transportjournal.com\\\/es\\\/2026\\\/01\\\/26\\\/groupe-stef-nombra-nuevos-directores-generales\\\/#respond\"]}]},{\"@type\":\"WebPage\",\"@id\":\"https:\\\/\\\/transportjournal.com\\\/es\\\/2026\\\/01\\\/26\\\/groupe-stef-nombra-nuevos-directores-generales\\\/\",\"url\":\"https:\\\/\\\/transportjournal.com\\\/es\\\/2026\\\/01\\\/26\\\/groupe-stef-nombra-nuevos-directores-generales\\\/\",\"name\":\"Groupe STEF nombra nuevos directores generales - ITJ | International Transport Journal\",\"isPartOf\":{\"@id\":\"https:\\\/\\\/transportjournal.com\\\/es\\\/#website\"},\"primaryImageOfPage\":{\"@id\":\"https:\\\/\\\/transportjournal.com\\\/es\\\/2026\\\/01\\\/26\\\/groupe-stef-nombra-nuevos-directores-generales\\\/#primaryimage\"},\"image\":{\"@id\":\"https:\\\/\\\/transportjournal.com\\\/es\\\/2026\\\/01\\\/26\\\/groupe-stef-nombra-nuevos-directores-generales\\\/#primaryimage\"},\"thumbnailUrl\":\"https:\\\/\\\/transportjournal.com\\\/wp-content\\\/uploads\\\/sites\\\/2\\\/2026\\\/01\\\/FRANCOIS-PINTO-\u00a9-OBOClandoeil.fr_.jpg-aspect-ratio-1400-788.webp\",\"datePublished\":\"2026-01-26T09:52:22+00:00\",\"breadcrumb\":{\"@id\":\"https:\\\/\\\/transportjournal.com\\\/es\\\/2026\\\/01\\\/26\\\/groupe-stef-nombra-nuevos-directores-generales\\\/#breadcrumb\"},\"inLanguage\":\"es\",\"potentialAction\":[{\"@type\":\"ReadAction\",\"target\":[\"https:\\\/\\\/transportjournal.com\\\/es\\\/2026\\\/01\\\/26\\\/groupe-stef-nombra-nuevos-directores-generales\\\/\"]}]},{\"@type\":\"ImageObject\",\"inLanguage\":\"es\",\"@id\":\"https:\\\/\\\/transportjournal.com\\\/es\\\/2026\\\/01\\\/26\\\/groupe-stef-nombra-nuevos-directores-generales\\\/#primaryimage\",\"url\":\"https:\\\/\\\/transportjournal.com\\\/wp-content\\\/uploads\\\/sites\\\/2\\\/2026\\\/01\\\/FRANCOIS-PINTO-\u00a9-OBOClandoeil.fr_.jpg-aspect-ratio-1400-788.webp\",\"contentUrl\":\"https:\\\/\\\/transportjournal.com\\\/wp-content\\\/uploads\\\/sites\\\/2\\\/2026\\\/01\\\/FRANCOIS-PINTO-\u00a9-OBOClandoeil.fr_.jpg-aspect-ratio-1400-788.webp\",\"width\":1755,\"height\":988},{\"@type\":\"BreadcrumbList\",\"@id\":\"https:\\\/\\\/transportjournal.com\\\/es\\\/2026\\\/01\\\/26\\\/groupe-stef-nombra-nuevos-directores-generales\\\/#breadcrumb\",\"itemListElement\":[{\"@type\":\"ListItem\",\"position\":1,\"name\":\"Startseite\",\"item\":\"https:\\\/\\\/transportjournal.com\\\/es\\\/\"},{\"@type\":\"ListItem\",\"position\":2,\"name\":\"Groupe STEF nombra nuevos directores generales\"}]},{\"@type\":\"WebSite\",\"@id\":\"https:\\\/\\\/transportjournal.com\\\/es\\\/#website\",\"url\":\"https:\\\/\\\/transportjournal.com\\\/es\\\/\",\"name\":\"ITJ | International Transport Journal\",\"description\":\"Stay informed with the latest global news from the transport, logistics, and supply chain industries. Transport Journal delivers expert insights, analysis, and updates across shipping, aviation, intermodal, and forwarding.\",\"publisher\":{\"@id\":\"https:\\\/\\\/transportjournal.com\\\/es\\\/#organization\"},\"potentialAction\":[{\"@type\":\"SearchAction\",\"target\":{\"@type\":\"EntryPoint\",\"urlTemplate\":\"https:\\\/\\\/transportjournal.com\\\/es\\\/?s={search_term_string}\"},\"query-input\":{\"@type\":\"PropertyValueSpecification\",\"valueRequired\":true,\"valueName\":\"search_term_string\"}}],\"inLanguage\":\"es\"},{\"@type\":\"Organization\",\"@id\":\"https:\\\/\\\/transportjournal.com\\\/es\\\/#organization\",\"name\":\"Grupo Logismedia AG\",\"alternateName\":\"Logismedia Group AG\",\"url\":\"https:\\\/\\\/transportjournal.com\\\/es\\\/\",\"logo\":{\"@type\":\"ImageObject\",\"inLanguage\":\"es\",\"@id\":\"https:\\\/\\\/transportjournal.com\\\/es\\\/#\\\/schema\\\/logo\\\/image\\\/\",\"url\":\"https:\\\/\\\/transportjournal.com\\\/wp-content\\\/uploads\\\/sites\\\/2\\\/2025\\\/09\\\/Logo_ITJ.png\",\"contentUrl\":\"https:\\\/\\\/transportjournal.com\\\/wp-content\\\/uploads\\\/sites\\\/2\\\/2025\\\/09\\\/Logo_ITJ.png\",\"width\":799,\"height\":326,\"caption\":\"Grupo Logismedia AG\"},\"image\":{\"@id\":\"https:\\\/\\\/transportjournal.com\\\/es\\\/#\\\/schema\\\/logo\\\/image\\\/\"},\"sameAs\":[\"https:\\\/\\\/www.linkedin.com\\\/company\\\/56456496\\\/admin\\\/dashboard\\\/\",\"https:\\\/\\\/www.instagram.com\\\/logismediagroup\\\/\",\"https:\\\/\\\/www.youtube.com\\\/@LogiamediaGroupAG\"]},{\"@type\":\"Person\",\"@id\":\"https:\\\/\\\/transportjournal.com\\\/es\\\/#\\\/schema\\\/person\\\/cf538b3157f15afd7589245a4b3dbd25\",\"name\":\"Andreas Haug\",\"url\":\"https:\\\/\\\/transportjournal.com\\\/es\\\/author\\\/andreas\\\/\"}]}<\/script>\n<!-- \/ Yoast SEO plugin. -->","yoast_head_json":{"title":"Groupe STEF nombra nuevos directores generales - ITJ | International Transport Journal","robots":{"index":"index","follow":"follow","max-snippet":"max-snippet:-1","max-image-preview":"max-image-preview:large","max-video-preview":"max-video-preview:-1"},"canonical":"https:\/\/transportjournal.com\/es\/2026\/01\/26\/groupe-stef-nombra-nuevos-directores-generales\/","og_locale":"es_ES","og_type":"article","og_title":"Groupe STEF nombra nuevos directores generales - ITJ | International Transport Journal","og_description":"Groupe STEF ha reestructurado su direcci\u00f3n empresarial y ha nombrado a Damien Chapotot y Fran\u00e7ois Pinto como directores generales operativos para fomentar el crecimiento y el desarrollo internacional.","og_url":"https:\/\/transportjournal.com\/es\/2026\/01\/26\/groupe-stef-nombra-nuevos-directores-generales\/","og_site_name":"ITJ | International Transport Journal","article_published_time":"2026-01-26T09:52:22+00:00","og_image":[{"width":1755,"height":988,"url":"https:\/\/transportjournal.com\/wp-content\/uploads\/sites\/2\/2026\/01\/FRANCOIS-PINTO-\u00a9-OBOClandoeil.fr_.jpg-aspect-ratio-1400-788.webp","type":"image\/webp"}],"author":"Andreas Haug","twitter_card":"summary_large_image","twitter_misc":{"Escrito por":"Andreas Haug","Tiempo de lectura":"3 minuto"},"schema":{"@context":"https:\/\/schema.org","@graph":[{"@type":"Article","@id":"https:\/\/transportjournal.com\/es\/2026\/01\/26\/groupe-stef-nombra-nuevos-directores-generales\/#article","isPartOf":{"@id":"https:\/\/transportjournal.com\/es\/2026\/01\/26\/groupe-stef-nombra-nuevos-directores-generales\/"},"author":{"name":"Andreas Haug","@id":"https:\/\/transportjournal.com\/es\/#\/schema\/person\/cf538b3157f15afd7589245a4b3dbd25"},"headline":"Groupe STEF nombra nuevos directores generales","datePublished":"2026-01-26T09:52:22+00:00","mainEntityOfPage":{"@id":"https:\/\/transportjournal.com\/es\/2026\/01\/26\/groupe-stef-nombra-nuevos-directores-generales\/"},"wordCount":506,"commentCount":0,"publisher":{"@id":"https:\/\/transportjournal.com\/es\/#organization"},"image":{"@id":"https:\/\/transportjournal.com\/es\/2026\/01\/26\/groupe-stef-nombra-nuevos-directores-generales\/#primaryimage"},"thumbnailUrl":"https:\/\/transportjournal.com\/wp-content\/uploads\/sites\/2\/2026\/01\/FRANCOIS-PINTO-\u00a9-OBOClandoeil.fr_.jpg-aspect-ratio-1400-788.webp","keywords":["acquisitions dans le transport","acquisitions in transport","Akquisitionen im Transport","corporate governance","Deutsch Groupe STEF","d\u00e9veloppement des infrastructures","d\u00e9veloppement des revenus","Digitalisierung in der Logistik","digitalization in logistics","directeurs op\u00e9rationnels","europ\u00e4ischer Markt","European market","expansion internationale","Fachkr\u00e4ftemangel","Frankreich Logistik","gouvernance d'entreprise","governance structure","Governance-Struktur","growth strategy","infrastructure development","Infrastrukturentwicklung","international expansion Fran\u00e7ais Groupe STEF","international strategy","internationale Expansion English Groupe STEF","internationale Strategie","logistics in France","logistique de colis","logistique durable","logistique en France","march\u00e9 europ\u00e9en","market share","Marktanteil","nachhaltige Logistik","neue Gesch\u00e4ftsf\u00fchrer","new managing directors","nouveaux directeurs g\u00e9n\u00e9raux","num\u00e9risation dans la logistique","operational directors","operative Gesch\u00e4ftsf\u00fchrer","Paketlogistik","parcel logistics","part de march\u00e9","p\u00e9nurie de comp\u00e9tences","rail freight transport","revenue development","Schieneng\u00fcterverkehr","secteur du transport et de la logistique","skills shortage","strat\u00e9gie de croissance","strat\u00e9gie internationale","structure de gouvernance","sustainable logistics","transport and logistics sector","transport ferroviaire de marchandises","Transport- und Logistiksektor","Umsatzentwicklung","Unternehmensf\u00fchrung","Wachstumskurs"],"articleSection":["Europa","Personas y empresas","Transporte de mercanc\u00edas y log\u00edstica"],"inLanguage":"es","potentialAction":[{"@type":"CommentAction","name":"Comment","target":["https:\/\/transportjournal.com\/es\/2026\/01\/26\/groupe-stef-nombra-nuevos-directores-generales\/#respond"]}]},{"@type":"WebPage","@id":"https:\/\/transportjournal.com\/es\/2026\/01\/26\/groupe-stef-nombra-nuevos-directores-generales\/","url":"https:\/\/transportjournal.com\/es\/2026\/01\/26\/groupe-stef-nombra-nuevos-directores-generales\/","name":"Groupe STEF nombra nuevos directores generales - ITJ | International Transport Journal","isPartOf":{"@id":"https:\/\/transportjournal.com\/es\/#website"},"primaryImageOfPage":{"@id":"https:\/\/transportjournal.com\/es\/2026\/01\/26\/groupe-stef-nombra-nuevos-directores-generales\/#primaryimage"},"image":{"@id":"https:\/\/transportjournal.com\/es\/2026\/01\/26\/groupe-stef-nombra-nuevos-directores-generales\/#primaryimage"},"thumbnailUrl":"https:\/\/transportjournal.com\/wp-content\/uploads\/sites\/2\/2026\/01\/FRANCOIS-PINTO-\u00a9-OBOClandoeil.fr_.jpg-aspect-ratio-1400-788.webp","datePublished":"2026-01-26T09:52:22+00:00","breadcrumb":{"@id":"https:\/\/transportjournal.com\/es\/2026\/01\/26\/groupe-stef-nombra-nuevos-directores-generales\/#breadcrumb"},"inLanguage":"es","potentialAction":[{"@type":"ReadAction","target":["https:\/\/transportjournal.com\/es\/2026\/01\/26\/groupe-stef-nombra-nuevos-directores-generales\/"]}]},{"@type":"ImageObject","inLanguage":"es","@id":"https:\/\/transportjournal.com\/es\/2026\/01\/26\/groupe-stef-nombra-nuevos-directores-generales\/#primaryimage","url":"https:\/\/transportjournal.com\/wp-content\/uploads\/sites\/2\/2026\/01\/FRANCOIS-PINTO-\u00a9-OBOClandoeil.fr_.jpg-aspect-ratio-1400-788.webp","contentUrl":"https:\/\/transportjournal.com\/wp-content\/uploads\/sites\/2\/2026\/01\/FRANCOIS-PINTO-\u00a9-OBOClandoeil.fr_.jpg-aspect-ratio-1400-788.webp","width":1755,"height":988},{"@type":"BreadcrumbList","@id":"https:\/\/transportjournal.com\/es\/2026\/01\/26\/groupe-stef-nombra-nuevos-directores-generales\/#breadcrumb","itemListElement":[{"@type":"ListItem","position":1,"name":"Startseite","item":"https:\/\/transportjournal.com\/es\/"},{"@type":"ListItem","position":2,"name":"Groupe STEF nombra nuevos directores generales"}]},{"@type":"WebSite","@id":"https:\/\/transportjournal.com\/es\/#website","url":"https:\/\/transportjournal.com\/es\/","name":"ITJ | International Transport Journal","description":"Stay informed with the latest global news from the transport, logistics, and supply chain industries. Transport Journal delivers expert insights, analysis, and updates across shipping, aviation, intermodal, and forwarding.","publisher":{"@id":"https:\/\/transportjournal.com\/es\/#organization"},"potentialAction":[{"@type":"SearchAction","target":{"@type":"EntryPoint","urlTemplate":"https:\/\/transportjournal.com\/es\/?s={search_term_string}"},"query-input":{"@type":"PropertyValueSpecification","valueRequired":true,"valueName":"search_term_string"}}],"inLanguage":"es"},{"@type":"Organization","@id":"https:\/\/transportjournal.com\/es\/#organization","name":"Grupo Logismedia AG","alternateName":"Logismedia Group AG","url":"https:\/\/transportjournal.com\/es\/","logo":{"@type":"ImageObject","inLanguage":"es","@id":"https:\/\/transportjournal.com\/es\/#\/schema\/logo\/image\/","url":"https:\/\/transportjournal.com\/wp-content\/uploads\/sites\/2\/2025\/09\/Logo_ITJ.png","contentUrl":"https:\/\/transportjournal.com\/wp-content\/uploads\/sites\/2\/2025\/09\/Logo_ITJ.png","width":799,"height":326,"caption":"Grupo Logismedia AG"},"image":{"@id":"https:\/\/transportjournal.com\/es\/#\/schema\/logo\/image\/"},"sameAs":["https:\/\/www.linkedin.com\/company\/56456496\/admin\/dashboard\/","https:\/\/www.instagram.com\/logismediagroup\/","https:\/\/www.youtube.com\/@LogiamediaGroupAG"]},{"@type":"Person","@id":"https:\/\/transportjournal.com\/es\/#\/schema\/person\/cf538b3157f15afd7589245a4b3dbd25","name":"Andreas Haug","url":"https:\/\/transportjournal.com\/es\/author\/andreas\/"}]}},"_links":{"self":[{"href":"https:\/\/transportjournal.com\/es\/wp-json\/wp\/v2\/posts\/74327","targetHints":{"allow":["GET"]}}],"collection":[{"href":"https:\/\/transportjournal.com\/es\/wp-json\/wp\/v2\/posts"}],"about":[{"href":"https:\/\/transportjournal.com\/es\/wp-json\/wp\/v2\/types\/post"}],"author":[{"embeddable":true,"href":"https:\/\/transportjournal.com\/es\/wp-json\/wp\/v2\/users\/12"}],"replies":[{"embeddable":true,"href":"https:\/\/transportjournal.com\/es\/wp-json\/wp\/v2\/comments?post=74327"}],"version-history":[{"count":0,"href":"https:\/\/transportjournal.com\/es\/wp-json\/wp\/v2\/posts\/74327\/revisions"}],"wp:featuredmedia":[{"embeddable":true,"href":"https:\/\/transportjournal.com\/es\/wp-json\/wp\/v2\/media\/74324"}],"wp:attachment":[{"href":"https:\/\/transportjournal.com\/es\/wp-json\/wp\/v2\/media?parent=74327"}],"wp:term":[{"taxonomy":"category","embeddable":true,"href":"https:\/\/transportjournal.com\/es\/wp-json\/wp\/v2\/categories?post=74327"},{"taxonomy":"post_tag","embeddable":true,"href":"https:\/\/transportjournal.com\/es\/wp-json\/wp\/v2\/tags?post=74327"}],"curies":[{"name":"wp","href":"https:\/\/api.w.org\/{rel}","templated":true}]}}