{"id":74304,"date":"2026-01-26T09:22:58","date_gmt":"2026-01-26T09:22:58","guid":{"rendered":"https:\/\/transportjournal.com\/2026\/01\/26\/nuevo-presidente-en-yang-ming\/"},"modified":"2026-01-26T09:22:58","modified_gmt":"2026-01-26T09:22:58","slug":"nuevo-presidente-en-yang-ming","status":"publish","type":"post","link":"https:\/\/transportjournal.com\/es\/2026\/01\/26\/nuevo-presidente-en-yang-ming\/","title":{"rendered":"Nuevo presidente en Yang Ming"},"content":{"rendered":"<p>Yang Ming Marine Transport Corp. ha decidido en su 410\u00aa reuni\u00f3n de la junta directiva el 23 de enero de 2026 la designaci\u00f3n de un nuevo presidente. El actual presidente, Cliff Pai, ha solicitado su renuncia. Kevin Lee, el anterior Director Comercial y Vicepresidente Senior, asumir\u00e1 el cargo a partir del 10 de febrero de 2026.<\/p>\n<p>Kevin Lee tiene una licenciatura en Negocios Internacionales de la Universidad Nacional de Taiw\u00e1n y un MBA de la Claremont Graduate University en EE. UU. Se uni\u00f3 a la empresa en 1997 y comenz\u00f3 su carrera como vendedor. Lee ha trabajado en mercados clave como China, EE. UU. y Europa, y anteriormente dirigi\u00f3 el departamento comercial y el departamento de filiales. Desde su nombramiento como Director Comercial en 2023, ha supervisado el rendimiento comercial global, demostrando habilidad estrat\u00e9gica en el desarrollo de nuevos mercados, en la gesti\u00f3n de cuentas clave y en la direcci\u00f3n de estrategias de inversi\u00f3n.<\/p>\n<p>Cliff Pai, quien ha estado en el cargo desde el 1 de agosto de 2024, ha impulsado las iniciativas estrat\u00e9gicas de la empresa en l\u00ednea con la visi\u00f3n del presidente Dr. Chuck Tsai. En estrecha colaboraci\u00f3n con el equipo de Yang Ming, se ha centrado en fortalecer el negocio principal en el \u00e1rea de transporte mar\u00edtimo de l\u00ednea y ha desempe\u00f1ado un papel clave en la configuraci\u00f3n de la direcci\u00f3n estrat\u00e9gica de la empresa. El enfoque ha estado en el desarrollo sostenible, el crecimiento empresarial, la transformaci\u00f3n digital y la reforma organizativa. Entre las iniciativas clave durante su mandato se encuentran el plan para optimizar la flota y los contenedores, la extensi\u00f3n del contrato de arrendamiento a largo plazo para la Terminal N.\u00ba 70 en el puerto de Kaohsiung, as\u00ed como la aceleraci\u00f3n del establecimiento del Centro de Servicios Globales. Estas medidas han creado una base s\u00f3lida para la resiliencia operativa a largo plazo y el desarrollo sostenible de Yang Ming.<\/p>\n<p>De cara al futuro, Yang Ming est\u00e1 bien posicionado para apoyar el comercio global y el crecimiento econ\u00f3mico. Bajo la visi\u00f3n estrat\u00e9gica del presidente Dr. Tsai y el enfoque en la innovaci\u00f3n digital, as\u00ed como la experiencia comercial del nuevo presidente Kevin Lee, la empresa aspira a alcanzar una cuota de mercado del 3,0\u20133,5% en el transporte de contenedores global para 2032. Se espera que el equipo de Yang Ming contin\u00fae fortaleciendo el rendimiento general y persiguiendo un crecimiento sostenible.<\/p>\n<p>&nbsp;<\/p>\n<p><a href=\"https:\/\/www.yangming.com\/\" target=\"_blank\" rel=\"noopener noreferrer\">www.yangming.com<\/a><\/p>\n<p>&nbsp;<\/p>\n","protected":false},"excerpt":{"rendered":"<p>Yang Ming Marine Transport Corp. ha nombrado a Kevin Lee como nuevo presidente para avanzar en la visi\u00f3n estrat\u00e9gica de la empresa hasta 2032.<\/p>\n","protected":false},"author":12,"featured_media":74301,"comment_status":"open","ping_status":"open","sticky":false,"template":"","format":"standard","meta":{"_acf_changed":false,"footnotes":""},"categories":[1610,1607,1603],"tags":[],"class_list":["post-74304","post","type-post","status-publish","format-standard","has-post-thumbnail","hentry","category-asia-pacifico","category-navegacion-y-puertos","category-personas-y-empresas"],"acf":[],"yoast_head":"<!-- This site is optimized with the Yoast SEO plugin v27.3 - https:\/\/yoast.com\/product\/yoast-seo-wordpress\/ -->\n<title>Nuevo presidente en Yang Ming - ITJ | International Transport Journal<\/title>\n<meta name=\"robots\" content=\"index, follow, max-snippet:-1, max-image-preview:large, max-video-preview:-1\" \/>\n<link rel=\"canonical\" href=\"https:\/\/transportjournal.com\/es\/2026\/01\/26\/nuevo-presidente-en-yang-ming\/\" \/>\n<meta property=\"og:locale\" content=\"es_ES\" \/>\n<meta property=\"og:type\" content=\"article\" \/>\n<meta property=\"og:title\" content=\"Nuevo presidente en Yang Ming - ITJ | International Transport Journal\" \/>\n<meta property=\"og:description\" content=\"Yang Ming Marine Transport Corp. ha nombrado a Kevin Lee como nuevo presidente para avanzar en la visi\u00f3n estrat\u00e9gica de la empresa hasta 2032.\" \/>\n<meta property=\"og:url\" content=\"https:\/\/transportjournal.com\/es\/2026\/01\/26\/nuevo-presidente-en-yang-ming\/\" \/>\n<meta property=\"og:site_name\" content=\"ITJ | International Transport Journal\" \/>\n<meta property=\"article:published_time\" content=\"2026-01-26T09:22:58+00:00\" \/>\n<meta property=\"og:image\" content=\"https:\/\/transportjournal.com\/wp-content\/uploads\/sites\/2\/2026\/01\/Yang-Ming-1753241411289-aspect-ratio-1400-788-2.jpg\" \/>\n\t<meta property=\"og:image:width\" content=\"1626\" \/>\n\t<meta property=\"og:image:height\" content=\"915\" \/>\n\t<meta property=\"og:image:type\" content=\"image\/jpeg\" \/>\n<meta name=\"author\" content=\"Andreas Haug\" \/>\n<meta name=\"twitter:card\" content=\"summary_large_image\" \/>\n<meta name=\"twitter:label1\" content=\"Escrito por\" \/>\n\t<meta name=\"twitter:data1\" content=\"Andreas Haug\" \/>\n\t<meta name=\"twitter:label2\" content=\"Tiempo de lectura\" \/>\n\t<meta name=\"twitter:data2\" content=\"2 minuto\" \/>\n<script type=\"application\/ld+json\" class=\"yoast-schema-graph\">{\"@context\":\"https:\\\/\\\/schema.org\",\"@graph\":[{\"@type\":\"Article\",\"@id\":\"https:\\\/\\\/transportjournal.com\\\/es\\\/2026\\\/01\\\/26\\\/nuevo-presidente-en-yang-ming\\\/#article\",\"isPartOf\":{\"@id\":\"https:\\\/\\\/transportjournal.com\\\/es\\\/2026\\\/01\\\/26\\\/nuevo-presidente-en-yang-ming\\\/\"},\"author\":{\"name\":\"Andreas Haug\",\"@id\":\"https:\\\/\\\/transportjournal.com\\\/es\\\/#\\\/schema\\\/person\\\/cf538b3157f15afd7589245a4b3dbd25\"},\"headline\":\"Nuevo presidente en Yang Ming\",\"datePublished\":\"2026-01-26T09:22:58+00:00\",\"mainEntityOfPage\":{\"@id\":\"https:\\\/\\\/transportjournal.com\\\/es\\\/2026\\\/01\\\/26\\\/nuevo-presidente-en-yang-ming\\\/\"},\"wordCount\":419,\"commentCount\":0,\"publisher\":{\"@id\":\"https:\\\/\\\/transportjournal.com\\\/es\\\/#organization\"},\"image\":{\"@id\":\"https:\\\/\\\/transportjournal.com\\\/es\\\/2026\\\/01\\\/26\\\/nuevo-presidente-en-yang-ming\\\/#primaryimage\"},\"thumbnailUrl\":\"https:\\\/\\\/transportjournal.com\\\/wp-content\\\/uploads\\\/sites\\\/2\\\/2026\\\/01\\\/Yang-Ming-1753241411289-aspect-ratio-1400-788-2.jpg\",\"articleSection\":[\"Asia\\\/Pac\u00edfico\",\"Navegaci\u00f3n y puertos\",\"Personas y empresas\"],\"inLanguage\":\"es\",\"potentialAction\":[{\"@type\":\"CommentAction\",\"name\":\"Comment\",\"target\":[\"https:\\\/\\\/transportjournal.com\\\/es\\\/2026\\\/01\\\/26\\\/nuevo-presidente-en-yang-ming\\\/#respond\"]}]},{\"@type\":\"WebPage\",\"@id\":\"https:\\\/\\\/transportjournal.com\\\/es\\\/2026\\\/01\\\/26\\\/nuevo-presidente-en-yang-ming\\\/\",\"url\":\"https:\\\/\\\/transportjournal.com\\\/es\\\/2026\\\/01\\\/26\\\/nuevo-presidente-en-yang-ming\\\/\",\"name\":\"Nuevo presidente en Yang Ming - ITJ | International Transport Journal\",\"isPartOf\":{\"@id\":\"https:\\\/\\\/transportjournal.com\\\/es\\\/#website\"},\"primaryImageOfPage\":{\"@id\":\"https:\\\/\\\/transportjournal.com\\\/es\\\/2026\\\/01\\\/26\\\/nuevo-presidente-en-yang-ming\\\/#primaryimage\"},\"image\":{\"@id\":\"https:\\\/\\\/transportjournal.com\\\/es\\\/2026\\\/01\\\/26\\\/nuevo-presidente-en-yang-ming\\\/#primaryimage\"},\"thumbnailUrl\":\"https:\\\/\\\/transportjournal.com\\\/wp-content\\\/uploads\\\/sites\\\/2\\\/2026\\\/01\\\/Yang-Ming-1753241411289-aspect-ratio-1400-788-2.jpg\",\"datePublished\":\"2026-01-26T09:22:58+00:00\",\"breadcrumb\":{\"@id\":\"https:\\\/\\\/transportjournal.com\\\/es\\\/2026\\\/01\\\/26\\\/nuevo-presidente-en-yang-ming\\\/#breadcrumb\"},\"inLanguage\":\"es\",\"potentialAction\":[{\"@type\":\"ReadAction\",\"target\":[\"https:\\\/\\\/transportjournal.com\\\/es\\\/2026\\\/01\\\/26\\\/nuevo-presidente-en-yang-ming\\\/\"]}]},{\"@type\":\"ImageObject\",\"inLanguage\":\"es\",\"@id\":\"https:\\\/\\\/transportjournal.com\\\/es\\\/2026\\\/01\\\/26\\\/nuevo-presidente-en-yang-ming\\\/#primaryimage\",\"url\":\"https:\\\/\\\/transportjournal.com\\\/wp-content\\\/uploads\\\/sites\\\/2\\\/2026\\\/01\\\/Yang-Ming-1753241411289-aspect-ratio-1400-788-2.jpg\",\"contentUrl\":\"https:\\\/\\\/transportjournal.com\\\/wp-content\\\/uploads\\\/sites\\\/2\\\/2026\\\/01\\\/Yang-Ming-1753241411289-aspect-ratio-1400-788-2.jpg\",\"width\":1626,\"height\":915},{\"@type\":\"BreadcrumbList\",\"@id\":\"https:\\\/\\\/transportjournal.com\\\/es\\\/2026\\\/01\\\/26\\\/nuevo-presidente-en-yang-ming\\\/#breadcrumb\",\"itemListElement\":[{\"@type\":\"ListItem\",\"position\":1,\"name\":\"Startseite\",\"item\":\"https:\\\/\\\/transportjournal.com\\\/es\\\/\"},{\"@type\":\"ListItem\",\"position\":2,\"name\":\"Nuevo presidente en Yang Ming\"}]},{\"@type\":\"WebSite\",\"@id\":\"https:\\\/\\\/transportjournal.com\\\/es\\\/#website\",\"url\":\"https:\\\/\\\/transportjournal.com\\\/es\\\/\",\"name\":\"ITJ | International Transport Journal\",\"description\":\"Stay informed with the latest global news from the transport, logistics, and supply chain industries. Transport Journal delivers expert insights, analysis, and updates across shipping, aviation, intermodal, and forwarding.\",\"publisher\":{\"@id\":\"https:\\\/\\\/transportjournal.com\\\/es\\\/#organization\"},\"potentialAction\":[{\"@type\":\"SearchAction\",\"target\":{\"@type\":\"EntryPoint\",\"urlTemplate\":\"https:\\\/\\\/transportjournal.com\\\/es\\\/?s={search_term_string}\"},\"query-input\":{\"@type\":\"PropertyValueSpecification\",\"valueRequired\":true,\"valueName\":\"search_term_string\"}}],\"inLanguage\":\"es\"},{\"@type\":\"Organization\",\"@id\":\"https:\\\/\\\/transportjournal.com\\\/es\\\/#organization\",\"name\":\"Grupo Logismedia AG\",\"alternateName\":\"Logismedia Group AG\",\"url\":\"https:\\\/\\\/transportjournal.com\\\/es\\\/\",\"logo\":{\"@type\":\"ImageObject\",\"inLanguage\":\"es\",\"@id\":\"https:\\\/\\\/transportjournal.com\\\/es\\\/#\\\/schema\\\/logo\\\/image\\\/\",\"url\":\"https:\\\/\\\/transportjournal.com\\\/wp-content\\\/uploads\\\/sites\\\/2\\\/2025\\\/09\\\/Logo_ITJ.png\",\"contentUrl\":\"https:\\\/\\\/transportjournal.com\\\/wp-content\\\/uploads\\\/sites\\\/2\\\/2025\\\/09\\\/Logo_ITJ.png\",\"width\":799,\"height\":326,\"caption\":\"Grupo Logismedia AG\"},\"image\":{\"@id\":\"https:\\\/\\\/transportjournal.com\\\/es\\\/#\\\/schema\\\/logo\\\/image\\\/\"},\"sameAs\":[\"https:\\\/\\\/www.linkedin.com\\\/company\\\/56456496\\\/admin\\\/dashboard\\\/\",\"https:\\\/\\\/www.instagram.com\\\/logismediagroup\\\/\",\"https:\\\/\\\/www.youtube.com\\\/@LogiamediaGroupAG\"]},{\"@type\":\"Person\",\"@id\":\"https:\\\/\\\/transportjournal.com\\\/es\\\/#\\\/schema\\\/person\\\/cf538b3157f15afd7589245a4b3dbd25\",\"name\":\"Andreas Haug\",\"url\":\"https:\\\/\\\/transportjournal.com\\\/es\\\/author\\\/andreas\\\/\"}]}<\/script>\n<!-- \/ Yoast SEO plugin. -->","yoast_head_json":{"title":"Nuevo presidente en Yang Ming - ITJ | International Transport Journal","robots":{"index":"index","follow":"follow","max-snippet":"max-snippet:-1","max-image-preview":"max-image-preview:large","max-video-preview":"max-video-preview:-1"},"canonical":"https:\/\/transportjournal.com\/es\/2026\/01\/26\/nuevo-presidente-en-yang-ming\/","og_locale":"es_ES","og_type":"article","og_title":"Nuevo presidente en Yang Ming - ITJ | International Transport Journal","og_description":"Yang Ming Marine Transport Corp. ha nombrado a Kevin Lee como nuevo presidente para avanzar en la visi\u00f3n estrat\u00e9gica de la empresa hasta 2032.","og_url":"https:\/\/transportjournal.com\/es\/2026\/01\/26\/nuevo-presidente-en-yang-ming\/","og_site_name":"ITJ | International Transport Journal","article_published_time":"2026-01-26T09:22:58+00:00","og_image":[{"width":1626,"height":915,"url":"https:\/\/transportjournal.com\/wp-content\/uploads\/sites\/2\/2026\/01\/Yang-Ming-1753241411289-aspect-ratio-1400-788-2.jpg","type":"image\/jpeg"}],"author":"Andreas Haug","twitter_card":"summary_large_image","twitter_misc":{"Escrito por":"Andreas Haug","Tiempo de lectura":"2 minuto"},"schema":{"@context":"https:\/\/schema.org","@graph":[{"@type":"Article","@id":"https:\/\/transportjournal.com\/es\/2026\/01\/26\/nuevo-presidente-en-yang-ming\/#article","isPartOf":{"@id":"https:\/\/transportjournal.com\/es\/2026\/01\/26\/nuevo-presidente-en-yang-ming\/"},"author":{"name":"Andreas Haug","@id":"https:\/\/transportjournal.com\/es\/#\/schema\/person\/cf538b3157f15afd7589245a4b3dbd25"},"headline":"Nuevo presidente en Yang Ming","datePublished":"2026-01-26T09:22:58+00:00","mainEntityOfPage":{"@id":"https:\/\/transportjournal.com\/es\/2026\/01\/26\/nuevo-presidente-en-yang-ming\/"},"wordCount":419,"commentCount":0,"publisher":{"@id":"https:\/\/transportjournal.com\/es\/#organization"},"image":{"@id":"https:\/\/transportjournal.com\/es\/2026\/01\/26\/nuevo-presidente-en-yang-ming\/#primaryimage"},"thumbnailUrl":"https:\/\/transportjournal.com\/wp-content\/uploads\/sites\/2\/2026\/01\/Yang-Ming-1753241411289-aspect-ratio-1400-788-2.jpg","articleSection":["Asia\/Pac\u00edfico","Navegaci\u00f3n y puertos","Personas y empresas"],"inLanguage":"es","potentialAction":[{"@type":"CommentAction","name":"Comment","target":["https:\/\/transportjournal.com\/es\/2026\/01\/26\/nuevo-presidente-en-yang-ming\/#respond"]}]},{"@type":"WebPage","@id":"https:\/\/transportjournal.com\/es\/2026\/01\/26\/nuevo-presidente-en-yang-ming\/","url":"https:\/\/transportjournal.com\/es\/2026\/01\/26\/nuevo-presidente-en-yang-ming\/","name":"Nuevo presidente en Yang Ming - ITJ | International Transport Journal","isPartOf":{"@id":"https:\/\/transportjournal.com\/es\/#website"},"primaryImageOfPage":{"@id":"https:\/\/transportjournal.com\/es\/2026\/01\/26\/nuevo-presidente-en-yang-ming\/#primaryimage"},"image":{"@id":"https:\/\/transportjournal.com\/es\/2026\/01\/26\/nuevo-presidente-en-yang-ming\/#primaryimage"},"thumbnailUrl":"https:\/\/transportjournal.com\/wp-content\/uploads\/sites\/2\/2026\/01\/Yang-Ming-1753241411289-aspect-ratio-1400-788-2.jpg","datePublished":"2026-01-26T09:22:58+00:00","breadcrumb":{"@id":"https:\/\/transportjournal.com\/es\/2026\/01\/26\/nuevo-presidente-en-yang-ming\/#breadcrumb"},"inLanguage":"es","potentialAction":[{"@type":"ReadAction","target":["https:\/\/transportjournal.com\/es\/2026\/01\/26\/nuevo-presidente-en-yang-ming\/"]}]},{"@type":"ImageObject","inLanguage":"es","@id":"https:\/\/transportjournal.com\/es\/2026\/01\/26\/nuevo-presidente-en-yang-ming\/#primaryimage","url":"https:\/\/transportjournal.com\/wp-content\/uploads\/sites\/2\/2026\/01\/Yang-Ming-1753241411289-aspect-ratio-1400-788-2.jpg","contentUrl":"https:\/\/transportjournal.com\/wp-content\/uploads\/sites\/2\/2026\/01\/Yang-Ming-1753241411289-aspect-ratio-1400-788-2.jpg","width":1626,"height":915},{"@type":"BreadcrumbList","@id":"https:\/\/transportjournal.com\/es\/2026\/01\/26\/nuevo-presidente-en-yang-ming\/#breadcrumb","itemListElement":[{"@type":"ListItem","position":1,"name":"Startseite","item":"https:\/\/transportjournal.com\/es\/"},{"@type":"ListItem","position":2,"name":"Nuevo presidente en Yang Ming"}]},{"@type":"WebSite","@id":"https:\/\/transportjournal.com\/es\/#website","url":"https:\/\/transportjournal.com\/es\/","name":"ITJ | International Transport Journal","description":"Stay informed with the latest global news from the transport, logistics, and supply chain industries. Transport Journal delivers expert insights, analysis, and updates across shipping, aviation, intermodal, and forwarding.","publisher":{"@id":"https:\/\/transportjournal.com\/es\/#organization"},"potentialAction":[{"@type":"SearchAction","target":{"@type":"EntryPoint","urlTemplate":"https:\/\/transportjournal.com\/es\/?s={search_term_string}"},"query-input":{"@type":"PropertyValueSpecification","valueRequired":true,"valueName":"search_term_string"}}],"inLanguage":"es"},{"@type":"Organization","@id":"https:\/\/transportjournal.com\/es\/#organization","name":"Grupo Logismedia AG","alternateName":"Logismedia Group AG","url":"https:\/\/transportjournal.com\/es\/","logo":{"@type":"ImageObject","inLanguage":"es","@id":"https:\/\/transportjournal.com\/es\/#\/schema\/logo\/image\/","url":"https:\/\/transportjournal.com\/wp-content\/uploads\/sites\/2\/2025\/09\/Logo_ITJ.png","contentUrl":"https:\/\/transportjournal.com\/wp-content\/uploads\/sites\/2\/2025\/09\/Logo_ITJ.png","width":799,"height":326,"caption":"Grupo Logismedia AG"},"image":{"@id":"https:\/\/transportjournal.com\/es\/#\/schema\/logo\/image\/"},"sameAs":["https:\/\/www.linkedin.com\/company\/56456496\/admin\/dashboard\/","https:\/\/www.instagram.com\/logismediagroup\/","https:\/\/www.youtube.com\/@LogiamediaGroupAG"]},{"@type":"Person","@id":"https:\/\/transportjournal.com\/es\/#\/schema\/person\/cf538b3157f15afd7589245a4b3dbd25","name":"Andreas Haug","url":"https:\/\/transportjournal.com\/es\/author\/andreas\/"}]}},"_links":{"self":[{"href":"https:\/\/transportjournal.com\/es\/wp-json\/wp\/v2\/posts\/74304","targetHints":{"allow":["GET"]}}],"collection":[{"href":"https:\/\/transportjournal.com\/es\/wp-json\/wp\/v2\/posts"}],"about":[{"href":"https:\/\/transportjournal.com\/es\/wp-json\/wp\/v2\/types\/post"}],"author":[{"embeddable":true,"href":"https:\/\/transportjournal.com\/es\/wp-json\/wp\/v2\/users\/12"}],"replies":[{"embeddable":true,"href":"https:\/\/transportjournal.com\/es\/wp-json\/wp\/v2\/comments?post=74304"}],"version-history":[{"count":0,"href":"https:\/\/transportjournal.com\/es\/wp-json\/wp\/v2\/posts\/74304\/revisions"}],"wp:featuredmedia":[{"embeddable":true,"href":"https:\/\/transportjournal.com\/es\/wp-json\/wp\/v2\/media\/74301"}],"wp:attachment":[{"href":"https:\/\/transportjournal.com\/es\/wp-json\/wp\/v2\/media?parent=74304"}],"wp:term":[{"taxonomy":"category","embeddable":true,"href":"https:\/\/transportjournal.com\/es\/wp-json\/wp\/v2\/categories?post=74304"},{"taxonomy":"post_tag","embeddable":true,"href":"https:\/\/transportjournal.com\/es\/wp-json\/wp\/v2\/tags?post=74304"}],"curies":[{"name":"wp","href":"https:\/\/api.w.org\/{rel}","templated":true}]}}