{"id":74288,"date":"2026-01-26T09:00:43","date_gmt":"2026-01-26T09:00:43","guid":{"rendered":"https:\/\/transportjournal.com\/2026\/01\/26\/fluctuaciones-en-los-precios-spot-de-camiones\/"},"modified":"2026-01-26T09:00:43","modified_gmt":"2026-01-26T09:00:43","slug":"fluctuaciones-en-los-precios-spot-de-camiones","status":"publish","type":"post","link":"https:\/\/transportjournal.com\/es\/2026\/01\/26\/fluctuaciones-en-los-precios-spot-de-camiones\/","title":{"rendered":"Fluctuaciones en los precios spot de camiones"},"content":{"rendered":"<p>Las actuales desarrollos en el mercado de transporte de camiones muestran fluctuaciones significativas en los precios spot, seg\u00fan el \u00faltimo informe de ACT Research, que analiza las proyecciones de tarifas y vol\u00famenes en el sector de carga. Seg\u00fan este, los precios spot aumentaron en las \u00faltimas semanas del a\u00f1o pasado y a principios de este a\u00f1o en porcentajes de dos d\u00edgitos en comparaci\u00f3n con el a\u00f1o anterior. Estos aumentos de precios se deben principalmente a condiciones clim\u00e1ticas extremas que afectan la capacidad en el transporte de camiones, seg\u00fan ACT Research.<\/p>\n<h3>An\u00e1lisis del mercado y desarrollos futuros<\/h3>\n<p>Tim Denoyer, vicepresidente y analista principal de ACT Research, explica que el aumento de los precios spot tambi\u00e9n est\u00e1 relacionado con un incremento en los pedidos de camiones de clase 8 en diciembre. Esto ocurre en un entorno donde las condiciones en el transporte de camiones mejoraron y surgi\u00f3 cierta claridad respecto a las bajas regulaciones de NOx de la EPA para 2027. Denoyer espera que en 2026 haya una ligera disminuci\u00f3n de la capacidad, que podr\u00eda continuar tambi\u00e9n en 2027.<\/p>\n<p>Denoyer se\u00f1ala que hay potencial para una expansi\u00f3n econ\u00f3mica m\u00e1s amplia, especialmente si la pr\u00f3xima decisi\u00f3n de la Corte Suprema sobre aranceles conduce a una reducci\u00f3n de tarifas. Tal desarrollo podr\u00eda resultar en una disinflaci\u00f3n amplia adicional, lo que dar\u00eda a la Reserva Federal m\u00e1s margen para seguir reduciendo las tasas de inter\u00e9s. Esto, a su vez, podr\u00eda tener efectos positivos en sectores sensibles al transporte de carga, como la construcci\u00f3n de viviendas y bienes duraderos.<\/p>\n<p><a href=\"https:\/\/www.actresearch.net\/\" target=\"_blank\" rel=\"noopener noreferrer\">www.actresearch.net<\/a><\/p>\n<p>&nbsp;<\/p>\n","protected":false},"excerpt":{"rendered":"<p>Los precios spot en el transporte por cami\u00f3n est\u00e1n aumentando debido a condiciones clim\u00e1ticas extremas y una mayor demanda de camiones, lo que afecta las condiciones del mercado.<\/p>\n","protected":false},"author":10,"featured_media":74285,"comment_status":"open","ping_status":"open","sticky":false,"template":"","format":"standard","meta":{"_acf_changed":false,"footnotes":""},"categories":[1614,1604],"tags":[1921,9094,9095,5666,9096,5669,9097,9098,9099,3353,9100,9101,9102,9103,9104,9105,5136,9106,9107,9108,9109,9110,9111,9112,9113,9114,5148,5681,9115,9116,2622,9117,1800,9118,3379,5151,9119,9120,9121,9122,9123,2641,9124,9125,9126,9127,9128,3807,8592,9129,9130,9131,9132,9133,9134,9135],"class_list":["post-74288","post","type-post","status-publish","format-standard","has-post-thumbnail","hentry","category-america","category-intermodal-carretera","tag-act-research","tag-analyse-du-marche-du-fret","tag-augmentations-de-prix-camion","tag-camions-de-classe-8","tag-capacite-de-transport-routier","tag-class-8-trucks","tag-conditions-meteorologiques-extremes-logistique","tag-desinflation-du-fret","tag-deutsch-lkw-transport","tag-digitalisierung-logistik","tag-disinflation-fracht","tag-economic-expansion-logistics","tag-epa-nox-regulations","tag-expansion-economique-logistique","tag-extreme-weather-conditions-logistics","tag-extreme-wetterbedingungen-logistik","tag-fachkraeftemangel-transport","tag-federal-reserve-interest-rates","tag-frachtsektor-trends","tag-freight-disinflation","tag-freight-market-analysis","tag-freight-sector-trends","tag-industrie-du-transport-france","tag-infrastructure-transport-routier","tag-infrastruktur-lkw-transport","tag-kapazitaet-lkw-transport","tag-labor-shortage-transport","tag-lkw-klasse-8","tag-lkw-preisentwicklung-english-truck-transport","tag-logistics-digitization","tag-logistique-durable","tag-marktanalyse-fracht","tag-nachhaltige-logistik","tag-nox-vorschriften-epa","tag-numerisation-logistique","tag-penurie-de-main-doeuvre-transport","tag-preiserhoehungen-lkw","tag-price-increases-trucking","tag-prix-spot-camions","tag-reglementations-nox-epa","tag-spotpreise-lkw","tag-sustainable-logistics","tag-tariffs-supreme-court","tag-tarifs-cour-supreme","tag-taux-dinteret-reserve-federale","tag-tendances-des-prix-des-camions","tag-tendances-du-secteur-du-fret","tag-transport-industry-usa","tag-transportwirtschaft-deutschland","tag-truck-spot-prices","tag-truck-transport-capacity","tag-trucking-infrastructure","tag-trucking-price-trends-francais-transport-routier","tag-wirtschaftliche-expansion-logistik","tag-zinssaetze-federal-reserve","tag-zoelle-oberster-gerichtshof"],"acf":[],"yoast_head":"<!-- This site is optimized with the Yoast SEO plugin v27.3 - https:\/\/yoast.com\/product\/yoast-seo-wordpress\/ -->\n<title>Fluctuaciones en los precios spot de camiones - ITJ | International Transport Journal<\/title>\n<meta name=\"robots\" content=\"index, follow, max-snippet:-1, max-image-preview:large, max-video-preview:-1\" \/>\n<link rel=\"canonical\" href=\"https:\/\/transportjournal.com\/es\/2026\/01\/26\/fluctuaciones-en-los-precios-spot-de-camiones\/\" \/>\n<meta property=\"og:locale\" content=\"es_ES\" \/>\n<meta property=\"og:type\" content=\"article\" \/>\n<meta property=\"og:title\" content=\"Fluctuaciones en los precios spot de camiones - ITJ | International Transport Journal\" \/>\n<meta property=\"og:description\" content=\"Los precios spot en el transporte por cami\u00f3n est\u00e1n aumentando debido a condiciones clim\u00e1ticas extremas y una mayor demanda de camiones, lo que afecta las condiciones del mercado.\" \/>\n<meta property=\"og:url\" content=\"https:\/\/transportjournal.com\/es\/2026\/01\/26\/fluctuaciones-en-los-precios-spot-de-camiones\/\" \/>\n<meta property=\"og:site_name\" content=\"ITJ | International Transport Journal\" \/>\n<meta property=\"article:published_time\" content=\"2026-01-26T09:00:43+00:00\" \/>\n<meta property=\"og:image\" content=\"https:\/\/transportjournal.com\/wp-content\/uploads\/sites\/2\/2026\/01\/Screenshot-2026-01-26-100845-aspect-ratio-1400-788.jpg\" \/>\n\t<meta property=\"og:image:width\" content=\"722\" \/>\n\t<meta property=\"og:image:height\" content=\"406\" \/>\n\t<meta property=\"og:image:type\" content=\"image\/jpeg\" \/>\n<meta name=\"author\" content=\"Jeremy Soland\" \/>\n<meta name=\"twitter:card\" content=\"summary_large_image\" \/>\n<meta name=\"twitter:label1\" content=\"Escrito por\" \/>\n\t<meta name=\"twitter:data1\" content=\"Jeremy Soland\" \/>\n\t<meta name=\"twitter:label2\" content=\"Tiempo de lectura\" \/>\n\t<meta name=\"twitter:data2\" content=\"1 minuto\" \/>\n<script type=\"application\/ld+json\" class=\"yoast-schema-graph\">{\"@context\":\"https:\\\/\\\/schema.org\",\"@graph\":[{\"@type\":\"Article\",\"@id\":\"https:\\\/\\\/transportjournal.com\\\/es\\\/2026\\\/01\\\/26\\\/fluctuaciones-en-los-precios-spot-de-camiones\\\/#article\",\"isPartOf\":{\"@id\":\"https:\\\/\\\/transportjournal.com\\\/es\\\/2026\\\/01\\\/26\\\/fluctuaciones-en-los-precios-spot-de-camiones\\\/\"},\"author\":{\"name\":\"Jeremy Soland\",\"@id\":\"https:\\\/\\\/transportjournal.com\\\/es\\\/#\\\/schema\\\/person\\\/41d36b5474b623392fa613e97e2363fa\"},\"headline\":\"Fluctuaciones en los precios spot de camiones\",\"datePublished\":\"2026-01-26T09:00:43+00:00\",\"mainEntityOfPage\":{\"@id\":\"https:\\\/\\\/transportjournal.com\\\/es\\\/2026\\\/01\\\/26\\\/fluctuaciones-en-los-precios-spot-de-camiones\\\/\"},\"wordCount\":289,\"commentCount\":0,\"publisher\":{\"@id\":\"https:\\\/\\\/transportjournal.com\\\/es\\\/#organization\"},\"image\":{\"@id\":\"https:\\\/\\\/transportjournal.com\\\/es\\\/2026\\\/01\\\/26\\\/fluctuaciones-en-los-precios-spot-de-camiones\\\/#primaryimage\"},\"thumbnailUrl\":\"https:\\\/\\\/transportjournal.com\\\/wp-content\\\/uploads\\\/sites\\\/2\\\/2026\\\/01\\\/Screenshot-2026-01-26-100845-aspect-ratio-1400-788.jpg\",\"keywords\":[\"ACT Research\",\"analyse du march\u00e9 du fret\",\"augmentations de prix camion\",\"camions de classe 8\",\"capacit\u00e9 de transport routier\",\"Class 8 trucks\",\"conditions m\u00e9t\u00e9orologiques extr\u00eames logistique\",\"d\u00e9sinflation du fret\",\"Deutsch Lkw-Transport\",\"Digitalisierung Logistik\",\"Disinflation Fracht\",\"economic expansion logistics\",\"EPA NOx regulations\",\"expansion \u00e9conomique logistique\",\"extreme weather conditions logistics\",\"extreme Wetterbedingungen Logistik\",\"Fachkr\u00e4ftemangel Transport\",\"Federal Reserve interest rates\",\"Frachtsektor Trends\",\"freight disinflation\",\"freight market analysis\",\"freight sector trends\",\"industrie du transport France\",\"infrastructure transport routier\",\"Infrastruktur Lkw-Transport\",\"Kapazit\u00e4t Lkw-Transport\",\"labor shortage transport\",\"Lkw-Klasse 8\",\"Lkw-Preisentwicklung English truck transport\",\"logistics digitization\",\"logistique durable\",\"Marktanalyse Fracht\",\"nachhaltige Logistik\",\"NOx-Vorschriften EPA\",\"num\u00e9risation logistique\",\"p\u00e9nurie de main-d'\u0153uvre transport\",\"Preiserh\u00f6hungen Lkw\",\"price increases trucking\",\"prix spot camions\",\"r\u00e9glementations NOx EPA\",\"Spotpreise Lkw\",\"sustainable logistics\",\"tariffs Supreme Court\",\"tarifs Cour supr\u00eame\",\"taux d'int\u00e9r\u00eat R\u00e9serve f\u00e9d\u00e9rale\",\"tendances des prix des camions\",\"tendances du secteur du fret\",\"transport industry USA\",\"Transportwirtschaft Deutschland\",\"truck spot prices\",\"truck transport capacity\",\"trucking infrastructure\",\"trucking price trends Fran\u00e7ais transport routier\",\"wirtschaftliche Expansion Logistik\",\"Zinss\u00e4tze Federal Reserve\",\"Z\u00f6lle Oberster Gerichtshof\"],\"articleSection\":[\"Am\u00e9rica\",\"Intermodal \\\/ Carretera\"],\"inLanguage\":\"es\",\"potentialAction\":[{\"@type\":\"CommentAction\",\"name\":\"Comment\",\"target\":[\"https:\\\/\\\/transportjournal.com\\\/es\\\/2026\\\/01\\\/26\\\/fluctuaciones-en-los-precios-spot-de-camiones\\\/#respond\"]}]},{\"@type\":\"WebPage\",\"@id\":\"https:\\\/\\\/transportjournal.com\\\/es\\\/2026\\\/01\\\/26\\\/fluctuaciones-en-los-precios-spot-de-camiones\\\/\",\"url\":\"https:\\\/\\\/transportjournal.com\\\/es\\\/2026\\\/01\\\/26\\\/fluctuaciones-en-los-precios-spot-de-camiones\\\/\",\"name\":\"Fluctuaciones en los precios spot de camiones - ITJ | International Transport Journal\",\"isPartOf\":{\"@id\":\"https:\\\/\\\/transportjournal.com\\\/es\\\/#website\"},\"primaryImageOfPage\":{\"@id\":\"https:\\\/\\\/transportjournal.com\\\/es\\\/2026\\\/01\\\/26\\\/fluctuaciones-en-los-precios-spot-de-camiones\\\/#primaryimage\"},\"image\":{\"@id\":\"https:\\\/\\\/transportjournal.com\\\/es\\\/2026\\\/01\\\/26\\\/fluctuaciones-en-los-precios-spot-de-camiones\\\/#primaryimage\"},\"thumbnailUrl\":\"https:\\\/\\\/transportjournal.com\\\/wp-content\\\/uploads\\\/sites\\\/2\\\/2026\\\/01\\\/Screenshot-2026-01-26-100845-aspect-ratio-1400-788.jpg\",\"datePublished\":\"2026-01-26T09:00:43+00:00\",\"breadcrumb\":{\"@id\":\"https:\\\/\\\/transportjournal.com\\\/es\\\/2026\\\/01\\\/26\\\/fluctuaciones-en-los-precios-spot-de-camiones\\\/#breadcrumb\"},\"inLanguage\":\"es\",\"potentialAction\":[{\"@type\":\"ReadAction\",\"target\":[\"https:\\\/\\\/transportjournal.com\\\/es\\\/2026\\\/01\\\/26\\\/fluctuaciones-en-los-precios-spot-de-camiones\\\/\"]}]},{\"@type\":\"ImageObject\",\"inLanguage\":\"es\",\"@id\":\"https:\\\/\\\/transportjournal.com\\\/es\\\/2026\\\/01\\\/26\\\/fluctuaciones-en-los-precios-spot-de-camiones\\\/#primaryimage\",\"url\":\"https:\\\/\\\/transportjournal.com\\\/wp-content\\\/uploads\\\/sites\\\/2\\\/2026\\\/01\\\/Screenshot-2026-01-26-100845-aspect-ratio-1400-788.jpg\",\"contentUrl\":\"https:\\\/\\\/transportjournal.com\\\/wp-content\\\/uploads\\\/sites\\\/2\\\/2026\\\/01\\\/Screenshot-2026-01-26-100845-aspect-ratio-1400-788.jpg\",\"width\":722,\"height\":406},{\"@type\":\"BreadcrumbList\",\"@id\":\"https:\\\/\\\/transportjournal.com\\\/es\\\/2026\\\/01\\\/26\\\/fluctuaciones-en-los-precios-spot-de-camiones\\\/#breadcrumb\",\"itemListElement\":[{\"@type\":\"ListItem\",\"position\":1,\"name\":\"Startseite\",\"item\":\"https:\\\/\\\/transportjournal.com\\\/es\\\/\"},{\"@type\":\"ListItem\",\"position\":2,\"name\":\"Fluctuaciones en los precios spot de camiones\"}]},{\"@type\":\"WebSite\",\"@id\":\"https:\\\/\\\/transportjournal.com\\\/es\\\/#website\",\"url\":\"https:\\\/\\\/transportjournal.com\\\/es\\\/\",\"name\":\"ITJ | International Transport Journal\",\"description\":\"Stay informed with the latest global news from the transport, logistics, and supply chain industries. Transport Journal delivers expert insights, analysis, and updates across shipping, aviation, intermodal, and forwarding.\",\"publisher\":{\"@id\":\"https:\\\/\\\/transportjournal.com\\\/es\\\/#organization\"},\"potentialAction\":[{\"@type\":\"SearchAction\",\"target\":{\"@type\":\"EntryPoint\",\"urlTemplate\":\"https:\\\/\\\/transportjournal.com\\\/es\\\/?s={search_term_string}\"},\"query-input\":{\"@type\":\"PropertyValueSpecification\",\"valueRequired\":true,\"valueName\":\"search_term_string\"}}],\"inLanguage\":\"es\"},{\"@type\":\"Organization\",\"@id\":\"https:\\\/\\\/transportjournal.com\\\/es\\\/#organization\",\"name\":\"Grupo Logismedia AG\",\"alternateName\":\"Logismedia Group AG\",\"url\":\"https:\\\/\\\/transportjournal.com\\\/es\\\/\",\"logo\":{\"@type\":\"ImageObject\",\"inLanguage\":\"es\",\"@id\":\"https:\\\/\\\/transportjournal.com\\\/es\\\/#\\\/schema\\\/logo\\\/image\\\/\",\"url\":\"https:\\\/\\\/transportjournal.com\\\/wp-content\\\/uploads\\\/sites\\\/2\\\/2025\\\/09\\\/Logo_ITJ.png\",\"contentUrl\":\"https:\\\/\\\/transportjournal.com\\\/wp-content\\\/uploads\\\/sites\\\/2\\\/2025\\\/09\\\/Logo_ITJ.png\",\"width\":799,\"height\":326,\"caption\":\"Grupo Logismedia AG\"},\"image\":{\"@id\":\"https:\\\/\\\/transportjournal.com\\\/es\\\/#\\\/schema\\\/logo\\\/image\\\/\"},\"sameAs\":[\"https:\\\/\\\/www.linkedin.com\\\/company\\\/56456496\\\/admin\\\/dashboard\\\/\",\"https:\\\/\\\/www.instagram.com\\\/logismediagroup\\\/\",\"https:\\\/\\\/www.youtube.com\\\/@LogiamediaGroupAG\"]},{\"@type\":\"Person\",\"@id\":\"https:\\\/\\\/transportjournal.com\\\/es\\\/#\\\/schema\\\/person\\\/41d36b5474b623392fa613e97e2363fa\",\"name\":\"Jeremy Soland\",\"url\":\"https:\\\/\\\/transportjournal.com\\\/es\\\/author\\\/jeremy\\\/\"}]}<\/script>\n<!-- \/ Yoast SEO plugin. -->","yoast_head_json":{"title":"Fluctuaciones en los precios spot de camiones - ITJ | International Transport Journal","robots":{"index":"index","follow":"follow","max-snippet":"max-snippet:-1","max-image-preview":"max-image-preview:large","max-video-preview":"max-video-preview:-1"},"canonical":"https:\/\/transportjournal.com\/es\/2026\/01\/26\/fluctuaciones-en-los-precios-spot-de-camiones\/","og_locale":"es_ES","og_type":"article","og_title":"Fluctuaciones en los precios spot de camiones - ITJ | International Transport Journal","og_description":"Los precios spot en el transporte por cami\u00f3n est\u00e1n aumentando debido a condiciones clim\u00e1ticas extremas y una mayor demanda de camiones, lo que afecta las condiciones del mercado.","og_url":"https:\/\/transportjournal.com\/es\/2026\/01\/26\/fluctuaciones-en-los-precios-spot-de-camiones\/","og_site_name":"ITJ | International Transport Journal","article_published_time":"2026-01-26T09:00:43+00:00","og_image":[{"width":722,"height":406,"url":"https:\/\/transportjournal.com\/wp-content\/uploads\/sites\/2\/2026\/01\/Screenshot-2026-01-26-100845-aspect-ratio-1400-788.jpg","type":"image\/jpeg"}],"author":"Jeremy Soland","twitter_card":"summary_large_image","twitter_misc":{"Escrito por":"Jeremy Soland","Tiempo de lectura":"1 minuto"},"schema":{"@context":"https:\/\/schema.org","@graph":[{"@type":"Article","@id":"https:\/\/transportjournal.com\/es\/2026\/01\/26\/fluctuaciones-en-los-precios-spot-de-camiones\/#article","isPartOf":{"@id":"https:\/\/transportjournal.com\/es\/2026\/01\/26\/fluctuaciones-en-los-precios-spot-de-camiones\/"},"author":{"name":"Jeremy Soland","@id":"https:\/\/transportjournal.com\/es\/#\/schema\/person\/41d36b5474b623392fa613e97e2363fa"},"headline":"Fluctuaciones en los precios spot de camiones","datePublished":"2026-01-26T09:00:43+00:00","mainEntityOfPage":{"@id":"https:\/\/transportjournal.com\/es\/2026\/01\/26\/fluctuaciones-en-los-precios-spot-de-camiones\/"},"wordCount":289,"commentCount":0,"publisher":{"@id":"https:\/\/transportjournal.com\/es\/#organization"},"image":{"@id":"https:\/\/transportjournal.com\/es\/2026\/01\/26\/fluctuaciones-en-los-precios-spot-de-camiones\/#primaryimage"},"thumbnailUrl":"https:\/\/transportjournal.com\/wp-content\/uploads\/sites\/2\/2026\/01\/Screenshot-2026-01-26-100845-aspect-ratio-1400-788.jpg","keywords":["ACT Research","analyse du march\u00e9 du fret","augmentations de prix camion","camions de classe 8","capacit\u00e9 de transport routier","Class 8 trucks","conditions m\u00e9t\u00e9orologiques extr\u00eames logistique","d\u00e9sinflation du fret","Deutsch Lkw-Transport","Digitalisierung Logistik","Disinflation Fracht","economic expansion logistics","EPA NOx regulations","expansion \u00e9conomique logistique","extreme weather conditions logistics","extreme Wetterbedingungen Logistik","Fachkr\u00e4ftemangel Transport","Federal Reserve interest rates","Frachtsektor Trends","freight disinflation","freight market analysis","freight sector trends","industrie du transport France","infrastructure transport routier","Infrastruktur Lkw-Transport","Kapazit\u00e4t Lkw-Transport","labor shortage transport","Lkw-Klasse 8","Lkw-Preisentwicklung English truck transport","logistics digitization","logistique durable","Marktanalyse Fracht","nachhaltige Logistik","NOx-Vorschriften EPA","num\u00e9risation logistique","p\u00e9nurie de main-d'\u0153uvre transport","Preiserh\u00f6hungen Lkw","price increases trucking","prix spot camions","r\u00e9glementations NOx EPA","Spotpreise Lkw","sustainable logistics","tariffs Supreme Court","tarifs Cour supr\u00eame","taux d'int\u00e9r\u00eat R\u00e9serve f\u00e9d\u00e9rale","tendances des prix des camions","tendances du secteur du fret","transport industry USA","Transportwirtschaft Deutschland","truck spot prices","truck transport capacity","trucking infrastructure","trucking price trends Fran\u00e7ais transport routier","wirtschaftliche Expansion Logistik","Zinss\u00e4tze Federal Reserve","Z\u00f6lle Oberster Gerichtshof"],"articleSection":["Am\u00e9rica","Intermodal \/ Carretera"],"inLanguage":"es","potentialAction":[{"@type":"CommentAction","name":"Comment","target":["https:\/\/transportjournal.com\/es\/2026\/01\/26\/fluctuaciones-en-los-precios-spot-de-camiones\/#respond"]}]},{"@type":"WebPage","@id":"https:\/\/transportjournal.com\/es\/2026\/01\/26\/fluctuaciones-en-los-precios-spot-de-camiones\/","url":"https:\/\/transportjournal.com\/es\/2026\/01\/26\/fluctuaciones-en-los-precios-spot-de-camiones\/","name":"Fluctuaciones en los precios spot de camiones - ITJ | International Transport Journal","isPartOf":{"@id":"https:\/\/transportjournal.com\/es\/#website"},"primaryImageOfPage":{"@id":"https:\/\/transportjournal.com\/es\/2026\/01\/26\/fluctuaciones-en-los-precios-spot-de-camiones\/#primaryimage"},"image":{"@id":"https:\/\/transportjournal.com\/es\/2026\/01\/26\/fluctuaciones-en-los-precios-spot-de-camiones\/#primaryimage"},"thumbnailUrl":"https:\/\/transportjournal.com\/wp-content\/uploads\/sites\/2\/2026\/01\/Screenshot-2026-01-26-100845-aspect-ratio-1400-788.jpg","datePublished":"2026-01-26T09:00:43+00:00","breadcrumb":{"@id":"https:\/\/transportjournal.com\/es\/2026\/01\/26\/fluctuaciones-en-los-precios-spot-de-camiones\/#breadcrumb"},"inLanguage":"es","potentialAction":[{"@type":"ReadAction","target":["https:\/\/transportjournal.com\/es\/2026\/01\/26\/fluctuaciones-en-los-precios-spot-de-camiones\/"]}]},{"@type":"ImageObject","inLanguage":"es","@id":"https:\/\/transportjournal.com\/es\/2026\/01\/26\/fluctuaciones-en-los-precios-spot-de-camiones\/#primaryimage","url":"https:\/\/transportjournal.com\/wp-content\/uploads\/sites\/2\/2026\/01\/Screenshot-2026-01-26-100845-aspect-ratio-1400-788.jpg","contentUrl":"https:\/\/transportjournal.com\/wp-content\/uploads\/sites\/2\/2026\/01\/Screenshot-2026-01-26-100845-aspect-ratio-1400-788.jpg","width":722,"height":406},{"@type":"BreadcrumbList","@id":"https:\/\/transportjournal.com\/es\/2026\/01\/26\/fluctuaciones-en-los-precios-spot-de-camiones\/#breadcrumb","itemListElement":[{"@type":"ListItem","position":1,"name":"Startseite","item":"https:\/\/transportjournal.com\/es\/"},{"@type":"ListItem","position":2,"name":"Fluctuaciones en los precios spot de camiones"}]},{"@type":"WebSite","@id":"https:\/\/transportjournal.com\/es\/#website","url":"https:\/\/transportjournal.com\/es\/","name":"ITJ | International Transport Journal","description":"Stay informed with the latest global news from the transport, logistics, and supply chain industries. Transport Journal delivers expert insights, analysis, and updates across shipping, aviation, intermodal, and forwarding.","publisher":{"@id":"https:\/\/transportjournal.com\/es\/#organization"},"potentialAction":[{"@type":"SearchAction","target":{"@type":"EntryPoint","urlTemplate":"https:\/\/transportjournal.com\/es\/?s={search_term_string}"},"query-input":{"@type":"PropertyValueSpecification","valueRequired":true,"valueName":"search_term_string"}}],"inLanguage":"es"},{"@type":"Organization","@id":"https:\/\/transportjournal.com\/es\/#organization","name":"Grupo Logismedia AG","alternateName":"Logismedia Group AG","url":"https:\/\/transportjournal.com\/es\/","logo":{"@type":"ImageObject","inLanguage":"es","@id":"https:\/\/transportjournal.com\/es\/#\/schema\/logo\/image\/","url":"https:\/\/transportjournal.com\/wp-content\/uploads\/sites\/2\/2025\/09\/Logo_ITJ.png","contentUrl":"https:\/\/transportjournal.com\/wp-content\/uploads\/sites\/2\/2025\/09\/Logo_ITJ.png","width":799,"height":326,"caption":"Grupo Logismedia AG"},"image":{"@id":"https:\/\/transportjournal.com\/es\/#\/schema\/logo\/image\/"},"sameAs":["https:\/\/www.linkedin.com\/company\/56456496\/admin\/dashboard\/","https:\/\/www.instagram.com\/logismediagroup\/","https:\/\/www.youtube.com\/@LogiamediaGroupAG"]},{"@type":"Person","@id":"https:\/\/transportjournal.com\/es\/#\/schema\/person\/41d36b5474b623392fa613e97e2363fa","name":"Jeremy Soland","url":"https:\/\/transportjournal.com\/es\/author\/jeremy\/"}]}},"_links":{"self":[{"href":"https:\/\/transportjournal.com\/es\/wp-json\/wp\/v2\/posts\/74288","targetHints":{"allow":["GET"]}}],"collection":[{"href":"https:\/\/transportjournal.com\/es\/wp-json\/wp\/v2\/posts"}],"about":[{"href":"https:\/\/transportjournal.com\/es\/wp-json\/wp\/v2\/types\/post"}],"author":[{"embeddable":true,"href":"https:\/\/transportjournal.com\/es\/wp-json\/wp\/v2\/users\/10"}],"replies":[{"embeddable":true,"href":"https:\/\/transportjournal.com\/es\/wp-json\/wp\/v2\/comments?post=74288"}],"version-history":[{"count":0,"href":"https:\/\/transportjournal.com\/es\/wp-json\/wp\/v2\/posts\/74288\/revisions"}],"wp:featuredmedia":[{"embeddable":true,"href":"https:\/\/transportjournal.com\/es\/wp-json\/wp\/v2\/media\/74285"}],"wp:attachment":[{"href":"https:\/\/transportjournal.com\/es\/wp-json\/wp\/v2\/media?parent=74288"}],"wp:term":[{"taxonomy":"category","embeddable":true,"href":"https:\/\/transportjournal.com\/es\/wp-json\/wp\/v2\/categories?post=74288"},{"taxonomy":"post_tag","embeddable":true,"href":"https:\/\/transportjournal.com\/es\/wp-json\/wp\/v2\/tags?post=74288"}],"curies":[{"name":"wp","href":"https:\/\/api.w.org\/{rel}","templated":true}]}}