{"id":74250,"date":"2026-01-23T15:03:25","date_gmt":"2026-01-23T15:03:25","guid":{"rendered":"https:\/\/transportjournal.com\/2026\/01\/23\/emirates-skycargo-de-forma-permanente-en-lgg\/"},"modified":"2026-01-23T15:03:25","modified_gmt":"2026-01-23T15:03:25","slug":"emirates-skycargo-de-forma-permanente-en-lgg","status":"publish","type":"post","link":"https:\/\/transportjournal.com\/es\/2026\/01\/23\/emirates-skycargo-de-forma-permanente-en-lgg\/","title":{"rendered":"Emirates SkyCargo de forma permanente en LGG"},"content":{"rendered":"<p>Emirates SkyCargo ha incluido el aeropuerto belga de Lieja (LGG) en su red de vuelos de carga. Esta es la primera nueva destinaci\u00f3n para el a\u00f1o 2026, y la empresa planea expandirse significativamente a lo largo del a\u00f1o. La decisi\u00f3n sigue a una demanda sostenida que ha sido atendida en los \u00faltimos a\u00f1os a trav\u00e9s de servicios ad-hoc.<\/p>\n<p>El aeropuerto de Lieja est\u00e1 estrat\u00e9gicamente ubicado en el llamado &#8222;tri\u00e1ngulo dorado&#8220; entre \u00c1msterdam, Par\u00eds y Fr\u00e1ncfort, y se ha convertido en uno de los centros de carga de m\u00e1s r\u00e1pido crecimiento en el mundo. En 2025, el aeropuerto registr\u00f3 un aumento del volumen de carga del 14%. Emirates SkyCargo ya hab\u00eda atendido a Lieja en el pasado con vuelos de carga ad-hoc (foto) para transportar productos especializados como flores frescas y paquetes de comercio electr\u00f3nico. Adem\u00e1s, se ofrecieron vuelos ch\u00e1rter especiales para caballos a competiciones internacionales. Con la nueva conexi\u00f3n regular, la capacidad de carga disponible se incrementar\u00e1 en 500 t por semana.<\/p>\n<h3>Expansi\u00f3n de la oferta de carga<\/h3>\n<p>De los cinco vuelos de carga semanales, tres establecer\u00e1n conexiones entre Lieja y el Aeropuerto Internacional O&#8217;Hare en Chicago, as\u00ed como el Aeropuerto Internacional Al Maktoum en Dub\u00e1i. Estos vuelos est\u00e1n dise\u00f1ados para transportar productos farmac\u00e9uticos sensibles a la temperatura a trav\u00e9s de una cadena de fr\u00edo continua. Los dos vuelos restantes partir\u00e1n de Hong Kong y transportar\u00e1n env\u00edos de comercio electr\u00f3nico hacia y a trav\u00e9s de Lieja.<\/p>\n<p>Khawla Abdulla, Vice President of Cargo Commercial para Europa en Emirates SkyCargo, declar\u00f3: &#8222;La inclusi\u00f3n de Lieja en nuestra red de vuelos de carga es un paso estrat\u00e9gico que fortalece nuestra presencia en Europa y ofrece m\u00e1s conectividad a nuestros clientes globales.&#8220; En 2025, se transportaron m\u00e1s de 15,000 t de carga desde B\u00e9lgica, tanto a trav\u00e9s de vuelos de carga como de la capacidad de bodega de los vuelos de pasajeros hacia Bruselas. Abdulla espera un crecimiento significativo con la introducci\u00f3n de los cinco vuelos de carga semanales.<\/p>\n<p>Torsten Wefers, Vice President Sales and Marketing en el Aeropuerto de Lieja, tambi\u00e9n se expres\u00f3 positivamente sobre la nueva conexi\u00f3n: &#8222;Estamos honrados de que Emirates SkyCargo haya incluido el Aeropuerto de Lieja en su red global de vuelos de carga. Los nuevos servicios programados conectan Lieja con otros importantes aeropuertos globales, incluido el hub de Emirates SkyCargo en Dub\u00e1i.&#8220; Wefers enfatiz\u00f3 la creciente importancia del aeropuerto para la industria de carga a\u00e9rea europea y el fortalecimiento de su posici\u00f3n &#8222;como el mayor hub de carga europeo con un enfoque en productos farmac\u00e9uticos, productos frescos, animales vivos y entregas expr\u00e9s.&#8220;<\/p>\n<p>Emirates SkyCargo atiende a Europa con 38 aviones de carga y 538 vuelos de pasajeros por semana. La empresa planea seguir expandiendo su cobertura, entre otras cosas, con el anuncio de vuelos de pasajeros a Helsinki, que comenzar\u00e1n en octubre de 2026. Con la entrega de hasta diez nuevos Boeing 777F para diciembre de 2026, Emirates SkyCargo podr\u00e1 ampliar su red y atender m\u00e1s destinos con su producto y servicio.<\/p>\n<p>&nbsp;<\/p>\n<p><a href=\"https:\/\/www.skycargo.com\/\" target=\"_blank\" rel=\"noopener noreferrer\">www.skycargo.com<\/a><\/p>\n<p>&nbsp;<\/p>\n","protected":false},"excerpt":{"rendered":"<p>Emirates SkyCargo ampl\u00eda su red de vuelos de carga a Lieja en B\u00e9lgica para satisfacer la creciente demanda y aumentar significativamente la capacidad de carga.<\/p>\n","protected":false},"author":12,"featured_media":74247,"comment_status":"open","ping_status":"open","sticky":false,"template":"","format":"standard","meta":{"_acf_changed":false,"footnotes":""},"categories":[1606,1611,1612],"tags":[9066,9067,7017,2648,2252,2794,5507,9068,5285,9069,9070,2800,9071,9072,9073,5289,9074,9075,2810,5291,9076,9077,5293,2655,9078,9079,9080,2817,2277,9081,9082,2045,9083,1962,2634,9084,9085,9086,9087,9088,7052,9089,9090,9091,5311],"class_list":["post-74250","post","type-post","status-publish","format-standard","has-post-thumbnail","hentry","category-carga-aerea","category-europa","category-oriente-medio","tag-ad-hoc-cargo-flights","tag-ad-hoc-frachtfluege","tag-aeroport-de-liege","tag-air-freight","tag-air-freight-industry","tag-augmenter-la-capacite-de-fret","tag-avions-cargo","tag-cargo-aircraft-francais-emirates-skycargo","tag-cargo-flights","tag-cargo-network-europe","tag-competitions-internationales","tag-deutsch-emirates-skycargo","tag-e-commerce-shipments","tag-e-commerce-pakete","tag-envois-e-commerce","tag-frachtfluege","tag-frachtflugnetz-europa","tag-frachtflugzeuge-english-emirates-skycargo","tag-frachtkapazitaet-erhoehen","tag-frachtvolumen-2025","tag-frachtzentrum-belgien","tag-freight-hub-belgium","tag-freight-volume-2025","tag-fret-aerien","tag-golden-triangle","tag-goldenes-dreieck","tag-hub-de-fret-belgique","tag-increase-cargo-capacity","tag-industrie-du-fret-aerien","tag-international-competitions","tag-internationale-wettbewerbe","tag-liege-airport","tag-logistique-sous-temperature-controlee","tag-luftfracht","tag-luftfrachtindustrie","tag-pharmaceuticals-transport","tag-pharmazeutika-transport","tag-reseau-de-fret-europe","tag-temperature-controlled-logistics","tag-temperaturkontrollierte-logistik","tag-transport-de-produits-pharmaceutiques","tag-triangle-dor","tag-vols-cargo","tag-vols-cargo-ad-hoc","tag-volume-de-fret-2025"],"acf":[],"yoast_head":"<!-- This site is optimized with the Yoast SEO plugin v27.3 - https:\/\/yoast.com\/product\/yoast-seo-wordpress\/ -->\n<title>Emirates SkyCargo de forma permanente en LGG - ITJ | International Transport Journal<\/title>\n<meta name=\"robots\" content=\"index, follow, max-snippet:-1, max-image-preview:large, max-video-preview:-1\" \/>\n<link rel=\"canonical\" href=\"https:\/\/transportjournal.com\/es\/2026\/01\/23\/emirates-skycargo-de-forma-permanente-en-lgg\/\" \/>\n<meta property=\"og:locale\" content=\"es_ES\" \/>\n<meta property=\"og:type\" content=\"article\" \/>\n<meta property=\"og:title\" content=\"Emirates SkyCargo de forma permanente en LGG - ITJ | International Transport Journal\" \/>\n<meta property=\"og:description\" content=\"Emirates SkyCargo ampl\u00eda su red de vuelos de carga a Lieja en B\u00e9lgica para satisfacer la creciente demanda y aumentar significativamente la capacidad de carga.\" \/>\n<meta property=\"og:url\" content=\"https:\/\/transportjournal.com\/es\/2026\/01\/23\/emirates-skycargo-de-forma-permanente-en-lgg\/\" \/>\n<meta property=\"og:site_name\" content=\"ITJ | International Transport Journal\" \/>\n<meta property=\"article:published_time\" content=\"2026-01-23T15:03:25+00:00\" \/>\n<meta property=\"og:image\" content=\"https:\/\/transportjournal.com\/wp-content\/uploads\/sites\/2\/2026\/01\/LGG-Emirates-SkyCargo-556513928_31392595357051186_6402906136866486571_n-aspect-ratio-1400-788.jpg\" \/>\n\t<meta property=\"og:image:width\" content=\"2048\" \/>\n\t<meta property=\"og:image:height\" content=\"1153\" \/>\n\t<meta property=\"og:image:type\" content=\"image\/jpeg\" \/>\n<meta name=\"author\" content=\"Andreas Haug\" \/>\n<meta name=\"twitter:card\" content=\"summary_large_image\" \/>\n<meta name=\"twitter:label1\" content=\"Escrito por\" \/>\n\t<meta name=\"twitter:data1\" content=\"Andreas Haug\" \/>\n\t<meta name=\"twitter:label2\" content=\"Tiempo de lectura\" \/>\n\t<meta name=\"twitter:data2\" content=\"3 minuto\" \/>\n<script type=\"application\/ld+json\" class=\"yoast-schema-graph\">{\"@context\":\"https:\\\/\\\/schema.org\",\"@graph\":[{\"@type\":\"Article\",\"@id\":\"https:\\\/\\\/transportjournal.com\\\/es\\\/2026\\\/01\\\/23\\\/emirates-skycargo-de-forma-permanente-en-lgg\\\/#article\",\"isPartOf\":{\"@id\":\"https:\\\/\\\/transportjournal.com\\\/es\\\/2026\\\/01\\\/23\\\/emirates-skycargo-de-forma-permanente-en-lgg\\\/\"},\"author\":{\"name\":\"Andreas Haug\",\"@id\":\"https:\\\/\\\/transportjournal.com\\\/es\\\/#\\\/schema\\\/person\\\/cf538b3157f15afd7589245a4b3dbd25\"},\"headline\":\"Emirates SkyCargo de forma permanente en LGG\",\"datePublished\":\"2026-01-23T15:03:25+00:00\",\"mainEntityOfPage\":{\"@id\":\"https:\\\/\\\/transportjournal.com\\\/es\\\/2026\\\/01\\\/23\\\/emirates-skycargo-de-forma-permanente-en-lgg\\\/\"},\"wordCount\":543,\"commentCount\":0,\"publisher\":{\"@id\":\"https:\\\/\\\/transportjournal.com\\\/es\\\/#organization\"},\"image\":{\"@id\":\"https:\\\/\\\/transportjournal.com\\\/es\\\/2026\\\/01\\\/23\\\/emirates-skycargo-de-forma-permanente-en-lgg\\\/#primaryimage\"},\"thumbnailUrl\":\"https:\\\/\\\/transportjournal.com\\\/wp-content\\\/uploads\\\/sites\\\/2\\\/2026\\\/01\\\/LGG-Emirates-SkyCargo-556513928_31392595357051186_6402906136866486571_n-aspect-ratio-1400-788.jpg\",\"keywords\":[\"ad-hoc cargo flights\",\"Ad-hoc-Frachtfl\u00fcge\",\"a\u00e9roport de Li\u00e8ge\",\"air freight\",\"air freight industry\",\"augmenter la capacit\u00e9 de fret\",\"avions cargo\",\"cargo aircraft Fran\u00e7ais Emirates SkyCargo\",\"cargo flights\",\"cargo network Europe\",\"comp\u00e9titions internationales\",\"Deutsch Emirates SkyCargo\",\"e-commerce shipments\",\"E-Commerce-Pakete\",\"envois e-commerce\",\"Frachtfl\u00fcge\",\"Frachtflugnetz Europa\",\"Frachtflugzeuge English Emirates SkyCargo\",\"Frachtkapazit\u00e4t erh\u00f6hen\",\"Frachtvolumen 2025\",\"Frachtzentrum Belgien\",\"freight hub Belgium\",\"freight volume 2025\",\"fret a\u00e9rien\",\"golden triangle\",\"goldenes Dreieck\",\"hub de fret Belgique\",\"increase cargo capacity\",\"industrie du fret a\u00e9rien\",\"international competitions\",\"internationale Wettbewerbe\",\"Liege Airport\",\"logistique sous temp\u00e9rature contr\u00f4l\u00e9e\",\"Luftfracht\",\"Luftfrachtindustrie\",\"pharmaceuticals transport\",\"Pharmazeutika Transport\",\"r\u00e9seau de fret Europe\",\"temperature-controlled logistics\",\"temperaturkontrollierte Logistik\",\"transport de produits pharmaceutiques\",\"triangle d'or\",\"vols cargo\",\"vols cargo ad hoc\",\"volume de fret 2025\"],\"articleSection\":[\"Carga a\u00e9rea\",\"Europa\",\"Oriente Medio\"],\"inLanguage\":\"es\",\"potentialAction\":[{\"@type\":\"CommentAction\",\"name\":\"Comment\",\"target\":[\"https:\\\/\\\/transportjournal.com\\\/es\\\/2026\\\/01\\\/23\\\/emirates-skycargo-de-forma-permanente-en-lgg\\\/#respond\"]}]},{\"@type\":\"WebPage\",\"@id\":\"https:\\\/\\\/transportjournal.com\\\/es\\\/2026\\\/01\\\/23\\\/emirates-skycargo-de-forma-permanente-en-lgg\\\/\",\"url\":\"https:\\\/\\\/transportjournal.com\\\/es\\\/2026\\\/01\\\/23\\\/emirates-skycargo-de-forma-permanente-en-lgg\\\/\",\"name\":\"Emirates SkyCargo de forma permanente en LGG - ITJ | International Transport Journal\",\"isPartOf\":{\"@id\":\"https:\\\/\\\/transportjournal.com\\\/es\\\/#website\"},\"primaryImageOfPage\":{\"@id\":\"https:\\\/\\\/transportjournal.com\\\/es\\\/2026\\\/01\\\/23\\\/emirates-skycargo-de-forma-permanente-en-lgg\\\/#primaryimage\"},\"image\":{\"@id\":\"https:\\\/\\\/transportjournal.com\\\/es\\\/2026\\\/01\\\/23\\\/emirates-skycargo-de-forma-permanente-en-lgg\\\/#primaryimage\"},\"thumbnailUrl\":\"https:\\\/\\\/transportjournal.com\\\/wp-content\\\/uploads\\\/sites\\\/2\\\/2026\\\/01\\\/LGG-Emirates-SkyCargo-556513928_31392595357051186_6402906136866486571_n-aspect-ratio-1400-788.jpg\",\"datePublished\":\"2026-01-23T15:03:25+00:00\",\"breadcrumb\":{\"@id\":\"https:\\\/\\\/transportjournal.com\\\/es\\\/2026\\\/01\\\/23\\\/emirates-skycargo-de-forma-permanente-en-lgg\\\/#breadcrumb\"},\"inLanguage\":\"es\",\"potentialAction\":[{\"@type\":\"ReadAction\",\"target\":[\"https:\\\/\\\/transportjournal.com\\\/es\\\/2026\\\/01\\\/23\\\/emirates-skycargo-de-forma-permanente-en-lgg\\\/\"]}]},{\"@type\":\"ImageObject\",\"inLanguage\":\"es\",\"@id\":\"https:\\\/\\\/transportjournal.com\\\/es\\\/2026\\\/01\\\/23\\\/emirates-skycargo-de-forma-permanente-en-lgg\\\/#primaryimage\",\"url\":\"https:\\\/\\\/transportjournal.com\\\/wp-content\\\/uploads\\\/sites\\\/2\\\/2026\\\/01\\\/LGG-Emirates-SkyCargo-556513928_31392595357051186_6402906136866486571_n-aspect-ratio-1400-788.jpg\",\"contentUrl\":\"https:\\\/\\\/transportjournal.com\\\/wp-content\\\/uploads\\\/sites\\\/2\\\/2026\\\/01\\\/LGG-Emirates-SkyCargo-556513928_31392595357051186_6402906136866486571_n-aspect-ratio-1400-788.jpg\",\"width\":2048,\"height\":1153},{\"@type\":\"BreadcrumbList\",\"@id\":\"https:\\\/\\\/transportjournal.com\\\/es\\\/2026\\\/01\\\/23\\\/emirates-skycargo-de-forma-permanente-en-lgg\\\/#breadcrumb\",\"itemListElement\":[{\"@type\":\"ListItem\",\"position\":1,\"name\":\"Startseite\",\"item\":\"https:\\\/\\\/transportjournal.com\\\/es\\\/\"},{\"@type\":\"ListItem\",\"position\":2,\"name\":\"Emirates SkyCargo de forma permanente en LGG\"}]},{\"@type\":\"WebSite\",\"@id\":\"https:\\\/\\\/transportjournal.com\\\/es\\\/#website\",\"url\":\"https:\\\/\\\/transportjournal.com\\\/es\\\/\",\"name\":\"ITJ | International Transport Journal\",\"description\":\"Stay informed with the latest global news from the transport, logistics, and supply chain industries. Transport Journal delivers expert insights, analysis, and updates across shipping, aviation, intermodal, and forwarding.\",\"publisher\":{\"@id\":\"https:\\\/\\\/transportjournal.com\\\/es\\\/#organization\"},\"potentialAction\":[{\"@type\":\"SearchAction\",\"target\":{\"@type\":\"EntryPoint\",\"urlTemplate\":\"https:\\\/\\\/transportjournal.com\\\/es\\\/?s={search_term_string}\"},\"query-input\":{\"@type\":\"PropertyValueSpecification\",\"valueRequired\":true,\"valueName\":\"search_term_string\"}}],\"inLanguage\":\"es\"},{\"@type\":\"Organization\",\"@id\":\"https:\\\/\\\/transportjournal.com\\\/es\\\/#organization\",\"name\":\"Grupo Logismedia AG\",\"alternateName\":\"Logismedia Group AG\",\"url\":\"https:\\\/\\\/transportjournal.com\\\/es\\\/\",\"logo\":{\"@type\":\"ImageObject\",\"inLanguage\":\"es\",\"@id\":\"https:\\\/\\\/transportjournal.com\\\/es\\\/#\\\/schema\\\/logo\\\/image\\\/\",\"url\":\"https:\\\/\\\/transportjournal.com\\\/wp-content\\\/uploads\\\/sites\\\/2\\\/2025\\\/09\\\/Logo_ITJ.png\",\"contentUrl\":\"https:\\\/\\\/transportjournal.com\\\/wp-content\\\/uploads\\\/sites\\\/2\\\/2025\\\/09\\\/Logo_ITJ.png\",\"width\":799,\"height\":326,\"caption\":\"Grupo Logismedia AG\"},\"image\":{\"@id\":\"https:\\\/\\\/transportjournal.com\\\/es\\\/#\\\/schema\\\/logo\\\/image\\\/\"},\"sameAs\":[\"https:\\\/\\\/www.linkedin.com\\\/company\\\/56456496\\\/admin\\\/dashboard\\\/\",\"https:\\\/\\\/www.instagram.com\\\/logismediagroup\\\/\",\"https:\\\/\\\/www.youtube.com\\\/@LogiamediaGroupAG\"]},{\"@type\":\"Person\",\"@id\":\"https:\\\/\\\/transportjournal.com\\\/es\\\/#\\\/schema\\\/person\\\/cf538b3157f15afd7589245a4b3dbd25\",\"name\":\"Andreas Haug\",\"url\":\"https:\\\/\\\/transportjournal.com\\\/es\\\/author\\\/andreas\\\/\"}]}<\/script>\n<!-- \/ Yoast SEO plugin. -->","yoast_head_json":{"title":"Emirates SkyCargo de forma permanente en LGG - ITJ | International Transport Journal","robots":{"index":"index","follow":"follow","max-snippet":"max-snippet:-1","max-image-preview":"max-image-preview:large","max-video-preview":"max-video-preview:-1"},"canonical":"https:\/\/transportjournal.com\/es\/2026\/01\/23\/emirates-skycargo-de-forma-permanente-en-lgg\/","og_locale":"es_ES","og_type":"article","og_title":"Emirates SkyCargo de forma permanente en LGG - ITJ | International Transport Journal","og_description":"Emirates SkyCargo ampl\u00eda su red de vuelos de carga a Lieja en B\u00e9lgica para satisfacer la creciente demanda y aumentar significativamente la capacidad de carga.","og_url":"https:\/\/transportjournal.com\/es\/2026\/01\/23\/emirates-skycargo-de-forma-permanente-en-lgg\/","og_site_name":"ITJ | International Transport Journal","article_published_time":"2026-01-23T15:03:25+00:00","og_image":[{"width":2048,"height":1153,"url":"https:\/\/transportjournal.com\/wp-content\/uploads\/sites\/2\/2026\/01\/LGG-Emirates-SkyCargo-556513928_31392595357051186_6402906136866486571_n-aspect-ratio-1400-788.jpg","type":"image\/jpeg"}],"author":"Andreas Haug","twitter_card":"summary_large_image","twitter_misc":{"Escrito por":"Andreas Haug","Tiempo de lectura":"3 minuto"},"schema":{"@context":"https:\/\/schema.org","@graph":[{"@type":"Article","@id":"https:\/\/transportjournal.com\/es\/2026\/01\/23\/emirates-skycargo-de-forma-permanente-en-lgg\/#article","isPartOf":{"@id":"https:\/\/transportjournal.com\/es\/2026\/01\/23\/emirates-skycargo-de-forma-permanente-en-lgg\/"},"author":{"name":"Andreas Haug","@id":"https:\/\/transportjournal.com\/es\/#\/schema\/person\/cf538b3157f15afd7589245a4b3dbd25"},"headline":"Emirates SkyCargo de forma permanente en LGG","datePublished":"2026-01-23T15:03:25+00:00","mainEntityOfPage":{"@id":"https:\/\/transportjournal.com\/es\/2026\/01\/23\/emirates-skycargo-de-forma-permanente-en-lgg\/"},"wordCount":543,"commentCount":0,"publisher":{"@id":"https:\/\/transportjournal.com\/es\/#organization"},"image":{"@id":"https:\/\/transportjournal.com\/es\/2026\/01\/23\/emirates-skycargo-de-forma-permanente-en-lgg\/#primaryimage"},"thumbnailUrl":"https:\/\/transportjournal.com\/wp-content\/uploads\/sites\/2\/2026\/01\/LGG-Emirates-SkyCargo-556513928_31392595357051186_6402906136866486571_n-aspect-ratio-1400-788.jpg","keywords":["ad-hoc cargo flights","Ad-hoc-Frachtfl\u00fcge","a\u00e9roport de Li\u00e8ge","air freight","air freight industry","augmenter la capacit\u00e9 de fret","avions cargo","cargo aircraft Fran\u00e7ais Emirates SkyCargo","cargo flights","cargo network Europe","comp\u00e9titions internationales","Deutsch Emirates SkyCargo","e-commerce shipments","E-Commerce-Pakete","envois e-commerce","Frachtfl\u00fcge","Frachtflugnetz Europa","Frachtflugzeuge English Emirates SkyCargo","Frachtkapazit\u00e4t erh\u00f6hen","Frachtvolumen 2025","Frachtzentrum Belgien","freight hub Belgium","freight volume 2025","fret a\u00e9rien","golden triangle","goldenes Dreieck","hub de fret Belgique","increase cargo capacity","industrie du fret a\u00e9rien","international competitions","internationale Wettbewerbe","Liege Airport","logistique sous temp\u00e9rature contr\u00f4l\u00e9e","Luftfracht","Luftfrachtindustrie","pharmaceuticals transport","Pharmazeutika Transport","r\u00e9seau de fret Europe","temperature-controlled logistics","temperaturkontrollierte Logistik","transport de produits pharmaceutiques","triangle d'or","vols cargo","vols cargo ad hoc","volume de fret 2025"],"articleSection":["Carga a\u00e9rea","Europa","Oriente Medio"],"inLanguage":"es","potentialAction":[{"@type":"CommentAction","name":"Comment","target":["https:\/\/transportjournal.com\/es\/2026\/01\/23\/emirates-skycargo-de-forma-permanente-en-lgg\/#respond"]}]},{"@type":"WebPage","@id":"https:\/\/transportjournal.com\/es\/2026\/01\/23\/emirates-skycargo-de-forma-permanente-en-lgg\/","url":"https:\/\/transportjournal.com\/es\/2026\/01\/23\/emirates-skycargo-de-forma-permanente-en-lgg\/","name":"Emirates SkyCargo de forma permanente en LGG - ITJ | International Transport Journal","isPartOf":{"@id":"https:\/\/transportjournal.com\/es\/#website"},"primaryImageOfPage":{"@id":"https:\/\/transportjournal.com\/es\/2026\/01\/23\/emirates-skycargo-de-forma-permanente-en-lgg\/#primaryimage"},"image":{"@id":"https:\/\/transportjournal.com\/es\/2026\/01\/23\/emirates-skycargo-de-forma-permanente-en-lgg\/#primaryimage"},"thumbnailUrl":"https:\/\/transportjournal.com\/wp-content\/uploads\/sites\/2\/2026\/01\/LGG-Emirates-SkyCargo-556513928_31392595357051186_6402906136866486571_n-aspect-ratio-1400-788.jpg","datePublished":"2026-01-23T15:03:25+00:00","breadcrumb":{"@id":"https:\/\/transportjournal.com\/es\/2026\/01\/23\/emirates-skycargo-de-forma-permanente-en-lgg\/#breadcrumb"},"inLanguage":"es","potentialAction":[{"@type":"ReadAction","target":["https:\/\/transportjournal.com\/es\/2026\/01\/23\/emirates-skycargo-de-forma-permanente-en-lgg\/"]}]},{"@type":"ImageObject","inLanguage":"es","@id":"https:\/\/transportjournal.com\/es\/2026\/01\/23\/emirates-skycargo-de-forma-permanente-en-lgg\/#primaryimage","url":"https:\/\/transportjournal.com\/wp-content\/uploads\/sites\/2\/2026\/01\/LGG-Emirates-SkyCargo-556513928_31392595357051186_6402906136866486571_n-aspect-ratio-1400-788.jpg","contentUrl":"https:\/\/transportjournal.com\/wp-content\/uploads\/sites\/2\/2026\/01\/LGG-Emirates-SkyCargo-556513928_31392595357051186_6402906136866486571_n-aspect-ratio-1400-788.jpg","width":2048,"height":1153},{"@type":"BreadcrumbList","@id":"https:\/\/transportjournal.com\/es\/2026\/01\/23\/emirates-skycargo-de-forma-permanente-en-lgg\/#breadcrumb","itemListElement":[{"@type":"ListItem","position":1,"name":"Startseite","item":"https:\/\/transportjournal.com\/es\/"},{"@type":"ListItem","position":2,"name":"Emirates SkyCargo de forma permanente en LGG"}]},{"@type":"WebSite","@id":"https:\/\/transportjournal.com\/es\/#website","url":"https:\/\/transportjournal.com\/es\/","name":"ITJ | International Transport Journal","description":"Stay informed with the latest global news from the transport, logistics, and supply chain industries. Transport Journal delivers expert insights, analysis, and updates across shipping, aviation, intermodal, and forwarding.","publisher":{"@id":"https:\/\/transportjournal.com\/es\/#organization"},"potentialAction":[{"@type":"SearchAction","target":{"@type":"EntryPoint","urlTemplate":"https:\/\/transportjournal.com\/es\/?s={search_term_string}"},"query-input":{"@type":"PropertyValueSpecification","valueRequired":true,"valueName":"search_term_string"}}],"inLanguage":"es"},{"@type":"Organization","@id":"https:\/\/transportjournal.com\/es\/#organization","name":"Grupo Logismedia AG","alternateName":"Logismedia Group AG","url":"https:\/\/transportjournal.com\/es\/","logo":{"@type":"ImageObject","inLanguage":"es","@id":"https:\/\/transportjournal.com\/es\/#\/schema\/logo\/image\/","url":"https:\/\/transportjournal.com\/wp-content\/uploads\/sites\/2\/2025\/09\/Logo_ITJ.png","contentUrl":"https:\/\/transportjournal.com\/wp-content\/uploads\/sites\/2\/2025\/09\/Logo_ITJ.png","width":799,"height":326,"caption":"Grupo Logismedia AG"},"image":{"@id":"https:\/\/transportjournal.com\/es\/#\/schema\/logo\/image\/"},"sameAs":["https:\/\/www.linkedin.com\/company\/56456496\/admin\/dashboard\/","https:\/\/www.instagram.com\/logismediagroup\/","https:\/\/www.youtube.com\/@LogiamediaGroupAG"]},{"@type":"Person","@id":"https:\/\/transportjournal.com\/es\/#\/schema\/person\/cf538b3157f15afd7589245a4b3dbd25","name":"Andreas Haug","url":"https:\/\/transportjournal.com\/es\/author\/andreas\/"}]}},"_links":{"self":[{"href":"https:\/\/transportjournal.com\/es\/wp-json\/wp\/v2\/posts\/74250","targetHints":{"allow":["GET"]}}],"collection":[{"href":"https:\/\/transportjournal.com\/es\/wp-json\/wp\/v2\/posts"}],"about":[{"href":"https:\/\/transportjournal.com\/es\/wp-json\/wp\/v2\/types\/post"}],"author":[{"embeddable":true,"href":"https:\/\/transportjournal.com\/es\/wp-json\/wp\/v2\/users\/12"}],"replies":[{"embeddable":true,"href":"https:\/\/transportjournal.com\/es\/wp-json\/wp\/v2\/comments?post=74250"}],"version-history":[{"count":0,"href":"https:\/\/transportjournal.com\/es\/wp-json\/wp\/v2\/posts\/74250\/revisions"}],"wp:featuredmedia":[{"embeddable":true,"href":"https:\/\/transportjournal.com\/es\/wp-json\/wp\/v2\/media\/74247"}],"wp:attachment":[{"href":"https:\/\/transportjournal.com\/es\/wp-json\/wp\/v2\/media?parent=74250"}],"wp:term":[{"taxonomy":"category","embeddable":true,"href":"https:\/\/transportjournal.com\/es\/wp-json\/wp\/v2\/categories?post=74250"},{"taxonomy":"post_tag","embeddable":true,"href":"https:\/\/transportjournal.com\/es\/wp-json\/wp\/v2\/tags?post=74250"}],"curies":[{"name":"wp","href":"https:\/\/api.w.org\/{rel}","templated":true}]}}