{"id":74224,"date":"2026-01-23T08:23:52","date_gmt":"2026-01-23T08:23:52","guid":{"rendered":"https:\/\/transportjournal.com\/2026\/01\/23\/ansali-group-celebra-75-anos-de-existencia\/"},"modified":"2026-01-23T08:23:52","modified_gmt":"2026-01-23T08:23:52","slug":"ansali-group-celebra-75-anos-de-existencia","status":"publish","type":"post","link":"https:\/\/transportjournal.com\/es\/2026\/01\/23\/ansali-group-celebra-75-anos-de-existencia\/","title":{"rendered":"Ansali Group celebra 75 a\u00f1os de existencia"},"content":{"rendered":"<p>El grupo Ansali de Chiasso celebra este a\u00f1o su 75 aniversario. La empresa, especializada en el transporte internacional de mercanc\u00edas, tiene una larga historia caracterizada por la fiabilidad, la precisi\u00f3n y un alto grado de atenci\u00f3n al detalle. Estas cualidades han permitido a la empresa mantenerse a lo largo de los a\u00f1os en un mercado en constante cambio.<\/p>\n<p>El desarrollo de Ansali es el resultado de s\u00f3lidos conocimientos t\u00e9cnicos y decisiones coherentes. La empresa siempre ha atendido las necesidades de sus clientes y ha cumplido con sus requisitos de transporte a nivel mundial. Esta orientaci\u00f3n al cliente es un componente central de la filosof\u00eda empresarial, que ha demostrado su val\u00eda a lo largo de las d\u00e9cadas.<\/p>\n<h3>Una mirada al pasado y al futuro<\/h3>\n<p>La historia de Ansali est\u00e1 marcada por la capacidad de adaptarse a nuevos mercados y tecnolog\u00edas. La empresa ha sabido evolucionar continuamente, manteniendo su enfoque de trabajo riguroso y responsable. Esta adaptabilidad ha permitido a Ansali operar con \u00e9xito a lo largo de generaciones, manteniendo siempre la calidad del servicio en el centro de su atenci\u00f3n.<\/p>\n<p>Con motivo del aniversario de la fundaci\u00f3n de la empresa el 21 de enero de 1951, la empresa enfatiza que desea mirar hacia el futuro con el mismo compromiso y visi\u00f3n. La continua evoluci\u00f3n y la b\u00fasqueda de la innovaci\u00f3n siguen siendo elementos centrales de la estrategia empresarial. Ansali se muestra dispuesto a enfrentar los desaf\u00edos del mercado en los pr\u00f3ximos a\u00f1os y a mantener los altos est\u00e1ndares que se ha fijado.<\/p>\n<p>&nbsp;<\/p>\n<p><a href=\"https:\/\/www.ansali.net\/\" target=\"_blank\" rel=\"noopener noreferrer\">www.ansali.net<\/a><\/p>\n<p>&nbsp;<\/p>\n","protected":false},"excerpt":{"rendered":"<p>El grupo Ansali de Chiasso celebra su 75 aniversario y sigue comprometido a cumplir con los altos est\u00e1ndares en el transporte internacional.<\/p>\n","protected":false},"author":12,"featured_media":74221,"comment_status":"open","ping_status":"open","sticky":false,"template":"","format":"standard","meta":{"_acf_changed":false,"footnotes":""},"categories":[1611,1603,1605],"tags":[8954,8955,8956,8957,8958,8959,8960,8961,3739,5180,4231,2700,4091,2123,8962,8963,8964,3745,2075,8965,8966,8967,2279,8968,8969,8970,8971,6478,8972,8973,2282,8974,8975,8976,5112,4254,8977,8978,6489,8979,8980,8981,8982,8983,8984,8985,8986,5119,2106,5120,6500,3536,3537,2837,8987,8988,8989],"class_list":["post-74224","post","type-post","status-publish","format-standard","has-post-thumbnail","hentry","category-europa","category-personas-y-empresas","category-expedicion-y-logistica","tag-75-ans-dansali","tag-75-jahre-ansali","tag-75-years-of-ansali","tag-adaptation-au-marche-dans-le-transport","tag-ansali-company-history","tag-ansali-unternehmensgeschichte","tag-customer-orientation-in-logistics","tag-deutsch-ansali","tag-developpement-des-infrastructures","tag-digitalisierung-im-transport","tag-digitalization-in-transport","tag-fachkraeftemangel-in-der-logistik","tag-freight-transport","tag-gestion-de-la-chaine-dapprovisionnement","tag-gestion-de-la-qualite-en-logistique","tag-hafenbetrieb-chiasso","tag-histoire-de-lentreprise-ansali","tag-infrastructure-development","tag-infrastrukturentwicklung","tag-innovation-en-logistique","tag-innovation-in-der-logistik-english-ansali","tag-innovation-in-logistics-francais-ansali","tag-international-logistics","tag-international-transport-markets","tag-internationale-transportmaerkte","tag-internationales-transportwesen","tag-kundenorientierung-in-der-logistik","tag-labor-shortage-in-logistics","tag-logistics-provider-switzerland","tag-logistikdienstleister-schweiz","tag-logistique-internationale","tag-marches-du-transport-international","tag-market-adaptation-in-transport","tag-marktanpassung-im-transport","tag-nachhaltige-logistikloesungen","tag-numerisation-dans-le-transport","tag-operations-portuaires-chiasso","tag-orientation-client-en-logistique","tag-penurie-de-main-doeuvre-en-logistique","tag-port-operations-chiasso","tag-praeziser-transport","tag-precise-transportation","tag-prestataire-logistique-suisse","tag-qualitaetsmanagement-in-der-logistik","tag-quality-management-in-logistics","tag-responsabilite-dans-lindustrie-du-transport","tag-responsibility-in-transport-industry","tag-solutions-logistiques-durables","tag-supply-chain-management","tag-sustainable-logistics-solutions","tag-technologie-en-logistique","tag-technologie-in-der-logistik","tag-technology-in-logistics","tag-transport-de-marchandises","tag-transport-precis","tag-transport-von-waren","tag-verantwortung-in-der-transportwirtschaft"],"acf":[],"yoast_head":"<!-- This site is optimized with the Yoast SEO plugin v27.3 - https:\/\/yoast.com\/product\/yoast-seo-wordpress\/ -->\n<title>Ansali Group celebra 75 a\u00f1os de existencia - ITJ | International Transport Journal<\/title>\n<meta name=\"robots\" content=\"index, follow, max-snippet:-1, max-image-preview:large, max-video-preview:-1\" \/>\n<link rel=\"canonical\" href=\"https:\/\/transportjournal.com\/es\/2026\/01\/23\/ansali-group-celebra-75-anos-de-existencia\/\" \/>\n<meta property=\"og:locale\" content=\"es_ES\" \/>\n<meta property=\"og:type\" content=\"article\" \/>\n<meta property=\"og:title\" content=\"Ansali Group celebra 75 a\u00f1os de existencia - ITJ | International Transport Journal\" \/>\n<meta property=\"og:description\" content=\"El grupo Ansali de Chiasso celebra su 75 aniversario y sigue comprometido a cumplir con los altos est\u00e1ndares en el transporte internacional.\" \/>\n<meta property=\"og:url\" content=\"https:\/\/transportjournal.com\/es\/2026\/01\/23\/ansali-group-celebra-75-anos-de-existencia\/\" \/>\n<meta property=\"og:site_name\" content=\"ITJ | International Transport Journal\" \/>\n<meta property=\"article:published_time\" content=\"2026-01-23T08:23:52+00:00\" \/>\n<meta property=\"og:image\" content=\"https:\/\/transportjournal.com\/wp-content\/uploads\/sites\/2\/2026\/01\/Ansali-1768904340448-aspect-ratio-1400-788.jpg\" \/>\n\t<meta property=\"og:image:width\" content=\"1280\" \/>\n\t<meta property=\"og:image:height\" content=\"721\" \/>\n\t<meta property=\"og:image:type\" content=\"image\/jpeg\" \/>\n<meta name=\"author\" content=\"Andreas Haug\" \/>\n<meta name=\"twitter:card\" content=\"summary_large_image\" \/>\n<meta name=\"twitter:label1\" content=\"Escrito por\" \/>\n\t<meta name=\"twitter:data1\" content=\"Andreas Haug\" \/>\n\t<meta name=\"twitter:label2\" content=\"Tiempo de lectura\" \/>\n\t<meta name=\"twitter:data2\" content=\"1 minuto\" \/>\n<script type=\"application\/ld+json\" class=\"yoast-schema-graph\">{\"@context\":\"https:\\\/\\\/schema.org\",\"@graph\":[{\"@type\":\"Article\",\"@id\":\"https:\\\/\\\/transportjournal.com\\\/es\\\/2026\\\/01\\\/23\\\/ansali-group-celebra-75-anos-de-existencia\\\/#article\",\"isPartOf\":{\"@id\":\"https:\\\/\\\/transportjournal.com\\\/es\\\/2026\\\/01\\\/23\\\/ansali-group-celebra-75-anos-de-existencia\\\/\"},\"author\":{\"name\":\"Andreas Haug\",\"@id\":\"https:\\\/\\\/transportjournal.com\\\/es\\\/#\\\/schema\\\/person\\\/cf538b3157f15afd7589245a4b3dbd25\"},\"headline\":\"Ansali Group celebra 75 a\u00f1os de existencia\",\"datePublished\":\"2026-01-23T08:23:52+00:00\",\"mainEntityOfPage\":{\"@id\":\"https:\\\/\\\/transportjournal.com\\\/es\\\/2026\\\/01\\\/23\\\/ansali-group-celebra-75-anos-de-existencia\\\/\"},\"wordCount\":282,\"commentCount\":0,\"publisher\":{\"@id\":\"https:\\\/\\\/transportjournal.com\\\/es\\\/#organization\"},\"image\":{\"@id\":\"https:\\\/\\\/transportjournal.com\\\/es\\\/2026\\\/01\\\/23\\\/ansali-group-celebra-75-anos-de-existencia\\\/#primaryimage\"},\"thumbnailUrl\":\"https:\\\/\\\/transportjournal.com\\\/wp-content\\\/uploads\\\/sites\\\/2\\\/2026\\\/01\\\/Ansali-1768904340448-aspect-ratio-1400-788.jpg\",\"keywords\":[\"75 ans d'Ansali\",\"75 Jahre Ansali\",\"75 years of Ansali\",\"adaptation au march\u00e9 dans le transport\",\"Ansali company history\",\"Ansali Unternehmensgeschichte\",\"customer orientation in logistics\",\"Deutsch Ansali\",\"d\u00e9veloppement des infrastructures\",\"Digitalisierung im Transport\",\"digitalization in transport\",\"Fachkr\u00e4ftemangel in der Logistik\",\"freight transport\",\"gestion de la cha\u00eene d'approvisionnement\",\"gestion de la qualit\u00e9 en logistique\",\"Hafenbetrieb Chiasso\",\"histoire de l'entreprise Ansali\",\"infrastructure development\",\"Infrastrukturentwicklung\",\"innovation en logistique\",\"Innovation in der Logistik English Ansali\",\"innovation in logistics Fran\u00e7ais Ansali\",\"international logistics\",\"international transport markets\",\"internationale Transportm\u00e4rkte\",\"internationales Transportwesen\",\"Kundenorientierung in der Logistik\",\"labor shortage in logistics\",\"logistics provider Switzerland\",\"Logistikdienstleister Schweiz\",\"logistique internationale\",\"march\u00e9s du transport international\",\"market adaptation in transport\",\"Marktanpassung im Transport\",\"nachhaltige Logistikl\u00f6sungen\",\"num\u00e9risation dans le transport\",\"op\u00e9rations portuaires Chiasso\",\"orientation client en logistique\",\"p\u00e9nurie de main-d'\u0153uvre en logistique\",\"port operations Chiasso\",\"pr\u00e4ziser Transport\",\"precise transportation\",\"prestataire logistique Suisse\",\"Qualit\u00e4tsmanagement in der Logistik\",\"quality management in logistics\",\"responsabilit\u00e9 dans l'industrie du transport\",\"responsibility in transport industry\",\"solutions logistiques durables\",\"Supply Chain Management\",\"sustainable logistics solutions\",\"technologie en logistique\",\"Technologie in der Logistik\",\"technology in logistics\",\"transport de marchandises\",\"transport pr\u00e9cis\",\"Transport von Waren\",\"Verantwortung in der Transportwirtschaft\"],\"articleSection\":[\"Europa\",\"Personas y empresas\",\"Transporte de mercanc\u00edas y log\u00edstica\"],\"inLanguage\":\"es\",\"potentialAction\":[{\"@type\":\"CommentAction\",\"name\":\"Comment\",\"target\":[\"https:\\\/\\\/transportjournal.com\\\/es\\\/2026\\\/01\\\/23\\\/ansali-group-celebra-75-anos-de-existencia\\\/#respond\"]}]},{\"@type\":\"WebPage\",\"@id\":\"https:\\\/\\\/transportjournal.com\\\/es\\\/2026\\\/01\\\/23\\\/ansali-group-celebra-75-anos-de-existencia\\\/\",\"url\":\"https:\\\/\\\/transportjournal.com\\\/es\\\/2026\\\/01\\\/23\\\/ansali-group-celebra-75-anos-de-existencia\\\/\",\"name\":\"Ansali Group celebra 75 a\u00f1os de existencia - ITJ | International Transport Journal\",\"isPartOf\":{\"@id\":\"https:\\\/\\\/transportjournal.com\\\/es\\\/#website\"},\"primaryImageOfPage\":{\"@id\":\"https:\\\/\\\/transportjournal.com\\\/es\\\/2026\\\/01\\\/23\\\/ansali-group-celebra-75-anos-de-existencia\\\/#primaryimage\"},\"image\":{\"@id\":\"https:\\\/\\\/transportjournal.com\\\/es\\\/2026\\\/01\\\/23\\\/ansali-group-celebra-75-anos-de-existencia\\\/#primaryimage\"},\"thumbnailUrl\":\"https:\\\/\\\/transportjournal.com\\\/wp-content\\\/uploads\\\/sites\\\/2\\\/2026\\\/01\\\/Ansali-1768904340448-aspect-ratio-1400-788.jpg\",\"datePublished\":\"2026-01-23T08:23:52+00:00\",\"breadcrumb\":{\"@id\":\"https:\\\/\\\/transportjournal.com\\\/es\\\/2026\\\/01\\\/23\\\/ansali-group-celebra-75-anos-de-existencia\\\/#breadcrumb\"},\"inLanguage\":\"es\",\"potentialAction\":[{\"@type\":\"ReadAction\",\"target\":[\"https:\\\/\\\/transportjournal.com\\\/es\\\/2026\\\/01\\\/23\\\/ansali-group-celebra-75-anos-de-existencia\\\/\"]}]},{\"@type\":\"ImageObject\",\"inLanguage\":\"es\",\"@id\":\"https:\\\/\\\/transportjournal.com\\\/es\\\/2026\\\/01\\\/23\\\/ansali-group-celebra-75-anos-de-existencia\\\/#primaryimage\",\"url\":\"https:\\\/\\\/transportjournal.com\\\/wp-content\\\/uploads\\\/sites\\\/2\\\/2026\\\/01\\\/Ansali-1768904340448-aspect-ratio-1400-788.jpg\",\"contentUrl\":\"https:\\\/\\\/transportjournal.com\\\/wp-content\\\/uploads\\\/sites\\\/2\\\/2026\\\/01\\\/Ansali-1768904340448-aspect-ratio-1400-788.jpg\",\"width\":1280,\"height\":721},{\"@type\":\"BreadcrumbList\",\"@id\":\"https:\\\/\\\/transportjournal.com\\\/es\\\/2026\\\/01\\\/23\\\/ansali-group-celebra-75-anos-de-existencia\\\/#breadcrumb\",\"itemListElement\":[{\"@type\":\"ListItem\",\"position\":1,\"name\":\"Startseite\",\"item\":\"https:\\\/\\\/transportjournal.com\\\/es\\\/\"},{\"@type\":\"ListItem\",\"position\":2,\"name\":\"Ansali Group celebra 75 a\u00f1os de existencia\"}]},{\"@type\":\"WebSite\",\"@id\":\"https:\\\/\\\/transportjournal.com\\\/es\\\/#website\",\"url\":\"https:\\\/\\\/transportjournal.com\\\/es\\\/\",\"name\":\"ITJ | International Transport Journal\",\"description\":\"Stay informed with the latest global news from the transport, logistics, and supply chain industries. Transport Journal delivers expert insights, analysis, and updates across shipping, aviation, intermodal, and forwarding.\",\"publisher\":{\"@id\":\"https:\\\/\\\/transportjournal.com\\\/es\\\/#organization\"},\"potentialAction\":[{\"@type\":\"SearchAction\",\"target\":{\"@type\":\"EntryPoint\",\"urlTemplate\":\"https:\\\/\\\/transportjournal.com\\\/es\\\/?s={search_term_string}\"},\"query-input\":{\"@type\":\"PropertyValueSpecification\",\"valueRequired\":true,\"valueName\":\"search_term_string\"}}],\"inLanguage\":\"es\"},{\"@type\":\"Organization\",\"@id\":\"https:\\\/\\\/transportjournal.com\\\/es\\\/#organization\",\"name\":\"Grupo Logismedia AG\",\"alternateName\":\"Logismedia Group AG\",\"url\":\"https:\\\/\\\/transportjournal.com\\\/es\\\/\",\"logo\":{\"@type\":\"ImageObject\",\"inLanguage\":\"es\",\"@id\":\"https:\\\/\\\/transportjournal.com\\\/es\\\/#\\\/schema\\\/logo\\\/image\\\/\",\"url\":\"https:\\\/\\\/transportjournal.com\\\/wp-content\\\/uploads\\\/sites\\\/2\\\/2025\\\/09\\\/Logo_ITJ.png\",\"contentUrl\":\"https:\\\/\\\/transportjournal.com\\\/wp-content\\\/uploads\\\/sites\\\/2\\\/2025\\\/09\\\/Logo_ITJ.png\",\"width\":799,\"height\":326,\"caption\":\"Grupo Logismedia AG\"},\"image\":{\"@id\":\"https:\\\/\\\/transportjournal.com\\\/es\\\/#\\\/schema\\\/logo\\\/image\\\/\"},\"sameAs\":[\"https:\\\/\\\/www.linkedin.com\\\/company\\\/56456496\\\/admin\\\/dashboard\\\/\",\"https:\\\/\\\/www.instagram.com\\\/logismediagroup\\\/\",\"https:\\\/\\\/www.youtube.com\\\/@LogiamediaGroupAG\"]},{\"@type\":\"Person\",\"@id\":\"https:\\\/\\\/transportjournal.com\\\/es\\\/#\\\/schema\\\/person\\\/cf538b3157f15afd7589245a4b3dbd25\",\"name\":\"Andreas Haug\",\"url\":\"https:\\\/\\\/transportjournal.com\\\/es\\\/author\\\/andreas\\\/\"}]}<\/script>\n<!-- \/ Yoast SEO plugin. -->","yoast_head_json":{"title":"Ansali Group celebra 75 a\u00f1os de existencia - ITJ | International Transport Journal","robots":{"index":"index","follow":"follow","max-snippet":"max-snippet:-1","max-image-preview":"max-image-preview:large","max-video-preview":"max-video-preview:-1"},"canonical":"https:\/\/transportjournal.com\/es\/2026\/01\/23\/ansali-group-celebra-75-anos-de-existencia\/","og_locale":"es_ES","og_type":"article","og_title":"Ansali Group celebra 75 a\u00f1os de existencia - ITJ | International Transport Journal","og_description":"El grupo Ansali de Chiasso celebra su 75 aniversario y sigue comprometido a cumplir con los altos est\u00e1ndares en el transporte internacional.","og_url":"https:\/\/transportjournal.com\/es\/2026\/01\/23\/ansali-group-celebra-75-anos-de-existencia\/","og_site_name":"ITJ | International Transport Journal","article_published_time":"2026-01-23T08:23:52+00:00","og_image":[{"width":1280,"height":721,"url":"https:\/\/transportjournal.com\/wp-content\/uploads\/sites\/2\/2026\/01\/Ansali-1768904340448-aspect-ratio-1400-788.jpg","type":"image\/jpeg"}],"author":"Andreas Haug","twitter_card":"summary_large_image","twitter_misc":{"Escrito por":"Andreas Haug","Tiempo de lectura":"1 minuto"},"schema":{"@context":"https:\/\/schema.org","@graph":[{"@type":"Article","@id":"https:\/\/transportjournal.com\/es\/2026\/01\/23\/ansali-group-celebra-75-anos-de-existencia\/#article","isPartOf":{"@id":"https:\/\/transportjournal.com\/es\/2026\/01\/23\/ansali-group-celebra-75-anos-de-existencia\/"},"author":{"name":"Andreas Haug","@id":"https:\/\/transportjournal.com\/es\/#\/schema\/person\/cf538b3157f15afd7589245a4b3dbd25"},"headline":"Ansali Group celebra 75 a\u00f1os de existencia","datePublished":"2026-01-23T08:23:52+00:00","mainEntityOfPage":{"@id":"https:\/\/transportjournal.com\/es\/2026\/01\/23\/ansali-group-celebra-75-anos-de-existencia\/"},"wordCount":282,"commentCount":0,"publisher":{"@id":"https:\/\/transportjournal.com\/es\/#organization"},"image":{"@id":"https:\/\/transportjournal.com\/es\/2026\/01\/23\/ansali-group-celebra-75-anos-de-existencia\/#primaryimage"},"thumbnailUrl":"https:\/\/transportjournal.com\/wp-content\/uploads\/sites\/2\/2026\/01\/Ansali-1768904340448-aspect-ratio-1400-788.jpg","keywords":["75 ans d'Ansali","75 Jahre Ansali","75 years of Ansali","adaptation au march\u00e9 dans le transport","Ansali company history","Ansali Unternehmensgeschichte","customer orientation in logistics","Deutsch Ansali","d\u00e9veloppement des infrastructures","Digitalisierung im Transport","digitalization in transport","Fachkr\u00e4ftemangel in der Logistik","freight transport","gestion de la cha\u00eene d'approvisionnement","gestion de la qualit\u00e9 en logistique","Hafenbetrieb Chiasso","histoire de l'entreprise Ansali","infrastructure development","Infrastrukturentwicklung","innovation en logistique","Innovation in der Logistik English Ansali","innovation in logistics Fran\u00e7ais Ansali","international logistics","international transport markets","internationale Transportm\u00e4rkte","internationales Transportwesen","Kundenorientierung in der Logistik","labor shortage in logistics","logistics provider Switzerland","Logistikdienstleister Schweiz","logistique internationale","march\u00e9s du transport international","market adaptation in transport","Marktanpassung im Transport","nachhaltige Logistikl\u00f6sungen","num\u00e9risation dans le transport","op\u00e9rations portuaires Chiasso","orientation client en logistique","p\u00e9nurie de main-d'\u0153uvre en logistique","port operations Chiasso","pr\u00e4ziser Transport","precise transportation","prestataire logistique Suisse","Qualit\u00e4tsmanagement in der Logistik","quality management in logistics","responsabilit\u00e9 dans l'industrie du transport","responsibility in transport industry","solutions logistiques durables","Supply Chain Management","sustainable logistics solutions","technologie en logistique","Technologie in der Logistik","technology in logistics","transport de marchandises","transport pr\u00e9cis","Transport von Waren","Verantwortung in der Transportwirtschaft"],"articleSection":["Europa","Personas y empresas","Transporte de mercanc\u00edas y log\u00edstica"],"inLanguage":"es","potentialAction":[{"@type":"CommentAction","name":"Comment","target":["https:\/\/transportjournal.com\/es\/2026\/01\/23\/ansali-group-celebra-75-anos-de-existencia\/#respond"]}]},{"@type":"WebPage","@id":"https:\/\/transportjournal.com\/es\/2026\/01\/23\/ansali-group-celebra-75-anos-de-existencia\/","url":"https:\/\/transportjournal.com\/es\/2026\/01\/23\/ansali-group-celebra-75-anos-de-existencia\/","name":"Ansali Group celebra 75 a\u00f1os de existencia - ITJ | International Transport Journal","isPartOf":{"@id":"https:\/\/transportjournal.com\/es\/#website"},"primaryImageOfPage":{"@id":"https:\/\/transportjournal.com\/es\/2026\/01\/23\/ansali-group-celebra-75-anos-de-existencia\/#primaryimage"},"image":{"@id":"https:\/\/transportjournal.com\/es\/2026\/01\/23\/ansali-group-celebra-75-anos-de-existencia\/#primaryimage"},"thumbnailUrl":"https:\/\/transportjournal.com\/wp-content\/uploads\/sites\/2\/2026\/01\/Ansali-1768904340448-aspect-ratio-1400-788.jpg","datePublished":"2026-01-23T08:23:52+00:00","breadcrumb":{"@id":"https:\/\/transportjournal.com\/es\/2026\/01\/23\/ansali-group-celebra-75-anos-de-existencia\/#breadcrumb"},"inLanguage":"es","potentialAction":[{"@type":"ReadAction","target":["https:\/\/transportjournal.com\/es\/2026\/01\/23\/ansali-group-celebra-75-anos-de-existencia\/"]}]},{"@type":"ImageObject","inLanguage":"es","@id":"https:\/\/transportjournal.com\/es\/2026\/01\/23\/ansali-group-celebra-75-anos-de-existencia\/#primaryimage","url":"https:\/\/transportjournal.com\/wp-content\/uploads\/sites\/2\/2026\/01\/Ansali-1768904340448-aspect-ratio-1400-788.jpg","contentUrl":"https:\/\/transportjournal.com\/wp-content\/uploads\/sites\/2\/2026\/01\/Ansali-1768904340448-aspect-ratio-1400-788.jpg","width":1280,"height":721},{"@type":"BreadcrumbList","@id":"https:\/\/transportjournal.com\/es\/2026\/01\/23\/ansali-group-celebra-75-anos-de-existencia\/#breadcrumb","itemListElement":[{"@type":"ListItem","position":1,"name":"Startseite","item":"https:\/\/transportjournal.com\/es\/"},{"@type":"ListItem","position":2,"name":"Ansali Group celebra 75 a\u00f1os de existencia"}]},{"@type":"WebSite","@id":"https:\/\/transportjournal.com\/es\/#website","url":"https:\/\/transportjournal.com\/es\/","name":"ITJ | International Transport Journal","description":"Stay informed with the latest global news from the transport, logistics, and supply chain industries. Transport Journal delivers expert insights, analysis, and updates across shipping, aviation, intermodal, and forwarding.","publisher":{"@id":"https:\/\/transportjournal.com\/es\/#organization"},"potentialAction":[{"@type":"SearchAction","target":{"@type":"EntryPoint","urlTemplate":"https:\/\/transportjournal.com\/es\/?s={search_term_string}"},"query-input":{"@type":"PropertyValueSpecification","valueRequired":true,"valueName":"search_term_string"}}],"inLanguage":"es"},{"@type":"Organization","@id":"https:\/\/transportjournal.com\/es\/#organization","name":"Grupo Logismedia AG","alternateName":"Logismedia Group AG","url":"https:\/\/transportjournal.com\/es\/","logo":{"@type":"ImageObject","inLanguage":"es","@id":"https:\/\/transportjournal.com\/es\/#\/schema\/logo\/image\/","url":"https:\/\/transportjournal.com\/wp-content\/uploads\/sites\/2\/2025\/09\/Logo_ITJ.png","contentUrl":"https:\/\/transportjournal.com\/wp-content\/uploads\/sites\/2\/2025\/09\/Logo_ITJ.png","width":799,"height":326,"caption":"Grupo Logismedia AG"},"image":{"@id":"https:\/\/transportjournal.com\/es\/#\/schema\/logo\/image\/"},"sameAs":["https:\/\/www.linkedin.com\/company\/56456496\/admin\/dashboard\/","https:\/\/www.instagram.com\/logismediagroup\/","https:\/\/www.youtube.com\/@LogiamediaGroupAG"]},{"@type":"Person","@id":"https:\/\/transportjournal.com\/es\/#\/schema\/person\/cf538b3157f15afd7589245a4b3dbd25","name":"Andreas Haug","url":"https:\/\/transportjournal.com\/es\/author\/andreas\/"}]}},"_links":{"self":[{"href":"https:\/\/transportjournal.com\/es\/wp-json\/wp\/v2\/posts\/74224","targetHints":{"allow":["GET"]}}],"collection":[{"href":"https:\/\/transportjournal.com\/es\/wp-json\/wp\/v2\/posts"}],"about":[{"href":"https:\/\/transportjournal.com\/es\/wp-json\/wp\/v2\/types\/post"}],"author":[{"embeddable":true,"href":"https:\/\/transportjournal.com\/es\/wp-json\/wp\/v2\/users\/12"}],"replies":[{"embeddable":true,"href":"https:\/\/transportjournal.com\/es\/wp-json\/wp\/v2\/comments?post=74224"}],"version-history":[{"count":0,"href":"https:\/\/transportjournal.com\/es\/wp-json\/wp\/v2\/posts\/74224\/revisions"}],"wp:featuredmedia":[{"embeddable":true,"href":"https:\/\/transportjournal.com\/es\/wp-json\/wp\/v2\/media\/74221"}],"wp:attachment":[{"href":"https:\/\/transportjournal.com\/es\/wp-json\/wp\/v2\/media?parent=74224"}],"wp:term":[{"taxonomy":"category","embeddable":true,"href":"https:\/\/transportjournal.com\/es\/wp-json\/wp\/v2\/categories?post=74224"},{"taxonomy":"post_tag","embeddable":true,"href":"https:\/\/transportjournal.com\/es\/wp-json\/wp\/v2\/tags?post=74224"}],"curies":[{"name":"wp","href":"https:\/\/api.w.org\/{rel}","templated":true}]}}