{"id":74187,"date":"2026-01-23T10:43:30","date_gmt":"2026-01-23T10:43:30","guid":{"rendered":"https:\/\/transportjournal.com\/2026\/01\/23\/exportaciones-de-flores-desde-ecuador-comienzan\/"},"modified":"2026-01-23T10:43:30","modified_gmt":"2026-01-23T10:43:30","slug":"exportaciones-de-flores-desde-ecuador-comienzan","status":"publish","type":"post","link":"https:\/\/transportjournal.com\/es\/2026\/01\/23\/exportaciones-de-flores-desde-ecuador-comienzan\/","title":{"rendered":"Exportaciones de flores desde Ecuador comienzan"},"content":{"rendered":"<p>El 20 de enero de 2026, en el aeropuerto internacional Mariscal Sucre en Quito, comenz\u00f3 la temporada de exportaci\u00f3n de flores con motivo del D\u00eda de San Valent\u00edn. Esta fase se extender\u00e1 hasta el 10 de febrero. Seg\u00fan las primeras estimaciones del sector, se espera un aumento del 6% en las exportaciones de flores en comparaci\u00f3n con el a\u00f1o anterior.<\/p>\n<p>En 2025, Ecuador registr\u00f3 durante la temporada m\u00e1s exitosa de su historia una exportaci\u00f3n total de casi 29.000 t de flores. Estas fueron enviadas en 534 vuelos desde el aeropuerto Mariscal Sucre. Para la temporada actual, tambi\u00e9n se prev\u00e9 un aumento en las conexiones a\u00e9reas.<\/p>\n<h3>Rutas comerciales importantes para las exportaciones de flores<\/h3>\n<p>Los principales destinos para las flores de Ecuador son los grandes centros de distribuci\u00f3n en EE. UU. y Europa, especialmente Miami y \u00c1msterdam. Desde estos centros, las flores se distribuyen a diversos mercados en todo el mundo.<\/p>\n<p>Las operaciones de carga en el aeropuerto de Quito muestran un crecimiento continuo, lo que asegura al aeropuerto el quinto lugar en cuanto al volumen de carga anual en Am\u00e9rica Latina y el Caribe. En 2025, se transportaron un total de 407.240 t de carga en las categor\u00edas de exportaci\u00f3n, importaci\u00f3n y carga nacional. Si se considera \u00fanicamente las exportaciones de carga a\u00e9rea, se exportaron 336.480 t desde Quito, lo que representa un aumento del 11,2% en comparaci\u00f3n con 2024.<\/p>\n<p>Ram\u00f3n Mir\u00f3, presidente y director ejecutivo de la Corporaci\u00f3n Quiport, se expres\u00f3 positivamente sobre estos desarrollos. \u201cEl \u00e9xito en el \u00e1rea de carga a\u00e9rea es sin duda uno de los principales indicadores que utilizamos para evaluar las operaciones del aeropuerto, ya que nos permite captar la contribuci\u00f3n del aeropuerto de Quito a una actividad crucial para el desarrollo econ\u00f3mico de la ciudad y del pa\u00eds\u201d, dijo Mir\u00f3.<\/p>\n<p>&nbsp;<\/p>\n<p><a href=\"https:\/\/www.quiport.com\/\" target=\"_blank\" rel=\"noopener noreferrer\">www.quiport.com<\/a><\/p>\n<p>&nbsp;<\/p>\n","protected":false},"excerpt":{"rendered":"<p>El 20 de enero de 2026 comenz\u00f3 en el aeropuerto Mariscal Sucre de Quito la temporada de exportaci\u00f3n de flores para el D\u00eda de San Valent\u00edn, que se extender\u00e1 hasta el 10 de febrero.<\/p>\n","protected":false},"author":12,"featured_media":74184,"comment_status":"open","ping_status":"open","sticky":false,"template":"","format":"standard","meta":{"_acf_changed":false,"footnotes":""},"categories":[1614,1606,1611,1605],"tags":[8851,8852,5212,8853,8854,8855,8856,8857,8858,8859,8860,8861,8862,8863,8864,7059,8865,8866,8867,8868,8869,8870,8871,8872,8873,8874,8875,8876,8877,8878,8879,8880,8881,8882,8883,8884,8885,8886,8887,8888,8889,8890,8891,7081,8892,8893,8894,8895,8896,8897,8898,8899,8900,8901,8902,8903,8904,8905],"class_list":["post-74187","post","type-post","status-publish","format-standard","has-post-thumbnail","hentry","category-america","category-carga-aerea","category-europa","category-expedicion-y-logistica","tag-aeroport-mariscal-sucre","tag-air-freight-export-ecuador","tag-air-freight-growth","tag-augmentation-de-lexportation-de-fleurs","tag-blumenexport-anstieg","tag-blumenexport-saison-2026","tag-blumenexport-usa","tag-blumenindustrie-ecuador","tag-blumenlogistik-amsterdam","tag-blumenvermarktung-miami","tag-blumenverteilung-europa","tag-blumenverteilung-weltweit","tag-corporacion-quiport","tag-corporacion-quiport-english-ecuador-flower-export","tag-corporacion-quiport-francais-exportation-de-fleurs-equateur","tag-croissance-du-fret-aerien","tag-deutsch-blumenexport-ecuador","tag-distribution-de-fleurs-europe","tag-distribution-mondiale-de-fleurs","tag-export-statistics-ecuador","tag-exportation-de-fleurs-etats-unis","tag-exportation-de-fleurs-saint-valentin","tag-exportation-de-fret-aerien-equateur","tag-exportstatistik-ecuador","tag-flower-distribution-europe","tag-flower-export-increase","tag-flower-export-season-2026","tag-flower-export-usa","tag-flower-industry-ecuador","tag-flower-logistics-amsterdam","tag-flower-marketing-miami","tag-flughafen-mariscal-sucre","tag-frachtfluege-ecuador","tag-frachtoperationen-quito","tag-frachtvolumen-lateinamerika","tag-freight-flights-ecuador","tag-freight-operations-quito","tag-freight-volume-latin-america","tag-global-flower-distribution","tag-handelsrouten-blumenexport","tag-industrie-florale-equateur","tag-logistique-des-fleurs-amsterdam","tag-luftfracht-export-ecuador","tag-luftfracht-wachstum","tag-mariscal-sucre-airport","tag-marketing-des-fleurs-miami","tag-operations-aeroport-quito","tag-operations-de-fret-quito","tag-quito-airport-operations","tag-quito-flughafenbetrieb","tag-routes-commerciales-exportation-de-fleurs","tag-saison-dexportation-de-fleurs-2026","tag-statistiques-dexportation-equateur","tag-trade-routes-flower-export","tag-valentines-day-flower-export","tag-valentinstag-blumenexport","tag-vols-de-fret-equateur","tag-volume-de-fret-amerique-latine"],"acf":[],"yoast_head":"<!-- This site is optimized with the Yoast SEO plugin v27.3 - https:\/\/yoast.com\/product\/yoast-seo-wordpress\/ -->\n<title>Exportaciones de flores desde Ecuador comienzan - ITJ | International Transport Journal<\/title>\n<meta name=\"robots\" content=\"index, follow, max-snippet:-1, max-image-preview:large, max-video-preview:-1\" \/>\n<link rel=\"canonical\" href=\"https:\/\/transportjournal.com\/es\/2026\/01\/23\/exportaciones-de-flores-desde-ecuador-comienzan\/\" \/>\n<meta property=\"og:locale\" content=\"es_ES\" \/>\n<meta property=\"og:type\" content=\"article\" \/>\n<meta property=\"og:title\" content=\"Exportaciones de flores desde Ecuador comienzan - ITJ | International Transport Journal\" \/>\n<meta property=\"og:description\" content=\"El 20 de enero de 2026 comenz\u00f3 en el aeropuerto Mariscal Sucre de Quito la temporada de exportaci\u00f3n de flores para el D\u00eda de San Valent\u00edn, que se extender\u00e1 hasta el 10 de febrero.\" \/>\n<meta property=\"og:url\" content=\"https:\/\/transportjournal.com\/es\/2026\/01\/23\/exportaciones-de-flores-desde-ecuador-comienzan\/\" \/>\n<meta property=\"og:site_name\" content=\"ITJ | International Transport Journal\" \/>\n<meta property=\"article:published_time\" content=\"2026-01-23T10:43:30+00:00\" \/>\n<meta property=\"og:image\" content=\"https:\/\/transportjournal.com\/wp-content\/uploads\/sites\/2\/2026\/01\/Quiport-DSC02956-1-scaled-1-aspect-ratio-1400-788.jpg\" \/>\n\t<meta property=\"og:image:width\" content=\"2541\" \/>\n\t<meta property=\"og:image:height\" content=\"1430\" \/>\n\t<meta property=\"og:image:type\" content=\"image\/jpeg\" \/>\n<meta name=\"author\" content=\"Andreas Haug\" \/>\n<meta name=\"twitter:card\" content=\"summary_large_image\" \/>\n<meta name=\"twitter:label1\" content=\"Escrito por\" \/>\n\t<meta name=\"twitter:data1\" content=\"Andreas Haug\" \/>\n\t<meta name=\"twitter:label2\" content=\"Tiempo de lectura\" \/>\n\t<meta name=\"twitter:data2\" content=\"2 minuto\" \/>\n<script type=\"application\/ld+json\" class=\"yoast-schema-graph\">{\"@context\":\"https:\\\/\\\/schema.org\",\"@graph\":[{\"@type\":\"Article\",\"@id\":\"https:\\\/\\\/transportjournal.com\\\/es\\\/2026\\\/01\\\/23\\\/exportaciones-de-flores-desde-ecuador-comienzan\\\/#article\",\"isPartOf\":{\"@id\":\"https:\\\/\\\/transportjournal.com\\\/es\\\/2026\\\/01\\\/23\\\/exportaciones-de-flores-desde-ecuador-comienzan\\\/\"},\"author\":{\"name\":\"Andreas Haug\",\"@id\":\"https:\\\/\\\/transportjournal.com\\\/es\\\/#\\\/schema\\\/person\\\/cf538b3157f15afd7589245a4b3dbd25\"},\"headline\":\"Exportaciones de flores desde Ecuador comienzan\",\"datePublished\":\"2026-01-23T10:43:30+00:00\",\"mainEntityOfPage\":{\"@id\":\"https:\\\/\\\/transportjournal.com\\\/es\\\/2026\\\/01\\\/23\\\/exportaciones-de-flores-desde-ecuador-comienzan\\\/\"},\"wordCount\":319,\"commentCount\":0,\"publisher\":{\"@id\":\"https:\\\/\\\/transportjournal.com\\\/es\\\/#organization\"},\"image\":{\"@id\":\"https:\\\/\\\/transportjournal.com\\\/es\\\/2026\\\/01\\\/23\\\/exportaciones-de-flores-desde-ecuador-comienzan\\\/#primaryimage\"},\"thumbnailUrl\":\"https:\\\/\\\/transportjournal.com\\\/wp-content\\\/uploads\\\/sites\\\/2\\\/2026\\\/01\\\/Quiport-DSC02956-1-scaled-1-aspect-ratio-1400-788.jpg\",\"keywords\":[\"a\u00e9roport Mariscal Sucre\",\"air freight export Ecuador\",\"air freight growth\",\"augmentation de l'exportation de fleurs\",\"Blumenexport Anstieg\",\"Blumenexport Saison 2026\",\"Blumenexport USA\",\"Blumenindustrie Ecuador\",\"Blumenlogistik Amsterdam\",\"Blumenvermarktung Miami\",\"Blumenverteilung Europa\",\"Blumenverteilung weltweit\",\"Corporaci\u00f3n Quiport\",\"Corporaci\u00f3n Quiport English Ecuador flower export\",\"Corporaci\u00f3n Quiport Fran\u00e7ais exportation de fleurs \u00c9quateur\",\"croissance du fret a\u00e9rien\",\"Deutsch Blumenexport Ecuador\",\"distribution de fleurs Europe\",\"distribution mondiale de fleurs\",\"export statistics Ecuador\",\"exportation de fleurs \u00c9tats-Unis\",\"exportation de fleurs Saint-Valentin\",\"exportation de fret a\u00e9rien \u00c9quateur\",\"Exportstatistik Ecuador\",\"flower distribution Europe\",\"flower export increase\",\"flower export season 2026\",\"flower export USA\",\"flower industry Ecuador\",\"flower logistics Amsterdam\",\"flower marketing Miami\",\"Flughafen Mariscal Sucre\",\"Frachtfl\u00fcge Ecuador\",\"Frachtoperationen Quito\",\"Frachtvolumen Lateinamerika\",\"freight flights Ecuador\",\"freight operations Quito\",\"freight volume Latin America\",\"global flower distribution\",\"Handelsrouten Blumenexport\",\"industrie florale \u00c9quateur\",\"logistique des fleurs Amsterdam\",\"Luftfracht Export Ecuador\",\"Luftfracht Wachstum\",\"Mariscal Sucre airport\",\"marketing des fleurs Miami\",\"op\u00e9rations a\u00e9roport Quito\",\"op\u00e9rations de fret Quito\",\"Quito airport operations\",\"Quito Flughafenbetrieb\",\"routes commerciales exportation de fleurs\",\"saison d'exportation de fleurs 2026\",\"statistiques d'exportation \u00c9quateur\",\"trade routes flower export\",\"Valentine's Day flower export\",\"Valentinstag Blumenexport\",\"vols de fret \u00c9quateur\",\"volume de fret Am\u00e9rique Latine\"],\"articleSection\":[\"Am\u00e9rica\",\"Carga a\u00e9rea\",\"Europa\",\"Transporte de mercanc\u00edas y log\u00edstica\"],\"inLanguage\":\"es\",\"potentialAction\":[{\"@type\":\"CommentAction\",\"name\":\"Comment\",\"target\":[\"https:\\\/\\\/transportjournal.com\\\/es\\\/2026\\\/01\\\/23\\\/exportaciones-de-flores-desde-ecuador-comienzan\\\/#respond\"]}]},{\"@type\":\"WebPage\",\"@id\":\"https:\\\/\\\/transportjournal.com\\\/es\\\/2026\\\/01\\\/23\\\/exportaciones-de-flores-desde-ecuador-comienzan\\\/\",\"url\":\"https:\\\/\\\/transportjournal.com\\\/es\\\/2026\\\/01\\\/23\\\/exportaciones-de-flores-desde-ecuador-comienzan\\\/\",\"name\":\"Exportaciones de flores desde Ecuador comienzan - ITJ | International Transport Journal\",\"isPartOf\":{\"@id\":\"https:\\\/\\\/transportjournal.com\\\/es\\\/#website\"},\"primaryImageOfPage\":{\"@id\":\"https:\\\/\\\/transportjournal.com\\\/es\\\/2026\\\/01\\\/23\\\/exportaciones-de-flores-desde-ecuador-comienzan\\\/#primaryimage\"},\"image\":{\"@id\":\"https:\\\/\\\/transportjournal.com\\\/es\\\/2026\\\/01\\\/23\\\/exportaciones-de-flores-desde-ecuador-comienzan\\\/#primaryimage\"},\"thumbnailUrl\":\"https:\\\/\\\/transportjournal.com\\\/wp-content\\\/uploads\\\/sites\\\/2\\\/2026\\\/01\\\/Quiport-DSC02956-1-scaled-1-aspect-ratio-1400-788.jpg\",\"datePublished\":\"2026-01-23T10:43:30+00:00\",\"breadcrumb\":{\"@id\":\"https:\\\/\\\/transportjournal.com\\\/es\\\/2026\\\/01\\\/23\\\/exportaciones-de-flores-desde-ecuador-comienzan\\\/#breadcrumb\"},\"inLanguage\":\"es\",\"potentialAction\":[{\"@type\":\"ReadAction\",\"target\":[\"https:\\\/\\\/transportjournal.com\\\/es\\\/2026\\\/01\\\/23\\\/exportaciones-de-flores-desde-ecuador-comienzan\\\/\"]}]},{\"@type\":\"ImageObject\",\"inLanguage\":\"es\",\"@id\":\"https:\\\/\\\/transportjournal.com\\\/es\\\/2026\\\/01\\\/23\\\/exportaciones-de-flores-desde-ecuador-comienzan\\\/#primaryimage\",\"url\":\"https:\\\/\\\/transportjournal.com\\\/wp-content\\\/uploads\\\/sites\\\/2\\\/2026\\\/01\\\/Quiport-DSC02956-1-scaled-1-aspect-ratio-1400-788.jpg\",\"contentUrl\":\"https:\\\/\\\/transportjournal.com\\\/wp-content\\\/uploads\\\/sites\\\/2\\\/2026\\\/01\\\/Quiport-DSC02956-1-scaled-1-aspect-ratio-1400-788.jpg\",\"width\":2541,\"height\":1430},{\"@type\":\"BreadcrumbList\",\"@id\":\"https:\\\/\\\/transportjournal.com\\\/es\\\/2026\\\/01\\\/23\\\/exportaciones-de-flores-desde-ecuador-comienzan\\\/#breadcrumb\",\"itemListElement\":[{\"@type\":\"ListItem\",\"position\":1,\"name\":\"Startseite\",\"item\":\"https:\\\/\\\/transportjournal.com\\\/es\\\/\"},{\"@type\":\"ListItem\",\"position\":2,\"name\":\"Exportaciones de flores desde Ecuador comienzan\"}]},{\"@type\":\"WebSite\",\"@id\":\"https:\\\/\\\/transportjournal.com\\\/es\\\/#website\",\"url\":\"https:\\\/\\\/transportjournal.com\\\/es\\\/\",\"name\":\"ITJ | International Transport Journal\",\"description\":\"Stay informed with the latest global news from the transport, logistics, and supply chain industries. Transport Journal delivers expert insights, analysis, and updates across shipping, aviation, intermodal, and forwarding.\",\"publisher\":{\"@id\":\"https:\\\/\\\/transportjournal.com\\\/es\\\/#organization\"},\"potentialAction\":[{\"@type\":\"SearchAction\",\"target\":{\"@type\":\"EntryPoint\",\"urlTemplate\":\"https:\\\/\\\/transportjournal.com\\\/es\\\/?s={search_term_string}\"},\"query-input\":{\"@type\":\"PropertyValueSpecification\",\"valueRequired\":true,\"valueName\":\"search_term_string\"}}],\"inLanguage\":\"es\"},{\"@type\":\"Organization\",\"@id\":\"https:\\\/\\\/transportjournal.com\\\/es\\\/#organization\",\"name\":\"Grupo Logismedia AG\",\"alternateName\":\"Logismedia Group AG\",\"url\":\"https:\\\/\\\/transportjournal.com\\\/es\\\/\",\"logo\":{\"@type\":\"ImageObject\",\"inLanguage\":\"es\",\"@id\":\"https:\\\/\\\/transportjournal.com\\\/es\\\/#\\\/schema\\\/logo\\\/image\\\/\",\"url\":\"https:\\\/\\\/transportjournal.com\\\/wp-content\\\/uploads\\\/sites\\\/2\\\/2025\\\/09\\\/Logo_ITJ.png\",\"contentUrl\":\"https:\\\/\\\/transportjournal.com\\\/wp-content\\\/uploads\\\/sites\\\/2\\\/2025\\\/09\\\/Logo_ITJ.png\",\"width\":799,\"height\":326,\"caption\":\"Grupo Logismedia AG\"},\"image\":{\"@id\":\"https:\\\/\\\/transportjournal.com\\\/es\\\/#\\\/schema\\\/logo\\\/image\\\/\"},\"sameAs\":[\"https:\\\/\\\/www.linkedin.com\\\/company\\\/56456496\\\/admin\\\/dashboard\\\/\",\"https:\\\/\\\/www.instagram.com\\\/logismediagroup\\\/\",\"https:\\\/\\\/www.youtube.com\\\/@LogiamediaGroupAG\"]},{\"@type\":\"Person\",\"@id\":\"https:\\\/\\\/transportjournal.com\\\/es\\\/#\\\/schema\\\/person\\\/cf538b3157f15afd7589245a4b3dbd25\",\"name\":\"Andreas Haug\",\"url\":\"https:\\\/\\\/transportjournal.com\\\/es\\\/author\\\/andreas\\\/\"}]}<\/script>\n<!-- \/ Yoast SEO plugin. -->","yoast_head_json":{"title":"Exportaciones de flores desde Ecuador comienzan - ITJ | International Transport Journal","robots":{"index":"index","follow":"follow","max-snippet":"max-snippet:-1","max-image-preview":"max-image-preview:large","max-video-preview":"max-video-preview:-1"},"canonical":"https:\/\/transportjournal.com\/es\/2026\/01\/23\/exportaciones-de-flores-desde-ecuador-comienzan\/","og_locale":"es_ES","og_type":"article","og_title":"Exportaciones de flores desde Ecuador comienzan - ITJ | International Transport Journal","og_description":"El 20 de enero de 2026 comenz\u00f3 en el aeropuerto Mariscal Sucre de Quito la temporada de exportaci\u00f3n de flores para el D\u00eda de San Valent\u00edn, que se extender\u00e1 hasta el 10 de febrero.","og_url":"https:\/\/transportjournal.com\/es\/2026\/01\/23\/exportaciones-de-flores-desde-ecuador-comienzan\/","og_site_name":"ITJ | International Transport Journal","article_published_time":"2026-01-23T10:43:30+00:00","og_image":[{"width":2541,"height":1430,"url":"https:\/\/transportjournal.com\/wp-content\/uploads\/sites\/2\/2026\/01\/Quiport-DSC02956-1-scaled-1-aspect-ratio-1400-788.jpg","type":"image\/jpeg"}],"author":"Andreas Haug","twitter_card":"summary_large_image","twitter_misc":{"Escrito por":"Andreas Haug","Tiempo de lectura":"2 minuto"},"schema":{"@context":"https:\/\/schema.org","@graph":[{"@type":"Article","@id":"https:\/\/transportjournal.com\/es\/2026\/01\/23\/exportaciones-de-flores-desde-ecuador-comienzan\/#article","isPartOf":{"@id":"https:\/\/transportjournal.com\/es\/2026\/01\/23\/exportaciones-de-flores-desde-ecuador-comienzan\/"},"author":{"name":"Andreas Haug","@id":"https:\/\/transportjournal.com\/es\/#\/schema\/person\/cf538b3157f15afd7589245a4b3dbd25"},"headline":"Exportaciones de flores desde Ecuador comienzan","datePublished":"2026-01-23T10:43:30+00:00","mainEntityOfPage":{"@id":"https:\/\/transportjournal.com\/es\/2026\/01\/23\/exportaciones-de-flores-desde-ecuador-comienzan\/"},"wordCount":319,"commentCount":0,"publisher":{"@id":"https:\/\/transportjournal.com\/es\/#organization"},"image":{"@id":"https:\/\/transportjournal.com\/es\/2026\/01\/23\/exportaciones-de-flores-desde-ecuador-comienzan\/#primaryimage"},"thumbnailUrl":"https:\/\/transportjournal.com\/wp-content\/uploads\/sites\/2\/2026\/01\/Quiport-DSC02956-1-scaled-1-aspect-ratio-1400-788.jpg","keywords":["a\u00e9roport Mariscal Sucre","air freight export Ecuador","air freight growth","augmentation de l'exportation de fleurs","Blumenexport Anstieg","Blumenexport Saison 2026","Blumenexport USA","Blumenindustrie Ecuador","Blumenlogistik Amsterdam","Blumenvermarktung Miami","Blumenverteilung Europa","Blumenverteilung weltweit","Corporaci\u00f3n Quiport","Corporaci\u00f3n Quiport English Ecuador flower export","Corporaci\u00f3n Quiport Fran\u00e7ais exportation de fleurs \u00c9quateur","croissance du fret a\u00e9rien","Deutsch Blumenexport Ecuador","distribution de fleurs Europe","distribution mondiale de fleurs","export statistics Ecuador","exportation de fleurs \u00c9tats-Unis","exportation de fleurs Saint-Valentin","exportation de fret a\u00e9rien \u00c9quateur","Exportstatistik Ecuador","flower distribution Europe","flower export increase","flower export season 2026","flower export USA","flower industry Ecuador","flower logistics Amsterdam","flower marketing Miami","Flughafen Mariscal Sucre","Frachtfl\u00fcge Ecuador","Frachtoperationen Quito","Frachtvolumen Lateinamerika","freight flights Ecuador","freight operations Quito","freight volume Latin America","global flower distribution","Handelsrouten Blumenexport","industrie florale \u00c9quateur","logistique des fleurs Amsterdam","Luftfracht Export Ecuador","Luftfracht Wachstum","Mariscal Sucre airport","marketing des fleurs Miami","op\u00e9rations a\u00e9roport Quito","op\u00e9rations de fret Quito","Quito airport operations","Quito Flughafenbetrieb","routes commerciales exportation de fleurs","saison d'exportation de fleurs 2026","statistiques d'exportation \u00c9quateur","trade routes flower export","Valentine's Day flower export","Valentinstag Blumenexport","vols de fret \u00c9quateur","volume de fret Am\u00e9rique Latine"],"articleSection":["Am\u00e9rica","Carga a\u00e9rea","Europa","Transporte de mercanc\u00edas y log\u00edstica"],"inLanguage":"es","potentialAction":[{"@type":"CommentAction","name":"Comment","target":["https:\/\/transportjournal.com\/es\/2026\/01\/23\/exportaciones-de-flores-desde-ecuador-comienzan\/#respond"]}]},{"@type":"WebPage","@id":"https:\/\/transportjournal.com\/es\/2026\/01\/23\/exportaciones-de-flores-desde-ecuador-comienzan\/","url":"https:\/\/transportjournal.com\/es\/2026\/01\/23\/exportaciones-de-flores-desde-ecuador-comienzan\/","name":"Exportaciones de flores desde Ecuador comienzan - ITJ | International Transport Journal","isPartOf":{"@id":"https:\/\/transportjournal.com\/es\/#website"},"primaryImageOfPage":{"@id":"https:\/\/transportjournal.com\/es\/2026\/01\/23\/exportaciones-de-flores-desde-ecuador-comienzan\/#primaryimage"},"image":{"@id":"https:\/\/transportjournal.com\/es\/2026\/01\/23\/exportaciones-de-flores-desde-ecuador-comienzan\/#primaryimage"},"thumbnailUrl":"https:\/\/transportjournal.com\/wp-content\/uploads\/sites\/2\/2026\/01\/Quiport-DSC02956-1-scaled-1-aspect-ratio-1400-788.jpg","datePublished":"2026-01-23T10:43:30+00:00","breadcrumb":{"@id":"https:\/\/transportjournal.com\/es\/2026\/01\/23\/exportaciones-de-flores-desde-ecuador-comienzan\/#breadcrumb"},"inLanguage":"es","potentialAction":[{"@type":"ReadAction","target":["https:\/\/transportjournal.com\/es\/2026\/01\/23\/exportaciones-de-flores-desde-ecuador-comienzan\/"]}]},{"@type":"ImageObject","inLanguage":"es","@id":"https:\/\/transportjournal.com\/es\/2026\/01\/23\/exportaciones-de-flores-desde-ecuador-comienzan\/#primaryimage","url":"https:\/\/transportjournal.com\/wp-content\/uploads\/sites\/2\/2026\/01\/Quiport-DSC02956-1-scaled-1-aspect-ratio-1400-788.jpg","contentUrl":"https:\/\/transportjournal.com\/wp-content\/uploads\/sites\/2\/2026\/01\/Quiport-DSC02956-1-scaled-1-aspect-ratio-1400-788.jpg","width":2541,"height":1430},{"@type":"BreadcrumbList","@id":"https:\/\/transportjournal.com\/es\/2026\/01\/23\/exportaciones-de-flores-desde-ecuador-comienzan\/#breadcrumb","itemListElement":[{"@type":"ListItem","position":1,"name":"Startseite","item":"https:\/\/transportjournal.com\/es\/"},{"@type":"ListItem","position":2,"name":"Exportaciones de flores desde Ecuador comienzan"}]},{"@type":"WebSite","@id":"https:\/\/transportjournal.com\/es\/#website","url":"https:\/\/transportjournal.com\/es\/","name":"ITJ | International Transport Journal","description":"Stay informed with the latest global news from the transport, logistics, and supply chain industries. Transport Journal delivers expert insights, analysis, and updates across shipping, aviation, intermodal, and forwarding.","publisher":{"@id":"https:\/\/transportjournal.com\/es\/#organization"},"potentialAction":[{"@type":"SearchAction","target":{"@type":"EntryPoint","urlTemplate":"https:\/\/transportjournal.com\/es\/?s={search_term_string}"},"query-input":{"@type":"PropertyValueSpecification","valueRequired":true,"valueName":"search_term_string"}}],"inLanguage":"es"},{"@type":"Organization","@id":"https:\/\/transportjournal.com\/es\/#organization","name":"Grupo Logismedia AG","alternateName":"Logismedia Group AG","url":"https:\/\/transportjournal.com\/es\/","logo":{"@type":"ImageObject","inLanguage":"es","@id":"https:\/\/transportjournal.com\/es\/#\/schema\/logo\/image\/","url":"https:\/\/transportjournal.com\/wp-content\/uploads\/sites\/2\/2025\/09\/Logo_ITJ.png","contentUrl":"https:\/\/transportjournal.com\/wp-content\/uploads\/sites\/2\/2025\/09\/Logo_ITJ.png","width":799,"height":326,"caption":"Grupo Logismedia AG"},"image":{"@id":"https:\/\/transportjournal.com\/es\/#\/schema\/logo\/image\/"},"sameAs":["https:\/\/www.linkedin.com\/company\/56456496\/admin\/dashboard\/","https:\/\/www.instagram.com\/logismediagroup\/","https:\/\/www.youtube.com\/@LogiamediaGroupAG"]},{"@type":"Person","@id":"https:\/\/transportjournal.com\/es\/#\/schema\/person\/cf538b3157f15afd7589245a4b3dbd25","name":"Andreas Haug","url":"https:\/\/transportjournal.com\/es\/author\/andreas\/"}]}},"_links":{"self":[{"href":"https:\/\/transportjournal.com\/es\/wp-json\/wp\/v2\/posts\/74187","targetHints":{"allow":["GET"]}}],"collection":[{"href":"https:\/\/transportjournal.com\/es\/wp-json\/wp\/v2\/posts"}],"about":[{"href":"https:\/\/transportjournal.com\/es\/wp-json\/wp\/v2\/types\/post"}],"author":[{"embeddable":true,"href":"https:\/\/transportjournal.com\/es\/wp-json\/wp\/v2\/users\/12"}],"replies":[{"embeddable":true,"href":"https:\/\/transportjournal.com\/es\/wp-json\/wp\/v2\/comments?post=74187"}],"version-history":[{"count":0,"href":"https:\/\/transportjournal.com\/es\/wp-json\/wp\/v2\/posts\/74187\/revisions"}],"wp:featuredmedia":[{"embeddable":true,"href":"https:\/\/transportjournal.com\/es\/wp-json\/wp\/v2\/media\/74184"}],"wp:attachment":[{"href":"https:\/\/transportjournal.com\/es\/wp-json\/wp\/v2\/media?parent=74187"}],"wp:term":[{"taxonomy":"category","embeddable":true,"href":"https:\/\/transportjournal.com\/es\/wp-json\/wp\/v2\/categories?post=74187"},{"taxonomy":"post_tag","embeddable":true,"href":"https:\/\/transportjournal.com\/es\/wp-json\/wp\/v2\/tags?post=74187"}],"curies":[{"name":"wp","href":"https:\/\/api.w.org\/{rel}","templated":true}]}}