{"id":74164,"date":"2026-01-23T10:08:57","date_gmt":"2026-01-23T10:08:57","guid":{"rendered":"https:\/\/transportjournal.com\/2026\/01\/23\/fedex-nombra-a-salil-chari-presidente\/"},"modified":"2026-01-23T10:08:57","modified_gmt":"2026-01-23T10:08:57","slug":"fedex-nombra-a-salil-chari-presidente","status":"publish","type":"post","link":"https:\/\/transportjournal.com\/es\/2026\/01\/23\/fedex-nombra-a-salil-chari-presidente\/","title":{"rendered":"FedEx nombra a Salil Chari presidente"},"content":{"rendered":"<p>Federal Express Corporation (FedEx) ha nombrado a Salil Chari como nuevo presidente de la regi\u00f3n de Asia-Pac\u00edfico. Chari, quien anteriormente se desempe\u00f1\u00f3 como vicepresidente senior de marketing y experiencia del cliente en la regi\u00f3n APAC, asumi\u00f3 su nuevo cargo el 1 de enero de 2026. Sucede a Kawal Preet, quien ha pasado a un nuevo rol como vicepresidenta ejecutiva de planificaci\u00f3n, ingenier\u00eda y transformaci\u00f3n.<\/p>\n<p>En su funci\u00f3n como presidente regional, Chari es responsable de la direcci\u00f3n estrat\u00e9gica de la empresa y lidera un equipo de casi 30,000 empleados en la regi\u00f3n APAC. Sus responsabilidades incluyen fomentar un crecimiento rentable, proporcionar experiencias excepcionales al cliente y mejorar la excelencia operativa en la regi\u00f3n.<\/p>\n<p>Richard W. Smith, director de operaciones de FedEx International, se expres\u00f3 positivamente sobre el nombramiento: \u201cMe complace dar la bienvenida a Salil como nuevo presidente para Asia-Pac\u00edfico. Esto marca un emocionante nuevo cap\u00edtulo para nuestro negocio en la regi\u00f3n APAC. Salil aporta una experiencia excepcional en liderazgo multirregional y tiene una pasi\u00f3n por ofrecer valor a nuestros clientes. Con su profundo conocimiento de la regi\u00f3n, estoy seguro de que llevar\u00e1 nuestro negocio en la regi\u00f3n APAC a nuevas alturas.\u201d<\/p>\n<p>Salil Chari comenz\u00f3 su carrera en FedEx en 1997 como analista de marketing en Memphis, EE. UU. A trav\u00e9s de diversas posiciones de liderazgo en Am\u00e9rica Latina, el Caribe, la regi\u00f3n APAC, as\u00ed como en el Medio Oriente, el subcontinente indio y \u00c1frica, siempre se ha comprometido a mejorar la experiencia del cliente y apoyar a las empresas para que ampl\u00eden su alcance global y aprovechen nuevas oportunidades de mercado.<\/p>\n<p>\u201cEs un honor para m\u00ed liderar un equipo tan talentoso en una regi\u00f3n que est\u00e1 en el centro del comercio global\u201d, dijo Chari. \u201cAsia-Pac\u00edfico alberga algunas de las rutas comerciales m\u00e1s din\u00e1micas y de r\u00e1pido desarrollo del mundo, que ofrecen a empresas de todos los tama\u00f1os poderosas oportunidades de crecimiento y competitividad. A medida que construimos sobre nuestra s\u00f3lida base, mi enfoque est\u00e1 en fortalecer la resiliencia, acelerar el crecimiento y profundizar el papel de FedEx como un socio valioso para nuestros clientes y comunidades. Con el incansable compromiso de nuestros miembros del equipo, que viven el Purple Promise todos los d\u00edas para hacer que cada experiencia del cliente sea excepcional, continuaremos conectando a las empresas con nuevas oportunidades, impulsando la innovaci\u00f3n y facilitando el comercio global en un mercado en constante evoluci\u00f3n.\u201d<\/p>\n<p>&nbsp;<\/p>\n<p><a href=\"https:\/\/www.fedex.com\/\" target=\"_blank\" rel=\"noopener noreferrer\">www.fedex.com<\/a><\/p>\n<p>&nbsp;<\/p>\n","protected":false},"excerpt":{"rendered":"<p>Salil Chari ha sido nombrado presidente de la regi\u00f3n APAC en FedEx y liderar\u00e1 la direcci\u00f3n estrat\u00e9gica y el crecimiento de la empresa<\/p>\n","protected":false},"author":12,"featured_media":74161,"comment_status":"open","ping_status":"open","sticky":false,"template":"","format":"standard","meta":{"_acf_changed":false,"footnotes":""},"categories":[1610,1603,1605],"tags":[8811,5128,2112,8812,8813,4755,3739,2211,2212,4984,8814,2122,4207,2123,5139,5140,8815,8816,2125,3745,2075,2279,2280,8817,8818,2130,4128,1831,2622,8819,8820,1800,4988,8821,8822,8823,2479,8824,8825,8826,2481,8827,8828,8829,2339,2106,2641,8830,2242,2155,1837,2157,8831],"class_list":["post-74164","post","type-post","status-publish","format-standard","has-post-thumbnail","hentry","category-asia-pacifico","category-personas-y-empresas","category-expedicion-y-logistica","tag-apac-region","tag-commerce-mondial","tag-corporate-leadership","tag-customer-experience","tag-customer-retention-francais-fedex","tag-deutsch-fedex","tag-developpement-des-infrastructures","tag-digital-transformation","tag-digitale-transformation","tag-excellence-operationnelle","tag-experience-client","tag-fachkraeftemangel-logistik","tag-fidelisation-des-clients","tag-gestion-de-la-chaine-dapprovisionnement","tag-global-trade","tag-globaler-handel","tag-growth-opportunities","tag-handelswege-asien","tag-industrie-du-transport","tag-infrastructure-development","tag-infrastrukturentwicklung","tag-international-logistics","tag-internationale-logistik","tag-kundenbindung-english-fedex","tag-kundenerfahrung","tag-leadership-dentreprise","tag-logistics-provider","tag-logistikdienstleister","tag-logistique-durable","tag-market-opportunities","tag-marktchancen","tag-nachhaltige-logistik","tag-operational-excellence","tag-operativen-exzellenz","tag-opportunites-de-croissance","tag-opportunites-de-marche","tag-penurie-de-competences-logistique","tag-praesident-asien-pazifik","tag-president-asia-pacific","tag-president-asie-pacifique","tag-prestataire-logistique","tag-region-apac","tag-routes-commerciales-asie","tag-salil-chari","tag-skills-shortage-logistics","tag-supply-chain-management","tag-sustainable-logistics","tag-trade-routes-asia","tag-transformation-numerique","tag-transport-industry","tag-transportwirtschaft","tag-unternehmensfuehrung","tag-wachstumsmoeglichkeiten"],"acf":[],"yoast_head":"<!-- This site is optimized with the Yoast SEO plugin v27.3 - https:\/\/yoast.com\/product\/yoast-seo-wordpress\/ -->\n<title>FedEx nombra a Salil Chari presidente - ITJ | International Transport Journal<\/title>\n<meta name=\"robots\" content=\"index, follow, max-snippet:-1, max-image-preview:large, max-video-preview:-1\" \/>\n<link rel=\"canonical\" href=\"https:\/\/transportjournal.com\/es\/2026\/01\/23\/fedex-nombra-a-salil-chari-presidente\/\" \/>\n<meta property=\"og:locale\" content=\"es_ES\" \/>\n<meta property=\"og:type\" content=\"article\" \/>\n<meta property=\"og:title\" content=\"FedEx nombra a Salil Chari presidente - ITJ | International Transport Journal\" \/>\n<meta property=\"og:description\" content=\"Salil Chari ha sido nombrado presidente de la regi\u00f3n APAC en FedEx y liderar\u00e1 la direcci\u00f3n estrat\u00e9gica y el crecimiento de la empresa\" \/>\n<meta property=\"og:url\" content=\"https:\/\/transportjournal.com\/es\/2026\/01\/23\/fedex-nombra-a-salil-chari-presidente\/\" \/>\n<meta property=\"og:site_name\" content=\"ITJ | International Transport Journal\" \/>\n<meta property=\"article:published_time\" content=\"2026-01-23T10:08:57+00:00\" \/>\n<meta property=\"og:image\" content=\"https:\/\/transportjournal.com\/wp-content\/uploads\/sites\/2\/2026\/01\/Fedex-Salil-Chari-aspect-ratio-1400-788-1.webp\" \/>\n\t<meta property=\"og:image:width\" content=\"878\" \/>\n\t<meta property=\"og:image:height\" content=\"494\" \/>\n\t<meta property=\"og:image:type\" content=\"image\/webp\" \/>\n<meta name=\"author\" content=\"Andreas Haug\" \/>\n<meta name=\"twitter:card\" content=\"summary_large_image\" \/>\n<meta name=\"twitter:label1\" content=\"Escrito por\" \/>\n\t<meta name=\"twitter:data1\" content=\"Andreas Haug\" \/>\n\t<meta name=\"twitter:label2\" content=\"Tiempo de lectura\" \/>\n\t<meta name=\"twitter:data2\" content=\"2 minuto\" \/>\n<script type=\"application\/ld+json\" class=\"yoast-schema-graph\">{\"@context\":\"https:\\\/\\\/schema.org\",\"@graph\":[{\"@type\":\"Article\",\"@id\":\"https:\\\/\\\/transportjournal.com\\\/es\\\/2026\\\/01\\\/23\\\/fedex-nombra-a-salil-chari-presidente\\\/#article\",\"isPartOf\":{\"@id\":\"https:\\\/\\\/transportjournal.com\\\/es\\\/2026\\\/01\\\/23\\\/fedex-nombra-a-salil-chari-presidente\\\/\"},\"author\":{\"name\":\"Andreas Haug\",\"@id\":\"https:\\\/\\\/transportjournal.com\\\/es\\\/#\\\/schema\\\/person\\\/cf538b3157f15afd7589245a4b3dbd25\"},\"headline\":\"FedEx nombra a Salil Chari presidente\",\"datePublished\":\"2026-01-23T10:08:57+00:00\",\"mainEntityOfPage\":{\"@id\":\"https:\\\/\\\/transportjournal.com\\\/es\\\/2026\\\/01\\\/23\\\/fedex-nombra-a-salil-chari-presidente\\\/\"},\"wordCount\":432,\"commentCount\":0,\"publisher\":{\"@id\":\"https:\\\/\\\/transportjournal.com\\\/es\\\/#organization\"},\"image\":{\"@id\":\"https:\\\/\\\/transportjournal.com\\\/es\\\/2026\\\/01\\\/23\\\/fedex-nombra-a-salil-chari-presidente\\\/#primaryimage\"},\"thumbnailUrl\":\"https:\\\/\\\/transportjournal.com\\\/wp-content\\\/uploads\\\/sites\\\/2\\\/2026\\\/01\\\/Fedex-Salil-Chari-aspect-ratio-1400-788-1.webp\",\"keywords\":[\"APAC-Region\",\"commerce mondial\",\"corporate leadership\",\"customer experience\",\"customer retention Fran\u00e7ais FedEx\",\"Deutsch FedEx\",\"d\u00e9veloppement des infrastructures\",\"digital transformation\",\"digitale Transformation\",\"excellence op\u00e9rationnelle\",\"exp\u00e9rience client\",\"Fachkr\u00e4ftemangel Logistik\",\"fid\u00e9lisation des clients\",\"gestion de la cha\u00eene d'approvisionnement\",\"global trade\",\"globaler Handel\",\"growth opportunities\",\"Handelswege Asien\",\"industrie du transport\",\"infrastructure development\",\"Infrastrukturentwicklung\",\"international logistics\",\"internationale Logistik\",\"Kundenbindung English FedEx\",\"Kundenerfahrung\",\"leadership d'entreprise\",\"logistics provider\",\"Logistikdienstleister\",\"logistique durable\",\"market opportunities\",\"Marktchancen\",\"nachhaltige Logistik\",\"operational excellence\",\"operativen Exzellenz\",\"opportunit\u00e9s de croissance\",\"opportunit\u00e9s de march\u00e9\",\"p\u00e9nurie de comp\u00e9tences logistique\",\"Pr\u00e4sident Asien-Pazifik\",\"President Asia-Pacific\",\"Pr\u00e9sident Asie-Pacifique\",\"prestataire logistique\",\"r\u00e9gion APAC\",\"routes commerciales Asie\",\"Salil Chari\",\"skills shortage logistics\",\"Supply Chain Management\",\"sustainable logistics\",\"trade routes Asia\",\"transformation num\u00e9rique\",\"transport industry\",\"Transportwirtschaft\",\"Unternehmensf\u00fchrung\",\"Wachstumsm\u00f6glichkeiten\"],\"articleSection\":[\"Asia\\\/Pac\u00edfico\",\"Personas y empresas\",\"Transporte de mercanc\u00edas y log\u00edstica\"],\"inLanguage\":\"es\",\"potentialAction\":[{\"@type\":\"CommentAction\",\"name\":\"Comment\",\"target\":[\"https:\\\/\\\/transportjournal.com\\\/es\\\/2026\\\/01\\\/23\\\/fedex-nombra-a-salil-chari-presidente\\\/#respond\"]}]},{\"@type\":\"WebPage\",\"@id\":\"https:\\\/\\\/transportjournal.com\\\/es\\\/2026\\\/01\\\/23\\\/fedex-nombra-a-salil-chari-presidente\\\/\",\"url\":\"https:\\\/\\\/transportjournal.com\\\/es\\\/2026\\\/01\\\/23\\\/fedex-nombra-a-salil-chari-presidente\\\/\",\"name\":\"FedEx nombra a Salil Chari presidente - ITJ | International Transport Journal\",\"isPartOf\":{\"@id\":\"https:\\\/\\\/transportjournal.com\\\/es\\\/#website\"},\"primaryImageOfPage\":{\"@id\":\"https:\\\/\\\/transportjournal.com\\\/es\\\/2026\\\/01\\\/23\\\/fedex-nombra-a-salil-chari-presidente\\\/#primaryimage\"},\"image\":{\"@id\":\"https:\\\/\\\/transportjournal.com\\\/es\\\/2026\\\/01\\\/23\\\/fedex-nombra-a-salil-chari-presidente\\\/#primaryimage\"},\"thumbnailUrl\":\"https:\\\/\\\/transportjournal.com\\\/wp-content\\\/uploads\\\/sites\\\/2\\\/2026\\\/01\\\/Fedex-Salil-Chari-aspect-ratio-1400-788-1.webp\",\"datePublished\":\"2026-01-23T10:08:57+00:00\",\"breadcrumb\":{\"@id\":\"https:\\\/\\\/transportjournal.com\\\/es\\\/2026\\\/01\\\/23\\\/fedex-nombra-a-salil-chari-presidente\\\/#breadcrumb\"},\"inLanguage\":\"es\",\"potentialAction\":[{\"@type\":\"ReadAction\",\"target\":[\"https:\\\/\\\/transportjournal.com\\\/es\\\/2026\\\/01\\\/23\\\/fedex-nombra-a-salil-chari-presidente\\\/\"]}]},{\"@type\":\"ImageObject\",\"inLanguage\":\"es\",\"@id\":\"https:\\\/\\\/transportjournal.com\\\/es\\\/2026\\\/01\\\/23\\\/fedex-nombra-a-salil-chari-presidente\\\/#primaryimage\",\"url\":\"https:\\\/\\\/transportjournal.com\\\/wp-content\\\/uploads\\\/sites\\\/2\\\/2026\\\/01\\\/Fedex-Salil-Chari-aspect-ratio-1400-788-1.webp\",\"contentUrl\":\"https:\\\/\\\/transportjournal.com\\\/wp-content\\\/uploads\\\/sites\\\/2\\\/2026\\\/01\\\/Fedex-Salil-Chari-aspect-ratio-1400-788-1.webp\",\"width\":878,\"height\":494},{\"@type\":\"BreadcrumbList\",\"@id\":\"https:\\\/\\\/transportjournal.com\\\/es\\\/2026\\\/01\\\/23\\\/fedex-nombra-a-salil-chari-presidente\\\/#breadcrumb\",\"itemListElement\":[{\"@type\":\"ListItem\",\"position\":1,\"name\":\"Startseite\",\"item\":\"https:\\\/\\\/transportjournal.com\\\/es\\\/\"},{\"@type\":\"ListItem\",\"position\":2,\"name\":\"FedEx nombra a Salil Chari presidente\"}]},{\"@type\":\"WebSite\",\"@id\":\"https:\\\/\\\/transportjournal.com\\\/es\\\/#website\",\"url\":\"https:\\\/\\\/transportjournal.com\\\/es\\\/\",\"name\":\"ITJ | International Transport Journal\",\"description\":\"Stay informed with the latest global news from the transport, logistics, and supply chain industries. Transport Journal delivers expert insights, analysis, and updates across shipping, aviation, intermodal, and forwarding.\",\"publisher\":{\"@id\":\"https:\\\/\\\/transportjournal.com\\\/es\\\/#organization\"},\"potentialAction\":[{\"@type\":\"SearchAction\",\"target\":{\"@type\":\"EntryPoint\",\"urlTemplate\":\"https:\\\/\\\/transportjournal.com\\\/es\\\/?s={search_term_string}\"},\"query-input\":{\"@type\":\"PropertyValueSpecification\",\"valueRequired\":true,\"valueName\":\"search_term_string\"}}],\"inLanguage\":\"es\"},{\"@type\":\"Organization\",\"@id\":\"https:\\\/\\\/transportjournal.com\\\/es\\\/#organization\",\"name\":\"Grupo Logismedia AG\",\"alternateName\":\"Logismedia Group AG\",\"url\":\"https:\\\/\\\/transportjournal.com\\\/es\\\/\",\"logo\":{\"@type\":\"ImageObject\",\"inLanguage\":\"es\",\"@id\":\"https:\\\/\\\/transportjournal.com\\\/es\\\/#\\\/schema\\\/logo\\\/image\\\/\",\"url\":\"https:\\\/\\\/transportjournal.com\\\/wp-content\\\/uploads\\\/sites\\\/2\\\/2025\\\/09\\\/Logo_ITJ.png\",\"contentUrl\":\"https:\\\/\\\/transportjournal.com\\\/wp-content\\\/uploads\\\/sites\\\/2\\\/2025\\\/09\\\/Logo_ITJ.png\",\"width\":799,\"height\":326,\"caption\":\"Grupo Logismedia AG\"},\"image\":{\"@id\":\"https:\\\/\\\/transportjournal.com\\\/es\\\/#\\\/schema\\\/logo\\\/image\\\/\"},\"sameAs\":[\"https:\\\/\\\/www.linkedin.com\\\/company\\\/56456496\\\/admin\\\/dashboard\\\/\",\"https:\\\/\\\/www.instagram.com\\\/logismediagroup\\\/\",\"https:\\\/\\\/www.youtube.com\\\/@LogiamediaGroupAG\"]},{\"@type\":\"Person\",\"@id\":\"https:\\\/\\\/transportjournal.com\\\/es\\\/#\\\/schema\\\/person\\\/cf538b3157f15afd7589245a4b3dbd25\",\"name\":\"Andreas Haug\",\"url\":\"https:\\\/\\\/transportjournal.com\\\/es\\\/author\\\/andreas\\\/\"}]}<\/script>\n<!-- \/ Yoast SEO plugin. -->","yoast_head_json":{"title":"FedEx nombra a Salil Chari presidente - ITJ | International Transport Journal","robots":{"index":"index","follow":"follow","max-snippet":"max-snippet:-1","max-image-preview":"max-image-preview:large","max-video-preview":"max-video-preview:-1"},"canonical":"https:\/\/transportjournal.com\/es\/2026\/01\/23\/fedex-nombra-a-salil-chari-presidente\/","og_locale":"es_ES","og_type":"article","og_title":"FedEx nombra a Salil Chari presidente - ITJ | International Transport Journal","og_description":"Salil Chari ha sido nombrado presidente de la regi\u00f3n APAC en FedEx y liderar\u00e1 la direcci\u00f3n estrat\u00e9gica y el crecimiento de la empresa","og_url":"https:\/\/transportjournal.com\/es\/2026\/01\/23\/fedex-nombra-a-salil-chari-presidente\/","og_site_name":"ITJ | International Transport Journal","article_published_time":"2026-01-23T10:08:57+00:00","og_image":[{"width":878,"height":494,"url":"https:\/\/transportjournal.com\/wp-content\/uploads\/sites\/2\/2026\/01\/Fedex-Salil-Chari-aspect-ratio-1400-788-1.webp","type":"image\/webp"}],"author":"Andreas Haug","twitter_card":"summary_large_image","twitter_misc":{"Escrito por":"Andreas Haug","Tiempo de lectura":"2 minuto"},"schema":{"@context":"https:\/\/schema.org","@graph":[{"@type":"Article","@id":"https:\/\/transportjournal.com\/es\/2026\/01\/23\/fedex-nombra-a-salil-chari-presidente\/#article","isPartOf":{"@id":"https:\/\/transportjournal.com\/es\/2026\/01\/23\/fedex-nombra-a-salil-chari-presidente\/"},"author":{"name":"Andreas Haug","@id":"https:\/\/transportjournal.com\/es\/#\/schema\/person\/cf538b3157f15afd7589245a4b3dbd25"},"headline":"FedEx nombra a Salil Chari presidente","datePublished":"2026-01-23T10:08:57+00:00","mainEntityOfPage":{"@id":"https:\/\/transportjournal.com\/es\/2026\/01\/23\/fedex-nombra-a-salil-chari-presidente\/"},"wordCount":432,"commentCount":0,"publisher":{"@id":"https:\/\/transportjournal.com\/es\/#organization"},"image":{"@id":"https:\/\/transportjournal.com\/es\/2026\/01\/23\/fedex-nombra-a-salil-chari-presidente\/#primaryimage"},"thumbnailUrl":"https:\/\/transportjournal.com\/wp-content\/uploads\/sites\/2\/2026\/01\/Fedex-Salil-Chari-aspect-ratio-1400-788-1.webp","keywords":["APAC-Region","commerce mondial","corporate leadership","customer experience","customer retention Fran\u00e7ais FedEx","Deutsch FedEx","d\u00e9veloppement des infrastructures","digital transformation","digitale Transformation","excellence op\u00e9rationnelle","exp\u00e9rience client","Fachkr\u00e4ftemangel Logistik","fid\u00e9lisation des clients","gestion de la cha\u00eene d'approvisionnement","global trade","globaler Handel","growth opportunities","Handelswege Asien","industrie du transport","infrastructure development","Infrastrukturentwicklung","international logistics","internationale Logistik","Kundenbindung English FedEx","Kundenerfahrung","leadership d'entreprise","logistics provider","Logistikdienstleister","logistique durable","market opportunities","Marktchancen","nachhaltige Logistik","operational excellence","operativen Exzellenz","opportunit\u00e9s de croissance","opportunit\u00e9s de march\u00e9","p\u00e9nurie de comp\u00e9tences logistique","Pr\u00e4sident Asien-Pazifik","President Asia-Pacific","Pr\u00e9sident Asie-Pacifique","prestataire logistique","r\u00e9gion APAC","routes commerciales Asie","Salil Chari","skills shortage logistics","Supply Chain Management","sustainable logistics","trade routes Asia","transformation num\u00e9rique","transport industry","Transportwirtschaft","Unternehmensf\u00fchrung","Wachstumsm\u00f6glichkeiten"],"articleSection":["Asia\/Pac\u00edfico","Personas y empresas","Transporte de mercanc\u00edas y log\u00edstica"],"inLanguage":"es","potentialAction":[{"@type":"CommentAction","name":"Comment","target":["https:\/\/transportjournal.com\/es\/2026\/01\/23\/fedex-nombra-a-salil-chari-presidente\/#respond"]}]},{"@type":"WebPage","@id":"https:\/\/transportjournal.com\/es\/2026\/01\/23\/fedex-nombra-a-salil-chari-presidente\/","url":"https:\/\/transportjournal.com\/es\/2026\/01\/23\/fedex-nombra-a-salil-chari-presidente\/","name":"FedEx nombra a Salil Chari presidente - ITJ | International Transport Journal","isPartOf":{"@id":"https:\/\/transportjournal.com\/es\/#website"},"primaryImageOfPage":{"@id":"https:\/\/transportjournal.com\/es\/2026\/01\/23\/fedex-nombra-a-salil-chari-presidente\/#primaryimage"},"image":{"@id":"https:\/\/transportjournal.com\/es\/2026\/01\/23\/fedex-nombra-a-salil-chari-presidente\/#primaryimage"},"thumbnailUrl":"https:\/\/transportjournal.com\/wp-content\/uploads\/sites\/2\/2026\/01\/Fedex-Salil-Chari-aspect-ratio-1400-788-1.webp","datePublished":"2026-01-23T10:08:57+00:00","breadcrumb":{"@id":"https:\/\/transportjournal.com\/es\/2026\/01\/23\/fedex-nombra-a-salil-chari-presidente\/#breadcrumb"},"inLanguage":"es","potentialAction":[{"@type":"ReadAction","target":["https:\/\/transportjournal.com\/es\/2026\/01\/23\/fedex-nombra-a-salil-chari-presidente\/"]}]},{"@type":"ImageObject","inLanguage":"es","@id":"https:\/\/transportjournal.com\/es\/2026\/01\/23\/fedex-nombra-a-salil-chari-presidente\/#primaryimage","url":"https:\/\/transportjournal.com\/wp-content\/uploads\/sites\/2\/2026\/01\/Fedex-Salil-Chari-aspect-ratio-1400-788-1.webp","contentUrl":"https:\/\/transportjournal.com\/wp-content\/uploads\/sites\/2\/2026\/01\/Fedex-Salil-Chari-aspect-ratio-1400-788-1.webp","width":878,"height":494},{"@type":"BreadcrumbList","@id":"https:\/\/transportjournal.com\/es\/2026\/01\/23\/fedex-nombra-a-salil-chari-presidente\/#breadcrumb","itemListElement":[{"@type":"ListItem","position":1,"name":"Startseite","item":"https:\/\/transportjournal.com\/es\/"},{"@type":"ListItem","position":2,"name":"FedEx nombra a Salil Chari presidente"}]},{"@type":"WebSite","@id":"https:\/\/transportjournal.com\/es\/#website","url":"https:\/\/transportjournal.com\/es\/","name":"ITJ | International Transport Journal","description":"Stay informed with the latest global news from the transport, logistics, and supply chain industries. Transport Journal delivers expert insights, analysis, and updates across shipping, aviation, intermodal, and forwarding.","publisher":{"@id":"https:\/\/transportjournal.com\/es\/#organization"},"potentialAction":[{"@type":"SearchAction","target":{"@type":"EntryPoint","urlTemplate":"https:\/\/transportjournal.com\/es\/?s={search_term_string}"},"query-input":{"@type":"PropertyValueSpecification","valueRequired":true,"valueName":"search_term_string"}}],"inLanguage":"es"},{"@type":"Organization","@id":"https:\/\/transportjournal.com\/es\/#organization","name":"Grupo Logismedia AG","alternateName":"Logismedia Group AG","url":"https:\/\/transportjournal.com\/es\/","logo":{"@type":"ImageObject","inLanguage":"es","@id":"https:\/\/transportjournal.com\/es\/#\/schema\/logo\/image\/","url":"https:\/\/transportjournal.com\/wp-content\/uploads\/sites\/2\/2025\/09\/Logo_ITJ.png","contentUrl":"https:\/\/transportjournal.com\/wp-content\/uploads\/sites\/2\/2025\/09\/Logo_ITJ.png","width":799,"height":326,"caption":"Grupo Logismedia AG"},"image":{"@id":"https:\/\/transportjournal.com\/es\/#\/schema\/logo\/image\/"},"sameAs":["https:\/\/www.linkedin.com\/company\/56456496\/admin\/dashboard\/","https:\/\/www.instagram.com\/logismediagroup\/","https:\/\/www.youtube.com\/@LogiamediaGroupAG"]},{"@type":"Person","@id":"https:\/\/transportjournal.com\/es\/#\/schema\/person\/cf538b3157f15afd7589245a4b3dbd25","name":"Andreas Haug","url":"https:\/\/transportjournal.com\/es\/author\/andreas\/"}]}},"_links":{"self":[{"href":"https:\/\/transportjournal.com\/es\/wp-json\/wp\/v2\/posts\/74164","targetHints":{"allow":["GET"]}}],"collection":[{"href":"https:\/\/transportjournal.com\/es\/wp-json\/wp\/v2\/posts"}],"about":[{"href":"https:\/\/transportjournal.com\/es\/wp-json\/wp\/v2\/types\/post"}],"author":[{"embeddable":true,"href":"https:\/\/transportjournal.com\/es\/wp-json\/wp\/v2\/users\/12"}],"replies":[{"embeddable":true,"href":"https:\/\/transportjournal.com\/es\/wp-json\/wp\/v2\/comments?post=74164"}],"version-history":[{"count":0,"href":"https:\/\/transportjournal.com\/es\/wp-json\/wp\/v2\/posts\/74164\/revisions"}],"wp:featuredmedia":[{"embeddable":true,"href":"https:\/\/transportjournal.com\/es\/wp-json\/wp\/v2\/media\/74161"}],"wp:attachment":[{"href":"https:\/\/transportjournal.com\/es\/wp-json\/wp\/v2\/media?parent=74164"}],"wp:term":[{"taxonomy":"category","embeddable":true,"href":"https:\/\/transportjournal.com\/es\/wp-json\/wp\/v2\/categories?post=74164"},{"taxonomy":"post_tag","embeddable":true,"href":"https:\/\/transportjournal.com\/es\/wp-json\/wp\/v2\/tags?post=74164"}],"curies":[{"name":"wp","href":"https:\/\/api.w.org\/{rel}","templated":true}]}}