{"id":74156,"date":"2026-01-23T10:00:06","date_gmt":"2026-01-23T10:00:06","guid":{"rendered":"https:\/\/transportjournal.com\/2026\/01\/23\/manuel-marielle-nuevo-director-general-de-renault-trucks\/"},"modified":"2026-01-23T10:00:06","modified_gmt":"2026-01-23T10:00:06","slug":"manuel-marielle-nuevo-director-general-de-renault-trucks","status":"publish","type":"post","link":"https:\/\/transportjournal.com\/es\/2026\/01\/23\/manuel-marielle-nuevo-director-general-de-renault-trucks\/","title":{"rendered":"Manuel Marielle nuevo director general de Renault Trucks"},"content":{"rendered":"<p>Renault Trucks ha anunciado el nombramiento de Manuel Marielle como nuevo director general de Renault Trucks Francia. Asumir\u00e1 su cargo el 1 de mayo y suceder\u00e1 a Christophe Martin, quien ha ocupado este puesto desde 2018 y en ese momento asumir\u00e1 nuevas responsabilidades en el comit\u00e9 ejecutivo de Renault Trucks.<\/p>\n<h3>Nuevo ciclo estrat\u00e9gico<\/h3>\n<p>Con la asunci\u00f3n de la direcci\u00f3n del mercado m\u00e1s importante de la empresa, Manuel Marielle es nombrado para una posici\u00f3n clave con el fin de iniciar un nuevo ciclo estrat\u00e9gico. Este ciclo tiene como objetivo responder a los cambios en el tr\u00e1fico rodado y acelerar el crecimiento de la empresa en el \u00e1rea de camiones y soluciones de movilidad.<\/p>\n<p>Manuel Marielle tiene una maestr\u00eda en administraci\u00f3n de empresas y una maestr\u00eda especializada en gesti\u00f3n de compras. Comenz\u00f3 su carrera en 1999 en Renault Trucks en el departamento financiero y se desarroll\u00f3 dentro del grupo Volvo. All\u00ed ocup\u00f3 varios puestos de gesti\u00f3n, incluyendo en los comit\u00e9s ejecutivos de Mack Trucks, Volvo Trucks North America y Renault Trucks. En estos roles, dirigi\u00f3 departamentos de compras y relaciones estrat\u00e9gicas con proveedores en varios continentes y fue responsable de las actividades de compras del grupo Volvo en Am\u00e9rica del Norte.<\/p>\n<p>Actualmente, Marielle es director general de la divisi\u00f3n europea de veh\u00edculos comerciales medianos (EMD BU), que fund\u00f3 para fortalecer la posici\u00f3n de liderazgo de Volvo en este segmento. En esta funci\u00f3n, gestiona asociaciones significativas y proyectos estrat\u00e9gicos, as\u00ed como varias plantas de producci\u00f3n.<\/p>\n<p>Marielle se pronunci\u00f3 sobre su nuevo rol: \u201cMe siento profundamente honrado y emocionado de asumir la direcci\u00f3n de Renault Trucks Francia. Me uno a una organizaci\u00f3n s\u00f3lida y de alto rendimiento, respaldada por equipos talentosos que me ayudar\u00e1n a acelerar nuestro rumbo, en estrecha colaboraci\u00f3n con nuestros concesionarios. Mi enfoque estar\u00e1 en asegurar la experiencia y el \u00e9xito de nuestros clientes en un contexto de cambios profundos en nuestra industria y en consolidar nuestra posici\u00f3n de liderazgo.\u201d<\/p>\n<p>Antoine Duclaux, presidente de Renault Trucks, destac\u00f3 la importancia de Marielle para la empresa: \u201cHoy le confiero a Manuel Marielle la responsabilidad de nuestro mercado hist\u00f3rico. Manuel es un l\u00edder valiente con m\u00e1s de 25 a\u00f1os de experiencia en la creaci\u00f3n de valor, una fuerte cultura empresarial y una amplia experiencia internacional. Su trayectoria es una ventaja esencial para desplegar todo el potencial de la marca en el mercado franc\u00e9s, donde mantenemos un 30 % de cuota de mercado.\u201d<\/p>\n<p>&nbsp;<\/p>\n<p><a href=\"https:\/\/www.renault-trucks.com\/\" target=\"_blank\" rel=\"noopener noreferrer\">www.renault-trucks.com<\/a><\/p>\n<p>&nbsp;<\/p>\n","protected":false},"excerpt":{"rendered":"<p>Renault Trucks ha nombrado a Manuel Marielle como nuevo director general de Renault Trucks Francia para iniciar un ciclo estrat\u00e9gico de fortalecimiento de la empresa<\/p>\n","protected":false},"author":12,"featured_media":74153,"comment_status":"open","ping_status":"open","sticky":false,"template":"","format":"standard","meta":{"_acf_changed":false,"footnotes":""},"categories":[1611,1604,1603],"tags":[8758,8759,8760,8761,8762,8763,8764,8765,8766,8767,8768,8769,8770,8771,8772,8773,8774,8775,8776,8777,8778,8779,8780,8781,8782,8783,8784,8785,8786,8787,8788,8789,8790,8791,8792,8793,8794,8795,8796,8797,8798,8799,8800,8801,8802,8803,8804,8805,8806,8807,8808,8809,8810],"class_list":["post-74156","post","type-post","status-publish","format-standard","has-post-thumbnail","hentry","category-europa","category-intermodal-carretera","category-personas-y-empresas","tag-ceo-renault-trucks","tag-changements-dans-le-trafic-routier","tag-comite-executif-renault","tag-commercial-vehicles-europe","tag-corporate-leadership-renault","tag-cycle-strategique-renault","tag-deutsch-renault-trucks","tag-developpement-des-talents-renault","tag-directeur-general-renault-trucks","tag-einkaufsmanagement-renault","tag-executive-committee-renault","tag-exekutivkomitee-renault","tag-experience-internationale-renault","tag-geschaeftsfuehrer-renault-trucks","tag-gestion-des-achats-renault","tag-groupe-volvo","tag-industrie-logistique-france","tag-international-experience-renault","tag-internationale-erfahrung-renault","tag-leadership-dentreprise-renault","tag-lkw-mobilitaetsloesungen","tag-logistics-industry-france","tag-logistikbranche-frankreich","tag-manuel-marielle","tag-market-share-renault-trucks","tag-market-strategy-renault","tag-marktanteil-renault-trucks","tag-marktstrategie-renault","tag-mobilitaetstrends-nutzfahrzeuge-english-renault-trucks","tag-mobility-trends-commercial-vehicles-francais-renault-trucks","tag-nutzfahrzeuge-europa","tag-part-de-marche-renault-trucks","tag-partenariats-vehicules-utilitaires","tag-partnerschaften-nutzfahrzeuge","tag-partnerships-commercial-vehicles","tag-procurement-management-renault","tag-production-sites-renault","tag-produktionsstandorte-renault","tag-road-traffic-changes","tag-sites-de-production-renault","tag-solutions-de-mobilite-poids-lourds","tag-strassenverkehr-veraenderungen","tag-strategic-cycle-renault","tag-strategie-de-marche-renault","tag-strategischer-zyklus-renault","tag-talent-development-renault","tag-talentfoerderung-renault","tag-tendances-de-mobilite-vehicules-utilitaires","tag-truck-mobility-solutions","tag-unternehmensfuehrung-renault","tag-vehicules-utilitaires-europe","tag-volvo-group","tag-volvo-konzern"],"acf":[],"yoast_head":"<!-- This site is optimized with the Yoast SEO plugin v27.3 - https:\/\/yoast.com\/product\/yoast-seo-wordpress\/ -->\n<title>Manuel Marielle nuevo director general de Renault Trucks - ITJ | International Transport Journal<\/title>\n<meta name=\"robots\" content=\"index, follow, max-snippet:-1, max-image-preview:large, max-video-preview:-1\" \/>\n<link rel=\"canonical\" href=\"https:\/\/transportjournal.com\/es\/2026\/01\/23\/manuel-marielle-nuevo-director-general-de-renault-trucks\/\" \/>\n<meta property=\"og:locale\" content=\"es_ES\" \/>\n<meta property=\"og:type\" content=\"article\" \/>\n<meta property=\"og:title\" content=\"Manuel Marielle nuevo director general de Renault Trucks - ITJ | International Transport Journal\" \/>\n<meta property=\"og:description\" content=\"Renault Trucks ha nombrado a Manuel Marielle como nuevo director general de Renault Trucks Francia para iniciar un ciclo estrat\u00e9gico de fortalecimiento de la empresa\" \/>\n<meta property=\"og:url\" content=\"https:\/\/transportjournal.com\/es\/2026\/01\/23\/manuel-marielle-nuevo-director-general-de-renault-trucks\/\" \/>\n<meta property=\"og:site_name\" content=\"ITJ | International Transport Journal\" \/>\n<meta property=\"article:published_time\" content=\"2026-01-23T10:00:06+00:00\" \/>\n<meta property=\"og:image\" content=\"https:\/\/transportjournal.com\/wp-content\/uploads\/sites\/2\/2026\/01\/Manuel-Marielle_Directeur-General-Renault-Trucks-France_2026-scaled-aspect-ratio-1400-788-scaled-1.jpg\" \/>\n\t<meta property=\"og:image:width\" content=\"2560\" \/>\n\t<meta property=\"og:image:height\" content=\"1441\" \/>\n\t<meta property=\"og:image:type\" content=\"image\/jpeg\" \/>\n<meta name=\"author\" content=\"Andreas Haug\" \/>\n<meta name=\"twitter:card\" content=\"summary_large_image\" \/>\n<meta name=\"twitter:label1\" content=\"Escrito por\" \/>\n\t<meta name=\"twitter:data1\" content=\"Andreas Haug\" \/>\n\t<meta name=\"twitter:label2\" content=\"Tiempo de lectura\" \/>\n\t<meta name=\"twitter:data2\" content=\"2 minuto\" \/>\n<script type=\"application\/ld+json\" class=\"yoast-schema-graph\">{\"@context\":\"https:\\\/\\\/schema.org\",\"@graph\":[{\"@type\":\"Article\",\"@id\":\"https:\\\/\\\/transportjournal.com\\\/es\\\/2026\\\/01\\\/23\\\/manuel-marielle-nuevo-director-general-de-renault-trucks\\\/#article\",\"isPartOf\":{\"@id\":\"https:\\\/\\\/transportjournal.com\\\/es\\\/2026\\\/01\\\/23\\\/manuel-marielle-nuevo-director-general-de-renault-trucks\\\/\"},\"author\":{\"name\":\"Andreas Haug\",\"@id\":\"https:\\\/\\\/transportjournal.com\\\/es\\\/#\\\/schema\\\/person\\\/cf538b3157f15afd7589245a4b3dbd25\"},\"headline\":\"Manuel Marielle nuevo director general de Renault Trucks\",\"datePublished\":\"2026-01-23T10:00:06+00:00\",\"mainEntityOfPage\":{\"@id\":\"https:\\\/\\\/transportjournal.com\\\/es\\\/2026\\\/01\\\/23\\\/manuel-marielle-nuevo-director-general-de-renault-trucks\\\/\"},\"wordCount\":438,\"commentCount\":0,\"publisher\":{\"@id\":\"https:\\\/\\\/transportjournal.com\\\/es\\\/#organization\"},\"image\":{\"@id\":\"https:\\\/\\\/transportjournal.com\\\/es\\\/2026\\\/01\\\/23\\\/manuel-marielle-nuevo-director-general-de-renault-trucks\\\/#primaryimage\"},\"thumbnailUrl\":\"https:\\\/\\\/transportjournal.com\\\/wp-content\\\/uploads\\\/sites\\\/2\\\/2026\\\/01\\\/Manuel-Marielle_Directeur-General-Renault-Trucks-France_2026-scaled-aspect-ratio-1400-788-scaled-1.jpg\",\"keywords\":[\"CEO Renault Trucks\",\"changements dans le trafic routier\",\"comit\u00e9 ex\u00e9cutif Renault\",\"commercial vehicles Europe\",\"corporate leadership Renault\",\"cycle strat\u00e9gique Renault\",\"Deutsch Renault Trucks\",\"d\u00e9veloppement des talents Renault\",\"directeur g\u00e9n\u00e9ral Renault Trucks\",\"Einkaufsmanagement Renault\",\"executive committee Renault\",\"Exekutivkomitee Renault\",\"exp\u00e9rience internationale Renault\",\"Gesch\u00e4ftsf\u00fchrer Renault Trucks\",\"gestion des achats Renault\",\"groupe Volvo\",\"industrie logistique France\",\"international experience Renault\",\"internationale Erfahrung Renault\",\"leadership d'entreprise Renault\",\"Lkw Mobilit\u00e4tsl\u00f6sungen\",\"logistics industry France\",\"Logistikbranche Frankreich\",\"Manuel Marielle\",\"market share Renault Trucks\",\"market strategy Renault\",\"Marktanteil Renault Trucks\",\"Marktstrategie Renault\",\"Mobilit\u00e4tstrends Nutzfahrzeuge English Renault Trucks\",\"mobility trends commercial vehicles Fran\u00e7ais Renault Trucks\",\"Nutzfahrzeuge Europa\",\"part de march\u00e9 Renault Trucks\",\"partenariats v\u00e9hicules utilitaires\",\"Partnerschaften Nutzfahrzeuge\",\"partnerships commercial vehicles\",\"procurement management Renault\",\"production sites Renault\",\"Produktionsstandorte Renault\",\"road traffic changes\",\"sites de production Renault\",\"solutions de mobilit\u00e9 poids lourds\",\"Stra\u00dfenverkehr Ver\u00e4nderungen\",\"strategic cycle Renault\",\"strat\u00e9gie de march\u00e9 Renault\",\"strategischer Zyklus Renault\",\"talent development Renault\",\"Talentf\u00f6rderung Renault\",\"tendances de mobilit\u00e9 v\u00e9hicules utilitaires\",\"truck mobility solutions\",\"Unternehmensf\u00fchrung Renault\",\"v\u00e9hicules utilitaires Europe\",\"Volvo Group\",\"Volvo Konzern\"],\"articleSection\":[\"Europa\",\"Intermodal \\\/ Carretera\",\"Personas y empresas\"],\"inLanguage\":\"es\",\"potentialAction\":[{\"@type\":\"CommentAction\",\"name\":\"Comment\",\"target\":[\"https:\\\/\\\/transportjournal.com\\\/es\\\/2026\\\/01\\\/23\\\/manuel-marielle-nuevo-director-general-de-renault-trucks\\\/#respond\"]}]},{\"@type\":\"WebPage\",\"@id\":\"https:\\\/\\\/transportjournal.com\\\/es\\\/2026\\\/01\\\/23\\\/manuel-marielle-nuevo-director-general-de-renault-trucks\\\/\",\"url\":\"https:\\\/\\\/transportjournal.com\\\/es\\\/2026\\\/01\\\/23\\\/manuel-marielle-nuevo-director-general-de-renault-trucks\\\/\",\"name\":\"Manuel Marielle nuevo director general de Renault Trucks - ITJ | International Transport Journal\",\"isPartOf\":{\"@id\":\"https:\\\/\\\/transportjournal.com\\\/es\\\/#website\"},\"primaryImageOfPage\":{\"@id\":\"https:\\\/\\\/transportjournal.com\\\/es\\\/2026\\\/01\\\/23\\\/manuel-marielle-nuevo-director-general-de-renault-trucks\\\/#primaryimage\"},\"image\":{\"@id\":\"https:\\\/\\\/transportjournal.com\\\/es\\\/2026\\\/01\\\/23\\\/manuel-marielle-nuevo-director-general-de-renault-trucks\\\/#primaryimage\"},\"thumbnailUrl\":\"https:\\\/\\\/transportjournal.com\\\/wp-content\\\/uploads\\\/sites\\\/2\\\/2026\\\/01\\\/Manuel-Marielle_Directeur-General-Renault-Trucks-France_2026-scaled-aspect-ratio-1400-788-scaled-1.jpg\",\"datePublished\":\"2026-01-23T10:00:06+00:00\",\"breadcrumb\":{\"@id\":\"https:\\\/\\\/transportjournal.com\\\/es\\\/2026\\\/01\\\/23\\\/manuel-marielle-nuevo-director-general-de-renault-trucks\\\/#breadcrumb\"},\"inLanguage\":\"es\",\"potentialAction\":[{\"@type\":\"ReadAction\",\"target\":[\"https:\\\/\\\/transportjournal.com\\\/es\\\/2026\\\/01\\\/23\\\/manuel-marielle-nuevo-director-general-de-renault-trucks\\\/\"]}]},{\"@type\":\"ImageObject\",\"inLanguage\":\"es\",\"@id\":\"https:\\\/\\\/transportjournal.com\\\/es\\\/2026\\\/01\\\/23\\\/manuel-marielle-nuevo-director-general-de-renault-trucks\\\/#primaryimage\",\"url\":\"https:\\\/\\\/transportjournal.com\\\/wp-content\\\/uploads\\\/sites\\\/2\\\/2026\\\/01\\\/Manuel-Marielle_Directeur-General-Renault-Trucks-France_2026-scaled-aspect-ratio-1400-788-scaled-1.jpg\",\"contentUrl\":\"https:\\\/\\\/transportjournal.com\\\/wp-content\\\/uploads\\\/sites\\\/2\\\/2026\\\/01\\\/Manuel-Marielle_Directeur-General-Renault-Trucks-France_2026-scaled-aspect-ratio-1400-788-scaled-1.jpg\",\"width\":2560,\"height\":1441},{\"@type\":\"BreadcrumbList\",\"@id\":\"https:\\\/\\\/transportjournal.com\\\/es\\\/2026\\\/01\\\/23\\\/manuel-marielle-nuevo-director-general-de-renault-trucks\\\/#breadcrumb\",\"itemListElement\":[{\"@type\":\"ListItem\",\"position\":1,\"name\":\"Startseite\",\"item\":\"https:\\\/\\\/transportjournal.com\\\/es\\\/\"},{\"@type\":\"ListItem\",\"position\":2,\"name\":\"Manuel Marielle nuevo director general de Renault Trucks\"}]},{\"@type\":\"WebSite\",\"@id\":\"https:\\\/\\\/transportjournal.com\\\/es\\\/#website\",\"url\":\"https:\\\/\\\/transportjournal.com\\\/es\\\/\",\"name\":\"ITJ | International Transport Journal\",\"description\":\"Stay informed with the latest global news from the transport, logistics, and supply chain industries. Transport Journal delivers expert insights, analysis, and updates across shipping, aviation, intermodal, and forwarding.\",\"publisher\":{\"@id\":\"https:\\\/\\\/transportjournal.com\\\/es\\\/#organization\"},\"potentialAction\":[{\"@type\":\"SearchAction\",\"target\":{\"@type\":\"EntryPoint\",\"urlTemplate\":\"https:\\\/\\\/transportjournal.com\\\/es\\\/?s={search_term_string}\"},\"query-input\":{\"@type\":\"PropertyValueSpecification\",\"valueRequired\":true,\"valueName\":\"search_term_string\"}}],\"inLanguage\":\"es\"},{\"@type\":\"Organization\",\"@id\":\"https:\\\/\\\/transportjournal.com\\\/es\\\/#organization\",\"name\":\"Grupo Logismedia AG\",\"alternateName\":\"Logismedia Group AG\",\"url\":\"https:\\\/\\\/transportjournal.com\\\/es\\\/\",\"logo\":{\"@type\":\"ImageObject\",\"inLanguage\":\"es\",\"@id\":\"https:\\\/\\\/transportjournal.com\\\/es\\\/#\\\/schema\\\/logo\\\/image\\\/\",\"url\":\"https:\\\/\\\/transportjournal.com\\\/wp-content\\\/uploads\\\/sites\\\/2\\\/2025\\\/09\\\/Logo_ITJ.png\",\"contentUrl\":\"https:\\\/\\\/transportjournal.com\\\/wp-content\\\/uploads\\\/sites\\\/2\\\/2025\\\/09\\\/Logo_ITJ.png\",\"width\":799,\"height\":326,\"caption\":\"Grupo Logismedia AG\"},\"image\":{\"@id\":\"https:\\\/\\\/transportjournal.com\\\/es\\\/#\\\/schema\\\/logo\\\/image\\\/\"},\"sameAs\":[\"https:\\\/\\\/www.linkedin.com\\\/company\\\/56456496\\\/admin\\\/dashboard\\\/\",\"https:\\\/\\\/www.instagram.com\\\/logismediagroup\\\/\",\"https:\\\/\\\/www.youtube.com\\\/@LogiamediaGroupAG\"]},{\"@type\":\"Person\",\"@id\":\"https:\\\/\\\/transportjournal.com\\\/es\\\/#\\\/schema\\\/person\\\/cf538b3157f15afd7589245a4b3dbd25\",\"name\":\"Andreas Haug\",\"url\":\"https:\\\/\\\/transportjournal.com\\\/es\\\/author\\\/andreas\\\/\"}]}<\/script>\n<!-- \/ Yoast SEO plugin. -->","yoast_head_json":{"title":"Manuel Marielle nuevo director general de Renault Trucks - ITJ | International Transport Journal","robots":{"index":"index","follow":"follow","max-snippet":"max-snippet:-1","max-image-preview":"max-image-preview:large","max-video-preview":"max-video-preview:-1"},"canonical":"https:\/\/transportjournal.com\/es\/2026\/01\/23\/manuel-marielle-nuevo-director-general-de-renault-trucks\/","og_locale":"es_ES","og_type":"article","og_title":"Manuel Marielle nuevo director general de Renault Trucks - ITJ | International Transport Journal","og_description":"Renault Trucks ha nombrado a Manuel Marielle como nuevo director general de Renault Trucks Francia para iniciar un ciclo estrat\u00e9gico de fortalecimiento de la empresa","og_url":"https:\/\/transportjournal.com\/es\/2026\/01\/23\/manuel-marielle-nuevo-director-general-de-renault-trucks\/","og_site_name":"ITJ | International Transport Journal","article_published_time":"2026-01-23T10:00:06+00:00","og_image":[{"width":2560,"height":1441,"url":"https:\/\/transportjournal.com\/wp-content\/uploads\/sites\/2\/2026\/01\/Manuel-Marielle_Directeur-General-Renault-Trucks-France_2026-scaled-aspect-ratio-1400-788-scaled-1.jpg","type":"image\/jpeg"}],"author":"Andreas Haug","twitter_card":"summary_large_image","twitter_misc":{"Escrito por":"Andreas Haug","Tiempo de lectura":"2 minuto"},"schema":{"@context":"https:\/\/schema.org","@graph":[{"@type":"Article","@id":"https:\/\/transportjournal.com\/es\/2026\/01\/23\/manuel-marielle-nuevo-director-general-de-renault-trucks\/#article","isPartOf":{"@id":"https:\/\/transportjournal.com\/es\/2026\/01\/23\/manuel-marielle-nuevo-director-general-de-renault-trucks\/"},"author":{"name":"Andreas Haug","@id":"https:\/\/transportjournal.com\/es\/#\/schema\/person\/cf538b3157f15afd7589245a4b3dbd25"},"headline":"Manuel Marielle nuevo director general de Renault Trucks","datePublished":"2026-01-23T10:00:06+00:00","mainEntityOfPage":{"@id":"https:\/\/transportjournal.com\/es\/2026\/01\/23\/manuel-marielle-nuevo-director-general-de-renault-trucks\/"},"wordCount":438,"commentCount":0,"publisher":{"@id":"https:\/\/transportjournal.com\/es\/#organization"},"image":{"@id":"https:\/\/transportjournal.com\/es\/2026\/01\/23\/manuel-marielle-nuevo-director-general-de-renault-trucks\/#primaryimage"},"thumbnailUrl":"https:\/\/transportjournal.com\/wp-content\/uploads\/sites\/2\/2026\/01\/Manuel-Marielle_Directeur-General-Renault-Trucks-France_2026-scaled-aspect-ratio-1400-788-scaled-1.jpg","keywords":["CEO Renault Trucks","changements dans le trafic routier","comit\u00e9 ex\u00e9cutif Renault","commercial vehicles Europe","corporate leadership Renault","cycle strat\u00e9gique Renault","Deutsch Renault Trucks","d\u00e9veloppement des talents Renault","directeur g\u00e9n\u00e9ral Renault Trucks","Einkaufsmanagement Renault","executive committee Renault","Exekutivkomitee Renault","exp\u00e9rience internationale Renault","Gesch\u00e4ftsf\u00fchrer Renault Trucks","gestion des achats Renault","groupe Volvo","industrie logistique France","international experience Renault","internationale Erfahrung Renault","leadership d'entreprise Renault","Lkw Mobilit\u00e4tsl\u00f6sungen","logistics industry France","Logistikbranche Frankreich","Manuel Marielle","market share Renault Trucks","market strategy Renault","Marktanteil Renault Trucks","Marktstrategie Renault","Mobilit\u00e4tstrends Nutzfahrzeuge English Renault Trucks","mobility trends commercial vehicles Fran\u00e7ais Renault Trucks","Nutzfahrzeuge Europa","part de march\u00e9 Renault Trucks","partenariats v\u00e9hicules utilitaires","Partnerschaften Nutzfahrzeuge","partnerships commercial vehicles","procurement management Renault","production sites Renault","Produktionsstandorte Renault","road traffic changes","sites de production Renault","solutions de mobilit\u00e9 poids lourds","Stra\u00dfenverkehr Ver\u00e4nderungen","strategic cycle Renault","strat\u00e9gie de march\u00e9 Renault","strategischer Zyklus Renault","talent development Renault","Talentf\u00f6rderung Renault","tendances de mobilit\u00e9 v\u00e9hicules utilitaires","truck mobility solutions","Unternehmensf\u00fchrung Renault","v\u00e9hicules utilitaires Europe","Volvo Group","Volvo Konzern"],"articleSection":["Europa","Intermodal \/ Carretera","Personas y empresas"],"inLanguage":"es","potentialAction":[{"@type":"CommentAction","name":"Comment","target":["https:\/\/transportjournal.com\/es\/2026\/01\/23\/manuel-marielle-nuevo-director-general-de-renault-trucks\/#respond"]}]},{"@type":"WebPage","@id":"https:\/\/transportjournal.com\/es\/2026\/01\/23\/manuel-marielle-nuevo-director-general-de-renault-trucks\/","url":"https:\/\/transportjournal.com\/es\/2026\/01\/23\/manuel-marielle-nuevo-director-general-de-renault-trucks\/","name":"Manuel Marielle nuevo director general de Renault Trucks - ITJ | International Transport Journal","isPartOf":{"@id":"https:\/\/transportjournal.com\/es\/#website"},"primaryImageOfPage":{"@id":"https:\/\/transportjournal.com\/es\/2026\/01\/23\/manuel-marielle-nuevo-director-general-de-renault-trucks\/#primaryimage"},"image":{"@id":"https:\/\/transportjournal.com\/es\/2026\/01\/23\/manuel-marielle-nuevo-director-general-de-renault-trucks\/#primaryimage"},"thumbnailUrl":"https:\/\/transportjournal.com\/wp-content\/uploads\/sites\/2\/2026\/01\/Manuel-Marielle_Directeur-General-Renault-Trucks-France_2026-scaled-aspect-ratio-1400-788-scaled-1.jpg","datePublished":"2026-01-23T10:00:06+00:00","breadcrumb":{"@id":"https:\/\/transportjournal.com\/es\/2026\/01\/23\/manuel-marielle-nuevo-director-general-de-renault-trucks\/#breadcrumb"},"inLanguage":"es","potentialAction":[{"@type":"ReadAction","target":["https:\/\/transportjournal.com\/es\/2026\/01\/23\/manuel-marielle-nuevo-director-general-de-renault-trucks\/"]}]},{"@type":"ImageObject","inLanguage":"es","@id":"https:\/\/transportjournal.com\/es\/2026\/01\/23\/manuel-marielle-nuevo-director-general-de-renault-trucks\/#primaryimage","url":"https:\/\/transportjournal.com\/wp-content\/uploads\/sites\/2\/2026\/01\/Manuel-Marielle_Directeur-General-Renault-Trucks-France_2026-scaled-aspect-ratio-1400-788-scaled-1.jpg","contentUrl":"https:\/\/transportjournal.com\/wp-content\/uploads\/sites\/2\/2026\/01\/Manuel-Marielle_Directeur-General-Renault-Trucks-France_2026-scaled-aspect-ratio-1400-788-scaled-1.jpg","width":2560,"height":1441},{"@type":"BreadcrumbList","@id":"https:\/\/transportjournal.com\/es\/2026\/01\/23\/manuel-marielle-nuevo-director-general-de-renault-trucks\/#breadcrumb","itemListElement":[{"@type":"ListItem","position":1,"name":"Startseite","item":"https:\/\/transportjournal.com\/es\/"},{"@type":"ListItem","position":2,"name":"Manuel Marielle nuevo director general de Renault Trucks"}]},{"@type":"WebSite","@id":"https:\/\/transportjournal.com\/es\/#website","url":"https:\/\/transportjournal.com\/es\/","name":"ITJ | International Transport Journal","description":"Stay informed with the latest global news from the transport, logistics, and supply chain industries. Transport Journal delivers expert insights, analysis, and updates across shipping, aviation, intermodal, and forwarding.","publisher":{"@id":"https:\/\/transportjournal.com\/es\/#organization"},"potentialAction":[{"@type":"SearchAction","target":{"@type":"EntryPoint","urlTemplate":"https:\/\/transportjournal.com\/es\/?s={search_term_string}"},"query-input":{"@type":"PropertyValueSpecification","valueRequired":true,"valueName":"search_term_string"}}],"inLanguage":"es"},{"@type":"Organization","@id":"https:\/\/transportjournal.com\/es\/#organization","name":"Grupo Logismedia AG","alternateName":"Logismedia Group AG","url":"https:\/\/transportjournal.com\/es\/","logo":{"@type":"ImageObject","inLanguage":"es","@id":"https:\/\/transportjournal.com\/es\/#\/schema\/logo\/image\/","url":"https:\/\/transportjournal.com\/wp-content\/uploads\/sites\/2\/2025\/09\/Logo_ITJ.png","contentUrl":"https:\/\/transportjournal.com\/wp-content\/uploads\/sites\/2\/2025\/09\/Logo_ITJ.png","width":799,"height":326,"caption":"Grupo Logismedia AG"},"image":{"@id":"https:\/\/transportjournal.com\/es\/#\/schema\/logo\/image\/"},"sameAs":["https:\/\/www.linkedin.com\/company\/56456496\/admin\/dashboard\/","https:\/\/www.instagram.com\/logismediagroup\/","https:\/\/www.youtube.com\/@LogiamediaGroupAG"]},{"@type":"Person","@id":"https:\/\/transportjournal.com\/es\/#\/schema\/person\/cf538b3157f15afd7589245a4b3dbd25","name":"Andreas Haug","url":"https:\/\/transportjournal.com\/es\/author\/andreas\/"}]}},"_links":{"self":[{"href":"https:\/\/transportjournal.com\/es\/wp-json\/wp\/v2\/posts\/74156","targetHints":{"allow":["GET"]}}],"collection":[{"href":"https:\/\/transportjournal.com\/es\/wp-json\/wp\/v2\/posts"}],"about":[{"href":"https:\/\/transportjournal.com\/es\/wp-json\/wp\/v2\/types\/post"}],"author":[{"embeddable":true,"href":"https:\/\/transportjournal.com\/es\/wp-json\/wp\/v2\/users\/12"}],"replies":[{"embeddable":true,"href":"https:\/\/transportjournal.com\/es\/wp-json\/wp\/v2\/comments?post=74156"}],"version-history":[{"count":0,"href":"https:\/\/transportjournal.com\/es\/wp-json\/wp\/v2\/posts\/74156\/revisions"}],"wp:featuredmedia":[{"embeddable":true,"href":"https:\/\/transportjournal.com\/es\/wp-json\/wp\/v2\/media\/74153"}],"wp:attachment":[{"href":"https:\/\/transportjournal.com\/es\/wp-json\/wp\/v2\/media?parent=74156"}],"wp:term":[{"taxonomy":"category","embeddable":true,"href":"https:\/\/transportjournal.com\/es\/wp-json\/wp\/v2\/categories?post=74156"},{"taxonomy":"post_tag","embeddable":true,"href":"https:\/\/transportjournal.com\/es\/wp-json\/wp\/v2\/tags?post=74156"}],"curies":[{"name":"wp","href":"https:\/\/api.w.org\/{rel}","templated":true}]}}