{"id":74141,"date":"2026-01-23T09:35:44","date_gmt":"2026-01-23T09:35:44","guid":{"rendered":"https:\/\/transportjournal.com\/2026\/01\/23\/ruta-de-camiones-electricos\/"},"modified":"2026-01-23T10:56:08","modified_gmt":"2026-01-23T09:56:08","slug":"ruta-de-camiones-electricos","status":"publish","type":"post","link":"https:\/\/transportjournal.com\/es\/2026\/01\/23\/ruta-de-camiones-electricos\/","title":{"rendered":"Ruta de camiones el\u00e9ctricos"},"content":{"rendered":"<p>Scania Ventures, el grupo LOTS y JUNA Technologies han establecido, en colaboraci\u00f3n con el proveedor de log\u00edstica HAWA, una de las rutas de camiones el\u00e9ctricos m\u00e1s largas de Europa. Esta iniciativa tiene como objetivo demostrar que el uso de veh\u00edculos el\u00e9ctricos de bater\u00eda en el transporte de larga distancia es econ\u00f3micamente viable. La ruta se extiende por 1.250 kil\u00f3metros.<\/p>\n<h3>Efecto modelo del proyecto<\/h3>\n<p>El objetivo de la asociaci\u00f3n es desarrollar un modelo escalable para la log\u00edstica electrificada en el transporte de larga distancia. Para ello, se combina la plataforma basada en IA Pathfinder del grupo LOTS con las soluciones de veh\u00edculos de JUNA y la experiencia de HAWA. A trav\u00e9s de una planificaci\u00f3n inteligente y un uso efectivo de los recursos, se busca reducir las emisiones de CO\u2082.<\/p>\n<p><a href=\"https:\/\/juna.com\/en\" target=\"_blank\" rel=\"noopener noreferrer\">www.juna.com<\/a><\/p>\n<p><a href=\"https:\/\/lotsgroup.com\/\" target=\"_blank\" rel=\"noopener noreferrer\">www.lotsgroup.com<\/a><\/p>\n","protected":false},"excerpt":{"rendered":"<p>Scania Ventures, el grupo LOTS y JUNA Technologies, junto con HAWA, han establecido una larga ruta de camiones el\u00e9ctricos en Europa para promover el transporte sostenible<\/p>\n","protected":false},"author":10,"featured_media":74138,"comment_status":"open","ping_status":"open","sticky":false,"template":"","format":"standard","meta":{"_acf_changed":false,"footnotes":""},"categories":[1611,1604],"tags":[8718,8719,8654,8720,8721,2115,4521,8722,8723,8724,8725,8726,8727,3137,3138,2700,8728,8729,8730,8731,8732,8733,8734,8735,8736,8737,8738,6478,8739,8740,8741,2622,3108,8742,8743,1800,3157,8744,8745,2720,8746,8747,3875,3878,8748,8749,8750,8751,8752,2641,8753,8754,8755,8756,8757,8681],"class_list":["post-74141","post","type-post","status-publish","format-standard","has-post-thumbnail","hentry","category-europa","category-intermodal-carretera","tag-ai-based-platform","tag-batterieelektrische-fahrzeuge","tag-battery-electric-vehicles","tag-co-emissionen-senken","tag-deutsch-elektrische-lkw-route","tag-digitalisierung-in-der-logistik","tag-digitization-in-logistics","tag-e-mobilitaet-im-transport-english-electric-truck-route","tag-e-mobilite-dans-le-transport","tag-e-mobility-in-transport-francais-route-de-camions-electriques","tag-eco-friendly-freight-transport","tag-electric-transport-solutions","tag-elektrische-transportloesungen","tag-europaeische-logistik","tag-european-logistics","tag-fachkraeftemangel-in-der-logistik","tag-fournisseur-logistique-hawa","tag-hawa-logistics-provider","tag-hawa-logistikdienstleister","tag-industrie-du-transport-en-europe","tag-infrastructure-for-electric-trucks","tag-infrastructure-pour-camions-electriques","tag-infrastruktur-fuer-e-lkw","tag-innovations-logistiques","tag-intelligent-planning","tag-intelligente-planung","tag-ki-basierte-plattform","tag-labor-shortage-in-logistics","tag-langstreckentransport","tag-logistics-innovations","tag-logistikinnovationen","tag-logistique-durable","tag-logistique-europeenne","tag-long-haul-transport","tag-modele-logistique-evolutif","tag-nachhaltige-logistik","tag-numerisation-dans-la-logistique","tag-optimiser-lutilisation-des-ressources","tag-optimize-resource-utilization","tag-penurie-de-main-doeuvre-dans-la-logistique","tag-planification-intelligente","tag-plateforme-basee-sur-lia","tag-reduce-co-emissions","tag-reduire-les-emissions-de-co","tag-ressourcennutzung-optimieren","tag-scalable-logistics-model","tag-scania-ventures","tag-skalierbares-modell-logistik","tag-solutions-de-transport-electrique","tag-sustainable-logistics","tag-transport-de-marchandises-ecologique","tag-transport-industry-in-europe","tag-transport-longue-distance","tag-transportwirtschaft-in-europa","tag-umweltfreundlicher-guetertransport","tag-vehicules-electriques-a-batterie"],"acf":[],"yoast_head":"<!-- This site is optimized with the Yoast SEO plugin v27.3 - https:\/\/yoast.com\/product\/yoast-seo-wordpress\/ -->\n<title>Ruta de camiones el\u00e9ctricos - ITJ | International Transport Journal<\/title>\n<meta name=\"robots\" content=\"index, follow, max-snippet:-1, max-image-preview:large, max-video-preview:-1\" \/>\n<link rel=\"canonical\" href=\"https:\/\/transportjournal.com\/es\/2026\/01\/23\/ruta-de-camiones-electricos\/\" \/>\n<meta property=\"og:locale\" content=\"es_ES\" \/>\n<meta property=\"og:type\" content=\"article\" \/>\n<meta property=\"og:title\" content=\"Ruta de camiones el\u00e9ctricos - ITJ | International Transport Journal\" \/>\n<meta property=\"og:description\" content=\"Scania Ventures, el grupo LOTS y JUNA Technologies, junto con HAWA, han establecido una larga ruta de camiones el\u00e9ctricos en Europa para promover el transporte sostenible\" \/>\n<meta property=\"og:url\" content=\"https:\/\/transportjournal.com\/es\/2026\/01\/23\/ruta-de-camiones-electricos\/\" \/>\n<meta property=\"og:site_name\" content=\"ITJ | International Transport Journal\" \/>\n<meta property=\"article:published_time\" content=\"2026-01-23T09:35:44+00:00\" \/>\n<meta property=\"article:modified_time\" content=\"2026-01-23T09:56:08+00:00\" \/>\n<meta property=\"og:image\" content=\"https:\/\/transportjournal.com\/wp-content\/uploads\/sites\/2\/2026\/01\/a8c31a7cfdb39011_org-aspect-ratio-1400-788.png\" \/>\n\t<meta property=\"og:image:width\" content=\"1308\" \/>\n\t<meta property=\"og:image:height\" content=\"736\" \/>\n\t<meta property=\"og:image:type\" content=\"image\/png\" \/>\n<meta name=\"author\" content=\"Jeremy Soland\" \/>\n<meta name=\"twitter:card\" content=\"summary_large_image\" \/>\n<meta name=\"twitter:label1\" content=\"Escrito por\" \/>\n\t<meta name=\"twitter:data1\" content=\"Jeremy Soland\" \/>\n\t<meta name=\"twitter:label2\" content=\"Tiempo de lectura\" \/>\n\t<meta name=\"twitter:data2\" content=\"1 minuto\" \/>\n<script type=\"application\/ld+json\" class=\"yoast-schema-graph\">{\"@context\":\"https:\\\/\\\/schema.org\",\"@graph\":[{\"@type\":\"Article\",\"@id\":\"https:\\\/\\\/transportjournal.com\\\/es\\\/2026\\\/01\\\/23\\\/ruta-de-camiones-electricos\\\/#article\",\"isPartOf\":{\"@id\":\"https:\\\/\\\/transportjournal.com\\\/es\\\/2026\\\/01\\\/23\\\/ruta-de-camiones-electricos\\\/\"},\"author\":{\"name\":\"Jeremy Soland\",\"@id\":\"https:\\\/\\\/transportjournal.com\\\/es\\\/#\\\/schema\\\/person\\\/41d36b5474b623392fa613e97e2363fa\"},\"headline\":\"Ruta de camiones el\u00e9ctricos\",\"datePublished\":\"2026-01-23T09:35:44+00:00\",\"dateModified\":\"2026-01-23T09:56:08+00:00\",\"mainEntityOfPage\":{\"@id\":\"https:\\\/\\\/transportjournal.com\\\/es\\\/2026\\\/01\\\/23\\\/ruta-de-camiones-electricos\\\/\"},\"wordCount\":152,\"commentCount\":0,\"publisher\":{\"@id\":\"https:\\\/\\\/transportjournal.com\\\/es\\\/#organization\"},\"image\":{\"@id\":\"https:\\\/\\\/transportjournal.com\\\/es\\\/2026\\\/01\\\/23\\\/ruta-de-camiones-electricos\\\/#primaryimage\"},\"thumbnailUrl\":\"https:\\\/\\\/transportjournal.com\\\/wp-content\\\/uploads\\\/sites\\\/2\\\/2026\\\/01\\\/a8c31a7cfdb39011_org-aspect-ratio-1400-788.png\",\"keywords\":[\"AI-based platform\",\"batterieelektrische Fahrzeuge\",\"battery electric vehicles\",\"CO\u2082-Emissionen senken\",\"Deutsch elektrische Lkw-Route\",\"Digitalisierung in der Logistik\",\"digitization in logistics\",\"E-Mobilit\u00e4t im Transport English electric truck route\",\"e-mobilit\u00e9 dans le transport\",\"e-mobility in transport Fran\u00e7ais route de camions \u00e9lectriques\",\"eco-friendly freight transport\",\"electric transport solutions\",\"elektrische Transportl\u00f6sungen\",\"europ\u00e4ische Logistik\",\"European logistics\",\"Fachkr\u00e4ftemangel in der Logistik\",\"fournisseur logistique HAWA\",\"HAWA logistics provider\",\"HAWA Logistikdienstleister\",\"industrie du transport en Europe\",\"infrastructure for electric trucks\",\"infrastructure pour camions \u00e9lectriques\",\"Infrastruktur f\u00fcr E-Lkw\",\"innovations logistiques\",\"intelligent planning\",\"intelligente Planung\",\"KI-basierte Plattform\",\"labor shortage in logistics\",\"Langstreckentransport\",\"logistics innovations\",\"Logistikinnovationen\",\"logistique durable\",\"logistique europ\u00e9enne\",\"long-haul transport\",\"mod\u00e8le logistique \u00e9volutif\",\"nachhaltige Logistik\",\"num\u00e9risation dans la logistique\",\"optimiser l'utilisation des ressources\",\"optimize resource utilization\",\"p\u00e9nurie de main-d'\u0153uvre dans la logistique\",\"planification intelligente\",\"plateforme bas\u00e9e sur l'IA\",\"reduce CO\u2082 emissions\",\"r\u00e9duire les \u00e9missions de CO\u2082\",\"Ressourcennutzung optimieren\",\"scalable logistics model\",\"Scania Ventures\",\"Skalierbares Modell Logistik\",\"solutions de transport \u00e9lectrique\",\"sustainable logistics\",\"transport de marchandises \u00e9cologique\",\"transport industry in Europe\",\"transport longue distance\",\"Transportwirtschaft in Europa\",\"umweltfreundlicher G\u00fctertransport\",\"v\u00e9hicules \u00e9lectriques \u00e0 batterie\"],\"articleSection\":[\"Europa\",\"Intermodal \\\/ Carretera\"],\"inLanguage\":\"es\",\"potentialAction\":[{\"@type\":\"CommentAction\",\"name\":\"Comment\",\"target\":[\"https:\\\/\\\/transportjournal.com\\\/es\\\/2026\\\/01\\\/23\\\/ruta-de-camiones-electricos\\\/#respond\"]}]},{\"@type\":\"WebPage\",\"@id\":\"https:\\\/\\\/transportjournal.com\\\/es\\\/2026\\\/01\\\/23\\\/ruta-de-camiones-electricos\\\/\",\"url\":\"https:\\\/\\\/transportjournal.com\\\/es\\\/2026\\\/01\\\/23\\\/ruta-de-camiones-electricos\\\/\",\"name\":\"Ruta de camiones el\u00e9ctricos - ITJ | International Transport Journal\",\"isPartOf\":{\"@id\":\"https:\\\/\\\/transportjournal.com\\\/es\\\/#website\"},\"primaryImageOfPage\":{\"@id\":\"https:\\\/\\\/transportjournal.com\\\/es\\\/2026\\\/01\\\/23\\\/ruta-de-camiones-electricos\\\/#primaryimage\"},\"image\":{\"@id\":\"https:\\\/\\\/transportjournal.com\\\/es\\\/2026\\\/01\\\/23\\\/ruta-de-camiones-electricos\\\/#primaryimage\"},\"thumbnailUrl\":\"https:\\\/\\\/transportjournal.com\\\/wp-content\\\/uploads\\\/sites\\\/2\\\/2026\\\/01\\\/a8c31a7cfdb39011_org-aspect-ratio-1400-788.png\",\"datePublished\":\"2026-01-23T09:35:44+00:00\",\"dateModified\":\"2026-01-23T09:56:08+00:00\",\"breadcrumb\":{\"@id\":\"https:\\\/\\\/transportjournal.com\\\/es\\\/2026\\\/01\\\/23\\\/ruta-de-camiones-electricos\\\/#breadcrumb\"},\"inLanguage\":\"es\",\"potentialAction\":[{\"@type\":\"ReadAction\",\"target\":[\"https:\\\/\\\/transportjournal.com\\\/es\\\/2026\\\/01\\\/23\\\/ruta-de-camiones-electricos\\\/\"]}]},{\"@type\":\"ImageObject\",\"inLanguage\":\"es\",\"@id\":\"https:\\\/\\\/transportjournal.com\\\/es\\\/2026\\\/01\\\/23\\\/ruta-de-camiones-electricos\\\/#primaryimage\",\"url\":\"https:\\\/\\\/transportjournal.com\\\/wp-content\\\/uploads\\\/sites\\\/2\\\/2026\\\/01\\\/a8c31a7cfdb39011_org-aspect-ratio-1400-788.png\",\"contentUrl\":\"https:\\\/\\\/transportjournal.com\\\/wp-content\\\/uploads\\\/sites\\\/2\\\/2026\\\/01\\\/a8c31a7cfdb39011_org-aspect-ratio-1400-788.png\",\"width\":1308,\"height\":736},{\"@type\":\"BreadcrumbList\",\"@id\":\"https:\\\/\\\/transportjournal.com\\\/es\\\/2026\\\/01\\\/23\\\/ruta-de-camiones-electricos\\\/#breadcrumb\",\"itemListElement\":[{\"@type\":\"ListItem\",\"position\":1,\"name\":\"Startseite\",\"item\":\"https:\\\/\\\/transportjournal.com\\\/es\\\/\"},{\"@type\":\"ListItem\",\"position\":2,\"name\":\"Ruta de camiones el\u00e9ctricos\"}]},{\"@type\":\"WebSite\",\"@id\":\"https:\\\/\\\/transportjournal.com\\\/es\\\/#website\",\"url\":\"https:\\\/\\\/transportjournal.com\\\/es\\\/\",\"name\":\"ITJ | International Transport Journal\",\"description\":\"Stay informed with the latest global news from the transport, logistics, and supply chain industries. Transport Journal delivers expert insights, analysis, and updates across shipping, aviation, intermodal, and forwarding.\",\"publisher\":{\"@id\":\"https:\\\/\\\/transportjournal.com\\\/es\\\/#organization\"},\"potentialAction\":[{\"@type\":\"SearchAction\",\"target\":{\"@type\":\"EntryPoint\",\"urlTemplate\":\"https:\\\/\\\/transportjournal.com\\\/es\\\/?s={search_term_string}\"},\"query-input\":{\"@type\":\"PropertyValueSpecification\",\"valueRequired\":true,\"valueName\":\"search_term_string\"}}],\"inLanguage\":\"es\"},{\"@type\":\"Organization\",\"@id\":\"https:\\\/\\\/transportjournal.com\\\/es\\\/#organization\",\"name\":\"Grupo Logismedia AG\",\"alternateName\":\"Logismedia Group AG\",\"url\":\"https:\\\/\\\/transportjournal.com\\\/es\\\/\",\"logo\":{\"@type\":\"ImageObject\",\"inLanguage\":\"es\",\"@id\":\"https:\\\/\\\/transportjournal.com\\\/es\\\/#\\\/schema\\\/logo\\\/image\\\/\",\"url\":\"https:\\\/\\\/transportjournal.com\\\/wp-content\\\/uploads\\\/sites\\\/2\\\/2025\\\/09\\\/Logo_ITJ.png\",\"contentUrl\":\"https:\\\/\\\/transportjournal.com\\\/wp-content\\\/uploads\\\/sites\\\/2\\\/2025\\\/09\\\/Logo_ITJ.png\",\"width\":799,\"height\":326,\"caption\":\"Grupo Logismedia AG\"},\"image\":{\"@id\":\"https:\\\/\\\/transportjournal.com\\\/es\\\/#\\\/schema\\\/logo\\\/image\\\/\"},\"sameAs\":[\"https:\\\/\\\/www.linkedin.com\\\/company\\\/56456496\\\/admin\\\/dashboard\\\/\",\"https:\\\/\\\/www.instagram.com\\\/logismediagroup\\\/\",\"https:\\\/\\\/www.youtube.com\\\/@LogiamediaGroupAG\"]},{\"@type\":\"Person\",\"@id\":\"https:\\\/\\\/transportjournal.com\\\/es\\\/#\\\/schema\\\/person\\\/41d36b5474b623392fa613e97e2363fa\",\"name\":\"Jeremy Soland\",\"url\":\"https:\\\/\\\/transportjournal.com\\\/es\\\/author\\\/jeremy\\\/\"}]}<\/script>\n<!-- \/ Yoast SEO plugin. -->","yoast_head_json":{"title":"Ruta de camiones el\u00e9ctricos - ITJ | International Transport Journal","robots":{"index":"index","follow":"follow","max-snippet":"max-snippet:-1","max-image-preview":"max-image-preview:large","max-video-preview":"max-video-preview:-1"},"canonical":"https:\/\/transportjournal.com\/es\/2026\/01\/23\/ruta-de-camiones-electricos\/","og_locale":"es_ES","og_type":"article","og_title":"Ruta de camiones el\u00e9ctricos - ITJ | International Transport Journal","og_description":"Scania Ventures, el grupo LOTS y JUNA Technologies, junto con HAWA, han establecido una larga ruta de camiones el\u00e9ctricos en Europa para promover el transporte sostenible","og_url":"https:\/\/transportjournal.com\/es\/2026\/01\/23\/ruta-de-camiones-electricos\/","og_site_name":"ITJ | International Transport Journal","article_published_time":"2026-01-23T09:35:44+00:00","article_modified_time":"2026-01-23T09:56:08+00:00","og_image":[{"width":1308,"height":736,"url":"https:\/\/transportjournal.com\/wp-content\/uploads\/sites\/2\/2026\/01\/a8c31a7cfdb39011_org-aspect-ratio-1400-788.png","type":"image\/png"}],"author":"Jeremy Soland","twitter_card":"summary_large_image","twitter_misc":{"Escrito por":"Jeremy Soland","Tiempo de lectura":"1 minuto"},"schema":{"@context":"https:\/\/schema.org","@graph":[{"@type":"Article","@id":"https:\/\/transportjournal.com\/es\/2026\/01\/23\/ruta-de-camiones-electricos\/#article","isPartOf":{"@id":"https:\/\/transportjournal.com\/es\/2026\/01\/23\/ruta-de-camiones-electricos\/"},"author":{"name":"Jeremy Soland","@id":"https:\/\/transportjournal.com\/es\/#\/schema\/person\/41d36b5474b623392fa613e97e2363fa"},"headline":"Ruta de camiones el\u00e9ctricos","datePublished":"2026-01-23T09:35:44+00:00","dateModified":"2026-01-23T09:56:08+00:00","mainEntityOfPage":{"@id":"https:\/\/transportjournal.com\/es\/2026\/01\/23\/ruta-de-camiones-electricos\/"},"wordCount":152,"commentCount":0,"publisher":{"@id":"https:\/\/transportjournal.com\/es\/#organization"},"image":{"@id":"https:\/\/transportjournal.com\/es\/2026\/01\/23\/ruta-de-camiones-electricos\/#primaryimage"},"thumbnailUrl":"https:\/\/transportjournal.com\/wp-content\/uploads\/sites\/2\/2026\/01\/a8c31a7cfdb39011_org-aspect-ratio-1400-788.png","keywords":["AI-based platform","batterieelektrische Fahrzeuge","battery electric vehicles","CO\u2082-Emissionen senken","Deutsch elektrische Lkw-Route","Digitalisierung in der Logistik","digitization in logistics","E-Mobilit\u00e4t im Transport English electric truck route","e-mobilit\u00e9 dans le transport","e-mobility in transport Fran\u00e7ais route de camions \u00e9lectriques","eco-friendly freight transport","electric transport solutions","elektrische Transportl\u00f6sungen","europ\u00e4ische Logistik","European logistics","Fachkr\u00e4ftemangel in der Logistik","fournisseur logistique HAWA","HAWA logistics provider","HAWA Logistikdienstleister","industrie du transport en Europe","infrastructure for electric trucks","infrastructure pour camions \u00e9lectriques","Infrastruktur f\u00fcr E-Lkw","innovations logistiques","intelligent planning","intelligente Planung","KI-basierte Plattform","labor shortage in logistics","Langstreckentransport","logistics innovations","Logistikinnovationen","logistique durable","logistique europ\u00e9enne","long-haul transport","mod\u00e8le logistique \u00e9volutif","nachhaltige Logistik","num\u00e9risation dans la logistique","optimiser l'utilisation des ressources","optimize resource utilization","p\u00e9nurie de main-d'\u0153uvre dans la logistique","planification intelligente","plateforme bas\u00e9e sur l'IA","reduce CO\u2082 emissions","r\u00e9duire les \u00e9missions de CO\u2082","Ressourcennutzung optimieren","scalable logistics model","Scania Ventures","Skalierbares Modell Logistik","solutions de transport \u00e9lectrique","sustainable logistics","transport de marchandises \u00e9cologique","transport industry in Europe","transport longue distance","Transportwirtschaft in Europa","umweltfreundlicher G\u00fctertransport","v\u00e9hicules \u00e9lectriques \u00e0 batterie"],"articleSection":["Europa","Intermodal \/ Carretera"],"inLanguage":"es","potentialAction":[{"@type":"CommentAction","name":"Comment","target":["https:\/\/transportjournal.com\/es\/2026\/01\/23\/ruta-de-camiones-electricos\/#respond"]}]},{"@type":"WebPage","@id":"https:\/\/transportjournal.com\/es\/2026\/01\/23\/ruta-de-camiones-electricos\/","url":"https:\/\/transportjournal.com\/es\/2026\/01\/23\/ruta-de-camiones-electricos\/","name":"Ruta de camiones el\u00e9ctricos - ITJ | International Transport Journal","isPartOf":{"@id":"https:\/\/transportjournal.com\/es\/#website"},"primaryImageOfPage":{"@id":"https:\/\/transportjournal.com\/es\/2026\/01\/23\/ruta-de-camiones-electricos\/#primaryimage"},"image":{"@id":"https:\/\/transportjournal.com\/es\/2026\/01\/23\/ruta-de-camiones-electricos\/#primaryimage"},"thumbnailUrl":"https:\/\/transportjournal.com\/wp-content\/uploads\/sites\/2\/2026\/01\/a8c31a7cfdb39011_org-aspect-ratio-1400-788.png","datePublished":"2026-01-23T09:35:44+00:00","dateModified":"2026-01-23T09:56:08+00:00","breadcrumb":{"@id":"https:\/\/transportjournal.com\/es\/2026\/01\/23\/ruta-de-camiones-electricos\/#breadcrumb"},"inLanguage":"es","potentialAction":[{"@type":"ReadAction","target":["https:\/\/transportjournal.com\/es\/2026\/01\/23\/ruta-de-camiones-electricos\/"]}]},{"@type":"ImageObject","inLanguage":"es","@id":"https:\/\/transportjournal.com\/es\/2026\/01\/23\/ruta-de-camiones-electricos\/#primaryimage","url":"https:\/\/transportjournal.com\/wp-content\/uploads\/sites\/2\/2026\/01\/a8c31a7cfdb39011_org-aspect-ratio-1400-788.png","contentUrl":"https:\/\/transportjournal.com\/wp-content\/uploads\/sites\/2\/2026\/01\/a8c31a7cfdb39011_org-aspect-ratio-1400-788.png","width":1308,"height":736},{"@type":"BreadcrumbList","@id":"https:\/\/transportjournal.com\/es\/2026\/01\/23\/ruta-de-camiones-electricos\/#breadcrumb","itemListElement":[{"@type":"ListItem","position":1,"name":"Startseite","item":"https:\/\/transportjournal.com\/es\/"},{"@type":"ListItem","position":2,"name":"Ruta de camiones el\u00e9ctricos"}]},{"@type":"WebSite","@id":"https:\/\/transportjournal.com\/es\/#website","url":"https:\/\/transportjournal.com\/es\/","name":"ITJ | International Transport Journal","description":"Stay informed with the latest global news from the transport, logistics, and supply chain industries. Transport Journal delivers expert insights, analysis, and updates across shipping, aviation, intermodal, and forwarding.","publisher":{"@id":"https:\/\/transportjournal.com\/es\/#organization"},"potentialAction":[{"@type":"SearchAction","target":{"@type":"EntryPoint","urlTemplate":"https:\/\/transportjournal.com\/es\/?s={search_term_string}"},"query-input":{"@type":"PropertyValueSpecification","valueRequired":true,"valueName":"search_term_string"}}],"inLanguage":"es"},{"@type":"Organization","@id":"https:\/\/transportjournal.com\/es\/#organization","name":"Grupo Logismedia AG","alternateName":"Logismedia Group AG","url":"https:\/\/transportjournal.com\/es\/","logo":{"@type":"ImageObject","inLanguage":"es","@id":"https:\/\/transportjournal.com\/es\/#\/schema\/logo\/image\/","url":"https:\/\/transportjournal.com\/wp-content\/uploads\/sites\/2\/2025\/09\/Logo_ITJ.png","contentUrl":"https:\/\/transportjournal.com\/wp-content\/uploads\/sites\/2\/2025\/09\/Logo_ITJ.png","width":799,"height":326,"caption":"Grupo Logismedia AG"},"image":{"@id":"https:\/\/transportjournal.com\/es\/#\/schema\/logo\/image\/"},"sameAs":["https:\/\/www.linkedin.com\/company\/56456496\/admin\/dashboard\/","https:\/\/www.instagram.com\/logismediagroup\/","https:\/\/www.youtube.com\/@LogiamediaGroupAG"]},{"@type":"Person","@id":"https:\/\/transportjournal.com\/es\/#\/schema\/person\/41d36b5474b623392fa613e97e2363fa","name":"Jeremy Soland","url":"https:\/\/transportjournal.com\/es\/author\/jeremy\/"}]}},"_links":{"self":[{"href":"https:\/\/transportjournal.com\/es\/wp-json\/wp\/v2\/posts\/74141","targetHints":{"allow":["GET"]}}],"collection":[{"href":"https:\/\/transportjournal.com\/es\/wp-json\/wp\/v2\/posts"}],"about":[{"href":"https:\/\/transportjournal.com\/es\/wp-json\/wp\/v2\/types\/post"}],"author":[{"embeddable":true,"href":"https:\/\/transportjournal.com\/es\/wp-json\/wp\/v2\/users\/10"}],"replies":[{"embeddable":true,"href":"https:\/\/transportjournal.com\/es\/wp-json\/wp\/v2\/comments?post=74141"}],"version-history":[{"count":1,"href":"https:\/\/transportjournal.com\/es\/wp-json\/wp\/v2\/posts\/74141\/revisions"}],"predecessor-version":[{"id":74148,"href":"https:\/\/transportjournal.com\/es\/wp-json\/wp\/v2\/posts\/74141\/revisions\/74148"}],"wp:featuredmedia":[{"embeddable":true,"href":"https:\/\/transportjournal.com\/es\/wp-json\/wp\/v2\/media\/74138"}],"wp:attachment":[{"href":"https:\/\/transportjournal.com\/es\/wp-json\/wp\/v2\/media?parent=74141"}],"wp:term":[{"taxonomy":"category","embeddable":true,"href":"https:\/\/transportjournal.com\/es\/wp-json\/wp\/v2\/categories?post=74141"},{"taxonomy":"post_tag","embeddable":true,"href":"https:\/\/transportjournal.com\/es\/wp-json\/wp\/v2\/tags?post=74141"}],"curies":[{"name":"wp","href":"https:\/\/api.w.org\/{rel}","templated":true}]}}