{"id":74117,"date":"2026-01-23T08:52:11","date_gmt":"2026-01-23T08:52:11","guid":{"rendered":"https:\/\/transportjournal.com\/2026\/01\/23\/ann-hyllengren-sera-cfo-de-ember\/"},"modified":"2026-01-23T08:52:11","modified_gmt":"2026-01-23T08:52:11","slug":"ann-hyllengren-sera-cfo-de-ember","status":"publish","type":"post","link":"https:\/\/transportjournal.com\/es\/2026\/01\/23\/ann-hyllengren-sera-cfo-de-ember\/","title":{"rendered":"Ann Hyllengren ser\u00e1 CFO de Ember"},"content":{"rendered":"<p>Ember LifeSciences ha nombrado a Ann Hyllengren como Chief Financial Officer. Esta decisi\u00f3n sigue a una exitosa ronda de financiaci\u00f3n, en la que la empresa recaud\u00f3 16,5 millones de USD en una ronda de Serie A en diciembre. Hyllengren, en su nuevo papel, fortalecer\u00e1 el equipo directivo de la empresa y apoyar\u00e1 la pr\u00f3xima fase de crecimiento.<\/p>\n<p>Clay Alexander, fundador y CEO de Ember LifeSciences, se expres\u00f3 positivamente sobre el nombramiento: \u201cEstamos encantados de dar la bienvenida a Ann en una fase crucial de nuestro desarrollo. Ella aporta una amplia experiencia en liderazgo financiero y operativo de una de las empresas l\u00edderes en el sector de las ciencias de la vida y desempe\u00f1ar\u00e1 un papel importante en el desarrollo e implementaci\u00f3n de nuevas soluciones confiables y sostenibles para la cadena de fr\u00edo en las ciencias de la vida y m\u00e1s all\u00e1.\u201d<\/p>\n<p>Hyllengren proviene de Amgen, donde acumul\u00f3 casi dos d\u00e9cadas de experiencia en contabilidad global y finanzas, planificaci\u00f3n de capital e relaciones con inversores. Recientemente, fue ejecutiva en el equipo de relaciones con inversores de Amgen y trabaj\u00f3 en estrecha colaboraci\u00f3n con la direcci\u00f3n de la empresa para gestionar la comunicaci\u00f3n con los mercados de capital y traducir el rendimiento financiero complejo en una narrativa clara y convincente para los inversores. Adem\u00e1s, ocup\u00f3 varios puestos financieros de alto nivel en Amgen, incluida la direcci\u00f3n de las finanzas de la unidad de negocio multimillonaria U.S. General Medicine, donde proporcion\u00f3 informaci\u00f3n estrat\u00e9gica sobre la estrategia de productos, asignaci\u00f3n de recursos y rentabilidad.<\/p>\n<p>\u201cEstoy emocionada de ser parte de un equipo que trabaja para resolver uno de los desaf\u00edos m\u00e1s costosos en el cuidado de la salud, con un enfoque claro en la sostenibilidad y la mejora de los resultados para los pacientes\u201d, dijo Ann Hyllengren. \u201cEmber tiene el potencial de ejercer un impacto disruptivo y positivo en la cadena de suministro de las ciencias de la vida, y espero apoyar el crecimiento operativo y la expansi\u00f3n del mercado de la empresa.\u201d<\/p>\n<p>El ecosistema global de la cadena de fr\u00edo farmac\u00e9utica enfrenta p\u00e9rdidas financieras anuales de 35 mil millones de USD debido a desviaciones de temperatura. Ember LifeSciences aborda este desaf\u00edo con el Ember Cube, una innovadora caja de env\u00edo digital que ofrece informes de temperatura basados en la nube, seguimiento de ubicaci\u00f3n GPS y tecnolog\u00eda de devoluci\u00f3n sostenible.<\/p>\n<p>Antes de su tiempo en Amgen, Hyllengren trabaj\u00f3 en informes externos en Dole Food Company y comenz\u00f3 su carrera en auditor\u00eda y consultor\u00eda en PricewaterhouseCoopers LLP. Adem\u00e1s, fue docente en Moorpark College y en la University of La Verne. Hyllengren es contadora p\u00fablica certificada y tiene una maestr\u00eda en contabilidad de la University of Southern California, as\u00ed como una licenciatura en Econom\u00eda de Gesti\u00f3n Empresarial de la University of California, Santa Cruz.<\/p>\n<p>&nbsp;<\/p>\n<p><a href=\"https:\/\/www.emberlifesciences.com\/\" target=\"_blank\" rel=\"noopener noreferrer\">www.emberlifesciences.com<\/a><\/p>\n<p>&nbsp;<\/p>\n","protected":false},"excerpt":{"rendered":"<p>Ember LifeSciences ha nombrado a Ann Hyllengren como CFO para apoyar a la empresa en la pr\u00f3xima fase de crecimiento con su amplia experiencia.<\/p>\n","protected":false},"author":12,"featured_media":74114,"comment_status":"open","ping_status":"open","sticky":false,"template":"","format":"standard","meta":{"_acf_changed":false,"footnotes":""},"categories":[1614,1603,1605],"tags":[8596,8597,8598,8599,8600,8601,8602,8603,8604,8605,8606,8607,8608,8609,8610,8611,8612,8613,8614,8615,8616,8617,8618,8619,8620,8621,8622,8623,8624,8625,8626,8627,8628,8629,8630,8631,8632,8633,8634,8635,8636,8637,8638,8639,8640,8641,8642,8643,8644,8645,8646,8647,8648,8649,8650,8651],"class_list":["post-74117","post","type-post","status-publish","format-standard","has-post-thumbnail","hentry","category-america","category-personas-y-empresas","category-expedicion-y-logistica","tag-ann-hyllengren-cfo","tag-boite-dexpedition-numerique","tag-certified-public-accountant","tag-chaine-dapprovisionnement-sciences-de-la-vie","tag-chaine-du-froid-sante","tag-changements-de-marche-chaine-du-froid","tag-cloud-based-temperature-reporting","tag-cloudbasiertes-temperaturreporting","tag-cold-chain-healthcare","tag-comptabilite-mondiale-finances","tag-conseil-pricewaterhousecoopers","tag-consulting-pricewaterhousecoopers","tag-defis-de-la-sante","tag-deutsch-ember-lifesciences","tag-digital-shipping-box","tag-digitale-versandbox","tag-disruptive-solutions-life-sciences-francais-ember-lifesciences","tag-ecarts-de-temperature-pharmacie","tag-equipe-financiere-ember","tag-expert-comptable-certifie","tag-finance-team-ember","tag-finanzierungsrunde-lebenswissenschaften","tag-finanzteam-ember","tag-funding-round-life-sciences","tag-global-accounting-finance","tag-globale-buchhaltung-finanzen","tag-gps-tracking","tag-gps-standortverfolgung","tag-healthcare-challenges","tag-herausforderungen-gesundheitswesen","tag-investor-relations-amgen","tag-kuehlkette-gesundheitswesen","tag-leadership-operationnel-sciences-de-la-vie","tag-maitrise-en-comptabilite","tag-market-changes-cold-chain","tag-marktveraenderungen-kuehlkette-english-ember-lifesciences","tag-masters-degree-accounting","tag-masterabschluss-buchhaltung","tag-nachhaltige-loesungen-kuehlkette","tag-operational-leadership-life-sciences","tag-operative-fuehrung-lebenswissenschaften","tag-perspectives-strategiques-strategie-produit","tag-relations-investisseurs-amgen","tag-reporting-de-temperature-base-sur-le-cloud","tag-solutions-durables-chaine-du-froid","tag-strategic-insights-product-strategy","tag-strategische-einblicke-produktstrategie","tag-suivi-gps","tag-supply-chain-lebenswissenschaften","tag-supply-chain-life-sciences","tag-sustainable-cold-chain-solutions","tag-temperaturabweichungen-pharma","tag-temperature-deviations-pharmaceuticals","tag-tour-de-financement-sciences-de-la-vie","tag-unternehmensberatung-pricewaterhousecoopers","tag-zertifizierte-wirtschaftsprueferin"],"acf":[],"yoast_head":"<!-- This site is optimized with the Yoast SEO plugin v27.3 - https:\/\/yoast.com\/product\/yoast-seo-wordpress\/ -->\n<title>Ann Hyllengren ser\u00e1 CFO de Ember - ITJ | International Transport Journal<\/title>\n<meta name=\"robots\" content=\"index, follow, max-snippet:-1, max-image-preview:large, max-video-preview:-1\" \/>\n<link rel=\"canonical\" href=\"https:\/\/transportjournal.com\/es\/2026\/01\/23\/ann-hyllengren-sera-cfo-de-ember\/\" \/>\n<meta property=\"og:locale\" content=\"es_ES\" \/>\n<meta property=\"og:type\" content=\"article\" \/>\n<meta property=\"og:title\" content=\"Ann Hyllengren ser\u00e1 CFO de Ember - ITJ | International Transport Journal\" \/>\n<meta property=\"og:description\" content=\"Ember LifeSciences ha nombrado a Ann Hyllengren como CFO para apoyar a la empresa en la pr\u00f3xima fase de crecimiento con su amplia experiencia.\" \/>\n<meta property=\"og:url\" content=\"https:\/\/transportjournal.com\/es\/2026\/01\/23\/ann-hyllengren-sera-cfo-de-ember\/\" \/>\n<meta property=\"og:site_name\" content=\"ITJ | International Transport Journal\" \/>\n<meta property=\"article:published_time\" content=\"2026-01-23T08:52:11+00:00\" \/>\n<meta property=\"og:image\" content=\"https:\/\/transportjournal.com\/wp-content\/uploads\/sites\/2\/2026\/01\/Ember-7a75d6_f30d565da8c14d0a8fb21a481097a1camv2-aspect-ratio-1400-788.jpg\" \/>\n\t<meta property=\"og:image:width\" content=\"562\" \/>\n\t<meta property=\"og:image:height\" content=\"316\" \/>\n\t<meta property=\"og:image:type\" content=\"image\/jpeg\" \/>\n<meta name=\"author\" content=\"Andreas Haug\" \/>\n<meta name=\"twitter:card\" content=\"summary_large_image\" \/>\n<meta name=\"twitter:label1\" content=\"Escrito por\" \/>\n\t<meta name=\"twitter:data1\" content=\"Andreas Haug\" \/>\n\t<meta name=\"twitter:label2\" content=\"Tiempo de lectura\" \/>\n\t<meta name=\"twitter:data2\" content=\"2 minuto\" \/>\n<script type=\"application\/ld+json\" class=\"yoast-schema-graph\">{\"@context\":\"https:\\\/\\\/schema.org\",\"@graph\":[{\"@type\":\"Article\",\"@id\":\"https:\\\/\\\/transportjournal.com\\\/es\\\/2026\\\/01\\\/23\\\/ann-hyllengren-sera-cfo-de-ember\\\/#article\",\"isPartOf\":{\"@id\":\"https:\\\/\\\/transportjournal.com\\\/es\\\/2026\\\/01\\\/23\\\/ann-hyllengren-sera-cfo-de-ember\\\/\"},\"author\":{\"name\":\"Andreas Haug\",\"@id\":\"https:\\\/\\\/transportjournal.com\\\/es\\\/#\\\/schema\\\/person\\\/cf538b3157f15afd7589245a4b3dbd25\"},\"headline\":\"Ann Hyllengren ser\u00e1 CFO de Ember\",\"datePublished\":\"2026-01-23T08:52:11+00:00\",\"mainEntityOfPage\":{\"@id\":\"https:\\\/\\\/transportjournal.com\\\/es\\\/2026\\\/01\\\/23\\\/ann-hyllengren-sera-cfo-de-ember\\\/\"},\"wordCount\":504,\"commentCount\":0,\"publisher\":{\"@id\":\"https:\\\/\\\/transportjournal.com\\\/es\\\/#organization\"},\"image\":{\"@id\":\"https:\\\/\\\/transportjournal.com\\\/es\\\/2026\\\/01\\\/23\\\/ann-hyllengren-sera-cfo-de-ember\\\/#primaryimage\"},\"thumbnailUrl\":\"https:\\\/\\\/transportjournal.com\\\/wp-content\\\/uploads\\\/sites\\\/2\\\/2026\\\/01\\\/Ember-7a75d6_f30d565da8c14d0a8fb21a481097a1camv2-aspect-ratio-1400-788.jpg\",\"keywords\":[\"Ann Hyllengren CFO\",\"bo\u00eete d'exp\u00e9dition num\u00e9rique\",\"certified public accountant\",\"cha\u00eene d'approvisionnement sciences de la vie\",\"cha\u00eene du froid sant\u00e9\",\"changements de march\u00e9 cha\u00eene du froid\",\"cloud-based temperature reporting\",\"cloudbasiertes Temperaturreporting\",\"cold chain healthcare\",\"comptabilit\u00e9 mondiale finances\",\"conseil PricewaterhouseCoopers\",\"consulting PricewaterhouseCoopers\",\"d\u00e9fis de la sant\u00e9\",\"Deutsch Ember LifeSciences\",\"digital shipping box\",\"digitale Versandbox\",\"disruptive solutions life sciences Fran\u00e7ais Ember LifeSciences\",\"\u00e9carts de temp\u00e9rature pharmacie\",\"\u00e9quipe financi\u00e8re Ember\",\"expert-comptable certifi\u00e9\",\"finance team Ember\",\"Finanzierungsrunde Lebenswissenschaften\",\"Finanzteam Ember\",\"funding round life sciences\",\"global accounting finance\",\"globale Buchhaltung Finanzen\",\"GPS tracking\",\"GPS-Standortverfolgung\",\"healthcare challenges\",\"Herausforderungen Gesundheitswesen\",\"Investor Relations Amgen\",\"K\u00fchlkette Gesundheitswesen\",\"leadership op\u00e9rationnel sciences de la vie\",\"ma\u00eetrise en comptabilit\u00e9\",\"market changes cold chain\",\"Marktver\u00e4nderungen K\u00fchlkette English Ember LifeSciences\",\"master's degree accounting\",\"Masterabschluss Buchhaltung\",\"nachhaltige L\u00f6sungen K\u00fchlkette\",\"operational leadership life sciences\",\"operative F\u00fchrung Lebenswissenschaften\",\"perspectives strat\u00e9giques strat\u00e9gie produit\",\"relations investisseurs Amgen\",\"reporting de temp\u00e9rature bas\u00e9 sur le cloud\",\"solutions durables cha\u00eene du froid\",\"strategic insights product strategy\",\"strategische Einblicke Produktstrategie\",\"suivi GPS\",\"Supply Chain Lebenswissenschaften\",\"supply chain life sciences\",\"sustainable cold chain solutions\",\"Temperaturabweichungen Pharma\",\"temperature deviations pharmaceuticals\",\"tour de financement sciences de la vie\",\"Unternehmensberatung PricewaterhouseCoopers\",\"zertifizierte Wirtschaftspr\u00fcferin\"],\"articleSection\":[\"Am\u00e9rica\",\"Personas y empresas\",\"Transporte de mercanc\u00edas y log\u00edstica\"],\"inLanguage\":\"es\",\"potentialAction\":[{\"@type\":\"CommentAction\",\"name\":\"Comment\",\"target\":[\"https:\\\/\\\/transportjournal.com\\\/es\\\/2026\\\/01\\\/23\\\/ann-hyllengren-sera-cfo-de-ember\\\/#respond\"]}]},{\"@type\":\"WebPage\",\"@id\":\"https:\\\/\\\/transportjournal.com\\\/es\\\/2026\\\/01\\\/23\\\/ann-hyllengren-sera-cfo-de-ember\\\/\",\"url\":\"https:\\\/\\\/transportjournal.com\\\/es\\\/2026\\\/01\\\/23\\\/ann-hyllengren-sera-cfo-de-ember\\\/\",\"name\":\"Ann Hyllengren ser\u00e1 CFO de Ember - ITJ | International Transport Journal\",\"isPartOf\":{\"@id\":\"https:\\\/\\\/transportjournal.com\\\/es\\\/#website\"},\"primaryImageOfPage\":{\"@id\":\"https:\\\/\\\/transportjournal.com\\\/es\\\/2026\\\/01\\\/23\\\/ann-hyllengren-sera-cfo-de-ember\\\/#primaryimage\"},\"image\":{\"@id\":\"https:\\\/\\\/transportjournal.com\\\/es\\\/2026\\\/01\\\/23\\\/ann-hyllengren-sera-cfo-de-ember\\\/#primaryimage\"},\"thumbnailUrl\":\"https:\\\/\\\/transportjournal.com\\\/wp-content\\\/uploads\\\/sites\\\/2\\\/2026\\\/01\\\/Ember-7a75d6_f30d565da8c14d0a8fb21a481097a1camv2-aspect-ratio-1400-788.jpg\",\"datePublished\":\"2026-01-23T08:52:11+00:00\",\"breadcrumb\":{\"@id\":\"https:\\\/\\\/transportjournal.com\\\/es\\\/2026\\\/01\\\/23\\\/ann-hyllengren-sera-cfo-de-ember\\\/#breadcrumb\"},\"inLanguage\":\"es\",\"potentialAction\":[{\"@type\":\"ReadAction\",\"target\":[\"https:\\\/\\\/transportjournal.com\\\/es\\\/2026\\\/01\\\/23\\\/ann-hyllengren-sera-cfo-de-ember\\\/\"]}]},{\"@type\":\"ImageObject\",\"inLanguage\":\"es\",\"@id\":\"https:\\\/\\\/transportjournal.com\\\/es\\\/2026\\\/01\\\/23\\\/ann-hyllengren-sera-cfo-de-ember\\\/#primaryimage\",\"url\":\"https:\\\/\\\/transportjournal.com\\\/wp-content\\\/uploads\\\/sites\\\/2\\\/2026\\\/01\\\/Ember-7a75d6_f30d565da8c14d0a8fb21a481097a1camv2-aspect-ratio-1400-788.jpg\",\"contentUrl\":\"https:\\\/\\\/transportjournal.com\\\/wp-content\\\/uploads\\\/sites\\\/2\\\/2026\\\/01\\\/Ember-7a75d6_f30d565da8c14d0a8fb21a481097a1camv2-aspect-ratio-1400-788.jpg\",\"width\":562,\"height\":316},{\"@type\":\"BreadcrumbList\",\"@id\":\"https:\\\/\\\/transportjournal.com\\\/es\\\/2026\\\/01\\\/23\\\/ann-hyllengren-sera-cfo-de-ember\\\/#breadcrumb\",\"itemListElement\":[{\"@type\":\"ListItem\",\"position\":1,\"name\":\"Startseite\",\"item\":\"https:\\\/\\\/transportjournal.com\\\/es\\\/\"},{\"@type\":\"ListItem\",\"position\":2,\"name\":\"Ann Hyllengren ser\u00e1 CFO de Ember\"}]},{\"@type\":\"WebSite\",\"@id\":\"https:\\\/\\\/transportjournal.com\\\/es\\\/#website\",\"url\":\"https:\\\/\\\/transportjournal.com\\\/es\\\/\",\"name\":\"ITJ | International Transport Journal\",\"description\":\"Stay informed with the latest global news from the transport, logistics, and supply chain industries. Transport Journal delivers expert insights, analysis, and updates across shipping, aviation, intermodal, and forwarding.\",\"publisher\":{\"@id\":\"https:\\\/\\\/transportjournal.com\\\/es\\\/#organization\"},\"potentialAction\":[{\"@type\":\"SearchAction\",\"target\":{\"@type\":\"EntryPoint\",\"urlTemplate\":\"https:\\\/\\\/transportjournal.com\\\/es\\\/?s={search_term_string}\"},\"query-input\":{\"@type\":\"PropertyValueSpecification\",\"valueRequired\":true,\"valueName\":\"search_term_string\"}}],\"inLanguage\":\"es\"},{\"@type\":\"Organization\",\"@id\":\"https:\\\/\\\/transportjournal.com\\\/es\\\/#organization\",\"name\":\"Grupo Logismedia AG\",\"alternateName\":\"Logismedia Group AG\",\"url\":\"https:\\\/\\\/transportjournal.com\\\/es\\\/\",\"logo\":{\"@type\":\"ImageObject\",\"inLanguage\":\"es\",\"@id\":\"https:\\\/\\\/transportjournal.com\\\/es\\\/#\\\/schema\\\/logo\\\/image\\\/\",\"url\":\"https:\\\/\\\/transportjournal.com\\\/wp-content\\\/uploads\\\/sites\\\/2\\\/2025\\\/09\\\/Logo_ITJ.png\",\"contentUrl\":\"https:\\\/\\\/transportjournal.com\\\/wp-content\\\/uploads\\\/sites\\\/2\\\/2025\\\/09\\\/Logo_ITJ.png\",\"width\":799,\"height\":326,\"caption\":\"Grupo Logismedia AG\"},\"image\":{\"@id\":\"https:\\\/\\\/transportjournal.com\\\/es\\\/#\\\/schema\\\/logo\\\/image\\\/\"},\"sameAs\":[\"https:\\\/\\\/www.linkedin.com\\\/company\\\/56456496\\\/admin\\\/dashboard\\\/\",\"https:\\\/\\\/www.instagram.com\\\/logismediagroup\\\/\",\"https:\\\/\\\/www.youtube.com\\\/@LogiamediaGroupAG\"]},{\"@type\":\"Person\",\"@id\":\"https:\\\/\\\/transportjournal.com\\\/es\\\/#\\\/schema\\\/person\\\/cf538b3157f15afd7589245a4b3dbd25\",\"name\":\"Andreas Haug\",\"url\":\"https:\\\/\\\/transportjournal.com\\\/es\\\/author\\\/andreas\\\/\"}]}<\/script>\n<!-- \/ Yoast SEO plugin. -->","yoast_head_json":{"title":"Ann Hyllengren ser\u00e1 CFO de Ember - ITJ | International Transport Journal","robots":{"index":"index","follow":"follow","max-snippet":"max-snippet:-1","max-image-preview":"max-image-preview:large","max-video-preview":"max-video-preview:-1"},"canonical":"https:\/\/transportjournal.com\/es\/2026\/01\/23\/ann-hyllengren-sera-cfo-de-ember\/","og_locale":"es_ES","og_type":"article","og_title":"Ann Hyllengren ser\u00e1 CFO de Ember - ITJ | International Transport Journal","og_description":"Ember LifeSciences ha nombrado a Ann Hyllengren como CFO para apoyar a la empresa en la pr\u00f3xima fase de crecimiento con su amplia experiencia.","og_url":"https:\/\/transportjournal.com\/es\/2026\/01\/23\/ann-hyllengren-sera-cfo-de-ember\/","og_site_name":"ITJ | International Transport Journal","article_published_time":"2026-01-23T08:52:11+00:00","og_image":[{"width":562,"height":316,"url":"https:\/\/transportjournal.com\/wp-content\/uploads\/sites\/2\/2026\/01\/Ember-7a75d6_f30d565da8c14d0a8fb21a481097a1camv2-aspect-ratio-1400-788.jpg","type":"image\/jpeg"}],"author":"Andreas Haug","twitter_card":"summary_large_image","twitter_misc":{"Escrito por":"Andreas Haug","Tiempo de lectura":"2 minuto"},"schema":{"@context":"https:\/\/schema.org","@graph":[{"@type":"Article","@id":"https:\/\/transportjournal.com\/es\/2026\/01\/23\/ann-hyllengren-sera-cfo-de-ember\/#article","isPartOf":{"@id":"https:\/\/transportjournal.com\/es\/2026\/01\/23\/ann-hyllengren-sera-cfo-de-ember\/"},"author":{"name":"Andreas Haug","@id":"https:\/\/transportjournal.com\/es\/#\/schema\/person\/cf538b3157f15afd7589245a4b3dbd25"},"headline":"Ann Hyllengren ser\u00e1 CFO de Ember","datePublished":"2026-01-23T08:52:11+00:00","mainEntityOfPage":{"@id":"https:\/\/transportjournal.com\/es\/2026\/01\/23\/ann-hyllengren-sera-cfo-de-ember\/"},"wordCount":504,"commentCount":0,"publisher":{"@id":"https:\/\/transportjournal.com\/es\/#organization"},"image":{"@id":"https:\/\/transportjournal.com\/es\/2026\/01\/23\/ann-hyllengren-sera-cfo-de-ember\/#primaryimage"},"thumbnailUrl":"https:\/\/transportjournal.com\/wp-content\/uploads\/sites\/2\/2026\/01\/Ember-7a75d6_f30d565da8c14d0a8fb21a481097a1camv2-aspect-ratio-1400-788.jpg","keywords":["Ann Hyllengren CFO","bo\u00eete d'exp\u00e9dition num\u00e9rique","certified public accountant","cha\u00eene d'approvisionnement sciences de la vie","cha\u00eene du froid sant\u00e9","changements de march\u00e9 cha\u00eene du froid","cloud-based temperature reporting","cloudbasiertes Temperaturreporting","cold chain healthcare","comptabilit\u00e9 mondiale finances","conseil PricewaterhouseCoopers","consulting PricewaterhouseCoopers","d\u00e9fis de la sant\u00e9","Deutsch Ember LifeSciences","digital shipping box","digitale Versandbox","disruptive solutions life sciences Fran\u00e7ais Ember LifeSciences","\u00e9carts de temp\u00e9rature pharmacie","\u00e9quipe financi\u00e8re Ember","expert-comptable certifi\u00e9","finance team Ember","Finanzierungsrunde Lebenswissenschaften","Finanzteam Ember","funding round life sciences","global accounting finance","globale Buchhaltung Finanzen","GPS tracking","GPS-Standortverfolgung","healthcare challenges","Herausforderungen Gesundheitswesen","Investor Relations Amgen","K\u00fchlkette Gesundheitswesen","leadership op\u00e9rationnel sciences de la vie","ma\u00eetrise en comptabilit\u00e9","market changes cold chain","Marktver\u00e4nderungen K\u00fchlkette English Ember LifeSciences","master's degree accounting","Masterabschluss Buchhaltung","nachhaltige L\u00f6sungen K\u00fchlkette","operational leadership life sciences","operative F\u00fchrung Lebenswissenschaften","perspectives strat\u00e9giques strat\u00e9gie produit","relations investisseurs Amgen","reporting de temp\u00e9rature bas\u00e9 sur le cloud","solutions durables cha\u00eene du froid","strategic insights product strategy","strategische Einblicke Produktstrategie","suivi GPS","Supply Chain Lebenswissenschaften","supply chain life sciences","sustainable cold chain solutions","Temperaturabweichungen Pharma","temperature deviations pharmaceuticals","tour de financement sciences de la vie","Unternehmensberatung PricewaterhouseCoopers","zertifizierte Wirtschaftspr\u00fcferin"],"articleSection":["Am\u00e9rica","Personas y empresas","Transporte de mercanc\u00edas y log\u00edstica"],"inLanguage":"es","potentialAction":[{"@type":"CommentAction","name":"Comment","target":["https:\/\/transportjournal.com\/es\/2026\/01\/23\/ann-hyllengren-sera-cfo-de-ember\/#respond"]}]},{"@type":"WebPage","@id":"https:\/\/transportjournal.com\/es\/2026\/01\/23\/ann-hyllengren-sera-cfo-de-ember\/","url":"https:\/\/transportjournal.com\/es\/2026\/01\/23\/ann-hyllengren-sera-cfo-de-ember\/","name":"Ann Hyllengren ser\u00e1 CFO de Ember - ITJ | International Transport Journal","isPartOf":{"@id":"https:\/\/transportjournal.com\/es\/#website"},"primaryImageOfPage":{"@id":"https:\/\/transportjournal.com\/es\/2026\/01\/23\/ann-hyllengren-sera-cfo-de-ember\/#primaryimage"},"image":{"@id":"https:\/\/transportjournal.com\/es\/2026\/01\/23\/ann-hyllengren-sera-cfo-de-ember\/#primaryimage"},"thumbnailUrl":"https:\/\/transportjournal.com\/wp-content\/uploads\/sites\/2\/2026\/01\/Ember-7a75d6_f30d565da8c14d0a8fb21a481097a1camv2-aspect-ratio-1400-788.jpg","datePublished":"2026-01-23T08:52:11+00:00","breadcrumb":{"@id":"https:\/\/transportjournal.com\/es\/2026\/01\/23\/ann-hyllengren-sera-cfo-de-ember\/#breadcrumb"},"inLanguage":"es","potentialAction":[{"@type":"ReadAction","target":["https:\/\/transportjournal.com\/es\/2026\/01\/23\/ann-hyllengren-sera-cfo-de-ember\/"]}]},{"@type":"ImageObject","inLanguage":"es","@id":"https:\/\/transportjournal.com\/es\/2026\/01\/23\/ann-hyllengren-sera-cfo-de-ember\/#primaryimage","url":"https:\/\/transportjournal.com\/wp-content\/uploads\/sites\/2\/2026\/01\/Ember-7a75d6_f30d565da8c14d0a8fb21a481097a1camv2-aspect-ratio-1400-788.jpg","contentUrl":"https:\/\/transportjournal.com\/wp-content\/uploads\/sites\/2\/2026\/01\/Ember-7a75d6_f30d565da8c14d0a8fb21a481097a1camv2-aspect-ratio-1400-788.jpg","width":562,"height":316},{"@type":"BreadcrumbList","@id":"https:\/\/transportjournal.com\/es\/2026\/01\/23\/ann-hyllengren-sera-cfo-de-ember\/#breadcrumb","itemListElement":[{"@type":"ListItem","position":1,"name":"Startseite","item":"https:\/\/transportjournal.com\/es\/"},{"@type":"ListItem","position":2,"name":"Ann Hyllengren ser\u00e1 CFO de Ember"}]},{"@type":"WebSite","@id":"https:\/\/transportjournal.com\/es\/#website","url":"https:\/\/transportjournal.com\/es\/","name":"ITJ | International Transport Journal","description":"Stay informed with the latest global news from the transport, logistics, and supply chain industries. Transport Journal delivers expert insights, analysis, and updates across shipping, aviation, intermodal, and forwarding.","publisher":{"@id":"https:\/\/transportjournal.com\/es\/#organization"},"potentialAction":[{"@type":"SearchAction","target":{"@type":"EntryPoint","urlTemplate":"https:\/\/transportjournal.com\/es\/?s={search_term_string}"},"query-input":{"@type":"PropertyValueSpecification","valueRequired":true,"valueName":"search_term_string"}}],"inLanguage":"es"},{"@type":"Organization","@id":"https:\/\/transportjournal.com\/es\/#organization","name":"Grupo Logismedia AG","alternateName":"Logismedia Group AG","url":"https:\/\/transportjournal.com\/es\/","logo":{"@type":"ImageObject","inLanguage":"es","@id":"https:\/\/transportjournal.com\/es\/#\/schema\/logo\/image\/","url":"https:\/\/transportjournal.com\/wp-content\/uploads\/sites\/2\/2025\/09\/Logo_ITJ.png","contentUrl":"https:\/\/transportjournal.com\/wp-content\/uploads\/sites\/2\/2025\/09\/Logo_ITJ.png","width":799,"height":326,"caption":"Grupo Logismedia AG"},"image":{"@id":"https:\/\/transportjournal.com\/es\/#\/schema\/logo\/image\/"},"sameAs":["https:\/\/www.linkedin.com\/company\/56456496\/admin\/dashboard\/","https:\/\/www.instagram.com\/logismediagroup\/","https:\/\/www.youtube.com\/@LogiamediaGroupAG"]},{"@type":"Person","@id":"https:\/\/transportjournal.com\/es\/#\/schema\/person\/cf538b3157f15afd7589245a4b3dbd25","name":"Andreas Haug","url":"https:\/\/transportjournal.com\/es\/author\/andreas\/"}]}},"_links":{"self":[{"href":"https:\/\/transportjournal.com\/es\/wp-json\/wp\/v2\/posts\/74117","targetHints":{"allow":["GET"]}}],"collection":[{"href":"https:\/\/transportjournal.com\/es\/wp-json\/wp\/v2\/posts"}],"about":[{"href":"https:\/\/transportjournal.com\/es\/wp-json\/wp\/v2\/types\/post"}],"author":[{"embeddable":true,"href":"https:\/\/transportjournal.com\/es\/wp-json\/wp\/v2\/users\/12"}],"replies":[{"embeddable":true,"href":"https:\/\/transportjournal.com\/es\/wp-json\/wp\/v2\/comments?post=74117"}],"version-history":[{"count":0,"href":"https:\/\/transportjournal.com\/es\/wp-json\/wp\/v2\/posts\/74117\/revisions"}],"wp:featuredmedia":[{"embeddable":true,"href":"https:\/\/transportjournal.com\/es\/wp-json\/wp\/v2\/media\/74114"}],"wp:attachment":[{"href":"https:\/\/transportjournal.com\/es\/wp-json\/wp\/v2\/media?parent=74117"}],"wp:term":[{"taxonomy":"category","embeddable":true,"href":"https:\/\/transportjournal.com\/es\/wp-json\/wp\/v2\/categories?post=74117"},{"taxonomy":"post_tag","embeddable":true,"href":"https:\/\/transportjournal.com\/es\/wp-json\/wp\/v2\/tags?post=74117"}],"curies":[{"name":"wp","href":"https:\/\/api.w.org\/{rel}","templated":true}]}}