{"id":73832,"date":"2026-01-21T12:05:25","date_gmt":"2026-01-21T12:05:25","guid":{"rendered":"https:\/\/transportjournal.com\/2026\/01\/21\/laso-transportes-invierte-30-millones-de-euros\/"},"modified":"2026-01-21T12:05:25","modified_gmt":"2026-01-21T12:05:25","slug":"laso-transportes-invierte-30-millones-de-euros","status":"publish","type":"post","link":"https:\/\/transportjournal.com\/es\/2026\/01\/21\/laso-transportes-invierte-30-millones-de-euros\/","title":{"rendered":"LASO Transportes invierte 30 millones de euros"},"content":{"rendered":"<p>LASO Transportes ha anunciado una inversi\u00f3n de 30 millones de euros para modernizar la flota y la infraestructura de la empresa. Esta medida tiene como objetivo ampliar las capacidades t\u00e9cnicas y operativas para satisfacer las demandas de proyectos exigentes en Portugal y en el extranjero, seg\u00fan informa la empresa.<\/p>\n<h3>Expansi\u00f3n de la flota<\/h3>\n<p>En el marco del plan de inversi\u00f3n, LASO Transportes planea adquirir una variedad de nuevos equipos. Esto incluye gr\u00faas m\u00f3viles, tractores, unidades con gr\u00faas, camiones r\u00edgidos con rampas y cabrestantes, as\u00ed como equipos modulares. Adem\u00e1s, la empresa adquirir\u00e1 Super Wing Carriers y el mayor Blade Lifter del mundo, seg\u00fan se informa. Adicionalmente, LASO Transportes introducir\u00e1 una flota de veh\u00edculos ligeros 100% el\u00e9ctricos. Esta decisi\u00f3n tiene como objetivo adaptar la oferta a las necesidades del mercado.<\/p>\n<p><a href=\"https:\/\/www.laso.pt\/\" target=\"_blank\" rel=\"noopener noreferrer\">www.laso.pt<\/a><\/p>\n","protected":false},"excerpt":{"rendered":"<p>LASO Transportes invierte 30 millones de euros en la modernizaci\u00f3n de su flota e infraestructura para atender mejor proyectos en Portugal e internacionalmente<\/p>\n","protected":false},"author":10,"featured_media":73829,"comment_status":"open","ping_status":"open","sticky":false,"template":"","format":"standard","meta":{"_acf_changed":false,"footnotes":""},"categories":[1611,1604],"tags":[7701,7702,7703,7704,7705,2115,2116,7706,7707,7708,7709,7710,7711,7712,7713,7714,7715,7716,7717,7718,7719,7720,7721,7722,7723,7724,7725,6568,6569,7726,7727,7728,7729,3723,7730,7731,7732,7733,3157,7734,6575,7735,7736,7737,7738,7739,7740,4268,7741,4269,7742,7743,7744,7745,7746,7747],"class_list":["post-73832","post","type-post","status-publish","format-standard","has-post-thumbnail","hentry","category-europa","category-intermodal-carretera","tag-achat-de-blade-lifter","tag-achat-de-tracteurs","tag-blade-lifter-kaufen","tag-buying-blade-lifter","tag-deutsch-laso-transportes","tag-digitalisierung-in-der-logistik","tag-digitalization-in-logistics","tag-electric-light-vehicles","tag-elektrische-leichtfahrzeuge","tag-equipement-modulaire","tag-exigences-du-marche","tag-expanding-technical-capacities","tag-expansion-des-capacites-techniques","tag-fachkraeftemangel-in-der-branche","tag-fleet-renewal","tag-flottenerneuerung","tag-fret-ferroviaire-portugal","tag-grues-mobiles","tag-industrie-du-transport-portugal","tag-infrastruktur-modernisieren","tag-innovative-transport-technologies","tag-innovative-transporttechnologien","tag-international-projects","tag-internationale-projekte","tag-investissement-30-millions-deuros","tag-investition-30-millionen-euro","tag-investment-30-million-euros","tag-logistics-service-providers-europe","tag-logistikdienstleister-europa","tag-market-demands-francais-laso-transportes","tag-marktanforderungen-english-laso-transportes","tag-mobile-cranes","tag-mobile-krane","tag-modernisation-des-infrastructures","tag-modernizing-infrastructure","tag-modular-equipment","tag-modulare-ausruestung","tag-nachhaltige-transportloesungen","tag-numerisation-dans-la-logistique","tag-penurie-de-competences-dans-le-secteur","tag-prestataires-de-services-logistiques-europe","tag-projets-internationaux","tag-purchasing-tractors","tag-rail-freight-portugal","tag-renouvellement-de-flotte","tag-schienengueterverkehr-portugal","tag-skills-shortage-in-the-industry","tag-solutions-de-transport-durables","tag-super-wing-carriers","tag-sustainable-transport-solutions","tag-technische-kapazitaeten-erweitern","tag-technologies-de-transport-innovantes","tag-traktoren-kaufen","tag-transport-industry-portugal","tag-transportwirtschaft-portugal","tag-vehicules-legers-electriques"],"acf":[],"yoast_head":"<!-- This site is optimized with the Yoast SEO plugin v27.3 - https:\/\/yoast.com\/product\/yoast-seo-wordpress\/ -->\n<title>LASO Transportes invierte 30 millones de euros - ITJ | International Transport Journal<\/title>\n<meta name=\"robots\" content=\"index, follow, max-snippet:-1, max-image-preview:large, max-video-preview:-1\" \/>\n<link rel=\"canonical\" href=\"https:\/\/transportjournal.com\/es\/2026\/01\/21\/laso-transportes-invierte-30-millones-de-euros\/\" \/>\n<meta property=\"og:locale\" content=\"es_ES\" \/>\n<meta property=\"og:type\" content=\"article\" \/>\n<meta property=\"og:title\" content=\"LASO Transportes invierte 30 millones de euros - ITJ | International Transport Journal\" \/>\n<meta property=\"og:description\" content=\"LASO Transportes invierte 30 millones de euros en la modernizaci\u00f3n de su flota e infraestructura para atender mejor proyectos en Portugal e internacionalmente\" \/>\n<meta property=\"og:url\" content=\"https:\/\/transportjournal.com\/es\/2026\/01\/21\/laso-transportes-invierte-30-millones-de-euros\/\" \/>\n<meta property=\"og:site_name\" content=\"ITJ | International Transport Journal\" \/>\n<meta property=\"article:published_time\" content=\"2026-01-21T12:05:25+00:00\" \/>\n<meta property=\"og:image\" content=\"https:\/\/transportjournal.com\/wp-content\/uploads\/sites\/2\/2026\/01\/NFKh8X7KsvnS-scaled-aspect-ratio-1400-788-scaled-1.jpg\" \/>\n\t<meta property=\"og:image:width\" content=\"2560\" \/>\n\t<meta property=\"og:image:height\" content=\"1441\" \/>\n\t<meta property=\"og:image:type\" content=\"image\/jpeg\" \/>\n<meta name=\"author\" content=\"Jeremy Soland\" \/>\n<meta name=\"twitter:card\" content=\"summary_large_image\" \/>\n<meta name=\"twitter:label1\" content=\"Escrito por\" \/>\n\t<meta name=\"twitter:data1\" content=\"Jeremy Soland\" \/>\n\t<meta name=\"twitter:label2\" content=\"Tiempo de lectura\" \/>\n\t<meta name=\"twitter:data2\" content=\"1 minuto\" \/>\n<script type=\"application\/ld+json\" class=\"yoast-schema-graph\">{\"@context\":\"https:\\\/\\\/schema.org\",\"@graph\":[{\"@type\":\"Article\",\"@id\":\"https:\\\/\\\/transportjournal.com\\\/es\\\/2026\\\/01\\\/21\\\/laso-transportes-invierte-30-millones-de-euros\\\/#article\",\"isPartOf\":{\"@id\":\"https:\\\/\\\/transportjournal.com\\\/es\\\/2026\\\/01\\\/21\\\/laso-transportes-invierte-30-millones-de-euros\\\/\"},\"author\":{\"name\":\"Jeremy Soland\",\"@id\":\"https:\\\/\\\/transportjournal.com\\\/es\\\/#\\\/schema\\\/person\\\/41d36b5474b623392fa613e97e2363fa\"},\"headline\":\"LASO Transportes invierte 30 millones de euros\",\"datePublished\":\"2026-01-21T12:05:25+00:00\",\"mainEntityOfPage\":{\"@id\":\"https:\\\/\\\/transportjournal.com\\\/es\\\/2026\\\/01\\\/21\\\/laso-transportes-invierte-30-millones-de-euros\\\/\"},\"wordCount\":149,\"commentCount\":0,\"publisher\":{\"@id\":\"https:\\\/\\\/transportjournal.com\\\/es\\\/#organization\"},\"image\":{\"@id\":\"https:\\\/\\\/transportjournal.com\\\/es\\\/2026\\\/01\\\/21\\\/laso-transportes-invierte-30-millones-de-euros\\\/#primaryimage\"},\"thumbnailUrl\":\"https:\\\/\\\/transportjournal.com\\\/wp-content\\\/uploads\\\/sites\\\/2\\\/2026\\\/01\\\/NFKh8X7KsvnS-scaled-aspect-ratio-1400-788-scaled-1.jpg\",\"keywords\":[\"achat de Blade Lifter\",\"achat de tracteurs\",\"Blade Lifter kaufen\",\"buying Blade Lifter\",\"Deutsch LASO Transportes\",\"Digitalisierung in der Logistik\",\"digitalization in logistics\",\"electric light vehicles\",\"elektrische Leichtfahrzeuge\",\"\u00e9quipement modulaire\",\"exigences du march\u00e9\",\"expanding technical capacities\",\"expansion des capacit\u00e9s techniques\",\"Fachkr\u00e4ftemangel in der Branche\",\"fleet renewal\",\"Flottenerneuerung\",\"fret ferroviaire Portugal\",\"grues mobiles\",\"industrie du transport Portugal\",\"Infrastruktur modernisieren\",\"innovative transport technologies\",\"innovative Transporttechnologien\",\"international projects\",\"internationale Projekte\",\"investissement 30 millions d'euros\",\"Investition 30 Millionen Euro\",\"investment 30 million euros\",\"logistics service providers Europe\",\"Logistikdienstleister Europa\",\"market demands Fran\u00e7ais LASO Transportes\",\"Marktanforderungen English LASO Transportes\",\"mobile cranes\",\"mobile Krane\",\"modernisation des infrastructures\",\"modernizing infrastructure\",\"modular equipment\",\"modulare Ausr\u00fcstung\",\"nachhaltige Transportl\u00f6sungen\",\"num\u00e9risation dans la logistique\",\"p\u00e9nurie de comp\u00e9tences dans le secteur\",\"prestataires de services logistiques Europe\",\"projets internationaux\",\"purchasing tractors\",\"rail freight Portugal\",\"renouvellement de flotte\",\"Schieneng\u00fcterverkehr Portugal\",\"skills shortage in the industry\",\"solutions de transport durables\",\"Super Wing Carriers\",\"sustainable transport solutions\",\"technische Kapazit\u00e4ten erweitern\",\"technologies de transport innovantes\",\"Traktoren kaufen\",\"transport industry Portugal\",\"Transportwirtschaft Portugal\",\"v\u00e9hicules l\u00e9gers \u00e9lectriques\"],\"articleSection\":[\"Europa\",\"Intermodal \\\/ Carretera\"],\"inLanguage\":\"es\",\"potentialAction\":[{\"@type\":\"CommentAction\",\"name\":\"Comment\",\"target\":[\"https:\\\/\\\/transportjournal.com\\\/es\\\/2026\\\/01\\\/21\\\/laso-transportes-invierte-30-millones-de-euros\\\/#respond\"]}]},{\"@type\":\"WebPage\",\"@id\":\"https:\\\/\\\/transportjournal.com\\\/es\\\/2026\\\/01\\\/21\\\/laso-transportes-invierte-30-millones-de-euros\\\/\",\"url\":\"https:\\\/\\\/transportjournal.com\\\/es\\\/2026\\\/01\\\/21\\\/laso-transportes-invierte-30-millones-de-euros\\\/\",\"name\":\"LASO Transportes invierte 30 millones de euros - ITJ | International Transport Journal\",\"isPartOf\":{\"@id\":\"https:\\\/\\\/transportjournal.com\\\/es\\\/#website\"},\"primaryImageOfPage\":{\"@id\":\"https:\\\/\\\/transportjournal.com\\\/es\\\/2026\\\/01\\\/21\\\/laso-transportes-invierte-30-millones-de-euros\\\/#primaryimage\"},\"image\":{\"@id\":\"https:\\\/\\\/transportjournal.com\\\/es\\\/2026\\\/01\\\/21\\\/laso-transportes-invierte-30-millones-de-euros\\\/#primaryimage\"},\"thumbnailUrl\":\"https:\\\/\\\/transportjournal.com\\\/wp-content\\\/uploads\\\/sites\\\/2\\\/2026\\\/01\\\/NFKh8X7KsvnS-scaled-aspect-ratio-1400-788-scaled-1.jpg\",\"datePublished\":\"2026-01-21T12:05:25+00:00\",\"breadcrumb\":{\"@id\":\"https:\\\/\\\/transportjournal.com\\\/es\\\/2026\\\/01\\\/21\\\/laso-transportes-invierte-30-millones-de-euros\\\/#breadcrumb\"},\"inLanguage\":\"es\",\"potentialAction\":[{\"@type\":\"ReadAction\",\"target\":[\"https:\\\/\\\/transportjournal.com\\\/es\\\/2026\\\/01\\\/21\\\/laso-transportes-invierte-30-millones-de-euros\\\/\"]}]},{\"@type\":\"ImageObject\",\"inLanguage\":\"es\",\"@id\":\"https:\\\/\\\/transportjournal.com\\\/es\\\/2026\\\/01\\\/21\\\/laso-transportes-invierte-30-millones-de-euros\\\/#primaryimage\",\"url\":\"https:\\\/\\\/transportjournal.com\\\/wp-content\\\/uploads\\\/sites\\\/2\\\/2026\\\/01\\\/NFKh8X7KsvnS-scaled-aspect-ratio-1400-788-scaled-1.jpg\",\"contentUrl\":\"https:\\\/\\\/transportjournal.com\\\/wp-content\\\/uploads\\\/sites\\\/2\\\/2026\\\/01\\\/NFKh8X7KsvnS-scaled-aspect-ratio-1400-788-scaled-1.jpg\",\"width\":2560,\"height\":1441},{\"@type\":\"BreadcrumbList\",\"@id\":\"https:\\\/\\\/transportjournal.com\\\/es\\\/2026\\\/01\\\/21\\\/laso-transportes-invierte-30-millones-de-euros\\\/#breadcrumb\",\"itemListElement\":[{\"@type\":\"ListItem\",\"position\":1,\"name\":\"Startseite\",\"item\":\"https:\\\/\\\/transportjournal.com\\\/es\\\/\"},{\"@type\":\"ListItem\",\"position\":2,\"name\":\"LASO Transportes invierte 30 millones de euros\"}]},{\"@type\":\"WebSite\",\"@id\":\"https:\\\/\\\/transportjournal.com\\\/es\\\/#website\",\"url\":\"https:\\\/\\\/transportjournal.com\\\/es\\\/\",\"name\":\"ITJ | International Transport Journal\",\"description\":\"Stay informed with the latest global news from the transport, logistics, and supply chain industries. Transport Journal delivers expert insights, analysis, and updates across shipping, aviation, intermodal, and forwarding.\",\"publisher\":{\"@id\":\"https:\\\/\\\/transportjournal.com\\\/es\\\/#organization\"},\"potentialAction\":[{\"@type\":\"SearchAction\",\"target\":{\"@type\":\"EntryPoint\",\"urlTemplate\":\"https:\\\/\\\/transportjournal.com\\\/es\\\/?s={search_term_string}\"},\"query-input\":{\"@type\":\"PropertyValueSpecification\",\"valueRequired\":true,\"valueName\":\"search_term_string\"}}],\"inLanguage\":\"es\"},{\"@type\":\"Organization\",\"@id\":\"https:\\\/\\\/transportjournal.com\\\/es\\\/#organization\",\"name\":\"Grupo Logismedia AG\",\"alternateName\":\"Logismedia Group AG\",\"url\":\"https:\\\/\\\/transportjournal.com\\\/es\\\/\",\"logo\":{\"@type\":\"ImageObject\",\"inLanguage\":\"es\",\"@id\":\"https:\\\/\\\/transportjournal.com\\\/es\\\/#\\\/schema\\\/logo\\\/image\\\/\",\"url\":\"https:\\\/\\\/transportjournal.com\\\/wp-content\\\/uploads\\\/sites\\\/2\\\/2025\\\/09\\\/Logo_ITJ.png\",\"contentUrl\":\"https:\\\/\\\/transportjournal.com\\\/wp-content\\\/uploads\\\/sites\\\/2\\\/2025\\\/09\\\/Logo_ITJ.png\",\"width\":799,\"height\":326,\"caption\":\"Grupo Logismedia AG\"},\"image\":{\"@id\":\"https:\\\/\\\/transportjournal.com\\\/es\\\/#\\\/schema\\\/logo\\\/image\\\/\"},\"sameAs\":[\"https:\\\/\\\/www.linkedin.com\\\/company\\\/56456496\\\/admin\\\/dashboard\\\/\",\"https:\\\/\\\/www.instagram.com\\\/logismediagroup\\\/\",\"https:\\\/\\\/www.youtube.com\\\/@LogiamediaGroupAG\"]},{\"@type\":\"Person\",\"@id\":\"https:\\\/\\\/transportjournal.com\\\/es\\\/#\\\/schema\\\/person\\\/41d36b5474b623392fa613e97e2363fa\",\"name\":\"Jeremy Soland\",\"url\":\"https:\\\/\\\/transportjournal.com\\\/es\\\/author\\\/jeremy\\\/\"}]}<\/script>\n<!-- \/ Yoast SEO plugin. -->","yoast_head_json":{"title":"LASO Transportes invierte 30 millones de euros - ITJ | International Transport Journal","robots":{"index":"index","follow":"follow","max-snippet":"max-snippet:-1","max-image-preview":"max-image-preview:large","max-video-preview":"max-video-preview:-1"},"canonical":"https:\/\/transportjournal.com\/es\/2026\/01\/21\/laso-transportes-invierte-30-millones-de-euros\/","og_locale":"es_ES","og_type":"article","og_title":"LASO Transportes invierte 30 millones de euros - ITJ | International Transport Journal","og_description":"LASO Transportes invierte 30 millones de euros en la modernizaci\u00f3n de su flota e infraestructura para atender mejor proyectos en Portugal e internacionalmente","og_url":"https:\/\/transportjournal.com\/es\/2026\/01\/21\/laso-transportes-invierte-30-millones-de-euros\/","og_site_name":"ITJ | International Transport Journal","article_published_time":"2026-01-21T12:05:25+00:00","og_image":[{"width":2560,"height":1441,"url":"https:\/\/transportjournal.com\/wp-content\/uploads\/sites\/2\/2026\/01\/NFKh8X7KsvnS-scaled-aspect-ratio-1400-788-scaled-1.jpg","type":"image\/jpeg"}],"author":"Jeremy Soland","twitter_card":"summary_large_image","twitter_misc":{"Escrito por":"Jeremy Soland","Tiempo de lectura":"1 minuto"},"schema":{"@context":"https:\/\/schema.org","@graph":[{"@type":"Article","@id":"https:\/\/transportjournal.com\/es\/2026\/01\/21\/laso-transportes-invierte-30-millones-de-euros\/#article","isPartOf":{"@id":"https:\/\/transportjournal.com\/es\/2026\/01\/21\/laso-transportes-invierte-30-millones-de-euros\/"},"author":{"name":"Jeremy Soland","@id":"https:\/\/transportjournal.com\/es\/#\/schema\/person\/41d36b5474b623392fa613e97e2363fa"},"headline":"LASO Transportes invierte 30 millones de euros","datePublished":"2026-01-21T12:05:25+00:00","mainEntityOfPage":{"@id":"https:\/\/transportjournal.com\/es\/2026\/01\/21\/laso-transportes-invierte-30-millones-de-euros\/"},"wordCount":149,"commentCount":0,"publisher":{"@id":"https:\/\/transportjournal.com\/es\/#organization"},"image":{"@id":"https:\/\/transportjournal.com\/es\/2026\/01\/21\/laso-transportes-invierte-30-millones-de-euros\/#primaryimage"},"thumbnailUrl":"https:\/\/transportjournal.com\/wp-content\/uploads\/sites\/2\/2026\/01\/NFKh8X7KsvnS-scaled-aspect-ratio-1400-788-scaled-1.jpg","keywords":["achat de Blade Lifter","achat de tracteurs","Blade Lifter kaufen","buying Blade Lifter","Deutsch LASO Transportes","Digitalisierung in der Logistik","digitalization in logistics","electric light vehicles","elektrische Leichtfahrzeuge","\u00e9quipement modulaire","exigences du march\u00e9","expanding technical capacities","expansion des capacit\u00e9s techniques","Fachkr\u00e4ftemangel in der Branche","fleet renewal","Flottenerneuerung","fret ferroviaire Portugal","grues mobiles","industrie du transport Portugal","Infrastruktur modernisieren","innovative transport technologies","innovative Transporttechnologien","international projects","internationale Projekte","investissement 30 millions d'euros","Investition 30 Millionen Euro","investment 30 million euros","logistics service providers Europe","Logistikdienstleister Europa","market demands Fran\u00e7ais LASO Transportes","Marktanforderungen English LASO Transportes","mobile cranes","mobile Krane","modernisation des infrastructures","modernizing infrastructure","modular equipment","modulare Ausr\u00fcstung","nachhaltige Transportl\u00f6sungen","num\u00e9risation dans la logistique","p\u00e9nurie de comp\u00e9tences dans le secteur","prestataires de services logistiques Europe","projets internationaux","purchasing tractors","rail freight Portugal","renouvellement de flotte","Schieneng\u00fcterverkehr Portugal","skills shortage in the industry","solutions de transport durables","Super Wing Carriers","sustainable transport solutions","technische Kapazit\u00e4ten erweitern","technologies de transport innovantes","Traktoren kaufen","transport industry Portugal","Transportwirtschaft Portugal","v\u00e9hicules l\u00e9gers \u00e9lectriques"],"articleSection":["Europa","Intermodal \/ Carretera"],"inLanguage":"es","potentialAction":[{"@type":"CommentAction","name":"Comment","target":["https:\/\/transportjournal.com\/es\/2026\/01\/21\/laso-transportes-invierte-30-millones-de-euros\/#respond"]}]},{"@type":"WebPage","@id":"https:\/\/transportjournal.com\/es\/2026\/01\/21\/laso-transportes-invierte-30-millones-de-euros\/","url":"https:\/\/transportjournal.com\/es\/2026\/01\/21\/laso-transportes-invierte-30-millones-de-euros\/","name":"LASO Transportes invierte 30 millones de euros - ITJ | International Transport Journal","isPartOf":{"@id":"https:\/\/transportjournal.com\/es\/#website"},"primaryImageOfPage":{"@id":"https:\/\/transportjournal.com\/es\/2026\/01\/21\/laso-transportes-invierte-30-millones-de-euros\/#primaryimage"},"image":{"@id":"https:\/\/transportjournal.com\/es\/2026\/01\/21\/laso-transportes-invierte-30-millones-de-euros\/#primaryimage"},"thumbnailUrl":"https:\/\/transportjournal.com\/wp-content\/uploads\/sites\/2\/2026\/01\/NFKh8X7KsvnS-scaled-aspect-ratio-1400-788-scaled-1.jpg","datePublished":"2026-01-21T12:05:25+00:00","breadcrumb":{"@id":"https:\/\/transportjournal.com\/es\/2026\/01\/21\/laso-transportes-invierte-30-millones-de-euros\/#breadcrumb"},"inLanguage":"es","potentialAction":[{"@type":"ReadAction","target":["https:\/\/transportjournal.com\/es\/2026\/01\/21\/laso-transportes-invierte-30-millones-de-euros\/"]}]},{"@type":"ImageObject","inLanguage":"es","@id":"https:\/\/transportjournal.com\/es\/2026\/01\/21\/laso-transportes-invierte-30-millones-de-euros\/#primaryimage","url":"https:\/\/transportjournal.com\/wp-content\/uploads\/sites\/2\/2026\/01\/NFKh8X7KsvnS-scaled-aspect-ratio-1400-788-scaled-1.jpg","contentUrl":"https:\/\/transportjournal.com\/wp-content\/uploads\/sites\/2\/2026\/01\/NFKh8X7KsvnS-scaled-aspect-ratio-1400-788-scaled-1.jpg","width":2560,"height":1441},{"@type":"BreadcrumbList","@id":"https:\/\/transportjournal.com\/es\/2026\/01\/21\/laso-transportes-invierte-30-millones-de-euros\/#breadcrumb","itemListElement":[{"@type":"ListItem","position":1,"name":"Startseite","item":"https:\/\/transportjournal.com\/es\/"},{"@type":"ListItem","position":2,"name":"LASO Transportes invierte 30 millones de euros"}]},{"@type":"WebSite","@id":"https:\/\/transportjournal.com\/es\/#website","url":"https:\/\/transportjournal.com\/es\/","name":"ITJ | International Transport Journal","description":"Stay informed with the latest global news from the transport, logistics, and supply chain industries. Transport Journal delivers expert insights, analysis, and updates across shipping, aviation, intermodal, and forwarding.","publisher":{"@id":"https:\/\/transportjournal.com\/es\/#organization"},"potentialAction":[{"@type":"SearchAction","target":{"@type":"EntryPoint","urlTemplate":"https:\/\/transportjournal.com\/es\/?s={search_term_string}"},"query-input":{"@type":"PropertyValueSpecification","valueRequired":true,"valueName":"search_term_string"}}],"inLanguage":"es"},{"@type":"Organization","@id":"https:\/\/transportjournal.com\/es\/#organization","name":"Grupo Logismedia AG","alternateName":"Logismedia Group AG","url":"https:\/\/transportjournal.com\/es\/","logo":{"@type":"ImageObject","inLanguage":"es","@id":"https:\/\/transportjournal.com\/es\/#\/schema\/logo\/image\/","url":"https:\/\/transportjournal.com\/wp-content\/uploads\/sites\/2\/2025\/09\/Logo_ITJ.png","contentUrl":"https:\/\/transportjournal.com\/wp-content\/uploads\/sites\/2\/2025\/09\/Logo_ITJ.png","width":799,"height":326,"caption":"Grupo Logismedia AG"},"image":{"@id":"https:\/\/transportjournal.com\/es\/#\/schema\/logo\/image\/"},"sameAs":["https:\/\/www.linkedin.com\/company\/56456496\/admin\/dashboard\/","https:\/\/www.instagram.com\/logismediagroup\/","https:\/\/www.youtube.com\/@LogiamediaGroupAG"]},{"@type":"Person","@id":"https:\/\/transportjournal.com\/es\/#\/schema\/person\/41d36b5474b623392fa613e97e2363fa","name":"Jeremy Soland","url":"https:\/\/transportjournal.com\/es\/author\/jeremy\/"}]}},"_links":{"self":[{"href":"https:\/\/transportjournal.com\/es\/wp-json\/wp\/v2\/posts\/73832","targetHints":{"allow":["GET"]}}],"collection":[{"href":"https:\/\/transportjournal.com\/es\/wp-json\/wp\/v2\/posts"}],"about":[{"href":"https:\/\/transportjournal.com\/es\/wp-json\/wp\/v2\/types\/post"}],"author":[{"embeddable":true,"href":"https:\/\/transportjournal.com\/es\/wp-json\/wp\/v2\/users\/10"}],"replies":[{"embeddable":true,"href":"https:\/\/transportjournal.com\/es\/wp-json\/wp\/v2\/comments?post=73832"}],"version-history":[{"count":0,"href":"https:\/\/transportjournal.com\/es\/wp-json\/wp\/v2\/posts\/73832\/revisions"}],"wp:featuredmedia":[{"embeddable":true,"href":"https:\/\/transportjournal.com\/es\/wp-json\/wp\/v2\/media\/73829"}],"wp:attachment":[{"href":"https:\/\/transportjournal.com\/es\/wp-json\/wp\/v2\/media?parent=73832"}],"wp:term":[{"taxonomy":"category","embeddable":true,"href":"https:\/\/transportjournal.com\/es\/wp-json\/wp\/v2\/categories?post=73832"},{"taxonomy":"post_tag","embeddable":true,"href":"https:\/\/transportjournal.com\/es\/wp-json\/wp\/v2\/tags?post=73832"}],"curies":[{"name":"wp","href":"https:\/\/api.w.org\/{rel}","templated":true}]}}