{"id":73824,"date":"2026-01-21T11:56:04","date_gmt":"2026-01-21T11:56:04","guid":{"rendered":"https:\/\/transportjournal.com\/2026\/01\/21\/grigorova-se-retira-de-gw\/"},"modified":"2026-01-21T11:56:04","modified_gmt":"2026-01-21T11:56:04","slug":"grigorova-se-retira-de-gw","status":"publish","type":"post","link":"https:\/\/transportjournal.com\/es\/2026\/01\/21\/grigorova-se-retira-de-gw\/","title":{"rendered":"Grigorova se retira de GW"},"content":{"rendered":"<p>Marieta Grigorova, que ha dirigido los destinos de Gebr\u00fcder Weiss en Bulgaria desde la entrada de la empresa en el mercado en 1993, se retira. Su sucesor, Lyudmil Elshishki, asumi\u00f3 la responsabilidad de la organizaci\u00f3n nacional b\u00falgara el 1 de enero de 2026. Grigorova ha contribuido significativamente al desarrollo de la empresa a lo largo de su larga carrera.<\/p>\n<p>En los 32 a\u00f1os bajo su liderazgo, la ubicaci\u00f3n de Sof\u00eda se ha transformado de un peque\u00f1o punto de transbordo a un centro log\u00edstico clave para transportes internacionales. Adem\u00e1s, se han inaugurado dos centros log\u00edsticos m\u00e1s en Plovdiv y Varna, y la oferta de servicios se ha ampliado continuamente, incluyendo la introducci\u00f3n de Home Delivery para clientes particulares. Hoy en d\u00eda, Gebr\u00fcder Weiss emplea a alrededor de 160 personas en Bulgaria y atiende a clientes de diversas industrias, incluyendo automoci\u00f3n, TI y bienes de consumo.<\/p>\n<h3>Nuevo director general con experiencia internacional<\/h3>\n<p>Lyudmil Elshishki aporta m\u00e1s de 15 a\u00f1os de experiencia en la industria log\u00edstica. Antes de su nueva posici\u00f3n, trabaj\u00f3 en la gesti\u00f3n de una empresa log\u00edstica global, donde lider\u00f3 proyectos estrat\u00e9gicos en 14 pa\u00edses y expandi\u00f3 la red minorista. En Gebr\u00fcder Weiss, Elshishki planea continuar la organizaci\u00f3n nacional de manera estable y aportar nuevos impulsos, especialmente en los \u00e1mbitos de servicios de transporte internacional y soluciones log\u00edsticas para la industria automotriz y pesada.<\/p>\n<p>Bulgaria est\u00e1 ganando cada vez m\u00e1s importancia como un punto de conexi\u00f3n para transportes hacia la regi\u00f3n del Mar Negro y Asia Central. Elshishki ve en este desarrollo oportunidades para la empresa para fortalecer a\u00fan m\u00e1s su posici\u00f3n en el mercado. Thomas Moser, director y jefe regional del Mar Negro\/CIS en Gebr\u00fcder Weiss, elogi\u00f3 los logros de Grigorova y destac\u00f3 que ha guiado a la empresa con visi\u00f3n y compromiso a trav\u00e9s de tres d\u00e9cadas de expansi\u00f3n din\u00e1mica.<\/p>\n<p>&nbsp;<\/p>\n<p><a href=\"https:\/\/www.gw-world.com\/\" target=\"_blank\" rel=\"noopener noreferrer\">www.gw-world.com<\/a><\/p>\n<p>&nbsp;<\/p>\n","protected":false},"excerpt":{"rendered":"<p>Marieta Grigorova se retira tras 32 a\u00f1os, mientras que Lyudmil Elshishki asumir\u00e1 la direcci\u00f3n de Gebr\u00fcder Weiss en Bulgaria a partir del 1 de enero de 2026<\/p>\n","protected":false},"author":12,"featured_media":73821,"comment_status":"open","ping_status":"open","sticky":false,"template":"","format":"standard","meta":{"_acf_changed":false,"footnotes":""},"categories":[1611,1603,1605],"tags":[7669,7670,7671,7672,3353,3354,2122,2462,7673,7674,7675,7676,7677,7678,7679,7680,7681,7682,7683,2821,7684,7685,7686,1831,7687,7688,7689,7690,3379,2479,2829,7691,7692,7693,7694,7695,7696,2339,7697,7698,7699,5080,7700,1975],"class_list":["post-73824","post","type-post","status-publish","format-standard","has-post-thumbnail","hentry","category-europa","category-personas-y-empresas","category-expedicion-y-logistica","tag-black-sea-region-transport","tag-centres-logistiques-plovdiv","tag-chaine-dapprovisionnement-bulgarie","tag-deutsch-grigorova","tag-digitalisierung-logistik","tag-digitalization-logistics","tag-fachkraeftemangel-logistik","tag-gebrueder-weiss","tag-home-delivery","tag-hub-logistique-sofia","tag-infrastructure-bulgaria-francais-grigorova","tag-infrastructure-bulgarie","tag-infrastruktur-bulgarien-english-grigorova","tag-international-transport","tag-internationale-transporte","tag-livraison-a-domicile","tag-logistics-bulgaria","tag-logistics-centers-plovdiv","tag-logistics-hub-sofia","tag-logistics-providers","tag-logistics-solutions-automotive-industry","tag-logistik-bulgarien","tag-logistik-hub-sofia","tag-logistikdienstleister","tag-logistikloesungen-automobilindustrie","tag-logistikzentren-plovdiv","tag-logistique-bulgarie","tag-lyudmil-elshishki","tag-numerisation-logistique","tag-penurie-de-competences-logistique","tag-prestataires-logistiques","tag-region-de-la-mer-noire-transport","tag-retirement-grigorova","tag-retraite-grigorova","tag-ruhestand-grigorova","tag-schwarzmeerregion-transport","tag-services-de-transport","tag-skills-shortage-logistics","tag-solutions-logistiques-industrie-automobile","tag-supply-chain-bulgaria","tag-supply-chain-bulgarien","tag-transport-international","tag-transport-services","tag-transportdienstleistungen"],"acf":[],"yoast_head":"<!-- This site is optimized with the Yoast SEO plugin v27.3 - https:\/\/yoast.com\/product\/yoast-seo-wordpress\/ -->\n<title>Grigorova se retira de GW - ITJ | International Transport Journal<\/title>\n<meta name=\"robots\" content=\"index, follow, max-snippet:-1, max-image-preview:large, max-video-preview:-1\" \/>\n<link rel=\"canonical\" href=\"https:\/\/transportjournal.com\/es\/2026\/01\/21\/grigorova-se-retira-de-gw\/\" \/>\n<meta property=\"og:locale\" content=\"es_ES\" \/>\n<meta property=\"og:type\" content=\"article\" \/>\n<meta property=\"og:title\" content=\"Grigorova se retira de GW - ITJ | International Transport Journal\" \/>\n<meta property=\"og:description\" content=\"Marieta Grigorova se retira tras 32 a\u00f1os, mientras que Lyudmil Elshishki asumir\u00e1 la direcci\u00f3n de Gebr\u00fcder Weiss en Bulgaria a partir del 1 de enero de 2026\" \/>\n<meta property=\"og:url\" content=\"https:\/\/transportjournal.com\/es\/2026\/01\/21\/grigorova-se-retira-de-gw\/\" \/>\n<meta property=\"og:site_name\" content=\"ITJ | International Transport Journal\" \/>\n<meta property=\"article:published_time\" content=\"2026-01-21T11:56:04+00:00\" \/>\n<meta property=\"og:image\" content=\"https:\/\/transportjournal.com\/wp-content\/uploads\/sites\/2\/2026\/01\/1_lyudmilelshishki_marietagrigorova-scaled-aspect-ratio-1400-788-scaled-1.jpg\" \/>\n\t<meta property=\"og:image:width\" content=\"2560\" \/>\n\t<meta property=\"og:image:height\" content=\"1441\" \/>\n\t<meta property=\"og:image:type\" content=\"image\/jpeg\" \/>\n<meta name=\"author\" content=\"Andreas Haug\" \/>\n<meta name=\"twitter:card\" content=\"summary_large_image\" \/>\n<meta name=\"twitter:label1\" content=\"Escrito por\" \/>\n\t<meta name=\"twitter:data1\" content=\"Andreas Haug\" \/>\n\t<meta name=\"twitter:label2\" content=\"Tiempo de lectura\" \/>\n\t<meta name=\"twitter:data2\" content=\"2 minuto\" \/>\n<script type=\"application\/ld+json\" class=\"yoast-schema-graph\">{\"@context\":\"https:\\\/\\\/schema.org\",\"@graph\":[{\"@type\":\"Article\",\"@id\":\"https:\\\/\\\/transportjournal.com\\\/es\\\/2026\\\/01\\\/21\\\/grigorova-se-retira-de-gw\\\/#article\",\"isPartOf\":{\"@id\":\"https:\\\/\\\/transportjournal.com\\\/es\\\/2026\\\/01\\\/21\\\/grigorova-se-retira-de-gw\\\/\"},\"author\":{\"name\":\"Andreas Haug\",\"@id\":\"https:\\\/\\\/transportjournal.com\\\/es\\\/#\\\/schema\\\/person\\\/cf538b3157f15afd7589245a4b3dbd25\"},\"headline\":\"Grigorova se retira de GW\",\"datePublished\":\"2026-01-21T11:56:04+00:00\",\"mainEntityOfPage\":{\"@id\":\"https:\\\/\\\/transportjournal.com\\\/es\\\/2026\\\/01\\\/21\\\/grigorova-se-retira-de-gw\\\/\"},\"wordCount\":343,\"commentCount\":0,\"publisher\":{\"@id\":\"https:\\\/\\\/transportjournal.com\\\/es\\\/#organization\"},\"image\":{\"@id\":\"https:\\\/\\\/transportjournal.com\\\/es\\\/2026\\\/01\\\/21\\\/grigorova-se-retira-de-gw\\\/#primaryimage\"},\"thumbnailUrl\":\"https:\\\/\\\/transportjournal.com\\\/wp-content\\\/uploads\\\/sites\\\/2\\\/2026\\\/01\\\/1_lyudmilelshishki_marietagrigorova-scaled-aspect-ratio-1400-788-scaled-1.jpg\",\"keywords\":[\"Black Sea region transport\",\"centres logistiques Plovdiv\",\"cha\u00eene d'approvisionnement Bulgarie\",\"Deutsch Grigorova\",\"Digitalisierung Logistik\",\"digitalization logistics\",\"Fachkr\u00e4ftemangel Logistik\",\"Gebr\u00fcder Weiss\",\"Home Delivery\",\"hub logistique Sofia\",\"infrastructure Bulgaria Fran\u00e7ais Grigorova\",\"infrastructure Bulgarie\",\"Infrastruktur Bulgarien English Grigorova\",\"international transport\",\"internationale Transporte\",\"livraison \u00e0 domicile\",\"logistics Bulgaria\",\"logistics centers Plovdiv\",\"logistics hub Sofia\",\"logistics providers\",\"logistics solutions automotive industry\",\"Logistik Bulgarien\",\"Logistik-Hub Sofia\",\"Logistikdienstleister\",\"Logistikl\u00f6sungen Automobilindustrie\",\"Logistikzentren Plovdiv\",\"logistique Bulgarie\",\"Lyudmil Elshishki\",\"num\u00e9risation logistique\",\"p\u00e9nurie de comp\u00e9tences logistique\",\"prestataires logistiques\",\"r\u00e9gion de la mer Noire transport\",\"retirement Grigorova\",\"retraite Grigorova\",\"Ruhestand Grigorova\",\"Schwarzmeerregion Transport\",\"services de transport\",\"skills shortage logistics\",\"solutions logistiques industrie automobile\",\"supply chain Bulgaria\",\"Supply Chain Bulgarien\",\"transport international\",\"transport services\",\"Transportdienstleistungen\"],\"articleSection\":[\"Europa\",\"Personas y empresas\",\"Transporte de mercanc\u00edas y log\u00edstica\"],\"inLanguage\":\"es\",\"potentialAction\":[{\"@type\":\"CommentAction\",\"name\":\"Comment\",\"target\":[\"https:\\\/\\\/transportjournal.com\\\/es\\\/2026\\\/01\\\/21\\\/grigorova-se-retira-de-gw\\\/#respond\"]}]},{\"@type\":\"WebPage\",\"@id\":\"https:\\\/\\\/transportjournal.com\\\/es\\\/2026\\\/01\\\/21\\\/grigorova-se-retira-de-gw\\\/\",\"url\":\"https:\\\/\\\/transportjournal.com\\\/es\\\/2026\\\/01\\\/21\\\/grigorova-se-retira-de-gw\\\/\",\"name\":\"Grigorova se retira de GW - ITJ | International Transport Journal\",\"isPartOf\":{\"@id\":\"https:\\\/\\\/transportjournal.com\\\/es\\\/#website\"},\"primaryImageOfPage\":{\"@id\":\"https:\\\/\\\/transportjournal.com\\\/es\\\/2026\\\/01\\\/21\\\/grigorova-se-retira-de-gw\\\/#primaryimage\"},\"image\":{\"@id\":\"https:\\\/\\\/transportjournal.com\\\/es\\\/2026\\\/01\\\/21\\\/grigorova-se-retira-de-gw\\\/#primaryimage\"},\"thumbnailUrl\":\"https:\\\/\\\/transportjournal.com\\\/wp-content\\\/uploads\\\/sites\\\/2\\\/2026\\\/01\\\/1_lyudmilelshishki_marietagrigorova-scaled-aspect-ratio-1400-788-scaled-1.jpg\",\"datePublished\":\"2026-01-21T11:56:04+00:00\",\"breadcrumb\":{\"@id\":\"https:\\\/\\\/transportjournal.com\\\/es\\\/2026\\\/01\\\/21\\\/grigorova-se-retira-de-gw\\\/#breadcrumb\"},\"inLanguage\":\"es\",\"potentialAction\":[{\"@type\":\"ReadAction\",\"target\":[\"https:\\\/\\\/transportjournal.com\\\/es\\\/2026\\\/01\\\/21\\\/grigorova-se-retira-de-gw\\\/\"]}]},{\"@type\":\"ImageObject\",\"inLanguage\":\"es\",\"@id\":\"https:\\\/\\\/transportjournal.com\\\/es\\\/2026\\\/01\\\/21\\\/grigorova-se-retira-de-gw\\\/#primaryimage\",\"url\":\"https:\\\/\\\/transportjournal.com\\\/wp-content\\\/uploads\\\/sites\\\/2\\\/2026\\\/01\\\/1_lyudmilelshishki_marietagrigorova-scaled-aspect-ratio-1400-788-scaled-1.jpg\",\"contentUrl\":\"https:\\\/\\\/transportjournal.com\\\/wp-content\\\/uploads\\\/sites\\\/2\\\/2026\\\/01\\\/1_lyudmilelshishki_marietagrigorova-scaled-aspect-ratio-1400-788-scaled-1.jpg\",\"width\":2560,\"height\":1441},{\"@type\":\"BreadcrumbList\",\"@id\":\"https:\\\/\\\/transportjournal.com\\\/es\\\/2026\\\/01\\\/21\\\/grigorova-se-retira-de-gw\\\/#breadcrumb\",\"itemListElement\":[{\"@type\":\"ListItem\",\"position\":1,\"name\":\"Startseite\",\"item\":\"https:\\\/\\\/transportjournal.com\\\/es\\\/\"},{\"@type\":\"ListItem\",\"position\":2,\"name\":\"Grigorova se retira de GW\"}]},{\"@type\":\"WebSite\",\"@id\":\"https:\\\/\\\/transportjournal.com\\\/es\\\/#website\",\"url\":\"https:\\\/\\\/transportjournal.com\\\/es\\\/\",\"name\":\"ITJ | International Transport Journal\",\"description\":\"Stay informed with the latest global news from the transport, logistics, and supply chain industries. Transport Journal delivers expert insights, analysis, and updates across shipping, aviation, intermodal, and forwarding.\",\"publisher\":{\"@id\":\"https:\\\/\\\/transportjournal.com\\\/es\\\/#organization\"},\"potentialAction\":[{\"@type\":\"SearchAction\",\"target\":{\"@type\":\"EntryPoint\",\"urlTemplate\":\"https:\\\/\\\/transportjournal.com\\\/es\\\/?s={search_term_string}\"},\"query-input\":{\"@type\":\"PropertyValueSpecification\",\"valueRequired\":true,\"valueName\":\"search_term_string\"}}],\"inLanguage\":\"es\"},{\"@type\":\"Organization\",\"@id\":\"https:\\\/\\\/transportjournal.com\\\/es\\\/#organization\",\"name\":\"Grupo Logismedia AG\",\"alternateName\":\"Logismedia Group AG\",\"url\":\"https:\\\/\\\/transportjournal.com\\\/es\\\/\",\"logo\":{\"@type\":\"ImageObject\",\"inLanguage\":\"es\",\"@id\":\"https:\\\/\\\/transportjournal.com\\\/es\\\/#\\\/schema\\\/logo\\\/image\\\/\",\"url\":\"https:\\\/\\\/transportjournal.com\\\/wp-content\\\/uploads\\\/sites\\\/2\\\/2025\\\/09\\\/Logo_ITJ.png\",\"contentUrl\":\"https:\\\/\\\/transportjournal.com\\\/wp-content\\\/uploads\\\/sites\\\/2\\\/2025\\\/09\\\/Logo_ITJ.png\",\"width\":799,\"height\":326,\"caption\":\"Grupo Logismedia AG\"},\"image\":{\"@id\":\"https:\\\/\\\/transportjournal.com\\\/es\\\/#\\\/schema\\\/logo\\\/image\\\/\"},\"sameAs\":[\"https:\\\/\\\/www.linkedin.com\\\/company\\\/56456496\\\/admin\\\/dashboard\\\/\",\"https:\\\/\\\/www.instagram.com\\\/logismediagroup\\\/\",\"https:\\\/\\\/www.youtube.com\\\/@LogiamediaGroupAG\"]},{\"@type\":\"Person\",\"@id\":\"https:\\\/\\\/transportjournal.com\\\/es\\\/#\\\/schema\\\/person\\\/cf538b3157f15afd7589245a4b3dbd25\",\"name\":\"Andreas Haug\",\"url\":\"https:\\\/\\\/transportjournal.com\\\/es\\\/author\\\/andreas\\\/\"}]}<\/script>\n<!-- \/ Yoast SEO plugin. -->","yoast_head_json":{"title":"Grigorova se retira de GW - ITJ | International Transport Journal","robots":{"index":"index","follow":"follow","max-snippet":"max-snippet:-1","max-image-preview":"max-image-preview:large","max-video-preview":"max-video-preview:-1"},"canonical":"https:\/\/transportjournal.com\/es\/2026\/01\/21\/grigorova-se-retira-de-gw\/","og_locale":"es_ES","og_type":"article","og_title":"Grigorova se retira de GW - ITJ | International Transport Journal","og_description":"Marieta Grigorova se retira tras 32 a\u00f1os, mientras que Lyudmil Elshishki asumir\u00e1 la direcci\u00f3n de Gebr\u00fcder Weiss en Bulgaria a partir del 1 de enero de 2026","og_url":"https:\/\/transportjournal.com\/es\/2026\/01\/21\/grigorova-se-retira-de-gw\/","og_site_name":"ITJ | International Transport Journal","article_published_time":"2026-01-21T11:56:04+00:00","og_image":[{"width":2560,"height":1441,"url":"https:\/\/transportjournal.com\/wp-content\/uploads\/sites\/2\/2026\/01\/1_lyudmilelshishki_marietagrigorova-scaled-aspect-ratio-1400-788-scaled-1.jpg","type":"image\/jpeg"}],"author":"Andreas Haug","twitter_card":"summary_large_image","twitter_misc":{"Escrito por":"Andreas Haug","Tiempo de lectura":"2 minuto"},"schema":{"@context":"https:\/\/schema.org","@graph":[{"@type":"Article","@id":"https:\/\/transportjournal.com\/es\/2026\/01\/21\/grigorova-se-retira-de-gw\/#article","isPartOf":{"@id":"https:\/\/transportjournal.com\/es\/2026\/01\/21\/grigorova-se-retira-de-gw\/"},"author":{"name":"Andreas Haug","@id":"https:\/\/transportjournal.com\/es\/#\/schema\/person\/cf538b3157f15afd7589245a4b3dbd25"},"headline":"Grigorova se retira de GW","datePublished":"2026-01-21T11:56:04+00:00","mainEntityOfPage":{"@id":"https:\/\/transportjournal.com\/es\/2026\/01\/21\/grigorova-se-retira-de-gw\/"},"wordCount":343,"commentCount":0,"publisher":{"@id":"https:\/\/transportjournal.com\/es\/#organization"},"image":{"@id":"https:\/\/transportjournal.com\/es\/2026\/01\/21\/grigorova-se-retira-de-gw\/#primaryimage"},"thumbnailUrl":"https:\/\/transportjournal.com\/wp-content\/uploads\/sites\/2\/2026\/01\/1_lyudmilelshishki_marietagrigorova-scaled-aspect-ratio-1400-788-scaled-1.jpg","keywords":["Black Sea region transport","centres logistiques Plovdiv","cha\u00eene d'approvisionnement Bulgarie","Deutsch Grigorova","Digitalisierung Logistik","digitalization logistics","Fachkr\u00e4ftemangel Logistik","Gebr\u00fcder Weiss","Home Delivery","hub logistique Sofia","infrastructure Bulgaria Fran\u00e7ais Grigorova","infrastructure Bulgarie","Infrastruktur Bulgarien English Grigorova","international transport","internationale Transporte","livraison \u00e0 domicile","logistics Bulgaria","logistics centers Plovdiv","logistics hub Sofia","logistics providers","logistics solutions automotive industry","Logistik Bulgarien","Logistik-Hub Sofia","Logistikdienstleister","Logistikl\u00f6sungen Automobilindustrie","Logistikzentren Plovdiv","logistique Bulgarie","Lyudmil Elshishki","num\u00e9risation logistique","p\u00e9nurie de comp\u00e9tences logistique","prestataires logistiques","r\u00e9gion de la mer Noire transport","retirement Grigorova","retraite Grigorova","Ruhestand Grigorova","Schwarzmeerregion Transport","services de transport","skills shortage logistics","solutions logistiques industrie automobile","supply chain Bulgaria","Supply Chain Bulgarien","transport international","transport services","Transportdienstleistungen"],"articleSection":["Europa","Personas y empresas","Transporte de mercanc\u00edas y log\u00edstica"],"inLanguage":"es","potentialAction":[{"@type":"CommentAction","name":"Comment","target":["https:\/\/transportjournal.com\/es\/2026\/01\/21\/grigorova-se-retira-de-gw\/#respond"]}]},{"@type":"WebPage","@id":"https:\/\/transportjournal.com\/es\/2026\/01\/21\/grigorova-se-retira-de-gw\/","url":"https:\/\/transportjournal.com\/es\/2026\/01\/21\/grigorova-se-retira-de-gw\/","name":"Grigorova se retira de GW - ITJ | International Transport Journal","isPartOf":{"@id":"https:\/\/transportjournal.com\/es\/#website"},"primaryImageOfPage":{"@id":"https:\/\/transportjournal.com\/es\/2026\/01\/21\/grigorova-se-retira-de-gw\/#primaryimage"},"image":{"@id":"https:\/\/transportjournal.com\/es\/2026\/01\/21\/grigorova-se-retira-de-gw\/#primaryimage"},"thumbnailUrl":"https:\/\/transportjournal.com\/wp-content\/uploads\/sites\/2\/2026\/01\/1_lyudmilelshishki_marietagrigorova-scaled-aspect-ratio-1400-788-scaled-1.jpg","datePublished":"2026-01-21T11:56:04+00:00","breadcrumb":{"@id":"https:\/\/transportjournal.com\/es\/2026\/01\/21\/grigorova-se-retira-de-gw\/#breadcrumb"},"inLanguage":"es","potentialAction":[{"@type":"ReadAction","target":["https:\/\/transportjournal.com\/es\/2026\/01\/21\/grigorova-se-retira-de-gw\/"]}]},{"@type":"ImageObject","inLanguage":"es","@id":"https:\/\/transportjournal.com\/es\/2026\/01\/21\/grigorova-se-retira-de-gw\/#primaryimage","url":"https:\/\/transportjournal.com\/wp-content\/uploads\/sites\/2\/2026\/01\/1_lyudmilelshishki_marietagrigorova-scaled-aspect-ratio-1400-788-scaled-1.jpg","contentUrl":"https:\/\/transportjournal.com\/wp-content\/uploads\/sites\/2\/2026\/01\/1_lyudmilelshishki_marietagrigorova-scaled-aspect-ratio-1400-788-scaled-1.jpg","width":2560,"height":1441},{"@type":"BreadcrumbList","@id":"https:\/\/transportjournal.com\/es\/2026\/01\/21\/grigorova-se-retira-de-gw\/#breadcrumb","itemListElement":[{"@type":"ListItem","position":1,"name":"Startseite","item":"https:\/\/transportjournal.com\/es\/"},{"@type":"ListItem","position":2,"name":"Grigorova se retira de GW"}]},{"@type":"WebSite","@id":"https:\/\/transportjournal.com\/es\/#website","url":"https:\/\/transportjournal.com\/es\/","name":"ITJ | International Transport Journal","description":"Stay informed with the latest global news from the transport, logistics, and supply chain industries. Transport Journal delivers expert insights, analysis, and updates across shipping, aviation, intermodal, and forwarding.","publisher":{"@id":"https:\/\/transportjournal.com\/es\/#organization"},"potentialAction":[{"@type":"SearchAction","target":{"@type":"EntryPoint","urlTemplate":"https:\/\/transportjournal.com\/es\/?s={search_term_string}"},"query-input":{"@type":"PropertyValueSpecification","valueRequired":true,"valueName":"search_term_string"}}],"inLanguage":"es"},{"@type":"Organization","@id":"https:\/\/transportjournal.com\/es\/#organization","name":"Grupo Logismedia AG","alternateName":"Logismedia Group AG","url":"https:\/\/transportjournal.com\/es\/","logo":{"@type":"ImageObject","inLanguage":"es","@id":"https:\/\/transportjournal.com\/es\/#\/schema\/logo\/image\/","url":"https:\/\/transportjournal.com\/wp-content\/uploads\/sites\/2\/2025\/09\/Logo_ITJ.png","contentUrl":"https:\/\/transportjournal.com\/wp-content\/uploads\/sites\/2\/2025\/09\/Logo_ITJ.png","width":799,"height":326,"caption":"Grupo Logismedia AG"},"image":{"@id":"https:\/\/transportjournal.com\/es\/#\/schema\/logo\/image\/"},"sameAs":["https:\/\/www.linkedin.com\/company\/56456496\/admin\/dashboard\/","https:\/\/www.instagram.com\/logismediagroup\/","https:\/\/www.youtube.com\/@LogiamediaGroupAG"]},{"@type":"Person","@id":"https:\/\/transportjournal.com\/es\/#\/schema\/person\/cf538b3157f15afd7589245a4b3dbd25","name":"Andreas Haug","url":"https:\/\/transportjournal.com\/es\/author\/andreas\/"}]}},"_links":{"self":[{"href":"https:\/\/transportjournal.com\/es\/wp-json\/wp\/v2\/posts\/73824","targetHints":{"allow":["GET"]}}],"collection":[{"href":"https:\/\/transportjournal.com\/es\/wp-json\/wp\/v2\/posts"}],"about":[{"href":"https:\/\/transportjournal.com\/es\/wp-json\/wp\/v2\/types\/post"}],"author":[{"embeddable":true,"href":"https:\/\/transportjournal.com\/es\/wp-json\/wp\/v2\/users\/12"}],"replies":[{"embeddable":true,"href":"https:\/\/transportjournal.com\/es\/wp-json\/wp\/v2\/comments?post=73824"}],"version-history":[{"count":0,"href":"https:\/\/transportjournal.com\/es\/wp-json\/wp\/v2\/posts\/73824\/revisions"}],"wp:featuredmedia":[{"embeddable":true,"href":"https:\/\/transportjournal.com\/es\/wp-json\/wp\/v2\/media\/73821"}],"wp:attachment":[{"href":"https:\/\/transportjournal.com\/es\/wp-json\/wp\/v2\/media?parent=73824"}],"wp:term":[{"taxonomy":"category","embeddable":true,"href":"https:\/\/transportjournal.com\/es\/wp-json\/wp\/v2\/categories?post=73824"},{"taxonomy":"post_tag","embeddable":true,"href":"https:\/\/transportjournal.com\/es\/wp-json\/wp\/v2\/tags?post=73824"}],"curies":[{"name":"wp","href":"https:\/\/api.w.org\/{rel}","templated":true}]}}