{"id":73601,"date":"2026-01-20T13:44:45","date_gmt":"2026-01-20T13:44:45","guid":{"rendered":"https:\/\/transportjournal.com\/2026\/01\/20\/michael-hansen-sera-el-nuevo-ceo-de-dfds\/"},"modified":"2026-01-20T13:44:45","modified_gmt":"2026-01-20T13:44:45","slug":"michael-hansen-sera-el-nuevo-ceo-de-dfds","status":"publish","type":"post","link":"https:\/\/transportjournal.com\/es\/2026\/01\/20\/michael-hansen-sera-el-nuevo-ceo-de-dfds\/","title":{"rendered":"Michael Hansen ser\u00e1 el nuevo CEO de DFDS"},"content":{"rendered":"<p>DFDS ha nombrado a Michael Hansen como nuevo presidente y CEO, quien asumir\u00e1 su cargo el 1 de julio de 2026. Hansen, que actualmente es presidente y CEO de Hempel, suceder\u00e1 a Torben Carlsen, quien renunciar\u00e1 el mismo d\u00eda. El nombramiento se realiza en el marco de un proceso de sucesi\u00f3n anunciado el 6 de noviembre de 2025, con el objetivo de obtener nuevas perspectivas para la transformaci\u00f3n en curso de DFDS.<\/p>\n<h3>Nuevo enfoque de liderazgo para DFDS<\/h3>\n<p>Claus V. Hemmingsen, presidente del consejo de supervisi\u00f3n, se expres\u00f3 positivamente sobre el nombramiento de Hansen: \u201cEstoy muy contento de dar la bienvenida a Michael Hansen a DFDS. Michael aporta nuevas perspectivas y experiencias para liderar la transformaci\u00f3n en curso de la empresa. La tarea a corto plazo es mejorar el rendimiento financiero. A largo plazo, se trata de desbloquear el valor de la red mediante la optimizaci\u00f3n de las operaciones y el crecimiento org\u00e1nico, basado en las fortalezas constantes de DFDS, especialmente nuestras valiosas ofertas y niveles de servicio para los clientes, as\u00ed como nuestros empleados capacitados.\u201d<\/p>\n<p>Michael Hansen cuenta con una amplia experiencia en liderazgo en los sectores de transporte mar\u00edtimo, transporte e industria. En su papel en Hempel, ha liderado una transformaci\u00f3n estrat\u00e9gica que ha mejorado el rendimiento financiero y fortalecido la escalabilidad de las operaciones. Anteriormente, trabaj\u00f3 casi dos d\u00e9cadas en A.P. Moller &#8211; Maersk, donde ocup\u00f3 varios puestos de alta direcci\u00f3n en Europa, Am\u00e9rica Latina y Ocean\u00eda, incluyendo el cargo de CEO de Seago Line y la direcci\u00f3n global de ventas para Maersk Line.<\/p>\n<p>En una primera declaraci\u00f3n, Hansen expres\u00f3: \u201cEstoy muy emocionado de unirme a DFDS y liderar la transformaci\u00f3n en curso hacia un crecimiento rentable. Me apasiona motivar y empoderar a las personas para lograr un rendimiento comercial y financiero, y tambi\u00e9n me apasiona impulsar la sostenibilidad. DFDS tiene un legado impresionante, pero enfrenta desaf\u00edos en algunas \u00e1reas. A trav\u00e9s de la colaboraci\u00f3n y el aprovechamiento de nuestra s\u00f3lida red, podemos alcanzar todo nuestro potencial.\u201d<\/p>\n<p>La trayectoria profesional de Michael Hansen incluye, entre otros, los siguientes cargos: Desde 2017, ha sido presidente del grupo y CEO en Hempel. Anteriormente, fue vicepresidente y director de ventas global en Maersk Line de 2016 a 2017. Antes de eso, fue CEO de Seago Line y ocup\u00f3 varios puestos de gesti\u00f3n en Maersk Line, incluyendo en M\u00e9xico, Espa\u00f1a y Nueva Zelanda.<\/p>\n<p>DFDS opera una red de transporte en y alrededor de Europa con un volumen de negocios anual de 30 mil millones de DKK y emplea a 16,500 empleados a tiempo completo. La empresa transporta mercanc\u00edas en remolques por ferry, carretera y ferrocarril, y ofrece soluciones de transporte y log\u00edstica complementarias. Adem\u00e1s, DFDS transporta pasajeros en autom\u00f3viles y a pie en ferris de corta distancia y de noche. DFDS fue fundada en 1866 y tiene su sede en Copenhague.<\/p>\n<p>&nbsp;<\/p>\n<p><a href=\"https:\/\/www.dfds.com\/\" target=\"_blank\" rel=\"noopener noreferrer\">www.dfds.com<\/a><\/p>\n<p>&nbsp;<\/p>\n","protected":false},"excerpt":{"rendered":"<p>Michael Hansen ser\u00e1 el nuevo presidente y CEO de DFDS a partir del 1 de julio de 2026, sucediendo a Torben Carlsen, quien renunciar\u00e1 ese d\u00eda.<\/p>\n","protected":false},"author":12,"featured_media":73598,"comment_status":"open","ping_status":"open","sticky":false,"template":"","format":"standard","meta":{"_acf_changed":false,"footnotes":""},"categories":[1611,1607,1603,1609],"tags":[4017,7265,7266,7267,7268,7269,7270,7271,7272,2166,7273,7274,7275,2909,7276,7277,7278,2223,7279,2133,1831,3750,7280,7281,2139,2925,7282,7283,3756,3757,7284,2929,2148,2193,7285,1916,1766,7286,2728,2154,7287,7288,7289,3125,7290,7291,1837],"class_list":["post-73601","post","type-post","status-publish","format-standard","has-post-thumbnail","hentry","category-europa","category-navegacion-y-puertos","category-personas-y-empresas","category-regiones","tag-a-p-moller-maersk","tag-amelioration-de-la-performance-financiere","tag-approche-de-leadership-dfds","tag-ceo-dfds","tag-challenges-in-shipping","tag-croissance-organique","tag-defis-dans-le-secteur-maritime","tag-deutsch-dfds","tag-developpement-des-employes","tag-durabilite-dans-la-logistique","tag-employee-development-francais-dfds","tag-finanzielle-leistung-steigern","tag-fuehrungsansatz-dfds","tag-hafenbetrieb","tag-hempel","tag-herausforderungen-in-der-schifffahrt","tag-improving-financial-performance","tag-industrie-maritime","tag-leadership-approach-dfds","tag-logistics-service-providers","tag-logistikdienstleister","tag-logistique-de-colis","tag-michael-hansen","tag-mitarbeiterentwicklung-english-dfds","tag-nachhaltigkeit-in-der-logistik","tag-operations-portuaires","tag-organic-growth","tag-organisches-wachstum","tag-paketlogistik","tag-parcel-logistics","tag-pdg-dfds","tag-port-operations","tag-prestataires-de-services-logistiques","tag-rail-freight-transport","tag-reseau-de-transport-europe","tag-schienengueterverkehr","tag-schifffahrt","tag-seago-line","tag-shipping-industry","tag-sustainability-in-logistics","tag-transformation-de-dfds","tag-transformation-of-dfds","tag-transformation-von-dfds","tag-transport-ferroviaire-de-marchandises","tag-transport-network-europe","tag-transportnetzwerk-europa","tag-transportwirtschaft"],"acf":[],"yoast_head":"<!-- This site is optimized with the Yoast SEO plugin v27.3 - https:\/\/yoast.com\/product\/yoast-seo-wordpress\/ -->\n<title>Michael Hansen ser\u00e1 el nuevo CEO de DFDS - ITJ | International Transport Journal<\/title>\n<meta name=\"robots\" content=\"index, follow, max-snippet:-1, max-image-preview:large, max-video-preview:-1\" \/>\n<link rel=\"canonical\" href=\"https:\/\/transportjournal.com\/es\/2026\/01\/20\/michael-hansen-sera-el-nuevo-ceo-de-dfds\/\" \/>\n<meta property=\"og:locale\" content=\"es_ES\" \/>\n<meta property=\"og:type\" content=\"article\" \/>\n<meta property=\"og:title\" content=\"Michael Hansen ser\u00e1 el nuevo CEO de DFDS - ITJ | International Transport Journal\" \/>\n<meta property=\"og:description\" content=\"Michael Hansen ser\u00e1 el nuevo presidente y CEO de DFDS a partir del 1 de julio de 2026, sucediendo a Torben Carlsen, quien renunciar\u00e1 ese d\u00eda.\" \/>\n<meta property=\"og:url\" content=\"https:\/\/transportjournal.com\/es\/2026\/01\/20\/michael-hansen-sera-el-nuevo-ceo-de-dfds\/\" \/>\n<meta property=\"og:site_name\" content=\"ITJ | International Transport Journal\" \/>\n<meta property=\"article:published_time\" content=\"2026-01-20T13:44:45+00:00\" \/>\n<meta property=\"og:image\" content=\"https:\/\/transportjournal.com\/wp-content\/uploads\/sites\/2\/2026\/01\/michael-hansen-aspect-ratio-1400-788.webp\" \/>\n\t<meta property=\"og:image:width\" content=\"514\" \/>\n\t<meta property=\"og:image:height\" content=\"289\" \/>\n\t<meta property=\"og:image:type\" content=\"image\/webp\" \/>\n<meta name=\"author\" content=\"Andreas Haug\" \/>\n<meta name=\"twitter:card\" content=\"summary_large_image\" \/>\n<meta name=\"twitter:label1\" content=\"Escrito por\" \/>\n\t<meta name=\"twitter:data1\" content=\"Andreas Haug\" \/>\n\t<meta name=\"twitter:label2\" content=\"Tiempo de lectura\" \/>\n\t<meta name=\"twitter:data2\" content=\"2 minuto\" \/>\n<script type=\"application\/ld+json\" class=\"yoast-schema-graph\">{\"@context\":\"https:\\\/\\\/schema.org\",\"@graph\":[{\"@type\":\"Article\",\"@id\":\"https:\\\/\\\/transportjournal.com\\\/es\\\/2026\\\/01\\\/20\\\/michael-hansen-sera-el-nuevo-ceo-de-dfds\\\/#article\",\"isPartOf\":{\"@id\":\"https:\\\/\\\/transportjournal.com\\\/es\\\/2026\\\/01\\\/20\\\/michael-hansen-sera-el-nuevo-ceo-de-dfds\\\/\"},\"author\":{\"name\":\"Andreas Haug\",\"@id\":\"https:\\\/\\\/transportjournal.com\\\/es\\\/#\\\/schema\\\/person\\\/cf538b3157f15afd7589245a4b3dbd25\"},\"headline\":\"Michael Hansen ser\u00e1 el nuevo CEO de DFDS\",\"datePublished\":\"2026-01-20T13:44:45+00:00\",\"mainEntityOfPage\":{\"@id\":\"https:\\\/\\\/transportjournal.com\\\/es\\\/2026\\\/01\\\/20\\\/michael-hansen-sera-el-nuevo-ceo-de-dfds\\\/\"},\"wordCount\":502,\"commentCount\":0,\"publisher\":{\"@id\":\"https:\\\/\\\/transportjournal.com\\\/es\\\/#organization\"},\"image\":{\"@id\":\"https:\\\/\\\/transportjournal.com\\\/es\\\/2026\\\/01\\\/20\\\/michael-hansen-sera-el-nuevo-ceo-de-dfds\\\/#primaryimage\"},\"thumbnailUrl\":\"https:\\\/\\\/transportjournal.com\\\/wp-content\\\/uploads\\\/sites\\\/2\\\/2026\\\/01\\\/michael-hansen-aspect-ratio-1400-788.webp\",\"keywords\":[\"A.P. Moller - Maersk\",\"am\u00e9lioration de la performance financi\u00e8re\",\"approche de leadership DFDS\",\"CEO DFDS\",\"challenges in shipping\",\"croissance organique\",\"d\u00e9fis dans le secteur maritime\",\"Deutsch DFDS\",\"d\u00e9veloppement des employ\u00e9s\",\"durabilit\u00e9 dans la logistique\",\"employee development Fran\u00e7ais DFDS\",\"Finanzielle Leistung steigern\",\"F\u00fchrungsansatz DFDS\",\"Hafenbetrieb\",\"Hempel\",\"Herausforderungen in der Schifffahrt\",\"improving financial performance\",\"industrie maritime\",\"leadership approach DFDS\",\"logistics service providers\",\"Logistikdienstleister\",\"logistique de colis\",\"Michael Hansen\",\"Mitarbeiterentwicklung English DFDS\",\"Nachhaltigkeit in der Logistik\",\"op\u00e9rations portuaires\",\"organic growth\",\"Organisches Wachstum\",\"Paketlogistik\",\"parcel logistics\",\"PDG DFDS\",\"port operations\",\"prestataires de services logistiques\",\"rail freight transport\",\"r\u00e9seau de transport Europe\",\"Schieneng\u00fcterverkehr\",\"Schifffahrt\",\"Seago Line\",\"shipping industry\",\"sustainability in logistics\",\"transformation de DFDS\",\"transformation of DFDS\",\"Transformation von DFDS\",\"transport ferroviaire de marchandises\",\"transport network Europe\",\"Transportnetzwerk Europa\",\"Transportwirtschaft\"],\"articleSection\":[\"Europa\",\"Navegaci\u00f3n y puertos\",\"Personas y empresas\",\"Regiones\"],\"inLanguage\":\"es\",\"potentialAction\":[{\"@type\":\"CommentAction\",\"name\":\"Comment\",\"target\":[\"https:\\\/\\\/transportjournal.com\\\/es\\\/2026\\\/01\\\/20\\\/michael-hansen-sera-el-nuevo-ceo-de-dfds\\\/#respond\"]}]},{\"@type\":\"WebPage\",\"@id\":\"https:\\\/\\\/transportjournal.com\\\/es\\\/2026\\\/01\\\/20\\\/michael-hansen-sera-el-nuevo-ceo-de-dfds\\\/\",\"url\":\"https:\\\/\\\/transportjournal.com\\\/es\\\/2026\\\/01\\\/20\\\/michael-hansen-sera-el-nuevo-ceo-de-dfds\\\/\",\"name\":\"Michael Hansen ser\u00e1 el nuevo CEO de DFDS - ITJ | International Transport Journal\",\"isPartOf\":{\"@id\":\"https:\\\/\\\/transportjournal.com\\\/es\\\/#website\"},\"primaryImageOfPage\":{\"@id\":\"https:\\\/\\\/transportjournal.com\\\/es\\\/2026\\\/01\\\/20\\\/michael-hansen-sera-el-nuevo-ceo-de-dfds\\\/#primaryimage\"},\"image\":{\"@id\":\"https:\\\/\\\/transportjournal.com\\\/es\\\/2026\\\/01\\\/20\\\/michael-hansen-sera-el-nuevo-ceo-de-dfds\\\/#primaryimage\"},\"thumbnailUrl\":\"https:\\\/\\\/transportjournal.com\\\/wp-content\\\/uploads\\\/sites\\\/2\\\/2026\\\/01\\\/michael-hansen-aspect-ratio-1400-788.webp\",\"datePublished\":\"2026-01-20T13:44:45+00:00\",\"breadcrumb\":{\"@id\":\"https:\\\/\\\/transportjournal.com\\\/es\\\/2026\\\/01\\\/20\\\/michael-hansen-sera-el-nuevo-ceo-de-dfds\\\/#breadcrumb\"},\"inLanguage\":\"es\",\"potentialAction\":[{\"@type\":\"ReadAction\",\"target\":[\"https:\\\/\\\/transportjournal.com\\\/es\\\/2026\\\/01\\\/20\\\/michael-hansen-sera-el-nuevo-ceo-de-dfds\\\/\"]}]},{\"@type\":\"ImageObject\",\"inLanguage\":\"es\",\"@id\":\"https:\\\/\\\/transportjournal.com\\\/es\\\/2026\\\/01\\\/20\\\/michael-hansen-sera-el-nuevo-ceo-de-dfds\\\/#primaryimage\",\"url\":\"https:\\\/\\\/transportjournal.com\\\/wp-content\\\/uploads\\\/sites\\\/2\\\/2026\\\/01\\\/michael-hansen-aspect-ratio-1400-788.webp\",\"contentUrl\":\"https:\\\/\\\/transportjournal.com\\\/wp-content\\\/uploads\\\/sites\\\/2\\\/2026\\\/01\\\/michael-hansen-aspect-ratio-1400-788.webp\",\"width\":514,\"height\":289},{\"@type\":\"BreadcrumbList\",\"@id\":\"https:\\\/\\\/transportjournal.com\\\/es\\\/2026\\\/01\\\/20\\\/michael-hansen-sera-el-nuevo-ceo-de-dfds\\\/#breadcrumb\",\"itemListElement\":[{\"@type\":\"ListItem\",\"position\":1,\"name\":\"Startseite\",\"item\":\"https:\\\/\\\/transportjournal.com\\\/es\\\/\"},{\"@type\":\"ListItem\",\"position\":2,\"name\":\"Michael Hansen ser\u00e1 el nuevo CEO de DFDS\"}]},{\"@type\":\"WebSite\",\"@id\":\"https:\\\/\\\/transportjournal.com\\\/es\\\/#website\",\"url\":\"https:\\\/\\\/transportjournal.com\\\/es\\\/\",\"name\":\"ITJ | International Transport Journal\",\"description\":\"Stay informed with the latest global news from the transport, logistics, and supply chain industries. Transport Journal delivers expert insights, analysis, and updates across shipping, aviation, intermodal, and forwarding.\",\"publisher\":{\"@id\":\"https:\\\/\\\/transportjournal.com\\\/es\\\/#organization\"},\"potentialAction\":[{\"@type\":\"SearchAction\",\"target\":{\"@type\":\"EntryPoint\",\"urlTemplate\":\"https:\\\/\\\/transportjournal.com\\\/es\\\/?s={search_term_string}\"},\"query-input\":{\"@type\":\"PropertyValueSpecification\",\"valueRequired\":true,\"valueName\":\"search_term_string\"}}],\"inLanguage\":\"es\"},{\"@type\":\"Organization\",\"@id\":\"https:\\\/\\\/transportjournal.com\\\/es\\\/#organization\",\"name\":\"Grupo Logismedia AG\",\"alternateName\":\"Logismedia Group AG\",\"url\":\"https:\\\/\\\/transportjournal.com\\\/es\\\/\",\"logo\":{\"@type\":\"ImageObject\",\"inLanguage\":\"es\",\"@id\":\"https:\\\/\\\/transportjournal.com\\\/es\\\/#\\\/schema\\\/logo\\\/image\\\/\",\"url\":\"https:\\\/\\\/transportjournal.com\\\/wp-content\\\/uploads\\\/sites\\\/2\\\/2025\\\/09\\\/Logo_ITJ.png\",\"contentUrl\":\"https:\\\/\\\/transportjournal.com\\\/wp-content\\\/uploads\\\/sites\\\/2\\\/2025\\\/09\\\/Logo_ITJ.png\",\"width\":799,\"height\":326,\"caption\":\"Grupo Logismedia AG\"},\"image\":{\"@id\":\"https:\\\/\\\/transportjournal.com\\\/es\\\/#\\\/schema\\\/logo\\\/image\\\/\"},\"sameAs\":[\"https:\\\/\\\/www.linkedin.com\\\/company\\\/56456496\\\/admin\\\/dashboard\\\/\",\"https:\\\/\\\/www.instagram.com\\\/logismediagroup\\\/\",\"https:\\\/\\\/www.youtube.com\\\/@LogiamediaGroupAG\"]},{\"@type\":\"Person\",\"@id\":\"https:\\\/\\\/transportjournal.com\\\/es\\\/#\\\/schema\\\/person\\\/cf538b3157f15afd7589245a4b3dbd25\",\"name\":\"Andreas Haug\",\"url\":\"https:\\\/\\\/transportjournal.com\\\/es\\\/author\\\/andreas\\\/\"}]}<\/script>\n<!-- \/ Yoast SEO plugin. -->","yoast_head_json":{"title":"Michael Hansen ser\u00e1 el nuevo CEO de DFDS - ITJ | International Transport Journal","robots":{"index":"index","follow":"follow","max-snippet":"max-snippet:-1","max-image-preview":"max-image-preview:large","max-video-preview":"max-video-preview:-1"},"canonical":"https:\/\/transportjournal.com\/es\/2026\/01\/20\/michael-hansen-sera-el-nuevo-ceo-de-dfds\/","og_locale":"es_ES","og_type":"article","og_title":"Michael Hansen ser\u00e1 el nuevo CEO de DFDS - ITJ | International Transport Journal","og_description":"Michael Hansen ser\u00e1 el nuevo presidente y CEO de DFDS a partir del 1 de julio de 2026, sucediendo a Torben Carlsen, quien renunciar\u00e1 ese d\u00eda.","og_url":"https:\/\/transportjournal.com\/es\/2026\/01\/20\/michael-hansen-sera-el-nuevo-ceo-de-dfds\/","og_site_name":"ITJ | International Transport Journal","article_published_time":"2026-01-20T13:44:45+00:00","og_image":[{"width":514,"height":289,"url":"https:\/\/transportjournal.com\/wp-content\/uploads\/sites\/2\/2026\/01\/michael-hansen-aspect-ratio-1400-788.webp","type":"image\/webp"}],"author":"Andreas Haug","twitter_card":"summary_large_image","twitter_misc":{"Escrito por":"Andreas Haug","Tiempo de lectura":"2 minuto"},"schema":{"@context":"https:\/\/schema.org","@graph":[{"@type":"Article","@id":"https:\/\/transportjournal.com\/es\/2026\/01\/20\/michael-hansen-sera-el-nuevo-ceo-de-dfds\/#article","isPartOf":{"@id":"https:\/\/transportjournal.com\/es\/2026\/01\/20\/michael-hansen-sera-el-nuevo-ceo-de-dfds\/"},"author":{"name":"Andreas Haug","@id":"https:\/\/transportjournal.com\/es\/#\/schema\/person\/cf538b3157f15afd7589245a4b3dbd25"},"headline":"Michael Hansen ser\u00e1 el nuevo CEO de DFDS","datePublished":"2026-01-20T13:44:45+00:00","mainEntityOfPage":{"@id":"https:\/\/transportjournal.com\/es\/2026\/01\/20\/michael-hansen-sera-el-nuevo-ceo-de-dfds\/"},"wordCount":502,"commentCount":0,"publisher":{"@id":"https:\/\/transportjournal.com\/es\/#organization"},"image":{"@id":"https:\/\/transportjournal.com\/es\/2026\/01\/20\/michael-hansen-sera-el-nuevo-ceo-de-dfds\/#primaryimage"},"thumbnailUrl":"https:\/\/transportjournal.com\/wp-content\/uploads\/sites\/2\/2026\/01\/michael-hansen-aspect-ratio-1400-788.webp","keywords":["A.P. Moller - Maersk","am\u00e9lioration de la performance financi\u00e8re","approche de leadership DFDS","CEO DFDS","challenges in shipping","croissance organique","d\u00e9fis dans le secteur maritime","Deutsch DFDS","d\u00e9veloppement des employ\u00e9s","durabilit\u00e9 dans la logistique","employee development Fran\u00e7ais DFDS","Finanzielle Leistung steigern","F\u00fchrungsansatz DFDS","Hafenbetrieb","Hempel","Herausforderungen in der Schifffahrt","improving financial performance","industrie maritime","leadership approach DFDS","logistics service providers","Logistikdienstleister","logistique de colis","Michael Hansen","Mitarbeiterentwicklung English DFDS","Nachhaltigkeit in der Logistik","op\u00e9rations portuaires","organic growth","Organisches Wachstum","Paketlogistik","parcel logistics","PDG DFDS","port operations","prestataires de services logistiques","rail freight transport","r\u00e9seau de transport Europe","Schieneng\u00fcterverkehr","Schifffahrt","Seago Line","shipping industry","sustainability in logistics","transformation de DFDS","transformation of DFDS","Transformation von DFDS","transport ferroviaire de marchandises","transport network Europe","Transportnetzwerk Europa","Transportwirtschaft"],"articleSection":["Europa","Navegaci\u00f3n y puertos","Personas y empresas","Regiones"],"inLanguage":"es","potentialAction":[{"@type":"CommentAction","name":"Comment","target":["https:\/\/transportjournal.com\/es\/2026\/01\/20\/michael-hansen-sera-el-nuevo-ceo-de-dfds\/#respond"]}]},{"@type":"WebPage","@id":"https:\/\/transportjournal.com\/es\/2026\/01\/20\/michael-hansen-sera-el-nuevo-ceo-de-dfds\/","url":"https:\/\/transportjournal.com\/es\/2026\/01\/20\/michael-hansen-sera-el-nuevo-ceo-de-dfds\/","name":"Michael Hansen ser\u00e1 el nuevo CEO de DFDS - ITJ | International Transport Journal","isPartOf":{"@id":"https:\/\/transportjournal.com\/es\/#website"},"primaryImageOfPage":{"@id":"https:\/\/transportjournal.com\/es\/2026\/01\/20\/michael-hansen-sera-el-nuevo-ceo-de-dfds\/#primaryimage"},"image":{"@id":"https:\/\/transportjournal.com\/es\/2026\/01\/20\/michael-hansen-sera-el-nuevo-ceo-de-dfds\/#primaryimage"},"thumbnailUrl":"https:\/\/transportjournal.com\/wp-content\/uploads\/sites\/2\/2026\/01\/michael-hansen-aspect-ratio-1400-788.webp","datePublished":"2026-01-20T13:44:45+00:00","breadcrumb":{"@id":"https:\/\/transportjournal.com\/es\/2026\/01\/20\/michael-hansen-sera-el-nuevo-ceo-de-dfds\/#breadcrumb"},"inLanguage":"es","potentialAction":[{"@type":"ReadAction","target":["https:\/\/transportjournal.com\/es\/2026\/01\/20\/michael-hansen-sera-el-nuevo-ceo-de-dfds\/"]}]},{"@type":"ImageObject","inLanguage":"es","@id":"https:\/\/transportjournal.com\/es\/2026\/01\/20\/michael-hansen-sera-el-nuevo-ceo-de-dfds\/#primaryimage","url":"https:\/\/transportjournal.com\/wp-content\/uploads\/sites\/2\/2026\/01\/michael-hansen-aspect-ratio-1400-788.webp","contentUrl":"https:\/\/transportjournal.com\/wp-content\/uploads\/sites\/2\/2026\/01\/michael-hansen-aspect-ratio-1400-788.webp","width":514,"height":289},{"@type":"BreadcrumbList","@id":"https:\/\/transportjournal.com\/es\/2026\/01\/20\/michael-hansen-sera-el-nuevo-ceo-de-dfds\/#breadcrumb","itemListElement":[{"@type":"ListItem","position":1,"name":"Startseite","item":"https:\/\/transportjournal.com\/es\/"},{"@type":"ListItem","position":2,"name":"Michael Hansen ser\u00e1 el nuevo CEO de DFDS"}]},{"@type":"WebSite","@id":"https:\/\/transportjournal.com\/es\/#website","url":"https:\/\/transportjournal.com\/es\/","name":"ITJ | International Transport Journal","description":"Stay informed with the latest global news from the transport, logistics, and supply chain industries. Transport Journal delivers expert insights, analysis, and updates across shipping, aviation, intermodal, and forwarding.","publisher":{"@id":"https:\/\/transportjournal.com\/es\/#organization"},"potentialAction":[{"@type":"SearchAction","target":{"@type":"EntryPoint","urlTemplate":"https:\/\/transportjournal.com\/es\/?s={search_term_string}"},"query-input":{"@type":"PropertyValueSpecification","valueRequired":true,"valueName":"search_term_string"}}],"inLanguage":"es"},{"@type":"Organization","@id":"https:\/\/transportjournal.com\/es\/#organization","name":"Grupo Logismedia AG","alternateName":"Logismedia Group AG","url":"https:\/\/transportjournal.com\/es\/","logo":{"@type":"ImageObject","inLanguage":"es","@id":"https:\/\/transportjournal.com\/es\/#\/schema\/logo\/image\/","url":"https:\/\/transportjournal.com\/wp-content\/uploads\/sites\/2\/2025\/09\/Logo_ITJ.png","contentUrl":"https:\/\/transportjournal.com\/wp-content\/uploads\/sites\/2\/2025\/09\/Logo_ITJ.png","width":799,"height":326,"caption":"Grupo Logismedia AG"},"image":{"@id":"https:\/\/transportjournal.com\/es\/#\/schema\/logo\/image\/"},"sameAs":["https:\/\/www.linkedin.com\/company\/56456496\/admin\/dashboard\/","https:\/\/www.instagram.com\/logismediagroup\/","https:\/\/www.youtube.com\/@LogiamediaGroupAG"]},{"@type":"Person","@id":"https:\/\/transportjournal.com\/es\/#\/schema\/person\/cf538b3157f15afd7589245a4b3dbd25","name":"Andreas Haug","url":"https:\/\/transportjournal.com\/es\/author\/andreas\/"}]}},"_links":{"self":[{"href":"https:\/\/transportjournal.com\/es\/wp-json\/wp\/v2\/posts\/73601","targetHints":{"allow":["GET"]}}],"collection":[{"href":"https:\/\/transportjournal.com\/es\/wp-json\/wp\/v2\/posts"}],"about":[{"href":"https:\/\/transportjournal.com\/es\/wp-json\/wp\/v2\/types\/post"}],"author":[{"embeddable":true,"href":"https:\/\/transportjournal.com\/es\/wp-json\/wp\/v2\/users\/12"}],"replies":[{"embeddable":true,"href":"https:\/\/transportjournal.com\/es\/wp-json\/wp\/v2\/comments?post=73601"}],"version-history":[{"count":0,"href":"https:\/\/transportjournal.com\/es\/wp-json\/wp\/v2\/posts\/73601\/revisions"}],"wp:featuredmedia":[{"embeddable":true,"href":"https:\/\/transportjournal.com\/es\/wp-json\/wp\/v2\/media\/73598"}],"wp:attachment":[{"href":"https:\/\/transportjournal.com\/es\/wp-json\/wp\/v2\/media?parent=73601"}],"wp:term":[{"taxonomy":"category","embeddable":true,"href":"https:\/\/transportjournal.com\/es\/wp-json\/wp\/v2\/categories?post=73601"},{"taxonomy":"post_tag","embeddable":true,"href":"https:\/\/transportjournal.com\/es\/wp-json\/wp\/v2\/tags?post=73601"}],"curies":[{"name":"wp","href":"https:\/\/api.w.org\/{rel}","templated":true}]}}