{"id":73545,"date":"2026-01-20T11:18:06","date_gmt":"2026-01-20T11:18:06","guid":{"rendered":"https:\/\/transportjournal.com\/2026\/01\/20\/ad-ports-group-adquiere-astillero-balenciaga\/"},"modified":"2026-01-20T11:18:06","modified_gmt":"2026-01-20T11:18:06","slug":"ad-ports-group-adquiere-astillero-balenciaga","status":"publish","type":"post","link":"https:\/\/transportjournal.com\/es\/2026\/01\/20\/ad-ports-group-adquiere-astillero-balenciaga\/","title":{"rendered":"AD Ports Group adquiere astillero Balenciaga"},"content":{"rendered":"<p>AD Ports Group ha ampliado sus actividades en Espa\u00f1a mediante la adquisici\u00f3n del astillero Balenciaga Astilleros. La filial SAFEEN Drydocks, que forma parte de Noatum Maritime, adquiri\u00f3 el 100% de las acciones del astillero por un total de 11,2 millones de EUR. Esta transacci\u00f3n tiene como objetivo fortalecer la presencia de AD Ports Group en Espa\u00f1a y en la regi\u00f3n del Mediterr\u00e1neo, y complementa las actividades en el \u00e1mbito de la energ\u00eda e\u00f3lica marina, seg\u00fan informa la empresa.<\/p>\n<p>El astillero Balenciaga, que operar\u00e1 bajo el nombre de Balenciaga Shipyard, se encuentra en la regi\u00f3n del Pa\u00eds Vasco y cuenta con casi un siglo de experiencia en la construcci\u00f3n naval. El astillero dispone, entre otras instalaciones, de dos diques, una rampa de 105 metros de longitud y una planta de producci\u00f3n con tecnolog\u00edas de automatizaci\u00f3n y fabricaci\u00f3n en una superficie de 22,385 m\u00b2. Adem\u00e1s, cuenta con una instalaci\u00f3n de corte y fabricaci\u00f3n de 3,530 m\u00b2.<\/p>\n<p>El astillero se ha especializado en la prefabricaci\u00f3n de grandes m\u00f3dulos para proyectos offshore y en la construcci\u00f3n de barcos complejos. Seg\u00fan AD Ports, es especialmente notable que se encuentra entre los pocos astilleros en Espa\u00f1a que se centran en la construcci\u00f3n de Service Operation Vessels (SOVs). Estos barcos sirven como bases flotantes para parques e\u00f3licos marinos y tambi\u00e9n se utilizan para fines de investigaci\u00f3n y apoyo, as\u00ed como para remolcadores especializados.<\/p>\n<p><a href=\"https:\/\/www.adportsgroup.com\/en\" target=\"_blank\" rel=\"noopener noreferrer\">www.adportsgroup.com<\/a><\/p>\n","protected":false},"excerpt":{"rendered":"<p>AD Ports Group ha adquirido el astillero Balenciaga en Espa\u00f1a para fortalecer sus actividades en el sector de la energ\u00eda e\u00f3lica marina y las energ\u00edas renovables.<\/p>\n","protected":false},"author":10,"featured_media":73542,"comment_status":"open","ping_status":"open","sticky":false,"template":"","format":"standard","meta":{"_acf_changed":false,"footnotes":""},"categories":[1611,1607],"tags":[6968,6969,6970,6971,6972,6973,6974,6975,6976,6977,6978,6979,6980,6981,6982,2652,6983,2122,6984,6985,2373,6986,6987,6988,6989,6990,6991,1809,6389,6992,6993,6994,6995,6996,6997,2145,6998,6999,7000,7001,7002,7003,7004,7005,7006,7007,7008,7009,7010,7011,5078,7012,7013,7014,7015,7016],"class_list":["post-73545","post","type-post","status-publish","format-standard","has-post-thumbnail","hentry","category-europa","category-navegacion-y-puertos","tag-acquisition-chantier-naval","tag-activites-ad-ports","tag-ad-ports-activities-francais-ad-ports-group","tag-ad-ports-aktivitaeten-english-ad-ports-group","tag-automatisation-construction-navale","tag-automatisierung-schiffbau","tag-balenciaga-harbor-operations","tag-balenciaga-shipyard","tag-balenciaga-werft","tag-baskische-werft","tag-basque-shipyard","tag-chantier-basque","tag-chantier-naval-balenciaga","tag-construction-navale-espagne","tag-construction-sov","tag-deutsch-ad-ports-group","tag-energie-eolienne-offshore","tag-fachkraeftemangel-logistik","tag-hafenbetrieb-balenciaga","tag-infrastructure-eolienne","tag-labor-shortage-logistics","tag-logistics-service-providers-spain","tag-logistikdienstleister-spanien","tag-maritime-technologien","tag-maritime-technologies","tag-mediterranean-transport","tag-mittelmeerraum-transport","tag-nachhaltige-schifffahrt","tag-navigation-durable","tag-noatum-maritime","tag-offshore-projects-spain","tag-offshore-wind-energy","tag-offshore-projekte-spanien","tag-offshore-windenergie","tag-operations-portuaires-balenciaga","tag-penurie-de-main-doeuvre-logistique","tag-prefabrication-de-modules-navals","tag-prestataires-logistiques-espagne","tag-production-navale","tag-projets-offshore-espagne","tag-schiffbau-spanien","tag-schiffsmodul-vorfertigung","tag-schiffsproduktion","tag-ship-automation","tag-ship-module-prefabrication","tag-ship-production","tag-shipbuilding-spain","tag-shipyard-acquisition","tag-sov-construction","tag-sov-konstruktion","tag-sustainable-shipping","tag-technologies-maritimes","tag-transport-mediterranee","tag-werftuebernahme","tag-wind-power-infrastructure","tag-windkraft-infrastruktur"],"acf":[],"yoast_head":"<!-- This site is optimized with the Yoast SEO plugin v27.3 - https:\/\/yoast.com\/product\/yoast-seo-wordpress\/ -->\n<title>AD Ports Group adquiere astillero Balenciaga - ITJ | International Transport Journal<\/title>\n<meta name=\"robots\" content=\"index, follow, max-snippet:-1, max-image-preview:large, max-video-preview:-1\" \/>\n<link rel=\"canonical\" href=\"https:\/\/transportjournal.com\/es\/2026\/01\/20\/ad-ports-group-adquiere-astillero-balenciaga\/\" \/>\n<meta property=\"og:locale\" content=\"es_ES\" \/>\n<meta property=\"og:type\" content=\"article\" \/>\n<meta property=\"og:title\" content=\"AD Ports Group adquiere astillero Balenciaga - ITJ | International Transport Journal\" \/>\n<meta property=\"og:description\" content=\"AD Ports Group ha adquirido el astillero Balenciaga en Espa\u00f1a para fortalecer sus actividades en el sector de la energ\u00eda e\u00f3lica marina y las energ\u00edas renovables.\" \/>\n<meta property=\"og:url\" content=\"https:\/\/transportjournal.com\/es\/2026\/01\/20\/ad-ports-group-adquiere-astillero-balenciaga\/\" \/>\n<meta property=\"og:site_name\" content=\"ITJ | International Transport Journal\" \/>\n<meta property=\"article:published_time\" content=\"2026-01-20T11:18:06+00:00\" \/>\n<meta property=\"og:image\" content=\"https:\/\/transportjournal.com\/wp-content\/uploads\/sites\/2\/2026\/01\/BALENCIAGA-image.jpg\" \/>\n\t<meta property=\"og:image:width\" content=\"1366\" \/>\n\t<meta property=\"og:image:height\" content=\"768\" \/>\n\t<meta property=\"og:image:type\" content=\"image\/jpeg\" \/>\n<meta name=\"author\" content=\"Jeremy Soland\" \/>\n<meta name=\"twitter:card\" content=\"summary_large_image\" \/>\n<meta name=\"twitter:label1\" content=\"Escrito por\" \/>\n\t<meta name=\"twitter:data1\" content=\"Jeremy Soland\" \/>\n\t<meta name=\"twitter:label2\" content=\"Tiempo de lectura\" \/>\n\t<meta name=\"twitter:data2\" content=\"1 minuto\" \/>\n<script type=\"application\/ld+json\" class=\"yoast-schema-graph\">{\"@context\":\"https:\\\/\\\/schema.org\",\"@graph\":[{\"@type\":\"Article\",\"@id\":\"https:\\\/\\\/transportjournal.com\\\/es\\\/2026\\\/01\\\/20\\\/ad-ports-group-adquiere-astillero-balenciaga\\\/#article\",\"isPartOf\":{\"@id\":\"https:\\\/\\\/transportjournal.com\\\/es\\\/2026\\\/01\\\/20\\\/ad-ports-group-adquiere-astillero-balenciaga\\\/\"},\"author\":{\"name\":\"Jeremy Soland\",\"@id\":\"https:\\\/\\\/transportjournal.com\\\/es\\\/#\\\/schema\\\/person\\\/41d36b5474b623392fa613e97e2363fa\"},\"headline\":\"AD Ports Group adquiere astillero Balenciaga\",\"datePublished\":\"2026-01-20T11:18:06+00:00\",\"mainEntityOfPage\":{\"@id\":\"https:\\\/\\\/transportjournal.com\\\/es\\\/2026\\\/01\\\/20\\\/ad-ports-group-adquiere-astillero-balenciaga\\\/\"},\"wordCount\":258,\"commentCount\":0,\"publisher\":{\"@id\":\"https:\\\/\\\/transportjournal.com\\\/es\\\/#organization\"},\"image\":{\"@id\":\"https:\\\/\\\/transportjournal.com\\\/es\\\/2026\\\/01\\\/20\\\/ad-ports-group-adquiere-astillero-balenciaga\\\/#primaryimage\"},\"thumbnailUrl\":\"https:\\\/\\\/transportjournal.com\\\/wp-content\\\/uploads\\\/sites\\\/2\\\/2026\\\/01\\\/BALENCIAGA-image.jpg\",\"keywords\":[\"acquisition chantier naval\",\"activit\u00e9s AD Ports\",\"AD Ports activities Fran\u00e7ais AD Ports Group\",\"AD Ports Aktivit\u00e4ten English AD Ports Group\",\"automatisation construction navale\",\"Automatisierung Schiffbau\",\"Balenciaga harbor operations\",\"Balenciaga Shipyard\",\"Balenciaga Werft\",\"baskische Werft\",\"Basque shipyard\",\"chantier basque\",\"chantier naval Balenciaga\",\"construction navale Espagne\",\"construction SOV\",\"Deutsch AD Ports Group\",\"\u00e9nergie \u00e9olienne offshore\",\"Fachkr\u00e4ftemangel Logistik\",\"Hafenbetrieb Balenciaga\",\"infrastructure \u00e9olienne\",\"labor shortage logistics\",\"logistics service providers Spain\",\"Logistikdienstleister Spanien\",\"maritime Technologien\",\"maritime technologies\",\"Mediterranean transport\",\"Mittelmeerraum Transport\",\"nachhaltige Schifffahrt\",\"navigation durable\",\"Noatum Maritime\",\"offshore projects Spain\",\"offshore wind energy\",\"Offshore-Projekte Spanien\",\"Offshore-Windenergie\",\"op\u00e9rations portuaires Balenciaga\",\"p\u00e9nurie de main-d'\u0153uvre logistique\",\"pr\u00e9fabrication de modules navals\",\"prestataires logistiques Espagne\",\"production navale\",\"projets offshore Espagne\",\"Schiffbau Spanien\",\"Schiffsmodul Vorfertigung\",\"Schiffsproduktion\",\"ship automation\",\"ship module prefabrication\",\"ship production\",\"shipbuilding Spain\",\"shipyard acquisition\",\"SOV construction\",\"SOV Konstruktion\",\"sustainable shipping\",\"technologies maritimes\",\"transport M\u00e9diterran\u00e9e\",\"Werft\u00fcbernahme\",\"wind power infrastructure\",\"Windkraft Infrastruktur\"],\"articleSection\":[\"Europa\",\"Navegaci\u00f3n y puertos\"],\"inLanguage\":\"es\",\"potentialAction\":[{\"@type\":\"CommentAction\",\"name\":\"Comment\",\"target\":[\"https:\\\/\\\/transportjournal.com\\\/es\\\/2026\\\/01\\\/20\\\/ad-ports-group-adquiere-astillero-balenciaga\\\/#respond\"]}]},{\"@type\":\"WebPage\",\"@id\":\"https:\\\/\\\/transportjournal.com\\\/es\\\/2026\\\/01\\\/20\\\/ad-ports-group-adquiere-astillero-balenciaga\\\/\",\"url\":\"https:\\\/\\\/transportjournal.com\\\/es\\\/2026\\\/01\\\/20\\\/ad-ports-group-adquiere-astillero-balenciaga\\\/\",\"name\":\"AD Ports Group adquiere astillero Balenciaga - ITJ | International Transport Journal\",\"isPartOf\":{\"@id\":\"https:\\\/\\\/transportjournal.com\\\/es\\\/#website\"},\"primaryImageOfPage\":{\"@id\":\"https:\\\/\\\/transportjournal.com\\\/es\\\/2026\\\/01\\\/20\\\/ad-ports-group-adquiere-astillero-balenciaga\\\/#primaryimage\"},\"image\":{\"@id\":\"https:\\\/\\\/transportjournal.com\\\/es\\\/2026\\\/01\\\/20\\\/ad-ports-group-adquiere-astillero-balenciaga\\\/#primaryimage\"},\"thumbnailUrl\":\"https:\\\/\\\/transportjournal.com\\\/wp-content\\\/uploads\\\/sites\\\/2\\\/2026\\\/01\\\/BALENCIAGA-image.jpg\",\"datePublished\":\"2026-01-20T11:18:06+00:00\",\"breadcrumb\":{\"@id\":\"https:\\\/\\\/transportjournal.com\\\/es\\\/2026\\\/01\\\/20\\\/ad-ports-group-adquiere-astillero-balenciaga\\\/#breadcrumb\"},\"inLanguage\":\"es\",\"potentialAction\":[{\"@type\":\"ReadAction\",\"target\":[\"https:\\\/\\\/transportjournal.com\\\/es\\\/2026\\\/01\\\/20\\\/ad-ports-group-adquiere-astillero-balenciaga\\\/\"]}]},{\"@type\":\"ImageObject\",\"inLanguage\":\"es\",\"@id\":\"https:\\\/\\\/transportjournal.com\\\/es\\\/2026\\\/01\\\/20\\\/ad-ports-group-adquiere-astillero-balenciaga\\\/#primaryimage\",\"url\":\"https:\\\/\\\/transportjournal.com\\\/wp-content\\\/uploads\\\/sites\\\/2\\\/2026\\\/01\\\/BALENCIAGA-image.jpg\",\"contentUrl\":\"https:\\\/\\\/transportjournal.com\\\/wp-content\\\/uploads\\\/sites\\\/2\\\/2026\\\/01\\\/BALENCIAGA-image.jpg\",\"width\":1366,\"height\":768},{\"@type\":\"BreadcrumbList\",\"@id\":\"https:\\\/\\\/transportjournal.com\\\/es\\\/2026\\\/01\\\/20\\\/ad-ports-group-adquiere-astillero-balenciaga\\\/#breadcrumb\",\"itemListElement\":[{\"@type\":\"ListItem\",\"position\":1,\"name\":\"Startseite\",\"item\":\"https:\\\/\\\/transportjournal.com\\\/es\\\/\"},{\"@type\":\"ListItem\",\"position\":2,\"name\":\"AD Ports Group adquiere astillero Balenciaga\"}]},{\"@type\":\"WebSite\",\"@id\":\"https:\\\/\\\/transportjournal.com\\\/es\\\/#website\",\"url\":\"https:\\\/\\\/transportjournal.com\\\/es\\\/\",\"name\":\"ITJ | International Transport Journal\",\"description\":\"Stay informed with the latest global news from the transport, logistics, and supply chain industries. Transport Journal delivers expert insights, analysis, and updates across shipping, aviation, intermodal, and forwarding.\",\"publisher\":{\"@id\":\"https:\\\/\\\/transportjournal.com\\\/es\\\/#organization\"},\"potentialAction\":[{\"@type\":\"SearchAction\",\"target\":{\"@type\":\"EntryPoint\",\"urlTemplate\":\"https:\\\/\\\/transportjournal.com\\\/es\\\/?s={search_term_string}\"},\"query-input\":{\"@type\":\"PropertyValueSpecification\",\"valueRequired\":true,\"valueName\":\"search_term_string\"}}],\"inLanguage\":\"es\"},{\"@type\":\"Organization\",\"@id\":\"https:\\\/\\\/transportjournal.com\\\/es\\\/#organization\",\"name\":\"Grupo Logismedia AG\",\"alternateName\":\"Logismedia Group AG\",\"url\":\"https:\\\/\\\/transportjournal.com\\\/es\\\/\",\"logo\":{\"@type\":\"ImageObject\",\"inLanguage\":\"es\",\"@id\":\"https:\\\/\\\/transportjournal.com\\\/es\\\/#\\\/schema\\\/logo\\\/image\\\/\",\"url\":\"https:\\\/\\\/transportjournal.com\\\/wp-content\\\/uploads\\\/sites\\\/2\\\/2025\\\/09\\\/Logo_ITJ.png\",\"contentUrl\":\"https:\\\/\\\/transportjournal.com\\\/wp-content\\\/uploads\\\/sites\\\/2\\\/2025\\\/09\\\/Logo_ITJ.png\",\"width\":799,\"height\":326,\"caption\":\"Grupo Logismedia AG\"},\"image\":{\"@id\":\"https:\\\/\\\/transportjournal.com\\\/es\\\/#\\\/schema\\\/logo\\\/image\\\/\"},\"sameAs\":[\"https:\\\/\\\/www.linkedin.com\\\/company\\\/56456496\\\/admin\\\/dashboard\\\/\",\"https:\\\/\\\/www.instagram.com\\\/logismediagroup\\\/\",\"https:\\\/\\\/www.youtube.com\\\/@LogiamediaGroupAG\"]},{\"@type\":\"Person\",\"@id\":\"https:\\\/\\\/transportjournal.com\\\/es\\\/#\\\/schema\\\/person\\\/41d36b5474b623392fa613e97e2363fa\",\"name\":\"Jeremy Soland\",\"url\":\"https:\\\/\\\/transportjournal.com\\\/es\\\/author\\\/jeremy\\\/\"}]}<\/script>\n<!-- \/ Yoast SEO plugin. -->","yoast_head_json":{"title":"AD Ports Group adquiere astillero Balenciaga - ITJ | International Transport Journal","robots":{"index":"index","follow":"follow","max-snippet":"max-snippet:-1","max-image-preview":"max-image-preview:large","max-video-preview":"max-video-preview:-1"},"canonical":"https:\/\/transportjournal.com\/es\/2026\/01\/20\/ad-ports-group-adquiere-astillero-balenciaga\/","og_locale":"es_ES","og_type":"article","og_title":"AD Ports Group adquiere astillero Balenciaga - ITJ | International Transport Journal","og_description":"AD Ports Group ha adquirido el astillero Balenciaga en Espa\u00f1a para fortalecer sus actividades en el sector de la energ\u00eda e\u00f3lica marina y las energ\u00edas renovables.","og_url":"https:\/\/transportjournal.com\/es\/2026\/01\/20\/ad-ports-group-adquiere-astillero-balenciaga\/","og_site_name":"ITJ | International Transport Journal","article_published_time":"2026-01-20T11:18:06+00:00","og_image":[{"width":1366,"height":768,"url":"https:\/\/transportjournal.com\/wp-content\/uploads\/sites\/2\/2026\/01\/BALENCIAGA-image.jpg","type":"image\/jpeg"}],"author":"Jeremy Soland","twitter_card":"summary_large_image","twitter_misc":{"Escrito por":"Jeremy Soland","Tiempo de lectura":"1 minuto"},"schema":{"@context":"https:\/\/schema.org","@graph":[{"@type":"Article","@id":"https:\/\/transportjournal.com\/es\/2026\/01\/20\/ad-ports-group-adquiere-astillero-balenciaga\/#article","isPartOf":{"@id":"https:\/\/transportjournal.com\/es\/2026\/01\/20\/ad-ports-group-adquiere-astillero-balenciaga\/"},"author":{"name":"Jeremy Soland","@id":"https:\/\/transportjournal.com\/es\/#\/schema\/person\/41d36b5474b623392fa613e97e2363fa"},"headline":"AD Ports Group adquiere astillero Balenciaga","datePublished":"2026-01-20T11:18:06+00:00","mainEntityOfPage":{"@id":"https:\/\/transportjournal.com\/es\/2026\/01\/20\/ad-ports-group-adquiere-astillero-balenciaga\/"},"wordCount":258,"commentCount":0,"publisher":{"@id":"https:\/\/transportjournal.com\/es\/#organization"},"image":{"@id":"https:\/\/transportjournal.com\/es\/2026\/01\/20\/ad-ports-group-adquiere-astillero-balenciaga\/#primaryimage"},"thumbnailUrl":"https:\/\/transportjournal.com\/wp-content\/uploads\/sites\/2\/2026\/01\/BALENCIAGA-image.jpg","keywords":["acquisition chantier naval","activit\u00e9s AD Ports","AD Ports activities Fran\u00e7ais AD Ports Group","AD Ports Aktivit\u00e4ten English AD Ports Group","automatisation construction navale","Automatisierung Schiffbau","Balenciaga harbor operations","Balenciaga Shipyard","Balenciaga Werft","baskische Werft","Basque shipyard","chantier basque","chantier naval Balenciaga","construction navale Espagne","construction SOV","Deutsch AD Ports Group","\u00e9nergie \u00e9olienne offshore","Fachkr\u00e4ftemangel Logistik","Hafenbetrieb Balenciaga","infrastructure \u00e9olienne","labor shortage logistics","logistics service providers Spain","Logistikdienstleister Spanien","maritime Technologien","maritime technologies","Mediterranean transport","Mittelmeerraum Transport","nachhaltige Schifffahrt","navigation durable","Noatum Maritime","offshore projects Spain","offshore wind energy","Offshore-Projekte Spanien","Offshore-Windenergie","op\u00e9rations portuaires Balenciaga","p\u00e9nurie de main-d'\u0153uvre logistique","pr\u00e9fabrication de modules navals","prestataires logistiques Espagne","production navale","projets offshore Espagne","Schiffbau Spanien","Schiffsmodul Vorfertigung","Schiffsproduktion","ship automation","ship module prefabrication","ship production","shipbuilding Spain","shipyard acquisition","SOV construction","SOV Konstruktion","sustainable shipping","technologies maritimes","transport M\u00e9diterran\u00e9e","Werft\u00fcbernahme","wind power infrastructure","Windkraft Infrastruktur"],"articleSection":["Europa","Navegaci\u00f3n y puertos"],"inLanguage":"es","potentialAction":[{"@type":"CommentAction","name":"Comment","target":["https:\/\/transportjournal.com\/es\/2026\/01\/20\/ad-ports-group-adquiere-astillero-balenciaga\/#respond"]}]},{"@type":"WebPage","@id":"https:\/\/transportjournal.com\/es\/2026\/01\/20\/ad-ports-group-adquiere-astillero-balenciaga\/","url":"https:\/\/transportjournal.com\/es\/2026\/01\/20\/ad-ports-group-adquiere-astillero-balenciaga\/","name":"AD Ports Group adquiere astillero Balenciaga - ITJ | International Transport Journal","isPartOf":{"@id":"https:\/\/transportjournal.com\/es\/#website"},"primaryImageOfPage":{"@id":"https:\/\/transportjournal.com\/es\/2026\/01\/20\/ad-ports-group-adquiere-astillero-balenciaga\/#primaryimage"},"image":{"@id":"https:\/\/transportjournal.com\/es\/2026\/01\/20\/ad-ports-group-adquiere-astillero-balenciaga\/#primaryimage"},"thumbnailUrl":"https:\/\/transportjournal.com\/wp-content\/uploads\/sites\/2\/2026\/01\/BALENCIAGA-image.jpg","datePublished":"2026-01-20T11:18:06+00:00","breadcrumb":{"@id":"https:\/\/transportjournal.com\/es\/2026\/01\/20\/ad-ports-group-adquiere-astillero-balenciaga\/#breadcrumb"},"inLanguage":"es","potentialAction":[{"@type":"ReadAction","target":["https:\/\/transportjournal.com\/es\/2026\/01\/20\/ad-ports-group-adquiere-astillero-balenciaga\/"]}]},{"@type":"ImageObject","inLanguage":"es","@id":"https:\/\/transportjournal.com\/es\/2026\/01\/20\/ad-ports-group-adquiere-astillero-balenciaga\/#primaryimage","url":"https:\/\/transportjournal.com\/wp-content\/uploads\/sites\/2\/2026\/01\/BALENCIAGA-image.jpg","contentUrl":"https:\/\/transportjournal.com\/wp-content\/uploads\/sites\/2\/2026\/01\/BALENCIAGA-image.jpg","width":1366,"height":768},{"@type":"BreadcrumbList","@id":"https:\/\/transportjournal.com\/es\/2026\/01\/20\/ad-ports-group-adquiere-astillero-balenciaga\/#breadcrumb","itemListElement":[{"@type":"ListItem","position":1,"name":"Startseite","item":"https:\/\/transportjournal.com\/es\/"},{"@type":"ListItem","position":2,"name":"AD Ports Group adquiere astillero Balenciaga"}]},{"@type":"WebSite","@id":"https:\/\/transportjournal.com\/es\/#website","url":"https:\/\/transportjournal.com\/es\/","name":"ITJ | International Transport Journal","description":"Stay informed with the latest global news from the transport, logistics, and supply chain industries. Transport Journal delivers expert insights, analysis, and updates across shipping, aviation, intermodal, and forwarding.","publisher":{"@id":"https:\/\/transportjournal.com\/es\/#organization"},"potentialAction":[{"@type":"SearchAction","target":{"@type":"EntryPoint","urlTemplate":"https:\/\/transportjournal.com\/es\/?s={search_term_string}"},"query-input":{"@type":"PropertyValueSpecification","valueRequired":true,"valueName":"search_term_string"}}],"inLanguage":"es"},{"@type":"Organization","@id":"https:\/\/transportjournal.com\/es\/#organization","name":"Grupo Logismedia AG","alternateName":"Logismedia Group AG","url":"https:\/\/transportjournal.com\/es\/","logo":{"@type":"ImageObject","inLanguage":"es","@id":"https:\/\/transportjournal.com\/es\/#\/schema\/logo\/image\/","url":"https:\/\/transportjournal.com\/wp-content\/uploads\/sites\/2\/2025\/09\/Logo_ITJ.png","contentUrl":"https:\/\/transportjournal.com\/wp-content\/uploads\/sites\/2\/2025\/09\/Logo_ITJ.png","width":799,"height":326,"caption":"Grupo Logismedia AG"},"image":{"@id":"https:\/\/transportjournal.com\/es\/#\/schema\/logo\/image\/"},"sameAs":["https:\/\/www.linkedin.com\/company\/56456496\/admin\/dashboard\/","https:\/\/www.instagram.com\/logismediagroup\/","https:\/\/www.youtube.com\/@LogiamediaGroupAG"]},{"@type":"Person","@id":"https:\/\/transportjournal.com\/es\/#\/schema\/person\/41d36b5474b623392fa613e97e2363fa","name":"Jeremy Soland","url":"https:\/\/transportjournal.com\/es\/author\/jeremy\/"}]}},"_links":{"self":[{"href":"https:\/\/transportjournal.com\/es\/wp-json\/wp\/v2\/posts\/73545","targetHints":{"allow":["GET"]}}],"collection":[{"href":"https:\/\/transportjournal.com\/es\/wp-json\/wp\/v2\/posts"}],"about":[{"href":"https:\/\/transportjournal.com\/es\/wp-json\/wp\/v2\/types\/post"}],"author":[{"embeddable":true,"href":"https:\/\/transportjournal.com\/es\/wp-json\/wp\/v2\/users\/10"}],"replies":[{"embeddable":true,"href":"https:\/\/transportjournal.com\/es\/wp-json\/wp\/v2\/comments?post=73545"}],"version-history":[{"count":0,"href":"https:\/\/transportjournal.com\/es\/wp-json\/wp\/v2\/posts\/73545\/revisions"}],"wp:featuredmedia":[{"embeddable":true,"href":"https:\/\/transportjournal.com\/es\/wp-json\/wp\/v2\/media\/73542"}],"wp:attachment":[{"href":"https:\/\/transportjournal.com\/es\/wp-json\/wp\/v2\/media?parent=73545"}],"wp:term":[{"taxonomy":"category","embeddable":true,"href":"https:\/\/transportjournal.com\/es\/wp-json\/wp\/v2\/categories?post=73545"},{"taxonomy":"post_tag","embeddable":true,"href":"https:\/\/transportjournal.com\/es\/wp-json\/wp\/v2\/tags?post=73545"}],"curies":[{"name":"wp","href":"https:\/\/api.w.org\/{rel}","templated":true}]}}