{"id":73537,"date":"2026-01-20T11:22:00","date_gmt":"2026-01-20T11:22:00","guid":{"rendered":"https:\/\/transportjournal.com\/2026\/01\/20\/ano-record-para-el-aeropuerto-de-viena-2025\/"},"modified":"2026-01-20T11:22:00","modified_gmt":"2026-01-20T11:22:00","slug":"ano-record-para-el-aeropuerto-de-viena-2025","status":"publish","type":"post","link":"https:\/\/transportjournal.com\/es\/2026\/01\/20\/ano-record-para-el-aeropuerto-de-viena-2025\/","title":{"rendered":"A\u00f1o r\u00e9cord para el Aeropuerto de Viena 2025"},"content":{"rendered":"<p>El aeropuerto de Viena ha logrado un resultado r\u00e9cord en el transporte a\u00e9reo de carga en 2025. Con un total de 313.763 t de carga, se alcanz\u00f3 un nuevo m\u00e1ximo, lo que representa un aumento del 5,3% en comparaci\u00f3n con el a\u00f1o anterior. Este desarrollo positivo se debe principalmente a la expansi\u00f3n planificada de la oferta de vuelos de larga distancia, as\u00ed como al crecimiento en el sector del comercio electr\u00f3nico y farmac\u00e9utico. El Vienna Pharma Handling Center tambi\u00e9n registr\u00f3 un aumento y super\u00f3 el resultado del a\u00f1o anterior en un 6,4%.<\/p>\n<h3>Importante papel en el transporte a\u00e9reo internacional de carga<\/h3>\n<p>Mag. Julian J\u00e4ger, miembro del consejo de Flughafen Wien AG, enfatiza la importancia central de un sector de carga eficiente para los aeropuertos. \u201cEl transporte a\u00e9reo de carga asegura flujos de mercanc\u00edas globales y fomenta el crecimiento econ\u00f3mico. El aeropuerto de Viena desempe\u00f1a un papel clave como centro log\u00edstico y como la principal puerta de entrada para la carga a\u00e9rea hacia Europa Central y del Este\u201d, explica J\u00e4ger.<\/p>\n<p>La eficiencia de los procesos en el \u00e1rea de carga a\u00e9rea es crucial. Mag. Michael Zach, Vicepresidente Senior de Ground Handling &amp; Cargo Operations de Flughafen Wien AG, destaca que todos los procesos deben integrarse sin problemas para poder despachar env\u00edos r\u00e1pidamente. El hub de carga de Viena se benefici\u00f3 en 2025 especialmente del aumento de vol\u00famenes hacia Am\u00e9rica del Norte. Zach expresa su confianza en que el desarrollo positivo tambi\u00e9n se podr\u00e1 mantener en 2026.<\/p>\n<h3>N\u00fameros de exportaci\u00f3n e importaci\u00f3n en tendencia ascendente<\/h3>\n<p>El a\u00f1o pasado, se importaron a trav\u00e9s del aeropuerto de Viena 167.568 t de carga a\u00e9rea, lo que representa un aumento del 2,8% en comparaci\u00f3n con el a\u00f1o r\u00e9cord 2024. Estas cifras subrayan el papel del aeropuerto como un centro de carga a\u00e9rea para Europa Central y del Este. En particular, el creciente volumen de comercio electr\u00f3nico desde Asia contribuy\u00f3 al desarrollo positivo. En el \u00e1rea de exportaci\u00f3n, las toneladas aumentaron significativamente en el primer semestre, lo que se debe principalmente a la pol\u00edtica aduanera estadounidense. En total, se exportaron 146.195 t, lo que representa un aumento del 8,4% en comparaci\u00f3n con el a\u00f1o anterior. Los mercados de exportaci\u00f3n importantes son Asia y los EE. UU.<\/p>\n<h3>Ventajas geogr\u00e1ficas e infraestructura<\/h3>\n<p>El aeropuerto de Viena se ha establecido como un importante centro de carga global para Europa Central y del Este gracias a su ubicaci\u00f3n geogr\u00e1fica favorable. Las principales aerol\u00edneas de carga utilizan el aeropuerto para transportes intercontinentales. La disponibilidad de operaciones las 24 horas permite tiempos de manipulaci\u00f3n r\u00e1pidos. Para la carga a\u00e9rea, hay diez posiciones de estacionamiento de aviones de categor\u00eda F disponibles en las inmediaciones del edificio de despacho. El aeropuerto est\u00e1 firmemente integrado en la red europea de servicios de carga a\u00e9rea y alcanza los principales centros de consumo y econ\u00f3micos en Europa Central y del Este en un plazo de 24 a 48 horas. La empresa operadora cotizada en bolsa Flughafen Wien AG emplea a m\u00e1s de 5.400 personas y es uno de los mayores empleadores de la regi\u00f3n.<\/p>\n<p>&nbsp;<\/p>\n<p><a href=\"https:\/\/viennaairport.com\/\" target=\"_blank\" rel=\"noopener noreferrer\">www.viennaairport.com<\/a><\/p>\n<p>&nbsp;<\/p>\n","protected":false},"excerpt":{"rendered":"<p>El aeropuerto de Viena alcanz\u00f3 en 2025 un r\u00e9cord de 313.763 toneladas de carga a\u00e9rea y consolid\u00f3 su papel como un importante centro log\u00edstico para Europa Central y del Este<\/p>\n","protected":false},"author":12,"featured_media":73534,"comment_status":"open","ping_status":"open","sticky":false,"template":"","format":"standard","meta":{"_acf_changed":false,"footnotes":""},"categories":[1606,1611],"tags":[6925,6926,6927,6928,6929,2252,6930,6931,2255,3619,4855,2797,6932,6933,6934,6935,2265,6936,6937,6938,6939,6940,6941,6942,6943,3632,6944,6945,6946,6947,6948,2277,3643,6949,6950,6951,6952,6953,6954,6955,6956,6957,6958,6959,6960,4876,6961,6962,6963,2148,6964,2837,6965,6966,2299,6967],"class_list":["post-73537","post","type-post","status-publish","format-standard","has-post-thumbnail","hentry","category-carga-aerea","category-europa","tag-24-hour-operational-readiness","tag-24-stunden-betriebsbereitschaft","tag-aeroport-de-vienne","tag-air-freight-development","tag-air-freight-import-figures","tag-air-freight-industry","tag-air-freight-statistics-2025","tag-air-freight-to-north-america","tag-air-freight-volumes","tag-airport-infrastructure","tag-cargo-operations","tag-cargo-transport","tag-central-and-eastern-europe","tag-centre-de-traitement-pharmaceutique-vienne","tag-chiffres-dimportation-de-fret-aerien","tag-compagnies-aeriennes-de-fret","tag-deutsch-luftfracht","tag-developpement-du-fret-aerien","tag-disponibilite-operationnelle-24-heures","tag-e-commerce-air-freight","tag-e-commerce-luftfracht","tag-europe-centrale-et-orientale","tag-export-markets-asia-usa","tag-exportmaerkte-asien-usa","tag-flughafen-wien","tag-flughafeninfrastruktur","tag-frachtairlines","tag-freight-airlines","tag-fret-aerien-e-commerce","tag-fret-aerien-vers-lamerique-du-nord","tag-hub-logistique-vienne","tag-industrie-du-fret-aerien","tag-infrastructure-aeroportuaire","tag-logistics-hub-vienna","tag-logistics-service-providers-francais-fret-aerien","tag-logistikdienstleister-english-air-freight","tag-logistikdrehscheibe-wien","tag-luftfracht-nach-nordamerika","tag-luftfrachtentwicklung","tag-luftfrachtimportzahlen","tag-luftfrachtstatistik-2025","tag-luftfrachtvolumen","tag-luftfrachtwirtschaft","tag-marches-dexportation-asie-etats-unis","tag-mittel-und-osteuropa","tag-operations-de-fret","tag-pharma-handling-center-vienna","tag-pharma-handling-center-wien","tag-politique-douaniere-americaine","tag-prestataires-de-services-logistiques","tag-statistiques-de-fret-aerien-2025","tag-transport-de-marchandises","tag-us-customs-policy","tag-vienna-airport","tag-volumes-de-fret-aerien","tag-zollpolitik-usa"],"acf":[],"yoast_head":"<!-- This site is optimized with the Yoast SEO plugin v27.3 - https:\/\/yoast.com\/product\/yoast-seo-wordpress\/ -->\n<title>A\u00f1o r\u00e9cord para el Aeropuerto de Viena 2025 - ITJ | International Transport Journal<\/title>\n<meta name=\"robots\" content=\"index, follow, max-snippet:-1, max-image-preview:large, max-video-preview:-1\" \/>\n<link rel=\"canonical\" href=\"https:\/\/transportjournal.com\/es\/2026\/01\/20\/ano-record-para-el-aeropuerto-de-viena-2025\/\" \/>\n<meta property=\"og:locale\" content=\"es_ES\" \/>\n<meta property=\"og:type\" content=\"article\" \/>\n<meta property=\"og:title\" content=\"A\u00f1o r\u00e9cord para el Aeropuerto de Viena 2025 - ITJ | International Transport Journal\" \/>\n<meta property=\"og:description\" content=\"El aeropuerto de Viena alcanz\u00f3 en 2025 un r\u00e9cord de 313.763 toneladas de carga a\u00e9rea y consolid\u00f3 su papel como un importante centro log\u00edstico para Europa Central y del Este\" \/>\n<meta property=\"og:url\" content=\"https:\/\/transportjournal.com\/es\/2026\/01\/20\/ano-record-para-el-aeropuerto-de-viena-2025\/\" \/>\n<meta property=\"og:site_name\" content=\"ITJ | International Transport Journal\" \/>\n<meta property=\"article:published_time\" content=\"2026-01-20T11:22:00+00:00\" \/>\n<meta property=\"og:image\" content=\"https:\/\/transportjournal.com\/wp-content\/uploads\/sites\/2\/2026\/01\/Vienna-Airport-aspect-ratio-1400-788.jpg\" \/>\n\t<meta property=\"og:image:width\" content=\"2000\" \/>\n\t<meta property=\"og:image:height\" content=\"1126\" \/>\n\t<meta property=\"og:image:type\" content=\"image\/jpeg\" \/>\n<meta name=\"author\" content=\"Andreas Haug\" \/>\n<meta name=\"twitter:card\" content=\"summary_large_image\" \/>\n<meta name=\"twitter:label1\" content=\"Escrito por\" \/>\n\t<meta name=\"twitter:data1\" content=\"Andreas Haug\" \/>\n\t<meta name=\"twitter:label2\" content=\"Tiempo de lectura\" \/>\n\t<meta name=\"twitter:data2\" content=\"3 minuto\" \/>\n<script type=\"application\/ld+json\" class=\"yoast-schema-graph\">{\"@context\":\"https:\\\/\\\/schema.org\",\"@graph\":[{\"@type\":\"Article\",\"@id\":\"https:\\\/\\\/transportjournal.com\\\/es\\\/2026\\\/01\\\/20\\\/ano-record-para-el-aeropuerto-de-viena-2025\\\/#article\",\"isPartOf\":{\"@id\":\"https:\\\/\\\/transportjournal.com\\\/es\\\/2026\\\/01\\\/20\\\/ano-record-para-el-aeropuerto-de-viena-2025\\\/\"},\"author\":{\"name\":\"Andreas Haug\",\"@id\":\"https:\\\/\\\/transportjournal.com\\\/es\\\/#\\\/schema\\\/person\\\/cf538b3157f15afd7589245a4b3dbd25\"},\"headline\":\"A\u00f1o r\u00e9cord para el Aeropuerto de Viena 2025\",\"datePublished\":\"2026-01-20T11:22:00+00:00\",\"mainEntityOfPage\":{\"@id\":\"https:\\\/\\\/transportjournal.com\\\/es\\\/2026\\\/01\\\/20\\\/ano-record-para-el-aeropuerto-de-viena-2025\\\/\"},\"wordCount\":558,\"commentCount\":0,\"publisher\":{\"@id\":\"https:\\\/\\\/transportjournal.com\\\/es\\\/#organization\"},\"image\":{\"@id\":\"https:\\\/\\\/transportjournal.com\\\/es\\\/2026\\\/01\\\/20\\\/ano-record-para-el-aeropuerto-de-viena-2025\\\/#primaryimage\"},\"thumbnailUrl\":\"https:\\\/\\\/transportjournal.com\\\/wp-content\\\/uploads\\\/sites\\\/2\\\/2026\\\/01\\\/Vienna-Airport-aspect-ratio-1400-788.jpg\",\"keywords\":[\"24-hour operational readiness\",\"24-Stunden-Betriebsbereitschaft\",\"a\u00e9roport de Vienne\",\"air freight development\",\"air freight import figures\",\"air freight industry\",\"air freight statistics 2025\",\"air freight to North America\",\"air freight volumes\",\"airport infrastructure\",\"cargo operations\",\"cargo transport\",\"Central and Eastern Europe\",\"Centre de traitement pharmaceutique Vienne\",\"chiffres d'importation de fret a\u00e9rien\",\"compagnies a\u00e9riennes de fret\",\"Deutsch Luftfracht\",\"d\u00e9veloppement du fret a\u00e9rien\",\"disponibilit\u00e9 op\u00e9rationnelle 24 heures\",\"e-commerce air freight\",\"E-Commerce-Luftfracht\",\"Europe centrale et orientale\",\"export markets Asia USA\",\"Exportm\u00e4rkte Asien USA\",\"Flughafen Wien\",\"Flughafeninfrastruktur\",\"Frachtairlines\",\"freight airlines\",\"fret a\u00e9rien e-commerce\",\"fret a\u00e9rien vers l'Am\u00e9rique du Nord\",\"hub logistique Vienne\",\"industrie du fret a\u00e9rien\",\"infrastructure a\u00e9roportuaire\",\"logistics hub Vienna\",\"logistics service providers Fran\u00e7ais fret a\u00e9rien\",\"Logistikdienstleister English air freight\",\"Logistikdrehscheibe Wien\",\"Luftfracht nach Nordamerika\",\"Luftfrachtentwicklung\",\"Luftfrachtimportzahlen\",\"Luftfrachtstatistik 2025\",\"Luftfrachtvolumen\",\"Luftfrachtwirtschaft\",\"march\u00e9s d'exportation Asie \u00c9tats-Unis\",\"Mittel- und Osteuropa\",\"op\u00e9rations de fret\",\"Pharma Handling Center Vienna\",\"Pharma Handling Center Wien\",\"politique douani\u00e8re am\u00e9ricaine\",\"prestataires de services logistiques\",\"statistiques de fret a\u00e9rien 2025\",\"transport de marchandises\",\"US customs policy\",\"Vienna Airport\",\"volumes de fret a\u00e9rien\",\"Zollpolitik USA\"],\"articleSection\":[\"Carga a\u00e9rea\",\"Europa\"],\"inLanguage\":\"es\",\"potentialAction\":[{\"@type\":\"CommentAction\",\"name\":\"Comment\",\"target\":[\"https:\\\/\\\/transportjournal.com\\\/es\\\/2026\\\/01\\\/20\\\/ano-record-para-el-aeropuerto-de-viena-2025\\\/#respond\"]}]},{\"@type\":\"WebPage\",\"@id\":\"https:\\\/\\\/transportjournal.com\\\/es\\\/2026\\\/01\\\/20\\\/ano-record-para-el-aeropuerto-de-viena-2025\\\/\",\"url\":\"https:\\\/\\\/transportjournal.com\\\/es\\\/2026\\\/01\\\/20\\\/ano-record-para-el-aeropuerto-de-viena-2025\\\/\",\"name\":\"A\u00f1o r\u00e9cord para el Aeropuerto de Viena 2025 - ITJ | International Transport Journal\",\"isPartOf\":{\"@id\":\"https:\\\/\\\/transportjournal.com\\\/es\\\/#website\"},\"primaryImageOfPage\":{\"@id\":\"https:\\\/\\\/transportjournal.com\\\/es\\\/2026\\\/01\\\/20\\\/ano-record-para-el-aeropuerto-de-viena-2025\\\/#primaryimage\"},\"image\":{\"@id\":\"https:\\\/\\\/transportjournal.com\\\/es\\\/2026\\\/01\\\/20\\\/ano-record-para-el-aeropuerto-de-viena-2025\\\/#primaryimage\"},\"thumbnailUrl\":\"https:\\\/\\\/transportjournal.com\\\/wp-content\\\/uploads\\\/sites\\\/2\\\/2026\\\/01\\\/Vienna-Airport-aspect-ratio-1400-788.jpg\",\"datePublished\":\"2026-01-20T11:22:00+00:00\",\"breadcrumb\":{\"@id\":\"https:\\\/\\\/transportjournal.com\\\/es\\\/2026\\\/01\\\/20\\\/ano-record-para-el-aeropuerto-de-viena-2025\\\/#breadcrumb\"},\"inLanguage\":\"es\",\"potentialAction\":[{\"@type\":\"ReadAction\",\"target\":[\"https:\\\/\\\/transportjournal.com\\\/es\\\/2026\\\/01\\\/20\\\/ano-record-para-el-aeropuerto-de-viena-2025\\\/\"]}]},{\"@type\":\"ImageObject\",\"inLanguage\":\"es\",\"@id\":\"https:\\\/\\\/transportjournal.com\\\/es\\\/2026\\\/01\\\/20\\\/ano-record-para-el-aeropuerto-de-viena-2025\\\/#primaryimage\",\"url\":\"https:\\\/\\\/transportjournal.com\\\/wp-content\\\/uploads\\\/sites\\\/2\\\/2026\\\/01\\\/Vienna-Airport-aspect-ratio-1400-788.jpg\",\"contentUrl\":\"https:\\\/\\\/transportjournal.com\\\/wp-content\\\/uploads\\\/sites\\\/2\\\/2026\\\/01\\\/Vienna-Airport-aspect-ratio-1400-788.jpg\",\"width\":2000,\"height\":1126},{\"@type\":\"BreadcrumbList\",\"@id\":\"https:\\\/\\\/transportjournal.com\\\/es\\\/2026\\\/01\\\/20\\\/ano-record-para-el-aeropuerto-de-viena-2025\\\/#breadcrumb\",\"itemListElement\":[{\"@type\":\"ListItem\",\"position\":1,\"name\":\"Startseite\",\"item\":\"https:\\\/\\\/transportjournal.com\\\/es\\\/\"},{\"@type\":\"ListItem\",\"position\":2,\"name\":\"A\u00f1o r\u00e9cord para el Aeropuerto de Viena 2025\"}]},{\"@type\":\"WebSite\",\"@id\":\"https:\\\/\\\/transportjournal.com\\\/es\\\/#website\",\"url\":\"https:\\\/\\\/transportjournal.com\\\/es\\\/\",\"name\":\"ITJ | International Transport Journal\",\"description\":\"Stay informed with the latest global news from the transport, logistics, and supply chain industries. Transport Journal delivers expert insights, analysis, and updates across shipping, aviation, intermodal, and forwarding.\",\"publisher\":{\"@id\":\"https:\\\/\\\/transportjournal.com\\\/es\\\/#organization\"},\"potentialAction\":[{\"@type\":\"SearchAction\",\"target\":{\"@type\":\"EntryPoint\",\"urlTemplate\":\"https:\\\/\\\/transportjournal.com\\\/es\\\/?s={search_term_string}\"},\"query-input\":{\"@type\":\"PropertyValueSpecification\",\"valueRequired\":true,\"valueName\":\"search_term_string\"}}],\"inLanguage\":\"es\"},{\"@type\":\"Organization\",\"@id\":\"https:\\\/\\\/transportjournal.com\\\/es\\\/#organization\",\"name\":\"Grupo Logismedia AG\",\"alternateName\":\"Logismedia Group AG\",\"url\":\"https:\\\/\\\/transportjournal.com\\\/es\\\/\",\"logo\":{\"@type\":\"ImageObject\",\"inLanguage\":\"es\",\"@id\":\"https:\\\/\\\/transportjournal.com\\\/es\\\/#\\\/schema\\\/logo\\\/image\\\/\",\"url\":\"https:\\\/\\\/transportjournal.com\\\/wp-content\\\/uploads\\\/sites\\\/2\\\/2025\\\/09\\\/Logo_ITJ.png\",\"contentUrl\":\"https:\\\/\\\/transportjournal.com\\\/wp-content\\\/uploads\\\/sites\\\/2\\\/2025\\\/09\\\/Logo_ITJ.png\",\"width\":799,\"height\":326,\"caption\":\"Grupo Logismedia AG\"},\"image\":{\"@id\":\"https:\\\/\\\/transportjournal.com\\\/es\\\/#\\\/schema\\\/logo\\\/image\\\/\"},\"sameAs\":[\"https:\\\/\\\/www.linkedin.com\\\/company\\\/56456496\\\/admin\\\/dashboard\\\/\",\"https:\\\/\\\/www.instagram.com\\\/logismediagroup\\\/\",\"https:\\\/\\\/www.youtube.com\\\/@LogiamediaGroupAG\"]},{\"@type\":\"Person\",\"@id\":\"https:\\\/\\\/transportjournal.com\\\/es\\\/#\\\/schema\\\/person\\\/cf538b3157f15afd7589245a4b3dbd25\",\"name\":\"Andreas Haug\",\"url\":\"https:\\\/\\\/transportjournal.com\\\/es\\\/author\\\/andreas\\\/\"}]}<\/script>\n<!-- \/ Yoast SEO plugin. -->","yoast_head_json":{"title":"A\u00f1o r\u00e9cord para el Aeropuerto de Viena 2025 - ITJ | International Transport Journal","robots":{"index":"index","follow":"follow","max-snippet":"max-snippet:-1","max-image-preview":"max-image-preview:large","max-video-preview":"max-video-preview:-1"},"canonical":"https:\/\/transportjournal.com\/es\/2026\/01\/20\/ano-record-para-el-aeropuerto-de-viena-2025\/","og_locale":"es_ES","og_type":"article","og_title":"A\u00f1o r\u00e9cord para el Aeropuerto de Viena 2025 - ITJ | International Transport Journal","og_description":"El aeropuerto de Viena alcanz\u00f3 en 2025 un r\u00e9cord de 313.763 toneladas de carga a\u00e9rea y consolid\u00f3 su papel como un importante centro log\u00edstico para Europa Central y del Este","og_url":"https:\/\/transportjournal.com\/es\/2026\/01\/20\/ano-record-para-el-aeropuerto-de-viena-2025\/","og_site_name":"ITJ | International Transport Journal","article_published_time":"2026-01-20T11:22:00+00:00","og_image":[{"width":2000,"height":1126,"url":"https:\/\/transportjournal.com\/wp-content\/uploads\/sites\/2\/2026\/01\/Vienna-Airport-aspect-ratio-1400-788.jpg","type":"image\/jpeg"}],"author":"Andreas Haug","twitter_card":"summary_large_image","twitter_misc":{"Escrito por":"Andreas Haug","Tiempo de lectura":"3 minuto"},"schema":{"@context":"https:\/\/schema.org","@graph":[{"@type":"Article","@id":"https:\/\/transportjournal.com\/es\/2026\/01\/20\/ano-record-para-el-aeropuerto-de-viena-2025\/#article","isPartOf":{"@id":"https:\/\/transportjournal.com\/es\/2026\/01\/20\/ano-record-para-el-aeropuerto-de-viena-2025\/"},"author":{"name":"Andreas Haug","@id":"https:\/\/transportjournal.com\/es\/#\/schema\/person\/cf538b3157f15afd7589245a4b3dbd25"},"headline":"A\u00f1o r\u00e9cord para el Aeropuerto de Viena 2025","datePublished":"2026-01-20T11:22:00+00:00","mainEntityOfPage":{"@id":"https:\/\/transportjournal.com\/es\/2026\/01\/20\/ano-record-para-el-aeropuerto-de-viena-2025\/"},"wordCount":558,"commentCount":0,"publisher":{"@id":"https:\/\/transportjournal.com\/es\/#organization"},"image":{"@id":"https:\/\/transportjournal.com\/es\/2026\/01\/20\/ano-record-para-el-aeropuerto-de-viena-2025\/#primaryimage"},"thumbnailUrl":"https:\/\/transportjournal.com\/wp-content\/uploads\/sites\/2\/2026\/01\/Vienna-Airport-aspect-ratio-1400-788.jpg","keywords":["24-hour operational readiness","24-Stunden-Betriebsbereitschaft","a\u00e9roport de Vienne","air freight development","air freight import figures","air freight industry","air freight statistics 2025","air freight to North America","air freight volumes","airport infrastructure","cargo operations","cargo transport","Central and Eastern Europe","Centre de traitement pharmaceutique Vienne","chiffres d'importation de fret a\u00e9rien","compagnies a\u00e9riennes de fret","Deutsch Luftfracht","d\u00e9veloppement du fret a\u00e9rien","disponibilit\u00e9 op\u00e9rationnelle 24 heures","e-commerce air freight","E-Commerce-Luftfracht","Europe centrale et orientale","export markets Asia USA","Exportm\u00e4rkte Asien USA","Flughafen Wien","Flughafeninfrastruktur","Frachtairlines","freight airlines","fret a\u00e9rien e-commerce","fret a\u00e9rien vers l'Am\u00e9rique du Nord","hub logistique Vienne","industrie du fret a\u00e9rien","infrastructure a\u00e9roportuaire","logistics hub Vienna","logistics service providers Fran\u00e7ais fret a\u00e9rien","Logistikdienstleister English air freight","Logistikdrehscheibe Wien","Luftfracht nach Nordamerika","Luftfrachtentwicklung","Luftfrachtimportzahlen","Luftfrachtstatistik 2025","Luftfrachtvolumen","Luftfrachtwirtschaft","march\u00e9s d'exportation Asie \u00c9tats-Unis","Mittel- und Osteuropa","op\u00e9rations de fret","Pharma Handling Center Vienna","Pharma Handling Center Wien","politique douani\u00e8re am\u00e9ricaine","prestataires de services logistiques","statistiques de fret a\u00e9rien 2025","transport de marchandises","US customs policy","Vienna Airport","volumes de fret a\u00e9rien","Zollpolitik USA"],"articleSection":["Carga a\u00e9rea","Europa"],"inLanguage":"es","potentialAction":[{"@type":"CommentAction","name":"Comment","target":["https:\/\/transportjournal.com\/es\/2026\/01\/20\/ano-record-para-el-aeropuerto-de-viena-2025\/#respond"]}]},{"@type":"WebPage","@id":"https:\/\/transportjournal.com\/es\/2026\/01\/20\/ano-record-para-el-aeropuerto-de-viena-2025\/","url":"https:\/\/transportjournal.com\/es\/2026\/01\/20\/ano-record-para-el-aeropuerto-de-viena-2025\/","name":"A\u00f1o r\u00e9cord para el Aeropuerto de Viena 2025 - ITJ | International Transport Journal","isPartOf":{"@id":"https:\/\/transportjournal.com\/es\/#website"},"primaryImageOfPage":{"@id":"https:\/\/transportjournal.com\/es\/2026\/01\/20\/ano-record-para-el-aeropuerto-de-viena-2025\/#primaryimage"},"image":{"@id":"https:\/\/transportjournal.com\/es\/2026\/01\/20\/ano-record-para-el-aeropuerto-de-viena-2025\/#primaryimage"},"thumbnailUrl":"https:\/\/transportjournal.com\/wp-content\/uploads\/sites\/2\/2026\/01\/Vienna-Airport-aspect-ratio-1400-788.jpg","datePublished":"2026-01-20T11:22:00+00:00","breadcrumb":{"@id":"https:\/\/transportjournal.com\/es\/2026\/01\/20\/ano-record-para-el-aeropuerto-de-viena-2025\/#breadcrumb"},"inLanguage":"es","potentialAction":[{"@type":"ReadAction","target":["https:\/\/transportjournal.com\/es\/2026\/01\/20\/ano-record-para-el-aeropuerto-de-viena-2025\/"]}]},{"@type":"ImageObject","inLanguage":"es","@id":"https:\/\/transportjournal.com\/es\/2026\/01\/20\/ano-record-para-el-aeropuerto-de-viena-2025\/#primaryimage","url":"https:\/\/transportjournal.com\/wp-content\/uploads\/sites\/2\/2026\/01\/Vienna-Airport-aspect-ratio-1400-788.jpg","contentUrl":"https:\/\/transportjournal.com\/wp-content\/uploads\/sites\/2\/2026\/01\/Vienna-Airport-aspect-ratio-1400-788.jpg","width":2000,"height":1126},{"@type":"BreadcrumbList","@id":"https:\/\/transportjournal.com\/es\/2026\/01\/20\/ano-record-para-el-aeropuerto-de-viena-2025\/#breadcrumb","itemListElement":[{"@type":"ListItem","position":1,"name":"Startseite","item":"https:\/\/transportjournal.com\/es\/"},{"@type":"ListItem","position":2,"name":"A\u00f1o r\u00e9cord para el Aeropuerto de Viena 2025"}]},{"@type":"WebSite","@id":"https:\/\/transportjournal.com\/es\/#website","url":"https:\/\/transportjournal.com\/es\/","name":"ITJ | International Transport Journal","description":"Stay informed with the latest global news from the transport, logistics, and supply chain industries. Transport Journal delivers expert insights, analysis, and updates across shipping, aviation, intermodal, and forwarding.","publisher":{"@id":"https:\/\/transportjournal.com\/es\/#organization"},"potentialAction":[{"@type":"SearchAction","target":{"@type":"EntryPoint","urlTemplate":"https:\/\/transportjournal.com\/es\/?s={search_term_string}"},"query-input":{"@type":"PropertyValueSpecification","valueRequired":true,"valueName":"search_term_string"}}],"inLanguage":"es"},{"@type":"Organization","@id":"https:\/\/transportjournal.com\/es\/#organization","name":"Grupo Logismedia AG","alternateName":"Logismedia Group AG","url":"https:\/\/transportjournal.com\/es\/","logo":{"@type":"ImageObject","inLanguage":"es","@id":"https:\/\/transportjournal.com\/es\/#\/schema\/logo\/image\/","url":"https:\/\/transportjournal.com\/wp-content\/uploads\/sites\/2\/2025\/09\/Logo_ITJ.png","contentUrl":"https:\/\/transportjournal.com\/wp-content\/uploads\/sites\/2\/2025\/09\/Logo_ITJ.png","width":799,"height":326,"caption":"Grupo Logismedia AG"},"image":{"@id":"https:\/\/transportjournal.com\/es\/#\/schema\/logo\/image\/"},"sameAs":["https:\/\/www.linkedin.com\/company\/56456496\/admin\/dashboard\/","https:\/\/www.instagram.com\/logismediagroup\/","https:\/\/www.youtube.com\/@LogiamediaGroupAG"]},{"@type":"Person","@id":"https:\/\/transportjournal.com\/es\/#\/schema\/person\/cf538b3157f15afd7589245a4b3dbd25","name":"Andreas Haug","url":"https:\/\/transportjournal.com\/es\/author\/andreas\/"}]}},"_links":{"self":[{"href":"https:\/\/transportjournal.com\/es\/wp-json\/wp\/v2\/posts\/73537","targetHints":{"allow":["GET"]}}],"collection":[{"href":"https:\/\/transportjournal.com\/es\/wp-json\/wp\/v2\/posts"}],"about":[{"href":"https:\/\/transportjournal.com\/es\/wp-json\/wp\/v2\/types\/post"}],"author":[{"embeddable":true,"href":"https:\/\/transportjournal.com\/es\/wp-json\/wp\/v2\/users\/12"}],"replies":[{"embeddable":true,"href":"https:\/\/transportjournal.com\/es\/wp-json\/wp\/v2\/comments?post=73537"}],"version-history":[{"count":0,"href":"https:\/\/transportjournal.com\/es\/wp-json\/wp\/v2\/posts\/73537\/revisions"}],"wp:featuredmedia":[{"embeddable":true,"href":"https:\/\/transportjournal.com\/es\/wp-json\/wp\/v2\/media\/73534"}],"wp:attachment":[{"href":"https:\/\/transportjournal.com\/es\/wp-json\/wp\/v2\/media?parent=73537"}],"wp:term":[{"taxonomy":"category","embeddable":true,"href":"https:\/\/transportjournal.com\/es\/wp-json\/wp\/v2\/categories?post=73537"},{"taxonomy":"post_tag","embeddable":true,"href":"https:\/\/transportjournal.com\/es\/wp-json\/wp\/v2\/tags?post=73537"}],"curies":[{"name":"wp","href":"https:\/\/api.w.org\/{rel}","templated":true}]}}