{"id":73468,"date":"2026-01-19T12:01:15","date_gmt":"2026-01-19T12:01:15","guid":{"rendered":"https:\/\/transportjournal.com\/2026\/01\/19\/reestructuracion-de-la-region-de-ventas-europa-central\/"},"modified":"2026-01-23T12:28:24","modified_gmt":"2026-01-23T11:28:24","slug":"reestructuracion-de-la-region-de-ventas-europa-central","status":"publish","type":"post","link":"https:\/\/transportjournal.com\/es\/2026\/01\/19\/reestructuracion-de-la-region-de-ventas-europa-central\/","title":{"rendered":"Reestructuraci\u00f3n de la regi\u00f3n de ventas Europa Central"},"content":{"rendered":"<p>A partir del 1 de enero de 2026, la regi\u00f3n de ventas de Europa Central en Schmitz Cargobull ser\u00e1 reestructurada. Vujo Crnomarkovic (foto) asumir\u00e1 el cargo de Director de Ventas para esta regi\u00f3n. Adem\u00e1s de su nuevo rol, seguir\u00e1 siendo Country Manager para Serbia y Montenegro y asumir\u00e1 tambi\u00e9n la responsabilidad de Grecia. Crnomarkovic aporta m\u00e1s de 20 a\u00f1os de experiencia dentro de la organizaci\u00f3n de Schmitz Cargobull y posee amplios conocimientos del mercado que son relevantes para el desarrollo de la regi\u00f3n de ventas de Europa Central.<\/p>\n<p>Roland W. Schacht, quien hasta ahora ha sido Director de Ventas para Europa Central y Country Manager para Ruman\u00eda y Grecia, ha dejado la empresa a su propia solicitud el 31 de diciembre de 2025.<\/p>\n<h3>Nuevos l\u00edderes en la regi\u00f3n<\/h3>\n<p>Como parte de la reestructuraci\u00f3n, Constantin Victor Burcioi ser\u00e1 el nuevo Country Manager para Ruman\u00eda. Burcioi ha estado en la empresa desde 2005 y ha dirigido las actividades de ventas de veh\u00edculos nuevos y usados en Ruman\u00eda y Moldavia desde 2014. Su amplia experiencia en el mercado contribuir\u00e1 a fortalecer a\u00fan m\u00e1s la cercan\u00eda al cliente y las actividades en Ruman\u00eda.<\/p>\n<p>Kerem Tas, quien ya es Country Manager de Schmitz Cargobull T\u00fcrkiye, tambi\u00e9n ser\u00e1 responsable de la planta en Adapazari dentro de la red de producci\u00f3n internacional de Schmitz Cargobull. Desde enero, reporta directamente al consejo de ventas, Ralph Kleideiter. Tas aporta m\u00e1s de 30 a\u00f1os de experiencia internacional en la industria y ha desarrollado el sitio de producci\u00f3n y ventas en Turqu\u00eda en los \u00faltimos seis a\u00f1os.<\/p>\n<p>&nbsp;<\/p>\n<p><a href=\"https:\/\/www.cargobull.com\/\" target=\"_blank\" rel=\"noopener noreferrer\">www.cargobull.com<\/a><\/p>\n<p>&nbsp;<\/p>\n","protected":false},"excerpt":{"rendered":"<p>A partir del 1 de enero de 2026, Vujo Crnomarkovic ser\u00e1 Director de Ventas para Europa Central en Schmitz Cargobull y asumir\u00e1 adem\u00e1s la responsabilidad de Grecia.<\/p>\n","protected":false},"author":12,"featured_media":73465,"comment_status":"open","ping_status":"open","sticky":false,"template":"","format":"standard","meta":{"_acf_changed":false,"footnotes":""},"categories":[1611,1603,1609],"tags":[4193,4109,6711,6712,6713,6714,6715,4115,6716,1889,6717,6718,6719,2125,3682,6720,6721,6722,6723,6724,2133,1831,6725,6726,6727,6728,6729,6730,2232,2148,2775,2777,6731,6732,2782,6733,6734,6735,6736,6737,6738,4223,6739,6740,6741,6742,6743,4099,2155,1837,6744,4225,6745],"class_list":["post-73468","post","type-post","status-publish","format-standard","has-post-thumbnail","hentry","category-europa","category-personas-y-empresas","category-regiones","tag-activites-de-vente","tag-central-europe","tag-connaissances-du-marche","tag-country-manager","tag-customer-proximity","tag-deutsch-schmitz-cargobull","tag-directeur-des-ventes","tag-europe-centrale","tag-experience-internationale-dans-lindustrie","tag-fachkraeftemangel","tag-grece","tag-greece","tag-griechenland","tag-industrie-du-transport","tag-infrastructure","tag-infrastructure-francais-schmitz-cargobull","tag-infrastruktur-english-schmitz-cargobull","tag-international-industry-experience","tag-internationale-branchenerfahrung","tag-kundennaehe","tag-logistics-service-providers","tag-logistikdienstleister","tag-market-knowledge","tag-marktkenntnisse","tag-montenegro","tag-neu-und-gebrauchtfahrzeuge","tag-neustrukturierung","tag-new-and-used-vehicles","tag-penurie-de-main-doeuvre","tag-prestataires-de-services-logistiques","tag-production-network","tag-produktionsnetzwerk","tag-proximite-client","tag-region-de-vente","tag-reseau-de-production","tag-responsable-de-pays","tag-restructuration","tag-restructuring","tag-romania","tag-roumanie","tag-rumaenien","tag-sales-activities","tag-sales-director","tag-sales-region","tag-serbia","tag-serbie","tag-serbien","tag-skilled-labor-shortage","tag-transport-industry","tag-transportwirtschaft","tag-vehicules-neufs-et-doccasion","tag-vertriebsaktivitaeten","tag-vertriebsregion"],"acf":[],"yoast_head":"<!-- This site is optimized with the Yoast SEO plugin v27.3 - https:\/\/yoast.com\/product\/yoast-seo-wordpress\/ -->\n<title>Reestructuraci\u00f3n de la regi\u00f3n de ventas Europa Central - ITJ | International Transport Journal<\/title>\n<meta name=\"robots\" content=\"index, follow, max-snippet:-1, max-image-preview:large, max-video-preview:-1\" \/>\n<link rel=\"canonical\" href=\"https:\/\/transportjournal.com\/es\/2026\/01\/19\/reestructuracion-de-la-region-de-ventas-europa-central\/\" \/>\n<meta property=\"og:locale\" content=\"es_ES\" \/>\n<meta property=\"og:type\" content=\"article\" \/>\n<meta property=\"og:title\" content=\"Reestructuraci\u00f3n de la regi\u00f3n de ventas Europa Central - ITJ | International Transport Journal\" \/>\n<meta property=\"og:description\" content=\"A partir del 1 de enero de 2026, Vujo Crnomarkovic ser\u00e1 Director de Ventas para Europa Central en Schmitz Cargobull y asumir\u00e1 adem\u00e1s la responsabilidad de Grecia.\" \/>\n<meta property=\"og:url\" content=\"https:\/\/transportjournal.com\/es\/2026\/01\/19\/reestructuracion-de-la-region-de-ventas-europa-central\/\" \/>\n<meta property=\"og:site_name\" content=\"ITJ | International Transport Journal\" \/>\n<meta property=\"article:published_time\" content=\"2026-01-19T12:01:15+00:00\" \/>\n<meta property=\"article:modified_time\" content=\"2026-01-23T11:28:24+00:00\" \/>\n<meta property=\"og:image\" content=\"https:\/\/transportjournal.com\/wp-content\/uploads\/sites\/2\/2026\/01\/Schmitz-Cargobull_Vujo-Crnomarkovic_Sales-Director-Central-Europe-aspect-ratio-1400-788.jpg\" \/>\n\t<meta property=\"og:image:width\" content=\"1302\" \/>\n\t<meta property=\"og:image:height\" content=\"732\" \/>\n\t<meta property=\"og:image:type\" content=\"image\/jpeg\" \/>\n<meta name=\"author\" content=\"Andreas Haug\" \/>\n<meta name=\"twitter:card\" content=\"summary_large_image\" \/>\n<meta name=\"twitter:label1\" content=\"Escrito por\" \/>\n\t<meta name=\"twitter:data1\" content=\"Andreas Haug\" \/>\n\t<meta name=\"twitter:label2\" content=\"Tiempo de lectura\" \/>\n\t<meta name=\"twitter:data2\" content=\"1 minuto\" \/>\n<script type=\"application\/ld+json\" class=\"yoast-schema-graph\">{\"@context\":\"https:\\\/\\\/schema.org\",\"@graph\":[{\"@type\":\"Article\",\"@id\":\"https:\\\/\\\/transportjournal.com\\\/es\\\/2026\\\/01\\\/19\\\/reestructuracion-de-la-region-de-ventas-europa-central\\\/#article\",\"isPartOf\":{\"@id\":\"https:\\\/\\\/transportjournal.com\\\/es\\\/2026\\\/01\\\/19\\\/reestructuracion-de-la-region-de-ventas-europa-central\\\/\"},\"author\":{\"name\":\"Andreas Haug\",\"@id\":\"https:\\\/\\\/transportjournal.com\\\/es\\\/#\\\/schema\\\/person\\\/cf538b3157f15afd7589245a4b3dbd25\"},\"headline\":\"Reestructuraci\u00f3n de la regi\u00f3n de ventas Europa Central\",\"datePublished\":\"2026-01-19T12:01:15+00:00\",\"dateModified\":\"2026-01-23T11:28:24+00:00\",\"mainEntityOfPage\":{\"@id\":\"https:\\\/\\\/transportjournal.com\\\/es\\\/2026\\\/01\\\/19\\\/reestructuracion-de-la-region-de-ventas-europa-central\\\/\"},\"wordCount\":290,\"commentCount\":0,\"publisher\":{\"@id\":\"https:\\\/\\\/transportjournal.com\\\/es\\\/#organization\"},\"image\":{\"@id\":\"https:\\\/\\\/transportjournal.com\\\/es\\\/2026\\\/01\\\/19\\\/reestructuracion-de-la-region-de-ventas-europa-central\\\/#primaryimage\"},\"thumbnailUrl\":\"https:\\\/\\\/transportjournal.com\\\/wp-content\\\/uploads\\\/sites\\\/2\\\/2026\\\/01\\\/Schmitz-Cargobull_Vujo-Crnomarkovic_Sales-Director-Central-Europe-aspect-ratio-1400-788.jpg\",\"keywords\":[\"activit\u00e9s de vente\",\"Central Europe\",\"connaissances du march\u00e9\",\"Country Manager\",\"customer proximity\",\"Deutsch Schmitz Cargobull\",\"directeur des ventes\",\"Europe centrale\",\"exp\u00e9rience internationale dans l'industrie\",\"Fachkr\u00e4ftemangel\",\"Gr\u00e8ce\",\"Greece\",\"Griechenland\",\"industrie du transport\",\"infrastructure\",\"infrastructure Fran\u00e7ais Schmitz Cargobull\",\"Infrastruktur English Schmitz Cargobull\",\"international industry experience\",\"internationale Branchenerfahrung\",\"Kundenn\u00e4he\",\"logistics service providers\",\"Logistikdienstleister\",\"market knowledge\",\"Marktkenntnisse\",\"Montenegro\",\"Neu- und Gebrauchtfahrzeuge\",\"Neustrukturierung\",\"new and used vehicles\",\"p\u00e9nurie de main-d'\u0153uvre\",\"prestataires de services logistiques\",\"production network\",\"Produktionsnetzwerk\",\"proximit\u00e9 client\",\"r\u00e9gion de vente\",\"r\u00e9seau de production\",\"responsable de pays\",\"restructuration\",\"restructuring\",\"Romania\",\"Roumanie\",\"Rum\u00e4nien\",\"sales activities\",\"Sales Director\",\"sales region\",\"Serbia\",\"Serbie\",\"Serbien\",\"skilled labor shortage\",\"transport industry\",\"Transportwirtschaft\",\"v\u00e9hicules neufs et d'occasion\",\"Vertriebsaktivit\u00e4ten\",\"Vertriebsregion\"],\"articleSection\":[\"Europa\",\"Personas y empresas\",\"Regiones\"],\"inLanguage\":\"es\",\"potentialAction\":[{\"@type\":\"CommentAction\",\"name\":\"Comment\",\"target\":[\"https:\\\/\\\/transportjournal.com\\\/es\\\/2026\\\/01\\\/19\\\/reestructuracion-de-la-region-de-ventas-europa-central\\\/#respond\"]}]},{\"@type\":\"WebPage\",\"@id\":\"https:\\\/\\\/transportjournal.com\\\/es\\\/2026\\\/01\\\/19\\\/reestructuracion-de-la-region-de-ventas-europa-central\\\/\",\"url\":\"https:\\\/\\\/transportjournal.com\\\/es\\\/2026\\\/01\\\/19\\\/reestructuracion-de-la-region-de-ventas-europa-central\\\/\",\"name\":\"Reestructuraci\u00f3n de la regi\u00f3n de ventas Europa Central - ITJ | International Transport Journal\",\"isPartOf\":{\"@id\":\"https:\\\/\\\/transportjournal.com\\\/es\\\/#website\"},\"primaryImageOfPage\":{\"@id\":\"https:\\\/\\\/transportjournal.com\\\/es\\\/2026\\\/01\\\/19\\\/reestructuracion-de-la-region-de-ventas-europa-central\\\/#primaryimage\"},\"image\":{\"@id\":\"https:\\\/\\\/transportjournal.com\\\/es\\\/2026\\\/01\\\/19\\\/reestructuracion-de-la-region-de-ventas-europa-central\\\/#primaryimage\"},\"thumbnailUrl\":\"https:\\\/\\\/transportjournal.com\\\/wp-content\\\/uploads\\\/sites\\\/2\\\/2026\\\/01\\\/Schmitz-Cargobull_Vujo-Crnomarkovic_Sales-Director-Central-Europe-aspect-ratio-1400-788.jpg\",\"datePublished\":\"2026-01-19T12:01:15+00:00\",\"dateModified\":\"2026-01-23T11:28:24+00:00\",\"breadcrumb\":{\"@id\":\"https:\\\/\\\/transportjournal.com\\\/es\\\/2026\\\/01\\\/19\\\/reestructuracion-de-la-region-de-ventas-europa-central\\\/#breadcrumb\"},\"inLanguage\":\"es\",\"potentialAction\":[{\"@type\":\"ReadAction\",\"target\":[\"https:\\\/\\\/transportjournal.com\\\/es\\\/2026\\\/01\\\/19\\\/reestructuracion-de-la-region-de-ventas-europa-central\\\/\"]}]},{\"@type\":\"ImageObject\",\"inLanguage\":\"es\",\"@id\":\"https:\\\/\\\/transportjournal.com\\\/es\\\/2026\\\/01\\\/19\\\/reestructuracion-de-la-region-de-ventas-europa-central\\\/#primaryimage\",\"url\":\"https:\\\/\\\/transportjournal.com\\\/wp-content\\\/uploads\\\/sites\\\/2\\\/2026\\\/01\\\/Schmitz-Cargobull_Vujo-Crnomarkovic_Sales-Director-Central-Europe-aspect-ratio-1400-788.jpg\",\"contentUrl\":\"https:\\\/\\\/transportjournal.com\\\/wp-content\\\/uploads\\\/sites\\\/2\\\/2026\\\/01\\\/Schmitz-Cargobull_Vujo-Crnomarkovic_Sales-Director-Central-Europe-aspect-ratio-1400-788.jpg\",\"width\":1302,\"height\":732},{\"@type\":\"BreadcrumbList\",\"@id\":\"https:\\\/\\\/transportjournal.com\\\/es\\\/2026\\\/01\\\/19\\\/reestructuracion-de-la-region-de-ventas-europa-central\\\/#breadcrumb\",\"itemListElement\":[{\"@type\":\"ListItem\",\"position\":1,\"name\":\"Startseite\",\"item\":\"https:\\\/\\\/transportjournal.com\\\/es\\\/\"},{\"@type\":\"ListItem\",\"position\":2,\"name\":\"Reestructuraci\u00f3n de la regi\u00f3n de ventas Europa Central\"}]},{\"@type\":\"WebSite\",\"@id\":\"https:\\\/\\\/transportjournal.com\\\/es\\\/#website\",\"url\":\"https:\\\/\\\/transportjournal.com\\\/es\\\/\",\"name\":\"ITJ | International Transport Journal\",\"description\":\"Stay informed with the latest global news from the transport, logistics, and supply chain industries. Transport Journal delivers expert insights, analysis, and updates across shipping, aviation, intermodal, and forwarding.\",\"publisher\":{\"@id\":\"https:\\\/\\\/transportjournal.com\\\/es\\\/#organization\"},\"potentialAction\":[{\"@type\":\"SearchAction\",\"target\":{\"@type\":\"EntryPoint\",\"urlTemplate\":\"https:\\\/\\\/transportjournal.com\\\/es\\\/?s={search_term_string}\"},\"query-input\":{\"@type\":\"PropertyValueSpecification\",\"valueRequired\":true,\"valueName\":\"search_term_string\"}}],\"inLanguage\":\"es\"},{\"@type\":\"Organization\",\"@id\":\"https:\\\/\\\/transportjournal.com\\\/es\\\/#organization\",\"name\":\"Grupo Logismedia AG\",\"alternateName\":\"Logismedia Group AG\",\"url\":\"https:\\\/\\\/transportjournal.com\\\/es\\\/\",\"logo\":{\"@type\":\"ImageObject\",\"inLanguage\":\"es\",\"@id\":\"https:\\\/\\\/transportjournal.com\\\/es\\\/#\\\/schema\\\/logo\\\/image\\\/\",\"url\":\"https:\\\/\\\/transportjournal.com\\\/wp-content\\\/uploads\\\/sites\\\/2\\\/2025\\\/09\\\/Logo_ITJ.png\",\"contentUrl\":\"https:\\\/\\\/transportjournal.com\\\/wp-content\\\/uploads\\\/sites\\\/2\\\/2025\\\/09\\\/Logo_ITJ.png\",\"width\":799,\"height\":326,\"caption\":\"Grupo Logismedia AG\"},\"image\":{\"@id\":\"https:\\\/\\\/transportjournal.com\\\/es\\\/#\\\/schema\\\/logo\\\/image\\\/\"},\"sameAs\":[\"https:\\\/\\\/www.linkedin.com\\\/company\\\/56456496\\\/admin\\\/dashboard\\\/\",\"https:\\\/\\\/www.instagram.com\\\/logismediagroup\\\/\",\"https:\\\/\\\/www.youtube.com\\\/@LogiamediaGroupAG\"]},{\"@type\":\"Person\",\"@id\":\"https:\\\/\\\/transportjournal.com\\\/es\\\/#\\\/schema\\\/person\\\/cf538b3157f15afd7589245a4b3dbd25\",\"name\":\"Andreas Haug\",\"url\":\"https:\\\/\\\/transportjournal.com\\\/es\\\/author\\\/andreas\\\/\"}]}<\/script>\n<!-- \/ Yoast SEO plugin. -->","yoast_head_json":{"title":"Reestructuraci\u00f3n de la regi\u00f3n de ventas Europa Central - ITJ | International Transport Journal","robots":{"index":"index","follow":"follow","max-snippet":"max-snippet:-1","max-image-preview":"max-image-preview:large","max-video-preview":"max-video-preview:-1"},"canonical":"https:\/\/transportjournal.com\/es\/2026\/01\/19\/reestructuracion-de-la-region-de-ventas-europa-central\/","og_locale":"es_ES","og_type":"article","og_title":"Reestructuraci\u00f3n de la regi\u00f3n de ventas Europa Central - ITJ | International Transport Journal","og_description":"A partir del 1 de enero de 2026, Vujo Crnomarkovic ser\u00e1 Director de Ventas para Europa Central en Schmitz Cargobull y asumir\u00e1 adem\u00e1s la responsabilidad de Grecia.","og_url":"https:\/\/transportjournal.com\/es\/2026\/01\/19\/reestructuracion-de-la-region-de-ventas-europa-central\/","og_site_name":"ITJ | International Transport Journal","article_published_time":"2026-01-19T12:01:15+00:00","article_modified_time":"2026-01-23T11:28:24+00:00","og_image":[{"width":1302,"height":732,"url":"https:\/\/transportjournal.com\/wp-content\/uploads\/sites\/2\/2026\/01\/Schmitz-Cargobull_Vujo-Crnomarkovic_Sales-Director-Central-Europe-aspect-ratio-1400-788.jpg","type":"image\/jpeg"}],"author":"Andreas Haug","twitter_card":"summary_large_image","twitter_misc":{"Escrito por":"Andreas Haug","Tiempo de lectura":"1 minuto"},"schema":{"@context":"https:\/\/schema.org","@graph":[{"@type":"Article","@id":"https:\/\/transportjournal.com\/es\/2026\/01\/19\/reestructuracion-de-la-region-de-ventas-europa-central\/#article","isPartOf":{"@id":"https:\/\/transportjournal.com\/es\/2026\/01\/19\/reestructuracion-de-la-region-de-ventas-europa-central\/"},"author":{"name":"Andreas Haug","@id":"https:\/\/transportjournal.com\/es\/#\/schema\/person\/cf538b3157f15afd7589245a4b3dbd25"},"headline":"Reestructuraci\u00f3n de la regi\u00f3n de ventas Europa Central","datePublished":"2026-01-19T12:01:15+00:00","dateModified":"2026-01-23T11:28:24+00:00","mainEntityOfPage":{"@id":"https:\/\/transportjournal.com\/es\/2026\/01\/19\/reestructuracion-de-la-region-de-ventas-europa-central\/"},"wordCount":290,"commentCount":0,"publisher":{"@id":"https:\/\/transportjournal.com\/es\/#organization"},"image":{"@id":"https:\/\/transportjournal.com\/es\/2026\/01\/19\/reestructuracion-de-la-region-de-ventas-europa-central\/#primaryimage"},"thumbnailUrl":"https:\/\/transportjournal.com\/wp-content\/uploads\/sites\/2\/2026\/01\/Schmitz-Cargobull_Vujo-Crnomarkovic_Sales-Director-Central-Europe-aspect-ratio-1400-788.jpg","keywords":["activit\u00e9s de vente","Central Europe","connaissances du march\u00e9","Country Manager","customer proximity","Deutsch Schmitz Cargobull","directeur des ventes","Europe centrale","exp\u00e9rience internationale dans l'industrie","Fachkr\u00e4ftemangel","Gr\u00e8ce","Greece","Griechenland","industrie du transport","infrastructure","infrastructure Fran\u00e7ais Schmitz Cargobull","Infrastruktur English Schmitz Cargobull","international industry experience","internationale Branchenerfahrung","Kundenn\u00e4he","logistics service providers","Logistikdienstleister","market knowledge","Marktkenntnisse","Montenegro","Neu- und Gebrauchtfahrzeuge","Neustrukturierung","new and used vehicles","p\u00e9nurie de main-d'\u0153uvre","prestataires de services logistiques","production network","Produktionsnetzwerk","proximit\u00e9 client","r\u00e9gion de vente","r\u00e9seau de production","responsable de pays","restructuration","restructuring","Romania","Roumanie","Rum\u00e4nien","sales activities","Sales Director","sales region","Serbia","Serbie","Serbien","skilled labor shortage","transport industry","Transportwirtschaft","v\u00e9hicules neufs et d'occasion","Vertriebsaktivit\u00e4ten","Vertriebsregion"],"articleSection":["Europa","Personas y empresas","Regiones"],"inLanguage":"es","potentialAction":[{"@type":"CommentAction","name":"Comment","target":["https:\/\/transportjournal.com\/es\/2026\/01\/19\/reestructuracion-de-la-region-de-ventas-europa-central\/#respond"]}]},{"@type":"WebPage","@id":"https:\/\/transportjournal.com\/es\/2026\/01\/19\/reestructuracion-de-la-region-de-ventas-europa-central\/","url":"https:\/\/transportjournal.com\/es\/2026\/01\/19\/reestructuracion-de-la-region-de-ventas-europa-central\/","name":"Reestructuraci\u00f3n de la regi\u00f3n de ventas Europa Central - ITJ | International Transport Journal","isPartOf":{"@id":"https:\/\/transportjournal.com\/es\/#website"},"primaryImageOfPage":{"@id":"https:\/\/transportjournal.com\/es\/2026\/01\/19\/reestructuracion-de-la-region-de-ventas-europa-central\/#primaryimage"},"image":{"@id":"https:\/\/transportjournal.com\/es\/2026\/01\/19\/reestructuracion-de-la-region-de-ventas-europa-central\/#primaryimage"},"thumbnailUrl":"https:\/\/transportjournal.com\/wp-content\/uploads\/sites\/2\/2026\/01\/Schmitz-Cargobull_Vujo-Crnomarkovic_Sales-Director-Central-Europe-aspect-ratio-1400-788.jpg","datePublished":"2026-01-19T12:01:15+00:00","dateModified":"2026-01-23T11:28:24+00:00","breadcrumb":{"@id":"https:\/\/transportjournal.com\/es\/2026\/01\/19\/reestructuracion-de-la-region-de-ventas-europa-central\/#breadcrumb"},"inLanguage":"es","potentialAction":[{"@type":"ReadAction","target":["https:\/\/transportjournal.com\/es\/2026\/01\/19\/reestructuracion-de-la-region-de-ventas-europa-central\/"]}]},{"@type":"ImageObject","inLanguage":"es","@id":"https:\/\/transportjournal.com\/es\/2026\/01\/19\/reestructuracion-de-la-region-de-ventas-europa-central\/#primaryimage","url":"https:\/\/transportjournal.com\/wp-content\/uploads\/sites\/2\/2026\/01\/Schmitz-Cargobull_Vujo-Crnomarkovic_Sales-Director-Central-Europe-aspect-ratio-1400-788.jpg","contentUrl":"https:\/\/transportjournal.com\/wp-content\/uploads\/sites\/2\/2026\/01\/Schmitz-Cargobull_Vujo-Crnomarkovic_Sales-Director-Central-Europe-aspect-ratio-1400-788.jpg","width":1302,"height":732},{"@type":"BreadcrumbList","@id":"https:\/\/transportjournal.com\/es\/2026\/01\/19\/reestructuracion-de-la-region-de-ventas-europa-central\/#breadcrumb","itemListElement":[{"@type":"ListItem","position":1,"name":"Startseite","item":"https:\/\/transportjournal.com\/es\/"},{"@type":"ListItem","position":2,"name":"Reestructuraci\u00f3n de la regi\u00f3n de ventas Europa Central"}]},{"@type":"WebSite","@id":"https:\/\/transportjournal.com\/es\/#website","url":"https:\/\/transportjournal.com\/es\/","name":"ITJ | International Transport Journal","description":"Stay informed with the latest global news from the transport, logistics, and supply chain industries. Transport Journal delivers expert insights, analysis, and updates across shipping, aviation, intermodal, and forwarding.","publisher":{"@id":"https:\/\/transportjournal.com\/es\/#organization"},"potentialAction":[{"@type":"SearchAction","target":{"@type":"EntryPoint","urlTemplate":"https:\/\/transportjournal.com\/es\/?s={search_term_string}"},"query-input":{"@type":"PropertyValueSpecification","valueRequired":true,"valueName":"search_term_string"}}],"inLanguage":"es"},{"@type":"Organization","@id":"https:\/\/transportjournal.com\/es\/#organization","name":"Grupo Logismedia AG","alternateName":"Logismedia Group AG","url":"https:\/\/transportjournal.com\/es\/","logo":{"@type":"ImageObject","inLanguage":"es","@id":"https:\/\/transportjournal.com\/es\/#\/schema\/logo\/image\/","url":"https:\/\/transportjournal.com\/wp-content\/uploads\/sites\/2\/2025\/09\/Logo_ITJ.png","contentUrl":"https:\/\/transportjournal.com\/wp-content\/uploads\/sites\/2\/2025\/09\/Logo_ITJ.png","width":799,"height":326,"caption":"Grupo Logismedia AG"},"image":{"@id":"https:\/\/transportjournal.com\/es\/#\/schema\/logo\/image\/"},"sameAs":["https:\/\/www.linkedin.com\/company\/56456496\/admin\/dashboard\/","https:\/\/www.instagram.com\/logismediagroup\/","https:\/\/www.youtube.com\/@LogiamediaGroupAG"]},{"@type":"Person","@id":"https:\/\/transportjournal.com\/es\/#\/schema\/person\/cf538b3157f15afd7589245a4b3dbd25","name":"Andreas Haug","url":"https:\/\/transportjournal.com\/es\/author\/andreas\/"}]}},"_links":{"self":[{"href":"https:\/\/transportjournal.com\/es\/wp-json\/wp\/v2\/posts\/73468","targetHints":{"allow":["GET"]}}],"collection":[{"href":"https:\/\/transportjournal.com\/es\/wp-json\/wp\/v2\/posts"}],"about":[{"href":"https:\/\/transportjournal.com\/es\/wp-json\/wp\/v2\/types\/post"}],"author":[{"embeddable":true,"href":"https:\/\/transportjournal.com\/es\/wp-json\/wp\/v2\/users\/12"}],"replies":[{"embeddable":true,"href":"https:\/\/transportjournal.com\/es\/wp-json\/wp\/v2\/comments?post=73468"}],"version-history":[{"count":4,"href":"https:\/\/transportjournal.com\/es\/wp-json\/wp\/v2\/posts\/73468\/revisions"}],"predecessor-version":[{"id":74216,"href":"https:\/\/transportjournal.com\/es\/wp-json\/wp\/v2\/posts\/73468\/revisions\/74216"}],"wp:featuredmedia":[{"embeddable":true,"href":"https:\/\/transportjournal.com\/es\/wp-json\/wp\/v2\/media\/73465"}],"wp:attachment":[{"href":"https:\/\/transportjournal.com\/es\/wp-json\/wp\/v2\/media?parent=73468"}],"wp:term":[{"taxonomy":"category","embeddable":true,"href":"https:\/\/transportjournal.com\/es\/wp-json\/wp\/v2\/categories?post=73468"},{"taxonomy":"post_tag","embeddable":true,"href":"https:\/\/transportjournal.com\/es\/wp-json\/wp\/v2\/tags?post=73468"}],"curies":[{"name":"wp","href":"https:\/\/api.w.org\/{rel}","templated":true}]}}