{"id":73387,"date":"2026-01-19T09:01:38","date_gmt":"2026-01-19T09:01:38","guid":{"rendered":"https:\/\/transportjournal.com\/2026\/01\/19\/prevencion-de-enfermedades-musculoesqueleticas\/"},"modified":"2026-01-19T10:38:44","modified_gmt":"2026-01-19T09:38:44","slug":"prevencion-de-enfermedades-musculoesqueleticas","status":"publish","type":"post","link":"https:\/\/transportjournal.com\/es\/2026\/01\/19\/prevencion-de-enfermedades-musculoesqueleticas\/","title":{"rendered":"Prevenci\u00f3n de enfermedades musculoesquel\u00e9ticas"},"content":{"rendered":"<p>Las enfermedades musculoesquel\u00e9ticas son, seg\u00fan el Informe de Salud 2025 de la aseguradora Barmer y el portal de empleo Jobmatch, as\u00ed como el Informe de Ausencias 2025 de la AOK, responsables de aproximadamente el 20 por ciento de todos los d\u00edas de ausencia por enfermedad. Estas enfermedades son, por lo tanto, la causa m\u00e1s com\u00fan de ausencias en el lugar de trabajo, como informa el proveedor de promoci\u00f3n de la salud en empresas Kompass360Grad. Las enfermedades respiratorias y psicosociales siguen de cerca y conducen a un promedio de 25 d\u00edas de tiempo de inactividad. En el sector de la log\u00edstica, la tasa de enfermedad es especialmente pronunciada debido a altas cargas f\u00edsicas y psicol\u00f3gicas, alcanzando el 18 por ciento, seg\u00fan investigaciones de Kompass360Grad.<\/p>\n<h3>Integraci\u00f3n de la gesti\u00f3n de la salud<\/h3>\n<p>Para hacer frente a estos desaf\u00edos, Kompass360Grad ha desarrollado un nuevo concepto que se dirige espec\u00edficamente a sectores con altas cargas, en particular a la log\u00edstica y la industria. El enfoque combina la gesti\u00f3n de la salud cl\u00e1sica, la protecci\u00f3n laboral y la ergonom\u00eda con principios Lean y optimizaci\u00f3n de procesos. Este sistema integrado se denomina &#8222;Health Lean Management&#8220; y tiene como objetivo promover la salud de los empleados mientras se incrementa la eficiencia de los flujos de trabajo.<\/p>\n","protected":false},"excerpt":{"rendered":"<p>Las enfermedades musculoesquel\u00e9ticas causan, seg\u00fan Barmer y AOK, aproximadamente el 20 por ciento de los d\u00edas de ausencia por enfermedad, lo que las convierte en la causa m\u00e1s frecuente de ausencias.<\/p>\n","protected":false},"author":10,"featured_media":73384,"comment_status":"open","ping_status":"open","sticky":false,"template":"","format":"standard","meta":{"_acf_changed":false,"footnotes":""},"categories":[1611,1605],"tags":[6501,6502,6503,6504,6505,6506,6507,6508,6509,6510,6511,6512,6513,6514,6515,6516,6517,6518,6519,6520,6521,6522,6523,6524,6525,6526,6527,6528,6529,6530,6531,6532,6533,6534,6535,6536,6537,6538,6539,6540,6541,6542,6543,6544,6545,6546,6547,6548,6549,6550,6551,6552,6553,6554,6555,6556],"class_list":["post-73387","post","type-post","status-publish","format-standard","has-post-thumbnail","hentry","category-europa","category-expedicion-y-logistica","tag-absenteeism-at-work","tag-absenteisme-au-travail","tag-amelioration-de-lefficacite-des-flux-de-travail","tag-aok-absenteeism-report","tag-aok-fehlzeiten-report","tag-arbeitsschutz-logistik","tag-branchen-mit-hohen-belastungen-english-musculoskeletal-disorders","tag-concept-de-sante-logistique","tag-deutsch-muskel-skelett-erkrankungen","tag-efficiency-improvement-workflows","tag-effizienzsteigerung-arbeitsablaeufe","tag-employee-health-at-work","tag-ergonomics-in-industry","tag-ergonomie-dans-lindustrie","tag-ergonomie-in-der-industrie","tag-fehlzeiten-am-arbeitsplatz","tag-gestion-de-la-sante-au-travail","tag-gestion-lean-de-la-sante","tag-gesundheit-am-arbeitsplatz","tag-gesundheitsfoerderung-betriebe","tag-gesundheitskonzept-logistik","tag-gesundheitsmanagement-logistik","tag-gesundheitsreport-2025","tag-health-concept-logistics","tag-health-lean-management","tag-health-report-2025","tag-high-stress-industries-francais-troubles-musculo-squelettiques","tag-illness-rate-logistics","tag-industries-a-forte-charge","tag-integration-de-la-gestion-de-la-sante","tag-integration-of-health-management","tag-integration-von-gesundheitsmanagement","tag-kompass360grad","tag-koerperliche-belastungen-industrie","tag-krankheitsquote-logistik","tag-lean-management-gesundheit","tag-logistics-industry-health","tag-logistikbranche-gesundheit","tag-occupational-safety-logistics","tag-optimisation-des-processus-logistique","tag-physical-stress-industry","tag-process-optimization-logistics","tag-promotion-de-la-sante-au-travail","tag-prozessoptimierung-logistik","tag-psychische-belastungen-logistik","tag-psychological-stress-logistics","tag-rapport-dabsenteisme-aok","tag-rapport-de-sante-2025","tag-sante-dans-lindustrie-logistique","tag-sante-des-employes-au-travail","tag-securite-au-travail-logistique","tag-stress-physique-industrie","tag-stress-psychologique-logistique","tag-taux-de-maladie-logistique","tag-workplace-health-management","tag-workplace-health-promotion"],"acf":[],"yoast_head":"<!-- This site is optimized with the Yoast SEO plugin v27.3 - https:\/\/yoast.com\/product\/yoast-seo-wordpress\/ -->\n<title>Prevenci\u00f3n de enfermedades musculoesquel\u00e9ticas - ITJ | International Transport Journal<\/title>\n<meta name=\"robots\" content=\"index, follow, max-snippet:-1, max-image-preview:large, max-video-preview:-1\" \/>\n<link rel=\"canonical\" href=\"https:\/\/transportjournal.com\/es\/2026\/01\/19\/prevencion-de-enfermedades-musculoesqueleticas\/\" \/>\n<meta property=\"og:locale\" content=\"es_ES\" \/>\n<meta property=\"og:type\" content=\"article\" \/>\n<meta property=\"og:title\" content=\"Prevenci\u00f3n de enfermedades musculoesquel\u00e9ticas - ITJ | International Transport Journal\" \/>\n<meta property=\"og:description\" content=\"Las enfermedades musculoesquel\u00e9ticas causan, seg\u00fan Barmer y AOK, aproximadamente el 20 por ciento de los d\u00edas de ausencia por enfermedad, lo que las convierte en la causa m\u00e1s frecuente de ausencias.\" \/>\n<meta property=\"og:url\" content=\"https:\/\/transportjournal.com\/es\/2026\/01\/19\/prevencion-de-enfermedades-musculoesqueleticas\/\" \/>\n<meta property=\"og:site_name\" content=\"ITJ | International Transport Journal\" \/>\n<meta property=\"article:published_time\" content=\"2026-01-19T09:01:38+00:00\" \/>\n<meta property=\"article:modified_time\" content=\"2026-01-19T09:38:44+00:00\" \/>\n<meta property=\"og:image\" content=\"https:\/\/transportjournal.com\/wp-content\/uploads\/sites\/2\/2026\/01\/PortrA\u00a4t-Adrian-Janina.jpg\" \/>\n\t<meta property=\"og:image:width\" content=\"720\" \/>\n\t<meta property=\"og:image:height\" content=\"404\" \/>\n\t<meta property=\"og:image:type\" content=\"image\/jpeg\" \/>\n<meta name=\"author\" content=\"Jeremy Soland\" \/>\n<meta name=\"twitter:card\" content=\"summary_large_image\" \/>\n<meta name=\"twitter:label1\" content=\"Escrito por\" \/>\n\t<meta name=\"twitter:data1\" content=\"Jeremy Soland\" \/>\n\t<meta name=\"twitter:label2\" content=\"Tiempo de lectura\" \/>\n\t<meta name=\"twitter:data2\" content=\"1 minuto\" \/>\n<script type=\"application\/ld+json\" class=\"yoast-schema-graph\">{\"@context\":\"https:\\\/\\\/schema.org\",\"@graph\":[{\"@type\":\"Article\",\"@id\":\"https:\\\/\\\/transportjournal.com\\\/es\\\/2026\\\/01\\\/19\\\/prevencion-de-enfermedades-musculoesqueleticas\\\/#article\",\"isPartOf\":{\"@id\":\"https:\\\/\\\/transportjournal.com\\\/es\\\/2026\\\/01\\\/19\\\/prevencion-de-enfermedades-musculoesqueleticas\\\/\"},\"author\":{\"name\":\"Jeremy Soland\",\"@id\":\"https:\\\/\\\/transportjournal.com\\\/es\\\/#\\\/schema\\\/person\\\/41d36b5474b623392fa613e97e2363fa\"},\"headline\":\"Prevenci\u00f3n de enfermedades musculoesquel\u00e9ticas\",\"datePublished\":\"2026-01-19T09:01:38+00:00\",\"dateModified\":\"2026-01-19T09:38:44+00:00\",\"mainEntityOfPage\":{\"@id\":\"https:\\\/\\\/transportjournal.com\\\/es\\\/2026\\\/01\\\/19\\\/prevencion-de-enfermedades-musculoesqueleticas\\\/\"},\"wordCount\":234,\"commentCount\":0,\"publisher\":{\"@id\":\"https:\\\/\\\/transportjournal.com\\\/es\\\/#organization\"},\"image\":{\"@id\":\"https:\\\/\\\/transportjournal.com\\\/es\\\/2026\\\/01\\\/19\\\/prevencion-de-enfermedades-musculoesqueleticas\\\/#primaryimage\"},\"thumbnailUrl\":\"https:\\\/\\\/transportjournal.com\\\/wp-content\\\/uploads\\\/sites\\\/2\\\/2026\\\/01\\\/PortrA\u00a4t-Adrian-Janina.jpg\",\"keywords\":[\"absenteeism at work\",\"absent\u00e9isme au travail\",\"am\u00e9lioration de l'efficacit\u00e9 des flux de travail\",\"AOK absenteeism report\",\"AOK Fehlzeiten-Report\",\"Arbeitsschutz Logistik\",\"Branchen mit hohen Belastungen English musculoskeletal disorders\",\"concept de sant\u00e9 logistique\",\"Deutsch Muskel-Skelett-Erkrankungen\",\"efficiency improvement workflows\",\"Effizienzsteigerung Arbeitsabl\u00e4ufe\",\"employee health at work\",\"ergonomics in industry\",\"ergonomie dans l'industrie\",\"Ergonomie in der Industrie\",\"Fehlzeiten am Arbeitsplatz\",\"gestion de la sant\u00e9 au travail\",\"gestion lean de la sant\u00e9\",\"Gesundheit am Arbeitsplatz\",\"Gesundheitsf\u00f6rderung Betriebe\",\"Gesundheitskonzept Logistik\",\"Gesundheitsmanagement Logistik\",\"Gesundheitsreport 2025\",\"health concept logistics\",\"health lean management\",\"health report 2025\",\"high-stress industries Fran\u00e7ais troubles musculo-squelettiques\",\"illness rate logistics\",\"industries \u00e0 forte charge\",\"int\u00e9gration de la gestion de la sant\u00e9\",\"integration of health management\",\"Integration von Gesundheitsmanagement\",\"Kompass360Grad\",\"k\u00f6rperliche Belastungen Industrie\",\"Krankheitsquote Logistik\",\"Lean Management Gesundheit\",\"logistics industry health\",\"Logistikbranche Gesundheit\",\"occupational safety logistics\",\"optimisation des processus logistique\",\"physical stress industry\",\"process optimization logistics\",\"promotion de la sant\u00e9 au travail\",\"Prozessoptimierung Logistik\",\"psychische Belastungen Logistik\",\"psychological stress logistics\",\"rapport d'absent\u00e9isme AOK\",\"rapport de sant\u00e9 2025\",\"sant\u00e9 dans l'industrie logistique\",\"sant\u00e9 des employ\u00e9s au travail\",\"s\u00e9curit\u00e9 au travail logistique\",\"stress physique industrie\",\"stress psychologique logistique\",\"taux de maladie logistique\",\"workplace health management\",\"workplace health promotion\"],\"articleSection\":[\"Europa\",\"Transporte de mercanc\u00edas y log\u00edstica\"],\"inLanguage\":\"es\",\"potentialAction\":[{\"@type\":\"CommentAction\",\"name\":\"Comment\",\"target\":[\"https:\\\/\\\/transportjournal.com\\\/es\\\/2026\\\/01\\\/19\\\/prevencion-de-enfermedades-musculoesqueleticas\\\/#respond\"]}]},{\"@type\":\"WebPage\",\"@id\":\"https:\\\/\\\/transportjournal.com\\\/es\\\/2026\\\/01\\\/19\\\/prevencion-de-enfermedades-musculoesqueleticas\\\/\",\"url\":\"https:\\\/\\\/transportjournal.com\\\/es\\\/2026\\\/01\\\/19\\\/prevencion-de-enfermedades-musculoesqueleticas\\\/\",\"name\":\"Prevenci\u00f3n de enfermedades musculoesquel\u00e9ticas - ITJ | International Transport Journal\",\"isPartOf\":{\"@id\":\"https:\\\/\\\/transportjournal.com\\\/es\\\/#website\"},\"primaryImageOfPage\":{\"@id\":\"https:\\\/\\\/transportjournal.com\\\/es\\\/2026\\\/01\\\/19\\\/prevencion-de-enfermedades-musculoesqueleticas\\\/#primaryimage\"},\"image\":{\"@id\":\"https:\\\/\\\/transportjournal.com\\\/es\\\/2026\\\/01\\\/19\\\/prevencion-de-enfermedades-musculoesqueleticas\\\/#primaryimage\"},\"thumbnailUrl\":\"https:\\\/\\\/transportjournal.com\\\/wp-content\\\/uploads\\\/sites\\\/2\\\/2026\\\/01\\\/PortrA\u00a4t-Adrian-Janina.jpg\",\"datePublished\":\"2026-01-19T09:01:38+00:00\",\"dateModified\":\"2026-01-19T09:38:44+00:00\",\"breadcrumb\":{\"@id\":\"https:\\\/\\\/transportjournal.com\\\/es\\\/2026\\\/01\\\/19\\\/prevencion-de-enfermedades-musculoesqueleticas\\\/#breadcrumb\"},\"inLanguage\":\"es\",\"potentialAction\":[{\"@type\":\"ReadAction\",\"target\":[\"https:\\\/\\\/transportjournal.com\\\/es\\\/2026\\\/01\\\/19\\\/prevencion-de-enfermedades-musculoesqueleticas\\\/\"]}]},{\"@type\":\"ImageObject\",\"inLanguage\":\"es\",\"@id\":\"https:\\\/\\\/transportjournal.com\\\/es\\\/2026\\\/01\\\/19\\\/prevencion-de-enfermedades-musculoesqueleticas\\\/#primaryimage\",\"url\":\"https:\\\/\\\/transportjournal.com\\\/wp-content\\\/uploads\\\/sites\\\/2\\\/2026\\\/01\\\/PortrA\u00a4t-Adrian-Janina.jpg\",\"contentUrl\":\"https:\\\/\\\/transportjournal.com\\\/wp-content\\\/uploads\\\/sites\\\/2\\\/2026\\\/01\\\/PortrA\u00a4t-Adrian-Janina.jpg\",\"width\":720,\"height\":404},{\"@type\":\"BreadcrumbList\",\"@id\":\"https:\\\/\\\/transportjournal.com\\\/es\\\/2026\\\/01\\\/19\\\/prevencion-de-enfermedades-musculoesqueleticas\\\/#breadcrumb\",\"itemListElement\":[{\"@type\":\"ListItem\",\"position\":1,\"name\":\"Startseite\",\"item\":\"https:\\\/\\\/transportjournal.com\\\/es\\\/\"},{\"@type\":\"ListItem\",\"position\":2,\"name\":\"Prevenci\u00f3n de enfermedades musculoesquel\u00e9ticas\"}]},{\"@type\":\"WebSite\",\"@id\":\"https:\\\/\\\/transportjournal.com\\\/es\\\/#website\",\"url\":\"https:\\\/\\\/transportjournal.com\\\/es\\\/\",\"name\":\"ITJ | International Transport Journal\",\"description\":\"Stay informed with the latest global news from the transport, logistics, and supply chain industries. Transport Journal delivers expert insights, analysis, and updates across shipping, aviation, intermodal, and forwarding.\",\"publisher\":{\"@id\":\"https:\\\/\\\/transportjournal.com\\\/es\\\/#organization\"},\"potentialAction\":[{\"@type\":\"SearchAction\",\"target\":{\"@type\":\"EntryPoint\",\"urlTemplate\":\"https:\\\/\\\/transportjournal.com\\\/es\\\/?s={search_term_string}\"},\"query-input\":{\"@type\":\"PropertyValueSpecification\",\"valueRequired\":true,\"valueName\":\"search_term_string\"}}],\"inLanguage\":\"es\"},{\"@type\":\"Organization\",\"@id\":\"https:\\\/\\\/transportjournal.com\\\/es\\\/#organization\",\"name\":\"Grupo Logismedia AG\",\"alternateName\":\"Logismedia Group AG\",\"url\":\"https:\\\/\\\/transportjournal.com\\\/es\\\/\",\"logo\":{\"@type\":\"ImageObject\",\"inLanguage\":\"es\",\"@id\":\"https:\\\/\\\/transportjournal.com\\\/es\\\/#\\\/schema\\\/logo\\\/image\\\/\",\"url\":\"https:\\\/\\\/transportjournal.com\\\/wp-content\\\/uploads\\\/sites\\\/2\\\/2025\\\/09\\\/Logo_ITJ.png\",\"contentUrl\":\"https:\\\/\\\/transportjournal.com\\\/wp-content\\\/uploads\\\/sites\\\/2\\\/2025\\\/09\\\/Logo_ITJ.png\",\"width\":799,\"height\":326,\"caption\":\"Grupo Logismedia AG\"},\"image\":{\"@id\":\"https:\\\/\\\/transportjournal.com\\\/es\\\/#\\\/schema\\\/logo\\\/image\\\/\"},\"sameAs\":[\"https:\\\/\\\/www.linkedin.com\\\/company\\\/56456496\\\/admin\\\/dashboard\\\/\",\"https:\\\/\\\/www.instagram.com\\\/logismediagroup\\\/\",\"https:\\\/\\\/www.youtube.com\\\/@LogiamediaGroupAG\"]},{\"@type\":\"Person\",\"@id\":\"https:\\\/\\\/transportjournal.com\\\/es\\\/#\\\/schema\\\/person\\\/41d36b5474b623392fa613e97e2363fa\",\"name\":\"Jeremy Soland\",\"url\":\"https:\\\/\\\/transportjournal.com\\\/es\\\/author\\\/jeremy\\\/\"}]}<\/script>\n<!-- \/ Yoast SEO plugin. -->","yoast_head_json":{"title":"Prevenci\u00f3n de enfermedades musculoesquel\u00e9ticas - ITJ | International Transport Journal","robots":{"index":"index","follow":"follow","max-snippet":"max-snippet:-1","max-image-preview":"max-image-preview:large","max-video-preview":"max-video-preview:-1"},"canonical":"https:\/\/transportjournal.com\/es\/2026\/01\/19\/prevencion-de-enfermedades-musculoesqueleticas\/","og_locale":"es_ES","og_type":"article","og_title":"Prevenci\u00f3n de enfermedades musculoesquel\u00e9ticas - ITJ | International Transport Journal","og_description":"Las enfermedades musculoesquel\u00e9ticas causan, seg\u00fan Barmer y AOK, aproximadamente el 20 por ciento de los d\u00edas de ausencia por enfermedad, lo que las convierte en la causa m\u00e1s frecuente de ausencias.","og_url":"https:\/\/transportjournal.com\/es\/2026\/01\/19\/prevencion-de-enfermedades-musculoesqueleticas\/","og_site_name":"ITJ | International Transport Journal","article_published_time":"2026-01-19T09:01:38+00:00","article_modified_time":"2026-01-19T09:38:44+00:00","og_image":[{"width":720,"height":404,"url":"https:\/\/transportjournal.com\/wp-content\/uploads\/sites\/2\/2026\/01\/PortrA\u00a4t-Adrian-Janina.jpg","type":"image\/jpeg"}],"author":"Jeremy Soland","twitter_card":"summary_large_image","twitter_misc":{"Escrito por":"Jeremy Soland","Tiempo de lectura":"1 minuto"},"schema":{"@context":"https:\/\/schema.org","@graph":[{"@type":"Article","@id":"https:\/\/transportjournal.com\/es\/2026\/01\/19\/prevencion-de-enfermedades-musculoesqueleticas\/#article","isPartOf":{"@id":"https:\/\/transportjournal.com\/es\/2026\/01\/19\/prevencion-de-enfermedades-musculoesqueleticas\/"},"author":{"name":"Jeremy Soland","@id":"https:\/\/transportjournal.com\/es\/#\/schema\/person\/41d36b5474b623392fa613e97e2363fa"},"headline":"Prevenci\u00f3n de enfermedades musculoesquel\u00e9ticas","datePublished":"2026-01-19T09:01:38+00:00","dateModified":"2026-01-19T09:38:44+00:00","mainEntityOfPage":{"@id":"https:\/\/transportjournal.com\/es\/2026\/01\/19\/prevencion-de-enfermedades-musculoesqueleticas\/"},"wordCount":234,"commentCount":0,"publisher":{"@id":"https:\/\/transportjournal.com\/es\/#organization"},"image":{"@id":"https:\/\/transportjournal.com\/es\/2026\/01\/19\/prevencion-de-enfermedades-musculoesqueleticas\/#primaryimage"},"thumbnailUrl":"https:\/\/transportjournal.com\/wp-content\/uploads\/sites\/2\/2026\/01\/PortrA\u00a4t-Adrian-Janina.jpg","keywords":["absenteeism at work","absent\u00e9isme au travail","am\u00e9lioration de l'efficacit\u00e9 des flux de travail","AOK absenteeism report","AOK Fehlzeiten-Report","Arbeitsschutz Logistik","Branchen mit hohen Belastungen English musculoskeletal disorders","concept de sant\u00e9 logistique","Deutsch Muskel-Skelett-Erkrankungen","efficiency improvement workflows","Effizienzsteigerung Arbeitsabl\u00e4ufe","employee health at work","ergonomics in industry","ergonomie dans l'industrie","Ergonomie in der Industrie","Fehlzeiten am Arbeitsplatz","gestion de la sant\u00e9 au travail","gestion lean de la sant\u00e9","Gesundheit am Arbeitsplatz","Gesundheitsf\u00f6rderung Betriebe","Gesundheitskonzept Logistik","Gesundheitsmanagement Logistik","Gesundheitsreport 2025","health concept logistics","health lean management","health report 2025","high-stress industries Fran\u00e7ais troubles musculo-squelettiques","illness rate logistics","industries \u00e0 forte charge","int\u00e9gration de la gestion de la sant\u00e9","integration of health management","Integration von Gesundheitsmanagement","Kompass360Grad","k\u00f6rperliche Belastungen Industrie","Krankheitsquote Logistik","Lean Management Gesundheit","logistics industry health","Logistikbranche Gesundheit","occupational safety logistics","optimisation des processus logistique","physical stress industry","process optimization logistics","promotion de la sant\u00e9 au travail","Prozessoptimierung Logistik","psychische Belastungen Logistik","psychological stress logistics","rapport d'absent\u00e9isme AOK","rapport de sant\u00e9 2025","sant\u00e9 dans l'industrie logistique","sant\u00e9 des employ\u00e9s au travail","s\u00e9curit\u00e9 au travail logistique","stress physique industrie","stress psychologique logistique","taux de maladie logistique","workplace health management","workplace health promotion"],"articleSection":["Europa","Transporte de mercanc\u00edas y log\u00edstica"],"inLanguage":"es","potentialAction":[{"@type":"CommentAction","name":"Comment","target":["https:\/\/transportjournal.com\/es\/2026\/01\/19\/prevencion-de-enfermedades-musculoesqueleticas\/#respond"]}]},{"@type":"WebPage","@id":"https:\/\/transportjournal.com\/es\/2026\/01\/19\/prevencion-de-enfermedades-musculoesqueleticas\/","url":"https:\/\/transportjournal.com\/es\/2026\/01\/19\/prevencion-de-enfermedades-musculoesqueleticas\/","name":"Prevenci\u00f3n de enfermedades musculoesquel\u00e9ticas - ITJ | International Transport Journal","isPartOf":{"@id":"https:\/\/transportjournal.com\/es\/#website"},"primaryImageOfPage":{"@id":"https:\/\/transportjournal.com\/es\/2026\/01\/19\/prevencion-de-enfermedades-musculoesqueleticas\/#primaryimage"},"image":{"@id":"https:\/\/transportjournal.com\/es\/2026\/01\/19\/prevencion-de-enfermedades-musculoesqueleticas\/#primaryimage"},"thumbnailUrl":"https:\/\/transportjournal.com\/wp-content\/uploads\/sites\/2\/2026\/01\/PortrA\u00a4t-Adrian-Janina.jpg","datePublished":"2026-01-19T09:01:38+00:00","dateModified":"2026-01-19T09:38:44+00:00","breadcrumb":{"@id":"https:\/\/transportjournal.com\/es\/2026\/01\/19\/prevencion-de-enfermedades-musculoesqueleticas\/#breadcrumb"},"inLanguage":"es","potentialAction":[{"@type":"ReadAction","target":["https:\/\/transportjournal.com\/es\/2026\/01\/19\/prevencion-de-enfermedades-musculoesqueleticas\/"]}]},{"@type":"ImageObject","inLanguage":"es","@id":"https:\/\/transportjournal.com\/es\/2026\/01\/19\/prevencion-de-enfermedades-musculoesqueleticas\/#primaryimage","url":"https:\/\/transportjournal.com\/wp-content\/uploads\/sites\/2\/2026\/01\/PortrA\u00a4t-Adrian-Janina.jpg","contentUrl":"https:\/\/transportjournal.com\/wp-content\/uploads\/sites\/2\/2026\/01\/PortrA\u00a4t-Adrian-Janina.jpg","width":720,"height":404},{"@type":"BreadcrumbList","@id":"https:\/\/transportjournal.com\/es\/2026\/01\/19\/prevencion-de-enfermedades-musculoesqueleticas\/#breadcrumb","itemListElement":[{"@type":"ListItem","position":1,"name":"Startseite","item":"https:\/\/transportjournal.com\/es\/"},{"@type":"ListItem","position":2,"name":"Prevenci\u00f3n de enfermedades musculoesquel\u00e9ticas"}]},{"@type":"WebSite","@id":"https:\/\/transportjournal.com\/es\/#website","url":"https:\/\/transportjournal.com\/es\/","name":"ITJ | International Transport Journal","description":"Stay informed with the latest global news from the transport, logistics, and supply chain industries. Transport Journal delivers expert insights, analysis, and updates across shipping, aviation, intermodal, and forwarding.","publisher":{"@id":"https:\/\/transportjournal.com\/es\/#organization"},"potentialAction":[{"@type":"SearchAction","target":{"@type":"EntryPoint","urlTemplate":"https:\/\/transportjournal.com\/es\/?s={search_term_string}"},"query-input":{"@type":"PropertyValueSpecification","valueRequired":true,"valueName":"search_term_string"}}],"inLanguage":"es"},{"@type":"Organization","@id":"https:\/\/transportjournal.com\/es\/#organization","name":"Grupo Logismedia AG","alternateName":"Logismedia Group AG","url":"https:\/\/transportjournal.com\/es\/","logo":{"@type":"ImageObject","inLanguage":"es","@id":"https:\/\/transportjournal.com\/es\/#\/schema\/logo\/image\/","url":"https:\/\/transportjournal.com\/wp-content\/uploads\/sites\/2\/2025\/09\/Logo_ITJ.png","contentUrl":"https:\/\/transportjournal.com\/wp-content\/uploads\/sites\/2\/2025\/09\/Logo_ITJ.png","width":799,"height":326,"caption":"Grupo Logismedia AG"},"image":{"@id":"https:\/\/transportjournal.com\/es\/#\/schema\/logo\/image\/"},"sameAs":["https:\/\/www.linkedin.com\/company\/56456496\/admin\/dashboard\/","https:\/\/www.instagram.com\/logismediagroup\/","https:\/\/www.youtube.com\/@LogiamediaGroupAG"]},{"@type":"Person","@id":"https:\/\/transportjournal.com\/es\/#\/schema\/person\/41d36b5474b623392fa613e97e2363fa","name":"Jeremy Soland","url":"https:\/\/transportjournal.com\/es\/author\/jeremy\/"}]}},"_links":{"self":[{"href":"https:\/\/transportjournal.com\/es\/wp-json\/wp\/v2\/posts\/73387","targetHints":{"allow":["GET"]}}],"collection":[{"href":"https:\/\/transportjournal.com\/es\/wp-json\/wp\/v2\/posts"}],"about":[{"href":"https:\/\/transportjournal.com\/es\/wp-json\/wp\/v2\/types\/post"}],"author":[{"embeddable":true,"href":"https:\/\/transportjournal.com\/es\/wp-json\/wp\/v2\/users\/10"}],"replies":[{"embeddable":true,"href":"https:\/\/transportjournal.com\/es\/wp-json\/wp\/v2\/comments?post=73387"}],"version-history":[{"count":1,"href":"https:\/\/transportjournal.com\/es\/wp-json\/wp\/v2\/posts\/73387\/revisions"}],"predecessor-version":[{"id":73394,"href":"https:\/\/transportjournal.com\/es\/wp-json\/wp\/v2\/posts\/73387\/revisions\/73394"}],"wp:featuredmedia":[{"embeddable":true,"href":"https:\/\/transportjournal.com\/es\/wp-json\/wp\/v2\/media\/73384"}],"wp:attachment":[{"href":"https:\/\/transportjournal.com\/es\/wp-json\/wp\/v2\/media?parent=73387"}],"wp:term":[{"taxonomy":"category","embeddable":true,"href":"https:\/\/transportjournal.com\/es\/wp-json\/wp\/v2\/categories?post=73387"},{"taxonomy":"post_tag","embeddable":true,"href":"https:\/\/transportjournal.com\/es\/wp-json\/wp\/v2\/tags?post=73387"}],"curies":[{"name":"wp","href":"https:\/\/api.w.org\/{rel}","templated":true}]}}