{"id":73347,"date":"2026-01-16T10:19:47","date_gmt":"2026-01-16T10:19:47","guid":{"rendered":"https:\/\/transportjournal.com\/2026\/01\/16\/hoeegh-autoliners-es-nuevo-miembro-de-wsc\/"},"modified":"2026-01-16T10:19:47","modified_gmt":"2026-01-16T10:19:47","slug":"hoeegh-autoliners-es-nuevo-miembro-de-wsc","status":"publish","type":"post","link":"https:\/\/transportjournal.com\/es\/2026\/01\/16\/hoeegh-autoliners-es-nuevo-miembro-de-wsc\/","title":{"rendered":"H\u00f6egh Autoliners es nuevo miembro de WSC"},"content":{"rendered":"<p>El World Shipping Council (WSC) ha anunciado que H\u00f6egh Autoliners ha sido admitido como nuevo miembro. Esta membres\u00eda tiene como objetivo fortalecer la representaci\u00f3n de la industria de transporte mar\u00edtimo de l\u00ednea global, incluido el transporte de veh\u00edculos.<\/p>\n<p>Joe Kramek, presidente y CEO del WSC, expres\u00f3 su satisfacci\u00f3n por la inclusi\u00f3n de H\u00f6egh Autoliners: \u201cLos transportadores de veh\u00edculos son una parte central del transporte mar\u00edtimo de l\u00ednea, que mueve el comercio global. H\u00f6egh Autoliners aporta valiosa experiencia y perspectivas mientras trabajamos con los responsables pol\u00edticos en temas como la seguridad, la sostenibilidad y regulaciones globales efectivas.\u201d<\/p>\n<p>Andreas Enger, CEO de H\u00f6egh Autoliners, destac\u00f3 las inversiones a largo plazo de la empresa en un futuro m\u00e1s ecol\u00f3gico. \u201cDado los patrones comerciales cambiantes y las condiciones operativas cada vez m\u00e1s complejas, el transporte mar\u00edtimo de l\u00ednea necesita pol\u00edticas globales que funcionen\u201d, explic\u00f3 Enger.<\/p>\n<p><a href=\"https:\/\/www.worldshipping.org\/\" target=\"_blank\" rel=\"noopener noreferrer\">www.worldshipping.org<\/a><\/p>\n<p><a href=\"https:\/\/www.hoeghautoliners.com\/\" target=\"_blank\" rel=\"noopener noreferrer\">www.hoeghautoliners.com<\/a><\/p>\n","protected":false},"excerpt":{"rendered":"<p>El World Shipping Council ha incorporado a H\u00f6egh Autoliners como nuevo miembro para fortalecer la representaci\u00f3n de la industria naviera de l\u00ednea global.<\/p>\n","protected":false},"author":10,"featured_media":73344,"comment_status":"open","ping_status":"open","sticky":false,"template":"","format":"standard","meta":{"_acf_changed":false,"footnotes":""},"categories":[1613,1614,1610,1611,1607,1612],"tags":[6343,6344,2115,2116,6345,2213,6346,5325,6347,6348,6349,6350,2909,2223,2702,5147,2044,6351,6352,6353,2821,1831,3011,2054,6354,6355,1809,3157,2925,5334,2929,2829,6356,5158,2727,6357,6358,5070,2728,5074,6359,6360,5880,5078,6361,6362,4930,2297,2243,5081,3032,1837,6363,4936,6364,6365],"class_list":["post-73347","post","type-post","status-publish","format-standard","has-post-thumbnail","hentry","category-africa","category-america","category-asia-pacifico","category-europa","category-navegacion-y-puertos","category-oriente-medio","tag-adhesion-au-wsc","tag-deutsch-hoeegh-autoliners","tag-digitalisierung-in-der-logistik","tag-digitalization-in-logistics","tag-eco-friendly-shipping","tag-economie-du-transport","tag-fachkraeftemangel-in-der-schifffahrt","tag-fahrzeugtransport","tag-global-regulations","tag-global-trade-patterns","tag-globale-handelsmuster","tag-globale-regulierungen","tag-hafenbetrieb","tag-industrie-maritime","tag-infrastructure-maritime","tag-international-trade-relations","tag-internationale-handelsbeziehungen","tag-labor-shortage-in-shipping","tag-liner-shipping","tag-linienschifffahrt","tag-logistics-providers","tag-logistikdienstleister","tag-maritime-infrastructure","tag-maritime-infrastruktur","tag-mitgliedschaft-wsc","tag-modeles-commerciaux-mondiaux","tag-nachhaltige-schifffahrt","tag-numerisation-dans-la-logistique","tag-operations-portuaires","tag-penurie-de-main-doeuvre-dans-le-transport-maritime","tag-port-operations","tag-prestataires-logistiques","tag-reglementations-mondiales","tag-relations-commerciales-internationales","tag-schifffahrtsindustrie","tag-schifffahrtstrends-english-hoeegh-autoliners","tag-schiffsverkehr","tag-securite-maritime","tag-shipping-industry","tag-shipping-safety","tag-shipping-traffic","tag-shipping-trends-francais-hoeegh-autoliners","tag-sicherheit-in-der-schifffahrt","tag-sustainable-shipping","tag-tendances-maritimes","tag-trafic-maritime","tag-transport-de-vehicules","tag-transport-economy","tag-transport-maritime","tag-transport-maritime-durable","tag-transport-maritime-ecologique","tag-transportwirtschaft","tag-umweltfreundliche-schifffahrt","tag-vehicle-transport","tag-world-shipping-council","tag-wsc-membership"],"acf":[],"yoast_head":"<!-- This site is optimized with the Yoast SEO plugin v27.3 - https:\/\/yoast.com\/product\/yoast-seo-wordpress\/ -->\n<title>H\u00f6egh Autoliners es nuevo miembro de WSC - ITJ | International Transport Journal<\/title>\n<meta name=\"robots\" content=\"index, follow, max-snippet:-1, max-image-preview:large, max-video-preview:-1\" \/>\n<link rel=\"canonical\" href=\"https:\/\/transportjournal.com\/es\/2026\/01\/16\/hoeegh-autoliners-es-nuevo-miembro-de-wsc\/\" \/>\n<meta property=\"og:locale\" content=\"es_ES\" \/>\n<meta property=\"og:type\" content=\"article\" \/>\n<meta property=\"og:title\" content=\"H\u00f6egh Autoliners es nuevo miembro de WSC - ITJ | International Transport Journal\" \/>\n<meta property=\"og:description\" content=\"El World Shipping Council ha incorporado a H\u00f6egh Autoliners como nuevo miembro para fortalecer la representaci\u00f3n de la industria naviera de l\u00ednea global.\" \/>\n<meta property=\"og:url\" content=\"https:\/\/transportjournal.com\/es\/2026\/01\/16\/hoeegh-autoliners-es-nuevo-miembro-de-wsc\/\" \/>\n<meta property=\"og:site_name\" content=\"ITJ | International Transport Journal\" \/>\n<meta property=\"article:published_time\" content=\"2026-01-16T10:19:47+00:00\" \/>\n<meta property=\"og:image\" content=\"https:\/\/transportjournal.com\/wp-content\/uploads\/sites\/2\/2026\/01\/AdobeStock_517530086-7-scaled-aspect-ratio-1400-788-2-scaled-1.jpeg\" \/>\n\t<meta property=\"og:image:width\" content=\"2560\" \/>\n\t<meta property=\"og:image:height\" content=\"1441\" \/>\n\t<meta property=\"og:image:type\" content=\"image\/jpeg\" \/>\n<meta name=\"author\" content=\"Jeremy Soland\" \/>\n<meta name=\"twitter:card\" content=\"summary_large_image\" \/>\n<meta name=\"twitter:label1\" content=\"Escrito por\" \/>\n\t<meta name=\"twitter:data1\" content=\"Jeremy Soland\" \/>\n\t<meta name=\"twitter:label2\" content=\"Tiempo de lectura\" \/>\n\t<meta name=\"twitter:data2\" content=\"1 minuto\" \/>\n<script type=\"application\/ld+json\" class=\"yoast-schema-graph\">{\"@context\":\"https:\\\/\\\/schema.org\",\"@graph\":[{\"@type\":\"Article\",\"@id\":\"https:\\\/\\\/transportjournal.com\\\/es\\\/2026\\\/01\\\/16\\\/hoeegh-autoliners-es-nuevo-miembro-de-wsc\\\/#article\",\"isPartOf\":{\"@id\":\"https:\\\/\\\/transportjournal.com\\\/es\\\/2026\\\/01\\\/16\\\/hoeegh-autoliners-es-nuevo-miembro-de-wsc\\\/\"},\"author\":{\"name\":\"Jeremy Soland\",\"@id\":\"https:\\\/\\\/transportjournal.com\\\/es\\\/#\\\/schema\\\/person\\\/41d36b5474b623392fa613e97e2363fa\"},\"headline\":\"H\u00f6egh Autoliners es nuevo miembro de WSC\",\"datePublished\":\"2026-01-16T10:19:47+00:00\",\"mainEntityOfPage\":{\"@id\":\"https:\\\/\\\/transportjournal.com\\\/es\\\/2026\\\/01\\\/16\\\/hoeegh-autoliners-es-nuevo-miembro-de-wsc\\\/\"},\"wordCount\":176,\"commentCount\":0,\"publisher\":{\"@id\":\"https:\\\/\\\/transportjournal.com\\\/es\\\/#organization\"},\"image\":{\"@id\":\"https:\\\/\\\/transportjournal.com\\\/es\\\/2026\\\/01\\\/16\\\/hoeegh-autoliners-es-nuevo-miembro-de-wsc\\\/#primaryimage\"},\"thumbnailUrl\":\"https:\\\/\\\/transportjournal.com\\\/wp-content\\\/uploads\\\/sites\\\/2\\\/2026\\\/01\\\/AdobeStock_517530086-7-scaled-aspect-ratio-1400-788-2-scaled-1.jpeg\",\"keywords\":[\"adh\u00e9sion au WSC\",\"Deutsch H\u00f6egh Autoliners\",\"Digitalisierung in der Logistik\",\"digitalization in logistics\",\"eco-friendly shipping\",\"\u00e9conomie du transport\",\"Fachkr\u00e4ftemangel in der Schifffahrt\",\"Fahrzeugtransport\",\"global regulations\",\"global trade patterns\",\"globale Handelsmuster\",\"globale Regulierungen\",\"Hafenbetrieb\",\"industrie maritime\",\"infrastructure maritime\",\"international trade relations\",\"internationale Handelsbeziehungen\",\"labor shortage in shipping\",\"liner shipping\",\"Linienschifffahrt\",\"logistics providers\",\"Logistikdienstleister\",\"maritime infrastructure\",\"maritime Infrastruktur\",\"Mitgliedschaft WSC\",\"mod\u00e8les commerciaux mondiaux\",\"nachhaltige Schifffahrt\",\"num\u00e9risation dans la logistique\",\"op\u00e9rations portuaires\",\"p\u00e9nurie de main-d'\u0153uvre dans le transport maritime\",\"port operations\",\"prestataires logistiques\",\"r\u00e9glementations mondiales\",\"relations commerciales internationales\",\"Schifffahrtsindustrie\",\"Schifffahrtstrends English H\u00f6egh Autoliners\",\"Schiffsverkehr\",\"s\u00e9curit\u00e9 maritime\",\"shipping industry\",\"shipping safety\",\"shipping traffic\",\"shipping trends Fran\u00e7ais H\u00f6egh Autoliners\",\"Sicherheit in der Schifffahrt\",\"sustainable shipping\",\"tendances maritimes\",\"trafic maritime\",\"transport de v\u00e9hicules\",\"transport economy\",\"transport maritime\",\"transport maritime durable\",\"transport maritime \u00e9cologique\",\"Transportwirtschaft\",\"umweltfreundliche Schifffahrt\",\"vehicle transport\",\"World Shipping Council\",\"WSC membership\"],\"articleSection\":[\"\u00c1frica\",\"Am\u00e9rica\",\"Asia\\\/Pac\u00edfico\",\"Europa\",\"Navegaci\u00f3n y puertos\",\"Oriente Medio\"],\"inLanguage\":\"es\",\"potentialAction\":[{\"@type\":\"CommentAction\",\"name\":\"Comment\",\"target\":[\"https:\\\/\\\/transportjournal.com\\\/es\\\/2026\\\/01\\\/16\\\/hoeegh-autoliners-es-nuevo-miembro-de-wsc\\\/#respond\"]}]},{\"@type\":\"WebPage\",\"@id\":\"https:\\\/\\\/transportjournal.com\\\/es\\\/2026\\\/01\\\/16\\\/hoeegh-autoliners-es-nuevo-miembro-de-wsc\\\/\",\"url\":\"https:\\\/\\\/transportjournal.com\\\/es\\\/2026\\\/01\\\/16\\\/hoeegh-autoliners-es-nuevo-miembro-de-wsc\\\/\",\"name\":\"H\u00f6egh Autoliners es nuevo miembro de WSC - ITJ | International Transport Journal\",\"isPartOf\":{\"@id\":\"https:\\\/\\\/transportjournal.com\\\/es\\\/#website\"},\"primaryImageOfPage\":{\"@id\":\"https:\\\/\\\/transportjournal.com\\\/es\\\/2026\\\/01\\\/16\\\/hoeegh-autoliners-es-nuevo-miembro-de-wsc\\\/#primaryimage\"},\"image\":{\"@id\":\"https:\\\/\\\/transportjournal.com\\\/es\\\/2026\\\/01\\\/16\\\/hoeegh-autoliners-es-nuevo-miembro-de-wsc\\\/#primaryimage\"},\"thumbnailUrl\":\"https:\\\/\\\/transportjournal.com\\\/wp-content\\\/uploads\\\/sites\\\/2\\\/2026\\\/01\\\/AdobeStock_517530086-7-scaled-aspect-ratio-1400-788-2-scaled-1.jpeg\",\"datePublished\":\"2026-01-16T10:19:47+00:00\",\"breadcrumb\":{\"@id\":\"https:\\\/\\\/transportjournal.com\\\/es\\\/2026\\\/01\\\/16\\\/hoeegh-autoliners-es-nuevo-miembro-de-wsc\\\/#breadcrumb\"},\"inLanguage\":\"es\",\"potentialAction\":[{\"@type\":\"ReadAction\",\"target\":[\"https:\\\/\\\/transportjournal.com\\\/es\\\/2026\\\/01\\\/16\\\/hoeegh-autoliners-es-nuevo-miembro-de-wsc\\\/\"]}]},{\"@type\":\"ImageObject\",\"inLanguage\":\"es\",\"@id\":\"https:\\\/\\\/transportjournal.com\\\/es\\\/2026\\\/01\\\/16\\\/hoeegh-autoliners-es-nuevo-miembro-de-wsc\\\/#primaryimage\",\"url\":\"https:\\\/\\\/transportjournal.com\\\/wp-content\\\/uploads\\\/sites\\\/2\\\/2026\\\/01\\\/AdobeStock_517530086-7-scaled-aspect-ratio-1400-788-2-scaled-1.jpeg\",\"contentUrl\":\"https:\\\/\\\/transportjournal.com\\\/wp-content\\\/uploads\\\/sites\\\/2\\\/2026\\\/01\\\/AdobeStock_517530086-7-scaled-aspect-ratio-1400-788-2-scaled-1.jpeg\",\"width\":2560,\"height\":1441},{\"@type\":\"BreadcrumbList\",\"@id\":\"https:\\\/\\\/transportjournal.com\\\/es\\\/2026\\\/01\\\/16\\\/hoeegh-autoliners-es-nuevo-miembro-de-wsc\\\/#breadcrumb\",\"itemListElement\":[{\"@type\":\"ListItem\",\"position\":1,\"name\":\"Startseite\",\"item\":\"https:\\\/\\\/transportjournal.com\\\/es\\\/\"},{\"@type\":\"ListItem\",\"position\":2,\"name\":\"H\u00f6egh Autoliners es nuevo miembro de WSC\"}]},{\"@type\":\"WebSite\",\"@id\":\"https:\\\/\\\/transportjournal.com\\\/es\\\/#website\",\"url\":\"https:\\\/\\\/transportjournal.com\\\/es\\\/\",\"name\":\"ITJ | International Transport Journal\",\"description\":\"Stay informed with the latest global news from the transport, logistics, and supply chain industries. Transport Journal delivers expert insights, analysis, and updates across shipping, aviation, intermodal, and forwarding.\",\"publisher\":{\"@id\":\"https:\\\/\\\/transportjournal.com\\\/es\\\/#organization\"},\"potentialAction\":[{\"@type\":\"SearchAction\",\"target\":{\"@type\":\"EntryPoint\",\"urlTemplate\":\"https:\\\/\\\/transportjournal.com\\\/es\\\/?s={search_term_string}\"},\"query-input\":{\"@type\":\"PropertyValueSpecification\",\"valueRequired\":true,\"valueName\":\"search_term_string\"}}],\"inLanguage\":\"es\"},{\"@type\":\"Organization\",\"@id\":\"https:\\\/\\\/transportjournal.com\\\/es\\\/#organization\",\"name\":\"Grupo Logismedia AG\",\"alternateName\":\"Logismedia Group AG\",\"url\":\"https:\\\/\\\/transportjournal.com\\\/es\\\/\",\"logo\":{\"@type\":\"ImageObject\",\"inLanguage\":\"es\",\"@id\":\"https:\\\/\\\/transportjournal.com\\\/es\\\/#\\\/schema\\\/logo\\\/image\\\/\",\"url\":\"https:\\\/\\\/transportjournal.com\\\/wp-content\\\/uploads\\\/sites\\\/2\\\/2025\\\/09\\\/Logo_ITJ.png\",\"contentUrl\":\"https:\\\/\\\/transportjournal.com\\\/wp-content\\\/uploads\\\/sites\\\/2\\\/2025\\\/09\\\/Logo_ITJ.png\",\"width\":799,\"height\":326,\"caption\":\"Grupo Logismedia AG\"},\"image\":{\"@id\":\"https:\\\/\\\/transportjournal.com\\\/es\\\/#\\\/schema\\\/logo\\\/image\\\/\"},\"sameAs\":[\"https:\\\/\\\/www.linkedin.com\\\/company\\\/56456496\\\/admin\\\/dashboard\\\/\",\"https:\\\/\\\/www.instagram.com\\\/logismediagroup\\\/\",\"https:\\\/\\\/www.youtube.com\\\/@LogiamediaGroupAG\"]},{\"@type\":\"Person\",\"@id\":\"https:\\\/\\\/transportjournal.com\\\/es\\\/#\\\/schema\\\/person\\\/41d36b5474b623392fa613e97e2363fa\",\"name\":\"Jeremy Soland\",\"url\":\"https:\\\/\\\/transportjournal.com\\\/es\\\/author\\\/jeremy\\\/\"}]}<\/script>\n<!-- \/ Yoast SEO plugin. -->","yoast_head_json":{"title":"H\u00f6egh Autoliners es nuevo miembro de WSC - ITJ | International Transport Journal","robots":{"index":"index","follow":"follow","max-snippet":"max-snippet:-1","max-image-preview":"max-image-preview:large","max-video-preview":"max-video-preview:-1"},"canonical":"https:\/\/transportjournal.com\/es\/2026\/01\/16\/hoeegh-autoliners-es-nuevo-miembro-de-wsc\/","og_locale":"es_ES","og_type":"article","og_title":"H\u00f6egh Autoliners es nuevo miembro de WSC - ITJ | International Transport Journal","og_description":"El World Shipping Council ha incorporado a H\u00f6egh Autoliners como nuevo miembro para fortalecer la representaci\u00f3n de la industria naviera de l\u00ednea global.","og_url":"https:\/\/transportjournal.com\/es\/2026\/01\/16\/hoeegh-autoliners-es-nuevo-miembro-de-wsc\/","og_site_name":"ITJ | International Transport Journal","article_published_time":"2026-01-16T10:19:47+00:00","og_image":[{"width":2560,"height":1441,"url":"https:\/\/transportjournal.com\/wp-content\/uploads\/sites\/2\/2026\/01\/AdobeStock_517530086-7-scaled-aspect-ratio-1400-788-2-scaled-1.jpeg","type":"image\/jpeg"}],"author":"Jeremy Soland","twitter_card":"summary_large_image","twitter_misc":{"Escrito por":"Jeremy Soland","Tiempo de lectura":"1 minuto"},"schema":{"@context":"https:\/\/schema.org","@graph":[{"@type":"Article","@id":"https:\/\/transportjournal.com\/es\/2026\/01\/16\/hoeegh-autoliners-es-nuevo-miembro-de-wsc\/#article","isPartOf":{"@id":"https:\/\/transportjournal.com\/es\/2026\/01\/16\/hoeegh-autoliners-es-nuevo-miembro-de-wsc\/"},"author":{"name":"Jeremy Soland","@id":"https:\/\/transportjournal.com\/es\/#\/schema\/person\/41d36b5474b623392fa613e97e2363fa"},"headline":"H\u00f6egh Autoliners es nuevo miembro de WSC","datePublished":"2026-01-16T10:19:47+00:00","mainEntityOfPage":{"@id":"https:\/\/transportjournal.com\/es\/2026\/01\/16\/hoeegh-autoliners-es-nuevo-miembro-de-wsc\/"},"wordCount":176,"commentCount":0,"publisher":{"@id":"https:\/\/transportjournal.com\/es\/#organization"},"image":{"@id":"https:\/\/transportjournal.com\/es\/2026\/01\/16\/hoeegh-autoliners-es-nuevo-miembro-de-wsc\/#primaryimage"},"thumbnailUrl":"https:\/\/transportjournal.com\/wp-content\/uploads\/sites\/2\/2026\/01\/AdobeStock_517530086-7-scaled-aspect-ratio-1400-788-2-scaled-1.jpeg","keywords":["adh\u00e9sion au WSC","Deutsch H\u00f6egh Autoliners","Digitalisierung in der Logistik","digitalization in logistics","eco-friendly shipping","\u00e9conomie du transport","Fachkr\u00e4ftemangel in der Schifffahrt","Fahrzeugtransport","global regulations","global trade patterns","globale Handelsmuster","globale Regulierungen","Hafenbetrieb","industrie maritime","infrastructure maritime","international trade relations","internationale Handelsbeziehungen","labor shortage in shipping","liner shipping","Linienschifffahrt","logistics providers","Logistikdienstleister","maritime infrastructure","maritime Infrastruktur","Mitgliedschaft WSC","mod\u00e8les commerciaux mondiaux","nachhaltige Schifffahrt","num\u00e9risation dans la logistique","op\u00e9rations portuaires","p\u00e9nurie de main-d'\u0153uvre dans le transport maritime","port operations","prestataires logistiques","r\u00e9glementations mondiales","relations commerciales internationales","Schifffahrtsindustrie","Schifffahrtstrends English H\u00f6egh Autoliners","Schiffsverkehr","s\u00e9curit\u00e9 maritime","shipping industry","shipping safety","shipping traffic","shipping trends Fran\u00e7ais H\u00f6egh Autoliners","Sicherheit in der Schifffahrt","sustainable shipping","tendances maritimes","trafic maritime","transport de v\u00e9hicules","transport economy","transport maritime","transport maritime durable","transport maritime \u00e9cologique","Transportwirtschaft","umweltfreundliche Schifffahrt","vehicle transport","World Shipping Council","WSC membership"],"articleSection":["\u00c1frica","Am\u00e9rica","Asia\/Pac\u00edfico","Europa","Navegaci\u00f3n y puertos","Oriente Medio"],"inLanguage":"es","potentialAction":[{"@type":"CommentAction","name":"Comment","target":["https:\/\/transportjournal.com\/es\/2026\/01\/16\/hoeegh-autoliners-es-nuevo-miembro-de-wsc\/#respond"]}]},{"@type":"WebPage","@id":"https:\/\/transportjournal.com\/es\/2026\/01\/16\/hoeegh-autoliners-es-nuevo-miembro-de-wsc\/","url":"https:\/\/transportjournal.com\/es\/2026\/01\/16\/hoeegh-autoliners-es-nuevo-miembro-de-wsc\/","name":"H\u00f6egh Autoliners es nuevo miembro de WSC - ITJ | International Transport Journal","isPartOf":{"@id":"https:\/\/transportjournal.com\/es\/#website"},"primaryImageOfPage":{"@id":"https:\/\/transportjournal.com\/es\/2026\/01\/16\/hoeegh-autoliners-es-nuevo-miembro-de-wsc\/#primaryimage"},"image":{"@id":"https:\/\/transportjournal.com\/es\/2026\/01\/16\/hoeegh-autoliners-es-nuevo-miembro-de-wsc\/#primaryimage"},"thumbnailUrl":"https:\/\/transportjournal.com\/wp-content\/uploads\/sites\/2\/2026\/01\/AdobeStock_517530086-7-scaled-aspect-ratio-1400-788-2-scaled-1.jpeg","datePublished":"2026-01-16T10:19:47+00:00","breadcrumb":{"@id":"https:\/\/transportjournal.com\/es\/2026\/01\/16\/hoeegh-autoliners-es-nuevo-miembro-de-wsc\/#breadcrumb"},"inLanguage":"es","potentialAction":[{"@type":"ReadAction","target":["https:\/\/transportjournal.com\/es\/2026\/01\/16\/hoeegh-autoliners-es-nuevo-miembro-de-wsc\/"]}]},{"@type":"ImageObject","inLanguage":"es","@id":"https:\/\/transportjournal.com\/es\/2026\/01\/16\/hoeegh-autoliners-es-nuevo-miembro-de-wsc\/#primaryimage","url":"https:\/\/transportjournal.com\/wp-content\/uploads\/sites\/2\/2026\/01\/AdobeStock_517530086-7-scaled-aspect-ratio-1400-788-2-scaled-1.jpeg","contentUrl":"https:\/\/transportjournal.com\/wp-content\/uploads\/sites\/2\/2026\/01\/AdobeStock_517530086-7-scaled-aspect-ratio-1400-788-2-scaled-1.jpeg","width":2560,"height":1441},{"@type":"BreadcrumbList","@id":"https:\/\/transportjournal.com\/es\/2026\/01\/16\/hoeegh-autoliners-es-nuevo-miembro-de-wsc\/#breadcrumb","itemListElement":[{"@type":"ListItem","position":1,"name":"Startseite","item":"https:\/\/transportjournal.com\/es\/"},{"@type":"ListItem","position":2,"name":"H\u00f6egh Autoliners es nuevo miembro de WSC"}]},{"@type":"WebSite","@id":"https:\/\/transportjournal.com\/es\/#website","url":"https:\/\/transportjournal.com\/es\/","name":"ITJ | International Transport Journal","description":"Stay informed with the latest global news from the transport, logistics, and supply chain industries. Transport Journal delivers expert insights, analysis, and updates across shipping, aviation, intermodal, and forwarding.","publisher":{"@id":"https:\/\/transportjournal.com\/es\/#organization"},"potentialAction":[{"@type":"SearchAction","target":{"@type":"EntryPoint","urlTemplate":"https:\/\/transportjournal.com\/es\/?s={search_term_string}"},"query-input":{"@type":"PropertyValueSpecification","valueRequired":true,"valueName":"search_term_string"}}],"inLanguage":"es"},{"@type":"Organization","@id":"https:\/\/transportjournal.com\/es\/#organization","name":"Grupo Logismedia AG","alternateName":"Logismedia Group AG","url":"https:\/\/transportjournal.com\/es\/","logo":{"@type":"ImageObject","inLanguage":"es","@id":"https:\/\/transportjournal.com\/es\/#\/schema\/logo\/image\/","url":"https:\/\/transportjournal.com\/wp-content\/uploads\/sites\/2\/2025\/09\/Logo_ITJ.png","contentUrl":"https:\/\/transportjournal.com\/wp-content\/uploads\/sites\/2\/2025\/09\/Logo_ITJ.png","width":799,"height":326,"caption":"Grupo Logismedia AG"},"image":{"@id":"https:\/\/transportjournal.com\/es\/#\/schema\/logo\/image\/"},"sameAs":["https:\/\/www.linkedin.com\/company\/56456496\/admin\/dashboard\/","https:\/\/www.instagram.com\/logismediagroup\/","https:\/\/www.youtube.com\/@LogiamediaGroupAG"]},{"@type":"Person","@id":"https:\/\/transportjournal.com\/es\/#\/schema\/person\/41d36b5474b623392fa613e97e2363fa","name":"Jeremy Soland","url":"https:\/\/transportjournal.com\/es\/author\/jeremy\/"}]}},"_links":{"self":[{"href":"https:\/\/transportjournal.com\/es\/wp-json\/wp\/v2\/posts\/73347","targetHints":{"allow":["GET"]}}],"collection":[{"href":"https:\/\/transportjournal.com\/es\/wp-json\/wp\/v2\/posts"}],"about":[{"href":"https:\/\/transportjournal.com\/es\/wp-json\/wp\/v2\/types\/post"}],"author":[{"embeddable":true,"href":"https:\/\/transportjournal.com\/es\/wp-json\/wp\/v2\/users\/10"}],"replies":[{"embeddable":true,"href":"https:\/\/transportjournal.com\/es\/wp-json\/wp\/v2\/comments?post=73347"}],"version-history":[{"count":0,"href":"https:\/\/transportjournal.com\/es\/wp-json\/wp\/v2\/posts\/73347\/revisions"}],"wp:featuredmedia":[{"embeddable":true,"href":"https:\/\/transportjournal.com\/es\/wp-json\/wp\/v2\/media\/73344"}],"wp:attachment":[{"href":"https:\/\/transportjournal.com\/es\/wp-json\/wp\/v2\/media?parent=73347"}],"wp:term":[{"taxonomy":"category","embeddable":true,"href":"https:\/\/transportjournal.com\/es\/wp-json\/wp\/v2\/categories?post=73347"},{"taxonomy":"post_tag","embeddable":true,"href":"https:\/\/transportjournal.com\/es\/wp-json\/wp\/v2\/tags?post=73347"}],"curies":[{"name":"wp","href":"https:\/\/api.w.org\/{rel}","templated":true}]}}