{"id":73331,"date":"2026-01-16T10:02:47","date_gmt":"2026-01-16T10:02:47","guid":{"rendered":"https:\/\/transportjournal.com\/2026\/01\/16\/proximo-paso-hacia-la-descarbonizacion\/"},"modified":"2026-01-16T10:02:47","modified_gmt":"2026-01-16T10:02:47","slug":"proximo-paso-hacia-la-descarbonizacion","status":"publish","type":"post","link":"https:\/\/transportjournal.com\/es\/2026\/01\/16\/proximo-paso-hacia-la-descarbonizacion\/","title":{"rendered":"Pr\u00f3ximo paso hacia la descarbonizaci\u00f3n"},"content":{"rendered":"<p>Cargill ha dado un paso m\u00e1s hacia la descarbonizaci\u00f3n del transporte mar\u00edtimo con la puesta en servicio del barco &#8222;Brave Pioneer&#8220;. El barco, que act\u00faa como el primero de cinco buques de carga de combustible dual fletados, fue presentado recientemente. Esta iniciativa es parte de la estrategia de Cargill para reducir las emisiones de carbono en el transporte de carga a granel, seg\u00fan informa la empresa.<\/p>\n<h3>Primer viaje con metanol verde<\/h3>\n<p>&#8222;Brave Pioneer&#8220; fue construido por Tsuneishi Shipbuilding Co., Ltd. y pertenece a Mitsui &amp; Co. Ltd. El barco es capaz de operar tanto con combustibles marinos convencionales como con metanol verde, un combustible que se considera una alternativa m\u00e1s ecol\u00f3gica. Se estima que el uso de metanol verde puede reducir las emisiones de CO2 hasta en un 70% en comparaci\u00f3n con el combustible convencional, seg\u00fan la empresa.<\/p>\n<p>El barco ha salido recientemente de Filipinas y ser\u00e1 abastecido con metanol verde en Singapur antes de continuar hacia Australia Occidental y luego a Europa. Durante este viaje inaugural, Cargill planea realizar pruebas operativas para evaluar la viabilidad del metanol verde. Adem\u00e1s, se explorar\u00e1n las posibilidades de seguimiento y verificaci\u00f3n de los atributos ambientales. Otro objetivo es determinar el inter\u00e9s del mercado.<\/p>\n<p><a href=\"https:\/\/www.cargill.com\/\" target=\"_blank\" rel=\"noopener noreferrer\">www.cargill.com<\/a><\/p>\n","protected":false},"excerpt":{"rendered":"<p>Cargill ha puesto en servicio el barco \u00abBrave Pioneer\u00bb para impulsar la descarbonizaci\u00f3n del transporte mar\u00edtimo y promover soluciones de transporte de bajas emisiones.<\/p>\n","protected":false},"author":10,"featured_media":73328,"comment_status":"open","ping_status":"open","sticky":false,"template":"","format":"standard","meta":{"_acf_changed":false,"footnotes":""},"categories":[1645],"tags":[6259,6260,6261,6262,6263,2207,6264,1803,6265,6266,2079,6267,6268,6269,2213,6270,6271,6272,6273,6274,6275,6276,2909,2223,3682,3683,6277,5840,6278,6279,6280,6281,6282,1809,6283,6284,2925,4096,2929,6285,1766,2728,6286,1857,5078,6287,6288,6289,2297,5081,1837,6290,6291],"class_list":["post-73331","post","type-post","status-publish","format-standard","has-post-thumbnail","hentry","category-uncategorized","tag-attributs-environnementaux","tag-betriebliche-tests","tag-bulk-freight-transport","tag-carbon-emissions","tag-carburants-maritimes","tag-chaine-dapprovisionnement","tag-co2-reduction","tag-co-reduktion","tag-decarbonisation","tag-decarbonization","tag-dekarbonisierung","tag-deutsch-cargill","tag-dual-fuel-cargo-ships","tag-dual-fuel-frachtschiffe","tag-economie-du-transport","tag-emissions-de-carbone","tag-environmental-attributes","tag-fachkraeftemangel-english-cargill","tag-green-methanol","tag-green-technologies","tag-gruene-technologien","tag-gruenes-methanol","tag-hafenbetrieb","tag-industrie-maritime","tag-infrastructure","tag-infrastruktur","tag-kohlenstoffemissionen","tag-lieferkette","tag-maritime-fuels","tag-maritime-kraftstoffe","tag-massengutfrachtverkehr","tag-methanol-vert","tag-mitsui-co-ltd","tag-nachhaltige-schifffahrt","tag-navires-a-double-carburant","tag-operational-testing","tag-operations-portuaires","tag-penurie-de-main-doeuvre-qualifiee","tag-port-operations","tag-reduction-du-co2","tag-schifffahrt","tag-shipping-industry","tag-skilled-labor-shortage-francais-cargill","tag-supply-chain","tag-sustainable-shipping","tag-technologies-vertes","tag-tests-operationnels","tag-transport-de-fret-en-vrac","tag-transport-economy","tag-transport-maritime-durable","tag-transportwirtschaft","tag-tsuneishi-shipbuilding","tag-umweltattribute"],"acf":[],"yoast_head":"<!-- This site is optimized with the Yoast SEO plugin v27.3 - https:\/\/yoast.com\/product\/yoast-seo-wordpress\/ -->\n<title>Pr\u00f3ximo paso hacia la descarbonizaci\u00f3n - ITJ | International Transport Journal<\/title>\n<meta name=\"robots\" content=\"index, follow, max-snippet:-1, max-image-preview:large, max-video-preview:-1\" \/>\n<link rel=\"canonical\" href=\"https:\/\/transportjournal.com\/es\/2026\/01\/16\/proximo-paso-hacia-la-descarbonizacion\/\" \/>\n<meta property=\"og:locale\" content=\"es_ES\" \/>\n<meta property=\"og:type\" content=\"article\" \/>\n<meta property=\"og:title\" content=\"Pr\u00f3ximo paso hacia la descarbonizaci\u00f3n - ITJ | International Transport Journal\" \/>\n<meta property=\"og:description\" content=\"Cargill ha puesto en servicio el barco &quot;Brave Pioneer&quot; para impulsar la descarbonizaci\u00f3n del transporte mar\u00edtimo y promover soluciones de transporte de bajas emisiones.\" \/>\n<meta property=\"og:url\" content=\"https:\/\/transportjournal.com\/es\/2026\/01\/16\/proximo-paso-hacia-la-descarbonizacion\/\" \/>\n<meta property=\"og:site_name\" content=\"ITJ | International Transport Journal\" \/>\n<meta property=\"article:published_time\" content=\"2026-01-16T10:02:47+00:00\" \/>\n<meta property=\"og:image\" content=\"https:\/\/transportjournal.com\/wp-content\/uploads\/sites\/2\/2026\/01\/Hero_Pyxis_Ocean_Aug_2023-scaled-1.jpg\" \/>\n\t<meta property=\"og:image:width\" content=\"2560\" \/>\n\t<meta property=\"og:image:height\" content=\"1440\" \/>\n\t<meta property=\"og:image:type\" content=\"image\/jpeg\" \/>\n<meta name=\"author\" content=\"Jeremy Soland\" \/>\n<meta name=\"twitter:card\" content=\"summary_large_image\" \/>\n<meta name=\"twitter:label1\" content=\"Escrito por\" \/>\n\t<meta name=\"twitter:data1\" content=\"Jeremy Soland\" \/>\n\t<meta name=\"twitter:label2\" content=\"Tiempo de lectura\" \/>\n\t<meta name=\"twitter:data2\" content=\"1 minuto\" \/>\n<script type=\"application\/ld+json\" class=\"yoast-schema-graph\">{\"@context\":\"https:\\\/\\\/schema.org\",\"@graph\":[{\"@type\":\"Article\",\"@id\":\"https:\\\/\\\/transportjournal.com\\\/es\\\/2026\\\/01\\\/16\\\/proximo-paso-hacia-la-descarbonizacion\\\/#article\",\"isPartOf\":{\"@id\":\"https:\\\/\\\/transportjournal.com\\\/es\\\/2026\\\/01\\\/16\\\/proximo-paso-hacia-la-descarbonizacion\\\/\"},\"author\":{\"name\":\"Jeremy Soland\",\"@id\":\"https:\\\/\\\/transportjournal.com\\\/es\\\/#\\\/schema\\\/person\\\/41d36b5474b623392fa613e97e2363fa\"},\"headline\":\"Pr\u00f3ximo paso hacia la descarbonizaci\u00f3n\",\"datePublished\":\"2026-01-16T10:02:47+00:00\",\"mainEntityOfPage\":{\"@id\":\"https:\\\/\\\/transportjournal.com\\\/es\\\/2026\\\/01\\\/16\\\/proximo-paso-hacia-la-descarbonizacion\\\/\"},\"wordCount\":222,\"commentCount\":0,\"publisher\":{\"@id\":\"https:\\\/\\\/transportjournal.com\\\/es\\\/#organization\"},\"image\":{\"@id\":\"https:\\\/\\\/transportjournal.com\\\/es\\\/2026\\\/01\\\/16\\\/proximo-paso-hacia-la-descarbonizacion\\\/#primaryimage\"},\"thumbnailUrl\":\"https:\\\/\\\/transportjournal.com\\\/wp-content\\\/uploads\\\/sites\\\/2\\\/2026\\\/01\\\/Hero_Pyxis_Ocean_Aug_2023-scaled-1.jpg\",\"keywords\":[\"attributs environnementaux\",\"betriebliche Tests\",\"bulk freight transport\",\"carbon emissions\",\"carburants maritimes\",\"cha\u00eene d'approvisionnement\",\"CO2 reduction\",\"CO\u2082-Reduktion\",\"d\u00e9carbonisation\",\"decarbonization\",\"Dekarbonisierung\",\"Deutsch Cargill\",\"dual-fuel cargo ships\",\"dual-fuel Frachtschiffe\",\"\u00e9conomie du transport\",\"\u00e9missions de carbone\",\"environmental attributes\",\"Fachkr\u00e4ftemangel English Cargill\",\"green methanol\",\"green technologies\",\"gr\u00fcne Technologien\",\"gr\u00fcnes Methanol\",\"Hafenbetrieb\",\"industrie maritime\",\"infrastructure\",\"Infrastruktur\",\"Kohlenstoffemissionen\",\"Lieferkette\",\"maritime fuels\",\"maritime Kraftstoffe\",\"Massengutfrachtverkehr\",\"m\u00e9thanol vert\",\"Mitsui &amp; Co. Ltd.\",\"nachhaltige Schifffahrt\",\"navires \u00e0 double carburant\",\"operational testing\",\"op\u00e9rations portuaires\",\"p\u00e9nurie de main-d'\u0153uvre qualifi\u00e9e\",\"port operations\",\"r\u00e9duction du CO2\",\"Schifffahrt\",\"shipping industry\",\"skilled labor shortage Fran\u00e7ais Cargill\",\"Supply Chain\",\"sustainable shipping\",\"technologies vertes\",\"tests op\u00e9rationnels\",\"transport de fret en vrac\",\"transport economy\",\"transport maritime durable\",\"Transportwirtschaft\",\"Tsuneishi Shipbuilding\",\"Umweltattribute\"],\"articleSection\":[\"Uncategorized\"],\"inLanguage\":\"es\",\"potentialAction\":[{\"@type\":\"CommentAction\",\"name\":\"Comment\",\"target\":[\"https:\\\/\\\/transportjournal.com\\\/es\\\/2026\\\/01\\\/16\\\/proximo-paso-hacia-la-descarbonizacion\\\/#respond\"]}]},{\"@type\":\"WebPage\",\"@id\":\"https:\\\/\\\/transportjournal.com\\\/es\\\/2026\\\/01\\\/16\\\/proximo-paso-hacia-la-descarbonizacion\\\/\",\"url\":\"https:\\\/\\\/transportjournal.com\\\/es\\\/2026\\\/01\\\/16\\\/proximo-paso-hacia-la-descarbonizacion\\\/\",\"name\":\"Pr\u00f3ximo paso hacia la descarbonizaci\u00f3n - ITJ | International Transport Journal\",\"isPartOf\":{\"@id\":\"https:\\\/\\\/transportjournal.com\\\/es\\\/#website\"},\"primaryImageOfPage\":{\"@id\":\"https:\\\/\\\/transportjournal.com\\\/es\\\/2026\\\/01\\\/16\\\/proximo-paso-hacia-la-descarbonizacion\\\/#primaryimage\"},\"image\":{\"@id\":\"https:\\\/\\\/transportjournal.com\\\/es\\\/2026\\\/01\\\/16\\\/proximo-paso-hacia-la-descarbonizacion\\\/#primaryimage\"},\"thumbnailUrl\":\"https:\\\/\\\/transportjournal.com\\\/wp-content\\\/uploads\\\/sites\\\/2\\\/2026\\\/01\\\/Hero_Pyxis_Ocean_Aug_2023-scaled-1.jpg\",\"datePublished\":\"2026-01-16T10:02:47+00:00\",\"breadcrumb\":{\"@id\":\"https:\\\/\\\/transportjournal.com\\\/es\\\/2026\\\/01\\\/16\\\/proximo-paso-hacia-la-descarbonizacion\\\/#breadcrumb\"},\"inLanguage\":\"es\",\"potentialAction\":[{\"@type\":\"ReadAction\",\"target\":[\"https:\\\/\\\/transportjournal.com\\\/es\\\/2026\\\/01\\\/16\\\/proximo-paso-hacia-la-descarbonizacion\\\/\"]}]},{\"@type\":\"ImageObject\",\"inLanguage\":\"es\",\"@id\":\"https:\\\/\\\/transportjournal.com\\\/es\\\/2026\\\/01\\\/16\\\/proximo-paso-hacia-la-descarbonizacion\\\/#primaryimage\",\"url\":\"https:\\\/\\\/transportjournal.com\\\/wp-content\\\/uploads\\\/sites\\\/2\\\/2026\\\/01\\\/Hero_Pyxis_Ocean_Aug_2023-scaled-1.jpg\",\"contentUrl\":\"https:\\\/\\\/transportjournal.com\\\/wp-content\\\/uploads\\\/sites\\\/2\\\/2026\\\/01\\\/Hero_Pyxis_Ocean_Aug_2023-scaled-1.jpg\",\"width\":2560,\"height\":1440},{\"@type\":\"BreadcrumbList\",\"@id\":\"https:\\\/\\\/transportjournal.com\\\/es\\\/2026\\\/01\\\/16\\\/proximo-paso-hacia-la-descarbonizacion\\\/#breadcrumb\",\"itemListElement\":[{\"@type\":\"ListItem\",\"position\":1,\"name\":\"Startseite\",\"item\":\"https:\\\/\\\/transportjournal.com\\\/es\\\/\"},{\"@type\":\"ListItem\",\"position\":2,\"name\":\"Pr\u00f3ximo paso hacia la descarbonizaci\u00f3n\"}]},{\"@type\":\"WebSite\",\"@id\":\"https:\\\/\\\/transportjournal.com\\\/es\\\/#website\",\"url\":\"https:\\\/\\\/transportjournal.com\\\/es\\\/\",\"name\":\"ITJ | International Transport Journal\",\"description\":\"Stay informed with the latest global news from the transport, logistics, and supply chain industries. Transport Journal delivers expert insights, analysis, and updates across shipping, aviation, intermodal, and forwarding.\",\"publisher\":{\"@id\":\"https:\\\/\\\/transportjournal.com\\\/es\\\/#organization\"},\"potentialAction\":[{\"@type\":\"SearchAction\",\"target\":{\"@type\":\"EntryPoint\",\"urlTemplate\":\"https:\\\/\\\/transportjournal.com\\\/es\\\/?s={search_term_string}\"},\"query-input\":{\"@type\":\"PropertyValueSpecification\",\"valueRequired\":true,\"valueName\":\"search_term_string\"}}],\"inLanguage\":\"es\"},{\"@type\":\"Organization\",\"@id\":\"https:\\\/\\\/transportjournal.com\\\/es\\\/#organization\",\"name\":\"Grupo Logismedia AG\",\"alternateName\":\"Logismedia Group AG\",\"url\":\"https:\\\/\\\/transportjournal.com\\\/es\\\/\",\"logo\":{\"@type\":\"ImageObject\",\"inLanguage\":\"es\",\"@id\":\"https:\\\/\\\/transportjournal.com\\\/es\\\/#\\\/schema\\\/logo\\\/image\\\/\",\"url\":\"https:\\\/\\\/transportjournal.com\\\/wp-content\\\/uploads\\\/sites\\\/2\\\/2025\\\/09\\\/Logo_ITJ.png\",\"contentUrl\":\"https:\\\/\\\/transportjournal.com\\\/wp-content\\\/uploads\\\/sites\\\/2\\\/2025\\\/09\\\/Logo_ITJ.png\",\"width\":799,\"height\":326,\"caption\":\"Grupo Logismedia AG\"},\"image\":{\"@id\":\"https:\\\/\\\/transportjournal.com\\\/es\\\/#\\\/schema\\\/logo\\\/image\\\/\"},\"sameAs\":[\"https:\\\/\\\/www.linkedin.com\\\/company\\\/56456496\\\/admin\\\/dashboard\\\/\",\"https:\\\/\\\/www.instagram.com\\\/logismediagroup\\\/\",\"https:\\\/\\\/www.youtube.com\\\/@LogiamediaGroupAG\"]},{\"@type\":\"Person\",\"@id\":\"https:\\\/\\\/transportjournal.com\\\/es\\\/#\\\/schema\\\/person\\\/41d36b5474b623392fa613e97e2363fa\",\"name\":\"Jeremy Soland\",\"url\":\"https:\\\/\\\/transportjournal.com\\\/es\\\/author\\\/jeremy\\\/\"}]}<\/script>\n<!-- \/ Yoast SEO plugin. -->","yoast_head_json":{"title":"Pr\u00f3ximo paso hacia la descarbonizaci\u00f3n - ITJ | International Transport Journal","robots":{"index":"index","follow":"follow","max-snippet":"max-snippet:-1","max-image-preview":"max-image-preview:large","max-video-preview":"max-video-preview:-1"},"canonical":"https:\/\/transportjournal.com\/es\/2026\/01\/16\/proximo-paso-hacia-la-descarbonizacion\/","og_locale":"es_ES","og_type":"article","og_title":"Pr\u00f3ximo paso hacia la descarbonizaci\u00f3n - ITJ | International Transport Journal","og_description":"Cargill ha puesto en servicio el barco \"Brave Pioneer\" para impulsar la descarbonizaci\u00f3n del transporte mar\u00edtimo y promover soluciones de transporte de bajas emisiones.","og_url":"https:\/\/transportjournal.com\/es\/2026\/01\/16\/proximo-paso-hacia-la-descarbonizacion\/","og_site_name":"ITJ | International Transport Journal","article_published_time":"2026-01-16T10:02:47+00:00","og_image":[{"width":2560,"height":1440,"url":"https:\/\/transportjournal.com\/wp-content\/uploads\/sites\/2\/2026\/01\/Hero_Pyxis_Ocean_Aug_2023-scaled-1.jpg","type":"image\/jpeg"}],"author":"Jeremy Soland","twitter_card":"summary_large_image","twitter_misc":{"Escrito por":"Jeremy Soland","Tiempo de lectura":"1 minuto"},"schema":{"@context":"https:\/\/schema.org","@graph":[{"@type":"Article","@id":"https:\/\/transportjournal.com\/es\/2026\/01\/16\/proximo-paso-hacia-la-descarbonizacion\/#article","isPartOf":{"@id":"https:\/\/transportjournal.com\/es\/2026\/01\/16\/proximo-paso-hacia-la-descarbonizacion\/"},"author":{"name":"Jeremy Soland","@id":"https:\/\/transportjournal.com\/es\/#\/schema\/person\/41d36b5474b623392fa613e97e2363fa"},"headline":"Pr\u00f3ximo paso hacia la descarbonizaci\u00f3n","datePublished":"2026-01-16T10:02:47+00:00","mainEntityOfPage":{"@id":"https:\/\/transportjournal.com\/es\/2026\/01\/16\/proximo-paso-hacia-la-descarbonizacion\/"},"wordCount":222,"commentCount":0,"publisher":{"@id":"https:\/\/transportjournal.com\/es\/#organization"},"image":{"@id":"https:\/\/transportjournal.com\/es\/2026\/01\/16\/proximo-paso-hacia-la-descarbonizacion\/#primaryimage"},"thumbnailUrl":"https:\/\/transportjournal.com\/wp-content\/uploads\/sites\/2\/2026\/01\/Hero_Pyxis_Ocean_Aug_2023-scaled-1.jpg","keywords":["attributs environnementaux","betriebliche Tests","bulk freight transport","carbon emissions","carburants maritimes","cha\u00eene d'approvisionnement","CO2 reduction","CO\u2082-Reduktion","d\u00e9carbonisation","decarbonization","Dekarbonisierung","Deutsch Cargill","dual-fuel cargo ships","dual-fuel Frachtschiffe","\u00e9conomie du transport","\u00e9missions de carbone","environmental attributes","Fachkr\u00e4ftemangel English Cargill","green methanol","green technologies","gr\u00fcne Technologien","gr\u00fcnes Methanol","Hafenbetrieb","industrie maritime","infrastructure","Infrastruktur","Kohlenstoffemissionen","Lieferkette","maritime fuels","maritime Kraftstoffe","Massengutfrachtverkehr","m\u00e9thanol vert","Mitsui &amp; Co. Ltd.","nachhaltige Schifffahrt","navires \u00e0 double carburant","operational testing","op\u00e9rations portuaires","p\u00e9nurie de main-d'\u0153uvre qualifi\u00e9e","port operations","r\u00e9duction du CO2","Schifffahrt","shipping industry","skilled labor shortage Fran\u00e7ais Cargill","Supply Chain","sustainable shipping","technologies vertes","tests op\u00e9rationnels","transport de fret en vrac","transport economy","transport maritime durable","Transportwirtschaft","Tsuneishi Shipbuilding","Umweltattribute"],"articleSection":["Uncategorized"],"inLanguage":"es","potentialAction":[{"@type":"CommentAction","name":"Comment","target":["https:\/\/transportjournal.com\/es\/2026\/01\/16\/proximo-paso-hacia-la-descarbonizacion\/#respond"]}]},{"@type":"WebPage","@id":"https:\/\/transportjournal.com\/es\/2026\/01\/16\/proximo-paso-hacia-la-descarbonizacion\/","url":"https:\/\/transportjournal.com\/es\/2026\/01\/16\/proximo-paso-hacia-la-descarbonizacion\/","name":"Pr\u00f3ximo paso hacia la descarbonizaci\u00f3n - ITJ | International Transport Journal","isPartOf":{"@id":"https:\/\/transportjournal.com\/es\/#website"},"primaryImageOfPage":{"@id":"https:\/\/transportjournal.com\/es\/2026\/01\/16\/proximo-paso-hacia-la-descarbonizacion\/#primaryimage"},"image":{"@id":"https:\/\/transportjournal.com\/es\/2026\/01\/16\/proximo-paso-hacia-la-descarbonizacion\/#primaryimage"},"thumbnailUrl":"https:\/\/transportjournal.com\/wp-content\/uploads\/sites\/2\/2026\/01\/Hero_Pyxis_Ocean_Aug_2023-scaled-1.jpg","datePublished":"2026-01-16T10:02:47+00:00","breadcrumb":{"@id":"https:\/\/transportjournal.com\/es\/2026\/01\/16\/proximo-paso-hacia-la-descarbonizacion\/#breadcrumb"},"inLanguage":"es","potentialAction":[{"@type":"ReadAction","target":["https:\/\/transportjournal.com\/es\/2026\/01\/16\/proximo-paso-hacia-la-descarbonizacion\/"]}]},{"@type":"ImageObject","inLanguage":"es","@id":"https:\/\/transportjournal.com\/es\/2026\/01\/16\/proximo-paso-hacia-la-descarbonizacion\/#primaryimage","url":"https:\/\/transportjournal.com\/wp-content\/uploads\/sites\/2\/2026\/01\/Hero_Pyxis_Ocean_Aug_2023-scaled-1.jpg","contentUrl":"https:\/\/transportjournal.com\/wp-content\/uploads\/sites\/2\/2026\/01\/Hero_Pyxis_Ocean_Aug_2023-scaled-1.jpg","width":2560,"height":1440},{"@type":"BreadcrumbList","@id":"https:\/\/transportjournal.com\/es\/2026\/01\/16\/proximo-paso-hacia-la-descarbonizacion\/#breadcrumb","itemListElement":[{"@type":"ListItem","position":1,"name":"Startseite","item":"https:\/\/transportjournal.com\/es\/"},{"@type":"ListItem","position":2,"name":"Pr\u00f3ximo paso hacia la descarbonizaci\u00f3n"}]},{"@type":"WebSite","@id":"https:\/\/transportjournal.com\/es\/#website","url":"https:\/\/transportjournal.com\/es\/","name":"ITJ | International Transport Journal","description":"Stay informed with the latest global news from the transport, logistics, and supply chain industries. Transport Journal delivers expert insights, analysis, and updates across shipping, aviation, intermodal, and forwarding.","publisher":{"@id":"https:\/\/transportjournal.com\/es\/#organization"},"potentialAction":[{"@type":"SearchAction","target":{"@type":"EntryPoint","urlTemplate":"https:\/\/transportjournal.com\/es\/?s={search_term_string}"},"query-input":{"@type":"PropertyValueSpecification","valueRequired":true,"valueName":"search_term_string"}}],"inLanguage":"es"},{"@type":"Organization","@id":"https:\/\/transportjournal.com\/es\/#organization","name":"Grupo Logismedia AG","alternateName":"Logismedia Group AG","url":"https:\/\/transportjournal.com\/es\/","logo":{"@type":"ImageObject","inLanguage":"es","@id":"https:\/\/transportjournal.com\/es\/#\/schema\/logo\/image\/","url":"https:\/\/transportjournal.com\/wp-content\/uploads\/sites\/2\/2025\/09\/Logo_ITJ.png","contentUrl":"https:\/\/transportjournal.com\/wp-content\/uploads\/sites\/2\/2025\/09\/Logo_ITJ.png","width":799,"height":326,"caption":"Grupo Logismedia AG"},"image":{"@id":"https:\/\/transportjournal.com\/es\/#\/schema\/logo\/image\/"},"sameAs":["https:\/\/www.linkedin.com\/company\/56456496\/admin\/dashboard\/","https:\/\/www.instagram.com\/logismediagroup\/","https:\/\/www.youtube.com\/@LogiamediaGroupAG"]},{"@type":"Person","@id":"https:\/\/transportjournal.com\/es\/#\/schema\/person\/41d36b5474b623392fa613e97e2363fa","name":"Jeremy Soland","url":"https:\/\/transportjournal.com\/es\/author\/jeremy\/"}]}},"_links":{"self":[{"href":"https:\/\/transportjournal.com\/es\/wp-json\/wp\/v2\/posts\/73331","targetHints":{"allow":["GET"]}}],"collection":[{"href":"https:\/\/transportjournal.com\/es\/wp-json\/wp\/v2\/posts"}],"about":[{"href":"https:\/\/transportjournal.com\/es\/wp-json\/wp\/v2\/types\/post"}],"author":[{"embeddable":true,"href":"https:\/\/transportjournal.com\/es\/wp-json\/wp\/v2\/users\/10"}],"replies":[{"embeddable":true,"href":"https:\/\/transportjournal.com\/es\/wp-json\/wp\/v2\/comments?post=73331"}],"version-history":[{"count":0,"href":"https:\/\/transportjournal.com\/es\/wp-json\/wp\/v2\/posts\/73331\/revisions"}],"wp:featuredmedia":[{"embeddable":true,"href":"https:\/\/transportjournal.com\/es\/wp-json\/wp\/v2\/media\/73328"}],"wp:attachment":[{"href":"https:\/\/transportjournal.com\/es\/wp-json\/wp\/v2\/media?parent=73331"}],"wp:term":[{"taxonomy":"category","embeddable":true,"href":"https:\/\/transportjournal.com\/es\/wp-json\/wp\/v2\/categories?post=73331"},{"taxonomy":"post_tag","embeddable":true,"href":"https:\/\/transportjournal.com\/es\/wp-json\/wp\/v2\/tags?post=73331"}],"curies":[{"name":"wp","href":"https:\/\/api.w.org\/{rel}","templated":true}]}}