{"id":73269,"date":"2026-01-16T06:02:19","date_gmt":"2026-01-16T06:02:19","guid":{"rendered":"https:\/\/transportjournal.com\/2026\/01\/16\/steve-rand-nuevo-presidente-de-eal\/"},"modified":"2026-01-16T08:09:01","modified_gmt":"2026-01-16T07:09:01","slug":"steve-rand-nuevo-presidente-de-eal","status":"publish","type":"post","link":"https:\/\/transportjournal.com\/es\/2026\/01\/16\/steve-rand-nuevo-presidente-de-eal\/","title":{"rendered":"Steve Rand nuevo presidente de EAL"},"content":{"rendered":"<p>Enstructure ha nombrado a Steve Rand como presidente de su divisi\u00f3n de log\u00edstica de veh\u00edculos terminados, Enstructure Auto Logistics (EAL). Rand dirigir\u00e1 las actividades operativas y comerciales de la empresa en el \u00e1mbito de la log\u00edstica automotriz. El nombramiento se anunci\u00f3 el 15 de enero de 2026.<\/p>\n<h3>Experiencia y experiencia<\/h3>\n<p>Matthew Satnick y Philippe De Montigny, los co-CEOs de Enstructure, se expresaron positivamente sobre la incorporaci\u00f3n de Rand. Subrayaron que su amplia experiencia y su compromiso con el servicio contribuir\u00e1n a impulsar la din\u00e1mica de la empresa y a mejorar la calidad de la log\u00edstica para veh\u00edculos terminados. Rand aporta una amplia experiencia en liderazgo de diversos sectores, incluyendo log\u00edstica mar\u00edtima, transporte ferroviario, transporte por cami\u00f3n y productos qu\u00edmicos especiales. Antes de su nueva posici\u00f3n, fue CEO de AMPORTS durante m\u00e1s de una d\u00e9cada y anteriormente ocup\u00f3 un cargo directivo en CSX Transportation Intermodal durante diez a\u00f1os.<\/p>\n<p>Rand mismo declar\u00f3 que a lo largo de su carrera siempre ha sido atra\u00eddo por organizaciones que combinan innovaci\u00f3n con eficiencia y servicio. Se muestra entusiasmado por contribuir a la pr\u00f3xima fase de crecimiento de Enstructure y por colaborar con sus colegas George Molyneaux, Leo McFadden y Lee Brown, quienes poseen amplios conocimientos de la industria.<\/p>\n<h3>Ubicaciones y servicios<\/h3>\n<p>EAL opera actualmente centros log\u00edsticos en Wilmington, Delaware, y Jacksonville, Florida. Estas instalaciones est\u00e1n equipadas con infraestructura automotriz especializada y ofrecen suficiente capacidad de almacenamiento para veh\u00edculos directamente en el muelle. Funcionan como importantes centros de distribuci\u00f3n para acceder a los mercados en crecimiento del sureste, as\u00ed como del noreste y medio Atl\u00e1ntico de EE. UU.<\/p>\n<p>En 2025, EAL fue seleccionada para proporcionar servicios log\u00edsticos para veh\u00edculos terminados para Mazda North America y Toyota Logistics Services en el Talleyrand Marine Terminal en JAXPORT. La ubicaci\u00f3n de Wilmington ha manejado varios flujos de exportaci\u00f3n de autom\u00f3viles y actualmente mantiene un servicio regular con Grimaldi Lines.<\/p>\n<p>Enstructure opera una red de activos de infraestructura portuaria en la costa este, en el Golfo de M\u00e9xico y en el sistema de r\u00edos interiores de los Estados Unidos. La empresa fue fundada en 2016 por Philippe De Montigny y Matthew Satnick y ofrece servicios log\u00edsticos integrados para algunas de las empresas m\u00e1s grandes en los sectores de energ\u00eda, agricultura, alimentos, manufactura, construcci\u00f3n y seguridad p\u00fablica.<\/p>\n<p>&nbsp;<\/p>\n<p><a href=\"https:\/\/enstructure.com\/\" target=\"_blank\" rel=\"noopener noreferrer\">www.enstructure.com<\/a><\/p>\n<p>&nbsp;<\/p>\n","protected":false},"excerpt":{"rendered":"<p>Enstructure ha nombrado a Steve Rand presidente de Enstructure Auto Logistics para dirigir la log\u00edstica automotriz y las actividades operativas de la empresa<\/p>\n","protected":false},"author":12,"featured_media":73274,"comment_status":"open","ping_status":"open","sticky":false,"template":"","format":"standard","meta":{"_acf_changed":false,"footnotes":""},"categories":[1614,1603,1609],"tags":[1828,6128,2207,6129,2695,2696,5443,6130,1889,6131,6132,6133,6134,4052,2125,4054,6135,6136,6137,2133,1831,6138,6139,5454,2717,2232,4065,4264,4266,2237,6140,1857,5460,6141,6142,3852,6143,6144,6145,6146,6147,6148],"class_list":["post-73269","post","type-post","status-publish","format-standard","has-post-thumbnail","hentry","category-america","category-personas-y-empresas","category-regiones","tag-automobillogistik","tag-automotive-logistics","tag-chaine-dapprovisionnement","tag-deutsch-logistik","tag-digitalisierung","tag-digitalization","tag-durabilite","tag-enstructure","tag-fachkraeftemangel","tag-fertigfahrzeuge","tag-finished-vehicles","tag-fournisseurs-de-services-logistiques","tag-grimaldi-lines","tag-hafeninfrastruktur","tag-industrie-du-transport","tag-infrastructure-portuaire","tag-jacksonville-florida","tag-jacksonville-floride","tag-lkw-transport","tag-logistics-service-providers","tag-logistikdienstleister","tag-logistique-automobile","tag-mazda-north-america","tag-nachhaltigkeit","tag-numerisation","tag-penurie-de-main-doeuvre","tag-port-infrastructure","tag-rail-transport","tag-schienenverkehr","tag-skills-shortage","tag-steve-rand","tag-supply-chain","tag-sustainability","tag-talleyrand-marine-terminal","tag-toyota-logistics-services","tag-transport-ferroviaire","tag-transport-routier","tag-transportation-industry-francais-logistique","tag-transportwirtschaft-english-logistics","tag-trucking","tag-vehicules-finis","tag-wilmington-delaware"],"acf":[],"yoast_head":"<!-- This site is optimized with the Yoast SEO plugin v27.3 - https:\/\/yoast.com\/product\/yoast-seo-wordpress\/ -->\n<title>Steve Rand nuevo presidente de EAL - ITJ | International Transport Journal<\/title>\n<meta name=\"robots\" content=\"index, follow, max-snippet:-1, max-image-preview:large, max-video-preview:-1\" \/>\n<link rel=\"canonical\" href=\"https:\/\/transportjournal.com\/es\/2026\/01\/16\/steve-rand-nuevo-presidente-de-eal\/\" \/>\n<meta property=\"og:locale\" content=\"es_ES\" \/>\n<meta property=\"og:type\" content=\"article\" \/>\n<meta property=\"og:title\" content=\"Steve Rand nuevo presidente de EAL - ITJ | International Transport Journal\" \/>\n<meta property=\"og:description\" content=\"Enstructure ha nombrado a Steve Rand presidente de Enstructure Auto Logistics para dirigir la log\u00edstica automotriz y las actividades operativas de la empresa\" \/>\n<meta property=\"og:url\" content=\"https:\/\/transportjournal.com\/es\/2026\/01\/16\/steve-rand-nuevo-presidente-de-eal\/\" \/>\n<meta property=\"og:site_name\" content=\"ITJ | International Transport Journal\" \/>\n<meta property=\"article:published_time\" content=\"2026-01-16T06:02:19+00:00\" \/>\n<meta property=\"article:modified_time\" content=\"2026-01-16T07:09:01+00:00\" \/>\n<meta name=\"author\" content=\"Andreas Haug\" \/>\n<meta name=\"twitter:card\" content=\"summary_large_image\" \/>\n<meta name=\"twitter:label1\" content=\"Escrito por\" \/>\n\t<meta name=\"twitter:data1\" content=\"Andreas Haug\" \/>\n\t<meta name=\"twitter:label2\" content=\"Tiempo de lectura\" \/>\n\t<meta name=\"twitter:data2\" content=\"2 minuto\" \/>\n<script type=\"application\/ld+json\" class=\"yoast-schema-graph\">{\"@context\":\"https:\\\/\\\/schema.org\",\"@graph\":[{\"@type\":\"Article\",\"@id\":\"https:\\\/\\\/transportjournal.com\\\/es\\\/2026\\\/01\\\/16\\\/steve-rand-nuevo-presidente-de-eal\\\/#article\",\"isPartOf\":{\"@id\":\"https:\\\/\\\/transportjournal.com\\\/es\\\/2026\\\/01\\\/16\\\/steve-rand-nuevo-presidente-de-eal\\\/\"},\"author\":{\"name\":\"Andreas Haug\",\"@id\":\"https:\\\/\\\/transportjournal.com\\\/es\\\/#\\\/schema\\\/person\\\/cf538b3157f15afd7589245a4b3dbd25\"},\"headline\":\"Steve Rand nuevo presidente de EAL\",\"datePublished\":\"2026-01-16T06:02:19+00:00\",\"dateModified\":\"2026-01-16T07:09:01+00:00\",\"mainEntityOfPage\":{\"@id\":\"https:\\\/\\\/transportjournal.com\\\/es\\\/2026\\\/01\\\/16\\\/steve-rand-nuevo-presidente-de-eal\\\/\"},\"wordCount\":420,\"commentCount\":0,\"publisher\":{\"@id\":\"https:\\\/\\\/transportjournal.com\\\/es\\\/#organization\"},\"image\":{\"@id\":\"https:\\\/\\\/transportjournal.com\\\/es\\\/2026\\\/01\\\/16\\\/steve-rand-nuevo-presidente-de-eal\\\/#primaryimage\"},\"thumbnailUrl\":\"https:\\\/\\\/transportjournal.com\\\/wp-content\\\/uploads\\\/sites\\\/2\\\/2026\\\/01\\\/Enstructure-507032831_1030717929251598_3079323014185670599_n.jpg\",\"keywords\":[\"Automobillogistik\",\"Automotive logistics\",\"cha\u00eene d'approvisionnement\",\"Deutsch Logistik\",\"Digitalisierung\",\"digitalization\",\"durabilit\u00e9\",\"Enstructure\",\"Fachkr\u00e4ftemangel\",\"Fertigfahrzeuge\",\"Finished vehicles\",\"Fournisseurs de services logistiques\",\"Grimaldi Lines\",\"Hafeninfrastruktur\",\"industrie du transport\",\"infrastructure portuaire\",\"Jacksonville Florida\",\"Jacksonville Floride\",\"Lkw-Transport\",\"logistics service providers\",\"Logistikdienstleister\",\"Logistique automobile\",\"Mazda North America\",\"Nachhaltigkeit\",\"num\u00e9risation\",\"p\u00e9nurie de main-d'\u0153uvre\",\"port infrastructure\",\"rail transport\",\"Schienenverkehr\",\"skills shortage\",\"Steve Rand\",\"Supply Chain\",\"sustainability\",\"Talleyrand Marine Terminal\",\"Toyota Logistics Services\",\"transport ferroviaire\",\"Transport routier\",\"Transportation industry Fran\u00e7ais Logistique\",\"Transportwirtschaft English Logistics\",\"Trucking\",\"V\u00e9hicules finis\",\"Wilmington Delaware\"],\"articleSection\":[\"Am\u00e9rica\",\"Personas y empresas\",\"Regiones\"],\"inLanguage\":\"es\",\"potentialAction\":[{\"@type\":\"CommentAction\",\"name\":\"Comment\",\"target\":[\"https:\\\/\\\/transportjournal.com\\\/es\\\/2026\\\/01\\\/16\\\/steve-rand-nuevo-presidente-de-eal\\\/#respond\"]}]},{\"@type\":\"WebPage\",\"@id\":\"https:\\\/\\\/transportjournal.com\\\/es\\\/2026\\\/01\\\/16\\\/steve-rand-nuevo-presidente-de-eal\\\/\",\"url\":\"https:\\\/\\\/transportjournal.com\\\/es\\\/2026\\\/01\\\/16\\\/steve-rand-nuevo-presidente-de-eal\\\/\",\"name\":\"Steve Rand nuevo presidente de EAL - ITJ | International Transport Journal\",\"isPartOf\":{\"@id\":\"https:\\\/\\\/transportjournal.com\\\/es\\\/#website\"},\"primaryImageOfPage\":{\"@id\":\"https:\\\/\\\/transportjournal.com\\\/es\\\/2026\\\/01\\\/16\\\/steve-rand-nuevo-presidente-de-eal\\\/#primaryimage\"},\"image\":{\"@id\":\"https:\\\/\\\/transportjournal.com\\\/es\\\/2026\\\/01\\\/16\\\/steve-rand-nuevo-presidente-de-eal\\\/#primaryimage\"},\"thumbnailUrl\":\"https:\\\/\\\/transportjournal.com\\\/wp-content\\\/uploads\\\/sites\\\/2\\\/2026\\\/01\\\/Enstructure-507032831_1030717929251598_3079323014185670599_n.jpg\",\"datePublished\":\"2026-01-16T06:02:19+00:00\",\"dateModified\":\"2026-01-16T07:09:01+00:00\",\"breadcrumb\":{\"@id\":\"https:\\\/\\\/transportjournal.com\\\/es\\\/2026\\\/01\\\/16\\\/steve-rand-nuevo-presidente-de-eal\\\/#breadcrumb\"},\"inLanguage\":\"es\",\"potentialAction\":[{\"@type\":\"ReadAction\",\"target\":[\"https:\\\/\\\/transportjournal.com\\\/es\\\/2026\\\/01\\\/16\\\/steve-rand-nuevo-presidente-de-eal\\\/\"]}]},{\"@type\":\"ImageObject\",\"inLanguage\":\"es\",\"@id\":\"https:\\\/\\\/transportjournal.com\\\/es\\\/2026\\\/01\\\/16\\\/steve-rand-nuevo-presidente-de-eal\\\/#primaryimage\",\"url\":\"https:\\\/\\\/transportjournal.com\\\/wp-content\\\/uploads\\\/sites\\\/2\\\/2026\\\/01\\\/Enstructure-507032831_1030717929251598_3079323014185670599_n.jpg\",\"contentUrl\":\"https:\\\/\\\/transportjournal.com\\\/wp-content\\\/uploads\\\/sites\\\/2\\\/2026\\\/01\\\/Enstructure-507032831_1030717929251598_3079323014185670599_n.jpg\",\"width\":2048,\"height\":1152,\"caption\":\"default\"},{\"@type\":\"BreadcrumbList\",\"@id\":\"https:\\\/\\\/transportjournal.com\\\/es\\\/2026\\\/01\\\/16\\\/steve-rand-nuevo-presidente-de-eal\\\/#breadcrumb\",\"itemListElement\":[{\"@type\":\"ListItem\",\"position\":1,\"name\":\"Startseite\",\"item\":\"https:\\\/\\\/transportjournal.com\\\/es\\\/\"},{\"@type\":\"ListItem\",\"position\":2,\"name\":\"Steve Rand nuevo presidente de EAL\"}]},{\"@type\":\"WebSite\",\"@id\":\"https:\\\/\\\/transportjournal.com\\\/es\\\/#website\",\"url\":\"https:\\\/\\\/transportjournal.com\\\/es\\\/\",\"name\":\"ITJ | International Transport Journal\",\"description\":\"Stay informed with the latest global news from the transport, logistics, and supply chain industries. Transport Journal delivers expert insights, analysis, and updates across shipping, aviation, intermodal, and forwarding.\",\"publisher\":{\"@id\":\"https:\\\/\\\/transportjournal.com\\\/es\\\/#organization\"},\"potentialAction\":[{\"@type\":\"SearchAction\",\"target\":{\"@type\":\"EntryPoint\",\"urlTemplate\":\"https:\\\/\\\/transportjournal.com\\\/es\\\/?s={search_term_string}\"},\"query-input\":{\"@type\":\"PropertyValueSpecification\",\"valueRequired\":true,\"valueName\":\"search_term_string\"}}],\"inLanguage\":\"es\"},{\"@type\":\"Organization\",\"@id\":\"https:\\\/\\\/transportjournal.com\\\/es\\\/#organization\",\"name\":\"Grupo Logismedia AG\",\"alternateName\":\"Logismedia Group AG\",\"url\":\"https:\\\/\\\/transportjournal.com\\\/es\\\/\",\"logo\":{\"@type\":\"ImageObject\",\"inLanguage\":\"es\",\"@id\":\"https:\\\/\\\/transportjournal.com\\\/es\\\/#\\\/schema\\\/logo\\\/image\\\/\",\"url\":\"https:\\\/\\\/transportjournal.com\\\/wp-content\\\/uploads\\\/sites\\\/2\\\/2025\\\/09\\\/Logo_ITJ.png\",\"contentUrl\":\"https:\\\/\\\/transportjournal.com\\\/wp-content\\\/uploads\\\/sites\\\/2\\\/2025\\\/09\\\/Logo_ITJ.png\",\"width\":799,\"height\":326,\"caption\":\"Grupo Logismedia AG\"},\"image\":{\"@id\":\"https:\\\/\\\/transportjournal.com\\\/es\\\/#\\\/schema\\\/logo\\\/image\\\/\"},\"sameAs\":[\"https:\\\/\\\/www.linkedin.com\\\/company\\\/56456496\\\/admin\\\/dashboard\\\/\",\"https:\\\/\\\/www.instagram.com\\\/logismediagroup\\\/\",\"https:\\\/\\\/www.youtube.com\\\/@LogiamediaGroupAG\"]},{\"@type\":\"Person\",\"@id\":\"https:\\\/\\\/transportjournal.com\\\/es\\\/#\\\/schema\\\/person\\\/cf538b3157f15afd7589245a4b3dbd25\",\"name\":\"Andreas Haug\",\"url\":\"https:\\\/\\\/transportjournal.com\\\/es\\\/author\\\/andreas\\\/\"}]}<\/script>\n<!-- \/ Yoast SEO plugin. -->","yoast_head_json":{"title":"Steve Rand nuevo presidente de EAL - ITJ | International Transport Journal","robots":{"index":"index","follow":"follow","max-snippet":"max-snippet:-1","max-image-preview":"max-image-preview:large","max-video-preview":"max-video-preview:-1"},"canonical":"https:\/\/transportjournal.com\/es\/2026\/01\/16\/steve-rand-nuevo-presidente-de-eal\/","og_locale":"es_ES","og_type":"article","og_title":"Steve Rand nuevo presidente de EAL - ITJ | International Transport Journal","og_description":"Enstructure ha nombrado a Steve Rand presidente de Enstructure Auto Logistics para dirigir la log\u00edstica automotriz y las actividades operativas de la empresa","og_url":"https:\/\/transportjournal.com\/es\/2026\/01\/16\/steve-rand-nuevo-presidente-de-eal\/","og_site_name":"ITJ | International Transport Journal","article_published_time":"2026-01-16T06:02:19+00:00","article_modified_time":"2026-01-16T07:09:01+00:00","author":"Andreas Haug","twitter_card":"summary_large_image","twitter_misc":{"Escrito por":"Andreas Haug","Tiempo de lectura":"2 minuto"},"schema":{"@context":"https:\/\/schema.org","@graph":[{"@type":"Article","@id":"https:\/\/transportjournal.com\/es\/2026\/01\/16\/steve-rand-nuevo-presidente-de-eal\/#article","isPartOf":{"@id":"https:\/\/transportjournal.com\/es\/2026\/01\/16\/steve-rand-nuevo-presidente-de-eal\/"},"author":{"name":"Andreas Haug","@id":"https:\/\/transportjournal.com\/es\/#\/schema\/person\/cf538b3157f15afd7589245a4b3dbd25"},"headline":"Steve Rand nuevo presidente de EAL","datePublished":"2026-01-16T06:02:19+00:00","dateModified":"2026-01-16T07:09:01+00:00","mainEntityOfPage":{"@id":"https:\/\/transportjournal.com\/es\/2026\/01\/16\/steve-rand-nuevo-presidente-de-eal\/"},"wordCount":420,"commentCount":0,"publisher":{"@id":"https:\/\/transportjournal.com\/es\/#organization"},"image":{"@id":"https:\/\/transportjournal.com\/es\/2026\/01\/16\/steve-rand-nuevo-presidente-de-eal\/#primaryimage"},"thumbnailUrl":"https:\/\/transportjournal.com\/wp-content\/uploads\/sites\/2\/2026\/01\/Enstructure-507032831_1030717929251598_3079323014185670599_n.jpg","keywords":["Automobillogistik","Automotive logistics","cha\u00eene d'approvisionnement","Deutsch Logistik","Digitalisierung","digitalization","durabilit\u00e9","Enstructure","Fachkr\u00e4ftemangel","Fertigfahrzeuge","Finished vehicles","Fournisseurs de services logistiques","Grimaldi Lines","Hafeninfrastruktur","industrie du transport","infrastructure portuaire","Jacksonville Florida","Jacksonville Floride","Lkw-Transport","logistics service providers","Logistikdienstleister","Logistique automobile","Mazda North America","Nachhaltigkeit","num\u00e9risation","p\u00e9nurie de main-d'\u0153uvre","port infrastructure","rail transport","Schienenverkehr","skills shortage","Steve Rand","Supply Chain","sustainability","Talleyrand Marine Terminal","Toyota Logistics Services","transport ferroviaire","Transport routier","Transportation industry Fran\u00e7ais Logistique","Transportwirtschaft English Logistics","Trucking","V\u00e9hicules finis","Wilmington Delaware"],"articleSection":["Am\u00e9rica","Personas y empresas","Regiones"],"inLanguage":"es","potentialAction":[{"@type":"CommentAction","name":"Comment","target":["https:\/\/transportjournal.com\/es\/2026\/01\/16\/steve-rand-nuevo-presidente-de-eal\/#respond"]}]},{"@type":"WebPage","@id":"https:\/\/transportjournal.com\/es\/2026\/01\/16\/steve-rand-nuevo-presidente-de-eal\/","url":"https:\/\/transportjournal.com\/es\/2026\/01\/16\/steve-rand-nuevo-presidente-de-eal\/","name":"Steve Rand nuevo presidente de EAL - ITJ | International Transport Journal","isPartOf":{"@id":"https:\/\/transportjournal.com\/es\/#website"},"primaryImageOfPage":{"@id":"https:\/\/transportjournal.com\/es\/2026\/01\/16\/steve-rand-nuevo-presidente-de-eal\/#primaryimage"},"image":{"@id":"https:\/\/transportjournal.com\/es\/2026\/01\/16\/steve-rand-nuevo-presidente-de-eal\/#primaryimage"},"thumbnailUrl":"https:\/\/transportjournal.com\/wp-content\/uploads\/sites\/2\/2026\/01\/Enstructure-507032831_1030717929251598_3079323014185670599_n.jpg","datePublished":"2026-01-16T06:02:19+00:00","dateModified":"2026-01-16T07:09:01+00:00","breadcrumb":{"@id":"https:\/\/transportjournal.com\/es\/2026\/01\/16\/steve-rand-nuevo-presidente-de-eal\/#breadcrumb"},"inLanguage":"es","potentialAction":[{"@type":"ReadAction","target":["https:\/\/transportjournal.com\/es\/2026\/01\/16\/steve-rand-nuevo-presidente-de-eal\/"]}]},{"@type":"ImageObject","inLanguage":"es","@id":"https:\/\/transportjournal.com\/es\/2026\/01\/16\/steve-rand-nuevo-presidente-de-eal\/#primaryimage","url":"https:\/\/transportjournal.com\/wp-content\/uploads\/sites\/2\/2026\/01\/Enstructure-507032831_1030717929251598_3079323014185670599_n.jpg","contentUrl":"https:\/\/transportjournal.com\/wp-content\/uploads\/sites\/2\/2026\/01\/Enstructure-507032831_1030717929251598_3079323014185670599_n.jpg","width":2048,"height":1152,"caption":"default"},{"@type":"BreadcrumbList","@id":"https:\/\/transportjournal.com\/es\/2026\/01\/16\/steve-rand-nuevo-presidente-de-eal\/#breadcrumb","itemListElement":[{"@type":"ListItem","position":1,"name":"Startseite","item":"https:\/\/transportjournal.com\/es\/"},{"@type":"ListItem","position":2,"name":"Steve Rand nuevo presidente de EAL"}]},{"@type":"WebSite","@id":"https:\/\/transportjournal.com\/es\/#website","url":"https:\/\/transportjournal.com\/es\/","name":"ITJ | International Transport Journal","description":"Stay informed with the latest global news from the transport, logistics, and supply chain industries. Transport Journal delivers expert insights, analysis, and updates across shipping, aviation, intermodal, and forwarding.","publisher":{"@id":"https:\/\/transportjournal.com\/es\/#organization"},"potentialAction":[{"@type":"SearchAction","target":{"@type":"EntryPoint","urlTemplate":"https:\/\/transportjournal.com\/es\/?s={search_term_string}"},"query-input":{"@type":"PropertyValueSpecification","valueRequired":true,"valueName":"search_term_string"}}],"inLanguage":"es"},{"@type":"Organization","@id":"https:\/\/transportjournal.com\/es\/#organization","name":"Grupo Logismedia AG","alternateName":"Logismedia Group AG","url":"https:\/\/transportjournal.com\/es\/","logo":{"@type":"ImageObject","inLanguage":"es","@id":"https:\/\/transportjournal.com\/es\/#\/schema\/logo\/image\/","url":"https:\/\/transportjournal.com\/wp-content\/uploads\/sites\/2\/2025\/09\/Logo_ITJ.png","contentUrl":"https:\/\/transportjournal.com\/wp-content\/uploads\/sites\/2\/2025\/09\/Logo_ITJ.png","width":799,"height":326,"caption":"Grupo Logismedia AG"},"image":{"@id":"https:\/\/transportjournal.com\/es\/#\/schema\/logo\/image\/"},"sameAs":["https:\/\/www.linkedin.com\/company\/56456496\/admin\/dashboard\/","https:\/\/www.instagram.com\/logismediagroup\/","https:\/\/www.youtube.com\/@LogiamediaGroupAG"]},{"@type":"Person","@id":"https:\/\/transportjournal.com\/es\/#\/schema\/person\/cf538b3157f15afd7589245a4b3dbd25","name":"Andreas Haug","url":"https:\/\/transportjournal.com\/es\/author\/andreas\/"}]}},"_links":{"self":[{"href":"https:\/\/transportjournal.com\/es\/wp-json\/wp\/v2\/posts\/73269","targetHints":{"allow":["GET"]}}],"collection":[{"href":"https:\/\/transportjournal.com\/es\/wp-json\/wp\/v2\/posts"}],"about":[{"href":"https:\/\/transportjournal.com\/es\/wp-json\/wp\/v2\/types\/post"}],"author":[{"embeddable":true,"href":"https:\/\/transportjournal.com\/es\/wp-json\/wp\/v2\/users\/12"}],"replies":[{"embeddable":true,"href":"https:\/\/transportjournal.com\/es\/wp-json\/wp\/v2\/comments?post=73269"}],"version-history":[{"count":1,"href":"https:\/\/transportjournal.com\/es\/wp-json\/wp\/v2\/posts\/73269\/revisions"}],"predecessor-version":[{"id":73277,"href":"https:\/\/transportjournal.com\/es\/wp-json\/wp\/v2\/posts\/73269\/revisions\/73277"}],"wp:featuredmedia":[{"embeddable":true,"href":"https:\/\/transportjournal.com\/es\/wp-json\/wp\/v2\/media\/73274"}],"wp:attachment":[{"href":"https:\/\/transportjournal.com\/es\/wp-json\/wp\/v2\/media?parent=73269"}],"wp:term":[{"taxonomy":"category","embeddable":true,"href":"https:\/\/transportjournal.com\/es\/wp-json\/wp\/v2\/categories?post=73269"},{"taxonomy":"post_tag","embeddable":true,"href":"https:\/\/transportjournal.com\/es\/wp-json\/wp\/v2\/tags?post=73269"}],"curies":[{"name":"wp","href":"https:\/\/api.w.org\/{rel}","templated":true}]}}