{"id":73247,"date":"2026-01-16T05:30:32","date_gmt":"2026-01-16T05:30:32","guid":{"rendered":"https:\/\/transportjournal.com\/2026\/01\/16\/accelya-unifica-la-tecnologia-de-carga-y-de-pasajeros\/"},"modified":"2026-01-16T05:30:32","modified_gmt":"2026-01-16T05:30:32","slug":"accelya-unifica-la-tecnologia-de-carga-y-de-pasajeros","status":"publish","type":"post","link":"https:\/\/transportjournal.com\/es\/2026\/01\/16\/accelya-unifica-la-tecnologia-de-carga-y-de-pasajeros\/","title":{"rendered":"Accelya unifica la tecnolog\u00eda de carga y de pasajeros"},"content":{"rendered":"<p>Accelya ha anunciado un nuevo paso en el desarrollo de su plataforma FLX ONE Cargo, unificando el desarrollo de carga sobre la misma base tecnol\u00f3gica que se utiliza para las plataformas de distribuci\u00f3n de pasajeros. Esta medida subraya la inversi\u00f3n a largo plazo de Accelya en el sector de carga como un componente central de la estrategia empresarial y la capacidad operativa de las aerol\u00edneas.<\/p>\n<p>La plataforma FLX ONE Cargo, que se lanzar\u00e1 en abril de 2025, es una soluci\u00f3n nativa en la nube que soporta operaciones modernas de distribuci\u00f3n y gesti\u00f3n de carga impulsadas por API. Al integrar la carga en la misma arquitectura FLX ONE que ya se utiliza en la distribuci\u00f3n de pasajeros, Accelya crea una base tecnol\u00f3gica unificada que funciona a nivel global para las aerol\u00edneas.<\/p>\n<h3>Ventajas de la tecnolog\u00eda unificada<\/h3>\n<p>Este enfoque integrado permite a las aerol\u00edneas beneficiarse de una seguridad, escalabilidad y servicios nativos en la nube consistentes tanto en las operaciones de pasajeros como de carga, mientras se tienen en cuenta completamente los requisitos comerciales, operativos y regulatorios espec\u00edficos de la carga. Adem\u00e1s, Accelya puede impulsar innovaciones m\u00e1s r\u00e1pidamente al utilizar servicios de plataforma y un modelo operativo compartido en todo el portafolio de FLX ONE.<\/p>\n<p>Como parte de esta inversi\u00f3n continua, Accelya ha nombrado a Muthupandi Nageswaran como Vicepresidente de Tecnolog\u00eda para FLX ONE Cargo. Nageswaran aporta m\u00e1s de 20 a\u00f1os de experiencia en la direcci\u00f3n de desarrollo de plataformas a gran escala y transformaci\u00f3n digital en empresas globales como WEX, SAP Concur, Oracle, IBM y HP.<\/p>\n<p>&#8222;La carga es un motor central del rendimiento de las aerol\u00edneas y merece la misma base tecnol\u00f3gica robusta y empresarial que la distribuci\u00f3n de pasajeros&#8220;, explic\u00f3 Sam Gilliland, CEO de Accelya. &#8222;Al unificar la tecnolog\u00eda de carga y de pasajeros en FLX ONE y continuar invirtiendo en liderazgo y capacidades de plataforma, ofrecemos a las aerol\u00edneas una base moderna y a largo plazo para desarrollar sus negocios de carga con confianza.&#8220;<\/p>\n<p>Accelya seguir\u00e1 apoyando su sistema de gesti\u00f3n de carga SkyChain para los clientes existentes. FLX ONE Cargo es una plataforma separada y nativa en la nube dise\u00f1ada para aerol\u00edneas que buscan capacidades modernas de carga basadas en la infraestructura de FLX ONE. La plataforma ofrece v\u00edas de personalizaci\u00f3n flexibles que permiten a las aerol\u00edneas modernizarse a su propio ritmo.<\/p>\n<p>La empresa planea anunciar m\u00e1s actualizaciones sobre las mejoras de la plataforma FLX ONE Cargo y los avances de los clientes a lo largo del a\u00f1o 2026.<\/p>\n<p>&nbsp;<\/p>\n<p><a href=\"https:\/\/w3.accelya.com\/\" target=\"_blank\" rel=\"noopener noreferrer\">www.accelya.com<\/a><\/p>\n<p>&nbsp;<\/p>\n","protected":false},"excerpt":{"rendered":"<p>Accelya ha desarrollado a\u00fan m\u00e1s la plataforma FLX ONE Cargo para ofrecer a las aerol\u00edneas una tecnolog\u00eda moderna y unificada para la distribuci\u00f3n de carga y pasajeros.<\/p>\n","protected":false},"author":12,"featured_media":73244,"comment_status":"open","ping_status":"open","sticky":false,"template":"","format":"standard","meta":{"_acf_changed":false,"footnotes":""},"categories":[1606,1611,1609],"tags":[2940,6065,6066,6067,6068,6069,3503,4855,2207,6070,6071,2943,6072,2211,2212,5443,2949,6073,6074,6075,6076,6077,2125,3682,3683,2133,1831,6078,6079,6080,5454,4876,6081,6082,6083,2148,6084,6085,6086,1857,5460,3534,3847,6087,3849,2242,2839,1837,6088],"class_list":["post-73247","post","type-post","status-publish","format-standard","has-post-thumbnail","hentry","category-carga-aerea","category-europa","category-regiones","tag-airlines","tag-api-driven-processes","tag-api-gesteuerte-ablaeufe","tag-capacites-modernes-de-fret","tag-cargo-and-passenger-technology","tag-cargo-distribution-platform","tag-cargo-management-system","tag-cargo-operations","tag-chaine-dapprovisionnement","tag-cloud-native-loesung","tag-cloud-native-solution","tag-compagnies-aeriennes","tag-deutsch-accelya","tag-digital-transformation","tag-digitale-transformation","tag-durabilite","tag-fluggesellschaften","tag-flx-one-cargo","tag-fracht-und-passagiertechnologie","tag-frachtbetrieb","tag-frachtmanagementsystem","tag-frachtvertriebsplattform","tag-industrie-du-transport","tag-infrastructure","tag-infrastruktur","tag-logistics-service-providers","tag-logistikdienstleister","tag-modern-cargo-capabilities-francais-accelya","tag-moderne-frachtfaehigkeiten-english-accelya","tag-muthupandi-nageswaran","tag-nachhaltigkeit","tag-operations-de-fret","tag-passagiervertrieb","tag-passenger-sales","tag-plateforme-de-distribution-de-fret","tag-prestataires-de-services-logistiques","tag-processus-pilotes-par-api","tag-sam-gilliland","tag-solution-cloud-native","tag-supply-chain","tag-sustainability","tag-systeme-de-gestion-de-fret","tag-technologie","tag-technologie-de-fret-et-de-passagers","tag-technology","tag-transformation-numerique","tag-transportation-industry","tag-transportwirtschaft","tag-ventes-de-passagers"],"acf":[],"yoast_head":"<!-- This site is optimized with the Yoast SEO plugin v27.3 - https:\/\/yoast.com\/product\/yoast-seo-wordpress\/ -->\n<title>Accelya unifica la tecnolog\u00eda de carga y de pasajeros - ITJ | International Transport Journal<\/title>\n<meta name=\"robots\" content=\"index, follow, max-snippet:-1, max-image-preview:large, max-video-preview:-1\" \/>\n<link rel=\"canonical\" href=\"https:\/\/transportjournal.com\/es\/2026\/01\/16\/accelya-unifica-la-tecnologia-de-carga-y-de-pasajeros\/\" \/>\n<meta property=\"og:locale\" content=\"es_ES\" \/>\n<meta property=\"og:type\" content=\"article\" \/>\n<meta property=\"og:title\" content=\"Accelya unifica la tecnolog\u00eda de carga y de pasajeros - ITJ | International Transport Journal\" \/>\n<meta property=\"og:description\" content=\"Accelya ha desarrollado a\u00fan m\u00e1s la plataforma FLX ONE Cargo para ofrecer a las aerol\u00edneas una tecnolog\u00eda moderna y unificada para la distribuci\u00f3n de carga y pasajeros.\" \/>\n<meta property=\"og:url\" content=\"https:\/\/transportjournal.com\/es\/2026\/01\/16\/accelya-unifica-la-tecnologia-de-carga-y-de-pasajeros\/\" \/>\n<meta property=\"og:site_name\" content=\"ITJ | International Transport Journal\" \/>\n<meta property=\"article:published_time\" content=\"2026-01-16T05:30:32+00:00\" \/>\n<meta property=\"og:image\" content=\"https:\/\/transportjournal.com\/wp-content\/uploads\/sites\/2\/2026\/01\/Accelya-FLX-Cargo-3-aspect-ratio-1400-788.webp\" \/>\n\t<meta property=\"og:image:width\" content=\"558\" \/>\n\t<meta property=\"og:image:height\" content=\"314\" \/>\n\t<meta property=\"og:image:type\" content=\"image\/webp\" \/>\n<meta name=\"author\" content=\"Andreas Haug\" \/>\n<meta name=\"twitter:card\" content=\"summary_large_image\" \/>\n<meta name=\"twitter:label1\" content=\"Escrito por\" \/>\n\t<meta name=\"twitter:data1\" content=\"Andreas Haug\" \/>\n\t<meta name=\"twitter:label2\" content=\"Tiempo de lectura\" \/>\n\t<meta name=\"twitter:data2\" content=\"2 minuto\" \/>\n<script type=\"application\/ld+json\" class=\"yoast-schema-graph\">{\"@context\":\"https:\\\/\\\/schema.org\",\"@graph\":[{\"@type\":\"Article\",\"@id\":\"https:\\\/\\\/transportjournal.com\\\/es\\\/2026\\\/01\\\/16\\\/accelya-unifica-la-tecnologia-de-carga-y-de-pasajeros\\\/#article\",\"isPartOf\":{\"@id\":\"https:\\\/\\\/transportjournal.com\\\/es\\\/2026\\\/01\\\/16\\\/accelya-unifica-la-tecnologia-de-carga-y-de-pasajeros\\\/\"},\"author\":{\"name\":\"Andreas Haug\",\"@id\":\"https:\\\/\\\/transportjournal.com\\\/es\\\/#\\\/schema\\\/person\\\/cf538b3157f15afd7589245a4b3dbd25\"},\"headline\":\"Accelya unifica la tecnolog\u00eda de carga y de pasajeros\",\"datePublished\":\"2026-01-16T05:30:32+00:00\",\"mainEntityOfPage\":{\"@id\":\"https:\\\/\\\/transportjournal.com\\\/es\\\/2026\\\/01\\\/16\\\/accelya-unifica-la-tecnologia-de-carga-y-de-pasajeros\\\/\"},\"wordCount\":459,\"commentCount\":0,\"publisher\":{\"@id\":\"https:\\\/\\\/transportjournal.com\\\/es\\\/#organization\"},\"image\":{\"@id\":\"https:\\\/\\\/transportjournal.com\\\/es\\\/2026\\\/01\\\/16\\\/accelya-unifica-la-tecnologia-de-carga-y-de-pasajeros\\\/#primaryimage\"},\"thumbnailUrl\":\"https:\\\/\\\/transportjournal.com\\\/wp-content\\\/uploads\\\/sites\\\/2\\\/2026\\\/01\\\/Accelya-FLX-Cargo-3-aspect-ratio-1400-788.webp\",\"keywords\":[\"airlines\",\"API-driven processes\",\"API-gesteuerte Abl\u00e4ufe\",\"capacit\u00e9s modernes de fret\",\"cargo and passenger technology\",\"cargo distribution platform\",\"Cargo Management System\",\"cargo operations\",\"cha\u00eene d'approvisionnement\",\"cloud-native L\u00f6sung\",\"cloud-native solution\",\"compagnies a\u00e9riennes\",\"Deutsch Accelya\",\"digital transformation\",\"digitale Transformation\",\"durabilit\u00e9\",\"Fluggesellschaften\",\"FLX ONE Cargo\",\"Fracht- und Passagiertechnologie\",\"Frachtbetrieb\",\"Frachtmanagementsystem\",\"Frachtvertriebsplattform\",\"industrie du transport\",\"infrastructure\",\"Infrastruktur\",\"logistics service providers\",\"Logistikdienstleister\",\"modern cargo capabilities Fran\u00e7ais Accelya\",\"moderne Frachtf\u00e4higkeiten English Accelya\",\"Muthupandi Nageswaran\",\"Nachhaltigkeit\",\"op\u00e9rations de fret\",\"Passagiervertrieb\",\"passenger sales\",\"plateforme de distribution de fret\",\"prestataires de services logistiques\",\"processus pilot\u00e9s par API\",\"Sam Gilliland\",\"solution cloud-native\",\"Supply Chain\",\"sustainability\",\"syst\u00e8me de gestion de fret\",\"technologie\",\"technologie de fret et de passagers\",\"technology\",\"transformation num\u00e9rique\",\"transportation industry\",\"Transportwirtschaft\",\"ventes de passagers\"],\"articleSection\":[\"Carga a\u00e9rea\",\"Europa\",\"Regiones\"],\"inLanguage\":\"es\",\"potentialAction\":[{\"@type\":\"CommentAction\",\"name\":\"Comment\",\"target\":[\"https:\\\/\\\/transportjournal.com\\\/es\\\/2026\\\/01\\\/16\\\/accelya-unifica-la-tecnologia-de-carga-y-de-pasajeros\\\/#respond\"]}]},{\"@type\":\"WebPage\",\"@id\":\"https:\\\/\\\/transportjournal.com\\\/es\\\/2026\\\/01\\\/16\\\/accelya-unifica-la-tecnologia-de-carga-y-de-pasajeros\\\/\",\"url\":\"https:\\\/\\\/transportjournal.com\\\/es\\\/2026\\\/01\\\/16\\\/accelya-unifica-la-tecnologia-de-carga-y-de-pasajeros\\\/\",\"name\":\"Accelya unifica la tecnolog\u00eda de carga y de pasajeros - ITJ | International Transport Journal\",\"isPartOf\":{\"@id\":\"https:\\\/\\\/transportjournal.com\\\/es\\\/#website\"},\"primaryImageOfPage\":{\"@id\":\"https:\\\/\\\/transportjournal.com\\\/es\\\/2026\\\/01\\\/16\\\/accelya-unifica-la-tecnologia-de-carga-y-de-pasajeros\\\/#primaryimage\"},\"image\":{\"@id\":\"https:\\\/\\\/transportjournal.com\\\/es\\\/2026\\\/01\\\/16\\\/accelya-unifica-la-tecnologia-de-carga-y-de-pasajeros\\\/#primaryimage\"},\"thumbnailUrl\":\"https:\\\/\\\/transportjournal.com\\\/wp-content\\\/uploads\\\/sites\\\/2\\\/2026\\\/01\\\/Accelya-FLX-Cargo-3-aspect-ratio-1400-788.webp\",\"datePublished\":\"2026-01-16T05:30:32+00:00\",\"breadcrumb\":{\"@id\":\"https:\\\/\\\/transportjournal.com\\\/es\\\/2026\\\/01\\\/16\\\/accelya-unifica-la-tecnologia-de-carga-y-de-pasajeros\\\/#breadcrumb\"},\"inLanguage\":\"es\",\"potentialAction\":[{\"@type\":\"ReadAction\",\"target\":[\"https:\\\/\\\/transportjournal.com\\\/es\\\/2026\\\/01\\\/16\\\/accelya-unifica-la-tecnologia-de-carga-y-de-pasajeros\\\/\"]}]},{\"@type\":\"ImageObject\",\"inLanguage\":\"es\",\"@id\":\"https:\\\/\\\/transportjournal.com\\\/es\\\/2026\\\/01\\\/16\\\/accelya-unifica-la-tecnologia-de-carga-y-de-pasajeros\\\/#primaryimage\",\"url\":\"https:\\\/\\\/transportjournal.com\\\/wp-content\\\/uploads\\\/sites\\\/2\\\/2026\\\/01\\\/Accelya-FLX-Cargo-3-aspect-ratio-1400-788.webp\",\"contentUrl\":\"https:\\\/\\\/transportjournal.com\\\/wp-content\\\/uploads\\\/sites\\\/2\\\/2026\\\/01\\\/Accelya-FLX-Cargo-3-aspect-ratio-1400-788.webp\",\"width\":558,\"height\":314},{\"@type\":\"BreadcrumbList\",\"@id\":\"https:\\\/\\\/transportjournal.com\\\/es\\\/2026\\\/01\\\/16\\\/accelya-unifica-la-tecnologia-de-carga-y-de-pasajeros\\\/#breadcrumb\",\"itemListElement\":[{\"@type\":\"ListItem\",\"position\":1,\"name\":\"Startseite\",\"item\":\"https:\\\/\\\/transportjournal.com\\\/es\\\/\"},{\"@type\":\"ListItem\",\"position\":2,\"name\":\"Accelya unifica la tecnolog\u00eda de carga y de pasajeros\"}]},{\"@type\":\"WebSite\",\"@id\":\"https:\\\/\\\/transportjournal.com\\\/es\\\/#website\",\"url\":\"https:\\\/\\\/transportjournal.com\\\/es\\\/\",\"name\":\"ITJ | International Transport Journal\",\"description\":\"Stay informed with the latest global news from the transport, logistics, and supply chain industries. Transport Journal delivers expert insights, analysis, and updates across shipping, aviation, intermodal, and forwarding.\",\"publisher\":{\"@id\":\"https:\\\/\\\/transportjournal.com\\\/es\\\/#organization\"},\"potentialAction\":[{\"@type\":\"SearchAction\",\"target\":{\"@type\":\"EntryPoint\",\"urlTemplate\":\"https:\\\/\\\/transportjournal.com\\\/es\\\/?s={search_term_string}\"},\"query-input\":{\"@type\":\"PropertyValueSpecification\",\"valueRequired\":true,\"valueName\":\"search_term_string\"}}],\"inLanguage\":\"es\"},{\"@type\":\"Organization\",\"@id\":\"https:\\\/\\\/transportjournal.com\\\/es\\\/#organization\",\"name\":\"Grupo Logismedia AG\",\"alternateName\":\"Logismedia Group AG\",\"url\":\"https:\\\/\\\/transportjournal.com\\\/es\\\/\",\"logo\":{\"@type\":\"ImageObject\",\"inLanguage\":\"es\",\"@id\":\"https:\\\/\\\/transportjournal.com\\\/es\\\/#\\\/schema\\\/logo\\\/image\\\/\",\"url\":\"https:\\\/\\\/transportjournal.com\\\/wp-content\\\/uploads\\\/sites\\\/2\\\/2025\\\/09\\\/Logo_ITJ.png\",\"contentUrl\":\"https:\\\/\\\/transportjournal.com\\\/wp-content\\\/uploads\\\/sites\\\/2\\\/2025\\\/09\\\/Logo_ITJ.png\",\"width\":799,\"height\":326,\"caption\":\"Grupo Logismedia AG\"},\"image\":{\"@id\":\"https:\\\/\\\/transportjournal.com\\\/es\\\/#\\\/schema\\\/logo\\\/image\\\/\"},\"sameAs\":[\"https:\\\/\\\/www.linkedin.com\\\/company\\\/56456496\\\/admin\\\/dashboard\\\/\",\"https:\\\/\\\/www.instagram.com\\\/logismediagroup\\\/\",\"https:\\\/\\\/www.youtube.com\\\/@LogiamediaGroupAG\"]},{\"@type\":\"Person\",\"@id\":\"https:\\\/\\\/transportjournal.com\\\/es\\\/#\\\/schema\\\/person\\\/cf538b3157f15afd7589245a4b3dbd25\",\"name\":\"Andreas Haug\",\"url\":\"https:\\\/\\\/transportjournal.com\\\/es\\\/author\\\/andreas\\\/\"}]}<\/script>\n<!-- \/ Yoast SEO plugin. -->","yoast_head_json":{"title":"Accelya unifica la tecnolog\u00eda de carga y de pasajeros - ITJ | International Transport Journal","robots":{"index":"index","follow":"follow","max-snippet":"max-snippet:-1","max-image-preview":"max-image-preview:large","max-video-preview":"max-video-preview:-1"},"canonical":"https:\/\/transportjournal.com\/es\/2026\/01\/16\/accelya-unifica-la-tecnologia-de-carga-y-de-pasajeros\/","og_locale":"es_ES","og_type":"article","og_title":"Accelya unifica la tecnolog\u00eda de carga y de pasajeros - ITJ | International Transport Journal","og_description":"Accelya ha desarrollado a\u00fan m\u00e1s la plataforma FLX ONE Cargo para ofrecer a las aerol\u00edneas una tecnolog\u00eda moderna y unificada para la distribuci\u00f3n de carga y pasajeros.","og_url":"https:\/\/transportjournal.com\/es\/2026\/01\/16\/accelya-unifica-la-tecnologia-de-carga-y-de-pasajeros\/","og_site_name":"ITJ | International Transport Journal","article_published_time":"2026-01-16T05:30:32+00:00","og_image":[{"width":558,"height":314,"url":"https:\/\/transportjournal.com\/wp-content\/uploads\/sites\/2\/2026\/01\/Accelya-FLX-Cargo-3-aspect-ratio-1400-788.webp","type":"image\/webp"}],"author":"Andreas Haug","twitter_card":"summary_large_image","twitter_misc":{"Escrito por":"Andreas Haug","Tiempo de lectura":"2 minuto"},"schema":{"@context":"https:\/\/schema.org","@graph":[{"@type":"Article","@id":"https:\/\/transportjournal.com\/es\/2026\/01\/16\/accelya-unifica-la-tecnologia-de-carga-y-de-pasajeros\/#article","isPartOf":{"@id":"https:\/\/transportjournal.com\/es\/2026\/01\/16\/accelya-unifica-la-tecnologia-de-carga-y-de-pasajeros\/"},"author":{"name":"Andreas Haug","@id":"https:\/\/transportjournal.com\/es\/#\/schema\/person\/cf538b3157f15afd7589245a4b3dbd25"},"headline":"Accelya unifica la tecnolog\u00eda de carga y de pasajeros","datePublished":"2026-01-16T05:30:32+00:00","mainEntityOfPage":{"@id":"https:\/\/transportjournal.com\/es\/2026\/01\/16\/accelya-unifica-la-tecnologia-de-carga-y-de-pasajeros\/"},"wordCount":459,"commentCount":0,"publisher":{"@id":"https:\/\/transportjournal.com\/es\/#organization"},"image":{"@id":"https:\/\/transportjournal.com\/es\/2026\/01\/16\/accelya-unifica-la-tecnologia-de-carga-y-de-pasajeros\/#primaryimage"},"thumbnailUrl":"https:\/\/transportjournal.com\/wp-content\/uploads\/sites\/2\/2026\/01\/Accelya-FLX-Cargo-3-aspect-ratio-1400-788.webp","keywords":["airlines","API-driven processes","API-gesteuerte Abl\u00e4ufe","capacit\u00e9s modernes de fret","cargo and passenger technology","cargo distribution platform","Cargo Management System","cargo operations","cha\u00eene d'approvisionnement","cloud-native L\u00f6sung","cloud-native solution","compagnies a\u00e9riennes","Deutsch Accelya","digital transformation","digitale Transformation","durabilit\u00e9","Fluggesellschaften","FLX ONE Cargo","Fracht- und Passagiertechnologie","Frachtbetrieb","Frachtmanagementsystem","Frachtvertriebsplattform","industrie du transport","infrastructure","Infrastruktur","logistics service providers","Logistikdienstleister","modern cargo capabilities Fran\u00e7ais Accelya","moderne Frachtf\u00e4higkeiten English Accelya","Muthupandi Nageswaran","Nachhaltigkeit","op\u00e9rations de fret","Passagiervertrieb","passenger sales","plateforme de distribution de fret","prestataires de services logistiques","processus pilot\u00e9s par API","Sam Gilliland","solution cloud-native","Supply Chain","sustainability","syst\u00e8me de gestion de fret","technologie","technologie de fret et de passagers","technology","transformation num\u00e9rique","transportation industry","Transportwirtschaft","ventes de passagers"],"articleSection":["Carga a\u00e9rea","Europa","Regiones"],"inLanguage":"es","potentialAction":[{"@type":"CommentAction","name":"Comment","target":["https:\/\/transportjournal.com\/es\/2026\/01\/16\/accelya-unifica-la-tecnologia-de-carga-y-de-pasajeros\/#respond"]}]},{"@type":"WebPage","@id":"https:\/\/transportjournal.com\/es\/2026\/01\/16\/accelya-unifica-la-tecnologia-de-carga-y-de-pasajeros\/","url":"https:\/\/transportjournal.com\/es\/2026\/01\/16\/accelya-unifica-la-tecnologia-de-carga-y-de-pasajeros\/","name":"Accelya unifica la tecnolog\u00eda de carga y de pasajeros - ITJ | International Transport Journal","isPartOf":{"@id":"https:\/\/transportjournal.com\/es\/#website"},"primaryImageOfPage":{"@id":"https:\/\/transportjournal.com\/es\/2026\/01\/16\/accelya-unifica-la-tecnologia-de-carga-y-de-pasajeros\/#primaryimage"},"image":{"@id":"https:\/\/transportjournal.com\/es\/2026\/01\/16\/accelya-unifica-la-tecnologia-de-carga-y-de-pasajeros\/#primaryimage"},"thumbnailUrl":"https:\/\/transportjournal.com\/wp-content\/uploads\/sites\/2\/2026\/01\/Accelya-FLX-Cargo-3-aspect-ratio-1400-788.webp","datePublished":"2026-01-16T05:30:32+00:00","breadcrumb":{"@id":"https:\/\/transportjournal.com\/es\/2026\/01\/16\/accelya-unifica-la-tecnologia-de-carga-y-de-pasajeros\/#breadcrumb"},"inLanguage":"es","potentialAction":[{"@type":"ReadAction","target":["https:\/\/transportjournal.com\/es\/2026\/01\/16\/accelya-unifica-la-tecnologia-de-carga-y-de-pasajeros\/"]}]},{"@type":"ImageObject","inLanguage":"es","@id":"https:\/\/transportjournal.com\/es\/2026\/01\/16\/accelya-unifica-la-tecnologia-de-carga-y-de-pasajeros\/#primaryimage","url":"https:\/\/transportjournal.com\/wp-content\/uploads\/sites\/2\/2026\/01\/Accelya-FLX-Cargo-3-aspect-ratio-1400-788.webp","contentUrl":"https:\/\/transportjournal.com\/wp-content\/uploads\/sites\/2\/2026\/01\/Accelya-FLX-Cargo-3-aspect-ratio-1400-788.webp","width":558,"height":314},{"@type":"BreadcrumbList","@id":"https:\/\/transportjournal.com\/es\/2026\/01\/16\/accelya-unifica-la-tecnologia-de-carga-y-de-pasajeros\/#breadcrumb","itemListElement":[{"@type":"ListItem","position":1,"name":"Startseite","item":"https:\/\/transportjournal.com\/es\/"},{"@type":"ListItem","position":2,"name":"Accelya unifica la tecnolog\u00eda de carga y de pasajeros"}]},{"@type":"WebSite","@id":"https:\/\/transportjournal.com\/es\/#website","url":"https:\/\/transportjournal.com\/es\/","name":"ITJ | International Transport Journal","description":"Stay informed with the latest global news from the transport, logistics, and supply chain industries. Transport Journal delivers expert insights, analysis, and updates across shipping, aviation, intermodal, and forwarding.","publisher":{"@id":"https:\/\/transportjournal.com\/es\/#organization"},"potentialAction":[{"@type":"SearchAction","target":{"@type":"EntryPoint","urlTemplate":"https:\/\/transportjournal.com\/es\/?s={search_term_string}"},"query-input":{"@type":"PropertyValueSpecification","valueRequired":true,"valueName":"search_term_string"}}],"inLanguage":"es"},{"@type":"Organization","@id":"https:\/\/transportjournal.com\/es\/#organization","name":"Grupo Logismedia AG","alternateName":"Logismedia Group AG","url":"https:\/\/transportjournal.com\/es\/","logo":{"@type":"ImageObject","inLanguage":"es","@id":"https:\/\/transportjournal.com\/es\/#\/schema\/logo\/image\/","url":"https:\/\/transportjournal.com\/wp-content\/uploads\/sites\/2\/2025\/09\/Logo_ITJ.png","contentUrl":"https:\/\/transportjournal.com\/wp-content\/uploads\/sites\/2\/2025\/09\/Logo_ITJ.png","width":799,"height":326,"caption":"Grupo Logismedia AG"},"image":{"@id":"https:\/\/transportjournal.com\/es\/#\/schema\/logo\/image\/"},"sameAs":["https:\/\/www.linkedin.com\/company\/56456496\/admin\/dashboard\/","https:\/\/www.instagram.com\/logismediagroup\/","https:\/\/www.youtube.com\/@LogiamediaGroupAG"]},{"@type":"Person","@id":"https:\/\/transportjournal.com\/es\/#\/schema\/person\/cf538b3157f15afd7589245a4b3dbd25","name":"Andreas Haug","url":"https:\/\/transportjournal.com\/es\/author\/andreas\/"}]}},"_links":{"self":[{"href":"https:\/\/transportjournal.com\/es\/wp-json\/wp\/v2\/posts\/73247","targetHints":{"allow":["GET"]}}],"collection":[{"href":"https:\/\/transportjournal.com\/es\/wp-json\/wp\/v2\/posts"}],"about":[{"href":"https:\/\/transportjournal.com\/es\/wp-json\/wp\/v2\/types\/post"}],"author":[{"embeddable":true,"href":"https:\/\/transportjournal.com\/es\/wp-json\/wp\/v2\/users\/12"}],"replies":[{"embeddable":true,"href":"https:\/\/transportjournal.com\/es\/wp-json\/wp\/v2\/comments?post=73247"}],"version-history":[{"count":0,"href":"https:\/\/transportjournal.com\/es\/wp-json\/wp\/v2\/posts\/73247\/revisions"}],"wp:featuredmedia":[{"embeddable":true,"href":"https:\/\/transportjournal.com\/es\/wp-json\/wp\/v2\/media\/73244"}],"wp:attachment":[{"href":"https:\/\/transportjournal.com\/es\/wp-json\/wp\/v2\/media?parent=73247"}],"wp:term":[{"taxonomy":"category","embeddable":true,"href":"https:\/\/transportjournal.com\/es\/wp-json\/wp\/v2\/categories?post=73247"},{"taxonomy":"post_tag","embeddable":true,"href":"https:\/\/transportjournal.com\/es\/wp-json\/wp\/v2\/tags?post=73247"}],"curies":[{"name":"wp","href":"https:\/\/api.w.org\/{rel}","templated":true}]}}