{"id":73135,"date":"2026-01-15T08:45:15","date_gmt":"2026-01-15T08:45:15","guid":{"rendered":"https:\/\/transportjournal.com\/2026\/01\/15\/logivest-media-un-sitio-logistico-en-gaggenau\/"},"modified":"2026-01-15T08:45:15","modified_gmt":"2026-01-15T08:45:15","slug":"logivest-media-un-sitio-logistico-en-gaggenau","status":"publish","type":"post","link":"https:\/\/transportjournal.com\/es\/2026\/01\/15\/logivest-media-un-sitio-logistico-en-gaggenau\/","title":{"rendered":"Logivest media un sitio log\u00edstico en Gaggenau"},"content":{"rendered":"<p>Im Gaggenau, Baden-W\u00fcrttemberg, el asesor de inmuebles log\u00edsticos Logivest ha intermediado un nuevo sitio log\u00edstico para Magnera. Ubicada en la Max-Roth-Stra\u00dfe 5, la instalaci\u00f3n es gestionada por Hillwood, una empresa en el sector de bienes ra\u00edces comerciales.<\/p>\n<p>Magnera, un fabricante de materiales especiales y no tejidos, necesitaba un sitio log\u00edstico adecuado para apoyar su planta de producci\u00f3n en Gernsbach, seg\u00fan informa Logivest. Como resultado, la empresa pudo ofrecer un inmueble que se encuentra a solo unos minutos en coche y que permite la consolidaci\u00f3n de los inventarios.<\/p>\n<p>La nueva superficie log\u00edstica abarca aproximadamente 11,000 metros cuadrados de espacio de almacenamiento, incluyendo un entrepiso y m\u00e1s de 500 metros cuadrados de espacio de oficina. Un acceso lateral cubierto permite la carga y descarga de rollos de papel a cubierto. Para este prop\u00f3sito, la instalaci\u00f3n cuenta con un total de diez rampas y tres puertas a nivel del suelo. Para cumplir con los requisitos de protecci\u00f3n contra incendios y seguros, se optimizar\u00e1 el sistema de rociadores existente. La propiedad tambi\u00e9n cuenta con un permiso para operar las 24 horas.<\/p>\n<p><a href=\"https:\/\/www.logivest.de\/\" target=\"_blank\" rel=\"noopener noreferrer\">www.logivest.de<\/a><\/p>\n","protected":false},"excerpt":{"rendered":"<p>En Gaggenau, Logivest ha intermediado un nuevo centro log\u00edstico para Magnera, que consolida los inventarios de manera eficiente y ofrece una conexi\u00f3n a la A5.<\/p>\n","protected":false},"author":10,"featured_media":73132,"comment_status":"open","ping_status":"open","sticky":false,"template":"","format":"standard","meta":{"_acf_changed":false,"footnotes":""},"categories":[1611,1605],"tags":[5536,5537,5538,5539,5540,5541,2115,2116,4047,5542,5543,5544,5545,5546,3328,3994,5547,5548,5549,5550,5551,4001,5552,5553,2525,5554,2526,5555,5556,4003,5557,3107,5558,5559,5560,5561,5562,4061,5563,3157,4006,2869,5564,5565,5566,5567,5568,5569,5570,5571,5572,4078,5573,5574,5575,5576,5577],"class_list":["post-73135","post","type-post","status-publish","format-standard","has-post-thumbnail","hentry","category-europa","category-expedicion-y-logistica","tag-brandschutz-logistikimmobilien","tag-centre-logistique-gaggenau","tag-chaine-dapprovisionnement-gernsbach","tag-commercial-real-estate-baden-wuerttemberg","tag-conseiller-en-immobilier-logistique","tag-deutsch-logivest","tag-digitalisierung-in-der-logistik","tag-digitalization-in-logistics","tag-durabilite-logistique","tag-espace-dentrepot-gaggenau","tag-fire-protection-logistics-real-estate","tag-gewerbeimmobilien-baden-wuerttemberg","tag-immobilier-commercial-bade-wurtemberg","tag-infrastructure-logistics","tag-infrastructure-logistique","tag-infrastruktur-logistik","tag-lagerflaeche-gaggenau","tag-location-despaces-logistiques","tag-logistics-center-gaggenau","tag-logistics-location-gaggenau","tag-logistics-locations-germany","tag-logistics-optimization","tag-logistics-real-estate-advisor","tag-logistics-sector-2023-francais-logivest","tag-logistics-service-providers-germany","tag-logistikbranche-2023-english-logivest","tag-logistikdienstleister-deutschland","tag-logistikflaechen-mieten","tag-logistikimmobilienberater","tag-logistikoptimierung","tag-logistikstandort-gaggenau","tag-logistikstandorte-deutschland","tag-logistikzentrum-gaggenau","tag-logistique-magnera","tag-magnera-logistics","tag-magnera-logistik","tag-materiaux-speciaux-logistique","tag-nachhaltigkeit-logistik","tag-nonwovens-transport","tag-numerisation-dans-la-logistique","tag-optimisation-logistique","tag-prestataires-de-services-logistiques-allemagne","tag-protection-incendie-immobilier-logistique","tag-renting-logistics-spaces","tag-secteur-du-transport-bade-wurtemberg","tag-secteur-logistique-2023","tag-site-logistique-gaggenau","tag-sites-logistiques-allemagne","tag-specialty-materials-logistics","tag-spezialmaterialien-logistik","tag-supply-chain-gernsbach","tag-sustainability-logistics","tag-transport-industry-baden-wuerttemberg","tag-transport-non-tisses","tag-transportwirtschaft-baden-wuerttemberg","tag-vliesstoffe-transport","tag-warehouse-space-gaggenau"],"acf":[],"yoast_head":"<!-- This site is optimized with the Yoast SEO plugin v27.3 - https:\/\/yoast.com\/product\/yoast-seo-wordpress\/ -->\n<title>Logivest media un sitio log\u00edstico en Gaggenau - ITJ | International Transport Journal<\/title>\n<meta name=\"robots\" content=\"index, follow, max-snippet:-1, max-image-preview:large, max-video-preview:-1\" \/>\n<link rel=\"canonical\" href=\"https:\/\/transportjournal.com\/es\/2026\/01\/15\/logivest-media-un-sitio-logistico-en-gaggenau\/\" \/>\n<meta property=\"og:locale\" content=\"es_ES\" \/>\n<meta property=\"og:type\" content=\"article\" \/>\n<meta property=\"og:title\" content=\"Logivest media un sitio log\u00edstico en Gaggenau - ITJ | International Transport Journal\" \/>\n<meta property=\"og:description\" content=\"En Gaggenau, Logivest ha intermediado un nuevo centro log\u00edstico para Magnera, que consolida los inventarios de manera eficiente y ofrece una conexi\u00f3n a la A5.\" \/>\n<meta property=\"og:url\" content=\"https:\/\/transportjournal.com\/es\/2026\/01\/15\/logivest-media-un-sitio-logistico-en-gaggenau\/\" \/>\n<meta property=\"og:site_name\" content=\"ITJ | International Transport Journal\" \/>\n<meta property=\"article:published_time\" content=\"2026-01-15T08:45:15+00:00\" \/>\n<meta property=\"og:image\" content=\"https:\/\/transportjournal.com\/wp-content\/uploads\/sites\/2\/2026\/01\/Gaggenau_Copyright_Logivest-scaled-aspect-ratio-1400-788-scaled-1.jpg\" \/>\n\t<meta property=\"og:image:width\" content=\"2560\" \/>\n\t<meta property=\"og:image:height\" content=\"1440\" \/>\n\t<meta property=\"og:image:type\" content=\"image\/jpeg\" \/>\n<meta name=\"author\" content=\"Jeremy Soland\" \/>\n<meta name=\"twitter:card\" content=\"summary_large_image\" \/>\n<meta name=\"twitter:label1\" content=\"Escrito por\" \/>\n\t<meta name=\"twitter:data1\" content=\"Jeremy Soland\" \/>\n\t<meta name=\"twitter:label2\" content=\"Tiempo de lectura\" \/>\n\t<meta name=\"twitter:data2\" content=\"1 minuto\" \/>\n<script type=\"application\/ld+json\" class=\"yoast-schema-graph\">{\"@context\":\"https:\\\/\\\/schema.org\",\"@graph\":[{\"@type\":\"Article\",\"@id\":\"https:\\\/\\\/transportjournal.com\\\/es\\\/2026\\\/01\\\/15\\\/logivest-media-un-sitio-logistico-en-gaggenau\\\/#article\",\"isPartOf\":{\"@id\":\"https:\\\/\\\/transportjournal.com\\\/es\\\/2026\\\/01\\\/15\\\/logivest-media-un-sitio-logistico-en-gaggenau\\\/\"},\"author\":{\"name\":\"Jeremy Soland\",\"@id\":\"https:\\\/\\\/transportjournal.com\\\/es\\\/#\\\/schema\\\/person\\\/41d36b5474b623392fa613e97e2363fa\"},\"headline\":\"Logivest media un sitio log\u00edstico en Gaggenau\",\"datePublished\":\"2026-01-15T08:45:15+00:00\",\"mainEntityOfPage\":{\"@id\":\"https:\\\/\\\/transportjournal.com\\\/es\\\/2026\\\/01\\\/15\\\/logivest-media-un-sitio-logistico-en-gaggenau\\\/\"},\"wordCount\":200,\"commentCount\":0,\"publisher\":{\"@id\":\"https:\\\/\\\/transportjournal.com\\\/es\\\/#organization\"},\"image\":{\"@id\":\"https:\\\/\\\/transportjournal.com\\\/es\\\/2026\\\/01\\\/15\\\/logivest-media-un-sitio-logistico-en-gaggenau\\\/#primaryimage\"},\"thumbnailUrl\":\"https:\\\/\\\/transportjournal.com\\\/wp-content\\\/uploads\\\/sites\\\/2\\\/2026\\\/01\\\/Gaggenau_Copyright_Logivest-scaled-aspect-ratio-1400-788-scaled-1.jpg\",\"keywords\":[\"Brandschutz Logistikimmobilien\",\"centre logistique Gaggenau\",\"cha\u00eene d'approvisionnement Gernsbach\",\"commercial real estate Baden-W\u00fcrttemberg\",\"conseiller en immobilier logistique\",\"Deutsch Logivest\",\"Digitalisierung in der Logistik\",\"digitalization in logistics\",\"durabilit\u00e9 logistique\",\"espace d'entrep\u00f4t Gaggenau\",\"fire protection logistics real estate\",\"Gewerbeimmobilien Baden-W\u00fcrttemberg\",\"immobilier commercial Bade-Wurtemberg\",\"infrastructure logistics\",\"infrastructure logistique\",\"Infrastruktur Logistik\",\"Lagerfl\u00e4che Gaggenau\",\"location d'espaces logistiques\",\"logistics center Gaggenau\",\"logistics location Gaggenau\",\"logistics locations Germany\",\"logistics optimization\",\"logistics real estate advisor\",\"logistics sector 2023 Fran\u00e7ais Logivest\",\"logistics service providers Germany\",\"Logistikbranche 2023 English Logivest\",\"Logistikdienstleister Deutschland\",\"Logistikfl\u00e4chen mieten\",\"Logistikimmobilienberater\",\"Logistikoptimierung\",\"Logistikstandort Gaggenau\",\"Logistikstandorte Deutschland\",\"Logistikzentrum Gaggenau\",\"logistique Magnera\",\"Magnera logistics\",\"Magnera Logistik\",\"mat\u00e9riaux sp\u00e9ciaux logistique\",\"Nachhaltigkeit Logistik\",\"nonwovens transport\",\"num\u00e9risation dans la logistique\",\"optimisation logistique\",\"prestataires de services logistiques Allemagne\",\"protection incendie immobilier logistique\",\"renting logistics spaces\",\"secteur du transport Bade-Wurtemberg\",\"secteur logistique 2023\",\"site logistique Gaggenau\",\"sites logistiques Allemagne\",\"specialty materials logistics\",\"Spezialmaterialien Logistik\",\"Supply Chain Gernsbach\",\"sustainability logistics\",\"transport industry Baden-W\u00fcrttemberg\",\"transport non-tiss\u00e9s\",\"Transportwirtschaft Baden-W\u00fcrttemberg\",\"Vliesstoffe Transport\",\"warehouse space Gaggenau\"],\"articleSection\":[\"Europa\",\"Transporte de mercanc\u00edas y log\u00edstica\"],\"inLanguage\":\"es\",\"potentialAction\":[{\"@type\":\"CommentAction\",\"name\":\"Comment\",\"target\":[\"https:\\\/\\\/transportjournal.com\\\/es\\\/2026\\\/01\\\/15\\\/logivest-media-un-sitio-logistico-en-gaggenau\\\/#respond\"]}]},{\"@type\":\"WebPage\",\"@id\":\"https:\\\/\\\/transportjournal.com\\\/es\\\/2026\\\/01\\\/15\\\/logivest-media-un-sitio-logistico-en-gaggenau\\\/\",\"url\":\"https:\\\/\\\/transportjournal.com\\\/es\\\/2026\\\/01\\\/15\\\/logivest-media-un-sitio-logistico-en-gaggenau\\\/\",\"name\":\"Logivest media un sitio log\u00edstico en Gaggenau - ITJ | International Transport Journal\",\"isPartOf\":{\"@id\":\"https:\\\/\\\/transportjournal.com\\\/es\\\/#website\"},\"primaryImageOfPage\":{\"@id\":\"https:\\\/\\\/transportjournal.com\\\/es\\\/2026\\\/01\\\/15\\\/logivest-media-un-sitio-logistico-en-gaggenau\\\/#primaryimage\"},\"image\":{\"@id\":\"https:\\\/\\\/transportjournal.com\\\/es\\\/2026\\\/01\\\/15\\\/logivest-media-un-sitio-logistico-en-gaggenau\\\/#primaryimage\"},\"thumbnailUrl\":\"https:\\\/\\\/transportjournal.com\\\/wp-content\\\/uploads\\\/sites\\\/2\\\/2026\\\/01\\\/Gaggenau_Copyright_Logivest-scaled-aspect-ratio-1400-788-scaled-1.jpg\",\"datePublished\":\"2026-01-15T08:45:15+00:00\",\"breadcrumb\":{\"@id\":\"https:\\\/\\\/transportjournal.com\\\/es\\\/2026\\\/01\\\/15\\\/logivest-media-un-sitio-logistico-en-gaggenau\\\/#breadcrumb\"},\"inLanguage\":\"es\",\"potentialAction\":[{\"@type\":\"ReadAction\",\"target\":[\"https:\\\/\\\/transportjournal.com\\\/es\\\/2026\\\/01\\\/15\\\/logivest-media-un-sitio-logistico-en-gaggenau\\\/\"]}]},{\"@type\":\"ImageObject\",\"inLanguage\":\"es\",\"@id\":\"https:\\\/\\\/transportjournal.com\\\/es\\\/2026\\\/01\\\/15\\\/logivest-media-un-sitio-logistico-en-gaggenau\\\/#primaryimage\",\"url\":\"https:\\\/\\\/transportjournal.com\\\/wp-content\\\/uploads\\\/sites\\\/2\\\/2026\\\/01\\\/Gaggenau_Copyright_Logivest-scaled-aspect-ratio-1400-788-scaled-1.jpg\",\"contentUrl\":\"https:\\\/\\\/transportjournal.com\\\/wp-content\\\/uploads\\\/sites\\\/2\\\/2026\\\/01\\\/Gaggenau_Copyright_Logivest-scaled-aspect-ratio-1400-788-scaled-1.jpg\",\"width\":2560,\"height\":1440},{\"@type\":\"BreadcrumbList\",\"@id\":\"https:\\\/\\\/transportjournal.com\\\/es\\\/2026\\\/01\\\/15\\\/logivest-media-un-sitio-logistico-en-gaggenau\\\/#breadcrumb\",\"itemListElement\":[{\"@type\":\"ListItem\",\"position\":1,\"name\":\"Startseite\",\"item\":\"https:\\\/\\\/transportjournal.com\\\/es\\\/\"},{\"@type\":\"ListItem\",\"position\":2,\"name\":\"Logivest media un sitio log\u00edstico en Gaggenau\"}]},{\"@type\":\"WebSite\",\"@id\":\"https:\\\/\\\/transportjournal.com\\\/es\\\/#website\",\"url\":\"https:\\\/\\\/transportjournal.com\\\/es\\\/\",\"name\":\"ITJ | International Transport Journal\",\"description\":\"Stay informed with the latest global news from the transport, logistics, and supply chain industries. Transport Journal delivers expert insights, analysis, and updates across shipping, aviation, intermodal, and forwarding.\",\"publisher\":{\"@id\":\"https:\\\/\\\/transportjournal.com\\\/es\\\/#organization\"},\"potentialAction\":[{\"@type\":\"SearchAction\",\"target\":{\"@type\":\"EntryPoint\",\"urlTemplate\":\"https:\\\/\\\/transportjournal.com\\\/es\\\/?s={search_term_string}\"},\"query-input\":{\"@type\":\"PropertyValueSpecification\",\"valueRequired\":true,\"valueName\":\"search_term_string\"}}],\"inLanguage\":\"es\"},{\"@type\":\"Organization\",\"@id\":\"https:\\\/\\\/transportjournal.com\\\/es\\\/#organization\",\"name\":\"Grupo Logismedia AG\",\"alternateName\":\"Logismedia Group AG\",\"url\":\"https:\\\/\\\/transportjournal.com\\\/es\\\/\",\"logo\":{\"@type\":\"ImageObject\",\"inLanguage\":\"es\",\"@id\":\"https:\\\/\\\/transportjournal.com\\\/es\\\/#\\\/schema\\\/logo\\\/image\\\/\",\"url\":\"https:\\\/\\\/transportjournal.com\\\/wp-content\\\/uploads\\\/sites\\\/2\\\/2025\\\/09\\\/Logo_ITJ.png\",\"contentUrl\":\"https:\\\/\\\/transportjournal.com\\\/wp-content\\\/uploads\\\/sites\\\/2\\\/2025\\\/09\\\/Logo_ITJ.png\",\"width\":799,\"height\":326,\"caption\":\"Grupo Logismedia AG\"},\"image\":{\"@id\":\"https:\\\/\\\/transportjournal.com\\\/es\\\/#\\\/schema\\\/logo\\\/image\\\/\"},\"sameAs\":[\"https:\\\/\\\/www.linkedin.com\\\/company\\\/56456496\\\/admin\\\/dashboard\\\/\",\"https:\\\/\\\/www.instagram.com\\\/logismediagroup\\\/\",\"https:\\\/\\\/www.youtube.com\\\/@LogiamediaGroupAG\"]},{\"@type\":\"Person\",\"@id\":\"https:\\\/\\\/transportjournal.com\\\/es\\\/#\\\/schema\\\/person\\\/41d36b5474b623392fa613e97e2363fa\",\"name\":\"Jeremy Soland\",\"url\":\"https:\\\/\\\/transportjournal.com\\\/es\\\/author\\\/jeremy\\\/\"}]}<\/script>\n<!-- \/ Yoast SEO plugin. -->","yoast_head_json":{"title":"Logivest media un sitio log\u00edstico en Gaggenau - ITJ | International Transport Journal","robots":{"index":"index","follow":"follow","max-snippet":"max-snippet:-1","max-image-preview":"max-image-preview:large","max-video-preview":"max-video-preview:-1"},"canonical":"https:\/\/transportjournal.com\/es\/2026\/01\/15\/logivest-media-un-sitio-logistico-en-gaggenau\/","og_locale":"es_ES","og_type":"article","og_title":"Logivest media un sitio log\u00edstico en Gaggenau - ITJ | International Transport Journal","og_description":"En Gaggenau, Logivest ha intermediado un nuevo centro log\u00edstico para Magnera, que consolida los inventarios de manera eficiente y ofrece una conexi\u00f3n a la A5.","og_url":"https:\/\/transportjournal.com\/es\/2026\/01\/15\/logivest-media-un-sitio-logistico-en-gaggenau\/","og_site_name":"ITJ | International Transport Journal","article_published_time":"2026-01-15T08:45:15+00:00","og_image":[{"width":2560,"height":1440,"url":"https:\/\/transportjournal.com\/wp-content\/uploads\/sites\/2\/2026\/01\/Gaggenau_Copyright_Logivest-scaled-aspect-ratio-1400-788-scaled-1.jpg","type":"image\/jpeg"}],"author":"Jeremy Soland","twitter_card":"summary_large_image","twitter_misc":{"Escrito por":"Jeremy Soland","Tiempo de lectura":"1 minuto"},"schema":{"@context":"https:\/\/schema.org","@graph":[{"@type":"Article","@id":"https:\/\/transportjournal.com\/es\/2026\/01\/15\/logivest-media-un-sitio-logistico-en-gaggenau\/#article","isPartOf":{"@id":"https:\/\/transportjournal.com\/es\/2026\/01\/15\/logivest-media-un-sitio-logistico-en-gaggenau\/"},"author":{"name":"Jeremy Soland","@id":"https:\/\/transportjournal.com\/es\/#\/schema\/person\/41d36b5474b623392fa613e97e2363fa"},"headline":"Logivest media un sitio log\u00edstico en Gaggenau","datePublished":"2026-01-15T08:45:15+00:00","mainEntityOfPage":{"@id":"https:\/\/transportjournal.com\/es\/2026\/01\/15\/logivest-media-un-sitio-logistico-en-gaggenau\/"},"wordCount":200,"commentCount":0,"publisher":{"@id":"https:\/\/transportjournal.com\/es\/#organization"},"image":{"@id":"https:\/\/transportjournal.com\/es\/2026\/01\/15\/logivest-media-un-sitio-logistico-en-gaggenau\/#primaryimage"},"thumbnailUrl":"https:\/\/transportjournal.com\/wp-content\/uploads\/sites\/2\/2026\/01\/Gaggenau_Copyright_Logivest-scaled-aspect-ratio-1400-788-scaled-1.jpg","keywords":["Brandschutz Logistikimmobilien","centre logistique Gaggenau","cha\u00eene d'approvisionnement Gernsbach","commercial real estate Baden-W\u00fcrttemberg","conseiller en immobilier logistique","Deutsch Logivest","Digitalisierung in der Logistik","digitalization in logistics","durabilit\u00e9 logistique","espace d'entrep\u00f4t Gaggenau","fire protection logistics real estate","Gewerbeimmobilien Baden-W\u00fcrttemberg","immobilier commercial Bade-Wurtemberg","infrastructure logistics","infrastructure logistique","Infrastruktur Logistik","Lagerfl\u00e4che Gaggenau","location d'espaces logistiques","logistics center Gaggenau","logistics location Gaggenau","logistics locations Germany","logistics optimization","logistics real estate advisor","logistics sector 2023 Fran\u00e7ais Logivest","logistics service providers Germany","Logistikbranche 2023 English Logivest","Logistikdienstleister Deutschland","Logistikfl\u00e4chen mieten","Logistikimmobilienberater","Logistikoptimierung","Logistikstandort Gaggenau","Logistikstandorte Deutschland","Logistikzentrum Gaggenau","logistique Magnera","Magnera logistics","Magnera Logistik","mat\u00e9riaux sp\u00e9ciaux logistique","Nachhaltigkeit Logistik","nonwovens transport","num\u00e9risation dans la logistique","optimisation logistique","prestataires de services logistiques Allemagne","protection incendie immobilier logistique","renting logistics spaces","secteur du transport Bade-Wurtemberg","secteur logistique 2023","site logistique Gaggenau","sites logistiques Allemagne","specialty materials logistics","Spezialmaterialien Logistik","Supply Chain Gernsbach","sustainability logistics","transport industry Baden-W\u00fcrttemberg","transport non-tiss\u00e9s","Transportwirtschaft Baden-W\u00fcrttemberg","Vliesstoffe Transport","warehouse space Gaggenau"],"articleSection":["Europa","Transporte de mercanc\u00edas y log\u00edstica"],"inLanguage":"es","potentialAction":[{"@type":"CommentAction","name":"Comment","target":["https:\/\/transportjournal.com\/es\/2026\/01\/15\/logivest-media-un-sitio-logistico-en-gaggenau\/#respond"]}]},{"@type":"WebPage","@id":"https:\/\/transportjournal.com\/es\/2026\/01\/15\/logivest-media-un-sitio-logistico-en-gaggenau\/","url":"https:\/\/transportjournal.com\/es\/2026\/01\/15\/logivest-media-un-sitio-logistico-en-gaggenau\/","name":"Logivest media un sitio log\u00edstico en Gaggenau - ITJ | International Transport Journal","isPartOf":{"@id":"https:\/\/transportjournal.com\/es\/#website"},"primaryImageOfPage":{"@id":"https:\/\/transportjournal.com\/es\/2026\/01\/15\/logivest-media-un-sitio-logistico-en-gaggenau\/#primaryimage"},"image":{"@id":"https:\/\/transportjournal.com\/es\/2026\/01\/15\/logivest-media-un-sitio-logistico-en-gaggenau\/#primaryimage"},"thumbnailUrl":"https:\/\/transportjournal.com\/wp-content\/uploads\/sites\/2\/2026\/01\/Gaggenau_Copyright_Logivest-scaled-aspect-ratio-1400-788-scaled-1.jpg","datePublished":"2026-01-15T08:45:15+00:00","breadcrumb":{"@id":"https:\/\/transportjournal.com\/es\/2026\/01\/15\/logivest-media-un-sitio-logistico-en-gaggenau\/#breadcrumb"},"inLanguage":"es","potentialAction":[{"@type":"ReadAction","target":["https:\/\/transportjournal.com\/es\/2026\/01\/15\/logivest-media-un-sitio-logistico-en-gaggenau\/"]}]},{"@type":"ImageObject","inLanguage":"es","@id":"https:\/\/transportjournal.com\/es\/2026\/01\/15\/logivest-media-un-sitio-logistico-en-gaggenau\/#primaryimage","url":"https:\/\/transportjournal.com\/wp-content\/uploads\/sites\/2\/2026\/01\/Gaggenau_Copyright_Logivest-scaled-aspect-ratio-1400-788-scaled-1.jpg","contentUrl":"https:\/\/transportjournal.com\/wp-content\/uploads\/sites\/2\/2026\/01\/Gaggenau_Copyright_Logivest-scaled-aspect-ratio-1400-788-scaled-1.jpg","width":2560,"height":1440},{"@type":"BreadcrumbList","@id":"https:\/\/transportjournal.com\/es\/2026\/01\/15\/logivest-media-un-sitio-logistico-en-gaggenau\/#breadcrumb","itemListElement":[{"@type":"ListItem","position":1,"name":"Startseite","item":"https:\/\/transportjournal.com\/es\/"},{"@type":"ListItem","position":2,"name":"Logivest media un sitio log\u00edstico en Gaggenau"}]},{"@type":"WebSite","@id":"https:\/\/transportjournal.com\/es\/#website","url":"https:\/\/transportjournal.com\/es\/","name":"ITJ | International Transport Journal","description":"Stay informed with the latest global news from the transport, logistics, and supply chain industries. Transport Journal delivers expert insights, analysis, and updates across shipping, aviation, intermodal, and forwarding.","publisher":{"@id":"https:\/\/transportjournal.com\/es\/#organization"},"potentialAction":[{"@type":"SearchAction","target":{"@type":"EntryPoint","urlTemplate":"https:\/\/transportjournal.com\/es\/?s={search_term_string}"},"query-input":{"@type":"PropertyValueSpecification","valueRequired":true,"valueName":"search_term_string"}}],"inLanguage":"es"},{"@type":"Organization","@id":"https:\/\/transportjournal.com\/es\/#organization","name":"Grupo Logismedia AG","alternateName":"Logismedia Group AG","url":"https:\/\/transportjournal.com\/es\/","logo":{"@type":"ImageObject","inLanguage":"es","@id":"https:\/\/transportjournal.com\/es\/#\/schema\/logo\/image\/","url":"https:\/\/transportjournal.com\/wp-content\/uploads\/sites\/2\/2025\/09\/Logo_ITJ.png","contentUrl":"https:\/\/transportjournal.com\/wp-content\/uploads\/sites\/2\/2025\/09\/Logo_ITJ.png","width":799,"height":326,"caption":"Grupo Logismedia AG"},"image":{"@id":"https:\/\/transportjournal.com\/es\/#\/schema\/logo\/image\/"},"sameAs":["https:\/\/www.linkedin.com\/company\/56456496\/admin\/dashboard\/","https:\/\/www.instagram.com\/logismediagroup\/","https:\/\/www.youtube.com\/@LogiamediaGroupAG"]},{"@type":"Person","@id":"https:\/\/transportjournal.com\/es\/#\/schema\/person\/41d36b5474b623392fa613e97e2363fa","name":"Jeremy Soland","url":"https:\/\/transportjournal.com\/es\/author\/jeremy\/"}]}},"_links":{"self":[{"href":"https:\/\/transportjournal.com\/es\/wp-json\/wp\/v2\/posts\/73135","targetHints":{"allow":["GET"]}}],"collection":[{"href":"https:\/\/transportjournal.com\/es\/wp-json\/wp\/v2\/posts"}],"about":[{"href":"https:\/\/transportjournal.com\/es\/wp-json\/wp\/v2\/types\/post"}],"author":[{"embeddable":true,"href":"https:\/\/transportjournal.com\/es\/wp-json\/wp\/v2\/users\/10"}],"replies":[{"embeddable":true,"href":"https:\/\/transportjournal.com\/es\/wp-json\/wp\/v2\/comments?post=73135"}],"version-history":[{"count":0,"href":"https:\/\/transportjournal.com\/es\/wp-json\/wp\/v2\/posts\/73135\/revisions"}],"wp:featuredmedia":[{"embeddable":true,"href":"https:\/\/transportjournal.com\/es\/wp-json\/wp\/v2\/media\/73132"}],"wp:attachment":[{"href":"https:\/\/transportjournal.com\/es\/wp-json\/wp\/v2\/media?parent=73135"}],"wp:term":[{"taxonomy":"category","embeddable":true,"href":"https:\/\/transportjournal.com\/es\/wp-json\/wp\/v2\/categories?post=73135"},{"taxonomy":"post_tag","embeddable":true,"href":"https:\/\/transportjournal.com\/es\/wp-json\/wp\/v2\/tags?post=73135"}],"curies":[{"name":"wp","href":"https:\/\/api.w.org\/{rel}","templated":true}]}}