{"id":87710,"date":"2026-05-01T15:18:27","date_gmt":"2026-05-01T15:18:27","guid":{"rendered":"https:\/\/transportjournal.com\/2026\/05\/01\/bundeskanzler-friedrich-merz-besucht-akkermann-transporte\/"},"modified":"2026-05-01T15:18:27","modified_gmt":"2026-05-01T15:18:27","slug":"bundeskanzler-friedrich-merz-besucht-akkermann-transporte","status":"publish","type":"post","link":"https:\/\/transportjournal.com\/de\/2026\/05\/01\/bundeskanzler-friedrich-merz-besucht-akkermann-transporte\/","title":{"rendered":"Bundeskanzler Friedrich Merz besucht Akkermann Transporte"},"content":{"rendered":"<p>Bundeskanzler Friedrich Merz hat am 29. April 2026 die Akkermann Transporte GmbH im ostfriesischen Moormerland besucht, um sich \u00fcber die Herausforderungen des mittelst\u00e4ndischen Stra\u00dfeng\u00fcterverkehrs zu informieren. Begleitet wurde er von der Parlamentarischen Staatssekret\u00e4rin Gitta Connemann sowie Vertretern des Bundesverbands G\u00fcterkraftverkehr Logistik und Entsorgung (BGL) e.V., darunter Aufsichtsratsmitglied Klaus Akkermann und Vorstandssprecher Prof. Dr. Dirk Engelhardt.<\/p>\n<h3>Herausforderungen f\u00fcr den Mittelstand<\/h3>\n<p>Der Besuch fand vor dem Hintergrund statt, dass die Branche unter erheblichem Druck steht. Steigende Kosten, ein Mangel an Fahrern, b\u00fcrokratische H\u00fcrden und internationale Wettbewerbsverzerrungen belasten die Unternehmen. Insbesondere kleine Betriebe, die rund 80 Prozent der Branche ausmachen und weniger als 20 Mitarbeiter besch\u00e4ftigen, sind auf verl\u00e4ssliche Rahmenbedingungen angewiesen, um die Versorgungssicherheit in Deutschland zu gew\u00e4hrleisten. Prof. Dr. Dirk Engelhardt betonte: \u201eDie Lage im mittelst\u00e4ndischen Transportgewerbe ist \u00e4u\u00dferst angespannt. Unsere Betriebe brauchen jetzt politische Verl\u00e4sslichkeit \u2013 damit sie investieren, ausbilden und die Transformation aktiv gestalten k\u00f6nnen.\u201c<\/p>\n<h3>Forderungen an die Bundesregierung<\/h3>\n<p>Im Rahmen des Austauschs wurden drei zentrale Anliegen an die Bundesregierung formuliert. Der BGL wies darauf hin, dass der befristete Energiesteuerrabatt zwar ein wichtiger Schritt sei, jedoch keine dauerhafte L\u00f6sung darstelle. Um Liquidit\u00e4t zu sichern und Wettbewerbsnachteile abzubauen, sei eine umfassende Entlastung notwendig. Ein zentrales Anliegen ist die Beendigung der CO\u2082-Doppelbelastung. Unternehmen, die bereits \u00fcber die CO\u2082-Komponente der Lkw-Maut belastet werden, sollten nicht zus\u00e4tzlich durch einen CO\u2082-Zuschlag auf Kraftstoff belastet werden.<\/p>\n<p>Dar\u00fcber hinaus fordert der BGL eine St\u00e4rkung der Mautharmonisierung. Das Programm \u201eUmweltschutz und Sicherheit\u201c solle um Aspekte wie Digitalisierung und Resilienz des Stra\u00dfeng\u00fcterverkehrs erweitert und die finanzielle Ausstattung von 450 auf 900 Millionen Euro erh\u00f6ht werden. Ein weiterer Punkt ist die Schlie\u00dfung des Finanzierungskreislaufs Stra\u00dfe, wobei Einnahmen aus der Lkw-Maut zweckgebunden in Infrastrukturprojekte wie Br\u00fccken, Lkw-Stellpl\u00e4tze und den Stra\u00dfenerhalt zur\u00fcckflie\u00dfen sollten.<\/p>\n<h3>Dialog zwischen Politik und Wirtschaft<\/h3>\n<p>Der BGL pl\u00e4diert f\u00fcr einen kontinuierlichen Dialog zwischen Politik, Wirtschaft und der Branche. Der Besuch in Moormerland verdeutlicht die Notwendigkeit, nicht nur \u00fcber den Mittelstand zu sprechen, sondern aktiv mit den Unternehmen zu kommunizieren, die t\u00e4glich Verantwortung f\u00fcr ihre Mitarbeiter, Kunden und Investitionen \u00fcbernehmen. Klaus Akkermann \u00e4u\u00dferte den Wunsch, dass aus dem Austausch mit dem Bundeskanzler konkrete Schritte folgen: \u201eFortschritt entsteht dort, wo Politik, Wirtschaft und Gesellschaft gemeinsam Verantwortung \u00fcbernehmen.\u201c<\/p>\n<p><a href=\"http:\/\/www.bgl-ev.de\" target=\"_blank\" rel=\"noopener noreferrer\">www.bgl-ev.de<\/a><\/p>\n","protected":false},"excerpt":{"rendered":"<p>Bundeskanzler Friedrich Merz besuchte am 29. April 2026 die Akkermann Transporte GmbH, um sich \u00fcber die Herausforderungen des mittelst\u00e4ndischen Stra\u00dfeng\u00fcterverkehrs zu informieren.<\/p>\n","protected":false},"author":7,"featured_media":87709,"comment_status":"open","ping_status":"","sticky":false,"template":"","format":"standard","meta":{"_acf_changed":false,"footnotes":""},"categories":[9092,1575,1569],"tags":[44535,44536,44537,44538,44539,44540,44541,44542,28747,44543,44544,44545,44546,3089,3090,44547,44548,44549,2122,44550,44551,44552,10645,44553,44554,44555,44556,44557,44558,44559,44560,44561,44562,2145,44563,44564,44565,44566,44567,44568,44569,44570,18619,44571,44572,10012,18620,44573,44574,13813,18622,8592,44575,44576],"class_list":["post-87710","post","type-post","status-publish","format-standard","has-post-thumbnail","hentry","category-deutschland","category-europa","category-logistik-spedition","tag-akkermann-transporte-gmbh","tag-bgl-e-v","tag-bridge-construction-infrastructure","tag-brueckenbau-infrastruktur","tag-challenges-in-transport-sector","tag-co2-double-burden","tag-co2-doppelbelastung","tag-construction-de-ponts-infrastructure","tag-defis-du-secteur-du-transport","tag-deutsch-bundeskanzler-friedrich-merz","tag-dialog-politik-wirtschaft-english-chancellor-friedrich-merz","tag-dialogue-politics-economy-francais-chancelier-friedrich-merz","tag-dialogue-politique-economie","tag-digitalisierung-im-gueterverkehr","tag-digitization-in-freight-transport","tag-double-imposition-co2","tag-energiesteuerrabatt-transport","tag-energy-tax-rebate-transport","tag-fachkraeftemangel-logistik","tag-fiabilite-politique-pme","tag-harmonisation-des-peages","tag-herausforderungen-im-transportgewerbe","tag-industrie-du-transport-allemagne","tag-infrastructure-projects-road-network","tag-infrastrukturprojekte-strassennetz","tag-liquiditaetssicherung-logistik","tag-liquidity-security-logistics","tag-lkw-maut-einnahmen","tag-logistique-pme","tag-mautharmonisierung","tag-medium-sized-logistics","tag-mittelstand-logistik","tag-numerisation-du-transport-de-marchandises","tag-penurie-de-main-doeuvre-logistique","tag-political-reliability-medium-sized-businesses","tag-politische-verlaesslichkeit-mittelstand","tag-projets-dinfrastructure-reseau-routier","tag-reduction-de-la-taxe-energetique-transport","tag-resilience-du-transport-routier","tag-resilience-road-transport","tag-resilienz-strassentransport","tag-revenus-de-peage-de-camion","tag-road-freight-transport","tag-securite-dapprovisionnement-allemagne","tag-securite-de-liquidite-logistique","tag-skilled-labor-shortage-logistics","tag-strassengueterverkehr","tag-supply-security-germany","tag-toll-harmonization","tag-transport-industry-germany","tag-transport-routier-de-marchandises","tag-transportwirtschaft-deutschland","tag-truck-toll-revenues","tag-versorgungssicherheit-deutschland"],"acf":[],"yoast_head":"<!-- This site is optimized with the Yoast SEO plugin v27.3 - https:\/\/yoast.com\/product\/yoast-seo-wordpress\/ -->\n<title>Bundeskanzler Friedrich Merz besucht Akkermann Transporte - ITJ | International Transport Journal<\/title>\n<meta name=\"robots\" content=\"index, follow, max-snippet:-1, max-image-preview:large, max-video-preview:-1\" \/>\n<link rel=\"canonical\" href=\"https:\/\/transportjournal.com\/de\/2026\/05\/01\/bundeskanzler-friedrich-merz-besucht-akkermann-transporte\/\" \/>\n<meta property=\"og:locale\" content=\"de_DE\" \/>\n<meta property=\"og:type\" content=\"article\" \/>\n<meta property=\"og:title\" content=\"Bundeskanzler Friedrich Merz besucht Akkermann Transporte - ITJ | International Transport Journal\" \/>\n<meta property=\"og:description\" content=\"Bundeskanzler Friedrich Merz besuchte am 29. April 2026 die Akkermann Transporte GmbH, um sich \u00fcber die Herausforderungen des mittelst\u00e4ndischen Stra\u00dfeng\u00fcterverkehrs zu informieren.\" \/>\n<meta property=\"og:url\" content=\"https:\/\/transportjournal.com\/de\/2026\/05\/01\/bundeskanzler-friedrich-merz-besucht-akkermann-transporte\/\" \/>\n<meta property=\"og:site_name\" content=\"ITJ | International Transport Journal\" \/>\n<meta property=\"article:published_time\" content=\"2026-05-01T15:18:27+00:00\" \/>\n<meta property=\"og:image\" content=\"https:\/\/transportjournal.com\/wp-content\/uploads\/sites\/2\/2026\/05\/BGL_1.5.26-aspect-ratio-1400-788.jpg\" \/>\n\t<meta property=\"og:image:width\" content=\"1920\" \/>\n\t<meta property=\"og:image:height\" content=\"1081\" \/>\n\t<meta property=\"og:image:type\" content=\"image\/jpeg\" \/>\n<meta name=\"author\" content=\"Andreas M\u00fcller\" \/>\n<meta name=\"twitter:card\" content=\"summary_large_image\" \/>\n<meta name=\"twitter:label1\" content=\"Verfasst von\" \/>\n\t<meta name=\"twitter:data1\" content=\"Andreas M\u00fcller\" \/>\n\t<meta name=\"twitter:label2\" content=\"Gesch\u00e4tzte Lesezeit\" \/>\n\t<meta name=\"twitter:data2\" content=\"2\u00a0Minute\" \/>\n<script type=\"application\/ld+json\" class=\"yoast-schema-graph\">{\"@context\":\"https:\\\/\\\/schema.org\",\"@graph\":[{\"@type\":\"Article\",\"@id\":\"https:\\\/\\\/transportjournal.com\\\/de\\\/2026\\\/05\\\/01\\\/bundeskanzler-friedrich-merz-besucht-akkermann-transporte\\\/#article\",\"isPartOf\":{\"@id\":\"https:\\\/\\\/transportjournal.com\\\/de\\\/2026\\\/05\\\/01\\\/bundeskanzler-friedrich-merz-besucht-akkermann-transporte\\\/\"},\"author\":{\"name\":\"Andreas M\u00fcller\",\"@id\":\"https:\\\/\\\/transportjournal.com\\\/de\\\/#\\\/schema\\\/person\\\/7b1593b33567ba798d300c8a1b0b85b1\"},\"headline\":\"Bundeskanzler Friedrich Merz besucht Akkermann Transporte\",\"datePublished\":\"2026-05-01T15:18:27+00:00\",\"mainEntityOfPage\":{\"@id\":\"https:\\\/\\\/transportjournal.com\\\/de\\\/2026\\\/05\\\/01\\\/bundeskanzler-friedrich-merz-besucht-akkermann-transporte\\\/\"},\"wordCount\":397,\"commentCount\":0,\"publisher\":{\"@id\":\"https:\\\/\\\/transportjournal.com\\\/de\\\/#organization\"},\"image\":{\"@id\":\"https:\\\/\\\/transportjournal.com\\\/de\\\/2026\\\/05\\\/01\\\/bundeskanzler-friedrich-merz-besucht-akkermann-transporte\\\/#primaryimage\"},\"thumbnailUrl\":\"https:\\\/\\\/transportjournal.com\\\/wp-content\\\/uploads\\\/sites\\\/2\\\/2026\\\/05\\\/BGL_1.5.26-aspect-ratio-1400-788.jpg\",\"keywords\":[\"Akkermann Transporte GmbH\",\"BGL e.V.\",\"bridge construction infrastructure\",\"Br\u00fcckenbau Infrastruktur\",\"challenges in transport sector\",\"CO2 double burden\",\"CO2-Doppelbelastung\",\"construction de ponts infrastructure\",\"d\u00e9fis du secteur du transport\",\"Deutsch Bundeskanzler Friedrich Merz\",\"Dialog Politik Wirtschaft English Chancellor Friedrich Merz\",\"dialogue politics economy Fran\u00e7ais Chancelier Friedrich Merz\",\"dialogue politique \u00e9conomie\",\"Digitalisierung im G\u00fcterverkehr\",\"digitization in freight transport\",\"double imposition CO2\",\"Energiesteuerrabatt Transport\",\"energy tax rebate transport\",\"Fachkr\u00e4ftemangel Logistik\",\"fiabilit\u00e9 politique PME\",\"harmonisation des p\u00e9ages\",\"Herausforderungen im Transportgewerbe\",\"industrie du transport Allemagne\",\"infrastructure projects road network\",\"Infrastrukturprojekte Stra\u00dfennetz\",\"Liquidit\u00e4tssicherung Logistik\",\"liquidity security logistics\",\"Lkw-Maut Einnahmen\",\"logistique PME\",\"Mautharmonisierung\",\"medium-sized logistics\",\"Mittelstand Logistik\",\"num\u00e9risation du transport de marchandises\",\"p\u00e9nurie de main-d'\u0153uvre logistique\",\"political reliability medium-sized businesses\",\"politische Verl\u00e4sslichkeit Mittelstand\",\"projets d'infrastructure r\u00e9seau routier\",\"r\u00e9duction de la taxe \u00e9nerg\u00e9tique transport\",\"r\u00e9silience du transport routier\",\"resilience road transport\",\"Resilienz Stra\u00dfentransport\",\"revenus de p\u00e9age de camion\",\"road freight transport\",\"s\u00e9curit\u00e9 d'approvisionnement Allemagne\",\"s\u00e9curit\u00e9 de liquidit\u00e9 logistique\",\"skilled labor shortage logistics\",\"Stra\u00dfeng\u00fcterverkehr\",\"supply security Germany\",\"toll harmonization\",\"transport industry Germany\",\"transport routier de marchandises\",\"Transportwirtschaft Deutschland\",\"truck toll revenues\",\"Versorgungssicherheit Deutschland\"],\"articleSection\":[\"Deutschland\",\"Europa\",\"Spedition &amp; Logistik\"],\"inLanguage\":\"de\",\"potentialAction\":[{\"@type\":\"CommentAction\",\"name\":\"Comment\",\"target\":[\"https:\\\/\\\/transportjournal.com\\\/de\\\/2026\\\/05\\\/01\\\/bundeskanzler-friedrich-merz-besucht-akkermann-transporte\\\/#respond\"]}]},{\"@type\":\"WebPage\",\"@id\":\"https:\\\/\\\/transportjournal.com\\\/de\\\/2026\\\/05\\\/01\\\/bundeskanzler-friedrich-merz-besucht-akkermann-transporte\\\/\",\"url\":\"https:\\\/\\\/transportjournal.com\\\/de\\\/2026\\\/05\\\/01\\\/bundeskanzler-friedrich-merz-besucht-akkermann-transporte\\\/\",\"name\":\"Bundeskanzler Friedrich Merz besucht Akkermann Transporte - ITJ | International Transport Journal\",\"isPartOf\":{\"@id\":\"https:\\\/\\\/transportjournal.com\\\/de\\\/#website\"},\"primaryImageOfPage\":{\"@id\":\"https:\\\/\\\/transportjournal.com\\\/de\\\/2026\\\/05\\\/01\\\/bundeskanzler-friedrich-merz-besucht-akkermann-transporte\\\/#primaryimage\"},\"image\":{\"@id\":\"https:\\\/\\\/transportjournal.com\\\/de\\\/2026\\\/05\\\/01\\\/bundeskanzler-friedrich-merz-besucht-akkermann-transporte\\\/#primaryimage\"},\"thumbnailUrl\":\"https:\\\/\\\/transportjournal.com\\\/wp-content\\\/uploads\\\/sites\\\/2\\\/2026\\\/05\\\/BGL_1.5.26-aspect-ratio-1400-788.jpg\",\"datePublished\":\"2026-05-01T15:18:27+00:00\",\"breadcrumb\":{\"@id\":\"https:\\\/\\\/transportjournal.com\\\/de\\\/2026\\\/05\\\/01\\\/bundeskanzler-friedrich-merz-besucht-akkermann-transporte\\\/#breadcrumb\"},\"inLanguage\":\"de\",\"potentialAction\":[{\"@type\":\"ReadAction\",\"target\":[\"https:\\\/\\\/transportjournal.com\\\/de\\\/2026\\\/05\\\/01\\\/bundeskanzler-friedrich-merz-besucht-akkermann-transporte\\\/\"]}]},{\"@type\":\"ImageObject\",\"inLanguage\":\"de\",\"@id\":\"https:\\\/\\\/transportjournal.com\\\/de\\\/2026\\\/05\\\/01\\\/bundeskanzler-friedrich-merz-besucht-akkermann-transporte\\\/#primaryimage\",\"url\":\"https:\\\/\\\/transportjournal.com\\\/wp-content\\\/uploads\\\/sites\\\/2\\\/2026\\\/05\\\/BGL_1.5.26-aspect-ratio-1400-788.jpg\",\"contentUrl\":\"https:\\\/\\\/transportjournal.com\\\/wp-content\\\/uploads\\\/sites\\\/2\\\/2026\\\/05\\\/BGL_1.5.26-aspect-ratio-1400-788.jpg\",\"width\":1920,\"height\":1081},{\"@type\":\"BreadcrumbList\",\"@id\":\"https:\\\/\\\/transportjournal.com\\\/de\\\/2026\\\/05\\\/01\\\/bundeskanzler-friedrich-merz-besucht-akkermann-transporte\\\/#breadcrumb\",\"itemListElement\":[{\"@type\":\"ListItem\",\"position\":1,\"name\":\"Startseite\",\"item\":\"https:\\\/\\\/transportjournal.com\\\/de\\\/\"},{\"@type\":\"ListItem\",\"position\":2,\"name\":\"Bundeskanzler Friedrich Merz besucht Akkermann Transporte\"}]},{\"@type\":\"WebSite\",\"@id\":\"https:\\\/\\\/transportjournal.com\\\/de\\\/#website\",\"url\":\"https:\\\/\\\/transportjournal.com\\\/de\\\/\",\"name\":\"ITJ | International Transport Journal\",\"description\":\"Stay informed with the latest global news from the transport, logistics, and supply chain industries. Transport Journal delivers expert insights, analysis, and updates across shipping, aviation, intermodal, and forwarding.\",\"publisher\":{\"@id\":\"https:\\\/\\\/transportjournal.com\\\/de\\\/#organization\"},\"potentialAction\":[{\"@type\":\"SearchAction\",\"target\":{\"@type\":\"EntryPoint\",\"urlTemplate\":\"https:\\\/\\\/transportjournal.com\\\/de\\\/?s={search_term_string}\"},\"query-input\":{\"@type\":\"PropertyValueSpecification\",\"valueRequired\":true,\"valueName\":\"search_term_string\"}}],\"inLanguage\":\"de\"},{\"@type\":\"Organization\",\"@id\":\"https:\\\/\\\/transportjournal.com\\\/de\\\/#organization\",\"name\":\"Groupe Logismedia AG\",\"alternateName\":\"Logismedia Group AG\",\"url\":\"https:\\\/\\\/transportjournal.com\\\/de\\\/\",\"logo\":{\"@type\":\"ImageObject\",\"inLanguage\":\"de\",\"@id\":\"https:\\\/\\\/transportjournal.com\\\/de\\\/#\\\/schema\\\/logo\\\/image\\\/\",\"url\":\"https:\\\/\\\/transportjournal.com\\\/wp-content\\\/uploads\\\/sites\\\/2\\\/2025\\\/09\\\/Logo_ITJ.png\",\"contentUrl\":\"https:\\\/\\\/transportjournal.com\\\/wp-content\\\/uploads\\\/sites\\\/2\\\/2025\\\/09\\\/Logo_ITJ.png\",\"width\":799,\"height\":326,\"caption\":\"Groupe Logismedia AG\"},\"image\":{\"@id\":\"https:\\\/\\\/transportjournal.com\\\/de\\\/#\\\/schema\\\/logo\\\/image\\\/\"},\"sameAs\":[\"https:\\\/\\\/www.linkedin.com\\\/company\\\/56456496\\\/admin\\\/dashboard\\\/\",\"https:\\\/\\\/www.instagram.com\\\/logismediagroup\\\/\",\"https:\\\/\\\/www.youtube.com\\\/@LogiamediaGroupAG\"]},{\"@type\":\"Person\",\"@id\":\"https:\\\/\\\/transportjournal.com\\\/de\\\/#\\\/schema\\\/person\\\/7b1593b33567ba798d300c8a1b0b85b1\",\"name\":\"Andreas M\u00fcller\",\"url\":\"https:\\\/\\\/transportjournal.com\\\/de\\\/author\\\/logismedia\\\/\"}]}<\/script>\n<!-- \/ Yoast SEO plugin. -->","yoast_head_json":{"title":"Bundeskanzler Friedrich Merz besucht Akkermann Transporte - ITJ | International Transport Journal","robots":{"index":"index","follow":"follow","max-snippet":"max-snippet:-1","max-image-preview":"max-image-preview:large","max-video-preview":"max-video-preview:-1"},"canonical":"https:\/\/transportjournal.com\/de\/2026\/05\/01\/bundeskanzler-friedrich-merz-besucht-akkermann-transporte\/","og_locale":"de_DE","og_type":"article","og_title":"Bundeskanzler Friedrich Merz besucht Akkermann Transporte - ITJ | International Transport Journal","og_description":"Bundeskanzler Friedrich Merz besuchte am 29. April 2026 die Akkermann Transporte GmbH, um sich \u00fcber die Herausforderungen des mittelst\u00e4ndischen Stra\u00dfeng\u00fcterverkehrs zu informieren.","og_url":"https:\/\/transportjournal.com\/de\/2026\/05\/01\/bundeskanzler-friedrich-merz-besucht-akkermann-transporte\/","og_site_name":"ITJ | International Transport Journal","article_published_time":"2026-05-01T15:18:27+00:00","og_image":[{"width":1920,"height":1081,"url":"https:\/\/transportjournal.com\/wp-content\/uploads\/sites\/2\/2026\/05\/BGL_1.5.26-aspect-ratio-1400-788.jpg","type":"image\/jpeg"}],"author":"Andreas M\u00fcller","twitter_card":"summary_large_image","twitter_misc":{"Verfasst von":"Andreas M\u00fcller","Gesch\u00e4tzte Lesezeit":"2\u00a0Minute"},"schema":{"@context":"https:\/\/schema.org","@graph":[{"@type":"Article","@id":"https:\/\/transportjournal.com\/de\/2026\/05\/01\/bundeskanzler-friedrich-merz-besucht-akkermann-transporte\/#article","isPartOf":{"@id":"https:\/\/transportjournal.com\/de\/2026\/05\/01\/bundeskanzler-friedrich-merz-besucht-akkermann-transporte\/"},"author":{"name":"Andreas M\u00fcller","@id":"https:\/\/transportjournal.com\/de\/#\/schema\/person\/7b1593b33567ba798d300c8a1b0b85b1"},"headline":"Bundeskanzler Friedrich Merz besucht Akkermann Transporte","datePublished":"2026-05-01T15:18:27+00:00","mainEntityOfPage":{"@id":"https:\/\/transportjournal.com\/de\/2026\/05\/01\/bundeskanzler-friedrich-merz-besucht-akkermann-transporte\/"},"wordCount":397,"commentCount":0,"publisher":{"@id":"https:\/\/transportjournal.com\/de\/#organization"},"image":{"@id":"https:\/\/transportjournal.com\/de\/2026\/05\/01\/bundeskanzler-friedrich-merz-besucht-akkermann-transporte\/#primaryimage"},"thumbnailUrl":"https:\/\/transportjournal.com\/wp-content\/uploads\/sites\/2\/2026\/05\/BGL_1.5.26-aspect-ratio-1400-788.jpg","keywords":["Akkermann Transporte GmbH","BGL e.V.","bridge construction infrastructure","Br\u00fcckenbau Infrastruktur","challenges in transport sector","CO2 double burden","CO2-Doppelbelastung","construction de ponts infrastructure","d\u00e9fis du secteur du transport","Deutsch Bundeskanzler Friedrich Merz","Dialog Politik Wirtschaft English Chancellor Friedrich Merz","dialogue politics economy Fran\u00e7ais Chancelier Friedrich Merz","dialogue politique \u00e9conomie","Digitalisierung im G\u00fcterverkehr","digitization in freight transport","double imposition CO2","Energiesteuerrabatt Transport","energy tax rebate transport","Fachkr\u00e4ftemangel Logistik","fiabilit\u00e9 politique PME","harmonisation des p\u00e9ages","Herausforderungen im Transportgewerbe","industrie du transport Allemagne","infrastructure projects road network","Infrastrukturprojekte Stra\u00dfennetz","Liquidit\u00e4tssicherung Logistik","liquidity security logistics","Lkw-Maut Einnahmen","logistique PME","Mautharmonisierung","medium-sized logistics","Mittelstand Logistik","num\u00e9risation du transport de marchandises","p\u00e9nurie de main-d'\u0153uvre logistique","political reliability medium-sized businesses","politische Verl\u00e4sslichkeit Mittelstand","projets d'infrastructure r\u00e9seau routier","r\u00e9duction de la taxe \u00e9nerg\u00e9tique transport","r\u00e9silience du transport routier","resilience road transport","Resilienz Stra\u00dfentransport","revenus de p\u00e9age de camion","road freight transport","s\u00e9curit\u00e9 d'approvisionnement Allemagne","s\u00e9curit\u00e9 de liquidit\u00e9 logistique","skilled labor shortage logistics","Stra\u00dfeng\u00fcterverkehr","supply security Germany","toll harmonization","transport industry Germany","transport routier de marchandises","Transportwirtschaft Deutschland","truck toll revenues","Versorgungssicherheit Deutschland"],"articleSection":["Deutschland","Europa","Spedition &amp; Logistik"],"inLanguage":"de","potentialAction":[{"@type":"CommentAction","name":"Comment","target":["https:\/\/transportjournal.com\/de\/2026\/05\/01\/bundeskanzler-friedrich-merz-besucht-akkermann-transporte\/#respond"]}]},{"@type":"WebPage","@id":"https:\/\/transportjournal.com\/de\/2026\/05\/01\/bundeskanzler-friedrich-merz-besucht-akkermann-transporte\/","url":"https:\/\/transportjournal.com\/de\/2026\/05\/01\/bundeskanzler-friedrich-merz-besucht-akkermann-transporte\/","name":"Bundeskanzler Friedrich Merz besucht Akkermann Transporte - ITJ | International Transport Journal","isPartOf":{"@id":"https:\/\/transportjournal.com\/de\/#website"},"primaryImageOfPage":{"@id":"https:\/\/transportjournal.com\/de\/2026\/05\/01\/bundeskanzler-friedrich-merz-besucht-akkermann-transporte\/#primaryimage"},"image":{"@id":"https:\/\/transportjournal.com\/de\/2026\/05\/01\/bundeskanzler-friedrich-merz-besucht-akkermann-transporte\/#primaryimage"},"thumbnailUrl":"https:\/\/transportjournal.com\/wp-content\/uploads\/sites\/2\/2026\/05\/BGL_1.5.26-aspect-ratio-1400-788.jpg","datePublished":"2026-05-01T15:18:27+00:00","breadcrumb":{"@id":"https:\/\/transportjournal.com\/de\/2026\/05\/01\/bundeskanzler-friedrich-merz-besucht-akkermann-transporte\/#breadcrumb"},"inLanguage":"de","potentialAction":[{"@type":"ReadAction","target":["https:\/\/transportjournal.com\/de\/2026\/05\/01\/bundeskanzler-friedrich-merz-besucht-akkermann-transporte\/"]}]},{"@type":"ImageObject","inLanguage":"de","@id":"https:\/\/transportjournal.com\/de\/2026\/05\/01\/bundeskanzler-friedrich-merz-besucht-akkermann-transporte\/#primaryimage","url":"https:\/\/transportjournal.com\/wp-content\/uploads\/sites\/2\/2026\/05\/BGL_1.5.26-aspect-ratio-1400-788.jpg","contentUrl":"https:\/\/transportjournal.com\/wp-content\/uploads\/sites\/2\/2026\/05\/BGL_1.5.26-aspect-ratio-1400-788.jpg","width":1920,"height":1081},{"@type":"BreadcrumbList","@id":"https:\/\/transportjournal.com\/de\/2026\/05\/01\/bundeskanzler-friedrich-merz-besucht-akkermann-transporte\/#breadcrumb","itemListElement":[{"@type":"ListItem","position":1,"name":"Startseite","item":"https:\/\/transportjournal.com\/de\/"},{"@type":"ListItem","position":2,"name":"Bundeskanzler Friedrich Merz besucht Akkermann Transporte"}]},{"@type":"WebSite","@id":"https:\/\/transportjournal.com\/de\/#website","url":"https:\/\/transportjournal.com\/de\/","name":"ITJ | International Transport Journal","description":"Stay informed with the latest global news from the transport, logistics, and supply chain industries. Transport Journal delivers expert insights, analysis, and updates across shipping, aviation, intermodal, and forwarding.","publisher":{"@id":"https:\/\/transportjournal.com\/de\/#organization"},"potentialAction":[{"@type":"SearchAction","target":{"@type":"EntryPoint","urlTemplate":"https:\/\/transportjournal.com\/de\/?s={search_term_string}"},"query-input":{"@type":"PropertyValueSpecification","valueRequired":true,"valueName":"search_term_string"}}],"inLanguage":"de"},{"@type":"Organization","@id":"https:\/\/transportjournal.com\/de\/#organization","name":"Groupe Logismedia AG","alternateName":"Logismedia Group AG","url":"https:\/\/transportjournal.com\/de\/","logo":{"@type":"ImageObject","inLanguage":"de","@id":"https:\/\/transportjournal.com\/de\/#\/schema\/logo\/image\/","url":"https:\/\/transportjournal.com\/wp-content\/uploads\/sites\/2\/2025\/09\/Logo_ITJ.png","contentUrl":"https:\/\/transportjournal.com\/wp-content\/uploads\/sites\/2\/2025\/09\/Logo_ITJ.png","width":799,"height":326,"caption":"Groupe Logismedia AG"},"image":{"@id":"https:\/\/transportjournal.com\/de\/#\/schema\/logo\/image\/"},"sameAs":["https:\/\/www.linkedin.com\/company\/56456496\/admin\/dashboard\/","https:\/\/www.instagram.com\/logismediagroup\/","https:\/\/www.youtube.com\/@LogiamediaGroupAG"]},{"@type":"Person","@id":"https:\/\/transportjournal.com\/de\/#\/schema\/person\/7b1593b33567ba798d300c8a1b0b85b1","name":"Andreas M\u00fcller","url":"https:\/\/transportjournal.com\/de\/author\/logismedia\/"}]}},"_links":{"self":[{"href":"https:\/\/transportjournal.com\/de\/wp-json\/wp\/v2\/posts\/87710","targetHints":{"allow":["GET"]}}],"collection":[{"href":"https:\/\/transportjournal.com\/de\/wp-json\/wp\/v2\/posts"}],"about":[{"href":"https:\/\/transportjournal.com\/de\/wp-json\/wp\/v2\/types\/post"}],"author":[{"embeddable":true,"href":"https:\/\/transportjournal.com\/de\/wp-json\/wp\/v2\/users\/7"}],"replies":[{"embeddable":true,"href":"https:\/\/transportjournal.com\/de\/wp-json\/wp\/v2\/comments?post=87710"}],"version-history":[{"count":0,"href":"https:\/\/transportjournal.com\/de\/wp-json\/wp\/v2\/posts\/87710\/revisions"}],"wp:featuredmedia":[{"embeddable":true,"href":"https:\/\/transportjournal.com\/de\/wp-json\/wp\/v2\/media\/87709"}],"wp:attachment":[{"href":"https:\/\/transportjournal.com\/de\/wp-json\/wp\/v2\/media?parent=87710"}],"wp:term":[{"taxonomy":"category","embeddable":true,"href":"https:\/\/transportjournal.com\/de\/wp-json\/wp\/v2\/categories?post=87710"},{"taxonomy":"post_tag","embeddable":true,"href":"https:\/\/transportjournal.com\/de\/wp-json\/wp\/v2\/tags?post=87710"}],"curies":[{"name":"wp","href":"https:\/\/api.w.org\/{rel}","templated":true}]}}