{"id":87650,"date":"2026-04-30T10:41:53","date_gmt":"2026-04-30T10:41:53","guid":{"rendered":"https:\/\/transportjournal.com\/2026\/04\/30\/harbor-logistics-ernennt-auslund-zum-ceo\/"},"modified":"2026-04-30T10:41:53","modified_gmt":"2026-04-30T10:41:53","slug":"harbor-logistics-ernennt-auslund-zum-ceo","status":"publish","type":"post","link":"https:\/\/transportjournal.com\/de\/2026\/04\/30\/harbor-logistics-ernennt-auslund-zum-ceo\/","title":{"rendered":"Harbor Logistics ernennt Auslund zum CEO"},"content":{"rendered":"<p>Harbor Logistics hat Scott Auslund zum neuen Chief Executive Officer ernannt. Die Entscheidung des US-Unternehmens mit Sitz in Charleston, South Carolina, tritt am 4. Mai 2026 in Kraft. Auslund bringt mehr als 15 Jahre Erfahrung in der Transport- und Logistikbranche mit und hat sich in der Vergangenheit durch die Skalierung von Betriebsabl\u00e4ufen und die Schaffung von Mehrwert ausgezeichnet.<\/p>\n<h3>Erfahrung und strategische Ausrichtung<\/h3>\n<p>Auslund, der zuvor als COO bei loop.com t\u00e4tig war, hat dort die Integration zweier \u00dcbernahmen geleitet und das Unternehmen erfolgreich weiterentwickelt. Zuvor war er CEO des technologiegest\u00fctzten Frachtservices Data2Logistics, wo er eine kundenorientierte Unternehmenskultur etablierte. Auch bei GR Holdings, einem Unternehmen mit schwerem Fuhrpark, f\u00fchrte er eine Transformation zu einem diversifizierten 3PL\/4PL-Logistikdienstleister durch. Seine Karriere umfasst zudem Stationen bei Mariner, Covenant Logistics, Transplace und UPS, wo er sich auf die strategische Skalierung von Unternehmen konzentrierte.<\/p>\n<p>Marc Kramer, Vorsitzender des Vorstands von Harbor Logistics, \u00e4usserte sich zu Auslunds Ernennung: \u201eWir freuen uns, Scott in einem so entscheidenden Moment f\u00fcr uns willkommen zu heissen. Seine operative Tiefe und branchenspezifische Erfahrung machen ihn besonders geeignet, Harbor in die n\u00e4chste Phase zu f\u00fchren.\u201c<\/p>\n<p>Der neue CEO selbst betonte die Chancen, die vor ihm liegen: \u201eDas Unternehmen hat eine differenzierte Plattform in einem attraktiven und wachsenden Markt aufgebaut. Ich freue mich darauf, mit dem Team zusammenzuarbeiten, um das Wachstum zu beschleunigen und weiterhin Mehrwert f\u00fcr unsere Kunden und Stakeholder zu schaffen.\u201c<\/p>\n<h3>\u00dcbergabe der F\u00fchrung<\/h3>\n<p>Auslund folgt auf Kevin Shuba, der Harbor in einer entscheidenden Phase des Unternehmenswachstums geleitet hat. Shuba brachte \u00fcber 30 Jahre Erfahrung in der Transport- und Logistikbranche mit und spielte eine zentrale Rolle bei der Integration und Expansion des Unternehmens in den s\u00fcd\u00f6stlichen M\u00e4rkten der USA. Allison Kingsley, Gr\u00fcnderin und Partnerin von NOVA Infrastructure, dem Eigent\u00fcmer von Harbor, w\u00fcrdigte Shubas Beitrag: \u201eKevin trat in einem wichtigen Wendepunkt bei Harbor ein und lieferte die geforderte F\u00fchrung.\u201c<\/p>\n<p>Harbor Logistics plant, weiterhin in seine Pr\u00e4senz in der Region Charleston und im weiteren S\u00fcdosten zu investieren. Zu den j\u00fcngsten Investitionen geh\u00f6rt die Er\u00f6ffnung eines 57.000 m\u00b2 grossen Lagers im Dorchester County sowie der Baubeginn einer Transladeeinrichtung f\u00fcr Sojabohnen im Berkeley County. Das Unternehmen plant, in den kommenden Wochen weitere F\u00fchrungspositionen zu besetzen.<\/p>\n<p>&nbsp;<\/p>\n<p><a href=\"https:\/\/harborlogistics.com\/\" target=\"_blank\" rel=\"noopener noreferrer\">www.harborlogistics.com<\/a><\/p>\n<p>&nbsp;<\/p>\n","protected":false},"excerpt":{"rendered":"<p>Harbor Logistics hat Scott Auslund zum neuen CEO ernannt, um das Unternehmen in der Wachstumsphase strategisch zu leiten und weiterzuentwickeln.<\/p>\n","protected":false},"author":12,"featured_media":87649,"comment_status":"open","ping_status":"","sticky":false,"template":"","format":"standard","meta":{"_acf_changed":false,"footnotes":""},"categories":[1578,1567,1571,1569],"tags":[44180,44181,44182,5283,20317,44183,20318,44184,3353,32288,4232,44185,44186,17452,23427,44187,2123,44188,44189,44190,44191,44192,44193,44194,44195,20812,3872,44196,2133,44197,1831,44198,44199,11546,3379,4257,44200,2145,2148,1916,44201,44202,9650,2106,3535,3536,3537,44203,44204,11551,2591,44205],"class_list":["post-87650","post","type-post","status-publish","format-standard","has-post-thumbnail","hentry","category-amerikas","category-wechsel-weltweit","category-schiffahrt","category-logistik-spedition","tag-3pl-dienstleister","tag-3pl-providers","tag-analyse-de-marche-secteur-du-transport","tag-betriebsablaeufe-optimieren","tag-business-growth","tag-ceo-transport","tag-croissance-des-entreprises","tag-deutsch-harbor-logistics","tag-digitalisierung-logistik","tag-durabilite-du-transport","tag-efficacite-operationnelle","tag-fachkraeftemangel-logistik-english-harbor-logistics","tag-fournisseurs-3pl","tag-frachtservices","tag-freight-services","tag-fuehrungskraefte-logistik","tag-gestion-de-la-chaine-dapprovisionnement","tag-infrastructure-southeast-usa","tag-infrastructure-sud-est-des-etats-unis","tag-infrastruktur-suedosten-usa","tag-installations-de-transbordement","tag-investissements-charleston","tag-investitionen-charleston","tag-investments-charleston","tag-leadership-en-logistique","tag-leadership-in-logistics","tag-logistics-digitalization","tag-logistics-industry-charleston","tag-logistics-service-providers","tag-logistikbranche-charleston","tag-logistikdienstleister","tag-market-analysis-transportation-industry","tag-marktanalyse-transportwirtschaft","tag-nachhaltigkeit-transport","tag-numerisation-logistique","tag-operational-efficiency","tag-pdg-transport","tag-penurie-de-main-doeuvre-logistique","tag-prestataires-de-services-logistiques","tag-schienengueterverkehr","tag-scott-auslund","tag-secteur-logistique-charleston","tag-services-de-fret","tag-supply-chain-management","tag-technologie-dans-la-logistique","tag-technologie-in-der-logistik","tag-technology-in-logistics","tag-transladeeinrichtungen","tag-transloading-facilities","tag-transport-sustainability","tag-unternehmenswachstum","tag-workforce-shortage-logistics-francais-harbor-logistics"],"acf":[],"yoast_head":"<!-- This site is optimized with the Yoast SEO plugin v27.3 - https:\/\/yoast.com\/product\/yoast-seo-wordpress\/ -->\n<title>Harbor Logistics ernennt Auslund zum CEO - ITJ | International Transport Journal<\/title>\n<meta name=\"robots\" content=\"index, follow, max-snippet:-1, max-image-preview:large, max-video-preview:-1\" \/>\n<link rel=\"canonical\" href=\"https:\/\/transportjournal.com\/de\/2026\/04\/30\/harbor-logistics-ernennt-auslund-zum-ceo\/\" \/>\n<meta property=\"og:locale\" content=\"de_DE\" \/>\n<meta property=\"og:type\" content=\"article\" \/>\n<meta property=\"og:title\" content=\"Harbor Logistics ernennt Auslund zum CEO - ITJ | International Transport Journal\" \/>\n<meta property=\"og:description\" content=\"Harbor Logistics hat Scott Auslund zum neuen CEO ernannt, um das Unternehmen in der Wachstumsphase strategisch zu leiten und weiterzuentwickeln.\" \/>\n<meta property=\"og:url\" content=\"https:\/\/transportjournal.com\/de\/2026\/04\/30\/harbor-logistics-ernennt-auslund-zum-ceo\/\" \/>\n<meta property=\"og:site_name\" content=\"ITJ | International Transport Journal\" \/>\n<meta property=\"article:published_time\" content=\"2026-04-30T10:41:53+00:00\" \/>\n<meta property=\"og:image\" content=\"https:\/\/transportjournal.com\/wp-content\/uploads\/sites\/2\/2026\/04\/Harbor_Logistics_Scott_Auslund-aspect-ratio-1400-788.jpg\" \/>\n\t<meta property=\"og:image:width\" content=\"528\" \/>\n\t<meta property=\"og:image:height\" content=\"298\" \/>\n\t<meta property=\"og:image:type\" content=\"image\/jpeg\" \/>\n<meta name=\"author\" content=\"Andreas Haug\" \/>\n<meta name=\"twitter:card\" content=\"summary_large_image\" \/>\n<meta name=\"twitter:label1\" content=\"Verfasst von\" \/>\n\t<meta name=\"twitter:data1\" content=\"Andreas Haug\" \/>\n\t<meta name=\"twitter:label2\" content=\"Gesch\u00e4tzte Lesezeit\" \/>\n\t<meta name=\"twitter:data2\" content=\"2\u00a0Minute\" \/>\n<script type=\"application\/ld+json\" class=\"yoast-schema-graph\">{\"@context\":\"https:\\\/\\\/schema.org\",\"@graph\":[{\"@type\":\"Article\",\"@id\":\"https:\\\/\\\/transportjournal.com\\\/de\\\/2026\\\/04\\\/30\\\/harbor-logistics-ernennt-auslund-zum-ceo\\\/#article\",\"isPartOf\":{\"@id\":\"https:\\\/\\\/transportjournal.com\\\/de\\\/2026\\\/04\\\/30\\\/harbor-logistics-ernennt-auslund-zum-ceo\\\/\"},\"author\":{\"name\":\"Andreas Haug\",\"@id\":\"https:\\\/\\\/transportjournal.com\\\/de\\\/#\\\/schema\\\/person\\\/cf538b3157f15afd7589245a4b3dbd25\"},\"headline\":\"Harbor Logistics ernennt Auslund zum CEO\",\"datePublished\":\"2026-04-30T10:41:53+00:00\",\"mainEntityOfPage\":{\"@id\":\"https:\\\/\\\/transportjournal.com\\\/de\\\/2026\\\/04\\\/30\\\/harbor-logistics-ernennt-auslund-zum-ceo\\\/\"},\"wordCount\":390,\"commentCount\":0,\"publisher\":{\"@id\":\"https:\\\/\\\/transportjournal.com\\\/de\\\/#organization\"},\"image\":{\"@id\":\"https:\\\/\\\/transportjournal.com\\\/de\\\/2026\\\/04\\\/30\\\/harbor-logistics-ernennt-auslund-zum-ceo\\\/#primaryimage\"},\"thumbnailUrl\":\"https:\\\/\\\/transportjournal.com\\\/wp-content\\\/uploads\\\/sites\\\/2\\\/2026\\\/04\\\/Harbor_Logistics_Scott_Auslund-aspect-ratio-1400-788.jpg\",\"keywords\":[\"3PL Dienstleister\",\"3PL providers\",\"analyse de march\u00e9 secteur du transport\",\"Betriebsabl\u00e4ufe optimieren\",\"business growth\",\"CEO Transport\",\"croissance des entreprises\",\"Deutsch Harbor Logistics\",\"Digitalisierung Logistik\",\"durabilit\u00e9 du transport\",\"efficacit\u00e9 op\u00e9rationnelle\",\"Fachkr\u00e4ftemangel Logistik English Harbor Logistics\",\"fournisseurs 3PL\",\"Frachtservices\",\"freight services\",\"F\u00fchrungskr\u00e4fte Logistik\",\"gestion de la cha\u00eene d'approvisionnement\",\"infrastructure Southeast USA\",\"infrastructure sud-est des \u00c9tats-Unis\",\"Infrastruktur S\u00fcdosten USA\",\"installations de transbordement\",\"investissements Charleston\",\"Investitionen Charleston\",\"investments Charleston\",\"leadership en logistique\",\"leadership in logistics\",\"logistics digitalization\",\"logistics industry Charleston\",\"logistics service providers\",\"Logistikbranche Charleston\",\"Logistikdienstleister\",\"market analysis transportation industry\",\"Marktanalyse Transportwirtschaft\",\"Nachhaltigkeit Transport\",\"num\u00e9risation logistique\",\"operational efficiency\",\"PDG transport\",\"p\u00e9nurie de main-d'\u0153uvre logistique\",\"prestataires de services logistiques\",\"Schieneng\u00fcterverkehr\",\"Scott Auslund\",\"secteur logistique Charleston\",\"services de fret\",\"Supply Chain Management\",\"technologie dans la logistique\",\"Technologie in der Logistik\",\"technology in logistics\",\"Transladeeinrichtungen\",\"transloading facilities\",\"transport sustainability\",\"Unternehmenswachstum\",\"workforce shortage logistics Fran\u00e7ais Harbor Logistics\"],\"articleSection\":[\"Amerikas\",\"Menschen &amp; Unternehmen\",\"Schifffahrt &amp; H\u00e4fen\",\"Spedition &amp; Logistik\"],\"inLanguage\":\"de\",\"potentialAction\":[{\"@type\":\"CommentAction\",\"name\":\"Comment\",\"target\":[\"https:\\\/\\\/transportjournal.com\\\/de\\\/2026\\\/04\\\/30\\\/harbor-logistics-ernennt-auslund-zum-ceo\\\/#respond\"]}]},{\"@type\":\"WebPage\",\"@id\":\"https:\\\/\\\/transportjournal.com\\\/de\\\/2026\\\/04\\\/30\\\/harbor-logistics-ernennt-auslund-zum-ceo\\\/\",\"url\":\"https:\\\/\\\/transportjournal.com\\\/de\\\/2026\\\/04\\\/30\\\/harbor-logistics-ernennt-auslund-zum-ceo\\\/\",\"name\":\"Harbor Logistics ernennt Auslund zum CEO - ITJ | International Transport Journal\",\"isPartOf\":{\"@id\":\"https:\\\/\\\/transportjournal.com\\\/de\\\/#website\"},\"primaryImageOfPage\":{\"@id\":\"https:\\\/\\\/transportjournal.com\\\/de\\\/2026\\\/04\\\/30\\\/harbor-logistics-ernennt-auslund-zum-ceo\\\/#primaryimage\"},\"image\":{\"@id\":\"https:\\\/\\\/transportjournal.com\\\/de\\\/2026\\\/04\\\/30\\\/harbor-logistics-ernennt-auslund-zum-ceo\\\/#primaryimage\"},\"thumbnailUrl\":\"https:\\\/\\\/transportjournal.com\\\/wp-content\\\/uploads\\\/sites\\\/2\\\/2026\\\/04\\\/Harbor_Logistics_Scott_Auslund-aspect-ratio-1400-788.jpg\",\"datePublished\":\"2026-04-30T10:41:53+00:00\",\"breadcrumb\":{\"@id\":\"https:\\\/\\\/transportjournal.com\\\/de\\\/2026\\\/04\\\/30\\\/harbor-logistics-ernennt-auslund-zum-ceo\\\/#breadcrumb\"},\"inLanguage\":\"de\",\"potentialAction\":[{\"@type\":\"ReadAction\",\"target\":[\"https:\\\/\\\/transportjournal.com\\\/de\\\/2026\\\/04\\\/30\\\/harbor-logistics-ernennt-auslund-zum-ceo\\\/\"]}]},{\"@type\":\"ImageObject\",\"inLanguage\":\"de\",\"@id\":\"https:\\\/\\\/transportjournal.com\\\/de\\\/2026\\\/04\\\/30\\\/harbor-logistics-ernennt-auslund-zum-ceo\\\/#primaryimage\",\"url\":\"https:\\\/\\\/transportjournal.com\\\/wp-content\\\/uploads\\\/sites\\\/2\\\/2026\\\/04\\\/Harbor_Logistics_Scott_Auslund-aspect-ratio-1400-788.jpg\",\"contentUrl\":\"https:\\\/\\\/transportjournal.com\\\/wp-content\\\/uploads\\\/sites\\\/2\\\/2026\\\/04\\\/Harbor_Logistics_Scott_Auslund-aspect-ratio-1400-788.jpg\",\"width\":528,\"height\":298},{\"@type\":\"BreadcrumbList\",\"@id\":\"https:\\\/\\\/transportjournal.com\\\/de\\\/2026\\\/04\\\/30\\\/harbor-logistics-ernennt-auslund-zum-ceo\\\/#breadcrumb\",\"itemListElement\":[{\"@type\":\"ListItem\",\"position\":1,\"name\":\"Startseite\",\"item\":\"https:\\\/\\\/transportjournal.com\\\/de\\\/\"},{\"@type\":\"ListItem\",\"position\":2,\"name\":\"Harbor Logistics ernennt Auslund zum CEO\"}]},{\"@type\":\"WebSite\",\"@id\":\"https:\\\/\\\/transportjournal.com\\\/de\\\/#website\",\"url\":\"https:\\\/\\\/transportjournal.com\\\/de\\\/\",\"name\":\"ITJ | International Transport Journal\",\"description\":\"Stay informed with the latest global news from the transport, logistics, and supply chain industries. Transport Journal delivers expert insights, analysis, and updates across shipping, aviation, intermodal, and forwarding.\",\"publisher\":{\"@id\":\"https:\\\/\\\/transportjournal.com\\\/de\\\/#organization\"},\"potentialAction\":[{\"@type\":\"SearchAction\",\"target\":{\"@type\":\"EntryPoint\",\"urlTemplate\":\"https:\\\/\\\/transportjournal.com\\\/de\\\/?s={search_term_string}\"},\"query-input\":{\"@type\":\"PropertyValueSpecification\",\"valueRequired\":true,\"valueName\":\"search_term_string\"}}],\"inLanguage\":\"de\"},{\"@type\":\"Organization\",\"@id\":\"https:\\\/\\\/transportjournal.com\\\/de\\\/#organization\",\"name\":\"Groupe Logismedia AG\",\"alternateName\":\"Logismedia Group AG\",\"url\":\"https:\\\/\\\/transportjournal.com\\\/de\\\/\",\"logo\":{\"@type\":\"ImageObject\",\"inLanguage\":\"de\",\"@id\":\"https:\\\/\\\/transportjournal.com\\\/de\\\/#\\\/schema\\\/logo\\\/image\\\/\",\"url\":\"https:\\\/\\\/transportjournal.com\\\/wp-content\\\/uploads\\\/sites\\\/2\\\/2025\\\/09\\\/Logo_ITJ.png\",\"contentUrl\":\"https:\\\/\\\/transportjournal.com\\\/wp-content\\\/uploads\\\/sites\\\/2\\\/2025\\\/09\\\/Logo_ITJ.png\",\"width\":799,\"height\":326,\"caption\":\"Groupe Logismedia AG\"},\"image\":{\"@id\":\"https:\\\/\\\/transportjournal.com\\\/de\\\/#\\\/schema\\\/logo\\\/image\\\/\"},\"sameAs\":[\"https:\\\/\\\/www.linkedin.com\\\/company\\\/56456496\\\/admin\\\/dashboard\\\/\",\"https:\\\/\\\/www.instagram.com\\\/logismediagroup\\\/\",\"https:\\\/\\\/www.youtube.com\\\/@LogiamediaGroupAG\"]},{\"@type\":\"Person\",\"@id\":\"https:\\\/\\\/transportjournal.com\\\/de\\\/#\\\/schema\\\/person\\\/cf538b3157f15afd7589245a4b3dbd25\",\"name\":\"Andreas Haug\",\"url\":\"https:\\\/\\\/transportjournal.com\\\/de\\\/author\\\/andreas\\\/\"}]}<\/script>\n<!-- \/ Yoast SEO plugin. -->","yoast_head_json":{"title":"Harbor Logistics ernennt Auslund zum CEO - ITJ | International Transport Journal","robots":{"index":"index","follow":"follow","max-snippet":"max-snippet:-1","max-image-preview":"max-image-preview:large","max-video-preview":"max-video-preview:-1"},"canonical":"https:\/\/transportjournal.com\/de\/2026\/04\/30\/harbor-logistics-ernennt-auslund-zum-ceo\/","og_locale":"de_DE","og_type":"article","og_title":"Harbor Logistics ernennt Auslund zum CEO - ITJ | International Transport Journal","og_description":"Harbor Logistics hat Scott Auslund zum neuen CEO ernannt, um das Unternehmen in der Wachstumsphase strategisch zu leiten und weiterzuentwickeln.","og_url":"https:\/\/transportjournal.com\/de\/2026\/04\/30\/harbor-logistics-ernennt-auslund-zum-ceo\/","og_site_name":"ITJ | International Transport Journal","article_published_time":"2026-04-30T10:41:53+00:00","og_image":[{"width":528,"height":298,"url":"https:\/\/transportjournal.com\/wp-content\/uploads\/sites\/2\/2026\/04\/Harbor_Logistics_Scott_Auslund-aspect-ratio-1400-788.jpg","type":"image\/jpeg"}],"author":"Andreas Haug","twitter_card":"summary_large_image","twitter_misc":{"Verfasst von":"Andreas Haug","Gesch\u00e4tzte Lesezeit":"2\u00a0Minute"},"schema":{"@context":"https:\/\/schema.org","@graph":[{"@type":"Article","@id":"https:\/\/transportjournal.com\/de\/2026\/04\/30\/harbor-logistics-ernennt-auslund-zum-ceo\/#article","isPartOf":{"@id":"https:\/\/transportjournal.com\/de\/2026\/04\/30\/harbor-logistics-ernennt-auslund-zum-ceo\/"},"author":{"name":"Andreas Haug","@id":"https:\/\/transportjournal.com\/de\/#\/schema\/person\/cf538b3157f15afd7589245a4b3dbd25"},"headline":"Harbor Logistics ernennt Auslund zum CEO","datePublished":"2026-04-30T10:41:53+00:00","mainEntityOfPage":{"@id":"https:\/\/transportjournal.com\/de\/2026\/04\/30\/harbor-logistics-ernennt-auslund-zum-ceo\/"},"wordCount":390,"commentCount":0,"publisher":{"@id":"https:\/\/transportjournal.com\/de\/#organization"},"image":{"@id":"https:\/\/transportjournal.com\/de\/2026\/04\/30\/harbor-logistics-ernennt-auslund-zum-ceo\/#primaryimage"},"thumbnailUrl":"https:\/\/transportjournal.com\/wp-content\/uploads\/sites\/2\/2026\/04\/Harbor_Logistics_Scott_Auslund-aspect-ratio-1400-788.jpg","keywords":["3PL Dienstleister","3PL providers","analyse de march\u00e9 secteur du transport","Betriebsabl\u00e4ufe optimieren","business growth","CEO Transport","croissance des entreprises","Deutsch Harbor Logistics","Digitalisierung Logistik","durabilit\u00e9 du transport","efficacit\u00e9 op\u00e9rationnelle","Fachkr\u00e4ftemangel Logistik English Harbor Logistics","fournisseurs 3PL","Frachtservices","freight services","F\u00fchrungskr\u00e4fte Logistik","gestion de la cha\u00eene d'approvisionnement","infrastructure Southeast USA","infrastructure sud-est des \u00c9tats-Unis","Infrastruktur S\u00fcdosten USA","installations de transbordement","investissements Charleston","Investitionen Charleston","investments Charleston","leadership en logistique","leadership in logistics","logistics digitalization","logistics industry Charleston","logistics service providers","Logistikbranche Charleston","Logistikdienstleister","market analysis transportation industry","Marktanalyse Transportwirtschaft","Nachhaltigkeit Transport","num\u00e9risation logistique","operational efficiency","PDG transport","p\u00e9nurie de main-d'\u0153uvre logistique","prestataires de services logistiques","Schieneng\u00fcterverkehr","Scott Auslund","secteur logistique Charleston","services de fret","Supply Chain Management","technologie dans la logistique","Technologie in der Logistik","technology in logistics","Transladeeinrichtungen","transloading facilities","transport sustainability","Unternehmenswachstum","workforce shortage logistics Fran\u00e7ais Harbor Logistics"],"articleSection":["Amerikas","Menschen &amp; Unternehmen","Schifffahrt &amp; H\u00e4fen","Spedition &amp; Logistik"],"inLanguage":"de","potentialAction":[{"@type":"CommentAction","name":"Comment","target":["https:\/\/transportjournal.com\/de\/2026\/04\/30\/harbor-logistics-ernennt-auslund-zum-ceo\/#respond"]}]},{"@type":"WebPage","@id":"https:\/\/transportjournal.com\/de\/2026\/04\/30\/harbor-logistics-ernennt-auslund-zum-ceo\/","url":"https:\/\/transportjournal.com\/de\/2026\/04\/30\/harbor-logistics-ernennt-auslund-zum-ceo\/","name":"Harbor Logistics ernennt Auslund zum CEO - ITJ | International Transport Journal","isPartOf":{"@id":"https:\/\/transportjournal.com\/de\/#website"},"primaryImageOfPage":{"@id":"https:\/\/transportjournal.com\/de\/2026\/04\/30\/harbor-logistics-ernennt-auslund-zum-ceo\/#primaryimage"},"image":{"@id":"https:\/\/transportjournal.com\/de\/2026\/04\/30\/harbor-logistics-ernennt-auslund-zum-ceo\/#primaryimage"},"thumbnailUrl":"https:\/\/transportjournal.com\/wp-content\/uploads\/sites\/2\/2026\/04\/Harbor_Logistics_Scott_Auslund-aspect-ratio-1400-788.jpg","datePublished":"2026-04-30T10:41:53+00:00","breadcrumb":{"@id":"https:\/\/transportjournal.com\/de\/2026\/04\/30\/harbor-logistics-ernennt-auslund-zum-ceo\/#breadcrumb"},"inLanguage":"de","potentialAction":[{"@type":"ReadAction","target":["https:\/\/transportjournal.com\/de\/2026\/04\/30\/harbor-logistics-ernennt-auslund-zum-ceo\/"]}]},{"@type":"ImageObject","inLanguage":"de","@id":"https:\/\/transportjournal.com\/de\/2026\/04\/30\/harbor-logistics-ernennt-auslund-zum-ceo\/#primaryimage","url":"https:\/\/transportjournal.com\/wp-content\/uploads\/sites\/2\/2026\/04\/Harbor_Logistics_Scott_Auslund-aspect-ratio-1400-788.jpg","contentUrl":"https:\/\/transportjournal.com\/wp-content\/uploads\/sites\/2\/2026\/04\/Harbor_Logistics_Scott_Auslund-aspect-ratio-1400-788.jpg","width":528,"height":298},{"@type":"BreadcrumbList","@id":"https:\/\/transportjournal.com\/de\/2026\/04\/30\/harbor-logistics-ernennt-auslund-zum-ceo\/#breadcrumb","itemListElement":[{"@type":"ListItem","position":1,"name":"Startseite","item":"https:\/\/transportjournal.com\/de\/"},{"@type":"ListItem","position":2,"name":"Harbor Logistics ernennt Auslund zum CEO"}]},{"@type":"WebSite","@id":"https:\/\/transportjournal.com\/de\/#website","url":"https:\/\/transportjournal.com\/de\/","name":"ITJ | International Transport Journal","description":"Stay informed with the latest global news from the transport, logistics, and supply chain industries. Transport Journal delivers expert insights, analysis, and updates across shipping, aviation, intermodal, and forwarding.","publisher":{"@id":"https:\/\/transportjournal.com\/de\/#organization"},"potentialAction":[{"@type":"SearchAction","target":{"@type":"EntryPoint","urlTemplate":"https:\/\/transportjournal.com\/de\/?s={search_term_string}"},"query-input":{"@type":"PropertyValueSpecification","valueRequired":true,"valueName":"search_term_string"}}],"inLanguage":"de"},{"@type":"Organization","@id":"https:\/\/transportjournal.com\/de\/#organization","name":"Groupe Logismedia AG","alternateName":"Logismedia Group AG","url":"https:\/\/transportjournal.com\/de\/","logo":{"@type":"ImageObject","inLanguage":"de","@id":"https:\/\/transportjournal.com\/de\/#\/schema\/logo\/image\/","url":"https:\/\/transportjournal.com\/wp-content\/uploads\/sites\/2\/2025\/09\/Logo_ITJ.png","contentUrl":"https:\/\/transportjournal.com\/wp-content\/uploads\/sites\/2\/2025\/09\/Logo_ITJ.png","width":799,"height":326,"caption":"Groupe Logismedia AG"},"image":{"@id":"https:\/\/transportjournal.com\/de\/#\/schema\/logo\/image\/"},"sameAs":["https:\/\/www.linkedin.com\/company\/56456496\/admin\/dashboard\/","https:\/\/www.instagram.com\/logismediagroup\/","https:\/\/www.youtube.com\/@LogiamediaGroupAG"]},{"@type":"Person","@id":"https:\/\/transportjournal.com\/de\/#\/schema\/person\/cf538b3157f15afd7589245a4b3dbd25","name":"Andreas Haug","url":"https:\/\/transportjournal.com\/de\/author\/andreas\/"}]}},"_links":{"self":[{"href":"https:\/\/transportjournal.com\/de\/wp-json\/wp\/v2\/posts\/87650","targetHints":{"allow":["GET"]}}],"collection":[{"href":"https:\/\/transportjournal.com\/de\/wp-json\/wp\/v2\/posts"}],"about":[{"href":"https:\/\/transportjournal.com\/de\/wp-json\/wp\/v2\/types\/post"}],"author":[{"embeddable":true,"href":"https:\/\/transportjournal.com\/de\/wp-json\/wp\/v2\/users\/12"}],"replies":[{"embeddable":true,"href":"https:\/\/transportjournal.com\/de\/wp-json\/wp\/v2\/comments?post=87650"}],"version-history":[{"count":0,"href":"https:\/\/transportjournal.com\/de\/wp-json\/wp\/v2\/posts\/87650\/revisions"}],"wp:featuredmedia":[{"embeddable":true,"href":"https:\/\/transportjournal.com\/de\/wp-json\/wp\/v2\/media\/87649"}],"wp:attachment":[{"href":"https:\/\/transportjournal.com\/de\/wp-json\/wp\/v2\/media?parent=87650"}],"wp:term":[{"taxonomy":"category","embeddable":true,"href":"https:\/\/transportjournal.com\/de\/wp-json\/wp\/v2\/categories?post=87650"},{"taxonomy":"post_tag","embeddable":true,"href":"https:\/\/transportjournal.com\/de\/wp-json\/wp\/v2\/tags?post=87650"}],"curies":[{"name":"wp","href":"https:\/\/api.w.org\/{rel}","templated":true}]}}