{"id":87576,"date":"2026-04-30T09:45:20","date_gmt":"2026-04-30T09:45:20","guid":{"rendered":"https:\/\/transportjournal.com\/2026\/04\/30\/cpk-beauftragt-budoprojekt-mit-zweitem-frachtbereich\/"},"modified":"2026-04-30T09:45:20","modified_gmt":"2026-04-30T09:45:20","slug":"cpk-beauftragt-budoprojekt-mit-zweitem-frachtbereich","status":"publish","type":"post","link":"https:\/\/transportjournal.com\/de\/2026\/04\/30\/cpk-beauftragt-budoprojekt-mit-zweitem-frachtbereich\/","title":{"rendered":"CPK beauftragt Budoprojekt mit zweitem Frachtbereich"},"content":{"rendered":"<p>Centralny Port Komunikacyjny (CPK) hat einen bedeutenden Schritt in der Entwicklung des zuk\u00fcnftigen Verkehrsknotens in Polen vollzogen. Das Unternehmen, das das umfassende Investitionsprogramm Port Polska umsetzt, hat einen Vertrag mit Przedsi\u0119biorstwo Sp\u00f3\u0142dzielcze Budoprojekt unterzeichnet. Dieser sieht die Erstellung der Entwurfsdokumentation f\u00fcr die n\u00e4chste Phase der Cargo-Zone vor.<\/p>\n<h3>Fortschritte im Frachtbereich<\/h3>\n<p>Der Vertrag stellt die zweite von drei wesentlichen Vereinbarungen dar, die die Frachtinfrastruktur des zuk\u00fcnftigen Flughafens pr\u00e4gen sollen. Das Projekt Cargo 2 zielt darauf ab, ein komplexes System von Einrichtungen und unterst\u00fctzender Infrastruktur zu schaffen, das auf globale Logistikdienstleister ausgerichtet ist, die eigene Vertriebsnetze betreiben. Ziel ist es, ein effizientes und sicheres Umfeld f\u00fcr die Abwicklung von Kurier- und Expresslieferungen zu schaffen, um der weltweit steigenden Nachfrage nach Luftfracht gerecht zu werden.<\/p>\n<p>Der Vertrag hat einen Wert von umgerechnet 2,1 Mrd. EUR (brutto). Im Mittelpunkt des Projekts steht das Ziel, nahtlose und unterbrechungsfreie Logistikprozesse zu gew\u00e4hrleisten und die Bearbeitungszeiten f\u00fcr Sendungen erheblich zu reduzieren. Dies soll durch die Integration von Lager-, Umschlag- und Sortierfunktionen in einem einheitlichen Layout erreicht werden.<\/p>\n<h3>Sicherheit und Effizienz im Fokus<\/h3>\n<p>Ein zentrales Anliegen des Projekts ist die Sicherheit. Der Entwurf sieht eine strikte Trennung und kontrollierten Zugang zwischen den Bereichen Luft- und Landseite vor, um sowohl Fracht als auch Personal zu sch\u00fctzen. Die Einrichtungen f\u00fcr Logistikdienstleister werden strategisch an der Schnittstelle zwischen Luft- und Landseite positioniert, um einen direkten und schnellen Transfer von G\u00fctern zwischen Luft- und Bodenverkehr zu erm\u00f6glichen. Dies ist entscheidend f\u00fcr moderne globale Lieferketten.<\/p>\n<p>Die geplanten Geb\u00e4ude werden als Hochgeschwindigkeits-Transferzentren fungieren, die die Lagerzeit minimieren und den Durchsatz maximieren. Praktisch bedeutet dies, dass Pakete schnell von Lkw zu Flugzeugen und zur\u00fcck transportiert werden, mit minimalen Verz\u00f6gerungen. Eine spezielle Sortierzone wird ein weiterer zentraler Bestandteil des Projekts sein, die darauf ausgelegt ist, Sendungen schnell nach ihrem Zielort zu organisieren. Flexible r\u00e4umliche und technologische L\u00f6sungen sollen es dem System erm\u00f6glichen, sich an schwankende Frachtvolumina anzupassen und sowohl Effizienz als auch Skalierbarkeit zu gew\u00e4hrleisten.<\/p>\n<p>Der erste Vertrag f\u00fcr das Design der Cargo-Zone, der die Cargo 1 umfasst, wurde zuvor an Cundall Polska vergeben. Angesichts des Umfangs und der Komplexit\u00e4t der Investition wurde das Design der Cargo-Zone in drei separate Pakete unterteilt, die jeweils unterschiedliche funktionale und r\u00e4umliche Anforderungen am Flughafenstandort adressieren.<\/p>\n<p>Laut dem aktuellen Investitionszeitplan sollen die Einrichtungen der Cargo-Zone bis Ende 2031 in Betrieb genommen werden. Diese j\u00fcngste Vereinbarung unterstreicht das beschleunigte Entwicklungstempo bei Centralny Port Komunikacyjny und bekr\u00e4ftigt das Bestreben, Polen als bedeutenden Akteur im globalen Logistik- und Luftfahrtsektor zu positionieren.<\/p>\n<p>&nbsp;<\/p>\n<p><a href=\"https:\/\/portpolska.pl\/\" target=\"_blank\" rel=\"noopener noreferrer\">www.portpolska.pl<\/a><\/p>\n<p>&nbsp;<\/p>\n","protected":false},"excerpt":{"rendered":"<p>Centralny Port Komunikacyjny hat einen Vertrag zur Erstellung der Entwurfsdokumentation f\u00fcr die Cargo-Zone unterzeichnet, um die Frachtinfrastruktur bis Ende 2031 zu entwickeln.<\/p>\n","protected":false},"author":12,"featured_media":87575,"comment_status":"open","ping_status":"","sticky":false,"template":"","format":"standard","meta":{"_acf_changed":false,"footnotes":""},"categories":[1575,1570],"tags":[22490,44072,44073,44074,44075,44076,3452,44077,44078,44079,22498,44080,44081,44082,3353,3354,44083,44084,44085,44086,2122,44087,44088,44089,44090,44091,3462,3463,44092,44093,44094,44095,44096,44097,44098,44099,44100,44101,26037,26038,22519,44102,3379,2479,44103,24534,44104,44105,44106,44107,2339,5119,44108,44109,44110],"class_list":["post-87576","post","type-post","status-publish","format-standard","has-post-thumbnail","hentry","category-europa","category-luftfracht","tag-air-freight-demand","tag-budoprojekt-contract","tag-budoprojekt-vertrag","tag-cargo-zone-poland","tag-cargo-zone-polen","tag-centres-de-transfert-a-grande-vitesse","tag-chaines-dapprovisionnement-mondiales","tag-concept-de-securite-logistique","tag-contrat-budoprojekt","tag-courier-and-express-deliveries","tag-demande-de-fret-aerien","tag-design-documentation-cargo-zone","tag-deutsch-centralny-port-komunikacyjny","tag-developpement-du-secteur-du-fret","tag-digitalisierung-logistik","tag-digitalization-logistics","tag-documentation-de-conception-zone-de-fret","tag-efficient-logistics-processes","tag-effiziente-logistikprozesse","tag-entwurfsdokumentation-cargo-zone","tag-fachkraeftemangel-logistik","tag-fonctions-dentreposage-et-de-manutention","tag-frachtbereich-entwicklung","tag-frachtinfrastruktur-flughafen","tag-freight-infrastructure-airport","tag-freight-sector-development","tag-global-supply-chains","tag-globale-lieferketten","tag-high-speed-transfer-centers","tag-hochgeschwindigkeits-transferzentren","tag-infrastructure-de-fret-aeroport","tag-infrastructure-projects-poland","tag-infrastruktur-projekte-polen","tag-investitionsprogramm-port-polska","tag-investment-program-port-polska","tag-kurier-und-expresslieferungen","tag-lager-und-umschlagfunktionen","tag-livraisons-de-courrier-et-dexpress","tag-logistics-service-providers-poland","tag-logistikdienstleister-polen","tag-luftfracht-nachfrage","tag-nachhaltige-logistikloesungen-english-centralny-port-komunikacyjny","tag-numerisation-logistique","tag-penurie-de-competences-logistique","tag-prestataires-de-services-logistiques-pologne","tag-processus-logistiques-efficaces","tag-programme-dinvestissement-port-polska","tag-projets-dinfrastructure-pologne","tag-security-concept-logistics","tag-sicherheitskonzept-logistik","tag-skills-shortage-logistics","tag-solutions-logistiques-durables","tag-sustainable-logistics-solutions-francais-centralny-port-komunikacyjny","tag-warehousing-and-handling-functions","tag-zone-de-fret-pologne"],"acf":[],"yoast_head":"<!-- This site is optimized with the Yoast SEO plugin v27.3 - https:\/\/yoast.com\/product\/yoast-seo-wordpress\/ -->\n<title>CPK beauftragt Budoprojekt mit zweitem Frachtbereich - ITJ | International Transport Journal<\/title>\n<meta name=\"robots\" content=\"index, follow, max-snippet:-1, max-image-preview:large, max-video-preview:-1\" \/>\n<link rel=\"canonical\" href=\"https:\/\/transportjournal.com\/de\/2026\/04\/30\/cpk-beauftragt-budoprojekt-mit-zweitem-frachtbereich\/\" \/>\n<meta property=\"og:locale\" content=\"de_DE\" \/>\n<meta property=\"og:type\" content=\"article\" \/>\n<meta property=\"og:title\" content=\"CPK beauftragt Budoprojekt mit zweitem Frachtbereich - ITJ | International Transport Journal\" \/>\n<meta property=\"og:description\" content=\"Centralny Port Komunikacyjny hat einen Vertrag zur Erstellung der Entwurfsdokumentation f\u00fcr die Cargo-Zone unterzeichnet, um die Frachtinfrastruktur bis Ende 2031 zu entwickeln.\" \/>\n<meta property=\"og:url\" content=\"https:\/\/transportjournal.com\/de\/2026\/04\/30\/cpk-beauftragt-budoprojekt-mit-zweitem-frachtbereich\/\" \/>\n<meta property=\"og:site_name\" content=\"ITJ | International Transport Journal\" \/>\n<meta property=\"article:published_time\" content=\"2026-04-30T09:45:20+00:00\" \/>\n<meta property=\"og:image\" content=\"https:\/\/transportjournal.com\/wp-content\/uploads\/sites\/2\/2026\/04\/Centralny-Port-Komunikacyjn-CPK-Plan-Lotniska-Definicja-Lotniska-Uklad-Pasow-i-Terminali-1024x659-1-aspect-ratio-1400-788.jpg\" \/>\n\t<meta property=\"og:image:width\" content=\"1024\" \/>\n\t<meta property=\"og:image:height\" content=\"576\" \/>\n\t<meta property=\"og:image:type\" content=\"image\/jpeg\" \/>\n<meta name=\"author\" content=\"Andreas Haug\" \/>\n<meta name=\"twitter:card\" content=\"summary_large_image\" \/>\n<meta name=\"twitter:label1\" content=\"Verfasst von\" \/>\n\t<meta name=\"twitter:data1\" content=\"Andreas Haug\" \/>\n\t<meta name=\"twitter:label2\" content=\"Gesch\u00e4tzte Lesezeit\" \/>\n\t<meta name=\"twitter:data2\" content=\"2\u00a0Minute\" \/>\n<script type=\"application\/ld+json\" class=\"yoast-schema-graph\">{\"@context\":\"https:\\\/\\\/schema.org\",\"@graph\":[{\"@type\":\"Article\",\"@id\":\"https:\\\/\\\/transportjournal.com\\\/de\\\/2026\\\/04\\\/30\\\/cpk-beauftragt-budoprojekt-mit-zweitem-frachtbereich\\\/#article\",\"isPartOf\":{\"@id\":\"https:\\\/\\\/transportjournal.com\\\/de\\\/2026\\\/04\\\/30\\\/cpk-beauftragt-budoprojekt-mit-zweitem-frachtbereich\\\/\"},\"author\":{\"name\":\"Andreas Haug\",\"@id\":\"https:\\\/\\\/transportjournal.com\\\/de\\\/#\\\/schema\\\/person\\\/cf538b3157f15afd7589245a4b3dbd25\"},\"headline\":\"CPK beauftragt Budoprojekt mit zweitem Frachtbereich\",\"datePublished\":\"2026-04-30T09:45:20+00:00\",\"mainEntityOfPage\":{\"@id\":\"https:\\\/\\\/transportjournal.com\\\/de\\\/2026\\\/04\\\/30\\\/cpk-beauftragt-budoprojekt-mit-zweitem-frachtbereich\\\/\"},\"wordCount\":443,\"commentCount\":0,\"publisher\":{\"@id\":\"https:\\\/\\\/transportjournal.com\\\/de\\\/#organization\"},\"image\":{\"@id\":\"https:\\\/\\\/transportjournal.com\\\/de\\\/2026\\\/04\\\/30\\\/cpk-beauftragt-budoprojekt-mit-zweitem-frachtbereich\\\/#primaryimage\"},\"thumbnailUrl\":\"https:\\\/\\\/transportjournal.com\\\/wp-content\\\/uploads\\\/sites\\\/2\\\/2026\\\/04\\\/Centralny-Port-Komunikacyjn-CPK-Plan-Lotniska-Definicja-Lotniska-Uklad-Pasow-i-Terminali-1024x659-1-aspect-ratio-1400-788.jpg\",\"keywords\":[\"air freight demand\",\"Budoprojekt contract\",\"Budoprojekt Vertrag\",\"Cargo Zone Poland\",\"Cargo-Zone Polen\",\"centres de transfert \u00e0 grande vitesse\",\"cha\u00eenes d'approvisionnement mondiales\",\"concept de s\u00e9curit\u00e9 logistique\",\"contrat Budoprojekt\",\"courier and express deliveries\",\"demande de fret a\u00e9rien\",\"design documentation Cargo Zone\",\"Deutsch Centralny Port Komunikacyjny\",\"d\u00e9veloppement du secteur du fret\",\"Digitalisierung Logistik\",\"digitalization logistics\",\"documentation de conception zone de fret\",\"efficient logistics processes\",\"effiziente Logistikprozesse\",\"Entwurfsdokumentation Cargo-Zone\",\"Fachkr\u00e4ftemangel Logistik\",\"fonctions d'entreposage et de manutention\",\"Frachtbereich Entwicklung\",\"Frachtinfrastruktur Flughafen\",\"freight infrastructure airport\",\"freight sector development\",\"global supply chains\",\"globale Lieferketten\",\"high-speed transfer centers\",\"Hochgeschwindigkeits-Transferzentren\",\"infrastructure de fret a\u00e9roport\",\"infrastructure projects Poland\",\"Infrastruktur Projekte Polen\",\"Investitionsprogramm Port Polska\",\"investment program Port Polska\",\"Kurier- und Expresslieferungen\",\"Lager- und Umschlagfunktionen\",\"livraisons de courrier et d'express\",\"logistics service providers Poland\",\"Logistikdienstleister Polen\",\"Luftfracht Nachfrage\",\"nachhaltige Logistikl\u00f6sungen English Centralny Port Komunikacyjny\",\"num\u00e9risation logistique\",\"p\u00e9nurie de comp\u00e9tences logistique\",\"prestataires de services logistiques Pologne\",\"processus logistiques efficaces\",\"programme d'investissement Port Polska\",\"projets d'infrastructure Pologne\",\"security concept logistics\",\"Sicherheitskonzept Logistik\",\"skills shortage logistics\",\"solutions logistiques durables\",\"sustainable logistics solutions Fran\u00e7ais Centralny Port Komunikacyjny\",\"warehousing and handling functions\",\"zone de fret Pologne\"],\"articleSection\":[\"Europa\",\"Luftfracht\"],\"inLanguage\":\"de\",\"potentialAction\":[{\"@type\":\"CommentAction\",\"name\":\"Comment\",\"target\":[\"https:\\\/\\\/transportjournal.com\\\/de\\\/2026\\\/04\\\/30\\\/cpk-beauftragt-budoprojekt-mit-zweitem-frachtbereich\\\/#respond\"]}]},{\"@type\":\"WebPage\",\"@id\":\"https:\\\/\\\/transportjournal.com\\\/de\\\/2026\\\/04\\\/30\\\/cpk-beauftragt-budoprojekt-mit-zweitem-frachtbereich\\\/\",\"url\":\"https:\\\/\\\/transportjournal.com\\\/de\\\/2026\\\/04\\\/30\\\/cpk-beauftragt-budoprojekt-mit-zweitem-frachtbereich\\\/\",\"name\":\"CPK beauftragt Budoprojekt mit zweitem Frachtbereich - ITJ | International Transport Journal\",\"isPartOf\":{\"@id\":\"https:\\\/\\\/transportjournal.com\\\/de\\\/#website\"},\"primaryImageOfPage\":{\"@id\":\"https:\\\/\\\/transportjournal.com\\\/de\\\/2026\\\/04\\\/30\\\/cpk-beauftragt-budoprojekt-mit-zweitem-frachtbereich\\\/#primaryimage\"},\"image\":{\"@id\":\"https:\\\/\\\/transportjournal.com\\\/de\\\/2026\\\/04\\\/30\\\/cpk-beauftragt-budoprojekt-mit-zweitem-frachtbereich\\\/#primaryimage\"},\"thumbnailUrl\":\"https:\\\/\\\/transportjournal.com\\\/wp-content\\\/uploads\\\/sites\\\/2\\\/2026\\\/04\\\/Centralny-Port-Komunikacyjn-CPK-Plan-Lotniska-Definicja-Lotniska-Uklad-Pasow-i-Terminali-1024x659-1-aspect-ratio-1400-788.jpg\",\"datePublished\":\"2026-04-30T09:45:20+00:00\",\"breadcrumb\":{\"@id\":\"https:\\\/\\\/transportjournal.com\\\/de\\\/2026\\\/04\\\/30\\\/cpk-beauftragt-budoprojekt-mit-zweitem-frachtbereich\\\/#breadcrumb\"},\"inLanguage\":\"de\",\"potentialAction\":[{\"@type\":\"ReadAction\",\"target\":[\"https:\\\/\\\/transportjournal.com\\\/de\\\/2026\\\/04\\\/30\\\/cpk-beauftragt-budoprojekt-mit-zweitem-frachtbereich\\\/\"]}]},{\"@type\":\"ImageObject\",\"inLanguage\":\"de\",\"@id\":\"https:\\\/\\\/transportjournal.com\\\/de\\\/2026\\\/04\\\/30\\\/cpk-beauftragt-budoprojekt-mit-zweitem-frachtbereich\\\/#primaryimage\",\"url\":\"https:\\\/\\\/transportjournal.com\\\/wp-content\\\/uploads\\\/sites\\\/2\\\/2026\\\/04\\\/Centralny-Port-Komunikacyjn-CPK-Plan-Lotniska-Definicja-Lotniska-Uklad-Pasow-i-Terminali-1024x659-1-aspect-ratio-1400-788.jpg\",\"contentUrl\":\"https:\\\/\\\/transportjournal.com\\\/wp-content\\\/uploads\\\/sites\\\/2\\\/2026\\\/04\\\/Centralny-Port-Komunikacyjn-CPK-Plan-Lotniska-Definicja-Lotniska-Uklad-Pasow-i-Terminali-1024x659-1-aspect-ratio-1400-788.jpg\",\"width\":1024,\"height\":576},{\"@type\":\"BreadcrumbList\",\"@id\":\"https:\\\/\\\/transportjournal.com\\\/de\\\/2026\\\/04\\\/30\\\/cpk-beauftragt-budoprojekt-mit-zweitem-frachtbereich\\\/#breadcrumb\",\"itemListElement\":[{\"@type\":\"ListItem\",\"position\":1,\"name\":\"Startseite\",\"item\":\"https:\\\/\\\/transportjournal.com\\\/de\\\/\"},{\"@type\":\"ListItem\",\"position\":2,\"name\":\"CPK beauftragt Budoprojekt mit zweitem Frachtbereich\"}]},{\"@type\":\"WebSite\",\"@id\":\"https:\\\/\\\/transportjournal.com\\\/de\\\/#website\",\"url\":\"https:\\\/\\\/transportjournal.com\\\/de\\\/\",\"name\":\"ITJ | International Transport Journal\",\"description\":\"Stay informed with the latest global news from the transport, logistics, and supply chain industries. Transport Journal delivers expert insights, analysis, and updates across shipping, aviation, intermodal, and forwarding.\",\"publisher\":{\"@id\":\"https:\\\/\\\/transportjournal.com\\\/de\\\/#organization\"},\"potentialAction\":[{\"@type\":\"SearchAction\",\"target\":{\"@type\":\"EntryPoint\",\"urlTemplate\":\"https:\\\/\\\/transportjournal.com\\\/de\\\/?s={search_term_string}\"},\"query-input\":{\"@type\":\"PropertyValueSpecification\",\"valueRequired\":true,\"valueName\":\"search_term_string\"}}],\"inLanguage\":\"de\"},{\"@type\":\"Organization\",\"@id\":\"https:\\\/\\\/transportjournal.com\\\/de\\\/#organization\",\"name\":\"Groupe Logismedia AG\",\"alternateName\":\"Logismedia Group AG\",\"url\":\"https:\\\/\\\/transportjournal.com\\\/de\\\/\",\"logo\":{\"@type\":\"ImageObject\",\"inLanguage\":\"de\",\"@id\":\"https:\\\/\\\/transportjournal.com\\\/de\\\/#\\\/schema\\\/logo\\\/image\\\/\",\"url\":\"https:\\\/\\\/transportjournal.com\\\/wp-content\\\/uploads\\\/sites\\\/2\\\/2025\\\/09\\\/Logo_ITJ.png\",\"contentUrl\":\"https:\\\/\\\/transportjournal.com\\\/wp-content\\\/uploads\\\/sites\\\/2\\\/2025\\\/09\\\/Logo_ITJ.png\",\"width\":799,\"height\":326,\"caption\":\"Groupe Logismedia AG\"},\"image\":{\"@id\":\"https:\\\/\\\/transportjournal.com\\\/de\\\/#\\\/schema\\\/logo\\\/image\\\/\"},\"sameAs\":[\"https:\\\/\\\/www.linkedin.com\\\/company\\\/56456496\\\/admin\\\/dashboard\\\/\",\"https:\\\/\\\/www.instagram.com\\\/logismediagroup\\\/\",\"https:\\\/\\\/www.youtube.com\\\/@LogiamediaGroupAG\"]},{\"@type\":\"Person\",\"@id\":\"https:\\\/\\\/transportjournal.com\\\/de\\\/#\\\/schema\\\/person\\\/cf538b3157f15afd7589245a4b3dbd25\",\"name\":\"Andreas Haug\",\"url\":\"https:\\\/\\\/transportjournal.com\\\/de\\\/author\\\/andreas\\\/\"}]}<\/script>\n<!-- \/ Yoast SEO plugin. -->","yoast_head_json":{"title":"CPK beauftragt Budoprojekt mit zweitem Frachtbereich - ITJ | International Transport Journal","robots":{"index":"index","follow":"follow","max-snippet":"max-snippet:-1","max-image-preview":"max-image-preview:large","max-video-preview":"max-video-preview:-1"},"canonical":"https:\/\/transportjournal.com\/de\/2026\/04\/30\/cpk-beauftragt-budoprojekt-mit-zweitem-frachtbereich\/","og_locale":"de_DE","og_type":"article","og_title":"CPK beauftragt Budoprojekt mit zweitem Frachtbereich - ITJ | International Transport Journal","og_description":"Centralny Port Komunikacyjny hat einen Vertrag zur Erstellung der Entwurfsdokumentation f\u00fcr die Cargo-Zone unterzeichnet, um die Frachtinfrastruktur bis Ende 2031 zu entwickeln.","og_url":"https:\/\/transportjournal.com\/de\/2026\/04\/30\/cpk-beauftragt-budoprojekt-mit-zweitem-frachtbereich\/","og_site_name":"ITJ | International Transport Journal","article_published_time":"2026-04-30T09:45:20+00:00","og_image":[{"width":1024,"height":576,"url":"https:\/\/transportjournal.com\/wp-content\/uploads\/sites\/2\/2026\/04\/Centralny-Port-Komunikacyjn-CPK-Plan-Lotniska-Definicja-Lotniska-Uklad-Pasow-i-Terminali-1024x659-1-aspect-ratio-1400-788.jpg","type":"image\/jpeg"}],"author":"Andreas Haug","twitter_card":"summary_large_image","twitter_misc":{"Verfasst von":"Andreas Haug","Gesch\u00e4tzte Lesezeit":"2\u00a0Minute"},"schema":{"@context":"https:\/\/schema.org","@graph":[{"@type":"Article","@id":"https:\/\/transportjournal.com\/de\/2026\/04\/30\/cpk-beauftragt-budoprojekt-mit-zweitem-frachtbereich\/#article","isPartOf":{"@id":"https:\/\/transportjournal.com\/de\/2026\/04\/30\/cpk-beauftragt-budoprojekt-mit-zweitem-frachtbereich\/"},"author":{"name":"Andreas Haug","@id":"https:\/\/transportjournal.com\/de\/#\/schema\/person\/cf538b3157f15afd7589245a4b3dbd25"},"headline":"CPK beauftragt Budoprojekt mit zweitem Frachtbereich","datePublished":"2026-04-30T09:45:20+00:00","mainEntityOfPage":{"@id":"https:\/\/transportjournal.com\/de\/2026\/04\/30\/cpk-beauftragt-budoprojekt-mit-zweitem-frachtbereich\/"},"wordCount":443,"commentCount":0,"publisher":{"@id":"https:\/\/transportjournal.com\/de\/#organization"},"image":{"@id":"https:\/\/transportjournal.com\/de\/2026\/04\/30\/cpk-beauftragt-budoprojekt-mit-zweitem-frachtbereich\/#primaryimage"},"thumbnailUrl":"https:\/\/transportjournal.com\/wp-content\/uploads\/sites\/2\/2026\/04\/Centralny-Port-Komunikacyjn-CPK-Plan-Lotniska-Definicja-Lotniska-Uklad-Pasow-i-Terminali-1024x659-1-aspect-ratio-1400-788.jpg","keywords":["air freight demand","Budoprojekt contract","Budoprojekt Vertrag","Cargo Zone Poland","Cargo-Zone Polen","centres de transfert \u00e0 grande vitesse","cha\u00eenes d'approvisionnement mondiales","concept de s\u00e9curit\u00e9 logistique","contrat Budoprojekt","courier and express deliveries","demande de fret a\u00e9rien","design documentation Cargo Zone","Deutsch Centralny Port Komunikacyjny","d\u00e9veloppement du secteur du fret","Digitalisierung Logistik","digitalization logistics","documentation de conception zone de fret","efficient logistics processes","effiziente Logistikprozesse","Entwurfsdokumentation Cargo-Zone","Fachkr\u00e4ftemangel Logistik","fonctions d'entreposage et de manutention","Frachtbereich Entwicklung","Frachtinfrastruktur Flughafen","freight infrastructure airport","freight sector development","global supply chains","globale Lieferketten","high-speed transfer centers","Hochgeschwindigkeits-Transferzentren","infrastructure de fret a\u00e9roport","infrastructure projects Poland","Infrastruktur Projekte Polen","Investitionsprogramm Port Polska","investment program Port Polska","Kurier- und Expresslieferungen","Lager- und Umschlagfunktionen","livraisons de courrier et d'express","logistics service providers Poland","Logistikdienstleister Polen","Luftfracht Nachfrage","nachhaltige Logistikl\u00f6sungen English Centralny Port Komunikacyjny","num\u00e9risation logistique","p\u00e9nurie de comp\u00e9tences logistique","prestataires de services logistiques Pologne","processus logistiques efficaces","programme d'investissement Port Polska","projets d'infrastructure Pologne","security concept logistics","Sicherheitskonzept Logistik","skills shortage logistics","solutions logistiques durables","sustainable logistics solutions Fran\u00e7ais Centralny Port Komunikacyjny","warehousing and handling functions","zone de fret Pologne"],"articleSection":["Europa","Luftfracht"],"inLanguage":"de","potentialAction":[{"@type":"CommentAction","name":"Comment","target":["https:\/\/transportjournal.com\/de\/2026\/04\/30\/cpk-beauftragt-budoprojekt-mit-zweitem-frachtbereich\/#respond"]}]},{"@type":"WebPage","@id":"https:\/\/transportjournal.com\/de\/2026\/04\/30\/cpk-beauftragt-budoprojekt-mit-zweitem-frachtbereich\/","url":"https:\/\/transportjournal.com\/de\/2026\/04\/30\/cpk-beauftragt-budoprojekt-mit-zweitem-frachtbereich\/","name":"CPK beauftragt Budoprojekt mit zweitem Frachtbereich - ITJ | International Transport Journal","isPartOf":{"@id":"https:\/\/transportjournal.com\/de\/#website"},"primaryImageOfPage":{"@id":"https:\/\/transportjournal.com\/de\/2026\/04\/30\/cpk-beauftragt-budoprojekt-mit-zweitem-frachtbereich\/#primaryimage"},"image":{"@id":"https:\/\/transportjournal.com\/de\/2026\/04\/30\/cpk-beauftragt-budoprojekt-mit-zweitem-frachtbereich\/#primaryimage"},"thumbnailUrl":"https:\/\/transportjournal.com\/wp-content\/uploads\/sites\/2\/2026\/04\/Centralny-Port-Komunikacyjn-CPK-Plan-Lotniska-Definicja-Lotniska-Uklad-Pasow-i-Terminali-1024x659-1-aspect-ratio-1400-788.jpg","datePublished":"2026-04-30T09:45:20+00:00","breadcrumb":{"@id":"https:\/\/transportjournal.com\/de\/2026\/04\/30\/cpk-beauftragt-budoprojekt-mit-zweitem-frachtbereich\/#breadcrumb"},"inLanguage":"de","potentialAction":[{"@type":"ReadAction","target":["https:\/\/transportjournal.com\/de\/2026\/04\/30\/cpk-beauftragt-budoprojekt-mit-zweitem-frachtbereich\/"]}]},{"@type":"ImageObject","inLanguage":"de","@id":"https:\/\/transportjournal.com\/de\/2026\/04\/30\/cpk-beauftragt-budoprojekt-mit-zweitem-frachtbereich\/#primaryimage","url":"https:\/\/transportjournal.com\/wp-content\/uploads\/sites\/2\/2026\/04\/Centralny-Port-Komunikacyjn-CPK-Plan-Lotniska-Definicja-Lotniska-Uklad-Pasow-i-Terminali-1024x659-1-aspect-ratio-1400-788.jpg","contentUrl":"https:\/\/transportjournal.com\/wp-content\/uploads\/sites\/2\/2026\/04\/Centralny-Port-Komunikacyjn-CPK-Plan-Lotniska-Definicja-Lotniska-Uklad-Pasow-i-Terminali-1024x659-1-aspect-ratio-1400-788.jpg","width":1024,"height":576},{"@type":"BreadcrumbList","@id":"https:\/\/transportjournal.com\/de\/2026\/04\/30\/cpk-beauftragt-budoprojekt-mit-zweitem-frachtbereich\/#breadcrumb","itemListElement":[{"@type":"ListItem","position":1,"name":"Startseite","item":"https:\/\/transportjournal.com\/de\/"},{"@type":"ListItem","position":2,"name":"CPK beauftragt Budoprojekt mit zweitem Frachtbereich"}]},{"@type":"WebSite","@id":"https:\/\/transportjournal.com\/de\/#website","url":"https:\/\/transportjournal.com\/de\/","name":"ITJ | International Transport Journal","description":"Stay informed with the latest global news from the transport, logistics, and supply chain industries. Transport Journal delivers expert insights, analysis, and updates across shipping, aviation, intermodal, and forwarding.","publisher":{"@id":"https:\/\/transportjournal.com\/de\/#organization"},"potentialAction":[{"@type":"SearchAction","target":{"@type":"EntryPoint","urlTemplate":"https:\/\/transportjournal.com\/de\/?s={search_term_string}"},"query-input":{"@type":"PropertyValueSpecification","valueRequired":true,"valueName":"search_term_string"}}],"inLanguage":"de"},{"@type":"Organization","@id":"https:\/\/transportjournal.com\/de\/#organization","name":"Groupe Logismedia AG","alternateName":"Logismedia Group AG","url":"https:\/\/transportjournal.com\/de\/","logo":{"@type":"ImageObject","inLanguage":"de","@id":"https:\/\/transportjournal.com\/de\/#\/schema\/logo\/image\/","url":"https:\/\/transportjournal.com\/wp-content\/uploads\/sites\/2\/2025\/09\/Logo_ITJ.png","contentUrl":"https:\/\/transportjournal.com\/wp-content\/uploads\/sites\/2\/2025\/09\/Logo_ITJ.png","width":799,"height":326,"caption":"Groupe Logismedia AG"},"image":{"@id":"https:\/\/transportjournal.com\/de\/#\/schema\/logo\/image\/"},"sameAs":["https:\/\/www.linkedin.com\/company\/56456496\/admin\/dashboard\/","https:\/\/www.instagram.com\/logismediagroup\/","https:\/\/www.youtube.com\/@LogiamediaGroupAG"]},{"@type":"Person","@id":"https:\/\/transportjournal.com\/de\/#\/schema\/person\/cf538b3157f15afd7589245a4b3dbd25","name":"Andreas Haug","url":"https:\/\/transportjournal.com\/de\/author\/andreas\/"}]}},"_links":{"self":[{"href":"https:\/\/transportjournal.com\/de\/wp-json\/wp\/v2\/posts\/87576","targetHints":{"allow":["GET"]}}],"collection":[{"href":"https:\/\/transportjournal.com\/de\/wp-json\/wp\/v2\/posts"}],"about":[{"href":"https:\/\/transportjournal.com\/de\/wp-json\/wp\/v2\/types\/post"}],"author":[{"embeddable":true,"href":"https:\/\/transportjournal.com\/de\/wp-json\/wp\/v2\/users\/12"}],"replies":[{"embeddable":true,"href":"https:\/\/transportjournal.com\/de\/wp-json\/wp\/v2\/comments?post=87576"}],"version-history":[{"count":0,"href":"https:\/\/transportjournal.com\/de\/wp-json\/wp\/v2\/posts\/87576\/revisions"}],"wp:featuredmedia":[{"embeddable":true,"href":"https:\/\/transportjournal.com\/de\/wp-json\/wp\/v2\/media\/87575"}],"wp:attachment":[{"href":"https:\/\/transportjournal.com\/de\/wp-json\/wp\/v2\/media?parent=87576"}],"wp:term":[{"taxonomy":"category","embeddable":true,"href":"https:\/\/transportjournal.com\/de\/wp-json\/wp\/v2\/categories?post=87576"},{"taxonomy":"post_tag","embeddable":true,"href":"https:\/\/transportjournal.com\/de\/wp-json\/wp\/v2\/tags?post=87576"}],"curies":[{"name":"wp","href":"https:\/\/api.w.org\/{rel}","templated":true}]}}