{"id":87568,"date":"2026-04-30T09:59:16","date_gmt":"2026-04-30T09:59:16","guid":{"rendered":"https:\/\/transportjournal.com\/2026\/04\/30\/mecalux-zum-fuenften-mal-im-gartner-magic-quadrant\/"},"modified":"2026-04-30T09:59:16","modified_gmt":"2026-04-30T09:59:16","slug":"mecalux-zum-fuenften-mal-im-gartner-magic-quadrant","status":"publish","type":"post","link":"https:\/\/transportjournal.com\/de\/2026\/04\/30\/mecalux-zum-fuenften-mal-im-gartner-magic-quadrant\/","title":{"rendered":"Mecalux zum f\u00fcnften Mal im &#8222;Gartner Magic Quadrant&#8220;"},"content":{"rendered":"<p>Mecalux wurde im aktuellen &#8222;Gartner Magic Quadrant\u2122 2026&#8220; f\u00fcr Lagerverwaltungssysteme (WMS) aufgef\u00fchrt. Dies stellt bereits den f\u00fcnften Auftritt des Unternehmens in diesem Bericht dar, der von der US-amerikanischen Forschungsfirma Gartner erstellt wird, wie das Unternehmen mitteilt. Der Bericht bewertet Anbietende im Bereich der Lagerverwaltungssysteme weltweit.<\/p>\n<p>Das &#8222;Easy WMS&#8220; von Mecalux ist nach Herstellerangaben darauf ausgelegt, s\u00e4mtliche Logistikprozesse zu optimieren. Dazu geh\u00f6ren der Empfang, die Lagerung, die Kommissionierung sowie der Versand von Waren. Die Software ist als cloudbasierte L\u00f6sung (SaaS) verf\u00fcgbar und erm\u00f6glicht es Unternehmen, ihre Abl\u00e4ufe in Echtzeit zu \u00fcberwachen. Dies soll zu einer verbesserten R\u00fcckverfolgbarkeit und Produktivit\u00e4t in sowohl manuellen als auch automatisierten Lagerumgebungen f\u00fchren.<\/p>\n<p>In automatisierten Lagern arbeitet &#8222;Easy WMS&#8220; mit weiteren L\u00f6sungen von Mecalux zusammen. So integriert sich die Software mit &#8222;Easy WES&#8220;, das f\u00fcr die Durchf\u00fchrung des t\u00e4glichen Betriebs zust\u00e4ndig ist, sowie mit &#8222;Easy WCS&#8220;, das die Maschinenbewegungen steuert.<\/p>\n<p><a href=\"https:\/\/www.mecalux.com\/\" target=\"_blank\" rel=\"noopener noreferrer\">www.mecalux.com<\/a><\/p>\n","protected":false},"excerpt":{"rendered":"<p>Mecalux wurde im &#8222;Gartner Magic Quadrant 2026&#8220; f\u00fcr Lagerverwaltungssysteme aufgef\u00fchrt und bietet mit &#8222;Easy WMS&#8220; eine cloudbasierte L\u00f6sung zur Optimierung von Logistikprozessen an.<\/p>\n","protected":false},"author":10,"featured_media":87567,"comment_status":"open","ping_status":"","sticky":false,"template":"","format":"standard","meta":{"_acf_changed":false,"footnotes":""},"categories":[1578,1572,1569],"tags":[38580,44053,44054,44055,44056,44057,2115,2116,44058,44059,44060,28907,44061,2700,44062,2123,38598,6478,18913,14987,44063,2133,2379,1831,4728,2382,3157,31447,44064,4734,44065,4735,2720,2148,38608,9916,44066,44067,2106,9923,14996,2397,44068,44069,14997,18932,44070,44071],"class_list":["post-87568","post","type-post","status-publish","format-standard","has-post-thumbnail","hentry","category-amerikas","category-intralogistik","category-logistik-spedition","tag-augmenter-la-productivite","tag-automated-warehouse-environments","tag-automatisierte-lagerumgebungen","tag-cloud-based-logistics-solutions","tag-cloudbasierte-logistikloesungen","tag-deutsch-mecalux","tag-digitalisierung-in-der-logistik","tag-digitalization-in-logistics","tag-easy-wcs","tag-easy-wes","tag-easy-wms","tag-echtzeit-ueberwachung","tag-environnements-dentrepot-automatises","tag-fachkraeftemangel-in-der-logistik","tag-gartner-magic-quadrant","tag-gestion-de-la-chaine-dapprovisionnement","tag-increase-productivity","tag-labor-shortage-in-logistics","tag-lageroptimierung","tag-lagerverwaltungssysteme","tag-logiciel-wms","tag-logistics-service-providers","tag-logistics-technology","tag-logistikdienstleister","tag-logistikprozesse-optimieren","tag-logistiktechnologie","tag-numerisation-dans-la-logistique","tag-optimisation-des-entrepots","tag-optimiser-lexpedition-des-marchandises","tag-optimiser-les-processus-logistiques","tag-optimize-goods-shipping-francais-mecalux","tag-optimize-logistics-processes","tag-penurie-de-main-doeuvre-dans-la-logistique","tag-prestataires-de-services-logistiques","tag-produktivitaet-steigern","tag-real-time-monitoring","tag-rueckverfolgbarkeit-in-lagern","tag-solutions-logistiques-basees-sur-le-cloud","tag-supply-chain-management","tag-surveillance-en-temps-reel","tag-systemes-de-gestion-dentrepot","tag-technologie-logistique","tag-tracabilite-dans-les-entrepots","tag-traceability-in-warehouses","tag-warehouse-management-systems","tag-warehouse-optimization","tag-warenversand-optimieren-english-mecalux","tag-wms-software"],"acf":[],"yoast_head":"<!-- This site is optimized with the Yoast SEO plugin v27.3 - https:\/\/yoast.com\/product\/yoast-seo-wordpress\/ -->\n<title>Mecalux zum f\u00fcnften Mal im &#8222;Gartner Magic Quadrant&#8220; - ITJ | International Transport Journal<\/title>\n<meta name=\"robots\" content=\"index, follow, max-snippet:-1, max-image-preview:large, max-video-preview:-1\" \/>\n<link rel=\"canonical\" href=\"https:\/\/transportjournal.com\/de\/2026\/04\/30\/mecalux-zum-fuenften-mal-im-gartner-magic-quadrant\/\" \/>\n<meta property=\"og:locale\" content=\"de_DE\" \/>\n<meta property=\"og:type\" content=\"article\" \/>\n<meta property=\"og:title\" content=\"Mecalux zum f\u00fcnften Mal im &#8222;Gartner Magic Quadrant&#8220; - ITJ | International Transport Journal\" \/>\n<meta property=\"og:description\" content=\"Mecalux wurde im &quot;Gartner Magic Quadrant 2026&quot; f\u00fcr Lagerverwaltungssysteme aufgef\u00fchrt und bietet mit &quot;Easy WMS&quot; eine cloudbasierte L\u00f6sung zur Optimierung von Logistikprozessen an.\" \/>\n<meta property=\"og:url\" content=\"https:\/\/transportjournal.com\/de\/2026\/04\/30\/mecalux-zum-fuenften-mal-im-gartner-magic-quadrant\/\" \/>\n<meta property=\"og:site_name\" content=\"ITJ | International Transport Journal\" \/>\n<meta property=\"article:published_time\" content=\"2026-04-30T09:59:16+00:00\" \/>\n<meta property=\"og:image\" content=\"https:\/\/transportjournal.com\/wp-content\/uploads\/sites\/2\/2026\/04\/PR_Mecalux_Gartner_AI3-scaled-1.jpg\" \/>\n\t<meta property=\"og:image:width\" content=\"2560\" \/>\n\t<meta property=\"og:image:height\" content=\"1440\" \/>\n\t<meta property=\"og:image:type\" content=\"image\/jpeg\" \/>\n<meta name=\"author\" content=\"Jeremy Soland\" \/>\n<meta name=\"twitter:card\" content=\"summary_large_image\" \/>\n<meta name=\"twitter:label1\" content=\"Verfasst von\" \/>\n\t<meta name=\"twitter:data1\" content=\"Jeremy Soland\" \/>\n\t<meta name=\"twitter:label2\" content=\"Gesch\u00e4tzte Lesezeit\" \/>\n\t<meta name=\"twitter:data2\" content=\"1\u00a0Minute\" \/>\n<script type=\"application\/ld+json\" class=\"yoast-schema-graph\">{\"@context\":\"https:\\\/\\\/schema.org\",\"@graph\":[{\"@type\":\"Article\",\"@id\":\"https:\\\/\\\/transportjournal.com\\\/de\\\/2026\\\/04\\\/30\\\/mecalux-zum-fuenften-mal-im-gartner-magic-quadrant\\\/#article\",\"isPartOf\":{\"@id\":\"https:\\\/\\\/transportjournal.com\\\/de\\\/2026\\\/04\\\/30\\\/mecalux-zum-fuenften-mal-im-gartner-magic-quadrant\\\/\"},\"author\":{\"name\":\"Jeremy Soland\",\"@id\":\"https:\\\/\\\/transportjournal.com\\\/de\\\/#\\\/schema\\\/person\\\/41d36b5474b623392fa613e97e2363fa\"},\"headline\":\"Mecalux zum f\u00fcnften Mal im &#8222;Gartner Magic Quadrant&#8220;\",\"datePublished\":\"2026-04-30T09:59:16+00:00\",\"mainEntityOfPage\":{\"@id\":\"https:\\\/\\\/transportjournal.com\\\/de\\\/2026\\\/04\\\/30\\\/mecalux-zum-fuenften-mal-im-gartner-magic-quadrant\\\/\"},\"wordCount\":171,\"commentCount\":0,\"publisher\":{\"@id\":\"https:\\\/\\\/transportjournal.com\\\/de\\\/#organization\"},\"image\":{\"@id\":\"https:\\\/\\\/transportjournal.com\\\/de\\\/2026\\\/04\\\/30\\\/mecalux-zum-fuenften-mal-im-gartner-magic-quadrant\\\/#primaryimage\"},\"thumbnailUrl\":\"https:\\\/\\\/transportjournal.com\\\/wp-content\\\/uploads\\\/sites\\\/2\\\/2026\\\/04\\\/PR_Mecalux_Gartner_AI3-scaled-1.jpg\",\"keywords\":[\"augmenter la productivit\u00e9\",\"automated warehouse environments\",\"automatisierte Lagerumgebungen\",\"cloud-based logistics solutions\",\"cloudbasierte Logistikl\u00f6sungen\",\"Deutsch Mecalux\",\"Digitalisierung in der Logistik\",\"digitalization in logistics\",\"Easy WCS\",\"Easy WES\",\"Easy WMS\",\"Echtzeit-\u00dcberwachung\",\"environnements d'entrep\u00f4t automatis\u00e9s\",\"Fachkr\u00e4ftemangel in der Logistik\",\"Gartner Magic Quadrant\",\"gestion de la cha\u00eene d'approvisionnement\",\"increase productivity\",\"labor shortage in logistics\",\"Lageroptimierung\",\"Lagerverwaltungssysteme\",\"logiciel WMS\",\"logistics service providers\",\"logistics technology\",\"Logistikdienstleister\",\"Logistikprozesse optimieren\",\"Logistiktechnologie\",\"num\u00e9risation dans la logistique\",\"optimisation des entrep\u00f4ts\",\"optimiser l'exp\u00e9dition des marchandises\",\"optimiser les processus logistiques\",\"optimize goods shipping Fran\u00e7ais Mecalux\",\"optimize logistics processes\",\"p\u00e9nurie de main-d'\u0153uvre dans la logistique\",\"prestataires de services logistiques\",\"Produktivit\u00e4t steigern\",\"real-time monitoring\",\"R\u00fcckverfolgbarkeit in Lagern\",\"solutions logistiques bas\u00e9es sur le cloud\",\"Supply Chain Management\",\"surveillance en temps r\u00e9el\",\"syst\u00e8mes de gestion d'entrep\u00f4t\",\"technologie logistique\",\"tra\u00e7abilit\u00e9 dans les entrep\u00f4ts\",\"traceability in warehouses\",\"warehouse management systems\",\"warehouse optimization\",\"Warenversand optimieren English Mecalux\",\"WMS Software\"],\"articleSection\":[\"Amerikas\",\"Intralogistik\",\"Spedition &amp; Logistik\"],\"inLanguage\":\"de\",\"potentialAction\":[{\"@type\":\"CommentAction\",\"name\":\"Comment\",\"target\":[\"https:\\\/\\\/transportjournal.com\\\/de\\\/2026\\\/04\\\/30\\\/mecalux-zum-fuenften-mal-im-gartner-magic-quadrant\\\/#respond\"]}]},{\"@type\":\"WebPage\",\"@id\":\"https:\\\/\\\/transportjournal.com\\\/de\\\/2026\\\/04\\\/30\\\/mecalux-zum-fuenften-mal-im-gartner-magic-quadrant\\\/\",\"url\":\"https:\\\/\\\/transportjournal.com\\\/de\\\/2026\\\/04\\\/30\\\/mecalux-zum-fuenften-mal-im-gartner-magic-quadrant\\\/\",\"name\":\"Mecalux zum f\u00fcnften Mal im &#8222;Gartner Magic Quadrant&#8220; - ITJ | International Transport Journal\",\"isPartOf\":{\"@id\":\"https:\\\/\\\/transportjournal.com\\\/de\\\/#website\"},\"primaryImageOfPage\":{\"@id\":\"https:\\\/\\\/transportjournal.com\\\/de\\\/2026\\\/04\\\/30\\\/mecalux-zum-fuenften-mal-im-gartner-magic-quadrant\\\/#primaryimage\"},\"image\":{\"@id\":\"https:\\\/\\\/transportjournal.com\\\/de\\\/2026\\\/04\\\/30\\\/mecalux-zum-fuenften-mal-im-gartner-magic-quadrant\\\/#primaryimage\"},\"thumbnailUrl\":\"https:\\\/\\\/transportjournal.com\\\/wp-content\\\/uploads\\\/sites\\\/2\\\/2026\\\/04\\\/PR_Mecalux_Gartner_AI3-scaled-1.jpg\",\"datePublished\":\"2026-04-30T09:59:16+00:00\",\"breadcrumb\":{\"@id\":\"https:\\\/\\\/transportjournal.com\\\/de\\\/2026\\\/04\\\/30\\\/mecalux-zum-fuenften-mal-im-gartner-magic-quadrant\\\/#breadcrumb\"},\"inLanguage\":\"de\",\"potentialAction\":[{\"@type\":\"ReadAction\",\"target\":[\"https:\\\/\\\/transportjournal.com\\\/de\\\/2026\\\/04\\\/30\\\/mecalux-zum-fuenften-mal-im-gartner-magic-quadrant\\\/\"]}]},{\"@type\":\"ImageObject\",\"inLanguage\":\"de\",\"@id\":\"https:\\\/\\\/transportjournal.com\\\/de\\\/2026\\\/04\\\/30\\\/mecalux-zum-fuenften-mal-im-gartner-magic-quadrant\\\/#primaryimage\",\"url\":\"https:\\\/\\\/transportjournal.com\\\/wp-content\\\/uploads\\\/sites\\\/2\\\/2026\\\/04\\\/PR_Mecalux_Gartner_AI3-scaled-1.jpg\",\"contentUrl\":\"https:\\\/\\\/transportjournal.com\\\/wp-content\\\/uploads\\\/sites\\\/2\\\/2026\\\/04\\\/PR_Mecalux_Gartner_AI3-scaled-1.jpg\",\"width\":2560,\"height\":1440},{\"@type\":\"BreadcrumbList\",\"@id\":\"https:\\\/\\\/transportjournal.com\\\/de\\\/2026\\\/04\\\/30\\\/mecalux-zum-fuenften-mal-im-gartner-magic-quadrant\\\/#breadcrumb\",\"itemListElement\":[{\"@type\":\"ListItem\",\"position\":1,\"name\":\"Startseite\",\"item\":\"https:\\\/\\\/transportjournal.com\\\/de\\\/\"},{\"@type\":\"ListItem\",\"position\":2,\"name\":\"Mecalux zum f\u00fcnften Mal im &#8220;Gartner Magic Quadrant&#8221;\"}]},{\"@type\":\"WebSite\",\"@id\":\"https:\\\/\\\/transportjournal.com\\\/de\\\/#website\",\"url\":\"https:\\\/\\\/transportjournal.com\\\/de\\\/\",\"name\":\"ITJ | International Transport Journal\",\"description\":\"Stay informed with the latest global news from the transport, logistics, and supply chain industries. Transport Journal delivers expert insights, analysis, and updates across shipping, aviation, intermodal, and forwarding.\",\"publisher\":{\"@id\":\"https:\\\/\\\/transportjournal.com\\\/de\\\/#organization\"},\"potentialAction\":[{\"@type\":\"SearchAction\",\"target\":{\"@type\":\"EntryPoint\",\"urlTemplate\":\"https:\\\/\\\/transportjournal.com\\\/de\\\/?s={search_term_string}\"},\"query-input\":{\"@type\":\"PropertyValueSpecification\",\"valueRequired\":true,\"valueName\":\"search_term_string\"}}],\"inLanguage\":\"de\"},{\"@type\":\"Organization\",\"@id\":\"https:\\\/\\\/transportjournal.com\\\/de\\\/#organization\",\"name\":\"Groupe Logismedia AG\",\"alternateName\":\"Logismedia Group AG\",\"url\":\"https:\\\/\\\/transportjournal.com\\\/de\\\/\",\"logo\":{\"@type\":\"ImageObject\",\"inLanguage\":\"de\",\"@id\":\"https:\\\/\\\/transportjournal.com\\\/de\\\/#\\\/schema\\\/logo\\\/image\\\/\",\"url\":\"https:\\\/\\\/transportjournal.com\\\/wp-content\\\/uploads\\\/sites\\\/2\\\/2025\\\/09\\\/Logo_ITJ.png\",\"contentUrl\":\"https:\\\/\\\/transportjournal.com\\\/wp-content\\\/uploads\\\/sites\\\/2\\\/2025\\\/09\\\/Logo_ITJ.png\",\"width\":799,\"height\":326,\"caption\":\"Groupe Logismedia AG\"},\"image\":{\"@id\":\"https:\\\/\\\/transportjournal.com\\\/de\\\/#\\\/schema\\\/logo\\\/image\\\/\"},\"sameAs\":[\"https:\\\/\\\/www.linkedin.com\\\/company\\\/56456496\\\/admin\\\/dashboard\\\/\",\"https:\\\/\\\/www.instagram.com\\\/logismediagroup\\\/\",\"https:\\\/\\\/www.youtube.com\\\/@LogiamediaGroupAG\"]},{\"@type\":\"Person\",\"@id\":\"https:\\\/\\\/transportjournal.com\\\/de\\\/#\\\/schema\\\/person\\\/41d36b5474b623392fa613e97e2363fa\",\"name\":\"Jeremy Soland\",\"url\":\"https:\\\/\\\/transportjournal.com\\\/de\\\/author\\\/jeremy\\\/\"}]}<\/script>\n<!-- \/ Yoast SEO plugin. -->","yoast_head_json":{"title":"Mecalux zum f\u00fcnften Mal im &#8222;Gartner Magic Quadrant&#8220; - ITJ | International Transport Journal","robots":{"index":"index","follow":"follow","max-snippet":"max-snippet:-1","max-image-preview":"max-image-preview:large","max-video-preview":"max-video-preview:-1"},"canonical":"https:\/\/transportjournal.com\/de\/2026\/04\/30\/mecalux-zum-fuenften-mal-im-gartner-magic-quadrant\/","og_locale":"de_DE","og_type":"article","og_title":"Mecalux zum f\u00fcnften Mal im &#8222;Gartner Magic Quadrant&#8220; - ITJ | International Transport Journal","og_description":"Mecalux wurde im \"Gartner Magic Quadrant 2026\" f\u00fcr Lagerverwaltungssysteme aufgef\u00fchrt und bietet mit \"Easy WMS\" eine cloudbasierte L\u00f6sung zur Optimierung von Logistikprozessen an.","og_url":"https:\/\/transportjournal.com\/de\/2026\/04\/30\/mecalux-zum-fuenften-mal-im-gartner-magic-quadrant\/","og_site_name":"ITJ | International Transport Journal","article_published_time":"2026-04-30T09:59:16+00:00","og_image":[{"width":2560,"height":1440,"url":"https:\/\/transportjournal.com\/wp-content\/uploads\/sites\/2\/2026\/04\/PR_Mecalux_Gartner_AI3-scaled-1.jpg","type":"image\/jpeg"}],"author":"Jeremy Soland","twitter_card":"summary_large_image","twitter_misc":{"Verfasst von":"Jeremy Soland","Gesch\u00e4tzte Lesezeit":"1\u00a0Minute"},"schema":{"@context":"https:\/\/schema.org","@graph":[{"@type":"Article","@id":"https:\/\/transportjournal.com\/de\/2026\/04\/30\/mecalux-zum-fuenften-mal-im-gartner-magic-quadrant\/#article","isPartOf":{"@id":"https:\/\/transportjournal.com\/de\/2026\/04\/30\/mecalux-zum-fuenften-mal-im-gartner-magic-quadrant\/"},"author":{"name":"Jeremy Soland","@id":"https:\/\/transportjournal.com\/de\/#\/schema\/person\/41d36b5474b623392fa613e97e2363fa"},"headline":"Mecalux zum f\u00fcnften Mal im &#8222;Gartner Magic Quadrant&#8220;","datePublished":"2026-04-30T09:59:16+00:00","mainEntityOfPage":{"@id":"https:\/\/transportjournal.com\/de\/2026\/04\/30\/mecalux-zum-fuenften-mal-im-gartner-magic-quadrant\/"},"wordCount":171,"commentCount":0,"publisher":{"@id":"https:\/\/transportjournal.com\/de\/#organization"},"image":{"@id":"https:\/\/transportjournal.com\/de\/2026\/04\/30\/mecalux-zum-fuenften-mal-im-gartner-magic-quadrant\/#primaryimage"},"thumbnailUrl":"https:\/\/transportjournal.com\/wp-content\/uploads\/sites\/2\/2026\/04\/PR_Mecalux_Gartner_AI3-scaled-1.jpg","keywords":["augmenter la productivit\u00e9","automated warehouse environments","automatisierte Lagerumgebungen","cloud-based logistics solutions","cloudbasierte Logistikl\u00f6sungen","Deutsch Mecalux","Digitalisierung in der Logistik","digitalization in logistics","Easy WCS","Easy WES","Easy WMS","Echtzeit-\u00dcberwachung","environnements d'entrep\u00f4t automatis\u00e9s","Fachkr\u00e4ftemangel in der Logistik","Gartner Magic Quadrant","gestion de la cha\u00eene d'approvisionnement","increase productivity","labor shortage in logistics","Lageroptimierung","Lagerverwaltungssysteme","logiciel WMS","logistics service providers","logistics technology","Logistikdienstleister","Logistikprozesse optimieren","Logistiktechnologie","num\u00e9risation dans la logistique","optimisation des entrep\u00f4ts","optimiser l'exp\u00e9dition des marchandises","optimiser les processus logistiques","optimize goods shipping Fran\u00e7ais Mecalux","optimize logistics processes","p\u00e9nurie de main-d'\u0153uvre dans la logistique","prestataires de services logistiques","Produktivit\u00e4t steigern","real-time monitoring","R\u00fcckverfolgbarkeit in Lagern","solutions logistiques bas\u00e9es sur le cloud","Supply Chain Management","surveillance en temps r\u00e9el","syst\u00e8mes de gestion d'entrep\u00f4t","technologie logistique","tra\u00e7abilit\u00e9 dans les entrep\u00f4ts","traceability in warehouses","warehouse management systems","warehouse optimization","Warenversand optimieren English Mecalux","WMS Software"],"articleSection":["Amerikas","Intralogistik","Spedition &amp; Logistik"],"inLanguage":"de","potentialAction":[{"@type":"CommentAction","name":"Comment","target":["https:\/\/transportjournal.com\/de\/2026\/04\/30\/mecalux-zum-fuenften-mal-im-gartner-magic-quadrant\/#respond"]}]},{"@type":"WebPage","@id":"https:\/\/transportjournal.com\/de\/2026\/04\/30\/mecalux-zum-fuenften-mal-im-gartner-magic-quadrant\/","url":"https:\/\/transportjournal.com\/de\/2026\/04\/30\/mecalux-zum-fuenften-mal-im-gartner-magic-quadrant\/","name":"Mecalux zum f\u00fcnften Mal im &#8222;Gartner Magic Quadrant&#8220; - ITJ | International Transport Journal","isPartOf":{"@id":"https:\/\/transportjournal.com\/de\/#website"},"primaryImageOfPage":{"@id":"https:\/\/transportjournal.com\/de\/2026\/04\/30\/mecalux-zum-fuenften-mal-im-gartner-magic-quadrant\/#primaryimage"},"image":{"@id":"https:\/\/transportjournal.com\/de\/2026\/04\/30\/mecalux-zum-fuenften-mal-im-gartner-magic-quadrant\/#primaryimage"},"thumbnailUrl":"https:\/\/transportjournal.com\/wp-content\/uploads\/sites\/2\/2026\/04\/PR_Mecalux_Gartner_AI3-scaled-1.jpg","datePublished":"2026-04-30T09:59:16+00:00","breadcrumb":{"@id":"https:\/\/transportjournal.com\/de\/2026\/04\/30\/mecalux-zum-fuenften-mal-im-gartner-magic-quadrant\/#breadcrumb"},"inLanguage":"de","potentialAction":[{"@type":"ReadAction","target":["https:\/\/transportjournal.com\/de\/2026\/04\/30\/mecalux-zum-fuenften-mal-im-gartner-magic-quadrant\/"]}]},{"@type":"ImageObject","inLanguage":"de","@id":"https:\/\/transportjournal.com\/de\/2026\/04\/30\/mecalux-zum-fuenften-mal-im-gartner-magic-quadrant\/#primaryimage","url":"https:\/\/transportjournal.com\/wp-content\/uploads\/sites\/2\/2026\/04\/PR_Mecalux_Gartner_AI3-scaled-1.jpg","contentUrl":"https:\/\/transportjournal.com\/wp-content\/uploads\/sites\/2\/2026\/04\/PR_Mecalux_Gartner_AI3-scaled-1.jpg","width":2560,"height":1440},{"@type":"BreadcrumbList","@id":"https:\/\/transportjournal.com\/de\/2026\/04\/30\/mecalux-zum-fuenften-mal-im-gartner-magic-quadrant\/#breadcrumb","itemListElement":[{"@type":"ListItem","position":1,"name":"Startseite","item":"https:\/\/transportjournal.com\/de\/"},{"@type":"ListItem","position":2,"name":"Mecalux zum f\u00fcnften Mal im &#8220;Gartner Magic Quadrant&#8221;"}]},{"@type":"WebSite","@id":"https:\/\/transportjournal.com\/de\/#website","url":"https:\/\/transportjournal.com\/de\/","name":"ITJ | International Transport Journal","description":"Stay informed with the latest global news from the transport, logistics, and supply chain industries. Transport Journal delivers expert insights, analysis, and updates across shipping, aviation, intermodal, and forwarding.","publisher":{"@id":"https:\/\/transportjournal.com\/de\/#organization"},"potentialAction":[{"@type":"SearchAction","target":{"@type":"EntryPoint","urlTemplate":"https:\/\/transportjournal.com\/de\/?s={search_term_string}"},"query-input":{"@type":"PropertyValueSpecification","valueRequired":true,"valueName":"search_term_string"}}],"inLanguage":"de"},{"@type":"Organization","@id":"https:\/\/transportjournal.com\/de\/#organization","name":"Groupe Logismedia AG","alternateName":"Logismedia Group AG","url":"https:\/\/transportjournal.com\/de\/","logo":{"@type":"ImageObject","inLanguage":"de","@id":"https:\/\/transportjournal.com\/de\/#\/schema\/logo\/image\/","url":"https:\/\/transportjournal.com\/wp-content\/uploads\/sites\/2\/2025\/09\/Logo_ITJ.png","contentUrl":"https:\/\/transportjournal.com\/wp-content\/uploads\/sites\/2\/2025\/09\/Logo_ITJ.png","width":799,"height":326,"caption":"Groupe Logismedia AG"},"image":{"@id":"https:\/\/transportjournal.com\/de\/#\/schema\/logo\/image\/"},"sameAs":["https:\/\/www.linkedin.com\/company\/56456496\/admin\/dashboard\/","https:\/\/www.instagram.com\/logismediagroup\/","https:\/\/www.youtube.com\/@LogiamediaGroupAG"]},{"@type":"Person","@id":"https:\/\/transportjournal.com\/de\/#\/schema\/person\/41d36b5474b623392fa613e97e2363fa","name":"Jeremy Soland","url":"https:\/\/transportjournal.com\/de\/author\/jeremy\/"}]}},"_links":{"self":[{"href":"https:\/\/transportjournal.com\/de\/wp-json\/wp\/v2\/posts\/87568","targetHints":{"allow":["GET"]}}],"collection":[{"href":"https:\/\/transportjournal.com\/de\/wp-json\/wp\/v2\/posts"}],"about":[{"href":"https:\/\/transportjournal.com\/de\/wp-json\/wp\/v2\/types\/post"}],"author":[{"embeddable":true,"href":"https:\/\/transportjournal.com\/de\/wp-json\/wp\/v2\/users\/10"}],"replies":[{"embeddable":true,"href":"https:\/\/transportjournal.com\/de\/wp-json\/wp\/v2\/comments?post=87568"}],"version-history":[{"count":0,"href":"https:\/\/transportjournal.com\/de\/wp-json\/wp\/v2\/posts\/87568\/revisions"}],"wp:featuredmedia":[{"embeddable":true,"href":"https:\/\/transportjournal.com\/de\/wp-json\/wp\/v2\/media\/87567"}],"wp:attachment":[{"href":"https:\/\/transportjournal.com\/de\/wp-json\/wp\/v2\/media?parent=87568"}],"wp:term":[{"taxonomy":"category","embeddable":true,"href":"https:\/\/transportjournal.com\/de\/wp-json\/wp\/v2\/categories?post=87568"},{"taxonomy":"post_tag","embeddable":true,"href":"https:\/\/transportjournal.com\/de\/wp-json\/wp\/v2\/tags?post=87568"}],"curies":[{"name":"wp","href":"https:\/\/api.w.org\/{rel}","templated":true}]}}