{"id":87502,"date":"2026-04-30T08:54:10","date_gmt":"2026-04-30T08:54:10","guid":{"rendered":"https:\/\/transportjournal.com\/2026\/04\/30\/cinquina-erweitert-elektrische-flotte\/"},"modified":"2026-04-30T11:30:32","modified_gmt":"2026-04-30T09:30:32","slug":"cinquina-erweitert-elektrische-flotte","status":"publish","type":"post","link":"https:\/\/transportjournal.com\/de\/2026\/04\/30\/cinquina-erweitert-elektrische-flotte\/","title":{"rendered":"Cinquina erweitert elektrische Flotte"},"content":{"rendered":"<p>Das italienische Unternehmen Cinquina Trasporti e Servizi srl hat ihre Flotte um drei neue Mercedes-Benz Actros ProCabin erweitert. Diese Investition ist Teil einer langj\u00e4hrigen Partnerschaft mit Daimler Truck, die vor \u00fcber 30 Jahren begann. Die Zusammenarbeit zwischen dem Unternehmen aus San Salvo in der Provinz Chieti und dem deutschen Hersteller umfasst mittlerweile \u00fcber 110 Fahrzeuge und zeigt die Kontinuit\u00e4t und das Vertrauen, das beide Seiten in die Beziehung setzen.<\/p>\n<h3>Langj\u00e4hrige Partnerschaft und technologische Entwicklung<\/h3>\n<p>Die Geschichte von Cinquina Trasporti e Servizi srl reicht bis ins Jahr 1959 zur\u00fcck. Das Unternehmen hat sich auf den Transport von G\u00fctern spezialisiert und legt grossen Wert auf Zuverl\u00e4ssigkeit, Sicherheit und Qualit\u00e4t. Diese Werte sind entscheidend, um den Anforderungen der Kunden im nationalen und internationalen Transport gerecht zu werden. Die Partnerschaft mit Mercedes-Benz Trucks begann mit dem Kauf des ersten Mercedes 1844 und hat sich seitdem kontinuierlich weiterentwickelt.<\/p>\n<p>Die neuen Actros ProCabin-Trucks werden in der Flotte eingesetzt, die auf den wichtigsten europ\u00e4ischen Transportstrecken aktiv ist. Diese Entwicklung f\u00e4llt zusammen mit dem 30-j\u00e4hrigen Jubil\u00e4um des Actros, der seit seiner Einf\u00fchrung auf der IAA 1996 als Massstab f\u00fcr moderne Nutzfahrzeuge gilt. Der Actros zeichnet sich durch umfangreiche elektronische Integration und innovative Technologien aus, die auf die Verbesserung der Sicherheit und Effizienz im Schwerlasttransport abzielen.<\/p>\n<p>Massimo Cinquina, Gesch\u00e4ftsf\u00fchrer von Cinquina Trasporti e Servizi srl, betont die Bedeutung der Zusammenarbeit mit Mercedes-Benz: \u201eDie Wahl von Mercedes-Benz begann vor \u00fcber 30 Jahren mit dem ersten Mercedes 1844. Seitdem haben wir eine Beziehung aufgebaut, die auf Zuverl\u00e4ssigkeit und Qualit\u00e4t basiert.\u201c Er hebt hervor, dass die Fahrzeuge des Herstellers den Anforderungen des internationalen Transports gerecht werden und sowohl die Betriebskontinuit\u00e4t als auch den Komfort f\u00fcr die Fahrer gew\u00e4hrleisten.<\/p>\n<h3>Wachstum und Effizienz im Transportwesen<\/h3>\n<p>Cinquina Trasporti e Servizi srl hat sich in den letzten Jahrzehnten als dynamisches und vielseitiges Unternehmen etabliert. Mit einer Flotte von 55 eigenen Fahrzeugen und einer Betriebsfl\u00e4che von 34.500 m\u00b2, davon 13.500 m\u00b2 \u00fcberdacht, ist das Unternehmen in der Lage, verschiedene Transportbed\u00fcrfnisse zu bedienen. J\u00e4hrlich werden etwa 30.000 Auftr\u00e4ge bearbeitet, wobei eine hohe Liefer- und Abholleistung von 96,5% bzw. 99% erreicht wird.<\/p>\n<p>Das Unternehmen ist in 14 europ\u00e4ischen L\u00e4ndern t\u00e4tig und bietet massgeschneiderte logistische L\u00f6sungen an. Die enge Zusammenarbeit mit Partnern und die F\u00e4higkeit, sich schnell an die sich \u00e4ndernden Anforderungen der Kunden anzupassen, sind zentrale Elemente der Unternehmensstrategie. \u201eIm heutigen Transportwesen reicht es nicht mehr aus, die Ware von Punkt A nach Punkt B zu bringen. Es erfordert Organisation, Kontrolle der Fl\u00fcsse und eine Struktur, die schnell auf Kundenanfragen reagieren kann\u201c, erkl\u00e4rt Cinquina.<\/p>\n<h3>Nachhaltigkeit und technologische Innovation<\/h3>\n<p>Cinquina Trasporti e Servizi srl legt auch grossen Wert auf Nachhaltigkeit im Transportwesen. Alle Fahrzeuge entsprechen den neuesten Umweltstandards und sind mit Euro-6-Motoren ausgestattet. Zudem setzt das Unternehmen seit \u00fcber 25 Jahren auf intermodale L\u00f6sungen, um die Umweltauswirkungen zu minimieren. Dazu geh\u00f6rt unter anderem die Nutzung von Schienenverkehr f\u00fcr den Transport \u00fcber die Alpen, was erhebliche CO2-Emissionen einspart.<\/p>\n<p>Die kontinuierlichen Investitionen in die Flotte, Technologie und Prozesse sind Teil der Unternehmensstrategie, um die Effizienz und Qualit\u00e4t der Dienstleistungen zu verbessern. \u201eWir m\u00f6chten weiterhin wachsen, ohne die Werte zu verlieren, die uns seit jeher leiten: Zuverl\u00e4ssigkeit, Kundenorientierung und Investitionen in die Flotte und Technologie\u201c, so Massimo Cinquina abschliessend.<\/p>\n<p>&nbsp;<\/p>\n<p><a href=\"http:\/\/www.cinquinatrasporti.it\/\" target=\"_blank\" rel=\"noopener noreferrer\">www.cinquinatrasporti.it<\/a><\/p>\n<p>&nbsp;<\/p>\n<p><a href=\"https:\/\/piolanti.com\/\" target=\"_blank\" rel=\"noopener noreferrer\">www.piolanti.com<\/a><\/p>\n<p>&nbsp;<\/p>\n","protected":false},"excerpt":{"rendered":"<p>Cinquina Trasporti e Servizi srl hat ihre Flotte um drei neue Mercedes-Benz Actros ProCabin erweitert, um die Effizienz und Qualit\u00e4t im Transportwesen weiter zu steigern.<\/p>\n","protected":false},"author":12,"featured_media":87501,"comment_status":"open","ping_status":"","sticky":false,"template":"","format":"standard","meta":{"_acf_changed":false,"footnotes":""},"categories":[1575,1568],"tags":[43974,43975,43976,43977,3855,13122,43978,43979,43980,18668,43981,43982,43983,43984,13125,1864,10141,36120,4091,18824,2125,30772,5252,5253,43985,13128,4128,2664,1831,43986,43987,43988,43989,43990,1913,43991,43992,2481,2193,3875,3878,10166,1916,2682,5266,43993,4341,30790,30792,2837,4345,18837,3125,2155,1975,18838,1837,36128,43994],"class_list":["post-87502","post","type-post","status-publish","format-standard","has-post-thumbnail","hentry","category-europa","category-bahn-binnenschifffahrt-strasse","tag-30-ans-dactros","tag-30-jahre-actros","tag-30-years-of-actros","tag-betriebsflaeche","tag-co-emissionen-reduzieren","tag-customer-requirements","tag-daimler-truck-partnerschaft","tag-daimler-truck-partnership","tag-deutsch-cinquina-trasporti","tag-efficacite-du-transport","tag-euro-6-engines","tag-euro-6-motoren","tag-europaeische-transportstrecken","tag-european-transport-routes","tag-exigences-des-clients","tag-fahrzeugflotte","tag-fiabilite-dans-le-transport","tag-flotte-de-vehicules","tag-freight-transport","tag-guetertransport","tag-industrie-du-transport","tag-innovation-technologique","tag-intermodal-solutions","tag-intermodale-loesungen","tag-itineraires-de-transport-europeens","tag-kundenanforderungen","tag-logistics-provider","tag-logistics-services","tag-logistikdienstleister","tag-massimo-cinquina","tag-massimo-cinquina-english-cinquina-trasporti","tag-massimo-cinquina-francais-cinquina-trasporti","tag-mercedes-benz-actros","tag-moteurs-euro-6","tag-nachhaltiger-transport","tag-operational-area","tag-partenariat-daimler-truck","tag-prestataire-logistique","tag-rail-freight-transport","tag-reduce-co-emissions","tag-reduire-les-emissions-de-co","tag-reliability-in-transport","tag-schienengueterverkehr","tag-services-logistiques","tag-solutions-intermodales","tag-surface-operationnelle","tag-sustainable-transport","tag-technological-innovation","tag-technologische-innovation","tag-transport-de-marchandises","tag-transport-durable","tag-transport-efficiency","tag-transport-ferroviaire-de-marchandises","tag-transport-industry","tag-transportdienstleistungen","tag-transporteffizienz","tag-transportwirtschaft","tag-vehicle-fleet","tag-zuverlaessigkeit-im-transport"],"acf":[],"yoast_head":"<!-- This site is optimized with the Yoast SEO plugin v27.3 - https:\/\/yoast.com\/product\/yoast-seo-wordpress\/ -->\n<title>Cinquina erweitert elektrische Flotte - ITJ | International Transport Journal<\/title>\n<meta name=\"robots\" content=\"index, follow, max-snippet:-1, max-image-preview:large, max-video-preview:-1\" \/>\n<link rel=\"canonical\" href=\"https:\/\/transportjournal.com\/de\/2026\/04\/30\/cinquina-erweitert-elektrische-flotte\/\" \/>\n<meta property=\"og:locale\" content=\"de_DE\" \/>\n<meta property=\"og:type\" content=\"article\" \/>\n<meta property=\"og:title\" content=\"Cinquina erweitert elektrische Flotte - ITJ | International Transport Journal\" \/>\n<meta property=\"og:description\" content=\"Cinquina Trasporti e Servizi srl hat ihre Flotte um drei neue Mercedes-Benz Actros ProCabin erweitert, um die Effizienz und Qualit\u00e4t im Transportwesen weiter zu steigern.\" \/>\n<meta property=\"og:url\" content=\"https:\/\/transportjournal.com\/de\/2026\/04\/30\/cinquina-erweitert-elektrische-flotte\/\" \/>\n<meta property=\"og:site_name\" content=\"ITJ | International Transport Journal\" \/>\n<meta property=\"article:published_time\" content=\"2026-04-30T08:54:10+00:00\" \/>\n<meta property=\"article:modified_time\" content=\"2026-04-30T09:30:32+00:00\" \/>\n<meta property=\"og:image\" content=\"https:\/\/transportjournal.com\/wp-content\/uploads\/sites\/2\/2026\/04\/Cinquina-1776670441471.jpg\" \/>\n\t<meta property=\"og:image:width\" content=\"2048\" \/>\n\t<meta property=\"og:image:height\" content=\"1152\" \/>\n\t<meta property=\"og:image:type\" content=\"image\/jpeg\" \/>\n<meta name=\"author\" content=\"Andreas Haug\" \/>\n<meta name=\"twitter:card\" content=\"summary_large_image\" \/>\n<meta name=\"twitter:label1\" content=\"Verfasst von\" \/>\n\t<meta name=\"twitter:data1\" content=\"Andreas Haug\" \/>\n\t<meta name=\"twitter:label2\" content=\"Gesch\u00e4tzte Lesezeit\" \/>\n\t<meta name=\"twitter:data2\" content=\"3\u00a0Minute\" \/>\n<script type=\"application\/ld+json\" class=\"yoast-schema-graph\">{\"@context\":\"https:\\\/\\\/schema.org\",\"@graph\":[{\"@type\":\"Article\",\"@id\":\"https:\\\/\\\/transportjournal.com\\\/de\\\/2026\\\/04\\\/30\\\/cinquina-erweitert-elektrische-flotte\\\/#article\",\"isPartOf\":{\"@id\":\"https:\\\/\\\/transportjournal.com\\\/de\\\/2026\\\/04\\\/30\\\/cinquina-erweitert-elektrische-flotte\\\/\"},\"author\":{\"name\":\"Andreas Haug\",\"@id\":\"https:\\\/\\\/transportjournal.com\\\/de\\\/#\\\/schema\\\/person\\\/cf538b3157f15afd7589245a4b3dbd25\"},\"headline\":\"Cinquina erweitert elektrische Flotte\",\"datePublished\":\"2026-04-30T08:54:10+00:00\",\"dateModified\":\"2026-04-30T09:30:32+00:00\",\"mainEntityOfPage\":{\"@id\":\"https:\\\/\\\/transportjournal.com\\\/de\\\/2026\\\/04\\\/30\\\/cinquina-erweitert-elektrische-flotte\\\/\"},\"wordCount\":563,\"commentCount\":0,\"publisher\":{\"@id\":\"https:\\\/\\\/transportjournal.com\\\/de\\\/#organization\"},\"image\":{\"@id\":\"https:\\\/\\\/transportjournal.com\\\/de\\\/2026\\\/04\\\/30\\\/cinquina-erweitert-elektrische-flotte\\\/#primaryimage\"},\"thumbnailUrl\":\"https:\\\/\\\/transportjournal.com\\\/wp-content\\\/uploads\\\/sites\\\/2\\\/2026\\\/04\\\/Cinquina-1776670441471.jpg\",\"keywords\":[\"30 ans d'Actros\",\"30 Jahre Actros\",\"30 years of Actros\",\"Betriebsfl\u00e4che\",\"CO\u2082-Emissionen reduzieren\",\"customer requirements\",\"Daimler Truck Partnerschaft\",\"Daimler Truck partnership\",\"Deutsch Cinquina Trasporti\",\"efficacit\u00e9 du transport\",\"Euro-6 engines\",\"Euro-6-Motoren\",\"europ\u00e4ische Transportstrecken\",\"European transport routes\",\"exigences des clients\",\"Fahrzeugflotte\",\"fiabilit\u00e9 dans le transport\",\"flotte de v\u00e9hicules\",\"freight transport\",\"G\u00fctertransport\",\"industrie du transport\",\"innovation technologique\",\"intermodal solutions\",\"intermodale L\u00f6sungen\",\"itin\u00e9raires de transport europ\u00e9ens\",\"Kundenanforderungen\",\"logistics provider\",\"logistics services\",\"Logistikdienstleister\",\"Massimo Cinquina\",\"Massimo Cinquina English Cinquina Trasporti\",\"Massimo Cinquina Fran\u00e7ais Cinquina Trasporti\",\"Mercedes-Benz Actros\",\"moteurs Euro-6\",\"nachhaltiger Transport\",\"operational area\",\"partenariat Daimler Truck\",\"prestataire logistique\",\"rail freight transport\",\"reduce CO\u2082 emissions\",\"r\u00e9duire les \u00e9missions de CO\u2082\",\"reliability in transport\",\"Schieneng\u00fcterverkehr\",\"services logistiques\",\"solutions intermodales\",\"surface op\u00e9rationnelle\",\"sustainable transport\",\"technological innovation\",\"technologische Innovation\",\"transport de marchandises\",\"transport durable\",\"transport efficiency\",\"transport ferroviaire de marchandises\",\"transport industry\",\"Transportdienstleistungen\",\"Transporteffizienz\",\"Transportwirtschaft\",\"vehicle fleet\",\"Zuverl\u00e4ssigkeit im Transport\"],\"articleSection\":[\"Europa\",\"Intermodal \\\/ Stra\u00dfe\"],\"inLanguage\":\"de\",\"potentialAction\":[{\"@type\":\"CommentAction\",\"name\":\"Comment\",\"target\":[\"https:\\\/\\\/transportjournal.com\\\/de\\\/2026\\\/04\\\/30\\\/cinquina-erweitert-elektrische-flotte\\\/#respond\"]}]},{\"@type\":\"WebPage\",\"@id\":\"https:\\\/\\\/transportjournal.com\\\/de\\\/2026\\\/04\\\/30\\\/cinquina-erweitert-elektrische-flotte\\\/\",\"url\":\"https:\\\/\\\/transportjournal.com\\\/de\\\/2026\\\/04\\\/30\\\/cinquina-erweitert-elektrische-flotte\\\/\",\"name\":\"Cinquina erweitert elektrische Flotte - ITJ | International Transport Journal\",\"isPartOf\":{\"@id\":\"https:\\\/\\\/transportjournal.com\\\/de\\\/#website\"},\"primaryImageOfPage\":{\"@id\":\"https:\\\/\\\/transportjournal.com\\\/de\\\/2026\\\/04\\\/30\\\/cinquina-erweitert-elektrische-flotte\\\/#primaryimage\"},\"image\":{\"@id\":\"https:\\\/\\\/transportjournal.com\\\/de\\\/2026\\\/04\\\/30\\\/cinquina-erweitert-elektrische-flotte\\\/#primaryimage\"},\"thumbnailUrl\":\"https:\\\/\\\/transportjournal.com\\\/wp-content\\\/uploads\\\/sites\\\/2\\\/2026\\\/04\\\/Cinquina-1776670441471.jpg\",\"datePublished\":\"2026-04-30T08:54:10+00:00\",\"dateModified\":\"2026-04-30T09:30:32+00:00\",\"breadcrumb\":{\"@id\":\"https:\\\/\\\/transportjournal.com\\\/de\\\/2026\\\/04\\\/30\\\/cinquina-erweitert-elektrische-flotte\\\/#breadcrumb\"},\"inLanguage\":\"de\",\"potentialAction\":[{\"@type\":\"ReadAction\",\"target\":[\"https:\\\/\\\/transportjournal.com\\\/de\\\/2026\\\/04\\\/30\\\/cinquina-erweitert-elektrische-flotte\\\/\"]}]},{\"@type\":\"ImageObject\",\"inLanguage\":\"de\",\"@id\":\"https:\\\/\\\/transportjournal.com\\\/de\\\/2026\\\/04\\\/30\\\/cinquina-erweitert-elektrische-flotte\\\/#primaryimage\",\"url\":\"https:\\\/\\\/transportjournal.com\\\/wp-content\\\/uploads\\\/sites\\\/2\\\/2026\\\/04\\\/Cinquina-1776670441471.jpg\",\"contentUrl\":\"https:\\\/\\\/transportjournal.com\\\/wp-content\\\/uploads\\\/sites\\\/2\\\/2026\\\/04\\\/Cinquina-1776670441471.jpg\",\"width\":2048,\"height\":1152},{\"@type\":\"BreadcrumbList\",\"@id\":\"https:\\\/\\\/transportjournal.com\\\/de\\\/2026\\\/04\\\/30\\\/cinquina-erweitert-elektrische-flotte\\\/#breadcrumb\",\"itemListElement\":[{\"@type\":\"ListItem\",\"position\":1,\"name\":\"Startseite\",\"item\":\"https:\\\/\\\/transportjournal.com\\\/de\\\/\"},{\"@type\":\"ListItem\",\"position\":2,\"name\":\"Cinquina erweitert elektrische Flotte\"}]},{\"@type\":\"WebSite\",\"@id\":\"https:\\\/\\\/transportjournal.com\\\/de\\\/#website\",\"url\":\"https:\\\/\\\/transportjournal.com\\\/de\\\/\",\"name\":\"ITJ | International Transport Journal\",\"description\":\"Stay informed with the latest global news from the transport, logistics, and supply chain industries. Transport Journal delivers expert insights, analysis, and updates across shipping, aviation, intermodal, and forwarding.\",\"publisher\":{\"@id\":\"https:\\\/\\\/transportjournal.com\\\/de\\\/#organization\"},\"potentialAction\":[{\"@type\":\"SearchAction\",\"target\":{\"@type\":\"EntryPoint\",\"urlTemplate\":\"https:\\\/\\\/transportjournal.com\\\/de\\\/?s={search_term_string}\"},\"query-input\":{\"@type\":\"PropertyValueSpecification\",\"valueRequired\":true,\"valueName\":\"search_term_string\"}}],\"inLanguage\":\"de\"},{\"@type\":\"Organization\",\"@id\":\"https:\\\/\\\/transportjournal.com\\\/de\\\/#organization\",\"name\":\"Groupe Logismedia AG\",\"alternateName\":\"Logismedia Group AG\",\"url\":\"https:\\\/\\\/transportjournal.com\\\/de\\\/\",\"logo\":{\"@type\":\"ImageObject\",\"inLanguage\":\"de\",\"@id\":\"https:\\\/\\\/transportjournal.com\\\/de\\\/#\\\/schema\\\/logo\\\/image\\\/\",\"url\":\"https:\\\/\\\/transportjournal.com\\\/wp-content\\\/uploads\\\/sites\\\/2\\\/2025\\\/09\\\/Logo_ITJ.png\",\"contentUrl\":\"https:\\\/\\\/transportjournal.com\\\/wp-content\\\/uploads\\\/sites\\\/2\\\/2025\\\/09\\\/Logo_ITJ.png\",\"width\":799,\"height\":326,\"caption\":\"Groupe Logismedia AG\"},\"image\":{\"@id\":\"https:\\\/\\\/transportjournal.com\\\/de\\\/#\\\/schema\\\/logo\\\/image\\\/\"},\"sameAs\":[\"https:\\\/\\\/www.linkedin.com\\\/company\\\/56456496\\\/admin\\\/dashboard\\\/\",\"https:\\\/\\\/www.instagram.com\\\/logismediagroup\\\/\",\"https:\\\/\\\/www.youtube.com\\\/@LogiamediaGroupAG\"]},{\"@type\":\"Person\",\"@id\":\"https:\\\/\\\/transportjournal.com\\\/de\\\/#\\\/schema\\\/person\\\/cf538b3157f15afd7589245a4b3dbd25\",\"name\":\"Andreas Haug\",\"url\":\"https:\\\/\\\/transportjournal.com\\\/de\\\/author\\\/andreas\\\/\"}]}<\/script>\n<!-- \/ Yoast SEO plugin. -->","yoast_head_json":{"title":"Cinquina erweitert elektrische Flotte - ITJ | International Transport Journal","robots":{"index":"index","follow":"follow","max-snippet":"max-snippet:-1","max-image-preview":"max-image-preview:large","max-video-preview":"max-video-preview:-1"},"canonical":"https:\/\/transportjournal.com\/de\/2026\/04\/30\/cinquina-erweitert-elektrische-flotte\/","og_locale":"de_DE","og_type":"article","og_title":"Cinquina erweitert elektrische Flotte - ITJ | International Transport Journal","og_description":"Cinquina Trasporti e Servizi srl hat ihre Flotte um drei neue Mercedes-Benz Actros ProCabin erweitert, um die Effizienz und Qualit\u00e4t im Transportwesen weiter zu steigern.","og_url":"https:\/\/transportjournal.com\/de\/2026\/04\/30\/cinquina-erweitert-elektrische-flotte\/","og_site_name":"ITJ | International Transport Journal","article_published_time":"2026-04-30T08:54:10+00:00","article_modified_time":"2026-04-30T09:30:32+00:00","og_image":[{"width":2048,"height":1152,"url":"https:\/\/transportjournal.com\/wp-content\/uploads\/sites\/2\/2026\/04\/Cinquina-1776670441471.jpg","type":"image\/jpeg"}],"author":"Andreas Haug","twitter_card":"summary_large_image","twitter_misc":{"Verfasst von":"Andreas Haug","Gesch\u00e4tzte Lesezeit":"3\u00a0Minute"},"schema":{"@context":"https:\/\/schema.org","@graph":[{"@type":"Article","@id":"https:\/\/transportjournal.com\/de\/2026\/04\/30\/cinquina-erweitert-elektrische-flotte\/#article","isPartOf":{"@id":"https:\/\/transportjournal.com\/de\/2026\/04\/30\/cinquina-erweitert-elektrische-flotte\/"},"author":{"name":"Andreas Haug","@id":"https:\/\/transportjournal.com\/de\/#\/schema\/person\/cf538b3157f15afd7589245a4b3dbd25"},"headline":"Cinquina erweitert elektrische Flotte","datePublished":"2026-04-30T08:54:10+00:00","dateModified":"2026-04-30T09:30:32+00:00","mainEntityOfPage":{"@id":"https:\/\/transportjournal.com\/de\/2026\/04\/30\/cinquina-erweitert-elektrische-flotte\/"},"wordCount":563,"commentCount":0,"publisher":{"@id":"https:\/\/transportjournal.com\/de\/#organization"},"image":{"@id":"https:\/\/transportjournal.com\/de\/2026\/04\/30\/cinquina-erweitert-elektrische-flotte\/#primaryimage"},"thumbnailUrl":"https:\/\/transportjournal.com\/wp-content\/uploads\/sites\/2\/2026\/04\/Cinquina-1776670441471.jpg","keywords":["30 ans d'Actros","30 Jahre Actros","30 years of Actros","Betriebsfl\u00e4che","CO\u2082-Emissionen reduzieren","customer requirements","Daimler Truck Partnerschaft","Daimler Truck partnership","Deutsch Cinquina Trasporti","efficacit\u00e9 du transport","Euro-6 engines","Euro-6-Motoren","europ\u00e4ische Transportstrecken","European transport routes","exigences des clients","Fahrzeugflotte","fiabilit\u00e9 dans le transport","flotte de v\u00e9hicules","freight transport","G\u00fctertransport","industrie du transport","innovation technologique","intermodal solutions","intermodale L\u00f6sungen","itin\u00e9raires de transport europ\u00e9ens","Kundenanforderungen","logistics provider","logistics services","Logistikdienstleister","Massimo Cinquina","Massimo Cinquina English Cinquina Trasporti","Massimo Cinquina Fran\u00e7ais Cinquina Trasporti","Mercedes-Benz Actros","moteurs Euro-6","nachhaltiger Transport","operational area","partenariat Daimler Truck","prestataire logistique","rail freight transport","reduce CO\u2082 emissions","r\u00e9duire les \u00e9missions de CO\u2082","reliability in transport","Schieneng\u00fcterverkehr","services logistiques","solutions intermodales","surface op\u00e9rationnelle","sustainable transport","technological innovation","technologische Innovation","transport de marchandises","transport durable","transport efficiency","transport ferroviaire de marchandises","transport industry","Transportdienstleistungen","Transporteffizienz","Transportwirtschaft","vehicle fleet","Zuverl\u00e4ssigkeit im Transport"],"articleSection":["Europa","Intermodal \/ Stra\u00dfe"],"inLanguage":"de","potentialAction":[{"@type":"CommentAction","name":"Comment","target":["https:\/\/transportjournal.com\/de\/2026\/04\/30\/cinquina-erweitert-elektrische-flotte\/#respond"]}]},{"@type":"WebPage","@id":"https:\/\/transportjournal.com\/de\/2026\/04\/30\/cinquina-erweitert-elektrische-flotte\/","url":"https:\/\/transportjournal.com\/de\/2026\/04\/30\/cinquina-erweitert-elektrische-flotte\/","name":"Cinquina erweitert elektrische Flotte - ITJ | International Transport Journal","isPartOf":{"@id":"https:\/\/transportjournal.com\/de\/#website"},"primaryImageOfPage":{"@id":"https:\/\/transportjournal.com\/de\/2026\/04\/30\/cinquina-erweitert-elektrische-flotte\/#primaryimage"},"image":{"@id":"https:\/\/transportjournal.com\/de\/2026\/04\/30\/cinquina-erweitert-elektrische-flotte\/#primaryimage"},"thumbnailUrl":"https:\/\/transportjournal.com\/wp-content\/uploads\/sites\/2\/2026\/04\/Cinquina-1776670441471.jpg","datePublished":"2026-04-30T08:54:10+00:00","dateModified":"2026-04-30T09:30:32+00:00","breadcrumb":{"@id":"https:\/\/transportjournal.com\/de\/2026\/04\/30\/cinquina-erweitert-elektrische-flotte\/#breadcrumb"},"inLanguage":"de","potentialAction":[{"@type":"ReadAction","target":["https:\/\/transportjournal.com\/de\/2026\/04\/30\/cinquina-erweitert-elektrische-flotte\/"]}]},{"@type":"ImageObject","inLanguage":"de","@id":"https:\/\/transportjournal.com\/de\/2026\/04\/30\/cinquina-erweitert-elektrische-flotte\/#primaryimage","url":"https:\/\/transportjournal.com\/wp-content\/uploads\/sites\/2\/2026\/04\/Cinquina-1776670441471.jpg","contentUrl":"https:\/\/transportjournal.com\/wp-content\/uploads\/sites\/2\/2026\/04\/Cinquina-1776670441471.jpg","width":2048,"height":1152},{"@type":"BreadcrumbList","@id":"https:\/\/transportjournal.com\/de\/2026\/04\/30\/cinquina-erweitert-elektrische-flotte\/#breadcrumb","itemListElement":[{"@type":"ListItem","position":1,"name":"Startseite","item":"https:\/\/transportjournal.com\/de\/"},{"@type":"ListItem","position":2,"name":"Cinquina erweitert elektrische Flotte"}]},{"@type":"WebSite","@id":"https:\/\/transportjournal.com\/de\/#website","url":"https:\/\/transportjournal.com\/de\/","name":"ITJ | International Transport Journal","description":"Stay informed with the latest global news from the transport, logistics, and supply chain industries. Transport Journal delivers expert insights, analysis, and updates across shipping, aviation, intermodal, and forwarding.","publisher":{"@id":"https:\/\/transportjournal.com\/de\/#organization"},"potentialAction":[{"@type":"SearchAction","target":{"@type":"EntryPoint","urlTemplate":"https:\/\/transportjournal.com\/de\/?s={search_term_string}"},"query-input":{"@type":"PropertyValueSpecification","valueRequired":true,"valueName":"search_term_string"}}],"inLanguage":"de"},{"@type":"Organization","@id":"https:\/\/transportjournal.com\/de\/#organization","name":"Groupe Logismedia AG","alternateName":"Logismedia Group AG","url":"https:\/\/transportjournal.com\/de\/","logo":{"@type":"ImageObject","inLanguage":"de","@id":"https:\/\/transportjournal.com\/de\/#\/schema\/logo\/image\/","url":"https:\/\/transportjournal.com\/wp-content\/uploads\/sites\/2\/2025\/09\/Logo_ITJ.png","contentUrl":"https:\/\/transportjournal.com\/wp-content\/uploads\/sites\/2\/2025\/09\/Logo_ITJ.png","width":799,"height":326,"caption":"Groupe Logismedia AG"},"image":{"@id":"https:\/\/transportjournal.com\/de\/#\/schema\/logo\/image\/"},"sameAs":["https:\/\/www.linkedin.com\/company\/56456496\/admin\/dashboard\/","https:\/\/www.instagram.com\/logismediagroup\/","https:\/\/www.youtube.com\/@LogiamediaGroupAG"]},{"@type":"Person","@id":"https:\/\/transportjournal.com\/de\/#\/schema\/person\/cf538b3157f15afd7589245a4b3dbd25","name":"Andreas Haug","url":"https:\/\/transportjournal.com\/de\/author\/andreas\/"}]}},"_links":{"self":[{"href":"https:\/\/transportjournal.com\/de\/wp-json\/wp\/v2\/posts\/87502","targetHints":{"allow":["GET"]}}],"collection":[{"href":"https:\/\/transportjournal.com\/de\/wp-json\/wp\/v2\/posts"}],"about":[{"href":"https:\/\/transportjournal.com\/de\/wp-json\/wp\/v2\/types\/post"}],"author":[{"embeddable":true,"href":"https:\/\/transportjournal.com\/de\/wp-json\/wp\/v2\/users\/12"}],"replies":[{"embeddable":true,"href":"https:\/\/transportjournal.com\/de\/wp-json\/wp\/v2\/comments?post=87502"}],"version-history":[{"count":1,"href":"https:\/\/transportjournal.com\/de\/wp-json\/wp\/v2\/posts\/87502\/revisions"}],"predecessor-version":[{"id":87509,"href":"https:\/\/transportjournal.com\/de\/wp-json\/wp\/v2\/posts\/87502\/revisions\/87509"}],"wp:featuredmedia":[{"embeddable":true,"href":"https:\/\/transportjournal.com\/de\/wp-json\/wp\/v2\/media\/87501"}],"wp:attachment":[{"href":"https:\/\/transportjournal.com\/de\/wp-json\/wp\/v2\/media?parent=87502"}],"wp:term":[{"taxonomy":"category","embeddable":true,"href":"https:\/\/transportjournal.com\/de\/wp-json\/wp\/v2\/categories?post=87502"},{"taxonomy":"post_tag","embeddable":true,"href":"https:\/\/transportjournal.com\/de\/wp-json\/wp\/v2\/tags?post=87502"}],"curies":[{"name":"wp","href":"https:\/\/api.w.org\/{rel}","templated":true}]}}