{"id":87454,"date":"2026-04-30T08:13:33","date_gmt":"2026-04-30T08:13:33","guid":{"rendered":"https:\/\/transportjournal.com\/2026\/04\/30\/luftfrachtmarkt-sinkt-global-um-48\/"},"modified":"2026-04-30T10:34:25","modified_gmt":"2026-04-30T08:34:25","slug":"luftfrachtmarkt-sinkt-global-um-48","status":"publish","type":"post","link":"https:\/\/transportjournal.com\/de\/2026\/04\/30\/luftfrachtmarkt-sinkt-global-um-48\/","title":{"rendered":"Katastrophaler Luftfrachtm\u00e4rz am Golf"},"content":{"rendered":"<p>Die globale Nachfrage im Luftfrachtmarkt ist im M\u00e4rz 2026 im Vergleich zum Vorjahr um 4,8% gesunken. Diese Entwicklung wird auf ein herausforderndes Betriebsumfeld zur\u00fcckgef\u00fchrt, das durch geopolitische Spannungen im Nahen Osten und saisonale Effekte gepr\u00e4gt ist. W\u00e4hrend Afrika mit einem Anstieg von genau 7% die beste Performance aufwies, verzeichnete der Nahe Osten einen dramatischen R\u00fcckgang von 54,3%.<\/p>\n<h3>Internationale Frachtstr\u00f6me unter Druck<\/h3>\n<p>Der internationale Luftfrachtverkehr fiel um 5,5% im Jahresvergleich. Besonders stark betroffen waren die Fluggesellschaften im Nahen Osten, die einen R\u00fcckgang von 54,2% erlitten, was auf eine Verschlechterung der Hub-Konnektivit\u00e4t und der Netzwerkzuverl\u00e4ssigkeit zur\u00fcckzuf\u00fchren ist. Die Gesamtkapazit\u00e4t der Branche sank um 4,7%, was im Einklang mit der nachlassenden Nachfrage steht. Der Frachtladefaktor blieb mit 47,9% stabil.<\/p>\n<p>Die Volatilit\u00e4t auf den Energiem\u00e4rkten war ebenfalls signifikant. Der Preis f\u00fcr Brent stieg um 43,1% im Jahresvergleich, w\u00e4hrend der Preis f\u00fcr Kerosin um 106,6% anstieg und damit den h\u00f6chsten Stand seit \u00fcber 23 Jahren erreichte. Diese Entwicklungen f\u00fchrten zu einem Anstieg der Frachtraten um 18,9% in einem inflationsgepr\u00e4gten Preisumfeld.<\/p>\n<h3>Regionale Unterschiede in der Frachtleistung<\/h3>\n<p>Die regionale Leistung im Luftfrachtmarkt war uneinheitlich. W\u00e4hrend Afrika, Asien-Pazifik, Europa sowie Lateinamerika und die Karibik moderate Wachstumsraten verzeichneten, konnten diese nicht die dramatischen R\u00fcckg\u00e4nge im Nahen Osten ausgleichen. Die afrikanischen Fluggesellschaften erzielten das st\u00e4rkste Wachstum, unterst\u00fctzt durch Umgehungsverkehr. In Europa (+2,2%) und Lateinamerika (+1,8%) gab es kleinere Zuw\u00e4chse, w\u00e4hrend Nordamerika (-1,1%) leicht nachgab, was auf eine schw\u00e4chere transatlantische Dynamik hinweist.<\/p>\n<p>Die Situation im Nahen Osten stellte den gr\u00f6ssten Hemmschuh f\u00fcr die Branchenleistung dar. Der R\u00fcckgang von 54,3% im CTK (Cargo Tonne-Kilometer) verdeutlicht die schwerwiegenden Auswirkungen des Konflikts auf die Hub-Konnektivit\u00e4t und die Auslastung der Flugzeuge.<\/p>\n<h3>Internationale Trends und Routenanalysen<\/h3>\n<p>Die internationalen Frachtnachfragen zeigten eine klare geografische Ungleichheit. W\u00e4hrend die M\u00e4rkte in Afrika und Asien-Pazifik (+5,5%) zulegten, erlitten die Fluggesellschaften im Nahen Osten den st\u00e4rksten R\u00fcckgang. Die Routenanalyse offenbarte, dass die Verbindung Europa-Asien mit einem Anstieg von 14,2% die st\u00e4rkste Leistung aufwies, w\u00e4hrend die Golf-verbundenen Handelsrouten stark unter Druck standen.<\/p>\n<p>Die Nachfrage nach Frachtflugzeugen erwies sich als widerstandsf\u00e4higer als die Nachfrage nach Passagierfracht, die um 12,1% zur\u00fcckging. Dies zeigt, dass Frachtflugzeuge von der operativen Flexibilit\u00e4t profitierten und Umgehungsstr\u00f6me auf langen Korridoren, insbesondere im asiatischen Handel, abfingen.<\/p>\n<h3>Ausblick und wirtschaftliche Rahmenbedingungen<\/h3>\n<p>Die Preise f\u00fcr Kerosin stiegen im M\u00e4rz stark an, was die Wirtschaftlichkeit im Luftfrachtsektor erheblich belastete. Die globalen Fertigungsindizes zeigen, dass die industrielle Aktivit\u00e4t weiterhin im Expansionsbereich liegt, jedoch die Dynamik im Vergleich zu den vorherigen Monaten nachl\u00e4sst. Trotz dieser Herausforderungen bleibt die Luftfrachtbranche auf einem stabilen makro\u00f6konomischen Fundament, auch wenn die Wachstumsdynamik von den H\u00f6chstst\u00e4nden der Vorjahre abnimmt.<\/p>\n<p>&nbsp;<\/p>\n<p><a href=\"https:\/\/www.iata.org\/\" target=\"_blank\" rel=\"noopener noreferrer\">www.iata.org<\/a><\/p>\n<p>&nbsp;<\/p>\n","protected":false},"excerpt":{"rendered":"<p>Die globale Nachfrage im Luftfrachtmarkt sank im M\u00e4rz 2026 um 4,8%, w\u00e4hrend Afrika ein Wachstum von 7% verzeichnete und der Nahe Osten stark zur\u00fcckging.<\/p>\n","protected":false},"author":12,"featured_media":87453,"comment_status":"open","ping_status":"","sticky":false,"template":"","format":"standard","meta":{"_acf_changed":false,"footnotes":""},"categories":[1577,1578,1574,1575,1570,1576],"tags":[33608,33609,4939,2648,13739,5507,4279,13671,22495,22496,21947,43885,22499,2211,2212,21956,43886,43887,2032,1778,43888,21766,4288,43889,7110,2655,5225,5226,43890,43891,2125,3682,43892,43893,43894,43895,22511,22512,2133,1831,1962,13768,4132,4134,4135,43896,2148,22524,43897,43898,7124,2295,43899,23307,2242,2155,1837,21980],"class_list":["post-87454","post","type-post","status-publish","format-standard","has-post-thumbnail","hentry","category-afrika","category-amerikas","category-asien-pazifik","category-europa","category-luftfracht","category-naher-osten","tag-africa","tag-afrika","tag-afrique","tag-air-freight","tag-air-freight-traffic","tag-avions-cargo","tag-capacite-de-fret","tag-cargo-planes","tag-cargo-tonne-kilometer","tag-cargo-tonne-kilometers","tag-conditions-economiques","tag-connectivite-des-hubs","tag-deutsch-luftfrachtmarkt","tag-digital-transformation","tag-digitale-transformation","tag-economic-conditions","tag-effets-saisonniers","tag-flux-de-fret-international","tag-frachtflugzeuge","tag-frachtkapazitaet","tag-frachtleistung","tag-frachtraten","tag-freight-capacity","tag-freight-performance","tag-freight-rates","tag-fret-aerien","tag-geopolitical-tensions","tag-geopolitische-spannungen","tag-hub-connectivity","tag-hub-konnektivitaet","tag-industrie-du-transport","tag-infrastructure","tag-infrastructure-francais-marche-de-la-fret-aerien","tag-infrastruktur-english-air-freight-market","tag-international-freight-flows","tag-internationale-frachtstroeme","tag-jet-fuel-prices","tag-kerosinpreise","tag-logistics-service-providers","tag-logistikdienstleister","tag-luftfracht","tag-luftfrachtverkehr","tag-middle-east","tag-moyen-orient","tag-naher-osten","tag-performance-de-fret","tag-prestataires-de-services-logistiques","tag-prix-du-kerosene","tag-saisonale-effekte","tag-seasonal-effects","tag-tarifs-de-fret","tag-tensions-geopolitiques","tag-tonne-kilometre-de-fret","tag-trafic-de-fret-aerien","tag-transformation-numerique","tag-transport-industry","tag-transportwirtschaft","tag-wirtschaftliche-rahmenbedingungen"],"acf":[],"yoast_head":"<!-- This site is optimized with the Yoast SEO plugin v27.3 - https:\/\/yoast.com\/product\/yoast-seo-wordpress\/ -->\n<title>Luftfrachtmarkt sinkt global um 4,8% - ITJ | International Transport Journal<\/title>\n<meta name=\"robots\" content=\"index, follow, max-snippet:-1, max-image-preview:large, max-video-preview:-1\" \/>\n<link rel=\"canonical\" href=\"https:\/\/transportjournal.com\/de\/2026\/04\/30\/luftfrachtmarkt-sinkt-global-um-48\/\" \/>\n<meta property=\"og:locale\" content=\"de_DE\" \/>\n<meta property=\"og:type\" content=\"article\" \/>\n<meta property=\"og:title\" content=\"Luftfrachtmarkt sinkt global um 4,8% - ITJ | International Transport Journal\" \/>\n<meta property=\"og:description\" content=\"Die globale Nachfrage im Luftfrachtmarkt sank im M\u00e4rz 2026 um 4,8%, w\u00e4hrend Afrika ein Wachstum von 7% verzeichnete und der Nahe Osten stark zur\u00fcckging.\" \/>\n<meta property=\"og:url\" content=\"https:\/\/transportjournal.com\/de\/2026\/04\/30\/luftfrachtmarkt-sinkt-global-um-48\/\" \/>\n<meta property=\"og:site_name\" content=\"ITJ | International Transport Journal\" \/>\n<meta property=\"article:published_time\" content=\"2026-04-30T08:13:33+00:00\" \/>\n<meta property=\"article:modified_time\" content=\"2026-04-30T08:34:25+00:00\" \/>\n<meta property=\"og:image\" content=\"https:\/\/transportjournal.com\/wp-content\/uploads\/sites\/2\/2026\/04\/Screenshot-2026-04-30-102513-aspect-ratio-1400-788.png\" \/>\n\t<meta property=\"og:image:width\" content=\"405\" \/>\n\t<meta property=\"og:image:height\" content=\"228\" \/>\n\t<meta property=\"og:image:type\" content=\"image\/png\" \/>\n<meta name=\"author\" content=\"Andreas Haug\" \/>\n<meta name=\"twitter:card\" content=\"summary_large_image\" \/>\n<meta name=\"twitter:label1\" content=\"Verfasst von\" \/>\n\t<meta name=\"twitter:data1\" content=\"Andreas Haug\" \/>\n\t<meta name=\"twitter:label2\" content=\"Gesch\u00e4tzte Lesezeit\" \/>\n\t<meta name=\"twitter:data2\" content=\"2\u00a0Minute\" \/>\n<script type=\"application\/ld+json\" class=\"yoast-schema-graph\">{\"@context\":\"https:\\\/\\\/schema.org\",\"@graph\":[{\"@type\":\"Article\",\"@id\":\"https:\\\/\\\/transportjournal.com\\\/de\\\/2026\\\/04\\\/30\\\/luftfrachtmarkt-sinkt-global-um-48\\\/#article\",\"isPartOf\":{\"@id\":\"https:\\\/\\\/transportjournal.com\\\/de\\\/2026\\\/04\\\/30\\\/luftfrachtmarkt-sinkt-global-um-48\\\/\"},\"author\":{\"name\":\"Andreas Haug\",\"@id\":\"https:\\\/\\\/transportjournal.com\\\/de\\\/#\\\/schema\\\/person\\\/cf538b3157f15afd7589245a4b3dbd25\"},\"headline\":\"Katastrophaler Luftfrachtm\u00e4rz am Golf\",\"datePublished\":\"2026-04-30T08:13:33+00:00\",\"dateModified\":\"2026-04-30T08:34:25+00:00\",\"mainEntityOfPage\":{\"@id\":\"https:\\\/\\\/transportjournal.com\\\/de\\\/2026\\\/04\\\/30\\\/luftfrachtmarkt-sinkt-global-um-48\\\/\"},\"wordCount\":461,\"commentCount\":0,\"publisher\":{\"@id\":\"https:\\\/\\\/transportjournal.com\\\/de\\\/#organization\"},\"image\":{\"@id\":\"https:\\\/\\\/transportjournal.com\\\/de\\\/2026\\\/04\\\/30\\\/luftfrachtmarkt-sinkt-global-um-48\\\/#primaryimage\"},\"thumbnailUrl\":\"https:\\\/\\\/transportjournal.com\\\/wp-content\\\/uploads\\\/sites\\\/2\\\/2026\\\/04\\\/Screenshot-2026-04-30-102513-aspect-ratio-1400-788.png\",\"keywords\":[\"Africa\",\"Afrika\",\"Afrique\",\"air freight\",\"air freight traffic\",\"avions cargo\",\"capacit\u00e9 de fret\",\"cargo planes\",\"Cargo Tonne-Kilometer\",\"cargo tonne-kilometers\",\"conditions \u00e9conomiques\",\"connectivit\u00e9 des hubs\",\"Deutsch Luftfrachtmarkt\",\"digital transformation\",\"digitale Transformation\",\"economic conditions\",\"effets saisonniers\",\"flux de fret international\",\"Frachtflugzeuge\",\"Frachtkapazit\u00e4t\",\"Frachtleistung\",\"Frachtraten\",\"freight capacity\",\"freight performance\",\"freight rates\",\"fret a\u00e9rien\",\"geopolitical tensions\",\"geopolitische Spannungen\",\"hub connectivity\",\"Hub-Konnektivit\u00e4t\",\"industrie du transport\",\"infrastructure\",\"infrastructure Fran\u00e7ais march\u00e9 de la fret a\u00e9rien\",\"Infrastruktur English air freight market\",\"international freight flows\",\"internationale Frachtstr\u00f6me\",\"jet fuel prices\",\"Kerosinpreise\",\"logistics service providers\",\"Logistikdienstleister\",\"Luftfracht\",\"Luftfrachtverkehr\",\"Middle East\",\"Moyen-Orient\",\"Naher Osten\",\"performance de fret\",\"prestataires de services logistiques\",\"prix du k\u00e9ros\u00e8ne\",\"saisonale Effekte\",\"seasonal effects\",\"tarifs de fret\",\"tensions g\u00e9opolitiques\",\"tonne-kilom\u00e8tre de fret\",\"trafic de fret a\u00e9rien\",\"transformation num\u00e9rique\",\"transport industry\",\"Transportwirtschaft\",\"wirtschaftliche Rahmenbedingungen\"],\"articleSection\":[\"Afrika\",\"Amerikas\",\"Asien\\\/Pazifik\",\"Europa\",\"Luftfracht\",\"Naher Osten\"],\"inLanguage\":\"de\",\"potentialAction\":[{\"@type\":\"CommentAction\",\"name\":\"Comment\",\"target\":[\"https:\\\/\\\/transportjournal.com\\\/de\\\/2026\\\/04\\\/30\\\/luftfrachtmarkt-sinkt-global-um-48\\\/#respond\"]}]},{\"@type\":\"WebPage\",\"@id\":\"https:\\\/\\\/transportjournal.com\\\/de\\\/2026\\\/04\\\/30\\\/luftfrachtmarkt-sinkt-global-um-48\\\/\",\"url\":\"https:\\\/\\\/transportjournal.com\\\/de\\\/2026\\\/04\\\/30\\\/luftfrachtmarkt-sinkt-global-um-48\\\/\",\"name\":\"Luftfrachtmarkt sinkt global um 4,8% - ITJ | International Transport Journal\",\"isPartOf\":{\"@id\":\"https:\\\/\\\/transportjournal.com\\\/de\\\/#website\"},\"primaryImageOfPage\":{\"@id\":\"https:\\\/\\\/transportjournal.com\\\/de\\\/2026\\\/04\\\/30\\\/luftfrachtmarkt-sinkt-global-um-48\\\/#primaryimage\"},\"image\":{\"@id\":\"https:\\\/\\\/transportjournal.com\\\/de\\\/2026\\\/04\\\/30\\\/luftfrachtmarkt-sinkt-global-um-48\\\/#primaryimage\"},\"thumbnailUrl\":\"https:\\\/\\\/transportjournal.com\\\/wp-content\\\/uploads\\\/sites\\\/2\\\/2026\\\/04\\\/Screenshot-2026-04-30-102513-aspect-ratio-1400-788.png\",\"datePublished\":\"2026-04-30T08:13:33+00:00\",\"dateModified\":\"2026-04-30T08:34:25+00:00\",\"breadcrumb\":{\"@id\":\"https:\\\/\\\/transportjournal.com\\\/de\\\/2026\\\/04\\\/30\\\/luftfrachtmarkt-sinkt-global-um-48\\\/#breadcrumb\"},\"inLanguage\":\"de\",\"potentialAction\":[{\"@type\":\"ReadAction\",\"target\":[\"https:\\\/\\\/transportjournal.com\\\/de\\\/2026\\\/04\\\/30\\\/luftfrachtmarkt-sinkt-global-um-48\\\/\"]}]},{\"@type\":\"ImageObject\",\"inLanguage\":\"de\",\"@id\":\"https:\\\/\\\/transportjournal.com\\\/de\\\/2026\\\/04\\\/30\\\/luftfrachtmarkt-sinkt-global-um-48\\\/#primaryimage\",\"url\":\"https:\\\/\\\/transportjournal.com\\\/wp-content\\\/uploads\\\/sites\\\/2\\\/2026\\\/04\\\/Screenshot-2026-04-30-102513-aspect-ratio-1400-788.png\",\"contentUrl\":\"https:\\\/\\\/transportjournal.com\\\/wp-content\\\/uploads\\\/sites\\\/2\\\/2026\\\/04\\\/Screenshot-2026-04-30-102513-aspect-ratio-1400-788.png\",\"width\":405,\"height\":228},{\"@type\":\"BreadcrumbList\",\"@id\":\"https:\\\/\\\/transportjournal.com\\\/de\\\/2026\\\/04\\\/30\\\/luftfrachtmarkt-sinkt-global-um-48\\\/#breadcrumb\",\"itemListElement\":[{\"@type\":\"ListItem\",\"position\":1,\"name\":\"Startseite\",\"item\":\"https:\\\/\\\/transportjournal.com\\\/de\\\/\"},{\"@type\":\"ListItem\",\"position\":2,\"name\":\"Luftfrachtmarkt sinkt global um 4,8%\"}]},{\"@type\":\"WebSite\",\"@id\":\"https:\\\/\\\/transportjournal.com\\\/de\\\/#website\",\"url\":\"https:\\\/\\\/transportjournal.com\\\/de\\\/\",\"name\":\"ITJ | International Transport Journal\",\"description\":\"Stay informed with the latest global news from the transport, logistics, and supply chain industries. Transport Journal delivers expert insights, analysis, and updates across shipping, aviation, intermodal, and forwarding.\",\"publisher\":{\"@id\":\"https:\\\/\\\/transportjournal.com\\\/de\\\/#organization\"},\"potentialAction\":[{\"@type\":\"SearchAction\",\"target\":{\"@type\":\"EntryPoint\",\"urlTemplate\":\"https:\\\/\\\/transportjournal.com\\\/de\\\/?s={search_term_string}\"},\"query-input\":{\"@type\":\"PropertyValueSpecification\",\"valueRequired\":true,\"valueName\":\"search_term_string\"}}],\"inLanguage\":\"de\"},{\"@type\":\"Organization\",\"@id\":\"https:\\\/\\\/transportjournal.com\\\/de\\\/#organization\",\"name\":\"Groupe Logismedia AG\",\"alternateName\":\"Logismedia Group AG\",\"url\":\"https:\\\/\\\/transportjournal.com\\\/de\\\/\",\"logo\":{\"@type\":\"ImageObject\",\"inLanguage\":\"de\",\"@id\":\"https:\\\/\\\/transportjournal.com\\\/de\\\/#\\\/schema\\\/logo\\\/image\\\/\",\"url\":\"https:\\\/\\\/transportjournal.com\\\/wp-content\\\/uploads\\\/sites\\\/2\\\/2025\\\/09\\\/Logo_ITJ.png\",\"contentUrl\":\"https:\\\/\\\/transportjournal.com\\\/wp-content\\\/uploads\\\/sites\\\/2\\\/2025\\\/09\\\/Logo_ITJ.png\",\"width\":799,\"height\":326,\"caption\":\"Groupe Logismedia AG\"},\"image\":{\"@id\":\"https:\\\/\\\/transportjournal.com\\\/de\\\/#\\\/schema\\\/logo\\\/image\\\/\"},\"sameAs\":[\"https:\\\/\\\/www.linkedin.com\\\/company\\\/56456496\\\/admin\\\/dashboard\\\/\",\"https:\\\/\\\/www.instagram.com\\\/logismediagroup\\\/\",\"https:\\\/\\\/www.youtube.com\\\/@LogiamediaGroupAG\"]},{\"@type\":\"Person\",\"@id\":\"https:\\\/\\\/transportjournal.com\\\/de\\\/#\\\/schema\\\/person\\\/cf538b3157f15afd7589245a4b3dbd25\",\"name\":\"Andreas Haug\",\"url\":\"https:\\\/\\\/transportjournal.com\\\/de\\\/author\\\/andreas\\\/\"}]}<\/script>\n<!-- \/ Yoast SEO plugin. -->","yoast_head_json":{"title":"Luftfrachtmarkt sinkt global um 4,8% - ITJ | International Transport Journal","robots":{"index":"index","follow":"follow","max-snippet":"max-snippet:-1","max-image-preview":"max-image-preview:large","max-video-preview":"max-video-preview:-1"},"canonical":"https:\/\/transportjournal.com\/de\/2026\/04\/30\/luftfrachtmarkt-sinkt-global-um-48\/","og_locale":"de_DE","og_type":"article","og_title":"Luftfrachtmarkt sinkt global um 4,8% - ITJ | International Transport Journal","og_description":"Die globale Nachfrage im Luftfrachtmarkt sank im M\u00e4rz 2026 um 4,8%, w\u00e4hrend Afrika ein Wachstum von 7% verzeichnete und der Nahe Osten stark zur\u00fcckging.","og_url":"https:\/\/transportjournal.com\/de\/2026\/04\/30\/luftfrachtmarkt-sinkt-global-um-48\/","og_site_name":"ITJ | International Transport Journal","article_published_time":"2026-04-30T08:13:33+00:00","article_modified_time":"2026-04-30T08:34:25+00:00","og_image":[{"width":405,"height":228,"url":"https:\/\/transportjournal.com\/wp-content\/uploads\/sites\/2\/2026\/04\/Screenshot-2026-04-30-102513-aspect-ratio-1400-788.png","type":"image\/png"}],"author":"Andreas Haug","twitter_card":"summary_large_image","twitter_misc":{"Verfasst von":"Andreas Haug","Gesch\u00e4tzte Lesezeit":"2\u00a0Minute"},"schema":{"@context":"https:\/\/schema.org","@graph":[{"@type":"Article","@id":"https:\/\/transportjournal.com\/de\/2026\/04\/30\/luftfrachtmarkt-sinkt-global-um-48\/#article","isPartOf":{"@id":"https:\/\/transportjournal.com\/de\/2026\/04\/30\/luftfrachtmarkt-sinkt-global-um-48\/"},"author":{"name":"Andreas Haug","@id":"https:\/\/transportjournal.com\/de\/#\/schema\/person\/cf538b3157f15afd7589245a4b3dbd25"},"headline":"Katastrophaler Luftfrachtm\u00e4rz am Golf","datePublished":"2026-04-30T08:13:33+00:00","dateModified":"2026-04-30T08:34:25+00:00","mainEntityOfPage":{"@id":"https:\/\/transportjournal.com\/de\/2026\/04\/30\/luftfrachtmarkt-sinkt-global-um-48\/"},"wordCount":461,"commentCount":0,"publisher":{"@id":"https:\/\/transportjournal.com\/de\/#organization"},"image":{"@id":"https:\/\/transportjournal.com\/de\/2026\/04\/30\/luftfrachtmarkt-sinkt-global-um-48\/#primaryimage"},"thumbnailUrl":"https:\/\/transportjournal.com\/wp-content\/uploads\/sites\/2\/2026\/04\/Screenshot-2026-04-30-102513-aspect-ratio-1400-788.png","keywords":["Africa","Afrika","Afrique","air freight","air freight traffic","avions cargo","capacit\u00e9 de fret","cargo planes","Cargo Tonne-Kilometer","cargo tonne-kilometers","conditions \u00e9conomiques","connectivit\u00e9 des hubs","Deutsch Luftfrachtmarkt","digital transformation","digitale Transformation","economic conditions","effets saisonniers","flux de fret international","Frachtflugzeuge","Frachtkapazit\u00e4t","Frachtleistung","Frachtraten","freight capacity","freight performance","freight rates","fret a\u00e9rien","geopolitical tensions","geopolitische Spannungen","hub connectivity","Hub-Konnektivit\u00e4t","industrie du transport","infrastructure","infrastructure Fran\u00e7ais march\u00e9 de la fret a\u00e9rien","Infrastruktur English air freight market","international freight flows","internationale Frachtstr\u00f6me","jet fuel prices","Kerosinpreise","logistics service providers","Logistikdienstleister","Luftfracht","Luftfrachtverkehr","Middle East","Moyen-Orient","Naher Osten","performance de fret","prestataires de services logistiques","prix du k\u00e9ros\u00e8ne","saisonale Effekte","seasonal effects","tarifs de fret","tensions g\u00e9opolitiques","tonne-kilom\u00e8tre de fret","trafic de fret a\u00e9rien","transformation num\u00e9rique","transport industry","Transportwirtschaft","wirtschaftliche Rahmenbedingungen"],"articleSection":["Afrika","Amerikas","Asien\/Pazifik","Europa","Luftfracht","Naher Osten"],"inLanguage":"de","potentialAction":[{"@type":"CommentAction","name":"Comment","target":["https:\/\/transportjournal.com\/de\/2026\/04\/30\/luftfrachtmarkt-sinkt-global-um-48\/#respond"]}]},{"@type":"WebPage","@id":"https:\/\/transportjournal.com\/de\/2026\/04\/30\/luftfrachtmarkt-sinkt-global-um-48\/","url":"https:\/\/transportjournal.com\/de\/2026\/04\/30\/luftfrachtmarkt-sinkt-global-um-48\/","name":"Luftfrachtmarkt sinkt global um 4,8% - ITJ | International Transport Journal","isPartOf":{"@id":"https:\/\/transportjournal.com\/de\/#website"},"primaryImageOfPage":{"@id":"https:\/\/transportjournal.com\/de\/2026\/04\/30\/luftfrachtmarkt-sinkt-global-um-48\/#primaryimage"},"image":{"@id":"https:\/\/transportjournal.com\/de\/2026\/04\/30\/luftfrachtmarkt-sinkt-global-um-48\/#primaryimage"},"thumbnailUrl":"https:\/\/transportjournal.com\/wp-content\/uploads\/sites\/2\/2026\/04\/Screenshot-2026-04-30-102513-aspect-ratio-1400-788.png","datePublished":"2026-04-30T08:13:33+00:00","dateModified":"2026-04-30T08:34:25+00:00","breadcrumb":{"@id":"https:\/\/transportjournal.com\/de\/2026\/04\/30\/luftfrachtmarkt-sinkt-global-um-48\/#breadcrumb"},"inLanguage":"de","potentialAction":[{"@type":"ReadAction","target":["https:\/\/transportjournal.com\/de\/2026\/04\/30\/luftfrachtmarkt-sinkt-global-um-48\/"]}]},{"@type":"ImageObject","inLanguage":"de","@id":"https:\/\/transportjournal.com\/de\/2026\/04\/30\/luftfrachtmarkt-sinkt-global-um-48\/#primaryimage","url":"https:\/\/transportjournal.com\/wp-content\/uploads\/sites\/2\/2026\/04\/Screenshot-2026-04-30-102513-aspect-ratio-1400-788.png","contentUrl":"https:\/\/transportjournal.com\/wp-content\/uploads\/sites\/2\/2026\/04\/Screenshot-2026-04-30-102513-aspect-ratio-1400-788.png","width":405,"height":228},{"@type":"BreadcrumbList","@id":"https:\/\/transportjournal.com\/de\/2026\/04\/30\/luftfrachtmarkt-sinkt-global-um-48\/#breadcrumb","itemListElement":[{"@type":"ListItem","position":1,"name":"Startseite","item":"https:\/\/transportjournal.com\/de\/"},{"@type":"ListItem","position":2,"name":"Luftfrachtmarkt sinkt global um 4,8%"}]},{"@type":"WebSite","@id":"https:\/\/transportjournal.com\/de\/#website","url":"https:\/\/transportjournal.com\/de\/","name":"ITJ | International Transport Journal","description":"Stay informed with the latest global news from the transport, logistics, and supply chain industries. Transport Journal delivers expert insights, analysis, and updates across shipping, aviation, intermodal, and forwarding.","publisher":{"@id":"https:\/\/transportjournal.com\/de\/#organization"},"potentialAction":[{"@type":"SearchAction","target":{"@type":"EntryPoint","urlTemplate":"https:\/\/transportjournal.com\/de\/?s={search_term_string}"},"query-input":{"@type":"PropertyValueSpecification","valueRequired":true,"valueName":"search_term_string"}}],"inLanguage":"de"},{"@type":"Organization","@id":"https:\/\/transportjournal.com\/de\/#organization","name":"Groupe Logismedia AG","alternateName":"Logismedia Group AG","url":"https:\/\/transportjournal.com\/de\/","logo":{"@type":"ImageObject","inLanguage":"de","@id":"https:\/\/transportjournal.com\/de\/#\/schema\/logo\/image\/","url":"https:\/\/transportjournal.com\/wp-content\/uploads\/sites\/2\/2025\/09\/Logo_ITJ.png","contentUrl":"https:\/\/transportjournal.com\/wp-content\/uploads\/sites\/2\/2025\/09\/Logo_ITJ.png","width":799,"height":326,"caption":"Groupe Logismedia AG"},"image":{"@id":"https:\/\/transportjournal.com\/de\/#\/schema\/logo\/image\/"},"sameAs":["https:\/\/www.linkedin.com\/company\/56456496\/admin\/dashboard\/","https:\/\/www.instagram.com\/logismediagroup\/","https:\/\/www.youtube.com\/@LogiamediaGroupAG"]},{"@type":"Person","@id":"https:\/\/transportjournal.com\/de\/#\/schema\/person\/cf538b3157f15afd7589245a4b3dbd25","name":"Andreas Haug","url":"https:\/\/transportjournal.com\/de\/author\/andreas\/"}]}},"_links":{"self":[{"href":"https:\/\/transportjournal.com\/de\/wp-json\/wp\/v2\/posts\/87454","targetHints":{"allow":["GET"]}}],"collection":[{"href":"https:\/\/transportjournal.com\/de\/wp-json\/wp\/v2\/posts"}],"about":[{"href":"https:\/\/transportjournal.com\/de\/wp-json\/wp\/v2\/types\/post"}],"author":[{"embeddable":true,"href":"https:\/\/transportjournal.com\/de\/wp-json\/wp\/v2\/users\/12"}],"replies":[{"embeddable":true,"href":"https:\/\/transportjournal.com\/de\/wp-json\/wp\/v2\/comments?post=87454"}],"version-history":[{"count":2,"href":"https:\/\/transportjournal.com\/de\/wp-json\/wp\/v2\/posts\/87454\/revisions"}],"predecessor-version":[{"id":87468,"href":"https:\/\/transportjournal.com\/de\/wp-json\/wp\/v2\/posts\/87454\/revisions\/87468"}],"wp:featuredmedia":[{"embeddable":true,"href":"https:\/\/transportjournal.com\/de\/wp-json\/wp\/v2\/media\/87453"}],"wp:attachment":[{"href":"https:\/\/transportjournal.com\/de\/wp-json\/wp\/v2\/media?parent=87454"}],"wp:term":[{"taxonomy":"category","embeddable":true,"href":"https:\/\/transportjournal.com\/de\/wp-json\/wp\/v2\/categories?post=87454"},{"taxonomy":"post_tag","embeddable":true,"href":"https:\/\/transportjournal.com\/de\/wp-json\/wp\/v2\/tags?post=87454"}],"curies":[{"name":"wp","href":"https:\/\/api.w.org\/{rel}","templated":true}]}}