{"id":87446,"date":"2026-04-30T08:03:31","date_gmt":"2026-04-30T08:03:31","guid":{"rendered":"https:\/\/transportjournal.com\/2026\/04\/30\/wiese-und-saf-entwickeln-forstfahrzeugkonzept\/"},"modified":"2026-04-30T08:03:31","modified_gmt":"2026-04-30T08:03:31","slug":"wiese-und-saf-entwickeln-forstfahrzeugkonzept","status":"publish","type":"post","link":"https:\/\/transportjournal.com\/de\/2026\/04\/30\/wiese-und-saf-entwickeln-forstfahrzeugkonzept\/","title":{"rendered":"WIESE und SAF entwickeln Forstfahrzeugkonzept"},"content":{"rendered":"<p>WIESE Fahrzeugbau hat in Kooperation mit SAF-HOLLAND ein neues Fahrzeugkonzept f\u00fcr den Forsteinsatz entwickelt. Der Fokus liegt auf einem 2-Achs-Abrollkipper, der mit zwei zwangsgelenkten SAF Trailerachsen ausgestattet ist. Diese Konstruktion soll die Wendigkeit auf engen Waldwegen verbessern. Die Entwicklung wurde in Zusammenarbeit mit dem \u00f6sterreichischen Forstunternehmer Johannes Suntinger realisiert, wie SAF Holland mitteilt.<\/p>\n<p>Die Anforderungen, die der Transport von Hackschnitzeln aus dem Wald an die Fahrzeuge stellt, waren der Ausgangspunkt f\u00fcr die Entwicklung dieses Spezialfahrzeugs. Die Kombination aus den zwangsgelenkten Lenkachsen von SAF und dem elektrohydraulischen Lenksystem VSE Advanced Steering soll nach Herstellerangaben eine verbesserte Man\u00f6vrierf\u00e4higkeit erm\u00f6glichen. Ausserdem soll nicht nur eine Reduzierung des Reifenverschleisses erreicht werden, sondern auch die Wirtschaftlichkeit im Einsatz gesteigert werden. Das Fahrzeug ist zudem mit einem 50-m\u00b3-Abrollcontainer ausgestattet.<\/p>\n<p><a href=\"https:\/\/safholland.com\/\" target=\"_blank\" rel=\"noopener noreferrer\">www.safholland.com<\/a><\/p>\n","protected":false},"excerpt":{"rendered":"<p>WIESE Fahrzeugbau und SAF-HOLLAND haben gemeinsam einen 2-Achs-Abrollkipper f\u00fcr den Forsteinsatz entwickelt, der die Wendigkeit auf engen Waldwegen verbessern soll.<\/p>\n","protected":false},"author":10,"featured_media":87445,"comment_status":"open","ping_status":"","sticky":false,"template":"","format":"standard","meta":{"_acf_changed":false,"footnotes":""},"categories":[1575,1568],"tags":[],"class_list":["post-87446","post","type-post","status-publish","format-standard","has-post-thumbnail","hentry","category-europa","category-bahn-binnenschifffahrt-strasse"],"acf":[],"yoast_head":"<!-- This site is optimized with the Yoast SEO plugin v27.3 - https:\/\/yoast.com\/product\/yoast-seo-wordpress\/ -->\n<title>WIESE und SAF entwickeln Forstfahrzeugkonzept - ITJ | International Transport Journal<\/title>\n<meta name=\"robots\" content=\"index, follow, max-snippet:-1, max-image-preview:large, max-video-preview:-1\" \/>\n<link rel=\"canonical\" href=\"https:\/\/transportjournal.com\/de\/2026\/04\/30\/wiese-und-saf-entwickeln-forstfahrzeugkonzept\/\" \/>\n<meta property=\"og:locale\" content=\"de_DE\" \/>\n<meta property=\"og:type\" content=\"article\" \/>\n<meta property=\"og:title\" content=\"WIESE und SAF entwickeln Forstfahrzeugkonzept - ITJ | International Transport Journal\" \/>\n<meta property=\"og:description\" content=\"WIESE Fahrzeugbau und SAF-HOLLAND haben gemeinsam einen 2-Achs-Abrollkipper f\u00fcr den Forsteinsatz entwickelt, der die Wendigkeit auf engen Waldwegen verbessern soll.\" \/>\n<meta property=\"og:url\" content=\"https:\/\/transportjournal.com\/de\/2026\/04\/30\/wiese-und-saf-entwickeln-forstfahrzeugkonzept\/\" \/>\n<meta property=\"og:site_name\" content=\"ITJ | International Transport Journal\" \/>\n<meta property=\"article:published_time\" content=\"2026-04-30T08:03:31+00:00\" \/>\n<meta property=\"og:image\" content=\"https:\/\/transportjournal.com\/wp-content\/uploads\/sites\/2\/2026\/04\/SAF-HOLLAND_Referenz_WIESE_3-aspect-ratio-1400-788.jpg\" \/>\n\t<meta property=\"og:image:width\" content=\"2318\" \/>\n\t<meta property=\"og:image:height\" content=\"1305\" \/>\n\t<meta property=\"og:image:type\" content=\"image\/jpeg\" \/>\n<meta name=\"author\" content=\"Jeremy Soland\" \/>\n<meta name=\"twitter:card\" content=\"summary_large_image\" \/>\n<meta name=\"twitter:label1\" content=\"Verfasst von\" \/>\n\t<meta name=\"twitter:data1\" content=\"Jeremy Soland\" \/>\n\t<meta name=\"twitter:label2\" content=\"Gesch\u00e4tzte Lesezeit\" \/>\n\t<meta name=\"twitter:data2\" content=\"1\u00a0Minute\" \/>\n<script type=\"application\/ld+json\" class=\"yoast-schema-graph\">{\"@context\":\"https:\\\/\\\/schema.org\",\"@graph\":[{\"@type\":\"Article\",\"@id\":\"https:\\\/\\\/transportjournal.com\\\/de\\\/2026\\\/04\\\/30\\\/wiese-und-saf-entwickeln-forstfahrzeugkonzept\\\/#article\",\"isPartOf\":{\"@id\":\"https:\\\/\\\/transportjournal.com\\\/de\\\/2026\\\/04\\\/30\\\/wiese-und-saf-entwickeln-forstfahrzeugkonzept\\\/\"},\"author\":{\"name\":\"Jeremy Soland\",\"@id\":\"https:\\\/\\\/transportjournal.com\\\/de\\\/#\\\/schema\\\/person\\\/41d36b5474b623392fa613e97e2363fa\"},\"headline\":\"WIESE und SAF entwickeln Forstfahrzeugkonzept\",\"datePublished\":\"2026-04-30T08:03:31+00:00\",\"mainEntityOfPage\":{\"@id\":\"https:\\\/\\\/transportjournal.com\\\/de\\\/2026\\\/04\\\/30\\\/wiese-und-saf-entwickeln-forstfahrzeugkonzept\\\/\"},\"wordCount\":137,\"commentCount\":0,\"publisher\":{\"@id\":\"https:\\\/\\\/transportjournal.com\\\/de\\\/#organization\"},\"image\":{\"@id\":\"https:\\\/\\\/transportjournal.com\\\/de\\\/2026\\\/04\\\/30\\\/wiese-und-saf-entwickeln-forstfahrzeugkonzept\\\/#primaryimage\"},\"thumbnailUrl\":\"https:\\\/\\\/transportjournal.com\\\/wp-content\\\/uploads\\\/sites\\\/2\\\/2026\\\/04\\\/SAF-HOLLAND_Referenz_WIESE_3-aspect-ratio-1400-788.jpg\",\"articleSection\":[\"Europa\",\"Intermodal \\\/ Stra\u00dfe\"],\"inLanguage\":\"de\",\"potentialAction\":[{\"@type\":\"CommentAction\",\"name\":\"Comment\",\"target\":[\"https:\\\/\\\/transportjournal.com\\\/de\\\/2026\\\/04\\\/30\\\/wiese-und-saf-entwickeln-forstfahrzeugkonzept\\\/#respond\"]}]},{\"@type\":\"WebPage\",\"@id\":\"https:\\\/\\\/transportjournal.com\\\/de\\\/2026\\\/04\\\/30\\\/wiese-und-saf-entwickeln-forstfahrzeugkonzept\\\/\",\"url\":\"https:\\\/\\\/transportjournal.com\\\/de\\\/2026\\\/04\\\/30\\\/wiese-und-saf-entwickeln-forstfahrzeugkonzept\\\/\",\"name\":\"WIESE und SAF entwickeln Forstfahrzeugkonzept - ITJ | International Transport Journal\",\"isPartOf\":{\"@id\":\"https:\\\/\\\/transportjournal.com\\\/de\\\/#website\"},\"primaryImageOfPage\":{\"@id\":\"https:\\\/\\\/transportjournal.com\\\/de\\\/2026\\\/04\\\/30\\\/wiese-und-saf-entwickeln-forstfahrzeugkonzept\\\/#primaryimage\"},\"image\":{\"@id\":\"https:\\\/\\\/transportjournal.com\\\/de\\\/2026\\\/04\\\/30\\\/wiese-und-saf-entwickeln-forstfahrzeugkonzept\\\/#primaryimage\"},\"thumbnailUrl\":\"https:\\\/\\\/transportjournal.com\\\/wp-content\\\/uploads\\\/sites\\\/2\\\/2026\\\/04\\\/SAF-HOLLAND_Referenz_WIESE_3-aspect-ratio-1400-788.jpg\",\"datePublished\":\"2026-04-30T08:03:31+00:00\",\"breadcrumb\":{\"@id\":\"https:\\\/\\\/transportjournal.com\\\/de\\\/2026\\\/04\\\/30\\\/wiese-und-saf-entwickeln-forstfahrzeugkonzept\\\/#breadcrumb\"},\"inLanguage\":\"de\",\"potentialAction\":[{\"@type\":\"ReadAction\",\"target\":[\"https:\\\/\\\/transportjournal.com\\\/de\\\/2026\\\/04\\\/30\\\/wiese-und-saf-entwickeln-forstfahrzeugkonzept\\\/\"]}]},{\"@type\":\"ImageObject\",\"inLanguage\":\"de\",\"@id\":\"https:\\\/\\\/transportjournal.com\\\/de\\\/2026\\\/04\\\/30\\\/wiese-und-saf-entwickeln-forstfahrzeugkonzept\\\/#primaryimage\",\"url\":\"https:\\\/\\\/transportjournal.com\\\/wp-content\\\/uploads\\\/sites\\\/2\\\/2026\\\/04\\\/SAF-HOLLAND_Referenz_WIESE_3-aspect-ratio-1400-788.jpg\",\"contentUrl\":\"https:\\\/\\\/transportjournal.com\\\/wp-content\\\/uploads\\\/sites\\\/2\\\/2026\\\/04\\\/SAF-HOLLAND_Referenz_WIESE_3-aspect-ratio-1400-788.jpg\",\"width\":2318,\"height\":1305},{\"@type\":\"BreadcrumbList\",\"@id\":\"https:\\\/\\\/transportjournal.com\\\/de\\\/2026\\\/04\\\/30\\\/wiese-und-saf-entwickeln-forstfahrzeugkonzept\\\/#breadcrumb\",\"itemListElement\":[{\"@type\":\"ListItem\",\"position\":1,\"name\":\"Startseite\",\"item\":\"https:\\\/\\\/transportjournal.com\\\/de\\\/\"},{\"@type\":\"ListItem\",\"position\":2,\"name\":\"WIESE und SAF entwickeln Forstfahrzeugkonzept\"}]},{\"@type\":\"WebSite\",\"@id\":\"https:\\\/\\\/transportjournal.com\\\/de\\\/#website\",\"url\":\"https:\\\/\\\/transportjournal.com\\\/de\\\/\",\"name\":\"ITJ | International Transport Journal\",\"description\":\"Stay informed with the latest global news from the transport, logistics, and supply chain industries. Transport Journal delivers expert insights, analysis, and updates across shipping, aviation, intermodal, and forwarding.\",\"publisher\":{\"@id\":\"https:\\\/\\\/transportjournal.com\\\/de\\\/#organization\"},\"potentialAction\":[{\"@type\":\"SearchAction\",\"target\":{\"@type\":\"EntryPoint\",\"urlTemplate\":\"https:\\\/\\\/transportjournal.com\\\/de\\\/?s={search_term_string}\"},\"query-input\":{\"@type\":\"PropertyValueSpecification\",\"valueRequired\":true,\"valueName\":\"search_term_string\"}}],\"inLanguage\":\"de\"},{\"@type\":\"Organization\",\"@id\":\"https:\\\/\\\/transportjournal.com\\\/de\\\/#organization\",\"name\":\"Groupe Logismedia AG\",\"alternateName\":\"Logismedia Group AG\",\"url\":\"https:\\\/\\\/transportjournal.com\\\/de\\\/\",\"logo\":{\"@type\":\"ImageObject\",\"inLanguage\":\"de\",\"@id\":\"https:\\\/\\\/transportjournal.com\\\/de\\\/#\\\/schema\\\/logo\\\/image\\\/\",\"url\":\"https:\\\/\\\/transportjournal.com\\\/wp-content\\\/uploads\\\/sites\\\/2\\\/2025\\\/09\\\/Logo_ITJ.png\",\"contentUrl\":\"https:\\\/\\\/transportjournal.com\\\/wp-content\\\/uploads\\\/sites\\\/2\\\/2025\\\/09\\\/Logo_ITJ.png\",\"width\":799,\"height\":326,\"caption\":\"Groupe Logismedia AG\"},\"image\":{\"@id\":\"https:\\\/\\\/transportjournal.com\\\/de\\\/#\\\/schema\\\/logo\\\/image\\\/\"},\"sameAs\":[\"https:\\\/\\\/www.linkedin.com\\\/company\\\/56456496\\\/admin\\\/dashboard\\\/\",\"https:\\\/\\\/www.instagram.com\\\/logismediagroup\\\/\",\"https:\\\/\\\/www.youtube.com\\\/@LogiamediaGroupAG\"]},{\"@type\":\"Person\",\"@id\":\"https:\\\/\\\/transportjournal.com\\\/de\\\/#\\\/schema\\\/person\\\/41d36b5474b623392fa613e97e2363fa\",\"name\":\"Jeremy Soland\",\"url\":\"https:\\\/\\\/transportjournal.com\\\/de\\\/author\\\/jeremy\\\/\"}]}<\/script>\n<!-- \/ Yoast SEO plugin. -->","yoast_head_json":{"title":"WIESE und SAF entwickeln Forstfahrzeugkonzept - ITJ | International Transport Journal","robots":{"index":"index","follow":"follow","max-snippet":"max-snippet:-1","max-image-preview":"max-image-preview:large","max-video-preview":"max-video-preview:-1"},"canonical":"https:\/\/transportjournal.com\/de\/2026\/04\/30\/wiese-und-saf-entwickeln-forstfahrzeugkonzept\/","og_locale":"de_DE","og_type":"article","og_title":"WIESE und SAF entwickeln Forstfahrzeugkonzept - ITJ | International Transport Journal","og_description":"WIESE Fahrzeugbau und SAF-HOLLAND haben gemeinsam einen 2-Achs-Abrollkipper f\u00fcr den Forsteinsatz entwickelt, der die Wendigkeit auf engen Waldwegen verbessern soll.","og_url":"https:\/\/transportjournal.com\/de\/2026\/04\/30\/wiese-und-saf-entwickeln-forstfahrzeugkonzept\/","og_site_name":"ITJ | International Transport Journal","article_published_time":"2026-04-30T08:03:31+00:00","og_image":[{"width":2318,"height":1305,"url":"https:\/\/transportjournal.com\/wp-content\/uploads\/sites\/2\/2026\/04\/SAF-HOLLAND_Referenz_WIESE_3-aspect-ratio-1400-788.jpg","type":"image\/jpeg"}],"author":"Jeremy Soland","twitter_card":"summary_large_image","twitter_misc":{"Verfasst von":"Jeremy Soland","Gesch\u00e4tzte Lesezeit":"1\u00a0Minute"},"schema":{"@context":"https:\/\/schema.org","@graph":[{"@type":"Article","@id":"https:\/\/transportjournal.com\/de\/2026\/04\/30\/wiese-und-saf-entwickeln-forstfahrzeugkonzept\/#article","isPartOf":{"@id":"https:\/\/transportjournal.com\/de\/2026\/04\/30\/wiese-und-saf-entwickeln-forstfahrzeugkonzept\/"},"author":{"name":"Jeremy Soland","@id":"https:\/\/transportjournal.com\/de\/#\/schema\/person\/41d36b5474b623392fa613e97e2363fa"},"headline":"WIESE und SAF entwickeln Forstfahrzeugkonzept","datePublished":"2026-04-30T08:03:31+00:00","mainEntityOfPage":{"@id":"https:\/\/transportjournal.com\/de\/2026\/04\/30\/wiese-und-saf-entwickeln-forstfahrzeugkonzept\/"},"wordCount":137,"commentCount":0,"publisher":{"@id":"https:\/\/transportjournal.com\/de\/#organization"},"image":{"@id":"https:\/\/transportjournal.com\/de\/2026\/04\/30\/wiese-und-saf-entwickeln-forstfahrzeugkonzept\/#primaryimage"},"thumbnailUrl":"https:\/\/transportjournal.com\/wp-content\/uploads\/sites\/2\/2026\/04\/SAF-HOLLAND_Referenz_WIESE_3-aspect-ratio-1400-788.jpg","articleSection":["Europa","Intermodal \/ Stra\u00dfe"],"inLanguage":"de","potentialAction":[{"@type":"CommentAction","name":"Comment","target":["https:\/\/transportjournal.com\/de\/2026\/04\/30\/wiese-und-saf-entwickeln-forstfahrzeugkonzept\/#respond"]}]},{"@type":"WebPage","@id":"https:\/\/transportjournal.com\/de\/2026\/04\/30\/wiese-und-saf-entwickeln-forstfahrzeugkonzept\/","url":"https:\/\/transportjournal.com\/de\/2026\/04\/30\/wiese-und-saf-entwickeln-forstfahrzeugkonzept\/","name":"WIESE und SAF entwickeln Forstfahrzeugkonzept - ITJ | International Transport Journal","isPartOf":{"@id":"https:\/\/transportjournal.com\/de\/#website"},"primaryImageOfPage":{"@id":"https:\/\/transportjournal.com\/de\/2026\/04\/30\/wiese-und-saf-entwickeln-forstfahrzeugkonzept\/#primaryimage"},"image":{"@id":"https:\/\/transportjournal.com\/de\/2026\/04\/30\/wiese-und-saf-entwickeln-forstfahrzeugkonzept\/#primaryimage"},"thumbnailUrl":"https:\/\/transportjournal.com\/wp-content\/uploads\/sites\/2\/2026\/04\/SAF-HOLLAND_Referenz_WIESE_3-aspect-ratio-1400-788.jpg","datePublished":"2026-04-30T08:03:31+00:00","breadcrumb":{"@id":"https:\/\/transportjournal.com\/de\/2026\/04\/30\/wiese-und-saf-entwickeln-forstfahrzeugkonzept\/#breadcrumb"},"inLanguage":"de","potentialAction":[{"@type":"ReadAction","target":["https:\/\/transportjournal.com\/de\/2026\/04\/30\/wiese-und-saf-entwickeln-forstfahrzeugkonzept\/"]}]},{"@type":"ImageObject","inLanguage":"de","@id":"https:\/\/transportjournal.com\/de\/2026\/04\/30\/wiese-und-saf-entwickeln-forstfahrzeugkonzept\/#primaryimage","url":"https:\/\/transportjournal.com\/wp-content\/uploads\/sites\/2\/2026\/04\/SAF-HOLLAND_Referenz_WIESE_3-aspect-ratio-1400-788.jpg","contentUrl":"https:\/\/transportjournal.com\/wp-content\/uploads\/sites\/2\/2026\/04\/SAF-HOLLAND_Referenz_WIESE_3-aspect-ratio-1400-788.jpg","width":2318,"height":1305},{"@type":"BreadcrumbList","@id":"https:\/\/transportjournal.com\/de\/2026\/04\/30\/wiese-und-saf-entwickeln-forstfahrzeugkonzept\/#breadcrumb","itemListElement":[{"@type":"ListItem","position":1,"name":"Startseite","item":"https:\/\/transportjournal.com\/de\/"},{"@type":"ListItem","position":2,"name":"WIESE und SAF entwickeln Forstfahrzeugkonzept"}]},{"@type":"WebSite","@id":"https:\/\/transportjournal.com\/de\/#website","url":"https:\/\/transportjournal.com\/de\/","name":"ITJ | International Transport Journal","description":"Stay informed with the latest global news from the transport, logistics, and supply chain industries. Transport Journal delivers expert insights, analysis, and updates across shipping, aviation, intermodal, and forwarding.","publisher":{"@id":"https:\/\/transportjournal.com\/de\/#organization"},"potentialAction":[{"@type":"SearchAction","target":{"@type":"EntryPoint","urlTemplate":"https:\/\/transportjournal.com\/de\/?s={search_term_string}"},"query-input":{"@type":"PropertyValueSpecification","valueRequired":true,"valueName":"search_term_string"}}],"inLanguage":"de"},{"@type":"Organization","@id":"https:\/\/transportjournal.com\/de\/#organization","name":"Groupe Logismedia AG","alternateName":"Logismedia Group AG","url":"https:\/\/transportjournal.com\/de\/","logo":{"@type":"ImageObject","inLanguage":"de","@id":"https:\/\/transportjournal.com\/de\/#\/schema\/logo\/image\/","url":"https:\/\/transportjournal.com\/wp-content\/uploads\/sites\/2\/2025\/09\/Logo_ITJ.png","contentUrl":"https:\/\/transportjournal.com\/wp-content\/uploads\/sites\/2\/2025\/09\/Logo_ITJ.png","width":799,"height":326,"caption":"Groupe Logismedia AG"},"image":{"@id":"https:\/\/transportjournal.com\/de\/#\/schema\/logo\/image\/"},"sameAs":["https:\/\/www.linkedin.com\/company\/56456496\/admin\/dashboard\/","https:\/\/www.instagram.com\/logismediagroup\/","https:\/\/www.youtube.com\/@LogiamediaGroupAG"]},{"@type":"Person","@id":"https:\/\/transportjournal.com\/de\/#\/schema\/person\/41d36b5474b623392fa613e97e2363fa","name":"Jeremy Soland","url":"https:\/\/transportjournal.com\/de\/author\/jeremy\/"}]}},"_links":{"self":[{"href":"https:\/\/transportjournal.com\/de\/wp-json\/wp\/v2\/posts\/87446","targetHints":{"allow":["GET"]}}],"collection":[{"href":"https:\/\/transportjournal.com\/de\/wp-json\/wp\/v2\/posts"}],"about":[{"href":"https:\/\/transportjournal.com\/de\/wp-json\/wp\/v2\/types\/post"}],"author":[{"embeddable":true,"href":"https:\/\/transportjournal.com\/de\/wp-json\/wp\/v2\/users\/10"}],"replies":[{"embeddable":true,"href":"https:\/\/transportjournal.com\/de\/wp-json\/wp\/v2\/comments?post=87446"}],"version-history":[{"count":0,"href":"https:\/\/transportjournal.com\/de\/wp-json\/wp\/v2\/posts\/87446\/revisions"}],"wp:featuredmedia":[{"embeddable":true,"href":"https:\/\/transportjournal.com\/de\/wp-json\/wp\/v2\/media\/87445"}],"wp:attachment":[{"href":"https:\/\/transportjournal.com\/de\/wp-json\/wp\/v2\/media?parent=87446"}],"wp:term":[{"taxonomy":"category","embeddable":true,"href":"https:\/\/transportjournal.com\/de\/wp-json\/wp\/v2\/categories?post=87446"},{"taxonomy":"post_tag","embeddable":true,"href":"https:\/\/transportjournal.com\/de\/wp-json\/wp\/v2\/tags?post=87446"}],"curies":[{"name":"wp","href":"https:\/\/api.w.org\/{rel}","templated":true}]}}