{"id":87430,"date":"2026-04-30T07:19:34","date_gmt":"2026-04-30T07:19:34","guid":{"rendered":"https:\/\/transportjournal.com\/2026\/04\/30\/wfs-und-kuehnenagel-erweitern-partnerschaft-in-frankfurt\/"},"modified":"2026-04-30T07:19:34","modified_gmt":"2026-04-30T07:19:34","slug":"wfs-und-kuehnenagel-erweitern-partnerschaft-in-frankfurt","status":"publish","type":"post","link":"https:\/\/transportjournal.com\/de\/2026\/04\/30\/wfs-und-kuehnenagel-erweitern-partnerschaft-in-frankfurt\/","title":{"rendered":"WFS und Kuehne+Nagel erweitern Partnerschaft in Frankfurt"},"content":{"rendered":"<p>Worldwide Flight Services (WFS), ein Unternehmen der SATS-Gruppe, hat einen Vertrag mit Kuehne+Nagel unterzeichnet, um Frachtabfertigungsdienste am Flughafen Frankfurt anzubieten. Dieser Flughafen gilt als das gr\u00f6sste Luftfracht-Drehkreuz in Europa. Die Vereinbarung folgt auf die Investitionen von WFS in zwei Lagerh\u00e4user und zwei B\u00fcrogeb\u00e4ude auf einem 24.000 m\u00b2 grossen Gel\u00e4nde innerhalb der Cargo City South des Flughafens, die im Dezember in Betrieb genommen wurden. Die neuen Einrichtungen sind mit Systemen zur Handhabung von ULD (Unit Load Devices) sowie mit Volumen- und Dimensionsscannern ausgestattet, um die Abwicklung von Sendungen zu beschleunigen. J\u00e4hrlich k\u00f6nnen hier bis zu 100.000 t Import- und Exportfracht f\u00fcr Kunden, die die spezialisierten E-Commerce- und Frachtabfertigungsdienste (EFFH) von WFS nutzen, bearbeitet werden.<\/p>\n<h3>Erweiterung der Partnerschaft in Frankfurt<\/h3>\n<p>Bert Selis, VP Business Development E-Commerce &amp; Freight Forwarding Handling EMEAA, \u00e4usserte sich zu der Partnerschaft: \u201eKuehne+Nagel ist ein wichtiger und gesch\u00e4tzter Partner von SATS und WFS. Wir sind stolz darauf, unsere globale Partnerschaft in Frankfurt auszubauen, was durch die Einf\u00fchrung unserer E-Commerce- und Frachtabfertigungsdienste in unseren neuen Einrichtungen am Flughafen erm\u00f6glicht wurde.\u201c Selis betonte, dass die EFFH-Dienste zentral f\u00fcr die Wachstumsstrategie von SATS\/WFS seien und darauf abzielen, klare betriebliche und kostentechnische Vorteile f\u00fcr wachsende Logistikanbieter zu bieten, was Kuehne+Nagel mit diesem neuen Vertrag erkannt habe.<\/p>\n<p>Martin Schaefer, SVP Air Logistics Germany bei Kuehne+Nagel, erg\u00e4nzte: \u201eWir freuen uns, unsere Partnerschaft mit WFS in Frankfurt auszubauen. Frankfurt ist ein wichtiges Drehkreuz innerhalb des Kuehne+Nagel-Luftfracht-Netzwerks. Gemeinsam k\u00f6nnen wir Importe und Exporte beschleunigen, indem wir die Abfertigungs- und Bearbeitungszeiten reduzieren, um die Frachtstr\u00f6me f\u00fcr unsere Kunden zu optimieren.\u201c<\/p>\n<p>Im Auftrag von Kuehne+Nagel \u00fcbernimmt WFS nicht nur die Abwicklung von Importlieferungen, sondern auch die Erfassung von Gewicht und Abmessungen von Exportlieferungen sowie die Sicherstellung und Bereitstellung der Waren f\u00fcr den Transport. Zu den zus\u00e4tzlichen Dienstleistungen geh\u00f6ren die Frachtbeschriftung, die Konsolidierung von HAWB (House Air Waybill) in Master Air Waybill (MAWB), der Aufbau von ULDs sowie spezielle Transportshuttles zu den Bodenabfertigungsunternehmen und Fluggesellschaften f\u00fcr abfliegende Fl\u00fcge. Neben Frankfurt umfasst das Netzwerk der EFFH-Service-Standorte von WFS auch Amsterdam, Br\u00fcssel, Kopenhagen, Dublin, L\u00fcttich, London, Madrid, Stockholm sowie zw\u00f6lf Flugh\u00e4fen in Frankreich, darunter Paris CDG.<\/p>\n<p>&nbsp;<\/p>\n<p><a href=\"https:\/\/www.wfs.aero\/\" target=\"_blank\" rel=\"noopener noreferrer\">www.wfs.aero<\/a><\/p>\n<p>&nbsp;<\/p>\n<p><a href=\"https:\/\/www.kuehne-nagel.com\/\" target=\"_blank\" rel=\"noopener noreferrer\">www.kuehne-nagel.com<\/a><\/p>\n<p>&nbsp;<\/p>\n","protected":false},"excerpt":{"rendered":"<p>Worldwide Flight Services hat einen Vertrag mit Kuehne+Nagel zur Frachtabfertigung am Flughafen Frankfurt unterzeichnet, um die Effizienz im Luftfrachtverkehr zu steigern.<\/p>\n","protected":false},"author":12,"featured_media":87429,"comment_status":"open","ping_status":"","sticky":false,"template":"","format":"standard","meta":{"_acf_changed":false,"footnotes":""},"categories":[9092,1575,1570,1569],"tags":[43812,43813,43814,43815,23637,43816,13633,2115,2116,5090,5091,43817,43818,43819,43820,43821,43822,43823,43824,43825,43826,43827,43828,2123,43829,43830,43831,43832,43833,10645,43834,12122,43835,43836,43837,5108,43838,43839,5112,3157,43840,43841,43842,43843,43844,5119,2106,5120,43845,13813,8592,43846,13598],"class_list":["post-87430","post","type-post","status-publish","format-standard","has-post-thumbnail","hentry","category-deutschland","category-europa","category-luftfracht","category-logistik-spedition","tag-abfertigungszeiten-optimieren","tag-accelerate-freight-flows-francais-wfs","tag-accelerer-les-flux-de-fret","tag-air-freight-hub-europe","tag-cargo-city-south","tag-consolidation-hawb-mawb","tag-deutsch-wfs","tag-digitalisierung-in-der-logistik","tag-digitalization-in-logistics","tag-e-commerce-logistics","tag-e-commerce-logistik","tag-etiquetage-de-fret","tag-flughafen-frankfurt-fracht","tag-frachtabfertigung-frankfurt","tag-frachtbeschriftung","tag-frachtlogistik-dienstleistungen","tag-frachtstroeme-beschleunigen-english-wfs","tag-frankfurt-airport-freight","tag-freight-handling-frankfurt","tag-freight-labeling","tag-freight-logistics-services","tag-fret-aeroport-francfort","tag-fret-import-export","tag-gestion-de-la-chaine-dapprovisionnement","tag-hawb-mawb-consolidation","tag-hawb-mawb-konsolidierung","tag-hub-de-fret-aerien-europe","tag-import-export-fracht","tag-import-export-freight","tag-industrie-du-transport-allemagne","tag-kuehnenagel-logistics-network","tag-kuehnenagel","tag-logistics-providers-frankfurt","tag-logistikdienstleister-frankfurt","tag-logistiknetzwerk-kuehnenagel","tag-logistique-e-commerce","tag-luftfracht-drehkreuz-europa","tag-manipulation-uld","tag-nachhaltige-logistikloesungen","tag-numerisation-dans-la-logistique","tag-optimiser-les-temps-de-traitement","tag-optimize-handling-times","tag-prestataires-logistiques-francfort","tag-reseau-logistique-kuehnenagel","tag-services-logistiques-de-fret","tag-solutions-logistiques-durables","tag-supply-chain-management","tag-sustainable-logistics-solutions","tag-traitement-de-fret-francfort","tag-transport-industry-germany","tag-transportwirtschaft-deutschland","tag-uld-handhabung","tag-uld-handling"],"acf":[],"yoast_head":"<!-- This site is optimized with the Yoast SEO plugin v27.3 - https:\/\/yoast.com\/product\/yoast-seo-wordpress\/ -->\n<title>WFS und Kuehne+Nagel erweitern Partnerschaft in Frankfurt - ITJ | International Transport Journal<\/title>\n<meta name=\"robots\" content=\"index, follow, max-snippet:-1, max-image-preview:large, max-video-preview:-1\" \/>\n<link rel=\"canonical\" href=\"https:\/\/transportjournal.com\/de\/2026\/04\/30\/wfs-und-kuehnenagel-erweitern-partnerschaft-in-frankfurt\/\" \/>\n<meta property=\"og:locale\" content=\"de_DE\" \/>\n<meta property=\"og:type\" content=\"article\" \/>\n<meta property=\"og:title\" content=\"WFS und Kuehne+Nagel erweitern Partnerschaft in Frankfurt - ITJ | International Transport Journal\" \/>\n<meta property=\"og:description\" content=\"Worldwide Flight Services hat einen Vertrag mit Kuehne+Nagel zur Frachtabfertigung am Flughafen Frankfurt unterzeichnet, um die Effizienz im Luftfrachtverkehr zu steigern.\" \/>\n<meta property=\"og:url\" content=\"https:\/\/transportjournal.com\/de\/2026\/04\/30\/wfs-und-kuehnenagel-erweitern-partnerschaft-in-frankfurt\/\" \/>\n<meta property=\"og:site_name\" content=\"ITJ | International Transport Journal\" \/>\n<meta property=\"article:published_time\" content=\"2026-04-30T07:19:34+00:00\" \/>\n<meta property=\"og:image\" content=\"https:\/\/transportjournal.com\/wp-content\/uploads\/sites\/2\/2026\/04\/WFS-PR-MXP-aspect-ratio-1400-788.png\" \/>\n\t<meta property=\"og:image:width\" content=\"1245\" \/>\n\t<meta property=\"og:image:height\" content=\"701\" \/>\n\t<meta property=\"og:image:type\" content=\"image\/png\" \/>\n<meta name=\"author\" content=\"Andreas Haug\" \/>\n<meta name=\"twitter:card\" content=\"summary_large_image\" \/>\n<meta name=\"twitter:label1\" content=\"Verfasst von\" \/>\n\t<meta name=\"twitter:data1\" content=\"Andreas Haug\" \/>\n\t<meta name=\"twitter:label2\" content=\"Gesch\u00e4tzte Lesezeit\" \/>\n\t<meta name=\"twitter:data2\" content=\"2\u00a0Minute\" \/>\n<script type=\"application\/ld+json\" class=\"yoast-schema-graph\">{\"@context\":\"https:\\\/\\\/schema.org\",\"@graph\":[{\"@type\":\"Article\",\"@id\":\"https:\\\/\\\/transportjournal.com\\\/de\\\/2026\\\/04\\\/30\\\/wfs-und-kuehnenagel-erweitern-partnerschaft-in-frankfurt\\\/#article\",\"isPartOf\":{\"@id\":\"https:\\\/\\\/transportjournal.com\\\/de\\\/2026\\\/04\\\/30\\\/wfs-und-kuehnenagel-erweitern-partnerschaft-in-frankfurt\\\/\"},\"author\":{\"name\":\"Andreas Haug\",\"@id\":\"https:\\\/\\\/transportjournal.com\\\/de\\\/#\\\/schema\\\/person\\\/cf538b3157f15afd7589245a4b3dbd25\"},\"headline\":\"WFS und Kuehne+Nagel erweitern Partnerschaft in Frankfurt\",\"datePublished\":\"2026-04-30T07:19:34+00:00\",\"mainEntityOfPage\":{\"@id\":\"https:\\\/\\\/transportjournal.com\\\/de\\\/2026\\\/04\\\/30\\\/wfs-und-kuehnenagel-erweitern-partnerschaft-in-frankfurt\\\/\"},\"wordCount\":393,\"commentCount\":0,\"publisher\":{\"@id\":\"https:\\\/\\\/transportjournal.com\\\/de\\\/#organization\"},\"image\":{\"@id\":\"https:\\\/\\\/transportjournal.com\\\/de\\\/2026\\\/04\\\/30\\\/wfs-und-kuehnenagel-erweitern-partnerschaft-in-frankfurt\\\/#primaryimage\"},\"thumbnailUrl\":\"https:\\\/\\\/transportjournal.com\\\/wp-content\\\/uploads\\\/sites\\\/2\\\/2026\\\/04\\\/WFS-PR-MXP-aspect-ratio-1400-788.png\",\"keywords\":[\"Abfertigungszeiten optimieren\",\"accelerate freight flows Fran\u00e7ais WFS\",\"acc\u00e9l\u00e9rer les flux de fret\",\"air freight hub Europe\",\"Cargo City South\",\"consolidation HAWB MAWB\",\"Deutsch WFS\",\"Digitalisierung in der Logistik\",\"digitalization in logistics\",\"e-commerce logistics\",\"E-Commerce Logistik\",\"\u00e9tiquetage de fret\",\"Flughafen Frankfurt Fracht\",\"Frachtabfertigung Frankfurt\",\"Frachtbeschriftung\",\"Frachtlogistik Dienstleistungen\",\"Frachtstr\u00f6me beschleunigen English WFS\",\"Frankfurt airport freight\",\"freight handling Frankfurt\",\"freight labeling\",\"freight logistics services\",\"fret a\u00e9roport Francfort\",\"fret import export\",\"gestion de la cha\u00eene d'approvisionnement\",\"HAWB MAWB consolidation\",\"HAWB MAWB Konsolidierung\",\"hub de fret a\u00e9rien Europe\",\"Import Export Fracht\",\"import export freight\",\"industrie du transport Allemagne\",\"Kuehne+Nagel logistics network\",\"K\u00fchne+Nagel\",\"logistics providers Frankfurt\",\"Logistikdienstleister Frankfurt\",\"Logistiknetzwerk Kuehne+Nagel\",\"logistique e-commerce\",\"Luftfracht-Drehkreuz Europa\",\"manipulation ULD\",\"nachhaltige Logistikl\u00f6sungen\",\"num\u00e9risation dans la logistique\",\"optimiser les temps de traitement\",\"optimize handling times\",\"prestataires logistiques Francfort\",\"r\u00e9seau logistique Kuehne+Nagel\",\"services logistiques de fret\",\"solutions logistiques durables\",\"Supply Chain Management\",\"sustainable logistics solutions\",\"traitement de fret Francfort\",\"transport industry Germany\",\"Transportwirtschaft Deutschland\",\"ULD Handhabung\",\"ULD Handling\"],\"articleSection\":[\"Deutschland\",\"Europa\",\"Luftfracht\",\"Spedition &amp; Logistik\"],\"inLanguage\":\"de\",\"potentialAction\":[{\"@type\":\"CommentAction\",\"name\":\"Comment\",\"target\":[\"https:\\\/\\\/transportjournal.com\\\/de\\\/2026\\\/04\\\/30\\\/wfs-und-kuehnenagel-erweitern-partnerschaft-in-frankfurt\\\/#respond\"]}]},{\"@type\":\"WebPage\",\"@id\":\"https:\\\/\\\/transportjournal.com\\\/de\\\/2026\\\/04\\\/30\\\/wfs-und-kuehnenagel-erweitern-partnerschaft-in-frankfurt\\\/\",\"url\":\"https:\\\/\\\/transportjournal.com\\\/de\\\/2026\\\/04\\\/30\\\/wfs-und-kuehnenagel-erweitern-partnerschaft-in-frankfurt\\\/\",\"name\":\"WFS und Kuehne+Nagel erweitern Partnerschaft in Frankfurt - ITJ | International Transport Journal\",\"isPartOf\":{\"@id\":\"https:\\\/\\\/transportjournal.com\\\/de\\\/#website\"},\"primaryImageOfPage\":{\"@id\":\"https:\\\/\\\/transportjournal.com\\\/de\\\/2026\\\/04\\\/30\\\/wfs-und-kuehnenagel-erweitern-partnerschaft-in-frankfurt\\\/#primaryimage\"},\"image\":{\"@id\":\"https:\\\/\\\/transportjournal.com\\\/de\\\/2026\\\/04\\\/30\\\/wfs-und-kuehnenagel-erweitern-partnerschaft-in-frankfurt\\\/#primaryimage\"},\"thumbnailUrl\":\"https:\\\/\\\/transportjournal.com\\\/wp-content\\\/uploads\\\/sites\\\/2\\\/2026\\\/04\\\/WFS-PR-MXP-aspect-ratio-1400-788.png\",\"datePublished\":\"2026-04-30T07:19:34+00:00\",\"breadcrumb\":{\"@id\":\"https:\\\/\\\/transportjournal.com\\\/de\\\/2026\\\/04\\\/30\\\/wfs-und-kuehnenagel-erweitern-partnerschaft-in-frankfurt\\\/#breadcrumb\"},\"inLanguage\":\"de\",\"potentialAction\":[{\"@type\":\"ReadAction\",\"target\":[\"https:\\\/\\\/transportjournal.com\\\/de\\\/2026\\\/04\\\/30\\\/wfs-und-kuehnenagel-erweitern-partnerschaft-in-frankfurt\\\/\"]}]},{\"@type\":\"ImageObject\",\"inLanguage\":\"de\",\"@id\":\"https:\\\/\\\/transportjournal.com\\\/de\\\/2026\\\/04\\\/30\\\/wfs-und-kuehnenagel-erweitern-partnerschaft-in-frankfurt\\\/#primaryimage\",\"url\":\"https:\\\/\\\/transportjournal.com\\\/wp-content\\\/uploads\\\/sites\\\/2\\\/2026\\\/04\\\/WFS-PR-MXP-aspect-ratio-1400-788.png\",\"contentUrl\":\"https:\\\/\\\/transportjournal.com\\\/wp-content\\\/uploads\\\/sites\\\/2\\\/2026\\\/04\\\/WFS-PR-MXP-aspect-ratio-1400-788.png\",\"width\":1245,\"height\":701},{\"@type\":\"BreadcrumbList\",\"@id\":\"https:\\\/\\\/transportjournal.com\\\/de\\\/2026\\\/04\\\/30\\\/wfs-und-kuehnenagel-erweitern-partnerschaft-in-frankfurt\\\/#breadcrumb\",\"itemListElement\":[{\"@type\":\"ListItem\",\"position\":1,\"name\":\"Startseite\",\"item\":\"https:\\\/\\\/transportjournal.com\\\/de\\\/\"},{\"@type\":\"ListItem\",\"position\":2,\"name\":\"WFS und Kuehne+Nagel erweitern Partnerschaft in Frankfurt\"}]},{\"@type\":\"WebSite\",\"@id\":\"https:\\\/\\\/transportjournal.com\\\/de\\\/#website\",\"url\":\"https:\\\/\\\/transportjournal.com\\\/de\\\/\",\"name\":\"ITJ | International Transport Journal\",\"description\":\"Stay informed with the latest global news from the transport, logistics, and supply chain industries. Transport Journal delivers expert insights, analysis, and updates across shipping, aviation, intermodal, and forwarding.\",\"publisher\":{\"@id\":\"https:\\\/\\\/transportjournal.com\\\/de\\\/#organization\"},\"potentialAction\":[{\"@type\":\"SearchAction\",\"target\":{\"@type\":\"EntryPoint\",\"urlTemplate\":\"https:\\\/\\\/transportjournal.com\\\/de\\\/?s={search_term_string}\"},\"query-input\":{\"@type\":\"PropertyValueSpecification\",\"valueRequired\":true,\"valueName\":\"search_term_string\"}}],\"inLanguage\":\"de\"},{\"@type\":\"Organization\",\"@id\":\"https:\\\/\\\/transportjournal.com\\\/de\\\/#organization\",\"name\":\"Groupe Logismedia AG\",\"alternateName\":\"Logismedia Group AG\",\"url\":\"https:\\\/\\\/transportjournal.com\\\/de\\\/\",\"logo\":{\"@type\":\"ImageObject\",\"inLanguage\":\"de\",\"@id\":\"https:\\\/\\\/transportjournal.com\\\/de\\\/#\\\/schema\\\/logo\\\/image\\\/\",\"url\":\"https:\\\/\\\/transportjournal.com\\\/wp-content\\\/uploads\\\/sites\\\/2\\\/2025\\\/09\\\/Logo_ITJ.png\",\"contentUrl\":\"https:\\\/\\\/transportjournal.com\\\/wp-content\\\/uploads\\\/sites\\\/2\\\/2025\\\/09\\\/Logo_ITJ.png\",\"width\":799,\"height\":326,\"caption\":\"Groupe Logismedia AG\"},\"image\":{\"@id\":\"https:\\\/\\\/transportjournal.com\\\/de\\\/#\\\/schema\\\/logo\\\/image\\\/\"},\"sameAs\":[\"https:\\\/\\\/www.linkedin.com\\\/company\\\/56456496\\\/admin\\\/dashboard\\\/\",\"https:\\\/\\\/www.instagram.com\\\/logismediagroup\\\/\",\"https:\\\/\\\/www.youtube.com\\\/@LogiamediaGroupAG\"]},{\"@type\":\"Person\",\"@id\":\"https:\\\/\\\/transportjournal.com\\\/de\\\/#\\\/schema\\\/person\\\/cf538b3157f15afd7589245a4b3dbd25\",\"name\":\"Andreas Haug\",\"url\":\"https:\\\/\\\/transportjournal.com\\\/de\\\/author\\\/andreas\\\/\"}]}<\/script>\n<!-- \/ Yoast SEO plugin. -->","yoast_head_json":{"title":"WFS und Kuehne+Nagel erweitern Partnerschaft in Frankfurt - ITJ | International Transport Journal","robots":{"index":"index","follow":"follow","max-snippet":"max-snippet:-1","max-image-preview":"max-image-preview:large","max-video-preview":"max-video-preview:-1"},"canonical":"https:\/\/transportjournal.com\/de\/2026\/04\/30\/wfs-und-kuehnenagel-erweitern-partnerschaft-in-frankfurt\/","og_locale":"de_DE","og_type":"article","og_title":"WFS und Kuehne+Nagel erweitern Partnerschaft in Frankfurt - ITJ | International Transport Journal","og_description":"Worldwide Flight Services hat einen Vertrag mit Kuehne+Nagel zur Frachtabfertigung am Flughafen Frankfurt unterzeichnet, um die Effizienz im Luftfrachtverkehr zu steigern.","og_url":"https:\/\/transportjournal.com\/de\/2026\/04\/30\/wfs-und-kuehnenagel-erweitern-partnerschaft-in-frankfurt\/","og_site_name":"ITJ | International Transport Journal","article_published_time":"2026-04-30T07:19:34+00:00","og_image":[{"width":1245,"height":701,"url":"https:\/\/transportjournal.com\/wp-content\/uploads\/sites\/2\/2026\/04\/WFS-PR-MXP-aspect-ratio-1400-788.png","type":"image\/png"}],"author":"Andreas Haug","twitter_card":"summary_large_image","twitter_misc":{"Verfasst von":"Andreas Haug","Gesch\u00e4tzte Lesezeit":"2\u00a0Minute"},"schema":{"@context":"https:\/\/schema.org","@graph":[{"@type":"Article","@id":"https:\/\/transportjournal.com\/de\/2026\/04\/30\/wfs-und-kuehnenagel-erweitern-partnerschaft-in-frankfurt\/#article","isPartOf":{"@id":"https:\/\/transportjournal.com\/de\/2026\/04\/30\/wfs-und-kuehnenagel-erweitern-partnerschaft-in-frankfurt\/"},"author":{"name":"Andreas Haug","@id":"https:\/\/transportjournal.com\/de\/#\/schema\/person\/cf538b3157f15afd7589245a4b3dbd25"},"headline":"WFS und Kuehne+Nagel erweitern Partnerschaft in Frankfurt","datePublished":"2026-04-30T07:19:34+00:00","mainEntityOfPage":{"@id":"https:\/\/transportjournal.com\/de\/2026\/04\/30\/wfs-und-kuehnenagel-erweitern-partnerschaft-in-frankfurt\/"},"wordCount":393,"commentCount":0,"publisher":{"@id":"https:\/\/transportjournal.com\/de\/#organization"},"image":{"@id":"https:\/\/transportjournal.com\/de\/2026\/04\/30\/wfs-und-kuehnenagel-erweitern-partnerschaft-in-frankfurt\/#primaryimage"},"thumbnailUrl":"https:\/\/transportjournal.com\/wp-content\/uploads\/sites\/2\/2026\/04\/WFS-PR-MXP-aspect-ratio-1400-788.png","keywords":["Abfertigungszeiten optimieren","accelerate freight flows Fran\u00e7ais WFS","acc\u00e9l\u00e9rer les flux de fret","air freight hub Europe","Cargo City South","consolidation HAWB MAWB","Deutsch WFS","Digitalisierung in der Logistik","digitalization in logistics","e-commerce logistics","E-Commerce Logistik","\u00e9tiquetage de fret","Flughafen Frankfurt Fracht","Frachtabfertigung Frankfurt","Frachtbeschriftung","Frachtlogistik Dienstleistungen","Frachtstr\u00f6me beschleunigen English WFS","Frankfurt airport freight","freight handling Frankfurt","freight labeling","freight logistics services","fret a\u00e9roport Francfort","fret import export","gestion de la cha\u00eene d'approvisionnement","HAWB MAWB consolidation","HAWB MAWB Konsolidierung","hub de fret a\u00e9rien Europe","Import Export Fracht","import export freight","industrie du transport Allemagne","Kuehne+Nagel logistics network","K\u00fchne+Nagel","logistics providers Frankfurt","Logistikdienstleister Frankfurt","Logistiknetzwerk Kuehne+Nagel","logistique e-commerce","Luftfracht-Drehkreuz Europa","manipulation ULD","nachhaltige Logistikl\u00f6sungen","num\u00e9risation dans la logistique","optimiser les temps de traitement","optimize handling times","prestataires logistiques Francfort","r\u00e9seau logistique Kuehne+Nagel","services logistiques de fret","solutions logistiques durables","Supply Chain Management","sustainable logistics solutions","traitement de fret Francfort","transport industry Germany","Transportwirtschaft Deutschland","ULD Handhabung","ULD Handling"],"articleSection":["Deutschland","Europa","Luftfracht","Spedition &amp; Logistik"],"inLanguage":"de","potentialAction":[{"@type":"CommentAction","name":"Comment","target":["https:\/\/transportjournal.com\/de\/2026\/04\/30\/wfs-und-kuehnenagel-erweitern-partnerschaft-in-frankfurt\/#respond"]}]},{"@type":"WebPage","@id":"https:\/\/transportjournal.com\/de\/2026\/04\/30\/wfs-und-kuehnenagel-erweitern-partnerschaft-in-frankfurt\/","url":"https:\/\/transportjournal.com\/de\/2026\/04\/30\/wfs-und-kuehnenagel-erweitern-partnerschaft-in-frankfurt\/","name":"WFS und Kuehne+Nagel erweitern Partnerschaft in Frankfurt - ITJ | International Transport Journal","isPartOf":{"@id":"https:\/\/transportjournal.com\/de\/#website"},"primaryImageOfPage":{"@id":"https:\/\/transportjournal.com\/de\/2026\/04\/30\/wfs-und-kuehnenagel-erweitern-partnerschaft-in-frankfurt\/#primaryimage"},"image":{"@id":"https:\/\/transportjournal.com\/de\/2026\/04\/30\/wfs-und-kuehnenagel-erweitern-partnerschaft-in-frankfurt\/#primaryimage"},"thumbnailUrl":"https:\/\/transportjournal.com\/wp-content\/uploads\/sites\/2\/2026\/04\/WFS-PR-MXP-aspect-ratio-1400-788.png","datePublished":"2026-04-30T07:19:34+00:00","breadcrumb":{"@id":"https:\/\/transportjournal.com\/de\/2026\/04\/30\/wfs-und-kuehnenagel-erweitern-partnerschaft-in-frankfurt\/#breadcrumb"},"inLanguage":"de","potentialAction":[{"@type":"ReadAction","target":["https:\/\/transportjournal.com\/de\/2026\/04\/30\/wfs-und-kuehnenagel-erweitern-partnerschaft-in-frankfurt\/"]}]},{"@type":"ImageObject","inLanguage":"de","@id":"https:\/\/transportjournal.com\/de\/2026\/04\/30\/wfs-und-kuehnenagel-erweitern-partnerschaft-in-frankfurt\/#primaryimage","url":"https:\/\/transportjournal.com\/wp-content\/uploads\/sites\/2\/2026\/04\/WFS-PR-MXP-aspect-ratio-1400-788.png","contentUrl":"https:\/\/transportjournal.com\/wp-content\/uploads\/sites\/2\/2026\/04\/WFS-PR-MXP-aspect-ratio-1400-788.png","width":1245,"height":701},{"@type":"BreadcrumbList","@id":"https:\/\/transportjournal.com\/de\/2026\/04\/30\/wfs-und-kuehnenagel-erweitern-partnerschaft-in-frankfurt\/#breadcrumb","itemListElement":[{"@type":"ListItem","position":1,"name":"Startseite","item":"https:\/\/transportjournal.com\/de\/"},{"@type":"ListItem","position":2,"name":"WFS und Kuehne+Nagel erweitern Partnerschaft in Frankfurt"}]},{"@type":"WebSite","@id":"https:\/\/transportjournal.com\/de\/#website","url":"https:\/\/transportjournal.com\/de\/","name":"ITJ | International Transport Journal","description":"Stay informed with the latest global news from the transport, logistics, and supply chain industries. Transport Journal delivers expert insights, analysis, and updates across shipping, aviation, intermodal, and forwarding.","publisher":{"@id":"https:\/\/transportjournal.com\/de\/#organization"},"potentialAction":[{"@type":"SearchAction","target":{"@type":"EntryPoint","urlTemplate":"https:\/\/transportjournal.com\/de\/?s={search_term_string}"},"query-input":{"@type":"PropertyValueSpecification","valueRequired":true,"valueName":"search_term_string"}}],"inLanguage":"de"},{"@type":"Organization","@id":"https:\/\/transportjournal.com\/de\/#organization","name":"Groupe Logismedia AG","alternateName":"Logismedia Group AG","url":"https:\/\/transportjournal.com\/de\/","logo":{"@type":"ImageObject","inLanguage":"de","@id":"https:\/\/transportjournal.com\/de\/#\/schema\/logo\/image\/","url":"https:\/\/transportjournal.com\/wp-content\/uploads\/sites\/2\/2025\/09\/Logo_ITJ.png","contentUrl":"https:\/\/transportjournal.com\/wp-content\/uploads\/sites\/2\/2025\/09\/Logo_ITJ.png","width":799,"height":326,"caption":"Groupe Logismedia AG"},"image":{"@id":"https:\/\/transportjournal.com\/de\/#\/schema\/logo\/image\/"},"sameAs":["https:\/\/www.linkedin.com\/company\/56456496\/admin\/dashboard\/","https:\/\/www.instagram.com\/logismediagroup\/","https:\/\/www.youtube.com\/@LogiamediaGroupAG"]},{"@type":"Person","@id":"https:\/\/transportjournal.com\/de\/#\/schema\/person\/cf538b3157f15afd7589245a4b3dbd25","name":"Andreas Haug","url":"https:\/\/transportjournal.com\/de\/author\/andreas\/"}]}},"_links":{"self":[{"href":"https:\/\/transportjournal.com\/de\/wp-json\/wp\/v2\/posts\/87430","targetHints":{"allow":["GET"]}}],"collection":[{"href":"https:\/\/transportjournal.com\/de\/wp-json\/wp\/v2\/posts"}],"about":[{"href":"https:\/\/transportjournal.com\/de\/wp-json\/wp\/v2\/types\/post"}],"author":[{"embeddable":true,"href":"https:\/\/transportjournal.com\/de\/wp-json\/wp\/v2\/users\/12"}],"replies":[{"embeddable":true,"href":"https:\/\/transportjournal.com\/de\/wp-json\/wp\/v2\/comments?post=87430"}],"version-history":[{"count":0,"href":"https:\/\/transportjournal.com\/de\/wp-json\/wp\/v2\/posts\/87430\/revisions"}],"wp:featuredmedia":[{"embeddable":true,"href":"https:\/\/transportjournal.com\/de\/wp-json\/wp\/v2\/media\/87429"}],"wp:attachment":[{"href":"https:\/\/transportjournal.com\/de\/wp-json\/wp\/v2\/media?parent=87430"}],"wp:term":[{"taxonomy":"category","embeddable":true,"href":"https:\/\/transportjournal.com\/de\/wp-json\/wp\/v2\/categories?post=87430"},{"taxonomy":"post_tag","embeddable":true,"href":"https:\/\/transportjournal.com\/de\/wp-json\/wp\/v2\/tags?post=87430"}],"curies":[{"name":"wp","href":"https:\/\/api.w.org\/{rel}","templated":true}]}}