{"id":87369,"date":"2026-04-29T15:17:40","date_gmt":"2026-04-29T15:17:40","guid":{"rendered":"https:\/\/transportjournal.com\/2026\/04\/29\/dp-world-wird-logistikpartner-von-porsche\/"},"modified":"2026-04-29T17:36:58","modified_gmt":"2026-04-29T15:36:58","slug":"dp-world-wird-logistikpartner-von-porsche","status":"publish","type":"post","link":"https:\/\/transportjournal.com\/de\/2026\/04\/29\/dp-world-wird-logistikpartner-von-porsche\/","title":{"rendered":"DP World wird Logistikpartner von Porsche"},"content":{"rendered":"<p>DP World hat bekannt gegeben, dass das Unternehmen als offizieller Logistikpartner des Porsche Formula E Teams in der ABB FIA Formula E Weltmeisterschaft benannt wurde. Diese mehrj\u00e4hrige Partnerschaft wurde in dieser Saison erstmals beim Madrid E-Prix im M\u00e4rz aktiviert und verbindet zwei globale Marken, die sich durch Pr\u00e4zision, Innovation und ein gemeinsames Engagement f\u00fcr nachhaltige Mobilit\u00e4t auszeichnen.<\/p>\n<p>Die Zusammenarbeit unterstreicht die Expertise von DP World im Bereich der Automobillogistik, die von der Handhabung von Komponenten und Batterien f\u00fcr Elektrofahrzeuge bis hin zur Verteilung fertiger Fahrzeuge reicht. Dadurch werden widerstandsf\u00e4hige, durchg\u00e4ngige L\u00f6sungen f\u00fcr die Lieferkette erm\u00f6glicht. Zudem spiegelt die Partnerschaft das umfassendere Engagement von DP World wider, den globalen Handel zu dekarbonisieren, indem erneuerbare Energien eingesetzt und die Ausr\u00fcstung in den Betrieben elektrifiziert wird.<\/p>\n<p>Beat Simon, Chief Commercial Officer und Chief Operating Officer f\u00fcr Logistik bei DP World, \u00e4usserte sich zu der Partnerschaft: \u201eBei DP World spiegeln unsere Partner unser Engagement f\u00fcr Leistung, Pr\u00e4zision und Innovation wider \u2013 und Porsche Motorsport verk\u00f6rpert Ingenieurskunst auf h\u00f6chstem Niveau. Diese Partnerschaft baut auf unserer bestehenden Beziehung zu Porsche auf, einschliesslich der intelligenten Logistikunterst\u00fctzung f\u00fcr das Produktionszentrum in Leipzig, und bietet eine globale Plattform zur St\u00e4rkung der Kundenbeziehungen sowie zur Feier von Innovationen in der Elektromobilit\u00e4t.\u201c<\/p>\n<p>Thomas Laudenbach, Vizepr\u00e4sident von Porsche Motorsport, zeigte sich ebenfalls erfreut \u00fcber die Zusammenarbeit: \u201eWir freuen uns, DP World als offiziellen Logistikpartner des Porsche Formula E Teams willkommen zu heissen. Der Wettbewerb auf h\u00f6chstem Niveau im globalen Motorsport erfordert Pr\u00e4zision, Zuverl\u00e4ssigkeit und nahtlose Koordination bei jedem Rennen im Kalender. Die Expertise von DP World in der intelligenten Logistik und ihr globales Netzwerk machen sie zu einem starken Partner f\u00fcr unser Formula E Programm. Gemeinsam wollen wir Hochleistungsingenieurwesen auf der Strecke mit operativer Exzellenz im Hintergrund kombinieren.\u201c<\/p>\n<p>Das bevorstehende Wochenende, der 2. und 3. Mai, markiert den Berlin E-Prix, ein Rennen f\u00fcr Porsche auf heimischem Boden in Deutschland, das auch einen wichtigen Markt f\u00fcr DP World darstellt und die Expertise des Unternehmens in der Automobillogistik widerspiegelt.<\/p>\n<p>Die ABB FIA Formula E Weltmeisterschaft umfasst ein globales Kalenderangebot von Stadt-Rennen, die die Technologie von Elektrofahrzeugen und nachhaltige Innovationen pr\u00e4sentieren. Die Zusammenarbeit mit Porsche st\u00e4rkt das globale Sportportfolio von DP World, das auch McLaren F1, SailGP, die DP World Tour, den Ryder Cup, den International Cricket Council und Yamaha Factory Racing umfasst, und unterst\u00fctzt die Markenpr\u00e4senz sowie die Kundenbindung weltweit.<\/p>\n<p>&nbsp;<\/p>\n<p><a href=\"https:\/\/www.dpworld.com\/\" target=\"_blank\" rel=\"noopener noreferrer\">www.dpworld.com<\/a><\/p>\n<p>&nbsp;<\/p>\n","protected":false},"excerpt":{"rendered":"<p>DP World wurde als offizieller Logistikpartner des Porsche Formula E Teams benannt, um nachhaltige Mobilit\u00e4t und innovative L\u00f6sungen in der Automobillogistik zu f\u00f6rdern.<\/p>\n","protected":false},"author":12,"featured_media":87368,"comment_status":"open","ping_status":"","sticky":false,"template":"","format":"standard","meta":{"_acf_changed":false,"footnotes":""},"categories":[9092,1575,1576,1569],"tags":[1828,6128,43661,43662,2207,5128,9626,16846,7919,30088,30089,1796,1797,11335,43663,1807,43664,43665,43666,43667,5139,5140,2125,43668,43669,9642,43670,5840,11639,2133,1831,4211,6138,6109,11016,1869,11642,43671,43672,43673,43674,43675,2148,43676,9649,11361,6120,43677,43678,1857,11026,2155,1837,7944],"class_list":["post-87369","post","type-post","status-publish","format-standard","has-post-thumbnail","hentry","category-deutschland","category-europa","category-naher-osten","category-logistik-spedition","tag-automobillogistik","tag-automotive-logistics","tag-berlin-e-prix","tag-centre-de-production-de-leipzig","tag-chaine-dapprovisionnement","tag-commerce-mondial","tag-customer-relationships","tag-deutsch-dp-world","tag-electric-vehicles","tag-electromobilite","tag-electromobility","tag-elektrofahrzeuge","tag-elektromobilitaet","tag-energies-renouvelables","tag-engineering-excellence-francais-dp-world","tag-erneuerbare-energien","tag-excellence-en-ingenierie","tag-formel-e","tag-formula-e","tag-formule-e","tag-global-trade","tag-globaler-handel","tag-industrie-du-transport","tag-ingenieurskunst-english-dp-world","tag-intelligente-logistik","tag-kundenbeziehungen","tag-leipzig-production-center","tag-lieferkette","tag-logistics-partner","tag-logistics-service-providers","tag-logistikdienstleister","tag-logistikpartner","tag-logistique-automobile","tag-logistique-intelligente","tag-mobilite-durable","tag-nachhaltige-mobilitaet","tag-partenaire-logistique","tag-porsche","tag-portefeuille-sportif","tag-praezision-im-motorsport","tag-precision-en-sport-automobile","tag-precision-in-motorsport","tag-prestataires-de-services-logistiques","tag-produktionszentrum-leipzig","tag-relations-clients","tag-renewable-energy","tag-smart-logistics","tag-sportportfolio","tag-sports-portfolio","tag-supply-chain","tag-sustainable-mobility","tag-transport-industry","tag-transportwirtschaft","tag-vehicules-electriques"],"acf":[],"yoast_head":"<!-- This site is optimized with the Yoast SEO plugin v27.3 - https:\/\/yoast.com\/product\/yoast-seo-wordpress\/ -->\n<title>DP World wird Logistikpartner von Porsche - ITJ | International Transport Journal<\/title>\n<meta name=\"robots\" content=\"index, follow, max-snippet:-1, max-image-preview:large, max-video-preview:-1\" \/>\n<link rel=\"canonical\" href=\"https:\/\/transportjournal.com\/de\/2026\/04\/29\/dp-world-wird-logistikpartner-von-porsche\/\" \/>\n<meta property=\"og:locale\" content=\"de_DE\" \/>\n<meta property=\"og:type\" content=\"article\" \/>\n<meta property=\"og:title\" content=\"DP World wird Logistikpartner von Porsche - ITJ | International Transport Journal\" \/>\n<meta property=\"og:description\" content=\"DP World wurde als offizieller Logistikpartner des Porsche Formula E Teams benannt, um nachhaltige Mobilit\u00e4t und innovative L\u00f6sungen in der Automobillogistik zu f\u00f6rdern.\" \/>\n<meta property=\"og:url\" content=\"https:\/\/transportjournal.com\/de\/2026\/04\/29\/dp-world-wird-logistikpartner-von-porsche\/\" \/>\n<meta property=\"og:site_name\" content=\"ITJ | International Transport Journal\" \/>\n<meta property=\"article:published_time\" content=\"2026-04-29T15:17:40+00:00\" \/>\n<meta property=\"article:modified_time\" content=\"2026-04-29T15:36:58+00:00\" \/>\n<meta property=\"og:image\" content=\"https:\/\/transportjournal.com\/wp-content\/uploads\/sites\/2\/2026\/04\/image3-4-aspect-ratio-1400-788.jpg\" \/>\n\t<meta property=\"og:image:width\" content=\"1080\" \/>\n\t<meta property=\"og:image:height\" content=\"608\" \/>\n\t<meta property=\"og:image:type\" content=\"image\/jpeg\" \/>\n<meta name=\"author\" content=\"Andreas Haug\" \/>\n<meta name=\"twitter:card\" content=\"summary_large_image\" \/>\n<meta name=\"twitter:label1\" content=\"Verfasst von\" \/>\n\t<meta name=\"twitter:data1\" content=\"Andreas Haug\" \/>\n\t<meta name=\"twitter:label2\" content=\"Gesch\u00e4tzte Lesezeit\" \/>\n\t<meta name=\"twitter:data2\" content=\"2\u00a0Minute\" \/>\n<script type=\"application\/ld+json\" class=\"yoast-schema-graph\">{\"@context\":\"https:\\\/\\\/schema.org\",\"@graph\":[{\"@type\":\"Article\",\"@id\":\"https:\\\/\\\/transportjournal.com\\\/de\\\/2026\\\/04\\\/29\\\/dp-world-wird-logistikpartner-von-porsche\\\/#article\",\"isPartOf\":{\"@id\":\"https:\\\/\\\/transportjournal.com\\\/de\\\/2026\\\/04\\\/29\\\/dp-world-wird-logistikpartner-von-porsche\\\/\"},\"author\":{\"name\":\"Andreas Haug\",\"@id\":\"https:\\\/\\\/transportjournal.com\\\/de\\\/#\\\/schema\\\/person\\\/cf538b3157f15afd7589245a4b3dbd25\"},\"headline\":\"DP World wird Logistikpartner von Porsche\",\"datePublished\":\"2026-04-29T15:17:40+00:00\",\"dateModified\":\"2026-04-29T15:36:58+00:00\",\"mainEntityOfPage\":{\"@id\":\"https:\\\/\\\/transportjournal.com\\\/de\\\/2026\\\/04\\\/29\\\/dp-world-wird-logistikpartner-von-porsche\\\/\"},\"wordCount\":426,\"commentCount\":0,\"publisher\":{\"@id\":\"https:\\\/\\\/transportjournal.com\\\/de\\\/#organization\"},\"image\":{\"@id\":\"https:\\\/\\\/transportjournal.com\\\/de\\\/2026\\\/04\\\/29\\\/dp-world-wird-logistikpartner-von-porsche\\\/#primaryimage\"},\"thumbnailUrl\":\"https:\\\/\\\/transportjournal.com\\\/wp-content\\\/uploads\\\/sites\\\/2\\\/2026\\\/04\\\/image3-4-aspect-ratio-1400-788.jpg\",\"keywords\":[\"Automobillogistik\",\"Automotive logistics\",\"Berlin E-Prix\",\"centre de production de Leipzig\",\"cha\u00eene d'approvisionnement\",\"commerce mondial\",\"customer relationships\",\"Deutsch DP World\",\"electric vehicles\",\"\u00e9lectromobilit\u00e9\",\"electromobility\",\"Elektrofahrzeuge\",\"Elektromobilit\u00e4t\",\"\u00e9nergies renouvelables\",\"engineering excellence Fran\u00e7ais DP World\",\"erneuerbare Energien\",\"excellence en ing\u00e9nierie\",\"Formel E\",\"Formula E\",\"Formule E\",\"global trade\",\"globaler Handel\",\"industrie du transport\",\"Ingenieurskunst English DP World\",\"intelligente Logistik\",\"Kundenbeziehungen\",\"Leipzig production center\",\"Lieferkette\",\"logistics partner\",\"logistics service providers\",\"Logistikdienstleister\",\"Logistikpartner\",\"Logistique automobile\",\"logistique intelligente\",\"mobilit\u00e9 durable\",\"nachhaltige Mobilit\u00e4t\",\"partenaire logistique\",\"Porsche\",\"portefeuille sportif\",\"Pr\u00e4zision im Motorsport\",\"pr\u00e9cision en sport automobile\",\"precision in motorsport\",\"prestataires de services logistiques\",\"Produktionszentrum Leipzig\",\"relations clients\",\"renewable energy\",\"smart logistics\",\"Sportportfolio\",\"sports portfolio\",\"Supply Chain\",\"sustainable mobility\",\"transport industry\",\"Transportwirtschaft\",\"v\u00e9hicules \u00e9lectriques\"],\"articleSection\":[\"Deutschland\",\"Europa\",\"Naher Osten\",\"Spedition &amp; Logistik\"],\"inLanguage\":\"de\",\"potentialAction\":[{\"@type\":\"CommentAction\",\"name\":\"Comment\",\"target\":[\"https:\\\/\\\/transportjournal.com\\\/de\\\/2026\\\/04\\\/29\\\/dp-world-wird-logistikpartner-von-porsche\\\/#respond\"]}]},{\"@type\":\"WebPage\",\"@id\":\"https:\\\/\\\/transportjournal.com\\\/de\\\/2026\\\/04\\\/29\\\/dp-world-wird-logistikpartner-von-porsche\\\/\",\"url\":\"https:\\\/\\\/transportjournal.com\\\/de\\\/2026\\\/04\\\/29\\\/dp-world-wird-logistikpartner-von-porsche\\\/\",\"name\":\"DP World wird Logistikpartner von Porsche - ITJ | International Transport Journal\",\"isPartOf\":{\"@id\":\"https:\\\/\\\/transportjournal.com\\\/de\\\/#website\"},\"primaryImageOfPage\":{\"@id\":\"https:\\\/\\\/transportjournal.com\\\/de\\\/2026\\\/04\\\/29\\\/dp-world-wird-logistikpartner-von-porsche\\\/#primaryimage\"},\"image\":{\"@id\":\"https:\\\/\\\/transportjournal.com\\\/de\\\/2026\\\/04\\\/29\\\/dp-world-wird-logistikpartner-von-porsche\\\/#primaryimage\"},\"thumbnailUrl\":\"https:\\\/\\\/transportjournal.com\\\/wp-content\\\/uploads\\\/sites\\\/2\\\/2026\\\/04\\\/image3-4-aspect-ratio-1400-788.jpg\",\"datePublished\":\"2026-04-29T15:17:40+00:00\",\"dateModified\":\"2026-04-29T15:36:58+00:00\",\"breadcrumb\":{\"@id\":\"https:\\\/\\\/transportjournal.com\\\/de\\\/2026\\\/04\\\/29\\\/dp-world-wird-logistikpartner-von-porsche\\\/#breadcrumb\"},\"inLanguage\":\"de\",\"potentialAction\":[{\"@type\":\"ReadAction\",\"target\":[\"https:\\\/\\\/transportjournal.com\\\/de\\\/2026\\\/04\\\/29\\\/dp-world-wird-logistikpartner-von-porsche\\\/\"]}]},{\"@type\":\"ImageObject\",\"inLanguage\":\"de\",\"@id\":\"https:\\\/\\\/transportjournal.com\\\/de\\\/2026\\\/04\\\/29\\\/dp-world-wird-logistikpartner-von-porsche\\\/#primaryimage\",\"url\":\"https:\\\/\\\/transportjournal.com\\\/wp-content\\\/uploads\\\/sites\\\/2\\\/2026\\\/04\\\/image3-4-aspect-ratio-1400-788.jpg\",\"contentUrl\":\"https:\\\/\\\/transportjournal.com\\\/wp-content\\\/uploads\\\/sites\\\/2\\\/2026\\\/04\\\/image3-4-aspect-ratio-1400-788.jpg\",\"width\":1080,\"height\":608},{\"@type\":\"BreadcrumbList\",\"@id\":\"https:\\\/\\\/transportjournal.com\\\/de\\\/2026\\\/04\\\/29\\\/dp-world-wird-logistikpartner-von-porsche\\\/#breadcrumb\",\"itemListElement\":[{\"@type\":\"ListItem\",\"position\":1,\"name\":\"Startseite\",\"item\":\"https:\\\/\\\/transportjournal.com\\\/de\\\/\"},{\"@type\":\"ListItem\",\"position\":2,\"name\":\"DP World wird Logistikpartner von Porsche\"}]},{\"@type\":\"WebSite\",\"@id\":\"https:\\\/\\\/transportjournal.com\\\/de\\\/#website\",\"url\":\"https:\\\/\\\/transportjournal.com\\\/de\\\/\",\"name\":\"ITJ | International Transport Journal\",\"description\":\"Stay informed with the latest global news from the transport, logistics, and supply chain industries. Transport Journal delivers expert insights, analysis, and updates across shipping, aviation, intermodal, and forwarding.\",\"publisher\":{\"@id\":\"https:\\\/\\\/transportjournal.com\\\/de\\\/#organization\"},\"potentialAction\":[{\"@type\":\"SearchAction\",\"target\":{\"@type\":\"EntryPoint\",\"urlTemplate\":\"https:\\\/\\\/transportjournal.com\\\/de\\\/?s={search_term_string}\"},\"query-input\":{\"@type\":\"PropertyValueSpecification\",\"valueRequired\":true,\"valueName\":\"search_term_string\"}}],\"inLanguage\":\"de\"},{\"@type\":\"Organization\",\"@id\":\"https:\\\/\\\/transportjournal.com\\\/de\\\/#organization\",\"name\":\"Groupe Logismedia AG\",\"alternateName\":\"Logismedia Group AG\",\"url\":\"https:\\\/\\\/transportjournal.com\\\/de\\\/\",\"logo\":{\"@type\":\"ImageObject\",\"inLanguage\":\"de\",\"@id\":\"https:\\\/\\\/transportjournal.com\\\/de\\\/#\\\/schema\\\/logo\\\/image\\\/\",\"url\":\"https:\\\/\\\/transportjournal.com\\\/wp-content\\\/uploads\\\/sites\\\/2\\\/2025\\\/09\\\/Logo_ITJ.png\",\"contentUrl\":\"https:\\\/\\\/transportjournal.com\\\/wp-content\\\/uploads\\\/sites\\\/2\\\/2025\\\/09\\\/Logo_ITJ.png\",\"width\":799,\"height\":326,\"caption\":\"Groupe Logismedia AG\"},\"image\":{\"@id\":\"https:\\\/\\\/transportjournal.com\\\/de\\\/#\\\/schema\\\/logo\\\/image\\\/\"},\"sameAs\":[\"https:\\\/\\\/www.linkedin.com\\\/company\\\/56456496\\\/admin\\\/dashboard\\\/\",\"https:\\\/\\\/www.instagram.com\\\/logismediagroup\\\/\",\"https:\\\/\\\/www.youtube.com\\\/@LogiamediaGroupAG\"]},{\"@type\":\"Person\",\"@id\":\"https:\\\/\\\/transportjournal.com\\\/de\\\/#\\\/schema\\\/person\\\/cf538b3157f15afd7589245a4b3dbd25\",\"name\":\"Andreas Haug\",\"url\":\"https:\\\/\\\/transportjournal.com\\\/de\\\/author\\\/andreas\\\/\"}]}<\/script>\n<!-- \/ Yoast SEO plugin. -->","yoast_head_json":{"title":"DP World wird Logistikpartner von Porsche - ITJ | International Transport Journal","robots":{"index":"index","follow":"follow","max-snippet":"max-snippet:-1","max-image-preview":"max-image-preview:large","max-video-preview":"max-video-preview:-1"},"canonical":"https:\/\/transportjournal.com\/de\/2026\/04\/29\/dp-world-wird-logistikpartner-von-porsche\/","og_locale":"de_DE","og_type":"article","og_title":"DP World wird Logistikpartner von Porsche - ITJ | International Transport Journal","og_description":"DP World wurde als offizieller Logistikpartner des Porsche Formula E Teams benannt, um nachhaltige Mobilit\u00e4t und innovative L\u00f6sungen in der Automobillogistik zu f\u00f6rdern.","og_url":"https:\/\/transportjournal.com\/de\/2026\/04\/29\/dp-world-wird-logistikpartner-von-porsche\/","og_site_name":"ITJ | International Transport Journal","article_published_time":"2026-04-29T15:17:40+00:00","article_modified_time":"2026-04-29T15:36:58+00:00","og_image":[{"width":1080,"height":608,"url":"https:\/\/transportjournal.com\/wp-content\/uploads\/sites\/2\/2026\/04\/image3-4-aspect-ratio-1400-788.jpg","type":"image\/jpeg"}],"author":"Andreas Haug","twitter_card":"summary_large_image","twitter_misc":{"Verfasst von":"Andreas Haug","Gesch\u00e4tzte Lesezeit":"2\u00a0Minute"},"schema":{"@context":"https:\/\/schema.org","@graph":[{"@type":"Article","@id":"https:\/\/transportjournal.com\/de\/2026\/04\/29\/dp-world-wird-logistikpartner-von-porsche\/#article","isPartOf":{"@id":"https:\/\/transportjournal.com\/de\/2026\/04\/29\/dp-world-wird-logistikpartner-von-porsche\/"},"author":{"name":"Andreas Haug","@id":"https:\/\/transportjournal.com\/de\/#\/schema\/person\/cf538b3157f15afd7589245a4b3dbd25"},"headline":"DP World wird Logistikpartner von Porsche","datePublished":"2026-04-29T15:17:40+00:00","dateModified":"2026-04-29T15:36:58+00:00","mainEntityOfPage":{"@id":"https:\/\/transportjournal.com\/de\/2026\/04\/29\/dp-world-wird-logistikpartner-von-porsche\/"},"wordCount":426,"commentCount":0,"publisher":{"@id":"https:\/\/transportjournal.com\/de\/#organization"},"image":{"@id":"https:\/\/transportjournal.com\/de\/2026\/04\/29\/dp-world-wird-logistikpartner-von-porsche\/#primaryimage"},"thumbnailUrl":"https:\/\/transportjournal.com\/wp-content\/uploads\/sites\/2\/2026\/04\/image3-4-aspect-ratio-1400-788.jpg","keywords":["Automobillogistik","Automotive logistics","Berlin E-Prix","centre de production de Leipzig","cha\u00eene d'approvisionnement","commerce mondial","customer relationships","Deutsch DP World","electric vehicles","\u00e9lectromobilit\u00e9","electromobility","Elektrofahrzeuge","Elektromobilit\u00e4t","\u00e9nergies renouvelables","engineering excellence Fran\u00e7ais DP World","erneuerbare Energien","excellence en ing\u00e9nierie","Formel E","Formula E","Formule E","global trade","globaler Handel","industrie du transport","Ingenieurskunst English DP World","intelligente Logistik","Kundenbeziehungen","Leipzig production center","Lieferkette","logistics partner","logistics service providers","Logistikdienstleister","Logistikpartner","Logistique automobile","logistique intelligente","mobilit\u00e9 durable","nachhaltige Mobilit\u00e4t","partenaire logistique","Porsche","portefeuille sportif","Pr\u00e4zision im Motorsport","pr\u00e9cision en sport automobile","precision in motorsport","prestataires de services logistiques","Produktionszentrum Leipzig","relations clients","renewable energy","smart logistics","Sportportfolio","sports portfolio","Supply Chain","sustainable mobility","transport industry","Transportwirtschaft","v\u00e9hicules \u00e9lectriques"],"articleSection":["Deutschland","Europa","Naher Osten","Spedition &amp; Logistik"],"inLanguage":"de","potentialAction":[{"@type":"CommentAction","name":"Comment","target":["https:\/\/transportjournal.com\/de\/2026\/04\/29\/dp-world-wird-logistikpartner-von-porsche\/#respond"]}]},{"@type":"WebPage","@id":"https:\/\/transportjournal.com\/de\/2026\/04\/29\/dp-world-wird-logistikpartner-von-porsche\/","url":"https:\/\/transportjournal.com\/de\/2026\/04\/29\/dp-world-wird-logistikpartner-von-porsche\/","name":"DP World wird Logistikpartner von Porsche - ITJ | International Transport Journal","isPartOf":{"@id":"https:\/\/transportjournal.com\/de\/#website"},"primaryImageOfPage":{"@id":"https:\/\/transportjournal.com\/de\/2026\/04\/29\/dp-world-wird-logistikpartner-von-porsche\/#primaryimage"},"image":{"@id":"https:\/\/transportjournal.com\/de\/2026\/04\/29\/dp-world-wird-logistikpartner-von-porsche\/#primaryimage"},"thumbnailUrl":"https:\/\/transportjournal.com\/wp-content\/uploads\/sites\/2\/2026\/04\/image3-4-aspect-ratio-1400-788.jpg","datePublished":"2026-04-29T15:17:40+00:00","dateModified":"2026-04-29T15:36:58+00:00","breadcrumb":{"@id":"https:\/\/transportjournal.com\/de\/2026\/04\/29\/dp-world-wird-logistikpartner-von-porsche\/#breadcrumb"},"inLanguage":"de","potentialAction":[{"@type":"ReadAction","target":["https:\/\/transportjournal.com\/de\/2026\/04\/29\/dp-world-wird-logistikpartner-von-porsche\/"]}]},{"@type":"ImageObject","inLanguage":"de","@id":"https:\/\/transportjournal.com\/de\/2026\/04\/29\/dp-world-wird-logistikpartner-von-porsche\/#primaryimage","url":"https:\/\/transportjournal.com\/wp-content\/uploads\/sites\/2\/2026\/04\/image3-4-aspect-ratio-1400-788.jpg","contentUrl":"https:\/\/transportjournal.com\/wp-content\/uploads\/sites\/2\/2026\/04\/image3-4-aspect-ratio-1400-788.jpg","width":1080,"height":608},{"@type":"BreadcrumbList","@id":"https:\/\/transportjournal.com\/de\/2026\/04\/29\/dp-world-wird-logistikpartner-von-porsche\/#breadcrumb","itemListElement":[{"@type":"ListItem","position":1,"name":"Startseite","item":"https:\/\/transportjournal.com\/de\/"},{"@type":"ListItem","position":2,"name":"DP World wird Logistikpartner von Porsche"}]},{"@type":"WebSite","@id":"https:\/\/transportjournal.com\/de\/#website","url":"https:\/\/transportjournal.com\/de\/","name":"ITJ | International Transport Journal","description":"Stay informed with the latest global news from the transport, logistics, and supply chain industries. Transport Journal delivers expert insights, analysis, and updates across shipping, aviation, intermodal, and forwarding.","publisher":{"@id":"https:\/\/transportjournal.com\/de\/#organization"},"potentialAction":[{"@type":"SearchAction","target":{"@type":"EntryPoint","urlTemplate":"https:\/\/transportjournal.com\/de\/?s={search_term_string}"},"query-input":{"@type":"PropertyValueSpecification","valueRequired":true,"valueName":"search_term_string"}}],"inLanguage":"de"},{"@type":"Organization","@id":"https:\/\/transportjournal.com\/de\/#organization","name":"Groupe Logismedia AG","alternateName":"Logismedia Group AG","url":"https:\/\/transportjournal.com\/de\/","logo":{"@type":"ImageObject","inLanguage":"de","@id":"https:\/\/transportjournal.com\/de\/#\/schema\/logo\/image\/","url":"https:\/\/transportjournal.com\/wp-content\/uploads\/sites\/2\/2025\/09\/Logo_ITJ.png","contentUrl":"https:\/\/transportjournal.com\/wp-content\/uploads\/sites\/2\/2025\/09\/Logo_ITJ.png","width":799,"height":326,"caption":"Groupe Logismedia AG"},"image":{"@id":"https:\/\/transportjournal.com\/de\/#\/schema\/logo\/image\/"},"sameAs":["https:\/\/www.linkedin.com\/company\/56456496\/admin\/dashboard\/","https:\/\/www.instagram.com\/logismediagroup\/","https:\/\/www.youtube.com\/@LogiamediaGroupAG"]},{"@type":"Person","@id":"https:\/\/transportjournal.com\/de\/#\/schema\/person\/cf538b3157f15afd7589245a4b3dbd25","name":"Andreas Haug","url":"https:\/\/transportjournal.com\/de\/author\/andreas\/"}]}},"_links":{"self":[{"href":"https:\/\/transportjournal.com\/de\/wp-json\/wp\/v2\/posts\/87369","targetHints":{"allow":["GET"]}}],"collection":[{"href":"https:\/\/transportjournal.com\/de\/wp-json\/wp\/v2\/posts"}],"about":[{"href":"https:\/\/transportjournal.com\/de\/wp-json\/wp\/v2\/types\/post"}],"author":[{"embeddable":true,"href":"https:\/\/transportjournal.com\/de\/wp-json\/wp\/v2\/users\/12"}],"replies":[{"embeddable":true,"href":"https:\/\/transportjournal.com\/de\/wp-json\/wp\/v2\/comments?post=87369"}],"version-history":[{"count":2,"href":"https:\/\/transportjournal.com\/de\/wp-json\/wp\/v2\/posts\/87369\/revisions"}],"predecessor-version":[{"id":87391,"href":"https:\/\/transportjournal.com\/de\/wp-json\/wp\/v2\/posts\/87369\/revisions\/87391"}],"wp:featuredmedia":[{"embeddable":true,"href":"https:\/\/transportjournal.com\/de\/wp-json\/wp\/v2\/media\/87368"}],"wp:attachment":[{"href":"https:\/\/transportjournal.com\/de\/wp-json\/wp\/v2\/media?parent=87369"}],"wp:term":[{"taxonomy":"category","embeddable":true,"href":"https:\/\/transportjournal.com\/de\/wp-json\/wp\/v2\/categories?post=87369"},{"taxonomy":"post_tag","embeddable":true,"href":"https:\/\/transportjournal.com\/de\/wp-json\/wp\/v2\/tags?post=87369"}],"curies":[{"name":"wp","href":"https:\/\/api.w.org\/{rel}","templated":true}]}}