{"id":87286,"date":"2026-04-29T10:37:12","date_gmt":"2026-04-29T10:37:12","guid":{"rendered":"https:\/\/transportjournal.com\/2026\/04\/29\/premiers-besprechen-grenzinfrastruktur-zwischen-polen-und-der-ukraine\/"},"modified":"2026-04-29T10:37:12","modified_gmt":"2026-04-29T10:37:12","slug":"premiers-besprechen-grenzinfrastruktur-zwischen-polen-und-der-ukraine","status":"publish","type":"post","link":"https:\/\/transportjournal.com\/de\/2026\/04\/29\/premiers-besprechen-grenzinfrastruktur-zwischen-polen-und-der-ukraine\/","title":{"rendered":"Premiers besprechen Grenzinfrastruktur zwischen Polen und der Ukraine"},"content":{"rendered":"<p>W\u00e4hrend eines Arbeitsbesuchs in Polen traf die ukrainische Premierministerin Yuliia Svyrydenko mit ihrem polnischen Amtskollegen Donald Tusk zusammen. Im Mittelpunkt der Gespr\u00e4che standen die Vertiefung der Zusammenarbeit in den Bereichen Grenzinfrastruktur, Logistik und Strassenverkehr. Das Treffen fand in Rzesz\u00f3w statt, einer Stadt, die seit dem Start der Invasion in der Ukraine zu einem bedeutenden Logistikzentrum geworden ist, wie das Ministerium f\u00fcr Entwicklung der Communities und Gebiete der Ukraine mitteilt.<\/p>\n<h3>Fokus auf Grenzinfrastruktur<\/h3>\n<p>Ein zentrales Thema der Verhandlungen war die Entwicklung der Grenzinfrastruktur sowie die Verbesserung der Effizienz bei den Grenz\u00fcbertrittsverfahren. Die beiden Parteien diskutierten insbesondere die Vorbereitungen f\u00fcr eine Vereinbarung zur gemeinsamen Kontrolle an den Grenz\u00fcberg\u00e4ngen. Dies soll die \u00dcberfahrtszeiten verk\u00fcrzen, die Infrastruktur entlasten und planbarere Bedingungen f\u00fcr die Anbietenden schaffen.<\/p>\n<p>Ein weiterer Punkt der Gespr\u00e4che war die Registrierung ukrainischer Anbieter im polnischen SENT\/RMPD-System, bei dem technische Fragen gekl\u00e4rt werden sollen. Diese Massnahme ist gem\u00e4ss dem Ministerium entscheidend, um den Betrieb ukrainischer Transportunternehmen auf dem EU-Markt zu gew\u00e4hrleisten und zus\u00e4tzliche Verz\u00f6gerungen zu vermeiden.<\/p>\n<p><a href=\"https:\/\/mindev.gov.ua\/\" target=\"_blank\" rel=\"noopener noreferrer\">www.mindev.gov.ua<\/a><\/p>\n","protected":false},"excerpt":{"rendered":"<p>Die ukrainische Premierministerin Yuliia Svyrydenko und ihr Amtskollege aus Polen Donald Tusk besprachen in Rzesz\u00f3w die Verbesserung der Grenzinfrastruktur.<\/p>\n","protected":false},"author":10,"featured_media":87285,"comment_status":"open","ping_status":"","sticky":false,"template":"","format":"standard","meta":{"_acf_changed":false,"footnotes":""},"categories":[1575,1568],"tags":[43456,43457,5246,43458,3739,3353,3354,43459,43460,43461,43462,43463,43464,5136,43465,43466,43467,2858,3745,2075,5148,5256,43468,43469,43470,43471,43472,43473,43474,5112,3379,5151,43475,43476,43477,43478,43479,43480,43481,5119,43482,5120,43483,2889,43484,43485,2890,43486,43487,43488,43489],"class_list":["post-87286","post","type-post","status-publish","format-standard","has-post-thumbnail","hentry","category-europa","category-bahn-binnenschifffahrt-strasse","tag-border-crossing-procedures","tag-border-crossings-poland-ukraine","tag-cooperation-logistique","tag-deutsch-grenzinfrastruktur","tag-developpement-des-infrastructures","tag-digitalisierung-logistik","tag-digitalization-logistics","tag-efficacite-controle-frontalier","tag-efficiency-border-control","tag-effizienz-grenzkontrolle","tag-entreprises-de-transport-ukrainiennes","tag-eu-market-transport-companies","tag-eu-markt-transportunternehmen","tag-fachkraeftemangel-transport","tag-grenzuebergaenge-polen-ukraine","tag-grenzuebertrittsverfahren","tag-hub-logistique-rzeszow","tag-industrie-du-transport-europe","tag-infrastructure-development","tag-infrastrukturentwicklung","tag-labor-shortage-transport","tag-logistics-cooperation","tag-logistics-poland-ukraine","tag-logistik-polen-ukraine","tag-logistique-pologne-ukraine","tag-marche-de-lue-entreprises-de-transport","tag-ministere-du-developpement","tag-ministerium-fuer-entwicklung","tag-ministry-of-development","tag-nachhaltige-logistikloesungen","tag-numerisation-logistique","tag-penurie-de-main-doeuvre-transport","tag-planification-des-transports-europe","tag-points-de-passage-pologne-ukraine","tag-procedures-de-passage-de-frontiere","tag-road-transport-poland","tag-rzeszow-logistics-hub","tag-rzeszow-logistikzentrum","tag-sent-rmpd-system","tag-solutions-logistiques-durables","tag-strassenverkehr-polen","tag-sustainable-logistics-solutions","tag-systeme-sent-rmpd","tag-transport-industry-europe","tag-transport-planning-europe-francais-infrastructure-frontaliere","tag-transport-routier-pologne","tag-transportwirtschaft-europa","tag-ukrainian-transport-companies","tag-ukrainische-transportunternehmen","tag-verkehrsplanung-europa-english-border-infrastructure","tag-zusammenarbeit-logistik"],"acf":[],"yoast_head":"<!-- This site is optimized with the Yoast SEO plugin v27.3 - https:\/\/yoast.com\/product\/yoast-seo-wordpress\/ -->\n<title>Premiers besprechen Grenzinfrastruktur zwischen Polen und der Ukraine - ITJ | International Transport Journal<\/title>\n<meta name=\"robots\" content=\"index, follow, max-snippet:-1, max-image-preview:large, max-video-preview:-1\" \/>\n<link rel=\"canonical\" href=\"https:\/\/transportjournal.com\/de\/2026\/04\/29\/premiers-besprechen-grenzinfrastruktur-zwischen-polen-und-der-ukraine\/\" \/>\n<meta property=\"og:locale\" content=\"de_DE\" \/>\n<meta property=\"og:type\" content=\"article\" \/>\n<meta property=\"og:title\" content=\"Premiers besprechen Grenzinfrastruktur zwischen Polen und der Ukraine - ITJ | International Transport Journal\" \/>\n<meta property=\"og:description\" content=\"Die ukrainische Premierministerin Yuliia Svyrydenko und ihr Amtskollege aus Polen Donald Tusk besprachen in Rzesz\u00f3w die Verbesserung der Grenzinfrastruktur.\" \/>\n<meta property=\"og:url\" content=\"https:\/\/transportjournal.com\/de\/2026\/04\/29\/premiers-besprechen-grenzinfrastruktur-zwischen-polen-und-der-ukraine\/\" \/>\n<meta property=\"og:site_name\" content=\"ITJ | International Transport Journal\" \/>\n<meta property=\"article:published_time\" content=\"2026-04-29T10:37:12+00:00\" \/>\n<meta property=\"og:image\" content=\"https:\/\/transportjournal.com\/wp-content\/uploads\/sites\/2\/2026\/04\/AdobeStock_550205599-scaled-aspect-ratio-1400-788-scaled-1.jpeg\" \/>\n\t<meta property=\"og:image:width\" content=\"2560\" \/>\n\t<meta property=\"og:image:height\" content=\"1441\" \/>\n\t<meta property=\"og:image:type\" content=\"image\/jpeg\" \/>\n<meta name=\"author\" content=\"Jeremy Soland\" \/>\n<meta name=\"twitter:card\" content=\"summary_large_image\" \/>\n<meta name=\"twitter:label1\" content=\"Verfasst von\" \/>\n\t<meta name=\"twitter:data1\" content=\"Jeremy Soland\" \/>\n\t<meta name=\"twitter:label2\" content=\"Gesch\u00e4tzte Lesezeit\" \/>\n\t<meta name=\"twitter:data2\" content=\"1\u00a0Minute\" \/>\n<script type=\"application\/ld+json\" class=\"yoast-schema-graph\">{\"@context\":\"https:\\\/\\\/schema.org\",\"@graph\":[{\"@type\":\"Article\",\"@id\":\"https:\\\/\\\/transportjournal.com\\\/de\\\/2026\\\/04\\\/29\\\/premiers-besprechen-grenzinfrastruktur-zwischen-polen-und-der-ukraine\\\/#article\",\"isPartOf\":{\"@id\":\"https:\\\/\\\/transportjournal.com\\\/de\\\/2026\\\/04\\\/29\\\/premiers-besprechen-grenzinfrastruktur-zwischen-polen-und-der-ukraine\\\/\"},\"author\":{\"name\":\"Jeremy Soland\",\"@id\":\"https:\\\/\\\/transportjournal.com\\\/de\\\/#\\\/schema\\\/person\\\/41d36b5474b623392fa613e97e2363fa\"},\"headline\":\"Premiers besprechen Grenzinfrastruktur zwischen Polen und der Ukraine\",\"datePublished\":\"2026-04-29T10:37:12+00:00\",\"mainEntityOfPage\":{\"@id\":\"https:\\\/\\\/transportjournal.com\\\/de\\\/2026\\\/04\\\/29\\\/premiers-besprechen-grenzinfrastruktur-zwischen-polen-und-der-ukraine\\\/\"},\"wordCount\":192,\"commentCount\":0,\"publisher\":{\"@id\":\"https:\\\/\\\/transportjournal.com\\\/de\\\/#organization\"},\"image\":{\"@id\":\"https:\\\/\\\/transportjournal.com\\\/de\\\/2026\\\/04\\\/29\\\/premiers-besprechen-grenzinfrastruktur-zwischen-polen-und-der-ukraine\\\/#primaryimage\"},\"thumbnailUrl\":\"https:\\\/\\\/transportjournal.com\\\/wp-content\\\/uploads\\\/sites\\\/2\\\/2026\\\/04\\\/AdobeStock_550205599-scaled-aspect-ratio-1400-788-scaled-1.jpeg\",\"keywords\":[\"border crossing procedures\",\"border crossings Poland Ukraine\",\"coop\u00e9ration logistique\",\"Deutsch Grenzinfrastruktur\",\"d\u00e9veloppement des infrastructures\",\"Digitalisierung Logistik\",\"digitalization logistics\",\"efficacit\u00e9 contr\u00f4le frontalier\",\"efficiency border control\",\"Effizienz Grenzkontrolle\",\"entreprises de transport ukrainiennes\",\"EU market transport companies\",\"EU-Markt Transportunternehmen\",\"Fachkr\u00e4ftemangel Transport\",\"Grenz\u00fcberg\u00e4nge Polen Ukraine\",\"Grenz\u00fcbertrittsverfahren\",\"hub logistique Rzesz\u00f3w\",\"industrie du transport Europe\",\"infrastructure development\",\"Infrastrukturentwicklung\",\"labor shortage transport\",\"logistics cooperation\",\"logistics Poland Ukraine\",\"Logistik Polen Ukraine\",\"logistique Pologne Ukraine\",\"march\u00e9 de l'UE entreprises de transport\",\"minist\u00e8re du D\u00e9veloppement\",\"Ministerium f\u00fcr Entwicklung\",\"Ministry of Development\",\"nachhaltige Logistikl\u00f6sungen\",\"num\u00e9risation logistique\",\"p\u00e9nurie de main-d'\u0153uvre transport\",\"planification des transports Europe\",\"points de passage Pologne Ukraine\",\"proc\u00e9dures de passage de fronti\u00e8re\",\"road transport Poland\",\"Rzesz\u00f3w logistics hub\",\"Rzesz\u00f3w Logistikzentrum\",\"SENT\\\/RMPD-System\",\"solutions logistiques durables\",\"Stra\u00dfenverkehr Polen\",\"sustainable logistics solutions\",\"syst\u00e8me SENT\\\/RMPD\",\"transport industry Europe\",\"transport planning Europe Fran\u00e7ais Infrastructure frontali\u00e8re\",\"transport routier Pologne\",\"Transportwirtschaft Europa\",\"Ukrainian transport companies\",\"ukrainische Transportunternehmen\",\"Verkehrsplanung Europa English Border infrastructure\",\"Zusammenarbeit Logistik\"],\"articleSection\":[\"Europa\",\"Intermodal \\\/ Stra\u00dfe\"],\"inLanguage\":\"de\",\"potentialAction\":[{\"@type\":\"CommentAction\",\"name\":\"Comment\",\"target\":[\"https:\\\/\\\/transportjournal.com\\\/de\\\/2026\\\/04\\\/29\\\/premiers-besprechen-grenzinfrastruktur-zwischen-polen-und-der-ukraine\\\/#respond\"]}]},{\"@type\":\"WebPage\",\"@id\":\"https:\\\/\\\/transportjournal.com\\\/de\\\/2026\\\/04\\\/29\\\/premiers-besprechen-grenzinfrastruktur-zwischen-polen-und-der-ukraine\\\/\",\"url\":\"https:\\\/\\\/transportjournal.com\\\/de\\\/2026\\\/04\\\/29\\\/premiers-besprechen-grenzinfrastruktur-zwischen-polen-und-der-ukraine\\\/\",\"name\":\"Premiers besprechen Grenzinfrastruktur zwischen Polen und der Ukraine - ITJ | International Transport Journal\",\"isPartOf\":{\"@id\":\"https:\\\/\\\/transportjournal.com\\\/de\\\/#website\"},\"primaryImageOfPage\":{\"@id\":\"https:\\\/\\\/transportjournal.com\\\/de\\\/2026\\\/04\\\/29\\\/premiers-besprechen-grenzinfrastruktur-zwischen-polen-und-der-ukraine\\\/#primaryimage\"},\"image\":{\"@id\":\"https:\\\/\\\/transportjournal.com\\\/de\\\/2026\\\/04\\\/29\\\/premiers-besprechen-grenzinfrastruktur-zwischen-polen-und-der-ukraine\\\/#primaryimage\"},\"thumbnailUrl\":\"https:\\\/\\\/transportjournal.com\\\/wp-content\\\/uploads\\\/sites\\\/2\\\/2026\\\/04\\\/AdobeStock_550205599-scaled-aspect-ratio-1400-788-scaled-1.jpeg\",\"datePublished\":\"2026-04-29T10:37:12+00:00\",\"breadcrumb\":{\"@id\":\"https:\\\/\\\/transportjournal.com\\\/de\\\/2026\\\/04\\\/29\\\/premiers-besprechen-grenzinfrastruktur-zwischen-polen-und-der-ukraine\\\/#breadcrumb\"},\"inLanguage\":\"de\",\"potentialAction\":[{\"@type\":\"ReadAction\",\"target\":[\"https:\\\/\\\/transportjournal.com\\\/de\\\/2026\\\/04\\\/29\\\/premiers-besprechen-grenzinfrastruktur-zwischen-polen-und-der-ukraine\\\/\"]}]},{\"@type\":\"ImageObject\",\"inLanguage\":\"de\",\"@id\":\"https:\\\/\\\/transportjournal.com\\\/de\\\/2026\\\/04\\\/29\\\/premiers-besprechen-grenzinfrastruktur-zwischen-polen-und-der-ukraine\\\/#primaryimage\",\"url\":\"https:\\\/\\\/transportjournal.com\\\/wp-content\\\/uploads\\\/sites\\\/2\\\/2026\\\/04\\\/AdobeStock_550205599-scaled-aspect-ratio-1400-788-scaled-1.jpeg\",\"contentUrl\":\"https:\\\/\\\/transportjournal.com\\\/wp-content\\\/uploads\\\/sites\\\/2\\\/2026\\\/04\\\/AdobeStock_550205599-scaled-aspect-ratio-1400-788-scaled-1.jpeg\",\"width\":2560,\"height\":1441},{\"@type\":\"BreadcrumbList\",\"@id\":\"https:\\\/\\\/transportjournal.com\\\/de\\\/2026\\\/04\\\/29\\\/premiers-besprechen-grenzinfrastruktur-zwischen-polen-und-der-ukraine\\\/#breadcrumb\",\"itemListElement\":[{\"@type\":\"ListItem\",\"position\":1,\"name\":\"Startseite\",\"item\":\"https:\\\/\\\/transportjournal.com\\\/de\\\/\"},{\"@type\":\"ListItem\",\"position\":2,\"name\":\"Premiers besprechen Grenzinfrastruktur zwischen Polen und der Ukraine\"}]},{\"@type\":\"WebSite\",\"@id\":\"https:\\\/\\\/transportjournal.com\\\/de\\\/#website\",\"url\":\"https:\\\/\\\/transportjournal.com\\\/de\\\/\",\"name\":\"ITJ | International Transport Journal\",\"description\":\"Stay informed with the latest global news from the transport, logistics, and supply chain industries. Transport Journal delivers expert insights, analysis, and updates across shipping, aviation, intermodal, and forwarding.\",\"publisher\":{\"@id\":\"https:\\\/\\\/transportjournal.com\\\/de\\\/#organization\"},\"potentialAction\":[{\"@type\":\"SearchAction\",\"target\":{\"@type\":\"EntryPoint\",\"urlTemplate\":\"https:\\\/\\\/transportjournal.com\\\/de\\\/?s={search_term_string}\"},\"query-input\":{\"@type\":\"PropertyValueSpecification\",\"valueRequired\":true,\"valueName\":\"search_term_string\"}}],\"inLanguage\":\"de\"},{\"@type\":\"Organization\",\"@id\":\"https:\\\/\\\/transportjournal.com\\\/de\\\/#organization\",\"name\":\"Groupe Logismedia AG\",\"alternateName\":\"Logismedia Group AG\",\"url\":\"https:\\\/\\\/transportjournal.com\\\/de\\\/\",\"logo\":{\"@type\":\"ImageObject\",\"inLanguage\":\"de\",\"@id\":\"https:\\\/\\\/transportjournal.com\\\/de\\\/#\\\/schema\\\/logo\\\/image\\\/\",\"url\":\"https:\\\/\\\/transportjournal.com\\\/wp-content\\\/uploads\\\/sites\\\/2\\\/2025\\\/09\\\/Logo_ITJ.png\",\"contentUrl\":\"https:\\\/\\\/transportjournal.com\\\/wp-content\\\/uploads\\\/sites\\\/2\\\/2025\\\/09\\\/Logo_ITJ.png\",\"width\":799,\"height\":326,\"caption\":\"Groupe Logismedia AG\"},\"image\":{\"@id\":\"https:\\\/\\\/transportjournal.com\\\/de\\\/#\\\/schema\\\/logo\\\/image\\\/\"},\"sameAs\":[\"https:\\\/\\\/www.linkedin.com\\\/company\\\/56456496\\\/admin\\\/dashboard\\\/\",\"https:\\\/\\\/www.instagram.com\\\/logismediagroup\\\/\",\"https:\\\/\\\/www.youtube.com\\\/@LogiamediaGroupAG\"]},{\"@type\":\"Person\",\"@id\":\"https:\\\/\\\/transportjournal.com\\\/de\\\/#\\\/schema\\\/person\\\/41d36b5474b623392fa613e97e2363fa\",\"name\":\"Jeremy Soland\",\"url\":\"https:\\\/\\\/transportjournal.com\\\/de\\\/author\\\/jeremy\\\/\"}]}<\/script>\n<!-- \/ Yoast SEO plugin. -->","yoast_head_json":{"title":"Premiers besprechen Grenzinfrastruktur zwischen Polen und der Ukraine - ITJ | International Transport Journal","robots":{"index":"index","follow":"follow","max-snippet":"max-snippet:-1","max-image-preview":"max-image-preview:large","max-video-preview":"max-video-preview:-1"},"canonical":"https:\/\/transportjournal.com\/de\/2026\/04\/29\/premiers-besprechen-grenzinfrastruktur-zwischen-polen-und-der-ukraine\/","og_locale":"de_DE","og_type":"article","og_title":"Premiers besprechen Grenzinfrastruktur zwischen Polen und der Ukraine - ITJ | International Transport Journal","og_description":"Die ukrainische Premierministerin Yuliia Svyrydenko und ihr Amtskollege aus Polen Donald Tusk besprachen in Rzesz\u00f3w die Verbesserung der Grenzinfrastruktur.","og_url":"https:\/\/transportjournal.com\/de\/2026\/04\/29\/premiers-besprechen-grenzinfrastruktur-zwischen-polen-und-der-ukraine\/","og_site_name":"ITJ | International Transport Journal","article_published_time":"2026-04-29T10:37:12+00:00","og_image":[{"width":2560,"height":1441,"url":"https:\/\/transportjournal.com\/wp-content\/uploads\/sites\/2\/2026\/04\/AdobeStock_550205599-scaled-aspect-ratio-1400-788-scaled-1.jpeg","type":"image\/jpeg"}],"author":"Jeremy Soland","twitter_card":"summary_large_image","twitter_misc":{"Verfasst von":"Jeremy Soland","Gesch\u00e4tzte Lesezeit":"1\u00a0Minute"},"schema":{"@context":"https:\/\/schema.org","@graph":[{"@type":"Article","@id":"https:\/\/transportjournal.com\/de\/2026\/04\/29\/premiers-besprechen-grenzinfrastruktur-zwischen-polen-und-der-ukraine\/#article","isPartOf":{"@id":"https:\/\/transportjournal.com\/de\/2026\/04\/29\/premiers-besprechen-grenzinfrastruktur-zwischen-polen-und-der-ukraine\/"},"author":{"name":"Jeremy Soland","@id":"https:\/\/transportjournal.com\/de\/#\/schema\/person\/41d36b5474b623392fa613e97e2363fa"},"headline":"Premiers besprechen Grenzinfrastruktur zwischen Polen und der Ukraine","datePublished":"2026-04-29T10:37:12+00:00","mainEntityOfPage":{"@id":"https:\/\/transportjournal.com\/de\/2026\/04\/29\/premiers-besprechen-grenzinfrastruktur-zwischen-polen-und-der-ukraine\/"},"wordCount":192,"commentCount":0,"publisher":{"@id":"https:\/\/transportjournal.com\/de\/#organization"},"image":{"@id":"https:\/\/transportjournal.com\/de\/2026\/04\/29\/premiers-besprechen-grenzinfrastruktur-zwischen-polen-und-der-ukraine\/#primaryimage"},"thumbnailUrl":"https:\/\/transportjournal.com\/wp-content\/uploads\/sites\/2\/2026\/04\/AdobeStock_550205599-scaled-aspect-ratio-1400-788-scaled-1.jpeg","keywords":["border crossing procedures","border crossings Poland Ukraine","coop\u00e9ration logistique","Deutsch Grenzinfrastruktur","d\u00e9veloppement des infrastructures","Digitalisierung Logistik","digitalization logistics","efficacit\u00e9 contr\u00f4le frontalier","efficiency border control","Effizienz Grenzkontrolle","entreprises de transport ukrainiennes","EU market transport companies","EU-Markt Transportunternehmen","Fachkr\u00e4ftemangel Transport","Grenz\u00fcberg\u00e4nge Polen Ukraine","Grenz\u00fcbertrittsverfahren","hub logistique Rzesz\u00f3w","industrie du transport Europe","infrastructure development","Infrastrukturentwicklung","labor shortage transport","logistics cooperation","logistics Poland Ukraine","Logistik Polen Ukraine","logistique Pologne Ukraine","march\u00e9 de l'UE entreprises de transport","minist\u00e8re du D\u00e9veloppement","Ministerium f\u00fcr Entwicklung","Ministry of Development","nachhaltige Logistikl\u00f6sungen","num\u00e9risation logistique","p\u00e9nurie de main-d'\u0153uvre transport","planification des transports Europe","points de passage Pologne Ukraine","proc\u00e9dures de passage de fronti\u00e8re","road transport Poland","Rzesz\u00f3w logistics hub","Rzesz\u00f3w Logistikzentrum","SENT\/RMPD-System","solutions logistiques durables","Stra\u00dfenverkehr Polen","sustainable logistics solutions","syst\u00e8me SENT\/RMPD","transport industry Europe","transport planning Europe Fran\u00e7ais Infrastructure frontali\u00e8re","transport routier Pologne","Transportwirtschaft Europa","Ukrainian transport companies","ukrainische Transportunternehmen","Verkehrsplanung Europa English Border infrastructure","Zusammenarbeit Logistik"],"articleSection":["Europa","Intermodal \/ Stra\u00dfe"],"inLanguage":"de","potentialAction":[{"@type":"CommentAction","name":"Comment","target":["https:\/\/transportjournal.com\/de\/2026\/04\/29\/premiers-besprechen-grenzinfrastruktur-zwischen-polen-und-der-ukraine\/#respond"]}]},{"@type":"WebPage","@id":"https:\/\/transportjournal.com\/de\/2026\/04\/29\/premiers-besprechen-grenzinfrastruktur-zwischen-polen-und-der-ukraine\/","url":"https:\/\/transportjournal.com\/de\/2026\/04\/29\/premiers-besprechen-grenzinfrastruktur-zwischen-polen-und-der-ukraine\/","name":"Premiers besprechen Grenzinfrastruktur zwischen Polen und der Ukraine - ITJ | International Transport Journal","isPartOf":{"@id":"https:\/\/transportjournal.com\/de\/#website"},"primaryImageOfPage":{"@id":"https:\/\/transportjournal.com\/de\/2026\/04\/29\/premiers-besprechen-grenzinfrastruktur-zwischen-polen-und-der-ukraine\/#primaryimage"},"image":{"@id":"https:\/\/transportjournal.com\/de\/2026\/04\/29\/premiers-besprechen-grenzinfrastruktur-zwischen-polen-und-der-ukraine\/#primaryimage"},"thumbnailUrl":"https:\/\/transportjournal.com\/wp-content\/uploads\/sites\/2\/2026\/04\/AdobeStock_550205599-scaled-aspect-ratio-1400-788-scaled-1.jpeg","datePublished":"2026-04-29T10:37:12+00:00","breadcrumb":{"@id":"https:\/\/transportjournal.com\/de\/2026\/04\/29\/premiers-besprechen-grenzinfrastruktur-zwischen-polen-und-der-ukraine\/#breadcrumb"},"inLanguage":"de","potentialAction":[{"@type":"ReadAction","target":["https:\/\/transportjournal.com\/de\/2026\/04\/29\/premiers-besprechen-grenzinfrastruktur-zwischen-polen-und-der-ukraine\/"]}]},{"@type":"ImageObject","inLanguage":"de","@id":"https:\/\/transportjournal.com\/de\/2026\/04\/29\/premiers-besprechen-grenzinfrastruktur-zwischen-polen-und-der-ukraine\/#primaryimage","url":"https:\/\/transportjournal.com\/wp-content\/uploads\/sites\/2\/2026\/04\/AdobeStock_550205599-scaled-aspect-ratio-1400-788-scaled-1.jpeg","contentUrl":"https:\/\/transportjournal.com\/wp-content\/uploads\/sites\/2\/2026\/04\/AdobeStock_550205599-scaled-aspect-ratio-1400-788-scaled-1.jpeg","width":2560,"height":1441},{"@type":"BreadcrumbList","@id":"https:\/\/transportjournal.com\/de\/2026\/04\/29\/premiers-besprechen-grenzinfrastruktur-zwischen-polen-und-der-ukraine\/#breadcrumb","itemListElement":[{"@type":"ListItem","position":1,"name":"Startseite","item":"https:\/\/transportjournal.com\/de\/"},{"@type":"ListItem","position":2,"name":"Premiers besprechen Grenzinfrastruktur zwischen Polen und der Ukraine"}]},{"@type":"WebSite","@id":"https:\/\/transportjournal.com\/de\/#website","url":"https:\/\/transportjournal.com\/de\/","name":"ITJ | International Transport Journal","description":"Stay informed with the latest global news from the transport, logistics, and supply chain industries. Transport Journal delivers expert insights, analysis, and updates across shipping, aviation, intermodal, and forwarding.","publisher":{"@id":"https:\/\/transportjournal.com\/de\/#organization"},"potentialAction":[{"@type":"SearchAction","target":{"@type":"EntryPoint","urlTemplate":"https:\/\/transportjournal.com\/de\/?s={search_term_string}"},"query-input":{"@type":"PropertyValueSpecification","valueRequired":true,"valueName":"search_term_string"}}],"inLanguage":"de"},{"@type":"Organization","@id":"https:\/\/transportjournal.com\/de\/#organization","name":"Groupe Logismedia AG","alternateName":"Logismedia Group AG","url":"https:\/\/transportjournal.com\/de\/","logo":{"@type":"ImageObject","inLanguage":"de","@id":"https:\/\/transportjournal.com\/de\/#\/schema\/logo\/image\/","url":"https:\/\/transportjournal.com\/wp-content\/uploads\/sites\/2\/2025\/09\/Logo_ITJ.png","contentUrl":"https:\/\/transportjournal.com\/wp-content\/uploads\/sites\/2\/2025\/09\/Logo_ITJ.png","width":799,"height":326,"caption":"Groupe Logismedia AG"},"image":{"@id":"https:\/\/transportjournal.com\/de\/#\/schema\/logo\/image\/"},"sameAs":["https:\/\/www.linkedin.com\/company\/56456496\/admin\/dashboard\/","https:\/\/www.instagram.com\/logismediagroup\/","https:\/\/www.youtube.com\/@LogiamediaGroupAG"]},{"@type":"Person","@id":"https:\/\/transportjournal.com\/de\/#\/schema\/person\/41d36b5474b623392fa613e97e2363fa","name":"Jeremy Soland","url":"https:\/\/transportjournal.com\/de\/author\/jeremy\/"}]}},"_links":{"self":[{"href":"https:\/\/transportjournal.com\/de\/wp-json\/wp\/v2\/posts\/87286","targetHints":{"allow":["GET"]}}],"collection":[{"href":"https:\/\/transportjournal.com\/de\/wp-json\/wp\/v2\/posts"}],"about":[{"href":"https:\/\/transportjournal.com\/de\/wp-json\/wp\/v2\/types\/post"}],"author":[{"embeddable":true,"href":"https:\/\/transportjournal.com\/de\/wp-json\/wp\/v2\/users\/10"}],"replies":[{"embeddable":true,"href":"https:\/\/transportjournal.com\/de\/wp-json\/wp\/v2\/comments?post=87286"}],"version-history":[{"count":0,"href":"https:\/\/transportjournal.com\/de\/wp-json\/wp\/v2\/posts\/87286\/revisions"}],"wp:featuredmedia":[{"embeddable":true,"href":"https:\/\/transportjournal.com\/de\/wp-json\/wp\/v2\/media\/87285"}],"wp:attachment":[{"href":"https:\/\/transportjournal.com\/de\/wp-json\/wp\/v2\/media?parent=87286"}],"wp:term":[{"taxonomy":"category","embeddable":true,"href":"https:\/\/transportjournal.com\/de\/wp-json\/wp\/v2\/categories?post=87286"},{"taxonomy":"post_tag","embeddable":true,"href":"https:\/\/transportjournal.com\/de\/wp-json\/wp\/v2\/tags?post=87286"}],"curies":[{"name":"wp","href":"https:\/\/api.w.org\/{rel}","templated":true}]}}