{"id":87263,"date":"2026-04-29T10:32:31","date_gmt":"2026-04-29T10:32:31","guid":{"rendered":"https:\/\/transportjournal.com\/2026\/04\/29\/temporaeres-nachtfahrverbot-am-brenner\/"},"modified":"2026-04-29T14:43:47","modified_gmt":"2026-04-29T12:43:47","slug":"temporaeres-nachtfahrverbot-am-brenner","status":"publish","type":"post","link":"https:\/\/transportjournal.com\/de\/2026\/04\/29\/temporaeres-nachtfahrverbot-am-brenner\/","title":{"rendered":"Tempor\u00e4res Nachtfahrverbot am Brenner"},"content":{"rendered":"<p>Auf der Luegbr\u00fccke der Brenner Autobahn (A13) kommt es zwischen dem 4. und 9. Mai zu Einschr\u00e4nkungen. Wie der Landesverband Bayerischer Transport- und Logistikunternehmen (LBT) und die Verkehrsrundschau mitteilen, steht tags\u00fcber nur eine Fahrspur je Richtung zur Verf\u00fcgung. Grund sind Sanierungsarbeiten an der Fahrbahn, die \u00fcberwiegend nachts erfolgen sollen.<\/p>\n<p>In diesem Zeitraum gelten zus\u00e4tzliche Fahrverbote. Fahrzeuge \u00fcber 3,5 t d\u00fcrfen von Montag bis Donnerstag zwischen 22 Uhr und 5 Uhr den Abschnitt zwischen Matrei-Steinach und Brenner Nord nicht befahren. Zudem gilt ein vorgelagertes Verbot auf der A12 Inntal Autobahn und der A13, sofern das Ziel \u00fcber den betroffenen Abschnitt f\u00fchrt.<\/p>\n<p>Der LBT weist darauf hin, dass die Regelung f\u00fcr alle Lkw gilt. Auch Transporte mit Ausnahmen, etwa f\u00fcr verderbliche Waren, sind in diesem Zeitraum betroffen.<\/p>\n","protected":false},"excerpt":{"rendered":"<p>Zwischen dem 4. und 9. Mai kommt es auf der Brenner Autobahn zu Fahrspurverengungen und Fahrverboten f\u00fcr Lkw.<\/p>\n","protected":false},"author":14,"featured_media":87262,"comment_status":"open","ping_status":"","sticky":false,"template":"","format":"standard","meta":{"_acf_changed":false,"footnotes":""},"categories":[1575,1568,1569],"tags":[43378,43379,43380,43381,43382,43383,43384,43385,43386,43387,43388,43389,43390,43391,43392,43393,43394,43395,43396,43397,43398,43399,43400,43401,2467,2470,43402,43403,43404,43405,43406,43407,43408,43409,43410,43411,43412,43413,43414,43415,43416,43417,2484,43418,43419,43420,43421,43422,43423,43424,9691,43425,43426,43427,43428,43429,43430],"class_list":["post-87263","post","type-post","status-publish","format-standard","has-post-thumbnail","hentry","category-europa","category-bahn-binnenschifffahrt-strasse","category-logistik-spedition","tag-a12-inntal-autobahn","tag-a12-inntal-highway","tag-a13-einschraenkungen","tag-a13-restrictions","tag-association-des-transporteurs-bavarois","tag-autoroute-a12-inntal","tag-bavarian-transport-association","tag-bayerischer-transportverband","tag-brenner-infrastructure","tag-deutsch-brenner-autobahn","tag-economie-du-transport-baviere","tag-entreprises-de-transport-et-logistique","tag-fahrbahn-sanierung","tag-fahrspuren-einschraenkungen-english-brenner-highway","tag-fahrverbot-lkw","tag-fermeture-nocturne-poids-lourds","tag-freight-transport-brenner","tag-gueterverkehr-brenner","tag-infrastructure-brenner","tag-infrastruktur-brenner","tag-interdiction-de-circulation-nocturne-brenner","tag-interdiction-de-circulation-poids-lourds","tag-lane-restrictions-francais-autoroute-brenner","tag-lkw-fahrverbot","tag-logistics-industry-germany","tag-logistikbranche-deutschland","tag-lueg-bridge","tag-luegbruecke","tag-nachtfahrverbot-brenner","tag-nachtsperre-lkw","tag-night-closure-trucks","tag-night-driving-ban-brenner","tag-pont-lueg","tag-reglementations-de-circulation-brenner","tag-reparation-de-la-chaussee","tag-restrictions-a13","tag-restrictions-de-voies","tag-restrictions-temporaires-de-circulation","tag-revue-du-trafic","tag-road-maintenance-highway","tag-road-surface-repair","tag-sanierungsarbeiten-autobahn","tag-secteur-logistique-allemagne","tag-temporaere-verkehrseinschraenkungen","tag-temporary-traffic-restrictions","tag-traffic-regulations-brenner","tag-traffic-round-up","tag-transport-and-logistics-companies","tag-transport-de-marchandises-brenner","tag-transport-economy-bavaria","tag-transport-und-logistikunternehmen","tag-transportwirtschaft-bayern","tag-travaux-de-maintenance-autoroute","tag-truck-driving-ban","tag-truck-traffic-ban","tag-verkehrsregelungen-brenner","tag-verkehrsrundschau"],"acf":[],"yoast_head":"<!-- This site is optimized with the Yoast SEO plugin v27.3 - https:\/\/yoast.com\/product\/yoast-seo-wordpress\/ -->\n<title>Tempor\u00e4res Nachtfahrverbot am Brenner - ITJ | International Transport Journal<\/title>\n<meta name=\"robots\" content=\"index, follow, max-snippet:-1, max-image-preview:large, max-video-preview:-1\" \/>\n<link rel=\"canonical\" href=\"https:\/\/transportjournal.com\/de\/2026\/04\/29\/temporaeres-nachtfahrverbot-am-brenner\/\" \/>\n<meta property=\"og:locale\" content=\"de_DE\" \/>\n<meta property=\"og:type\" content=\"article\" \/>\n<meta property=\"og:title\" content=\"Tempor\u00e4res Nachtfahrverbot am Brenner - ITJ | International Transport Journal\" \/>\n<meta property=\"og:description\" content=\"Zwischen dem 4. und 9. Mai kommt es auf der Brenner Autobahn zu Fahrspurverengungen und Fahrverboten f\u00fcr Lkw.\" \/>\n<meta property=\"og:url\" content=\"https:\/\/transportjournal.com\/de\/2026\/04\/29\/temporaeres-nachtfahrverbot-am-brenner\/\" \/>\n<meta property=\"og:site_name\" content=\"ITJ | International Transport Journal\" \/>\n<meta property=\"article:published_time\" content=\"2026-04-29T10:32:31+00:00\" \/>\n<meta property=\"article:modified_time\" content=\"2026-04-29T12:43:47+00:00\" \/>\n<meta property=\"og:image\" content=\"https:\/\/transportjournal.com\/wp-content\/uploads\/sites\/2\/2026\/04\/Brenner-Pass-Strasse-Foto-Adobe-Stock-Franke-182_AdobeStock_111222275-scaled-aspect-ratio-1400-788-scaled-1.jpeg\" \/>\n\t<meta property=\"og:image:width\" content=\"2560\" \/>\n\t<meta property=\"og:image:height\" content=\"1441\" \/>\n\t<meta property=\"og:image:type\" content=\"image\/jpeg\" \/>\n<meta name=\"author\" content=\"Gyan Sharan\" \/>\n<meta name=\"twitter:card\" content=\"summary_large_image\" \/>\n<meta name=\"twitter:label1\" content=\"Verfasst von\" \/>\n\t<meta name=\"twitter:data1\" content=\"Gyan Sharan\" \/>\n\t<meta name=\"twitter:label2\" content=\"Gesch\u00e4tzte Lesezeit\" \/>\n\t<meta name=\"twitter:data2\" content=\"1\u00a0Minute\" \/>\n<script type=\"application\/ld+json\" class=\"yoast-schema-graph\">{\"@context\":\"https:\\\/\\\/schema.org\",\"@graph\":[{\"@type\":\"Article\",\"@id\":\"https:\\\/\\\/transportjournal.com\\\/de\\\/2026\\\/04\\\/29\\\/temporaeres-nachtfahrverbot-am-brenner\\\/#article\",\"isPartOf\":{\"@id\":\"https:\\\/\\\/transportjournal.com\\\/de\\\/2026\\\/04\\\/29\\\/temporaeres-nachtfahrverbot-am-brenner\\\/\"},\"author\":{\"name\":\"Gyan Sharan\",\"@id\":\"https:\\\/\\\/transportjournal.com\\\/de\\\/#\\\/schema\\\/person\\\/13a9fc605c753db60ef7750a229cd042\"},\"headline\":\"Tempor\u00e4res Nachtfahrverbot am Brenner\",\"datePublished\":\"2026-04-29T10:32:31+00:00\",\"dateModified\":\"2026-04-29T12:43:47+00:00\",\"mainEntityOfPage\":{\"@id\":\"https:\\\/\\\/transportjournal.com\\\/de\\\/2026\\\/04\\\/29\\\/temporaeres-nachtfahrverbot-am-brenner\\\/\"},\"wordCount\":134,\"commentCount\":0,\"publisher\":{\"@id\":\"https:\\\/\\\/transportjournal.com\\\/de\\\/#organization\"},\"image\":{\"@id\":\"https:\\\/\\\/transportjournal.com\\\/de\\\/2026\\\/04\\\/29\\\/temporaeres-nachtfahrverbot-am-brenner\\\/#primaryimage\"},\"thumbnailUrl\":\"https:\\\/\\\/transportjournal.com\\\/wp-content\\\/uploads\\\/sites\\\/2\\\/2026\\\/04\\\/Brenner-Pass-Strasse-Foto-Adobe-Stock-Franke-182_AdobeStock_111222275-scaled-aspect-ratio-1400-788-scaled-1.jpeg\",\"keywords\":[\"A12 Inntal Autobahn\",\"A12 Inntal Highway\",\"A13 Einschr\u00e4nkungen\",\"A13 restrictions\",\"association des transporteurs bavarois\",\"autoroute A12 Inntal\",\"Bavarian Transport Association\",\"Bayerischer Transportverband\",\"Brenner infrastructure\",\"Deutsch Brenner Autobahn\",\"\u00e9conomie du transport Bavi\u00e8re\",\"entreprises de transport et logistique\",\"Fahrbahn Sanierung\",\"Fahrspuren Einschr\u00e4nkungen English Brenner Highway\",\"Fahrverbot Lkw\",\"fermeture nocturne poids lourds\",\"freight transport Brenner\",\"G\u00fcterverkehr Brenner\",\"infrastructure Brenner\",\"Infrastruktur Brenner\",\"interdiction de circulation nocturne Brenner\",\"interdiction de circulation poids lourds\",\"lane restrictions Fran\u00e7ais Autoroute Brenner\",\"Lkw Fahrverbot\",\"logistics industry Germany\",\"Logistikbranche Deutschland\",\"Lueg Bridge\",\"Luegbr\u00fccke\",\"Nachtfahrverbot Brenner\",\"Nachtsperre Lkw\",\"night closure trucks\",\"night driving ban Brenner\",\"pont Lueg\",\"r\u00e9glementations de circulation Brenner\",\"r\u00e9paration de la chauss\u00e9e\",\"restrictions A13\",\"restrictions de voies\",\"restrictions temporaires de circulation\",\"revue du trafic\",\"road maintenance highway\",\"road surface repair\",\"Sanierungsarbeiten Autobahn\",\"secteur logistique Allemagne\",\"tempor\u00e4re Verkehrseinschr\u00e4nkungen\",\"temporary traffic restrictions\",\"traffic regulations Brenner\",\"traffic round-up\",\"transport and logistics companies\",\"transport de marchandises Brenner\",\"transport economy Bavaria\",\"Transport- und Logistikunternehmen\",\"Transportwirtschaft Bayern\",\"travaux de maintenance autoroute\",\"truck driving ban\",\"truck traffic ban\",\"Verkehrsregelungen Brenner\",\"Verkehrsrundschau\"],\"articleSection\":[\"Europa\",\"Intermodal \\\/ Stra\u00dfe\",\"Spedition &amp; Logistik\"],\"inLanguage\":\"de\",\"potentialAction\":[{\"@type\":\"CommentAction\",\"name\":\"Comment\",\"target\":[\"https:\\\/\\\/transportjournal.com\\\/de\\\/2026\\\/04\\\/29\\\/temporaeres-nachtfahrverbot-am-brenner\\\/#respond\"]}]},{\"@type\":\"WebPage\",\"@id\":\"https:\\\/\\\/transportjournal.com\\\/de\\\/2026\\\/04\\\/29\\\/temporaeres-nachtfahrverbot-am-brenner\\\/\",\"url\":\"https:\\\/\\\/transportjournal.com\\\/de\\\/2026\\\/04\\\/29\\\/temporaeres-nachtfahrverbot-am-brenner\\\/\",\"name\":\"Tempor\u00e4res Nachtfahrverbot am Brenner - ITJ | International Transport Journal\",\"isPartOf\":{\"@id\":\"https:\\\/\\\/transportjournal.com\\\/de\\\/#website\"},\"primaryImageOfPage\":{\"@id\":\"https:\\\/\\\/transportjournal.com\\\/de\\\/2026\\\/04\\\/29\\\/temporaeres-nachtfahrverbot-am-brenner\\\/#primaryimage\"},\"image\":{\"@id\":\"https:\\\/\\\/transportjournal.com\\\/de\\\/2026\\\/04\\\/29\\\/temporaeres-nachtfahrverbot-am-brenner\\\/#primaryimage\"},\"thumbnailUrl\":\"https:\\\/\\\/transportjournal.com\\\/wp-content\\\/uploads\\\/sites\\\/2\\\/2026\\\/04\\\/Brenner-Pass-Strasse-Foto-Adobe-Stock-Franke-182_AdobeStock_111222275-scaled-aspect-ratio-1400-788-scaled-1.jpeg\",\"datePublished\":\"2026-04-29T10:32:31+00:00\",\"dateModified\":\"2026-04-29T12:43:47+00:00\",\"breadcrumb\":{\"@id\":\"https:\\\/\\\/transportjournal.com\\\/de\\\/2026\\\/04\\\/29\\\/temporaeres-nachtfahrverbot-am-brenner\\\/#breadcrumb\"},\"inLanguage\":\"de\",\"potentialAction\":[{\"@type\":\"ReadAction\",\"target\":[\"https:\\\/\\\/transportjournal.com\\\/de\\\/2026\\\/04\\\/29\\\/temporaeres-nachtfahrverbot-am-brenner\\\/\"]}]},{\"@type\":\"ImageObject\",\"inLanguage\":\"de\",\"@id\":\"https:\\\/\\\/transportjournal.com\\\/de\\\/2026\\\/04\\\/29\\\/temporaeres-nachtfahrverbot-am-brenner\\\/#primaryimage\",\"url\":\"https:\\\/\\\/transportjournal.com\\\/wp-content\\\/uploads\\\/sites\\\/2\\\/2026\\\/04\\\/Brenner-Pass-Strasse-Foto-Adobe-Stock-Franke-182_AdobeStock_111222275-scaled-aspect-ratio-1400-788-scaled-1.jpeg\",\"contentUrl\":\"https:\\\/\\\/transportjournal.com\\\/wp-content\\\/uploads\\\/sites\\\/2\\\/2026\\\/04\\\/Brenner-Pass-Strasse-Foto-Adobe-Stock-Franke-182_AdobeStock_111222275-scaled-aspect-ratio-1400-788-scaled-1.jpeg\",\"width\":2560,\"height\":1441},{\"@type\":\"BreadcrumbList\",\"@id\":\"https:\\\/\\\/transportjournal.com\\\/de\\\/2026\\\/04\\\/29\\\/temporaeres-nachtfahrverbot-am-brenner\\\/#breadcrumb\",\"itemListElement\":[{\"@type\":\"ListItem\",\"position\":1,\"name\":\"Startseite\",\"item\":\"https:\\\/\\\/transportjournal.com\\\/de\\\/\"},{\"@type\":\"ListItem\",\"position\":2,\"name\":\"Tempor\u00e4res Nachtfahrverbot am Brenner\"}]},{\"@type\":\"WebSite\",\"@id\":\"https:\\\/\\\/transportjournal.com\\\/de\\\/#website\",\"url\":\"https:\\\/\\\/transportjournal.com\\\/de\\\/\",\"name\":\"ITJ | International Transport Journal\",\"description\":\"Stay informed with the latest global news from the transport, logistics, and supply chain industries. Transport Journal delivers expert insights, analysis, and updates across shipping, aviation, intermodal, and forwarding.\",\"publisher\":{\"@id\":\"https:\\\/\\\/transportjournal.com\\\/de\\\/#organization\"},\"potentialAction\":[{\"@type\":\"SearchAction\",\"target\":{\"@type\":\"EntryPoint\",\"urlTemplate\":\"https:\\\/\\\/transportjournal.com\\\/de\\\/?s={search_term_string}\"},\"query-input\":{\"@type\":\"PropertyValueSpecification\",\"valueRequired\":true,\"valueName\":\"search_term_string\"}}],\"inLanguage\":\"de\"},{\"@type\":\"Organization\",\"@id\":\"https:\\\/\\\/transportjournal.com\\\/de\\\/#organization\",\"name\":\"Groupe Logismedia AG\",\"alternateName\":\"Logismedia Group AG\",\"url\":\"https:\\\/\\\/transportjournal.com\\\/de\\\/\",\"logo\":{\"@type\":\"ImageObject\",\"inLanguage\":\"de\",\"@id\":\"https:\\\/\\\/transportjournal.com\\\/de\\\/#\\\/schema\\\/logo\\\/image\\\/\",\"url\":\"https:\\\/\\\/transportjournal.com\\\/wp-content\\\/uploads\\\/sites\\\/2\\\/2025\\\/09\\\/Logo_ITJ.png\",\"contentUrl\":\"https:\\\/\\\/transportjournal.com\\\/wp-content\\\/uploads\\\/sites\\\/2\\\/2025\\\/09\\\/Logo_ITJ.png\",\"width\":799,\"height\":326,\"caption\":\"Groupe Logismedia AG\"},\"image\":{\"@id\":\"https:\\\/\\\/transportjournal.com\\\/de\\\/#\\\/schema\\\/logo\\\/image\\\/\"},\"sameAs\":[\"https:\\\/\\\/www.linkedin.com\\\/company\\\/56456496\\\/admin\\\/dashboard\\\/\",\"https:\\\/\\\/www.instagram.com\\\/logismediagroup\\\/\",\"https:\\\/\\\/www.youtube.com\\\/@LogiamediaGroupAG\"]},{\"@type\":\"Person\",\"@id\":\"https:\\\/\\\/transportjournal.com\\\/de\\\/#\\\/schema\\\/person\\\/13a9fc605c753db60ef7750a229cd042\",\"name\":\"Gyan Sharan\",\"url\":\"https:\\\/\\\/transportjournal.com\\\/de\\\/author\\\/gyan\\\/\"}]}<\/script>\n<!-- \/ Yoast SEO plugin. -->","yoast_head_json":{"title":"Tempor\u00e4res Nachtfahrverbot am Brenner - ITJ | International Transport Journal","robots":{"index":"index","follow":"follow","max-snippet":"max-snippet:-1","max-image-preview":"max-image-preview:large","max-video-preview":"max-video-preview:-1"},"canonical":"https:\/\/transportjournal.com\/de\/2026\/04\/29\/temporaeres-nachtfahrverbot-am-brenner\/","og_locale":"de_DE","og_type":"article","og_title":"Tempor\u00e4res Nachtfahrverbot am Brenner - ITJ | International Transport Journal","og_description":"Zwischen dem 4. und 9. Mai kommt es auf der Brenner Autobahn zu Fahrspurverengungen und Fahrverboten f\u00fcr Lkw.","og_url":"https:\/\/transportjournal.com\/de\/2026\/04\/29\/temporaeres-nachtfahrverbot-am-brenner\/","og_site_name":"ITJ | International Transport Journal","article_published_time":"2026-04-29T10:32:31+00:00","article_modified_time":"2026-04-29T12:43:47+00:00","og_image":[{"width":2560,"height":1441,"url":"https:\/\/transportjournal.com\/wp-content\/uploads\/sites\/2\/2026\/04\/Brenner-Pass-Strasse-Foto-Adobe-Stock-Franke-182_AdobeStock_111222275-scaled-aspect-ratio-1400-788-scaled-1.jpeg","type":"image\/jpeg"}],"author":"Gyan Sharan","twitter_card":"summary_large_image","twitter_misc":{"Verfasst von":"Gyan Sharan","Gesch\u00e4tzte Lesezeit":"1\u00a0Minute"},"schema":{"@context":"https:\/\/schema.org","@graph":[{"@type":"Article","@id":"https:\/\/transportjournal.com\/de\/2026\/04\/29\/temporaeres-nachtfahrverbot-am-brenner\/#article","isPartOf":{"@id":"https:\/\/transportjournal.com\/de\/2026\/04\/29\/temporaeres-nachtfahrverbot-am-brenner\/"},"author":{"name":"Gyan Sharan","@id":"https:\/\/transportjournal.com\/de\/#\/schema\/person\/13a9fc605c753db60ef7750a229cd042"},"headline":"Tempor\u00e4res Nachtfahrverbot am Brenner","datePublished":"2026-04-29T10:32:31+00:00","dateModified":"2026-04-29T12:43:47+00:00","mainEntityOfPage":{"@id":"https:\/\/transportjournal.com\/de\/2026\/04\/29\/temporaeres-nachtfahrverbot-am-brenner\/"},"wordCount":134,"commentCount":0,"publisher":{"@id":"https:\/\/transportjournal.com\/de\/#organization"},"image":{"@id":"https:\/\/transportjournal.com\/de\/2026\/04\/29\/temporaeres-nachtfahrverbot-am-brenner\/#primaryimage"},"thumbnailUrl":"https:\/\/transportjournal.com\/wp-content\/uploads\/sites\/2\/2026\/04\/Brenner-Pass-Strasse-Foto-Adobe-Stock-Franke-182_AdobeStock_111222275-scaled-aspect-ratio-1400-788-scaled-1.jpeg","keywords":["A12 Inntal Autobahn","A12 Inntal Highway","A13 Einschr\u00e4nkungen","A13 restrictions","association des transporteurs bavarois","autoroute A12 Inntal","Bavarian Transport Association","Bayerischer Transportverband","Brenner infrastructure","Deutsch Brenner Autobahn","\u00e9conomie du transport Bavi\u00e8re","entreprises de transport et logistique","Fahrbahn Sanierung","Fahrspuren Einschr\u00e4nkungen English Brenner Highway","Fahrverbot Lkw","fermeture nocturne poids lourds","freight transport Brenner","G\u00fcterverkehr Brenner","infrastructure Brenner","Infrastruktur Brenner","interdiction de circulation nocturne Brenner","interdiction de circulation poids lourds","lane restrictions Fran\u00e7ais Autoroute Brenner","Lkw Fahrverbot","logistics industry Germany","Logistikbranche Deutschland","Lueg Bridge","Luegbr\u00fccke","Nachtfahrverbot Brenner","Nachtsperre Lkw","night closure trucks","night driving ban Brenner","pont Lueg","r\u00e9glementations de circulation Brenner","r\u00e9paration de la chauss\u00e9e","restrictions A13","restrictions de voies","restrictions temporaires de circulation","revue du trafic","road maintenance highway","road surface repair","Sanierungsarbeiten Autobahn","secteur logistique Allemagne","tempor\u00e4re Verkehrseinschr\u00e4nkungen","temporary traffic restrictions","traffic regulations Brenner","traffic round-up","transport and logistics companies","transport de marchandises Brenner","transport economy Bavaria","Transport- und Logistikunternehmen","Transportwirtschaft Bayern","travaux de maintenance autoroute","truck driving ban","truck traffic ban","Verkehrsregelungen Brenner","Verkehrsrundschau"],"articleSection":["Europa","Intermodal \/ Stra\u00dfe","Spedition &amp; Logistik"],"inLanguage":"de","potentialAction":[{"@type":"CommentAction","name":"Comment","target":["https:\/\/transportjournal.com\/de\/2026\/04\/29\/temporaeres-nachtfahrverbot-am-brenner\/#respond"]}]},{"@type":"WebPage","@id":"https:\/\/transportjournal.com\/de\/2026\/04\/29\/temporaeres-nachtfahrverbot-am-brenner\/","url":"https:\/\/transportjournal.com\/de\/2026\/04\/29\/temporaeres-nachtfahrverbot-am-brenner\/","name":"Tempor\u00e4res Nachtfahrverbot am Brenner - ITJ | International Transport Journal","isPartOf":{"@id":"https:\/\/transportjournal.com\/de\/#website"},"primaryImageOfPage":{"@id":"https:\/\/transportjournal.com\/de\/2026\/04\/29\/temporaeres-nachtfahrverbot-am-brenner\/#primaryimage"},"image":{"@id":"https:\/\/transportjournal.com\/de\/2026\/04\/29\/temporaeres-nachtfahrverbot-am-brenner\/#primaryimage"},"thumbnailUrl":"https:\/\/transportjournal.com\/wp-content\/uploads\/sites\/2\/2026\/04\/Brenner-Pass-Strasse-Foto-Adobe-Stock-Franke-182_AdobeStock_111222275-scaled-aspect-ratio-1400-788-scaled-1.jpeg","datePublished":"2026-04-29T10:32:31+00:00","dateModified":"2026-04-29T12:43:47+00:00","breadcrumb":{"@id":"https:\/\/transportjournal.com\/de\/2026\/04\/29\/temporaeres-nachtfahrverbot-am-brenner\/#breadcrumb"},"inLanguage":"de","potentialAction":[{"@type":"ReadAction","target":["https:\/\/transportjournal.com\/de\/2026\/04\/29\/temporaeres-nachtfahrverbot-am-brenner\/"]}]},{"@type":"ImageObject","inLanguage":"de","@id":"https:\/\/transportjournal.com\/de\/2026\/04\/29\/temporaeres-nachtfahrverbot-am-brenner\/#primaryimage","url":"https:\/\/transportjournal.com\/wp-content\/uploads\/sites\/2\/2026\/04\/Brenner-Pass-Strasse-Foto-Adobe-Stock-Franke-182_AdobeStock_111222275-scaled-aspect-ratio-1400-788-scaled-1.jpeg","contentUrl":"https:\/\/transportjournal.com\/wp-content\/uploads\/sites\/2\/2026\/04\/Brenner-Pass-Strasse-Foto-Adobe-Stock-Franke-182_AdobeStock_111222275-scaled-aspect-ratio-1400-788-scaled-1.jpeg","width":2560,"height":1441},{"@type":"BreadcrumbList","@id":"https:\/\/transportjournal.com\/de\/2026\/04\/29\/temporaeres-nachtfahrverbot-am-brenner\/#breadcrumb","itemListElement":[{"@type":"ListItem","position":1,"name":"Startseite","item":"https:\/\/transportjournal.com\/de\/"},{"@type":"ListItem","position":2,"name":"Tempor\u00e4res Nachtfahrverbot am Brenner"}]},{"@type":"WebSite","@id":"https:\/\/transportjournal.com\/de\/#website","url":"https:\/\/transportjournal.com\/de\/","name":"ITJ | International Transport Journal","description":"Stay informed with the latest global news from the transport, logistics, and supply chain industries. Transport Journal delivers expert insights, analysis, and updates across shipping, aviation, intermodal, and forwarding.","publisher":{"@id":"https:\/\/transportjournal.com\/de\/#organization"},"potentialAction":[{"@type":"SearchAction","target":{"@type":"EntryPoint","urlTemplate":"https:\/\/transportjournal.com\/de\/?s={search_term_string}"},"query-input":{"@type":"PropertyValueSpecification","valueRequired":true,"valueName":"search_term_string"}}],"inLanguage":"de"},{"@type":"Organization","@id":"https:\/\/transportjournal.com\/de\/#organization","name":"Groupe Logismedia AG","alternateName":"Logismedia Group AG","url":"https:\/\/transportjournal.com\/de\/","logo":{"@type":"ImageObject","inLanguage":"de","@id":"https:\/\/transportjournal.com\/de\/#\/schema\/logo\/image\/","url":"https:\/\/transportjournal.com\/wp-content\/uploads\/sites\/2\/2025\/09\/Logo_ITJ.png","contentUrl":"https:\/\/transportjournal.com\/wp-content\/uploads\/sites\/2\/2025\/09\/Logo_ITJ.png","width":799,"height":326,"caption":"Groupe Logismedia AG"},"image":{"@id":"https:\/\/transportjournal.com\/de\/#\/schema\/logo\/image\/"},"sameAs":["https:\/\/www.linkedin.com\/company\/56456496\/admin\/dashboard\/","https:\/\/www.instagram.com\/logismediagroup\/","https:\/\/www.youtube.com\/@LogiamediaGroupAG"]},{"@type":"Person","@id":"https:\/\/transportjournal.com\/de\/#\/schema\/person\/13a9fc605c753db60ef7750a229cd042","name":"Gyan Sharan","url":"https:\/\/transportjournal.com\/de\/author\/gyan\/"}]}},"_links":{"self":[{"href":"https:\/\/transportjournal.com\/de\/wp-json\/wp\/v2\/posts\/87263","targetHints":{"allow":["GET"]}}],"collection":[{"href":"https:\/\/transportjournal.com\/de\/wp-json\/wp\/v2\/posts"}],"about":[{"href":"https:\/\/transportjournal.com\/de\/wp-json\/wp\/v2\/types\/post"}],"author":[{"embeddable":true,"href":"https:\/\/transportjournal.com\/de\/wp-json\/wp\/v2\/users\/14"}],"replies":[{"embeddable":true,"href":"https:\/\/transportjournal.com\/de\/wp-json\/wp\/v2\/comments?post=87263"}],"version-history":[{"count":1,"href":"https:\/\/transportjournal.com\/de\/wp-json\/wp\/v2\/posts\/87263\/revisions"}],"predecessor-version":[{"id":87270,"href":"https:\/\/transportjournal.com\/de\/wp-json\/wp\/v2\/posts\/87263\/revisions\/87270"}],"wp:featuredmedia":[{"embeddable":true,"href":"https:\/\/transportjournal.com\/de\/wp-json\/wp\/v2\/media\/87262"}],"wp:attachment":[{"href":"https:\/\/transportjournal.com\/de\/wp-json\/wp\/v2\/media?parent=87263"}],"wp:term":[{"taxonomy":"category","embeddable":true,"href":"https:\/\/transportjournal.com\/de\/wp-json\/wp\/v2\/categories?post=87263"},{"taxonomy":"post_tag","embeddable":true,"href":"https:\/\/transportjournal.com\/de\/wp-json\/wp\/v2\/tags?post=87263"}],"curies":[{"name":"wp","href":"https:\/\/api.w.org\/{rel}","templated":true}]}}