{"id":87241,"date":"2026-04-29T09:02:11","date_gmt":"2026-04-29T09:02:11","guid":{"rendered":"https:\/\/transportjournal.com\/2026\/04\/29\/brunnauer-fuehrt-dachser-niederlassung-himberg\/"},"modified":"2026-04-29T09:02:11","modified_gmt":"2026-04-29T09:02:11","slug":"brunnauer-fuehrt-dachser-niederlassung-himberg","status":"publish","type":"post","link":"https:\/\/transportjournal.com\/de\/2026\/04\/29\/brunnauer-fuehrt-dachser-niederlassung-himberg\/","title":{"rendered":"Brunnauer f\u00fchrt Dachser-Niederlassung Himberg"},"content":{"rendered":"<p>Daniel Brunnauer hat zum 1. April 2026 die Position des General Managers f\u00fcr die European Logistics der Dachser Niederlassung in Himberg \u00fcbernommen. Er bringt mehr als 30 Jahre Erfahrung in der Transport- und Logistikbranche mit.<\/p>\n<p>Brunnauer begann seine berufliche Laufbahn 1992 mit einer Ausbildung zum Speditionskaufmann bei Schachinger Transport &amp; Logistik in \u00d6sterreich. In den folgenden Jahren war er unter anderem als Disponent f\u00fcr internationale Charter- und Linienverkehre t\u00e4tig und \u00fcbernahm die Gruppenleitung der Osteuropaverkehre. Diese Rolle setzte er ab 2023 bei Dachser fort und hatte massgeblichen Einfluss auf die Entwicklung des Bereichs. In den darauffolgenden Jahren bekleidete er mehrere zentrale F\u00fchrungspositionen innerhalb des Unternehmens. Zuletzt war er als Speditionsleiter des Logistikzentrums Wien t\u00e4tig. Diese kontinuierliche Entwicklung innerhalb der Organisation f\u00fchrte zu seiner Ernennung zum General Manager.<\/p>\n<h3>Strategische Weiterentwicklung der Niederlassung<\/h3>\n<p>Michael Rauhofer, Managing Director von Dachser Austria, \u00e4usserte sich zu Brunnauers Ernennung: \u201eDaniel Brunnauer vereint tiefgehendes operatives Know-how mit langj\u00e4hriger F\u00fchrungserfahrung und einem umfassenden Verst\u00e4ndnis f\u00fcr unsere Prozesse und M\u00e4rkte. Er ist hervorragend daf\u00fcr geeignet, die Niederlassung Himberg strategisch weiterzuentwickeln und ihre Position im \u00f6sterreichischen Markt zu st\u00e4rken.\u201c<\/p>\n<p>Brunnauer selbst betont die Bedeutung eingespielter Teams und verl\u00e4sslicher Abl\u00e4ufe: \u201eIch habe die Logistik von Grund auf gelernt und weiss, wie entscheidend eingespielte Teams und verl\u00e4ssliche Abl\u00e4ufe sind. Mein Anspruch ist es, gemeinsam mit den Mitarbeitenden den Standort Himberg weiterzuentwickeln und unsere Kunden bestm\u00f6glich zu unterst\u00fctzen.\u201c<\/p>\n<p>Dachser Austria ist ein bedeutender Akteur im \u00f6sterreichischen Logistikmarkt und bietet ein starkes Netzwerk, das eine optimale N\u00e4he zum Markt gew\u00e4hrleistet. Das Unternehmen fungiert als logistisches Drehkreuz im Herzen Europas und verbindet alle \u00f6sterreichischen Niederlassungen mit dem gesamten Kontinent. Im Gesch\u00e4ftsjahr 2025 transportierte Dachser Austria 2,1 Millionen Sendungen mit einem Gesamtgewicht von 1 Mio. t und erzielte einen Umsatz von 234,4 Mio. EUR. Aktuell besch\u00e4ftigt das Unternehmen an neun Standorten 796 Mitarbeitende und wurde seit 2024 als Leitbetrieb der Leitbetriebe Austria zertifiziert.<\/p>\n<p>&nbsp;<\/p>\n<p><a href=\"https:\/\/www.dachser.at\/\" target=\"_blank\" rel=\"noopener noreferrer\">www.dachser.at<\/a><\/p>\n<p>&nbsp;<\/p>\n","protected":false},"excerpt":{"rendered":"<p>Daniel Brunnauer \u00fcbernimmt am 1. April 2026 die Position des General Managers f\u00fcr die European Logistics bei Dachser in Himberg und bringt \u00fcber 30 Jahre Erfahrung mit.<\/p>\n","protected":false},"author":12,"featured_media":87240,"comment_status":"open","ping_status":"","sticky":false,"template":"","format":"standard","meta":{"_acf_changed":false,"footnotes":""},"categories":[1575,1567,9093,1569],"tags":[43301,43302,43303,17507,2459,2115,2116,26093,43304,34972,43305,3138,2700,8941,43306,2123,43307,33789,43308,43309,43310,33795,3145,3148,43311,3108,43312,43313,43314,23943,5112,3157,43315,4923,3975,43316,43317,43318,9229,2731,5119,43319,2486,2488,43320,2106,5120,38579,43321,38321,43322],"class_list":["post-87241","post","type-post","status-publish","format-standard","has-post-thumbnail","hentry","category-europa","category-wechsel-weltweit","category-oesterreich","category-logistik-spedition","tag-agent-de-transit","tag-brunnauer","tag-centre-logistique-de-vienne","tag-deutsch-dachser","tag-developpement-strategique","tag-digitalisierung-in-der-logistik","tag-digitalization-in-logistics","tag-directeur-general","tag-eastern-european-transport","tag-employees-in-logistics","tag-employes-dans-la-logistique","tag-european-logistics","tag-fachkraeftemangel-in-der-logistik","tag-freight-forwarding","tag-general-manager","tag-gestion-de-la-chaine-dapprovisionnement","tag-himberg","tag-hubs-logistiques","tag-international-charter-transport","tag-internationale-charterverkehre","tag-logistics-center-vienna","tag-logistics-hubs","tag-logistics-market-austria","tag-logistikmarkt-oesterreich","tag-logistikzentrum-wien","tag-logistique-europeenne","tag-logistische-drehkreuze","tag-marche-logistique-autrichien","tag-marktposition-staerken-english-dachser","tag-mitarbeitende-in-der-logistik","tag-nachhaltige-logistikloesungen","tag-numerisation-dans-la-logistique","tag-osteuropaverkehre","tag-penurie-de-competences-dans-la-logistique","tag-renforcer-la-position-sur-le-marche","tag-schachinger-transport-logistics","tag-schachinger-transport-logistik","tag-schachinger-transport-logistique","tag-secteur-du-transport-et-de-la-logistique","tag-skills-shortage-in-logistics","tag-solutions-logistiques-durables","tag-speditionskaufmann","tag-strategic-development","tag-strategische-weiterentwicklung","tag-strengthen-market-position-francais-dachser","tag-supply-chain-management","tag-sustainable-logistics-solutions","tag-transport-and-logistics-industry","tag-transport-par-affretement-international","tag-transport-und-logistikbranche","tag-transports-en-europe-de-lest"],"acf":[],"yoast_head":"<!-- This site is optimized with the Yoast SEO plugin v27.3 - https:\/\/yoast.com\/product\/yoast-seo-wordpress\/ -->\n<title>Brunnauer f\u00fchrt Dachser-Niederlassung Himberg - ITJ | International Transport Journal<\/title>\n<meta name=\"robots\" content=\"index, follow, max-snippet:-1, max-image-preview:large, max-video-preview:-1\" \/>\n<link rel=\"canonical\" href=\"https:\/\/transportjournal.com\/de\/2026\/04\/29\/brunnauer-fuehrt-dachser-niederlassung-himberg\/\" \/>\n<meta property=\"og:locale\" content=\"de_DE\" \/>\n<meta property=\"og:type\" content=\"article\" \/>\n<meta property=\"og:title\" content=\"Brunnauer f\u00fchrt Dachser-Niederlassung Himberg - ITJ | International Transport Journal\" \/>\n<meta property=\"og:description\" content=\"Daniel Brunnauer \u00fcbernimmt am 1. April 2026 die Position des General Managers f\u00fcr die European Logistics bei Dachser in Himberg und bringt \u00fcber 30 Jahre Erfahrung mit.\" \/>\n<meta property=\"og:url\" content=\"https:\/\/transportjournal.com\/de\/2026\/04\/29\/brunnauer-fuehrt-dachser-niederlassung-himberg\/\" \/>\n<meta property=\"og:site_name\" content=\"ITJ | International Transport Journal\" \/>\n<meta property=\"article:published_time\" content=\"2026-04-29T09:02:11+00:00\" \/>\n<meta property=\"og:image\" content=\"https:\/\/transportjournal.com\/wp-content\/uploads\/sites\/2\/2026\/04\/Daniel_Brunnauer_General_Manager_Dachser_Logistikzentrum_Wien-scaled-aspect-ratio-1400-788-scaled-1.jpg\" \/>\n\t<meta property=\"og:image:width\" content=\"2560\" \/>\n\t<meta property=\"og:image:height\" content=\"1441\" \/>\n\t<meta property=\"og:image:type\" content=\"image\/jpeg\" \/>\n<meta name=\"author\" content=\"Andreas Haug\" \/>\n<meta name=\"twitter:card\" content=\"summary_large_image\" \/>\n<meta name=\"twitter:label1\" content=\"Verfasst von\" \/>\n\t<meta name=\"twitter:data1\" content=\"Andreas Haug\" \/>\n\t<meta name=\"twitter:label2\" content=\"Gesch\u00e4tzte Lesezeit\" \/>\n\t<meta name=\"twitter:data2\" content=\"2\u00a0Minute\" \/>\n<script type=\"application\/ld+json\" class=\"yoast-schema-graph\">{\"@context\":\"https:\\\/\\\/schema.org\",\"@graph\":[{\"@type\":\"Article\",\"@id\":\"https:\\\/\\\/transportjournal.com\\\/de\\\/2026\\\/04\\\/29\\\/brunnauer-fuehrt-dachser-niederlassung-himberg\\\/#article\",\"isPartOf\":{\"@id\":\"https:\\\/\\\/transportjournal.com\\\/de\\\/2026\\\/04\\\/29\\\/brunnauer-fuehrt-dachser-niederlassung-himberg\\\/\"},\"author\":{\"name\":\"Andreas Haug\",\"@id\":\"https:\\\/\\\/transportjournal.com\\\/de\\\/#\\\/schema\\\/person\\\/cf538b3157f15afd7589245a4b3dbd25\"},\"headline\":\"Brunnauer f\u00fchrt Dachser-Niederlassung Himberg\",\"datePublished\":\"2026-04-29T09:02:11+00:00\",\"mainEntityOfPage\":{\"@id\":\"https:\\\/\\\/transportjournal.com\\\/de\\\/2026\\\/04\\\/29\\\/brunnauer-fuehrt-dachser-niederlassung-himberg\\\/\"},\"wordCount\":329,\"commentCount\":0,\"publisher\":{\"@id\":\"https:\\\/\\\/transportjournal.com\\\/de\\\/#organization\"},\"image\":{\"@id\":\"https:\\\/\\\/transportjournal.com\\\/de\\\/2026\\\/04\\\/29\\\/brunnauer-fuehrt-dachser-niederlassung-himberg\\\/#primaryimage\"},\"thumbnailUrl\":\"https:\\\/\\\/transportjournal.com\\\/wp-content\\\/uploads\\\/sites\\\/2\\\/2026\\\/04\\\/Daniel_Brunnauer_General_Manager_Dachser_Logistikzentrum_Wien-scaled-aspect-ratio-1400-788-scaled-1.jpg\",\"keywords\":[\"agent de transit\",\"Brunnauer\",\"centre logistique de Vienne\",\"Deutsch DACHSER\",\"d\u00e9veloppement strat\u00e9gique\",\"Digitalisierung in der Logistik\",\"digitalization in logistics\",\"directeur g\u00e9n\u00e9ral\",\"Eastern European transport\",\"employees in logistics\",\"employ\u00e9s dans la logistique\",\"European logistics\",\"Fachkr\u00e4ftemangel in der Logistik\",\"freight forwarding\",\"General Manager\",\"gestion de la cha\u00eene d'approvisionnement\",\"Himberg\",\"hubs logistiques\",\"international charter transport\",\"internationale Charterverkehre\",\"logistics center Vienna\",\"logistics hubs\",\"logistics market Austria\",\"Logistikmarkt \u00d6sterreich\",\"Logistikzentrum Wien\",\"logistique europ\u00e9enne\",\"logistische Drehkreuze\",\"march\u00e9 logistique autrichien\",\"Marktposition st\u00e4rken English Dachser\",\"Mitarbeitende in der Logistik\",\"nachhaltige Logistikl\u00f6sungen\",\"num\u00e9risation dans la logistique\",\"Osteuropaverkehre\",\"p\u00e9nurie de comp\u00e9tences dans la logistique\",\"renforcer la position sur le march\u00e9\",\"Schachinger Transport &amp; Logistics\",\"Schachinger Transport &amp; Logistik\",\"Schachinger Transport &amp; Logistique\",\"secteur du transport et de la logistique\",\"skills shortage in logistics\",\"solutions logistiques durables\",\"Speditionskaufmann\",\"strategic development\",\"strategische Weiterentwicklung\",\"strengthen market position Fran\u00e7ais Dachser\",\"Supply Chain Management\",\"sustainable logistics solutions\",\"transport and logistics industry\",\"transport par affr\u00e8tement international\",\"Transport- und Logistikbranche\",\"transports en Europe de l'Est\"],\"articleSection\":[\"Europa\",\"Menschen &amp; Unternehmen\",\"\u00d6sterreich\",\"Spedition &amp; Logistik\"],\"inLanguage\":\"de\",\"potentialAction\":[{\"@type\":\"CommentAction\",\"name\":\"Comment\",\"target\":[\"https:\\\/\\\/transportjournal.com\\\/de\\\/2026\\\/04\\\/29\\\/brunnauer-fuehrt-dachser-niederlassung-himberg\\\/#respond\"]}]},{\"@type\":\"WebPage\",\"@id\":\"https:\\\/\\\/transportjournal.com\\\/de\\\/2026\\\/04\\\/29\\\/brunnauer-fuehrt-dachser-niederlassung-himberg\\\/\",\"url\":\"https:\\\/\\\/transportjournal.com\\\/de\\\/2026\\\/04\\\/29\\\/brunnauer-fuehrt-dachser-niederlassung-himberg\\\/\",\"name\":\"Brunnauer f\u00fchrt Dachser-Niederlassung Himberg - ITJ | International Transport Journal\",\"isPartOf\":{\"@id\":\"https:\\\/\\\/transportjournal.com\\\/de\\\/#website\"},\"primaryImageOfPage\":{\"@id\":\"https:\\\/\\\/transportjournal.com\\\/de\\\/2026\\\/04\\\/29\\\/brunnauer-fuehrt-dachser-niederlassung-himberg\\\/#primaryimage\"},\"image\":{\"@id\":\"https:\\\/\\\/transportjournal.com\\\/de\\\/2026\\\/04\\\/29\\\/brunnauer-fuehrt-dachser-niederlassung-himberg\\\/#primaryimage\"},\"thumbnailUrl\":\"https:\\\/\\\/transportjournal.com\\\/wp-content\\\/uploads\\\/sites\\\/2\\\/2026\\\/04\\\/Daniel_Brunnauer_General_Manager_Dachser_Logistikzentrum_Wien-scaled-aspect-ratio-1400-788-scaled-1.jpg\",\"datePublished\":\"2026-04-29T09:02:11+00:00\",\"breadcrumb\":{\"@id\":\"https:\\\/\\\/transportjournal.com\\\/de\\\/2026\\\/04\\\/29\\\/brunnauer-fuehrt-dachser-niederlassung-himberg\\\/#breadcrumb\"},\"inLanguage\":\"de\",\"potentialAction\":[{\"@type\":\"ReadAction\",\"target\":[\"https:\\\/\\\/transportjournal.com\\\/de\\\/2026\\\/04\\\/29\\\/brunnauer-fuehrt-dachser-niederlassung-himberg\\\/\"]}]},{\"@type\":\"ImageObject\",\"inLanguage\":\"de\",\"@id\":\"https:\\\/\\\/transportjournal.com\\\/de\\\/2026\\\/04\\\/29\\\/brunnauer-fuehrt-dachser-niederlassung-himberg\\\/#primaryimage\",\"url\":\"https:\\\/\\\/transportjournal.com\\\/wp-content\\\/uploads\\\/sites\\\/2\\\/2026\\\/04\\\/Daniel_Brunnauer_General_Manager_Dachser_Logistikzentrum_Wien-scaled-aspect-ratio-1400-788-scaled-1.jpg\",\"contentUrl\":\"https:\\\/\\\/transportjournal.com\\\/wp-content\\\/uploads\\\/sites\\\/2\\\/2026\\\/04\\\/Daniel_Brunnauer_General_Manager_Dachser_Logistikzentrum_Wien-scaled-aspect-ratio-1400-788-scaled-1.jpg\",\"width\":2560,\"height\":1441},{\"@type\":\"BreadcrumbList\",\"@id\":\"https:\\\/\\\/transportjournal.com\\\/de\\\/2026\\\/04\\\/29\\\/brunnauer-fuehrt-dachser-niederlassung-himberg\\\/#breadcrumb\",\"itemListElement\":[{\"@type\":\"ListItem\",\"position\":1,\"name\":\"Startseite\",\"item\":\"https:\\\/\\\/transportjournal.com\\\/de\\\/\"},{\"@type\":\"ListItem\",\"position\":2,\"name\":\"Brunnauer f\u00fchrt Dachser-Niederlassung Himberg\"}]},{\"@type\":\"WebSite\",\"@id\":\"https:\\\/\\\/transportjournal.com\\\/de\\\/#website\",\"url\":\"https:\\\/\\\/transportjournal.com\\\/de\\\/\",\"name\":\"ITJ | International Transport Journal\",\"description\":\"Stay informed with the latest global news from the transport, logistics, and supply chain industries. Transport Journal delivers expert insights, analysis, and updates across shipping, aviation, intermodal, and forwarding.\",\"publisher\":{\"@id\":\"https:\\\/\\\/transportjournal.com\\\/de\\\/#organization\"},\"potentialAction\":[{\"@type\":\"SearchAction\",\"target\":{\"@type\":\"EntryPoint\",\"urlTemplate\":\"https:\\\/\\\/transportjournal.com\\\/de\\\/?s={search_term_string}\"},\"query-input\":{\"@type\":\"PropertyValueSpecification\",\"valueRequired\":true,\"valueName\":\"search_term_string\"}}],\"inLanguage\":\"de\"},{\"@type\":\"Organization\",\"@id\":\"https:\\\/\\\/transportjournal.com\\\/de\\\/#organization\",\"name\":\"Groupe Logismedia AG\",\"alternateName\":\"Logismedia Group AG\",\"url\":\"https:\\\/\\\/transportjournal.com\\\/de\\\/\",\"logo\":{\"@type\":\"ImageObject\",\"inLanguage\":\"de\",\"@id\":\"https:\\\/\\\/transportjournal.com\\\/de\\\/#\\\/schema\\\/logo\\\/image\\\/\",\"url\":\"https:\\\/\\\/transportjournal.com\\\/wp-content\\\/uploads\\\/sites\\\/2\\\/2025\\\/09\\\/Logo_ITJ.png\",\"contentUrl\":\"https:\\\/\\\/transportjournal.com\\\/wp-content\\\/uploads\\\/sites\\\/2\\\/2025\\\/09\\\/Logo_ITJ.png\",\"width\":799,\"height\":326,\"caption\":\"Groupe Logismedia AG\"},\"image\":{\"@id\":\"https:\\\/\\\/transportjournal.com\\\/de\\\/#\\\/schema\\\/logo\\\/image\\\/\"},\"sameAs\":[\"https:\\\/\\\/www.linkedin.com\\\/company\\\/56456496\\\/admin\\\/dashboard\\\/\",\"https:\\\/\\\/www.instagram.com\\\/logismediagroup\\\/\",\"https:\\\/\\\/www.youtube.com\\\/@LogiamediaGroupAG\"]},{\"@type\":\"Person\",\"@id\":\"https:\\\/\\\/transportjournal.com\\\/de\\\/#\\\/schema\\\/person\\\/cf538b3157f15afd7589245a4b3dbd25\",\"name\":\"Andreas Haug\",\"url\":\"https:\\\/\\\/transportjournal.com\\\/de\\\/author\\\/andreas\\\/\"}]}<\/script>\n<!-- \/ Yoast SEO plugin. -->","yoast_head_json":{"title":"Brunnauer f\u00fchrt Dachser-Niederlassung Himberg - ITJ | International Transport Journal","robots":{"index":"index","follow":"follow","max-snippet":"max-snippet:-1","max-image-preview":"max-image-preview:large","max-video-preview":"max-video-preview:-1"},"canonical":"https:\/\/transportjournal.com\/de\/2026\/04\/29\/brunnauer-fuehrt-dachser-niederlassung-himberg\/","og_locale":"de_DE","og_type":"article","og_title":"Brunnauer f\u00fchrt Dachser-Niederlassung Himberg - ITJ | International Transport Journal","og_description":"Daniel Brunnauer \u00fcbernimmt am 1. April 2026 die Position des General Managers f\u00fcr die European Logistics bei Dachser in Himberg und bringt \u00fcber 30 Jahre Erfahrung mit.","og_url":"https:\/\/transportjournal.com\/de\/2026\/04\/29\/brunnauer-fuehrt-dachser-niederlassung-himberg\/","og_site_name":"ITJ | International Transport Journal","article_published_time":"2026-04-29T09:02:11+00:00","og_image":[{"width":2560,"height":1441,"url":"https:\/\/transportjournal.com\/wp-content\/uploads\/sites\/2\/2026\/04\/Daniel_Brunnauer_General_Manager_Dachser_Logistikzentrum_Wien-scaled-aspect-ratio-1400-788-scaled-1.jpg","type":"image\/jpeg"}],"author":"Andreas Haug","twitter_card":"summary_large_image","twitter_misc":{"Verfasst von":"Andreas Haug","Gesch\u00e4tzte Lesezeit":"2\u00a0Minute"},"schema":{"@context":"https:\/\/schema.org","@graph":[{"@type":"Article","@id":"https:\/\/transportjournal.com\/de\/2026\/04\/29\/brunnauer-fuehrt-dachser-niederlassung-himberg\/#article","isPartOf":{"@id":"https:\/\/transportjournal.com\/de\/2026\/04\/29\/brunnauer-fuehrt-dachser-niederlassung-himberg\/"},"author":{"name":"Andreas Haug","@id":"https:\/\/transportjournal.com\/de\/#\/schema\/person\/cf538b3157f15afd7589245a4b3dbd25"},"headline":"Brunnauer f\u00fchrt Dachser-Niederlassung Himberg","datePublished":"2026-04-29T09:02:11+00:00","mainEntityOfPage":{"@id":"https:\/\/transportjournal.com\/de\/2026\/04\/29\/brunnauer-fuehrt-dachser-niederlassung-himberg\/"},"wordCount":329,"commentCount":0,"publisher":{"@id":"https:\/\/transportjournal.com\/de\/#organization"},"image":{"@id":"https:\/\/transportjournal.com\/de\/2026\/04\/29\/brunnauer-fuehrt-dachser-niederlassung-himberg\/#primaryimage"},"thumbnailUrl":"https:\/\/transportjournal.com\/wp-content\/uploads\/sites\/2\/2026\/04\/Daniel_Brunnauer_General_Manager_Dachser_Logistikzentrum_Wien-scaled-aspect-ratio-1400-788-scaled-1.jpg","keywords":["agent de transit","Brunnauer","centre logistique de Vienne","Deutsch DACHSER","d\u00e9veloppement strat\u00e9gique","Digitalisierung in der Logistik","digitalization in logistics","directeur g\u00e9n\u00e9ral","Eastern European transport","employees in logistics","employ\u00e9s dans la logistique","European logistics","Fachkr\u00e4ftemangel in der Logistik","freight forwarding","General Manager","gestion de la cha\u00eene d'approvisionnement","Himberg","hubs logistiques","international charter transport","internationale Charterverkehre","logistics center Vienna","logistics hubs","logistics market Austria","Logistikmarkt \u00d6sterreich","Logistikzentrum Wien","logistique europ\u00e9enne","logistische Drehkreuze","march\u00e9 logistique autrichien","Marktposition st\u00e4rken English Dachser","Mitarbeitende in der Logistik","nachhaltige Logistikl\u00f6sungen","num\u00e9risation dans la logistique","Osteuropaverkehre","p\u00e9nurie de comp\u00e9tences dans la logistique","renforcer la position sur le march\u00e9","Schachinger Transport &amp; Logistics","Schachinger Transport &amp; Logistik","Schachinger Transport &amp; Logistique","secteur du transport et de la logistique","skills shortage in logistics","solutions logistiques durables","Speditionskaufmann","strategic development","strategische Weiterentwicklung","strengthen market position Fran\u00e7ais Dachser","Supply Chain Management","sustainable logistics solutions","transport and logistics industry","transport par affr\u00e8tement international","Transport- und Logistikbranche","transports en Europe de l'Est"],"articleSection":["Europa","Menschen &amp; Unternehmen","\u00d6sterreich","Spedition &amp; Logistik"],"inLanguage":"de","potentialAction":[{"@type":"CommentAction","name":"Comment","target":["https:\/\/transportjournal.com\/de\/2026\/04\/29\/brunnauer-fuehrt-dachser-niederlassung-himberg\/#respond"]}]},{"@type":"WebPage","@id":"https:\/\/transportjournal.com\/de\/2026\/04\/29\/brunnauer-fuehrt-dachser-niederlassung-himberg\/","url":"https:\/\/transportjournal.com\/de\/2026\/04\/29\/brunnauer-fuehrt-dachser-niederlassung-himberg\/","name":"Brunnauer f\u00fchrt Dachser-Niederlassung Himberg - ITJ | International Transport Journal","isPartOf":{"@id":"https:\/\/transportjournal.com\/de\/#website"},"primaryImageOfPage":{"@id":"https:\/\/transportjournal.com\/de\/2026\/04\/29\/brunnauer-fuehrt-dachser-niederlassung-himberg\/#primaryimage"},"image":{"@id":"https:\/\/transportjournal.com\/de\/2026\/04\/29\/brunnauer-fuehrt-dachser-niederlassung-himberg\/#primaryimage"},"thumbnailUrl":"https:\/\/transportjournal.com\/wp-content\/uploads\/sites\/2\/2026\/04\/Daniel_Brunnauer_General_Manager_Dachser_Logistikzentrum_Wien-scaled-aspect-ratio-1400-788-scaled-1.jpg","datePublished":"2026-04-29T09:02:11+00:00","breadcrumb":{"@id":"https:\/\/transportjournal.com\/de\/2026\/04\/29\/brunnauer-fuehrt-dachser-niederlassung-himberg\/#breadcrumb"},"inLanguage":"de","potentialAction":[{"@type":"ReadAction","target":["https:\/\/transportjournal.com\/de\/2026\/04\/29\/brunnauer-fuehrt-dachser-niederlassung-himberg\/"]}]},{"@type":"ImageObject","inLanguage":"de","@id":"https:\/\/transportjournal.com\/de\/2026\/04\/29\/brunnauer-fuehrt-dachser-niederlassung-himberg\/#primaryimage","url":"https:\/\/transportjournal.com\/wp-content\/uploads\/sites\/2\/2026\/04\/Daniel_Brunnauer_General_Manager_Dachser_Logistikzentrum_Wien-scaled-aspect-ratio-1400-788-scaled-1.jpg","contentUrl":"https:\/\/transportjournal.com\/wp-content\/uploads\/sites\/2\/2026\/04\/Daniel_Brunnauer_General_Manager_Dachser_Logistikzentrum_Wien-scaled-aspect-ratio-1400-788-scaled-1.jpg","width":2560,"height":1441},{"@type":"BreadcrumbList","@id":"https:\/\/transportjournal.com\/de\/2026\/04\/29\/brunnauer-fuehrt-dachser-niederlassung-himberg\/#breadcrumb","itemListElement":[{"@type":"ListItem","position":1,"name":"Startseite","item":"https:\/\/transportjournal.com\/de\/"},{"@type":"ListItem","position":2,"name":"Brunnauer f\u00fchrt Dachser-Niederlassung Himberg"}]},{"@type":"WebSite","@id":"https:\/\/transportjournal.com\/de\/#website","url":"https:\/\/transportjournal.com\/de\/","name":"ITJ | International Transport Journal","description":"Stay informed with the latest global news from the transport, logistics, and supply chain industries. Transport Journal delivers expert insights, analysis, and updates across shipping, aviation, intermodal, and forwarding.","publisher":{"@id":"https:\/\/transportjournal.com\/de\/#organization"},"potentialAction":[{"@type":"SearchAction","target":{"@type":"EntryPoint","urlTemplate":"https:\/\/transportjournal.com\/de\/?s={search_term_string}"},"query-input":{"@type":"PropertyValueSpecification","valueRequired":true,"valueName":"search_term_string"}}],"inLanguage":"de"},{"@type":"Organization","@id":"https:\/\/transportjournal.com\/de\/#organization","name":"Groupe Logismedia AG","alternateName":"Logismedia Group AG","url":"https:\/\/transportjournal.com\/de\/","logo":{"@type":"ImageObject","inLanguage":"de","@id":"https:\/\/transportjournal.com\/de\/#\/schema\/logo\/image\/","url":"https:\/\/transportjournal.com\/wp-content\/uploads\/sites\/2\/2025\/09\/Logo_ITJ.png","contentUrl":"https:\/\/transportjournal.com\/wp-content\/uploads\/sites\/2\/2025\/09\/Logo_ITJ.png","width":799,"height":326,"caption":"Groupe Logismedia AG"},"image":{"@id":"https:\/\/transportjournal.com\/de\/#\/schema\/logo\/image\/"},"sameAs":["https:\/\/www.linkedin.com\/company\/56456496\/admin\/dashboard\/","https:\/\/www.instagram.com\/logismediagroup\/","https:\/\/www.youtube.com\/@LogiamediaGroupAG"]},{"@type":"Person","@id":"https:\/\/transportjournal.com\/de\/#\/schema\/person\/cf538b3157f15afd7589245a4b3dbd25","name":"Andreas Haug","url":"https:\/\/transportjournal.com\/de\/author\/andreas\/"}]}},"_links":{"self":[{"href":"https:\/\/transportjournal.com\/de\/wp-json\/wp\/v2\/posts\/87241","targetHints":{"allow":["GET"]}}],"collection":[{"href":"https:\/\/transportjournal.com\/de\/wp-json\/wp\/v2\/posts"}],"about":[{"href":"https:\/\/transportjournal.com\/de\/wp-json\/wp\/v2\/types\/post"}],"author":[{"embeddable":true,"href":"https:\/\/transportjournal.com\/de\/wp-json\/wp\/v2\/users\/12"}],"replies":[{"embeddable":true,"href":"https:\/\/transportjournal.com\/de\/wp-json\/wp\/v2\/comments?post=87241"}],"version-history":[{"count":0,"href":"https:\/\/transportjournal.com\/de\/wp-json\/wp\/v2\/posts\/87241\/revisions"}],"wp:featuredmedia":[{"embeddable":true,"href":"https:\/\/transportjournal.com\/de\/wp-json\/wp\/v2\/media\/87240"}],"wp:attachment":[{"href":"https:\/\/transportjournal.com\/de\/wp-json\/wp\/v2\/media?parent=87241"}],"wp:term":[{"taxonomy":"category","embeddable":true,"href":"https:\/\/transportjournal.com\/de\/wp-json\/wp\/v2\/categories?post=87241"},{"taxonomy":"post_tag","embeddable":true,"href":"https:\/\/transportjournal.com\/de\/wp-json\/wp\/v2\/tags?post=87241"}],"curies":[{"name":"wp","href":"https:\/\/api.w.org\/{rel}","templated":true}]}}