{"id":87072,"date":"2026-04-28T12:31:15","date_gmt":"2026-04-28T12:31:15","guid":{"rendered":"https:\/\/transportjournal.com\/2026\/04\/28\/blg-logistics-praesentiert-solides-geschaeftsjahr-2025\/"},"modified":"2026-04-28T12:31:15","modified_gmt":"2026-04-28T12:31:15","slug":"blg-logistics-praesentiert-solides-geschaeftsjahr-2025","status":"publish","type":"post","link":"https:\/\/transportjournal.com\/de\/2026\/04\/28\/blg-logistics-praesentiert-solides-geschaeftsjahr-2025\/","title":{"rendered":"BLG LOGISTICS pr\u00e4sentiert solides Gesch\u00e4ftsjahr 2025"},"content":{"rendered":"<p>Der Vorstand von BLG LOGISTICS hat heute auf der Bilanzpressekonferenz die Ergebnisse des Gesch\u00e4ftsjahres 2025 pr\u00e4sentiert. Der Umsatz des Unternehmens belief sich auf 1,2 Milliarden Euro, was einem R\u00fcckgang von 4,5 Prozent oder 55 Millionen Euro im Vergleich zum Vorjahr entspricht. Das EBIT lag mit 87,2 Millionen Euro \u00fcber den Planannahmen, w\u00e4hrend das EBT mit 77,4 Millionen Euro leicht unter dem Vorjahreswert blieb. Trotz der schwierigen Rahmenbedingungen konnte das Unternehmen ein solides Ergebnis erzielen.<\/p>\n<p>Matthias Magnor, Vorstandsvorsitzender der BLG-Gruppe, erl\u00e4uterte die Herausforderungen des Jahres: \u201e2025 war gepr\u00e4gt von einer Gleichzeitigkeit, die es in sich hatte: die unberechenbare Zollpolitik der US-Regierung, anhaltende Kriege und eine schleppende Konjunktur. Als Logistiker sp\u00fcren wir jede Ersch\u00fctterung sofort. Aber in jeder Ersch\u00fctterung steckt nicht nur Risiko, sondern auch Gelegenheit \u2013 f\u00fcr neue L\u00f6sungen, notwendige Anpassungen und schnellere Reaktionsf\u00e4higkeit.&#8220;<\/p>\n<h3>Entwicklungen in den Gesch\u00e4ftsbereichen<\/h3>\n<p>Die drei Gesch\u00e4ftsbereiche der BLG, AUTOMOBILE, CONTRACT und CONTAINER, wiesen unterschiedliche Entwicklungen auf. Der Bereich AUTOMOBILE konnte trotz r\u00fcckl\u00e4ufiger Fahrzeugvolumina das Ergebnis steigern. Der Umsatz sank leicht auf 678 Millionen Euro, beeinflusst durch die Konjunktur und die US-Z\u00f6lle. Axel Krichel, COO der BLG-Gruppe, betonte die Notwendigkeit innovativer L\u00f6sungen in der Automobil-Logistik: \u201eNeue Mobilit\u00e4tsmodelle stellen Unternehmen und Flottenbetreiber vor neue Herausforderungen. Gefragt sind innovative, ganzheitliche Netzwerk-L\u00f6sungen in der Automobil-Logistik.&#8220;<\/p>\n<p>Im Gesch\u00e4ftsbereich CONTRACT sank der Umsatz von 536 auf 488 Millionen Euro. R\u00fcckg\u00e4nge in der Autoteile- und Industrielogistik sowie die Auswirkungen der US-Z\u00f6lle belasteten das Ergebnis. Dennoch zeigen Gegenma\u00dfnahmen wie Kostenmanagement und die Fokussierung auf margenstarke Aktivit\u00e4ten erste Erfolge. F\u00fcr 2026 wird mit einer Stabilisierung des Umsatzes und einem leichten Ergebnisanstieg gerechnet.<\/p>\n<p>Der Gesch\u00e4ftsbereich CONTAINER trug wesentlich zum Gesamtergebnis bei. Die At-Equity bilanzierte Beteiligung an EUROGATE erzielte ein Ergebnis nach Steuern von 56,6 Millionen Euro. Die deutschen Containerterminals verzeichneten ein Mengenwachstum von rund 21 Prozent auf insgesamt etwa 8,8 Millionen Standardcontainer. Michael Blach, Vorstandsmitglied, hob die Bedeutung freier Handelsrouten f\u00fcr den globalen Handel hervor: \u201eFreie und sichere Handelsrouten sind f\u00fcr den globalen Handel von zentraler Bedeutung.&#8220;<\/p>\n<h3>Engagement der Mitarbeitenden und Ausbildungsinitiativen<\/h3>\n<p>Das Gesch\u00e4ftsjahr 2025 stand unter dem Leitmotiv \u201eMiteinander&#8220;. Ulrike Riedel, Personalvorstand, betonte den Beitrag der Mitarbeitenden zum Unternehmenserfolg: \u201e10.452 Menschen arbeiten f\u00fcr die BLG LOGISTICS Gruppe. Jede und jeder von ihnen hat das Ergebnis m\u00f6glich gemacht.&#8220; Im Durchschnitt besch\u00e4ftigte BLG 8.838 Mitarbeitende in den vollkonsolidierten Gesellschaften. Die Tarifbindung liegt bei 98,1 Prozent, was einen hohen Wert in der Logistikbranche darstellt.<\/p>\n<p>Die Ausbildung bleibt ein zentraler Schwerpunkt des Unternehmens. Im Jahr 2025 wurden 222 Auszubildende in kaufm\u00e4nnischen und technischen Berufen sowie dualen Bachelorstudieng\u00e4ngen betreut. Mit einer Ausbildungsquote von 2,8 Prozent \u00fcbertraf BLG das selbstgesetzte Ziel von 2,0 Prozent.<\/p>\n<h3>Fortschritte in der Nachhaltigkeit<\/h3>\n<p>Im Berichtsjahr hat die BLG-Gruppe bedeutende Fortschritte im Bereich der klimafreundlichen Logistik erzielt. Im Rahmen der \u201eMission Klima&#8220; konnten die Treibhausgasemissionen (Scope 1 und 2) gegen\u00fcber dem Basisjahr 2018 um 45,3 Prozent reduziert werden. Das Ziel bis 2030 liegt bei einer Reduktion von 50,4 Prozent. Seit 2025 deckt BLG seinen gesamten Strombedarf vollst\u00e4ndig aus erneuerbaren Energien.<\/p>\n<h3>Ausblick auf 2026<\/h3>\n<p>Trotz der herausfordernden Rahmenbedingungen blickt der Vorstand vorsichtig optimistisch auf das Jahr 2026. Der Umsatz soll auf Vorjahresniveau bleiben, w\u00e4hrend das EBT unter dem Wert von 2025 erwartet wird, jedoch im zweistelligen Millionenbereich bleibt. Matthias Magnor schloss die Bilanzpressekonferenz mit den Worten: \u201eBelastbarkeit entsteht nicht im Alleingang. Sie entsteht im Schulterschluss \u2013 mit unseren Mitarbeitenden, mit unseren Kunden, mit unseren Partnern.&#8220;<\/p>\n<p><a href=\"http:\/\/www.blg.de\" target=\"_blank\" rel=\"noopener noreferrer\">www.blg.de<\/a><\/p>\n","protected":false},"excerpt":{"rendered":"<p>Der Vorstand von BLG LOGISTICS pr\u00e4sentierte heute die Gesch\u00e4ftsergebnisse f\u00fcr 2025, die trotz Herausforderungen ein solides Ergebnis und Fortschritte in der Nachhaltigkeit zeigen.<\/p>\n","protected":false},"author":7,"featured_media":87071,"comment_status":"open","ping_status":"","sticky":false,"template":"","format":"standard","meta":{"_acf_changed":false,"footnotes":""},"categories":[9092,1575,1685,1569],"tags":[43095,27226,6128,43096,33708,43097,43098,43099,43100,43101,43102,2115,2116,2166,43103,2122,2123,2909,43104,43105,43106,43107,43108,15541,15542,33718,43109,2469,1831,6138,3750,4058,43110,43111,2139,3157,2925,3756,3757,2145,2929,2481,2193,43112,1916,10012,8541,2106,2154,43113,43114,43115,3125,43116,43117,43118],"class_list":["post-87072","post","type-post","status-publish","format-standard","has-post-thumbnail","hentry","category-deutschland","category-europa","category-finanzberichte","category-logistik-spedition","tag-ausbildungsinitiativen-logistik","tag-automobil-logistik","tag-automotive-logistics","tag-branchenentwicklung-2026","tag-climate-friendly-logistics","tag-container-terminals-germany","tag-containerterminals-deutschland","tag-cost-management-logistics-francais-blg-logistics","tag-deutsch-blg-logistics","tag-developpement-du-chiffre-daffaires-2025","tag-developpement-du-secteur-2026","tag-digitalisierung-in-der-logistik","tag-digitalization-in-logistics","tag-durabilite-dans-la-logistique","tag-employee-motivation-logistics","tag-fachkraeftemangel-logistik","tag-gestion-de-la-chaine-dapprovisionnement","tag-hafenbetrieb","tag-handelsrouten-bedeutung","tag-impact-des-tarifs-douaniers-americains","tag-importance-des-routes-commerciales","tag-industry-development-2026","tag-initiatives-de-formation-logistique","tag-innovative-logistics-solutions","tag-innovative-logistikloesungen","tag-klimafreundliche-logistik","tag-kostenmanagement-logistik-english-blg-logistics","tag-logistics-service-provider","tag-logistikdienstleister","tag-logistique-automobile","tag-logistique-de-colis","tag-logistique-ecologique","tag-mitarbeitermotivation-logistik","tag-motivation-des-employes-logistique","tag-nachhaltigkeit-in-der-logistik","tag-numerisation-dans-la-logistique","tag-operations-portuaires","tag-paketlogistik","tag-parcel-logistics","tag-penurie-de-main-doeuvre-logistique","tag-port-operations","tag-prestataire-logistique","tag-rail-freight-transport","tag-revenue-development-2025","tag-schienengueterverkehr","tag-skilled-labor-shortage-logistics","tag-solutions-logistiques-innovantes","tag-supply-chain-management","tag-sustainability-in-logistics","tag-terminaux-a-conteneurs-allemagne","tag-trade-routes-significance","tag-training-initiatives-logistics","tag-transport-ferroviaire-de-marchandises","tag-umsatzentwicklung-2025","tag-us-tariffs-impact","tag-us-zoelle-auswirkungen"],"acf":[],"yoast_head":"<!-- This site is optimized with the Yoast SEO plugin v27.3 - https:\/\/yoast.com\/product\/yoast-seo-wordpress\/ -->\n<title>BLG LOGISTICS pr\u00e4sentiert solides Gesch\u00e4ftsjahr 2025 - ITJ | International Transport Journal<\/title>\n<meta name=\"robots\" content=\"index, follow, max-snippet:-1, max-image-preview:large, max-video-preview:-1\" \/>\n<link rel=\"canonical\" href=\"https:\/\/transportjournal.com\/de\/2026\/04\/28\/blg-logistics-praesentiert-solides-geschaeftsjahr-2025\/\" \/>\n<meta property=\"og:locale\" content=\"de_DE\" \/>\n<meta property=\"og:type\" content=\"article\" \/>\n<meta property=\"og:title\" content=\"BLG LOGISTICS pr\u00e4sentiert solides Gesch\u00e4ftsjahr 2025 - ITJ | International Transport Journal\" \/>\n<meta property=\"og:description\" content=\"Der Vorstand von BLG LOGISTICS pr\u00e4sentierte heute die Gesch\u00e4ftsergebnisse f\u00fcr 2025, die trotz Herausforderungen ein solides Ergebnis und Fortschritte in der Nachhaltigkeit zeigen.\" \/>\n<meta property=\"og:url\" content=\"https:\/\/transportjournal.com\/de\/2026\/04\/28\/blg-logistics-praesentiert-solides-geschaeftsjahr-2025\/\" \/>\n<meta property=\"og:site_name\" content=\"ITJ | International Transport Journal\" \/>\n<meta property=\"article:published_time\" content=\"2026-04-28T12:31:15+00:00\" \/>\n<meta property=\"og:image\" content=\"https:\/\/transportjournal.com\/wp-content\/uploads\/sites\/2\/2026\/04\/csm_260428_BLG_BPK-01_ea04f10f77-aspect-ratio-1400-788.jpg\" \/>\n\t<meta property=\"og:image:width\" content=\"1170\" \/>\n\t<meta property=\"og:image:height\" content=\"659\" \/>\n\t<meta property=\"og:image:type\" content=\"image\/jpeg\" \/>\n<meta name=\"author\" content=\"Andreas M\u00fcller\" \/>\n<meta name=\"twitter:card\" content=\"summary_large_image\" \/>\n<meta name=\"twitter:label1\" content=\"Verfasst von\" \/>\n\t<meta name=\"twitter:data1\" content=\"Andreas M\u00fcller\" \/>\n\t<meta name=\"twitter:label2\" content=\"Gesch\u00e4tzte Lesezeit\" \/>\n\t<meta name=\"twitter:data2\" content=\"3\u00a0Minute\" \/>\n<script type=\"application\/ld+json\" class=\"yoast-schema-graph\">{\"@context\":\"https:\\\/\\\/schema.org\",\"@graph\":[{\"@type\":\"Article\",\"@id\":\"https:\\\/\\\/transportjournal.com\\\/de\\\/2026\\\/04\\\/28\\\/blg-logistics-praesentiert-solides-geschaeftsjahr-2025\\\/#article\",\"isPartOf\":{\"@id\":\"https:\\\/\\\/transportjournal.com\\\/de\\\/2026\\\/04\\\/28\\\/blg-logistics-praesentiert-solides-geschaeftsjahr-2025\\\/\"},\"author\":{\"name\":\"Andreas M\u00fcller\",\"@id\":\"https:\\\/\\\/transportjournal.com\\\/de\\\/#\\\/schema\\\/person\\\/7b1593b33567ba798d300c8a1b0b85b1\"},\"headline\":\"BLG LOGISTICS pr\u00e4sentiert solides Gesch\u00e4ftsjahr 2025\",\"datePublished\":\"2026-04-28T12:31:15+00:00\",\"mainEntityOfPage\":{\"@id\":\"https:\\\/\\\/transportjournal.com\\\/de\\\/2026\\\/04\\\/28\\\/blg-logistics-praesentiert-solides-geschaeftsjahr-2025\\\/\"},\"wordCount\":562,\"commentCount\":0,\"publisher\":{\"@id\":\"https:\\\/\\\/transportjournal.com\\\/de\\\/#organization\"},\"image\":{\"@id\":\"https:\\\/\\\/transportjournal.com\\\/de\\\/2026\\\/04\\\/28\\\/blg-logistics-praesentiert-solides-geschaeftsjahr-2025\\\/#primaryimage\"},\"thumbnailUrl\":\"https:\\\/\\\/transportjournal.com\\\/wp-content\\\/uploads\\\/sites\\\/2\\\/2026\\\/04\\\/csm_260428_BLG_BPK-01_ea04f10f77-aspect-ratio-1400-788.jpg\",\"keywords\":[\"Ausbildungsinitiativen Logistik\",\"Automobil-Logistik\",\"Automotive logistics\",\"Branchenentwicklung 2026\",\"climate-friendly logistics\",\"container terminals Germany\",\"Containerterminals Deutschland\",\"cost management logistics Fran\u00e7ais BLG LOGISTICS\",\"Deutsch BLG LOGISTICS\",\"d\u00e9veloppement du chiffre d'affaires 2025\",\"d\u00e9veloppement du secteur 2026\",\"Digitalisierung in der Logistik\",\"digitalization in logistics\",\"durabilit\u00e9 dans la logistique\",\"employee motivation logistics\",\"Fachkr\u00e4ftemangel Logistik\",\"gestion de la cha\u00eene d'approvisionnement\",\"Hafenbetrieb\",\"Handelsrouten Bedeutung\",\"impact des tarifs douaniers am\u00e9ricains\",\"importance des routes commerciales\",\"industry development 2026\",\"initiatives de formation logistique\",\"innovative logistics solutions\",\"innovative Logistikl\u00f6sungen\",\"Klimafreundliche Logistik\",\"Kostenmanagement Logistik English BLG LOGISTICS\",\"logistics service provider\",\"Logistikdienstleister\",\"Logistique automobile\",\"logistique de colis\",\"logistique \u00e9cologique\",\"Mitarbeitermotivation Logistik\",\"motivation des employ\u00e9s logistique\",\"Nachhaltigkeit in der Logistik\",\"num\u00e9risation dans la logistique\",\"op\u00e9rations portuaires\",\"Paketlogistik\",\"parcel logistics\",\"p\u00e9nurie de main-d'\u0153uvre logistique\",\"port operations\",\"prestataire logistique\",\"rail freight transport\",\"revenue development 2025\",\"Schieneng\u00fcterverkehr\",\"skilled labor shortage logistics\",\"solutions logistiques innovantes\",\"Supply Chain Management\",\"sustainability in logistics\",\"terminaux \u00e0 conteneurs Allemagne\",\"trade routes significance\",\"training initiatives logistics\",\"transport ferroviaire de marchandises\",\"Umsatzentwicklung 2025\",\"US tariffs impact\",\"US-Z\u00f6lle Auswirkungen\"],\"articleSection\":[\"Deutschland\",\"Europa\",\"Finanz-\\\/Jahresberichte\",\"Spedition &amp; Logistik\"],\"inLanguage\":\"de\",\"potentialAction\":[{\"@type\":\"CommentAction\",\"name\":\"Comment\",\"target\":[\"https:\\\/\\\/transportjournal.com\\\/de\\\/2026\\\/04\\\/28\\\/blg-logistics-praesentiert-solides-geschaeftsjahr-2025\\\/#respond\"]}]},{\"@type\":\"WebPage\",\"@id\":\"https:\\\/\\\/transportjournal.com\\\/de\\\/2026\\\/04\\\/28\\\/blg-logistics-praesentiert-solides-geschaeftsjahr-2025\\\/\",\"url\":\"https:\\\/\\\/transportjournal.com\\\/de\\\/2026\\\/04\\\/28\\\/blg-logistics-praesentiert-solides-geschaeftsjahr-2025\\\/\",\"name\":\"BLG LOGISTICS pr\u00e4sentiert solides Gesch\u00e4ftsjahr 2025 - ITJ | International Transport Journal\",\"isPartOf\":{\"@id\":\"https:\\\/\\\/transportjournal.com\\\/de\\\/#website\"},\"primaryImageOfPage\":{\"@id\":\"https:\\\/\\\/transportjournal.com\\\/de\\\/2026\\\/04\\\/28\\\/blg-logistics-praesentiert-solides-geschaeftsjahr-2025\\\/#primaryimage\"},\"image\":{\"@id\":\"https:\\\/\\\/transportjournal.com\\\/de\\\/2026\\\/04\\\/28\\\/blg-logistics-praesentiert-solides-geschaeftsjahr-2025\\\/#primaryimage\"},\"thumbnailUrl\":\"https:\\\/\\\/transportjournal.com\\\/wp-content\\\/uploads\\\/sites\\\/2\\\/2026\\\/04\\\/csm_260428_BLG_BPK-01_ea04f10f77-aspect-ratio-1400-788.jpg\",\"datePublished\":\"2026-04-28T12:31:15+00:00\",\"breadcrumb\":{\"@id\":\"https:\\\/\\\/transportjournal.com\\\/de\\\/2026\\\/04\\\/28\\\/blg-logistics-praesentiert-solides-geschaeftsjahr-2025\\\/#breadcrumb\"},\"inLanguage\":\"de\",\"potentialAction\":[{\"@type\":\"ReadAction\",\"target\":[\"https:\\\/\\\/transportjournal.com\\\/de\\\/2026\\\/04\\\/28\\\/blg-logistics-praesentiert-solides-geschaeftsjahr-2025\\\/\"]}]},{\"@type\":\"ImageObject\",\"inLanguage\":\"de\",\"@id\":\"https:\\\/\\\/transportjournal.com\\\/de\\\/2026\\\/04\\\/28\\\/blg-logistics-praesentiert-solides-geschaeftsjahr-2025\\\/#primaryimage\",\"url\":\"https:\\\/\\\/transportjournal.com\\\/wp-content\\\/uploads\\\/sites\\\/2\\\/2026\\\/04\\\/csm_260428_BLG_BPK-01_ea04f10f77-aspect-ratio-1400-788.jpg\",\"contentUrl\":\"https:\\\/\\\/transportjournal.com\\\/wp-content\\\/uploads\\\/sites\\\/2\\\/2026\\\/04\\\/csm_260428_BLG_BPK-01_ea04f10f77-aspect-ratio-1400-788.jpg\",\"width\":1170,\"height\":659},{\"@type\":\"BreadcrumbList\",\"@id\":\"https:\\\/\\\/transportjournal.com\\\/de\\\/2026\\\/04\\\/28\\\/blg-logistics-praesentiert-solides-geschaeftsjahr-2025\\\/#breadcrumb\",\"itemListElement\":[{\"@type\":\"ListItem\",\"position\":1,\"name\":\"Startseite\",\"item\":\"https:\\\/\\\/transportjournal.com\\\/de\\\/\"},{\"@type\":\"ListItem\",\"position\":2,\"name\":\"BLG LOGISTICS pr\u00e4sentiert solides Gesch\u00e4ftsjahr 2025\"}]},{\"@type\":\"WebSite\",\"@id\":\"https:\\\/\\\/transportjournal.com\\\/de\\\/#website\",\"url\":\"https:\\\/\\\/transportjournal.com\\\/de\\\/\",\"name\":\"ITJ | International Transport Journal\",\"description\":\"Stay informed with the latest global news from the transport, logistics, and supply chain industries. Transport Journal delivers expert insights, analysis, and updates across shipping, aviation, intermodal, and forwarding.\",\"publisher\":{\"@id\":\"https:\\\/\\\/transportjournal.com\\\/de\\\/#organization\"},\"potentialAction\":[{\"@type\":\"SearchAction\",\"target\":{\"@type\":\"EntryPoint\",\"urlTemplate\":\"https:\\\/\\\/transportjournal.com\\\/de\\\/?s={search_term_string}\"},\"query-input\":{\"@type\":\"PropertyValueSpecification\",\"valueRequired\":true,\"valueName\":\"search_term_string\"}}],\"inLanguage\":\"de\"},{\"@type\":\"Organization\",\"@id\":\"https:\\\/\\\/transportjournal.com\\\/de\\\/#organization\",\"name\":\"Groupe Logismedia AG\",\"alternateName\":\"Logismedia Group AG\",\"url\":\"https:\\\/\\\/transportjournal.com\\\/de\\\/\",\"logo\":{\"@type\":\"ImageObject\",\"inLanguage\":\"de\",\"@id\":\"https:\\\/\\\/transportjournal.com\\\/de\\\/#\\\/schema\\\/logo\\\/image\\\/\",\"url\":\"https:\\\/\\\/transportjournal.com\\\/wp-content\\\/uploads\\\/sites\\\/2\\\/2025\\\/09\\\/Logo_ITJ.png\",\"contentUrl\":\"https:\\\/\\\/transportjournal.com\\\/wp-content\\\/uploads\\\/sites\\\/2\\\/2025\\\/09\\\/Logo_ITJ.png\",\"width\":799,\"height\":326,\"caption\":\"Groupe Logismedia AG\"},\"image\":{\"@id\":\"https:\\\/\\\/transportjournal.com\\\/de\\\/#\\\/schema\\\/logo\\\/image\\\/\"},\"sameAs\":[\"https:\\\/\\\/www.linkedin.com\\\/company\\\/56456496\\\/admin\\\/dashboard\\\/\",\"https:\\\/\\\/www.instagram.com\\\/logismediagroup\\\/\",\"https:\\\/\\\/www.youtube.com\\\/@LogiamediaGroupAG\"]},{\"@type\":\"Person\",\"@id\":\"https:\\\/\\\/transportjournal.com\\\/de\\\/#\\\/schema\\\/person\\\/7b1593b33567ba798d300c8a1b0b85b1\",\"name\":\"Andreas M\u00fcller\",\"url\":\"https:\\\/\\\/transportjournal.com\\\/de\\\/author\\\/logismedia\\\/\"}]}<\/script>\n<!-- \/ Yoast SEO plugin. -->","yoast_head_json":{"title":"BLG LOGISTICS pr\u00e4sentiert solides Gesch\u00e4ftsjahr 2025 - ITJ | International Transport Journal","robots":{"index":"index","follow":"follow","max-snippet":"max-snippet:-1","max-image-preview":"max-image-preview:large","max-video-preview":"max-video-preview:-1"},"canonical":"https:\/\/transportjournal.com\/de\/2026\/04\/28\/blg-logistics-praesentiert-solides-geschaeftsjahr-2025\/","og_locale":"de_DE","og_type":"article","og_title":"BLG LOGISTICS pr\u00e4sentiert solides Gesch\u00e4ftsjahr 2025 - ITJ | International Transport Journal","og_description":"Der Vorstand von BLG LOGISTICS pr\u00e4sentierte heute die Gesch\u00e4ftsergebnisse f\u00fcr 2025, die trotz Herausforderungen ein solides Ergebnis und Fortschritte in der Nachhaltigkeit zeigen.","og_url":"https:\/\/transportjournal.com\/de\/2026\/04\/28\/blg-logistics-praesentiert-solides-geschaeftsjahr-2025\/","og_site_name":"ITJ | International Transport Journal","article_published_time":"2026-04-28T12:31:15+00:00","og_image":[{"width":1170,"height":659,"url":"https:\/\/transportjournal.com\/wp-content\/uploads\/sites\/2\/2026\/04\/csm_260428_BLG_BPK-01_ea04f10f77-aspect-ratio-1400-788.jpg","type":"image\/jpeg"}],"author":"Andreas M\u00fcller","twitter_card":"summary_large_image","twitter_misc":{"Verfasst von":"Andreas M\u00fcller","Gesch\u00e4tzte Lesezeit":"3\u00a0Minute"},"schema":{"@context":"https:\/\/schema.org","@graph":[{"@type":"Article","@id":"https:\/\/transportjournal.com\/de\/2026\/04\/28\/blg-logistics-praesentiert-solides-geschaeftsjahr-2025\/#article","isPartOf":{"@id":"https:\/\/transportjournal.com\/de\/2026\/04\/28\/blg-logistics-praesentiert-solides-geschaeftsjahr-2025\/"},"author":{"name":"Andreas M\u00fcller","@id":"https:\/\/transportjournal.com\/de\/#\/schema\/person\/7b1593b33567ba798d300c8a1b0b85b1"},"headline":"BLG LOGISTICS pr\u00e4sentiert solides Gesch\u00e4ftsjahr 2025","datePublished":"2026-04-28T12:31:15+00:00","mainEntityOfPage":{"@id":"https:\/\/transportjournal.com\/de\/2026\/04\/28\/blg-logistics-praesentiert-solides-geschaeftsjahr-2025\/"},"wordCount":562,"commentCount":0,"publisher":{"@id":"https:\/\/transportjournal.com\/de\/#organization"},"image":{"@id":"https:\/\/transportjournal.com\/de\/2026\/04\/28\/blg-logistics-praesentiert-solides-geschaeftsjahr-2025\/#primaryimage"},"thumbnailUrl":"https:\/\/transportjournal.com\/wp-content\/uploads\/sites\/2\/2026\/04\/csm_260428_BLG_BPK-01_ea04f10f77-aspect-ratio-1400-788.jpg","keywords":["Ausbildungsinitiativen Logistik","Automobil-Logistik","Automotive logistics","Branchenentwicklung 2026","climate-friendly logistics","container terminals Germany","Containerterminals Deutschland","cost management logistics Fran\u00e7ais BLG LOGISTICS","Deutsch BLG LOGISTICS","d\u00e9veloppement du chiffre d'affaires 2025","d\u00e9veloppement du secteur 2026","Digitalisierung in der Logistik","digitalization in logistics","durabilit\u00e9 dans la logistique","employee motivation logistics","Fachkr\u00e4ftemangel Logistik","gestion de la cha\u00eene d'approvisionnement","Hafenbetrieb","Handelsrouten Bedeutung","impact des tarifs douaniers am\u00e9ricains","importance des routes commerciales","industry development 2026","initiatives de formation logistique","innovative logistics solutions","innovative Logistikl\u00f6sungen","Klimafreundliche Logistik","Kostenmanagement Logistik English BLG LOGISTICS","logistics service provider","Logistikdienstleister","Logistique automobile","logistique de colis","logistique \u00e9cologique","Mitarbeitermotivation Logistik","motivation des employ\u00e9s logistique","Nachhaltigkeit in der Logistik","num\u00e9risation dans la logistique","op\u00e9rations portuaires","Paketlogistik","parcel logistics","p\u00e9nurie de main-d'\u0153uvre logistique","port operations","prestataire logistique","rail freight transport","revenue development 2025","Schieneng\u00fcterverkehr","skilled labor shortage logistics","solutions logistiques innovantes","Supply Chain Management","sustainability in logistics","terminaux \u00e0 conteneurs Allemagne","trade routes significance","training initiatives logistics","transport ferroviaire de marchandises","Umsatzentwicklung 2025","US tariffs impact","US-Z\u00f6lle Auswirkungen"],"articleSection":["Deutschland","Europa","Finanz-\/Jahresberichte","Spedition &amp; Logistik"],"inLanguage":"de","potentialAction":[{"@type":"CommentAction","name":"Comment","target":["https:\/\/transportjournal.com\/de\/2026\/04\/28\/blg-logistics-praesentiert-solides-geschaeftsjahr-2025\/#respond"]}]},{"@type":"WebPage","@id":"https:\/\/transportjournal.com\/de\/2026\/04\/28\/blg-logistics-praesentiert-solides-geschaeftsjahr-2025\/","url":"https:\/\/transportjournal.com\/de\/2026\/04\/28\/blg-logistics-praesentiert-solides-geschaeftsjahr-2025\/","name":"BLG LOGISTICS pr\u00e4sentiert solides Gesch\u00e4ftsjahr 2025 - ITJ | International Transport Journal","isPartOf":{"@id":"https:\/\/transportjournal.com\/de\/#website"},"primaryImageOfPage":{"@id":"https:\/\/transportjournal.com\/de\/2026\/04\/28\/blg-logistics-praesentiert-solides-geschaeftsjahr-2025\/#primaryimage"},"image":{"@id":"https:\/\/transportjournal.com\/de\/2026\/04\/28\/blg-logistics-praesentiert-solides-geschaeftsjahr-2025\/#primaryimage"},"thumbnailUrl":"https:\/\/transportjournal.com\/wp-content\/uploads\/sites\/2\/2026\/04\/csm_260428_BLG_BPK-01_ea04f10f77-aspect-ratio-1400-788.jpg","datePublished":"2026-04-28T12:31:15+00:00","breadcrumb":{"@id":"https:\/\/transportjournal.com\/de\/2026\/04\/28\/blg-logistics-praesentiert-solides-geschaeftsjahr-2025\/#breadcrumb"},"inLanguage":"de","potentialAction":[{"@type":"ReadAction","target":["https:\/\/transportjournal.com\/de\/2026\/04\/28\/blg-logistics-praesentiert-solides-geschaeftsjahr-2025\/"]}]},{"@type":"ImageObject","inLanguage":"de","@id":"https:\/\/transportjournal.com\/de\/2026\/04\/28\/blg-logistics-praesentiert-solides-geschaeftsjahr-2025\/#primaryimage","url":"https:\/\/transportjournal.com\/wp-content\/uploads\/sites\/2\/2026\/04\/csm_260428_BLG_BPK-01_ea04f10f77-aspect-ratio-1400-788.jpg","contentUrl":"https:\/\/transportjournal.com\/wp-content\/uploads\/sites\/2\/2026\/04\/csm_260428_BLG_BPK-01_ea04f10f77-aspect-ratio-1400-788.jpg","width":1170,"height":659},{"@type":"BreadcrumbList","@id":"https:\/\/transportjournal.com\/de\/2026\/04\/28\/blg-logistics-praesentiert-solides-geschaeftsjahr-2025\/#breadcrumb","itemListElement":[{"@type":"ListItem","position":1,"name":"Startseite","item":"https:\/\/transportjournal.com\/de\/"},{"@type":"ListItem","position":2,"name":"BLG LOGISTICS pr\u00e4sentiert solides Gesch\u00e4ftsjahr 2025"}]},{"@type":"WebSite","@id":"https:\/\/transportjournal.com\/de\/#website","url":"https:\/\/transportjournal.com\/de\/","name":"ITJ | International Transport Journal","description":"Stay informed with the latest global news from the transport, logistics, and supply chain industries. Transport Journal delivers expert insights, analysis, and updates across shipping, aviation, intermodal, and forwarding.","publisher":{"@id":"https:\/\/transportjournal.com\/de\/#organization"},"potentialAction":[{"@type":"SearchAction","target":{"@type":"EntryPoint","urlTemplate":"https:\/\/transportjournal.com\/de\/?s={search_term_string}"},"query-input":{"@type":"PropertyValueSpecification","valueRequired":true,"valueName":"search_term_string"}}],"inLanguage":"de"},{"@type":"Organization","@id":"https:\/\/transportjournal.com\/de\/#organization","name":"Groupe Logismedia AG","alternateName":"Logismedia Group AG","url":"https:\/\/transportjournal.com\/de\/","logo":{"@type":"ImageObject","inLanguage":"de","@id":"https:\/\/transportjournal.com\/de\/#\/schema\/logo\/image\/","url":"https:\/\/transportjournal.com\/wp-content\/uploads\/sites\/2\/2025\/09\/Logo_ITJ.png","contentUrl":"https:\/\/transportjournal.com\/wp-content\/uploads\/sites\/2\/2025\/09\/Logo_ITJ.png","width":799,"height":326,"caption":"Groupe Logismedia AG"},"image":{"@id":"https:\/\/transportjournal.com\/de\/#\/schema\/logo\/image\/"},"sameAs":["https:\/\/www.linkedin.com\/company\/56456496\/admin\/dashboard\/","https:\/\/www.instagram.com\/logismediagroup\/","https:\/\/www.youtube.com\/@LogiamediaGroupAG"]},{"@type":"Person","@id":"https:\/\/transportjournal.com\/de\/#\/schema\/person\/7b1593b33567ba798d300c8a1b0b85b1","name":"Andreas M\u00fcller","url":"https:\/\/transportjournal.com\/de\/author\/logismedia\/"}]}},"_links":{"self":[{"href":"https:\/\/transportjournal.com\/de\/wp-json\/wp\/v2\/posts\/87072","targetHints":{"allow":["GET"]}}],"collection":[{"href":"https:\/\/transportjournal.com\/de\/wp-json\/wp\/v2\/posts"}],"about":[{"href":"https:\/\/transportjournal.com\/de\/wp-json\/wp\/v2\/types\/post"}],"author":[{"embeddable":true,"href":"https:\/\/transportjournal.com\/de\/wp-json\/wp\/v2\/users\/7"}],"replies":[{"embeddable":true,"href":"https:\/\/transportjournal.com\/de\/wp-json\/wp\/v2\/comments?post=87072"}],"version-history":[{"count":0,"href":"https:\/\/transportjournal.com\/de\/wp-json\/wp\/v2\/posts\/87072\/revisions"}],"wp:featuredmedia":[{"embeddable":true,"href":"https:\/\/transportjournal.com\/de\/wp-json\/wp\/v2\/media\/87071"}],"wp:attachment":[{"href":"https:\/\/transportjournal.com\/de\/wp-json\/wp\/v2\/media?parent=87072"}],"wp:term":[{"taxonomy":"category","embeddable":true,"href":"https:\/\/transportjournal.com\/de\/wp-json\/wp\/v2\/categories?post=87072"},{"taxonomy":"post_tag","embeddable":true,"href":"https:\/\/transportjournal.com\/de\/wp-json\/wp\/v2\/tags?post=87072"}],"curies":[{"name":"wp","href":"https:\/\/api.w.org\/{rel}","templated":true}]}}