{"id":86989,"date":"2026-04-28T10:02:02","date_gmt":"2026-04-28T10:02:02","guid":{"rendered":"https:\/\/transportjournal.com\/2026\/04\/28\/id-logistics-eroeffnet-neues-logistikzentrum\/"},"modified":"2026-04-28T10:02:02","modified_gmt":"2026-04-28T10:02:02","slug":"id-logistics-eroeffnet-neues-logistikzentrum","status":"publish","type":"post","link":"https:\/\/transportjournal.com\/de\/2026\/04\/28\/id-logistics-eroeffnet-neues-logistikzentrum\/","title":{"rendered":"ID Logistics er\u00f6ffnet neues Logistikzentrum"},"content":{"rendered":"<p>F\u00fcr das Kontraktlogistikgesch\u00e4ft zeichnet sich ein Trend zu gr\u00f6\u00dferen Volumina und Strukturen im Online-Handel ab. Vor diesem Hintergrund hat ID Logistics Germany einen bedeutenden Vertragsabschluss mit einem f\u00fchrenden E-Commerce-Kunden bekannt gegeben. Der langfristige Vertrag umfasst den Betrieb eines zentralen Logistikzentrums mit einer Fl\u00e4che von 72.800 m\u00b2 im Gro\u00dfraum Aachen, das ausschlie\u00dflich der Versorgung von Fulfillment- und Distributionszentren dient.<\/p>\n<h3>Inbetriebnahme in mehreren Phasen<\/h3>\n<p>Die Inbetriebnahme der Bestandsimmobilie ist f\u00fcr das dritte Quartal dieses Jahres geplant und erfolgt schrittweise in vier Abschnitten. Ab dem zweiten Quartal 2027 soll das Logistikzentrum mit rund 300 Mitarbeitenden im Vollbetrieb sein. In der Spitze werden t\u00e4glich bis zu 50.000 Pakete umgeschlagen sowie ein- oder ausgelagert.<\/p>\n<p>Robin Otto, CEO von ID Logistics Germany, erl\u00e4utert die Bedeutung des Projekts: \u201eDie Gr\u00f6\u00dfenordnung des Logistikzentrums ist f\u00fcr das E-Commerce-Segment herausragend und kn\u00fcpft an unsere rasante Wachstumsentwicklung im vergangenen Jahr an. Mit der Investition zeigen wir au\u00dferdem, wie sich zukunftsf\u00e4hige Logistikkonzepte in Bestandsimmobilien nachhaltig realisieren lassen. So sichern wir einen dauerhaften Betrieb und schaffen neue Arbeitspl\u00e4tze in einer expansiven Branche.\u201c<\/p>\n<p>F\u00fcr das Intralogistikkonzept hat ID Logistics Germany insgesamt 15 Mio. EUR budgetiert. Damit sollen optimale Voraussetzungen f\u00fcr die punktgenaue Abwicklung von Millionen von Paketen in dem Hochregallager mit einer H\u00f6he von 11,5 m und 55 Verladerampen geschaffen werden. Geplant ist die Anschaffung von Schmalganglagern sowie passgenauen Gabelstaplern und erg\u00e4nzender F\u00f6rdertechnik.<\/p>\n<h3>Fachkr\u00e4fte und Arbeitspl\u00e4tze in der Region<\/h3>\n<p>Ein weiteres Auswahlkriterium f\u00fcr den Standort war der gute Zugang zu qualifiziertem Fachpersonal in der bev\u00f6lkerungsstarken Region. In den kommenden Monaten wird ID Logistics etwa 300 Stellen schaffen, die verschiedene Funktionen in den Bereichen IT, Operations (wie Staplerfahrer und Kommissionierung) sowie Personal- und Managementpositionen (Team- und Schichtleitung) umfassen.<\/p>\n<p>Tim Kr\u00e4mer, B\u00fcrgermeister der Stadt Alsdorf, begr\u00fc\u00dft die Ansiedlung von ID Logistics: \u201eWir hei\u00dfen den innovativen und wachsenden Logistikdienstleister herzlich willkommen. Das Unternehmen bringt sein Logistik-Know-how in unsere Region ein und sichert neue Arbeitspl\u00e4tze in einer zukunftsorientierten Branche. Das st\u00e4rkt unseren Wirtschaftsraum in einem Segment mit hoher Wertsch\u00f6pfung, das sich durch einen hohen Personalbedarf und einen modernen Technologieeinsatz auszeichnet.\u201c<\/p>\n<p>Der Vermieter des Logistikzentrums ist Logicor, ein Eigent\u00fcmer, Manager und Entwickler europ\u00e4ischer Logistikimmobilien. Janica Gerecke, Managing Director und Head of Germany bei Logicor, \u00e4u\u00dfert sich positiv \u00fcber die Zusammenarbeit: \u201eMit ID Logistics gewinnen wir einen Mieter, der die strategischen Qualit\u00e4ten des Standorts voll aussch\u00f6pft. Wir freuen uns auf eine langfristige Partnerschaft und sind stolz darauf, mit diesem Objekt die Grundlage f\u00fcr Wachstum und neue Arbeitspl\u00e4tze in der Region zu schaffen.\u201c<\/p>\n<p>Geografisch erschlie\u00dft ID Logistics Germany mit dem neuen Standort die Region im Dreil\u00e4ndereck Deutschland\u2013Belgien\u2013Niederlande f\u00fcr seine Kontraktlogistik. Dies erg\u00e4nzt die starke Pr\u00e4senz im Ruhrgebiet und bietet ideale Voraussetzungen f\u00fcr internationale Lieferketten.<\/p>\n<p>Das neue Logistikzentrum ist Teil der Strategie von ID Logistics, zunehmend gro\u00dfe Immobilien f\u00fcr die E-Commerce-Supply-Chain zu betreiben, die einen hohen Personalbedarf und starken Technologieeinsatz erfordern. Dies wird durch zwei Projekte aus dem Jahr 2025 untermauert: Im Logistikpark Diemelstadt in Nordhessen hat das Unternehmen ein Fulfillment-Center mit 68.000 m\u00b2 in Betrieb genommen, w\u00e4hrend im Mittelweser Park im Gro\u00dfraum Hannover die E-Commerce-Kapazit\u00e4ten auf 77.000 m\u00b2 erweitert wurden.<\/p>\n","protected":false},"excerpt":{"rendered":"<p>ID Logistics Germany hat einen langfristigen Vertrag f\u00fcr ein 72.800 m\u00b2 gro\u00dfes Logistikzentrum im Gro\u00dfraum Aachen unterzeichnet, um den E-Commerce-Bedarf zu decken.<\/p>\n","protected":false},"author":7,"featured_media":86988,"comment_status":"open","ping_status":"","sticky":false,"template":"","format":"standard","meta":{"_acf_changed":false,"footnotes":""},"categories":[9092,1569],"tags":[42853,27917,42854,42855,42856,10067,2115,2116,5090,5091,42857,22235,2122,27923,42858,2123,22237,15474,4570,12828,24530,42859,2373,42860,42861,30857,4571,42862,2133,42863,2379,42864,1831,3371,22439,42865,42866,2382,42867,42868,5108,13919,42869,42870,42871,42872,3157,42873,2145,2148,42874,42875,12840,42876,2106,42877,2397],"class_list":["post-86989","post","type-post","status-publish","format-standard","has-post-thumbnail","hentry","category-deutschland","category-logistik-spedition","tag-betriebsablaeufe-in-der-logistik","tag-centre-de-fulfillment","tag-centre-logistique-aix-la-chapelle","tag-concepts-logistiques-durables","tag-contract-logistics-germany","tag-deutsch-id-logistics","tag-digitalisierung-in-der-logistik","tag-digitalization-in-logistics","tag-e-commerce-logistics","tag-e-commerce-logistik","tag-emplois-logistiques-aix-la-chapelle","tag-entrepot-a-grande-hauteur","tag-fachkraeftemangel-logistik","tag-fulfillment-center","tag-fulfillment-zentrum","tag-gestion-de-la-chaine-dapprovisionnement","tag-high-bay-warehouse","tag-hochregallager","tag-immobilier-logistique","tag-intralogistics-solutions","tag-intralogistik-loesungen","tag-kontraktlogistik-deutschland","tag-labor-shortage-logistics","tag-logistics-center-aachen","tag-logistics-jobs-aachen","tag-logistics-market-germany","tag-logistics-real-estate","tag-logistics-region-tri-border-area","tag-logistics-service-providers","tag-logistics-strategy-e-commerce-francais-id-logistics","tag-logistics-technology","tag-logistik-jobs-aachen","tag-logistikdienstleister","tag-logistikimmobilien","tag-logistikmarkt-deutschland","tag-logistikregion-dreilaendereck","tag-logistikstrategie-e-commerce-english-id-logistics","tag-logistiktechnologie","tag-logistikzentrum-aachen","tag-logistique-contractuelle-allemagne","tag-logistique-e-commerce","tag-marche-logistique-allemagne","tag-nachhaltige-logistikkonzepte","tag-neue-arbeitsplaetze-logistik","tag-new-jobs-logistics","tag-nouveaux-emplois-logistique","tag-numerisation-dans-la-logistique","tag-operational-processes-in-logistics","tag-penurie-de-main-doeuvre-logistique","tag-prestataires-de-services-logistiques","tag-processus-operationnels-en-logistique","tag-region-logistique-triangle-des-frontieres","tag-solutions-dintralogistique","tag-strategie-logistique-e-commerce","tag-supply-chain-management","tag-sustainable-logistics-concepts","tag-technologie-logistique"],"acf":[],"yoast_head":"<!-- This site is optimized with the Yoast SEO plugin v27.3 - https:\/\/yoast.com\/product\/yoast-seo-wordpress\/ -->\n<title>ID Logistics er\u00f6ffnet neues Logistikzentrum - ITJ | International Transport Journal<\/title>\n<meta name=\"robots\" content=\"index, follow, max-snippet:-1, max-image-preview:large, max-video-preview:-1\" \/>\n<link rel=\"canonical\" href=\"https:\/\/transportjournal.com\/de\/2026\/04\/28\/id-logistics-eroeffnet-neues-logistikzentrum\/\" \/>\n<meta property=\"og:locale\" content=\"de_DE\" \/>\n<meta property=\"og:type\" content=\"article\" \/>\n<meta property=\"og:title\" content=\"ID Logistics er\u00f6ffnet neues Logistikzentrum - ITJ | International Transport Journal\" \/>\n<meta property=\"og:description\" content=\"ID Logistics Germany hat einen langfristigen Vertrag f\u00fcr ein 72.800 m\u00b2 gro\u00dfes Logistikzentrum im Gro\u00dfraum Aachen unterzeichnet, um den E-Commerce-Bedarf zu decken.\" \/>\n<meta property=\"og:url\" content=\"https:\/\/transportjournal.com\/de\/2026\/04\/28\/id-logistics-eroeffnet-neues-logistikzentrum\/\" \/>\n<meta property=\"og:site_name\" content=\"ITJ | International Transport Journal\" \/>\n<meta property=\"article:published_time\" content=\"2026-04-28T10:02:02+00:00\" \/>\n<meta property=\"og:image\" content=\"https:\/\/transportjournal.com\/wp-content\/uploads\/sites\/2\/2026\/04\/DSC1471-1-scaled-1-aspect-ratio-1400-788.jpg\" \/>\n\t<meta property=\"og:image:width\" content=\"2560\" \/>\n\t<meta property=\"og:image:height\" content=\"1441\" \/>\n\t<meta property=\"og:image:type\" content=\"image\/jpeg\" \/>\n<meta name=\"author\" content=\"Andreas M\u00fcller\" \/>\n<meta name=\"twitter:card\" content=\"summary_large_image\" \/>\n<meta name=\"twitter:label1\" content=\"Verfasst von\" \/>\n\t<meta name=\"twitter:data1\" content=\"Andreas M\u00fcller\" \/>\n\t<meta name=\"twitter:label2\" content=\"Gesch\u00e4tzte Lesezeit\" \/>\n\t<meta name=\"twitter:data2\" content=\"3\u00a0Minute\" \/>\n<script type=\"application\/ld+json\" class=\"yoast-schema-graph\">{\"@context\":\"https:\\\/\\\/schema.org\",\"@graph\":[{\"@type\":\"Article\",\"@id\":\"https:\\\/\\\/transportjournal.com\\\/de\\\/2026\\\/04\\\/28\\\/id-logistics-eroeffnet-neues-logistikzentrum\\\/#article\",\"isPartOf\":{\"@id\":\"https:\\\/\\\/transportjournal.com\\\/de\\\/2026\\\/04\\\/28\\\/id-logistics-eroeffnet-neues-logistikzentrum\\\/\"},\"author\":{\"name\":\"Andreas M\u00fcller\",\"@id\":\"https:\\\/\\\/transportjournal.com\\\/de\\\/#\\\/schema\\\/person\\\/7b1593b33567ba798d300c8a1b0b85b1\"},\"headline\":\"ID Logistics er\u00f6ffnet neues Logistikzentrum\",\"datePublished\":\"2026-04-28T10:02:02+00:00\",\"mainEntityOfPage\":{\"@id\":\"https:\\\/\\\/transportjournal.com\\\/de\\\/2026\\\/04\\\/28\\\/id-logistics-eroeffnet-neues-logistikzentrum\\\/\"},\"wordCount\":546,\"commentCount\":0,\"publisher\":{\"@id\":\"https:\\\/\\\/transportjournal.com\\\/de\\\/#organization\"},\"image\":{\"@id\":\"https:\\\/\\\/transportjournal.com\\\/de\\\/2026\\\/04\\\/28\\\/id-logistics-eroeffnet-neues-logistikzentrum\\\/#primaryimage\"},\"thumbnailUrl\":\"https:\\\/\\\/transportjournal.com\\\/wp-content\\\/uploads\\\/sites\\\/2\\\/2026\\\/04\\\/DSC1471-1-scaled-1-aspect-ratio-1400-788.jpg\",\"keywords\":[\"Betriebsabl\u00e4ufe in der Logistik\",\"centre de fulfillment\",\"centre logistique Aix-la-Chapelle\",\"concepts logistiques durables\",\"contract logistics Germany\",\"Deutsch ID Logistics\",\"Digitalisierung in der Logistik\",\"digitalization in logistics\",\"e-commerce logistics\",\"E-Commerce Logistik\",\"emplois logistiques Aix-la-Chapelle\",\"entrep\u00f4t \u00e0 grande hauteur\",\"Fachkr\u00e4ftemangel Logistik\",\"Fulfillment Center\",\"Fulfillment-Zentrum\",\"gestion de la cha\u00eene d'approvisionnement\",\"high-bay warehouse\",\"Hochregallager\",\"immobilier logistique\",\"intralogistics solutions\",\"Intralogistik L\u00f6sungen\",\"Kontraktlogistik Deutschland\",\"labor shortage logistics\",\"logistics center Aachen\",\"logistics jobs Aachen\",\"logistics market Germany\",\"logistics real estate\",\"logistics region tri-border area\",\"logistics service providers\",\"logistics strategy e-commerce Fran\u00e7ais ID Logistics\",\"logistics technology\",\"Logistik Jobs Aachen\",\"Logistikdienstleister\",\"Logistikimmobilien\",\"Logistikmarkt Deutschland\",\"Logistikregion Dreil\u00e4ndereck\",\"Logistikstrategie E-Commerce English ID Logistics\",\"Logistiktechnologie\",\"Logistikzentrum Aachen\",\"logistique contractuelle Allemagne\",\"logistique e-commerce\",\"march\u00e9 logistique Allemagne\",\"nachhaltige Logistikkonzepte\",\"neue Arbeitspl\u00e4tze Logistik\",\"new jobs logistics\",\"nouveaux emplois logistique\",\"num\u00e9risation dans la logistique\",\"operational processes in logistics\",\"p\u00e9nurie de main-d'\u0153uvre logistique\",\"prestataires de services logistiques\",\"processus op\u00e9rationnels en logistique\",\"r\u00e9gion logistique triangle des fronti\u00e8res\",\"solutions d'intralogistique\",\"strat\u00e9gie logistique e-commerce\",\"Supply Chain Management\",\"sustainable logistics concepts\",\"technologie logistique\"],\"articleSection\":[\"Deutschland\",\"Spedition &amp; Logistik\"],\"inLanguage\":\"de\",\"potentialAction\":[{\"@type\":\"CommentAction\",\"name\":\"Comment\",\"target\":[\"https:\\\/\\\/transportjournal.com\\\/de\\\/2026\\\/04\\\/28\\\/id-logistics-eroeffnet-neues-logistikzentrum\\\/#respond\"]}]},{\"@type\":\"WebPage\",\"@id\":\"https:\\\/\\\/transportjournal.com\\\/de\\\/2026\\\/04\\\/28\\\/id-logistics-eroeffnet-neues-logistikzentrum\\\/\",\"url\":\"https:\\\/\\\/transportjournal.com\\\/de\\\/2026\\\/04\\\/28\\\/id-logistics-eroeffnet-neues-logistikzentrum\\\/\",\"name\":\"ID Logistics er\u00f6ffnet neues Logistikzentrum - ITJ | International Transport Journal\",\"isPartOf\":{\"@id\":\"https:\\\/\\\/transportjournal.com\\\/de\\\/#website\"},\"primaryImageOfPage\":{\"@id\":\"https:\\\/\\\/transportjournal.com\\\/de\\\/2026\\\/04\\\/28\\\/id-logistics-eroeffnet-neues-logistikzentrum\\\/#primaryimage\"},\"image\":{\"@id\":\"https:\\\/\\\/transportjournal.com\\\/de\\\/2026\\\/04\\\/28\\\/id-logistics-eroeffnet-neues-logistikzentrum\\\/#primaryimage\"},\"thumbnailUrl\":\"https:\\\/\\\/transportjournal.com\\\/wp-content\\\/uploads\\\/sites\\\/2\\\/2026\\\/04\\\/DSC1471-1-scaled-1-aspect-ratio-1400-788.jpg\",\"datePublished\":\"2026-04-28T10:02:02+00:00\",\"breadcrumb\":{\"@id\":\"https:\\\/\\\/transportjournal.com\\\/de\\\/2026\\\/04\\\/28\\\/id-logistics-eroeffnet-neues-logistikzentrum\\\/#breadcrumb\"},\"inLanguage\":\"de\",\"potentialAction\":[{\"@type\":\"ReadAction\",\"target\":[\"https:\\\/\\\/transportjournal.com\\\/de\\\/2026\\\/04\\\/28\\\/id-logistics-eroeffnet-neues-logistikzentrum\\\/\"]}]},{\"@type\":\"ImageObject\",\"inLanguage\":\"de\",\"@id\":\"https:\\\/\\\/transportjournal.com\\\/de\\\/2026\\\/04\\\/28\\\/id-logistics-eroeffnet-neues-logistikzentrum\\\/#primaryimage\",\"url\":\"https:\\\/\\\/transportjournal.com\\\/wp-content\\\/uploads\\\/sites\\\/2\\\/2026\\\/04\\\/DSC1471-1-scaled-1-aspect-ratio-1400-788.jpg\",\"contentUrl\":\"https:\\\/\\\/transportjournal.com\\\/wp-content\\\/uploads\\\/sites\\\/2\\\/2026\\\/04\\\/DSC1471-1-scaled-1-aspect-ratio-1400-788.jpg\",\"width\":2560,\"height\":1441},{\"@type\":\"BreadcrumbList\",\"@id\":\"https:\\\/\\\/transportjournal.com\\\/de\\\/2026\\\/04\\\/28\\\/id-logistics-eroeffnet-neues-logistikzentrum\\\/#breadcrumb\",\"itemListElement\":[{\"@type\":\"ListItem\",\"position\":1,\"name\":\"Startseite\",\"item\":\"https:\\\/\\\/transportjournal.com\\\/de\\\/\"},{\"@type\":\"ListItem\",\"position\":2,\"name\":\"ID Logistics er\u00f6ffnet neues Logistikzentrum\"}]},{\"@type\":\"WebSite\",\"@id\":\"https:\\\/\\\/transportjournal.com\\\/de\\\/#website\",\"url\":\"https:\\\/\\\/transportjournal.com\\\/de\\\/\",\"name\":\"ITJ | International Transport Journal\",\"description\":\"Stay informed with the latest global news from the transport, logistics, and supply chain industries. Transport Journal delivers expert insights, analysis, and updates across shipping, aviation, intermodal, and forwarding.\",\"publisher\":{\"@id\":\"https:\\\/\\\/transportjournal.com\\\/de\\\/#organization\"},\"potentialAction\":[{\"@type\":\"SearchAction\",\"target\":{\"@type\":\"EntryPoint\",\"urlTemplate\":\"https:\\\/\\\/transportjournal.com\\\/de\\\/?s={search_term_string}\"},\"query-input\":{\"@type\":\"PropertyValueSpecification\",\"valueRequired\":true,\"valueName\":\"search_term_string\"}}],\"inLanguage\":\"de\"},{\"@type\":\"Organization\",\"@id\":\"https:\\\/\\\/transportjournal.com\\\/de\\\/#organization\",\"name\":\"Groupe Logismedia AG\",\"alternateName\":\"Logismedia Group AG\",\"url\":\"https:\\\/\\\/transportjournal.com\\\/de\\\/\",\"logo\":{\"@type\":\"ImageObject\",\"inLanguage\":\"de\",\"@id\":\"https:\\\/\\\/transportjournal.com\\\/de\\\/#\\\/schema\\\/logo\\\/image\\\/\",\"url\":\"https:\\\/\\\/transportjournal.com\\\/wp-content\\\/uploads\\\/sites\\\/2\\\/2025\\\/09\\\/Logo_ITJ.png\",\"contentUrl\":\"https:\\\/\\\/transportjournal.com\\\/wp-content\\\/uploads\\\/sites\\\/2\\\/2025\\\/09\\\/Logo_ITJ.png\",\"width\":799,\"height\":326,\"caption\":\"Groupe Logismedia AG\"},\"image\":{\"@id\":\"https:\\\/\\\/transportjournal.com\\\/de\\\/#\\\/schema\\\/logo\\\/image\\\/\"},\"sameAs\":[\"https:\\\/\\\/www.linkedin.com\\\/company\\\/56456496\\\/admin\\\/dashboard\\\/\",\"https:\\\/\\\/www.instagram.com\\\/logismediagroup\\\/\",\"https:\\\/\\\/www.youtube.com\\\/@LogiamediaGroupAG\"]},{\"@type\":\"Person\",\"@id\":\"https:\\\/\\\/transportjournal.com\\\/de\\\/#\\\/schema\\\/person\\\/7b1593b33567ba798d300c8a1b0b85b1\",\"name\":\"Andreas M\u00fcller\",\"url\":\"https:\\\/\\\/transportjournal.com\\\/de\\\/author\\\/logismedia\\\/\"}]}<\/script>\n<!-- \/ Yoast SEO plugin. -->","yoast_head_json":{"title":"ID Logistics er\u00f6ffnet neues Logistikzentrum - ITJ | International Transport Journal","robots":{"index":"index","follow":"follow","max-snippet":"max-snippet:-1","max-image-preview":"max-image-preview:large","max-video-preview":"max-video-preview:-1"},"canonical":"https:\/\/transportjournal.com\/de\/2026\/04\/28\/id-logistics-eroeffnet-neues-logistikzentrum\/","og_locale":"de_DE","og_type":"article","og_title":"ID Logistics er\u00f6ffnet neues Logistikzentrum - ITJ | International Transport Journal","og_description":"ID Logistics Germany hat einen langfristigen Vertrag f\u00fcr ein 72.800 m\u00b2 gro\u00dfes Logistikzentrum im Gro\u00dfraum Aachen unterzeichnet, um den E-Commerce-Bedarf zu decken.","og_url":"https:\/\/transportjournal.com\/de\/2026\/04\/28\/id-logistics-eroeffnet-neues-logistikzentrum\/","og_site_name":"ITJ | International Transport Journal","article_published_time":"2026-04-28T10:02:02+00:00","og_image":[{"width":2560,"height":1441,"url":"https:\/\/transportjournal.com\/wp-content\/uploads\/sites\/2\/2026\/04\/DSC1471-1-scaled-1-aspect-ratio-1400-788.jpg","type":"image\/jpeg"}],"author":"Andreas M\u00fcller","twitter_card":"summary_large_image","twitter_misc":{"Verfasst von":"Andreas M\u00fcller","Gesch\u00e4tzte Lesezeit":"3\u00a0Minute"},"schema":{"@context":"https:\/\/schema.org","@graph":[{"@type":"Article","@id":"https:\/\/transportjournal.com\/de\/2026\/04\/28\/id-logistics-eroeffnet-neues-logistikzentrum\/#article","isPartOf":{"@id":"https:\/\/transportjournal.com\/de\/2026\/04\/28\/id-logistics-eroeffnet-neues-logistikzentrum\/"},"author":{"name":"Andreas M\u00fcller","@id":"https:\/\/transportjournal.com\/de\/#\/schema\/person\/7b1593b33567ba798d300c8a1b0b85b1"},"headline":"ID Logistics er\u00f6ffnet neues Logistikzentrum","datePublished":"2026-04-28T10:02:02+00:00","mainEntityOfPage":{"@id":"https:\/\/transportjournal.com\/de\/2026\/04\/28\/id-logistics-eroeffnet-neues-logistikzentrum\/"},"wordCount":546,"commentCount":0,"publisher":{"@id":"https:\/\/transportjournal.com\/de\/#organization"},"image":{"@id":"https:\/\/transportjournal.com\/de\/2026\/04\/28\/id-logistics-eroeffnet-neues-logistikzentrum\/#primaryimage"},"thumbnailUrl":"https:\/\/transportjournal.com\/wp-content\/uploads\/sites\/2\/2026\/04\/DSC1471-1-scaled-1-aspect-ratio-1400-788.jpg","keywords":["Betriebsabl\u00e4ufe in der Logistik","centre de fulfillment","centre logistique Aix-la-Chapelle","concepts logistiques durables","contract logistics Germany","Deutsch ID Logistics","Digitalisierung in der Logistik","digitalization in logistics","e-commerce logistics","E-Commerce Logistik","emplois logistiques Aix-la-Chapelle","entrep\u00f4t \u00e0 grande hauteur","Fachkr\u00e4ftemangel Logistik","Fulfillment Center","Fulfillment-Zentrum","gestion de la cha\u00eene d'approvisionnement","high-bay warehouse","Hochregallager","immobilier logistique","intralogistics solutions","Intralogistik L\u00f6sungen","Kontraktlogistik Deutschland","labor shortage logistics","logistics center Aachen","logistics jobs Aachen","logistics market Germany","logistics real estate","logistics region tri-border area","logistics service providers","logistics strategy e-commerce Fran\u00e7ais ID Logistics","logistics technology","Logistik Jobs Aachen","Logistikdienstleister","Logistikimmobilien","Logistikmarkt Deutschland","Logistikregion Dreil\u00e4ndereck","Logistikstrategie E-Commerce English ID Logistics","Logistiktechnologie","Logistikzentrum Aachen","logistique contractuelle Allemagne","logistique e-commerce","march\u00e9 logistique Allemagne","nachhaltige Logistikkonzepte","neue Arbeitspl\u00e4tze Logistik","new jobs logistics","nouveaux emplois logistique","num\u00e9risation dans la logistique","operational processes in logistics","p\u00e9nurie de main-d'\u0153uvre logistique","prestataires de services logistiques","processus op\u00e9rationnels en logistique","r\u00e9gion logistique triangle des fronti\u00e8res","solutions d'intralogistique","strat\u00e9gie logistique e-commerce","Supply Chain Management","sustainable logistics concepts","technologie logistique"],"articleSection":["Deutschland","Spedition &amp; Logistik"],"inLanguage":"de","potentialAction":[{"@type":"CommentAction","name":"Comment","target":["https:\/\/transportjournal.com\/de\/2026\/04\/28\/id-logistics-eroeffnet-neues-logistikzentrum\/#respond"]}]},{"@type":"WebPage","@id":"https:\/\/transportjournal.com\/de\/2026\/04\/28\/id-logistics-eroeffnet-neues-logistikzentrum\/","url":"https:\/\/transportjournal.com\/de\/2026\/04\/28\/id-logistics-eroeffnet-neues-logistikzentrum\/","name":"ID Logistics er\u00f6ffnet neues Logistikzentrum - ITJ | International Transport Journal","isPartOf":{"@id":"https:\/\/transportjournal.com\/de\/#website"},"primaryImageOfPage":{"@id":"https:\/\/transportjournal.com\/de\/2026\/04\/28\/id-logistics-eroeffnet-neues-logistikzentrum\/#primaryimage"},"image":{"@id":"https:\/\/transportjournal.com\/de\/2026\/04\/28\/id-logistics-eroeffnet-neues-logistikzentrum\/#primaryimage"},"thumbnailUrl":"https:\/\/transportjournal.com\/wp-content\/uploads\/sites\/2\/2026\/04\/DSC1471-1-scaled-1-aspect-ratio-1400-788.jpg","datePublished":"2026-04-28T10:02:02+00:00","breadcrumb":{"@id":"https:\/\/transportjournal.com\/de\/2026\/04\/28\/id-logistics-eroeffnet-neues-logistikzentrum\/#breadcrumb"},"inLanguage":"de","potentialAction":[{"@type":"ReadAction","target":["https:\/\/transportjournal.com\/de\/2026\/04\/28\/id-logistics-eroeffnet-neues-logistikzentrum\/"]}]},{"@type":"ImageObject","inLanguage":"de","@id":"https:\/\/transportjournal.com\/de\/2026\/04\/28\/id-logistics-eroeffnet-neues-logistikzentrum\/#primaryimage","url":"https:\/\/transportjournal.com\/wp-content\/uploads\/sites\/2\/2026\/04\/DSC1471-1-scaled-1-aspect-ratio-1400-788.jpg","contentUrl":"https:\/\/transportjournal.com\/wp-content\/uploads\/sites\/2\/2026\/04\/DSC1471-1-scaled-1-aspect-ratio-1400-788.jpg","width":2560,"height":1441},{"@type":"BreadcrumbList","@id":"https:\/\/transportjournal.com\/de\/2026\/04\/28\/id-logistics-eroeffnet-neues-logistikzentrum\/#breadcrumb","itemListElement":[{"@type":"ListItem","position":1,"name":"Startseite","item":"https:\/\/transportjournal.com\/de\/"},{"@type":"ListItem","position":2,"name":"ID Logistics er\u00f6ffnet neues Logistikzentrum"}]},{"@type":"WebSite","@id":"https:\/\/transportjournal.com\/de\/#website","url":"https:\/\/transportjournal.com\/de\/","name":"ITJ | International Transport Journal","description":"Stay informed with the latest global news from the transport, logistics, and supply chain industries. Transport Journal delivers expert insights, analysis, and updates across shipping, aviation, intermodal, and forwarding.","publisher":{"@id":"https:\/\/transportjournal.com\/de\/#organization"},"potentialAction":[{"@type":"SearchAction","target":{"@type":"EntryPoint","urlTemplate":"https:\/\/transportjournal.com\/de\/?s={search_term_string}"},"query-input":{"@type":"PropertyValueSpecification","valueRequired":true,"valueName":"search_term_string"}}],"inLanguage":"de"},{"@type":"Organization","@id":"https:\/\/transportjournal.com\/de\/#organization","name":"Groupe Logismedia AG","alternateName":"Logismedia Group AG","url":"https:\/\/transportjournal.com\/de\/","logo":{"@type":"ImageObject","inLanguage":"de","@id":"https:\/\/transportjournal.com\/de\/#\/schema\/logo\/image\/","url":"https:\/\/transportjournal.com\/wp-content\/uploads\/sites\/2\/2025\/09\/Logo_ITJ.png","contentUrl":"https:\/\/transportjournal.com\/wp-content\/uploads\/sites\/2\/2025\/09\/Logo_ITJ.png","width":799,"height":326,"caption":"Groupe Logismedia AG"},"image":{"@id":"https:\/\/transportjournal.com\/de\/#\/schema\/logo\/image\/"},"sameAs":["https:\/\/www.linkedin.com\/company\/56456496\/admin\/dashboard\/","https:\/\/www.instagram.com\/logismediagroup\/","https:\/\/www.youtube.com\/@LogiamediaGroupAG"]},{"@type":"Person","@id":"https:\/\/transportjournal.com\/de\/#\/schema\/person\/7b1593b33567ba798d300c8a1b0b85b1","name":"Andreas M\u00fcller","url":"https:\/\/transportjournal.com\/de\/author\/logismedia\/"}]}},"_links":{"self":[{"href":"https:\/\/transportjournal.com\/de\/wp-json\/wp\/v2\/posts\/86989","targetHints":{"allow":["GET"]}}],"collection":[{"href":"https:\/\/transportjournal.com\/de\/wp-json\/wp\/v2\/posts"}],"about":[{"href":"https:\/\/transportjournal.com\/de\/wp-json\/wp\/v2\/types\/post"}],"author":[{"embeddable":true,"href":"https:\/\/transportjournal.com\/de\/wp-json\/wp\/v2\/users\/7"}],"replies":[{"embeddable":true,"href":"https:\/\/transportjournal.com\/de\/wp-json\/wp\/v2\/comments?post=86989"}],"version-history":[{"count":0,"href":"https:\/\/transportjournal.com\/de\/wp-json\/wp\/v2\/posts\/86989\/revisions"}],"wp:featuredmedia":[{"embeddable":true,"href":"https:\/\/transportjournal.com\/de\/wp-json\/wp\/v2\/media\/86988"}],"wp:attachment":[{"href":"https:\/\/transportjournal.com\/de\/wp-json\/wp\/v2\/media?parent=86989"}],"wp:term":[{"taxonomy":"category","embeddable":true,"href":"https:\/\/transportjournal.com\/de\/wp-json\/wp\/v2\/categories?post=86989"},{"taxonomy":"post_tag","embeddable":true,"href":"https:\/\/transportjournal.com\/de\/wp-json\/wp\/v2\/tags?post=86989"}],"curies":[{"name":"wp","href":"https:\/\/api.w.org\/{rel}","templated":true}]}}