{"id":86898,"date":"2026-04-28T08:03:42","date_gmt":"2026-04-28T08:03:42","guid":{"rendered":"https:\/\/transportjournal.com\/2026\/04\/28\/hafen-barcelona-praesentiert-entwicklungsplan-2026-2030\/"},"modified":"2026-04-28T08:03:42","modified_gmt":"2026-04-28T08:03:42","slug":"hafen-barcelona-praesentiert-entwicklungsplan-2026-2030","status":"publish","type":"post","link":"https:\/\/transportjournal.com\/de\/2026\/04\/28\/hafen-barcelona-praesentiert-entwicklungsplan-2026-2030\/","title":{"rendered":"Hafen Barcelona pr\u00e4sentiert Entwicklungsplan 2026-2030"},"content":{"rendered":"<p>Der Hafen von Barcelona hat mit dem f\u00fcnften strategischen Plan f\u00fcr die Jahre 2026 bis 2030 einen Fahrplan f\u00fcr seine zuk\u00fcnftige Entwicklung vorgestellt. Dieser Plan, der gem\u00e4ss dem Hafen als der gr\u00f6sste Investitionszyklus in seiner Geschichte gilt, zielt darauf ab, die Infrastruktur, Konnektivit\u00e4t und Energieversorgung zu optimieren. Damit soll die Widerstandsf\u00e4higkeit des Hafens in einer zunehmend instabilen globalen Lage gest\u00e4rkt werden, wie der Hafen mitteilt.<\/p>\n<h3>Massnahmen zur Transformation<\/h3>\n<p>Der strategische Plan ist in einen Aktionsplan mit 120 Initiativen gegliedert, die in 25 spezifische Umwelt-, Sozial- und Wirtschaftsziele unterteilt sind. Der Hafen von Barcelona verfolgt mit diesem Ansatz das Ziel, die Wettbewerbsf\u00e4higkeit des Handelssektors zu sichern und gleichzeitig die Nachhaltigkeit zu f\u00f6rdern. Ein zentrales Anliegen des Plans ist der Aufbau solider und moderner Infrastrukturen, die eine verbesserte Vernetzung erm\u00f6glichen. Dies ist nach Unternehmensangaben besonders wichtig, um die Rolle des Hafens als wirtschaftlichen und sozialen Motor der Region zu bewahren.<\/p>\n<p><a href=\"https:\/\/www.portdebarcelona.cat\/en\" target=\"_blank\" rel=\"noopener noreferrer\">www.portdebarcelona.cat<\/a><\/p>\n","protected":false},"excerpt":{"rendered":"<p>Der Hafen von Barcelona hat einen strategischen Plan f\u00fcr 2026 bis 2030 vorgestellt, um Infrastruktur und Nachhaltigkeit zu verbessern und die Wettbewerbsf\u00e4higkeit zu sichern.<\/p>\n","protected":false},"author":10,"featured_media":86897,"comment_status":"open","ping_status":"","sticky":false,"template":"","format":"standard","meta":{"_acf_changed":false,"footnotes":""},"categories":[1575,1571],"tags":[42642,42643,42644,42645,42646,10388,42647,3710,3711,18244,42648,42649,42650,42651,2122,42652,42653,42654,10399,42655,42656,4814,4054,4815,42657,42658,42659,42660,6987,4829,3726,42661,42662,42663,10408,2479,42664,42665,42666,42667,4065,42668,42669,6999,42670,2339,42671,42672,42673,42674,42675,18264,42676,4841,4842,42677,42678,42679],"class_list":["post-86898","post","type-post","status-publish","format-standard","has-post-thumbnail","hentry","category-europa","category-schiffahrt","tag-approvisionnement-energetique-port","tag-competitiveness-port-francais-port-de-barcelone","tag-competitivite-port","tag-connectivite-port","tag-cycle-dinvestissement-port","tag-deutsch-hafen-barcelona","tag-developpement-portuaire-2026-2030","tag-digitalisierung-im-hafen","tag-digitalization-in-ports","tag-durabilite-dans-les-ports","tag-economic-goals-port","tag-energieversorgung-hafen","tag-energy-supply-port","tag-environmental-goals-port","tag-fachkraeftemangel-logistik","tag-global-stability-port","tag-globale-stabilitaet-hafen","tag-hafen-der-zukunft","tag-hafenbetrieb-barcelona","tag-hafenentwicklung-2026-2030","tag-handelssektor-barcelona","tag-industrie-du-transport-barcelone","tag-infrastructure-portuaire","tag-infrastruktur-hafen","tag-investitionszyklus-hafen","tag-investment-cycle-port","tag-konnektivitaet-hafen","tag-logistics-providers-spain","tag-logistikdienstleister-spanien","tag-nachhaltigkeit-im-hafen","tag-numerisation-dans-les-ports","tag-objectifs-economiques-port","tag-objectifs-environnementaux-port","tag-objectifs-sociaux-port","tag-operations-portuaires-barcelone","tag-penurie-de-competences-logistique","tag-plan-strategique-port","tag-port-connectivity","tag-port-development-2026-2030","tag-port-du-futur","tag-port-infrastructure","tag-port-of-the-future","tag-port-operations-barcelona","tag-prestataires-logistiques-espagne","tag-secteur-commercial-barcelone","tag-skills-shortage-logistics","tag-social-goals-port","tag-soziale-ziele-hafen","tag-stabilite-mondiale-port","tag-strategic-plan-port","tag-strategischer-plan-hafen","tag-sustainability-in-ports","tag-trade-sector-barcelona","tag-transport-industry-barcelona","tag-transportwirtschaft-barcelona","tag-umweltziele-hafen","tag-wettbewerbsfaehigkeit-hafen-english-port-of-barcelona","tag-wirtschaftliche-ziele-hafen"],"acf":[],"yoast_head":"<!-- This site is optimized with the Yoast SEO plugin v27.3 - https:\/\/yoast.com\/product\/yoast-seo-wordpress\/ -->\n<title>Hafen Barcelona pr\u00e4sentiert Entwicklungsplan 2026-2030 - ITJ | International Transport Journal<\/title>\n<meta name=\"robots\" content=\"index, follow, max-snippet:-1, max-image-preview:large, max-video-preview:-1\" \/>\n<link rel=\"canonical\" href=\"https:\/\/transportjournal.com\/de\/2026\/04\/28\/hafen-barcelona-praesentiert-entwicklungsplan-2026-2030\/\" \/>\n<meta property=\"og:locale\" content=\"de_DE\" \/>\n<meta property=\"og:type\" content=\"article\" \/>\n<meta property=\"og:title\" content=\"Hafen Barcelona pr\u00e4sentiert Entwicklungsplan 2026-2030 - ITJ | International Transport Journal\" \/>\n<meta property=\"og:description\" content=\"Der Hafen von Barcelona hat einen strategischen Plan f\u00fcr 2026 bis 2030 vorgestellt, um Infrastruktur und Nachhaltigkeit zu verbessern und die Wettbewerbsf\u00e4higkeit zu sichern.\" \/>\n<meta property=\"og:url\" content=\"https:\/\/transportjournal.com\/de\/2026\/04\/28\/hafen-barcelona-praesentiert-entwicklungsplan-2026-2030\/\" \/>\n<meta property=\"og:site_name\" content=\"ITJ | International Transport Journal\" \/>\n<meta property=\"article:published_time\" content=\"2026-04-28T08:03:42+00:00\" \/>\n<meta property=\"og:image\" content=\"https:\/\/transportjournal.com\/wp-content\/uploads\/sites\/2\/2026\/04\/0378d04e-952d-49ca-b896-6625830f386e-scaled-aspect-ratio-1400-788-scaled-1.jpg\" \/>\n\t<meta property=\"og:image:width\" content=\"2560\" \/>\n\t<meta property=\"og:image:height\" content=\"1441\" \/>\n\t<meta property=\"og:image:type\" content=\"image\/jpeg\" \/>\n<meta name=\"author\" content=\"Jeremy Soland\" \/>\n<meta name=\"twitter:card\" content=\"summary_large_image\" \/>\n<meta name=\"twitter:label1\" content=\"Verfasst von\" \/>\n\t<meta name=\"twitter:data1\" content=\"Jeremy Soland\" \/>\n\t<meta name=\"twitter:label2\" content=\"Gesch\u00e4tzte Lesezeit\" \/>\n\t<meta name=\"twitter:data2\" content=\"1\u00a0Minute\" \/>\n<script type=\"application\/ld+json\" class=\"yoast-schema-graph\">{\"@context\":\"https:\\\/\\\/schema.org\",\"@graph\":[{\"@type\":\"Article\",\"@id\":\"https:\\\/\\\/transportjournal.com\\\/de\\\/2026\\\/04\\\/28\\\/hafen-barcelona-praesentiert-entwicklungsplan-2026-2030\\\/#article\",\"isPartOf\":{\"@id\":\"https:\\\/\\\/transportjournal.com\\\/de\\\/2026\\\/04\\\/28\\\/hafen-barcelona-praesentiert-entwicklungsplan-2026-2030\\\/\"},\"author\":{\"name\":\"Jeremy Soland\",\"@id\":\"https:\\\/\\\/transportjournal.com\\\/de\\\/#\\\/schema\\\/person\\\/41d36b5474b623392fa613e97e2363fa\"},\"headline\":\"Hafen Barcelona pr\u00e4sentiert Entwicklungsplan 2026-2030\",\"datePublished\":\"2026-04-28T08:03:42+00:00\",\"mainEntityOfPage\":{\"@id\":\"https:\\\/\\\/transportjournal.com\\\/de\\\/2026\\\/04\\\/28\\\/hafen-barcelona-praesentiert-entwicklungsplan-2026-2030\\\/\"},\"wordCount\":165,\"commentCount\":0,\"publisher\":{\"@id\":\"https:\\\/\\\/transportjournal.com\\\/de\\\/#organization\"},\"image\":{\"@id\":\"https:\\\/\\\/transportjournal.com\\\/de\\\/2026\\\/04\\\/28\\\/hafen-barcelona-praesentiert-entwicklungsplan-2026-2030\\\/#primaryimage\"},\"thumbnailUrl\":\"https:\\\/\\\/transportjournal.com\\\/wp-content\\\/uploads\\\/sites\\\/2\\\/2026\\\/04\\\/0378d04e-952d-49ca-b896-6625830f386e-scaled-aspect-ratio-1400-788-scaled-1.jpg\",\"keywords\":[\"approvisionnement \u00e9nerg\u00e9tique port\",\"competitiveness port Fran\u00e7ais Port de Barcelone\",\"comp\u00e9titivit\u00e9 port\",\"connectivit\u00e9 port\",\"cycle d'investissement port\",\"Deutsch Hafen Barcelona\",\"d\u00e9veloppement portuaire 2026-2030\",\"Digitalisierung im Hafen\",\"digitalization in ports\",\"durabilit\u00e9 dans les ports\",\"economic goals port\",\"Energieversorgung Hafen\",\"energy supply port\",\"environmental goals port\",\"Fachkr\u00e4ftemangel Logistik\",\"global stability port\",\"globale Stabilit\u00e4t Hafen\",\"Hafen der Zukunft\",\"Hafenbetrieb Barcelona\",\"Hafenentwicklung 2026-2030\",\"Handelssektor Barcelona\",\"industrie du transport Barcelone\",\"infrastructure portuaire\",\"Infrastruktur Hafen\",\"Investitionszyklus Hafen\",\"investment cycle port\",\"Konnektivit\u00e4t Hafen\",\"logistics providers Spain\",\"Logistikdienstleister Spanien\",\"Nachhaltigkeit im Hafen\",\"num\u00e9risation dans les ports\",\"objectifs \u00e9conomiques port\",\"objectifs environnementaux port\",\"objectifs sociaux port\",\"op\u00e9rations portuaires Barcelone\",\"p\u00e9nurie de comp\u00e9tences logistique\",\"plan strat\u00e9gique port\",\"port connectivity\",\"port development 2026-2030\",\"port du futur\",\"port infrastructure\",\"port of the future\",\"port operations Barcelona\",\"prestataires logistiques Espagne\",\"secteur commercial Barcelone\",\"skills shortage logistics\",\"social goals port\",\"soziale Ziele Hafen\",\"stabilit\u00e9 mondiale port\",\"strategic plan port\",\"strategischer Plan Hafen\",\"sustainability in ports\",\"trade sector Barcelona\",\"transport industry Barcelona\",\"Transportwirtschaft Barcelona\",\"Umweltziele Hafen\",\"Wettbewerbsf\u00e4higkeit Hafen English Port of Barcelona\",\"wirtschaftliche Ziele Hafen\"],\"articleSection\":[\"Europa\",\"Schifffahrt &amp; H\u00e4fen\"],\"inLanguage\":\"de\",\"potentialAction\":[{\"@type\":\"CommentAction\",\"name\":\"Comment\",\"target\":[\"https:\\\/\\\/transportjournal.com\\\/de\\\/2026\\\/04\\\/28\\\/hafen-barcelona-praesentiert-entwicklungsplan-2026-2030\\\/#respond\"]}]},{\"@type\":\"WebPage\",\"@id\":\"https:\\\/\\\/transportjournal.com\\\/de\\\/2026\\\/04\\\/28\\\/hafen-barcelona-praesentiert-entwicklungsplan-2026-2030\\\/\",\"url\":\"https:\\\/\\\/transportjournal.com\\\/de\\\/2026\\\/04\\\/28\\\/hafen-barcelona-praesentiert-entwicklungsplan-2026-2030\\\/\",\"name\":\"Hafen Barcelona pr\u00e4sentiert Entwicklungsplan 2026-2030 - ITJ | International Transport Journal\",\"isPartOf\":{\"@id\":\"https:\\\/\\\/transportjournal.com\\\/de\\\/#website\"},\"primaryImageOfPage\":{\"@id\":\"https:\\\/\\\/transportjournal.com\\\/de\\\/2026\\\/04\\\/28\\\/hafen-barcelona-praesentiert-entwicklungsplan-2026-2030\\\/#primaryimage\"},\"image\":{\"@id\":\"https:\\\/\\\/transportjournal.com\\\/de\\\/2026\\\/04\\\/28\\\/hafen-barcelona-praesentiert-entwicklungsplan-2026-2030\\\/#primaryimage\"},\"thumbnailUrl\":\"https:\\\/\\\/transportjournal.com\\\/wp-content\\\/uploads\\\/sites\\\/2\\\/2026\\\/04\\\/0378d04e-952d-49ca-b896-6625830f386e-scaled-aspect-ratio-1400-788-scaled-1.jpg\",\"datePublished\":\"2026-04-28T08:03:42+00:00\",\"breadcrumb\":{\"@id\":\"https:\\\/\\\/transportjournal.com\\\/de\\\/2026\\\/04\\\/28\\\/hafen-barcelona-praesentiert-entwicklungsplan-2026-2030\\\/#breadcrumb\"},\"inLanguage\":\"de\",\"potentialAction\":[{\"@type\":\"ReadAction\",\"target\":[\"https:\\\/\\\/transportjournal.com\\\/de\\\/2026\\\/04\\\/28\\\/hafen-barcelona-praesentiert-entwicklungsplan-2026-2030\\\/\"]}]},{\"@type\":\"ImageObject\",\"inLanguage\":\"de\",\"@id\":\"https:\\\/\\\/transportjournal.com\\\/de\\\/2026\\\/04\\\/28\\\/hafen-barcelona-praesentiert-entwicklungsplan-2026-2030\\\/#primaryimage\",\"url\":\"https:\\\/\\\/transportjournal.com\\\/wp-content\\\/uploads\\\/sites\\\/2\\\/2026\\\/04\\\/0378d04e-952d-49ca-b896-6625830f386e-scaled-aspect-ratio-1400-788-scaled-1.jpg\",\"contentUrl\":\"https:\\\/\\\/transportjournal.com\\\/wp-content\\\/uploads\\\/sites\\\/2\\\/2026\\\/04\\\/0378d04e-952d-49ca-b896-6625830f386e-scaled-aspect-ratio-1400-788-scaled-1.jpg\",\"width\":2560,\"height\":1441},{\"@type\":\"BreadcrumbList\",\"@id\":\"https:\\\/\\\/transportjournal.com\\\/de\\\/2026\\\/04\\\/28\\\/hafen-barcelona-praesentiert-entwicklungsplan-2026-2030\\\/#breadcrumb\",\"itemListElement\":[{\"@type\":\"ListItem\",\"position\":1,\"name\":\"Startseite\",\"item\":\"https:\\\/\\\/transportjournal.com\\\/de\\\/\"},{\"@type\":\"ListItem\",\"position\":2,\"name\":\"Hafen Barcelona pr\u00e4sentiert Entwicklungsplan 2026-2030\"}]},{\"@type\":\"WebSite\",\"@id\":\"https:\\\/\\\/transportjournal.com\\\/de\\\/#website\",\"url\":\"https:\\\/\\\/transportjournal.com\\\/de\\\/\",\"name\":\"ITJ | International Transport Journal\",\"description\":\"Stay informed with the latest global news from the transport, logistics, and supply chain industries. Transport Journal delivers expert insights, analysis, and updates across shipping, aviation, intermodal, and forwarding.\",\"publisher\":{\"@id\":\"https:\\\/\\\/transportjournal.com\\\/de\\\/#organization\"},\"potentialAction\":[{\"@type\":\"SearchAction\",\"target\":{\"@type\":\"EntryPoint\",\"urlTemplate\":\"https:\\\/\\\/transportjournal.com\\\/de\\\/?s={search_term_string}\"},\"query-input\":{\"@type\":\"PropertyValueSpecification\",\"valueRequired\":true,\"valueName\":\"search_term_string\"}}],\"inLanguage\":\"de\"},{\"@type\":\"Organization\",\"@id\":\"https:\\\/\\\/transportjournal.com\\\/de\\\/#organization\",\"name\":\"Groupe Logismedia AG\",\"alternateName\":\"Logismedia Group AG\",\"url\":\"https:\\\/\\\/transportjournal.com\\\/de\\\/\",\"logo\":{\"@type\":\"ImageObject\",\"inLanguage\":\"de\",\"@id\":\"https:\\\/\\\/transportjournal.com\\\/de\\\/#\\\/schema\\\/logo\\\/image\\\/\",\"url\":\"https:\\\/\\\/transportjournal.com\\\/wp-content\\\/uploads\\\/sites\\\/2\\\/2025\\\/09\\\/Logo_ITJ.png\",\"contentUrl\":\"https:\\\/\\\/transportjournal.com\\\/wp-content\\\/uploads\\\/sites\\\/2\\\/2025\\\/09\\\/Logo_ITJ.png\",\"width\":799,\"height\":326,\"caption\":\"Groupe Logismedia AG\"},\"image\":{\"@id\":\"https:\\\/\\\/transportjournal.com\\\/de\\\/#\\\/schema\\\/logo\\\/image\\\/\"},\"sameAs\":[\"https:\\\/\\\/www.linkedin.com\\\/company\\\/56456496\\\/admin\\\/dashboard\\\/\",\"https:\\\/\\\/www.instagram.com\\\/logismediagroup\\\/\",\"https:\\\/\\\/www.youtube.com\\\/@LogiamediaGroupAG\"]},{\"@type\":\"Person\",\"@id\":\"https:\\\/\\\/transportjournal.com\\\/de\\\/#\\\/schema\\\/person\\\/41d36b5474b623392fa613e97e2363fa\",\"name\":\"Jeremy Soland\",\"url\":\"https:\\\/\\\/transportjournal.com\\\/de\\\/author\\\/jeremy\\\/\"}]}<\/script>\n<!-- \/ Yoast SEO plugin. -->","yoast_head_json":{"title":"Hafen Barcelona pr\u00e4sentiert Entwicklungsplan 2026-2030 - ITJ | International Transport Journal","robots":{"index":"index","follow":"follow","max-snippet":"max-snippet:-1","max-image-preview":"max-image-preview:large","max-video-preview":"max-video-preview:-1"},"canonical":"https:\/\/transportjournal.com\/de\/2026\/04\/28\/hafen-barcelona-praesentiert-entwicklungsplan-2026-2030\/","og_locale":"de_DE","og_type":"article","og_title":"Hafen Barcelona pr\u00e4sentiert Entwicklungsplan 2026-2030 - ITJ | International Transport Journal","og_description":"Der Hafen von Barcelona hat einen strategischen Plan f\u00fcr 2026 bis 2030 vorgestellt, um Infrastruktur und Nachhaltigkeit zu verbessern und die Wettbewerbsf\u00e4higkeit zu sichern.","og_url":"https:\/\/transportjournal.com\/de\/2026\/04\/28\/hafen-barcelona-praesentiert-entwicklungsplan-2026-2030\/","og_site_name":"ITJ | International Transport Journal","article_published_time":"2026-04-28T08:03:42+00:00","og_image":[{"width":2560,"height":1441,"url":"https:\/\/transportjournal.com\/wp-content\/uploads\/sites\/2\/2026\/04\/0378d04e-952d-49ca-b896-6625830f386e-scaled-aspect-ratio-1400-788-scaled-1.jpg","type":"image\/jpeg"}],"author":"Jeremy Soland","twitter_card":"summary_large_image","twitter_misc":{"Verfasst von":"Jeremy Soland","Gesch\u00e4tzte Lesezeit":"1\u00a0Minute"},"schema":{"@context":"https:\/\/schema.org","@graph":[{"@type":"Article","@id":"https:\/\/transportjournal.com\/de\/2026\/04\/28\/hafen-barcelona-praesentiert-entwicklungsplan-2026-2030\/#article","isPartOf":{"@id":"https:\/\/transportjournal.com\/de\/2026\/04\/28\/hafen-barcelona-praesentiert-entwicklungsplan-2026-2030\/"},"author":{"name":"Jeremy Soland","@id":"https:\/\/transportjournal.com\/de\/#\/schema\/person\/41d36b5474b623392fa613e97e2363fa"},"headline":"Hafen Barcelona pr\u00e4sentiert Entwicklungsplan 2026-2030","datePublished":"2026-04-28T08:03:42+00:00","mainEntityOfPage":{"@id":"https:\/\/transportjournal.com\/de\/2026\/04\/28\/hafen-barcelona-praesentiert-entwicklungsplan-2026-2030\/"},"wordCount":165,"commentCount":0,"publisher":{"@id":"https:\/\/transportjournal.com\/de\/#organization"},"image":{"@id":"https:\/\/transportjournal.com\/de\/2026\/04\/28\/hafen-barcelona-praesentiert-entwicklungsplan-2026-2030\/#primaryimage"},"thumbnailUrl":"https:\/\/transportjournal.com\/wp-content\/uploads\/sites\/2\/2026\/04\/0378d04e-952d-49ca-b896-6625830f386e-scaled-aspect-ratio-1400-788-scaled-1.jpg","keywords":["approvisionnement \u00e9nerg\u00e9tique port","competitiveness port Fran\u00e7ais Port de Barcelone","comp\u00e9titivit\u00e9 port","connectivit\u00e9 port","cycle d'investissement port","Deutsch Hafen Barcelona","d\u00e9veloppement portuaire 2026-2030","Digitalisierung im Hafen","digitalization in ports","durabilit\u00e9 dans les ports","economic goals port","Energieversorgung Hafen","energy supply port","environmental goals port","Fachkr\u00e4ftemangel Logistik","global stability port","globale Stabilit\u00e4t Hafen","Hafen der Zukunft","Hafenbetrieb Barcelona","Hafenentwicklung 2026-2030","Handelssektor Barcelona","industrie du transport Barcelone","infrastructure portuaire","Infrastruktur Hafen","Investitionszyklus Hafen","investment cycle port","Konnektivit\u00e4t Hafen","logistics providers Spain","Logistikdienstleister Spanien","Nachhaltigkeit im Hafen","num\u00e9risation dans les ports","objectifs \u00e9conomiques port","objectifs environnementaux port","objectifs sociaux port","op\u00e9rations portuaires Barcelone","p\u00e9nurie de comp\u00e9tences logistique","plan strat\u00e9gique port","port connectivity","port development 2026-2030","port du futur","port infrastructure","port of the future","port operations Barcelona","prestataires logistiques Espagne","secteur commercial Barcelone","skills shortage logistics","social goals port","soziale Ziele Hafen","stabilit\u00e9 mondiale port","strategic plan port","strategischer Plan Hafen","sustainability in ports","trade sector Barcelona","transport industry Barcelona","Transportwirtschaft Barcelona","Umweltziele Hafen","Wettbewerbsf\u00e4higkeit Hafen English Port of Barcelona","wirtschaftliche Ziele Hafen"],"articleSection":["Europa","Schifffahrt &amp; H\u00e4fen"],"inLanguage":"de","potentialAction":[{"@type":"CommentAction","name":"Comment","target":["https:\/\/transportjournal.com\/de\/2026\/04\/28\/hafen-barcelona-praesentiert-entwicklungsplan-2026-2030\/#respond"]}]},{"@type":"WebPage","@id":"https:\/\/transportjournal.com\/de\/2026\/04\/28\/hafen-barcelona-praesentiert-entwicklungsplan-2026-2030\/","url":"https:\/\/transportjournal.com\/de\/2026\/04\/28\/hafen-barcelona-praesentiert-entwicklungsplan-2026-2030\/","name":"Hafen Barcelona pr\u00e4sentiert Entwicklungsplan 2026-2030 - ITJ | International Transport Journal","isPartOf":{"@id":"https:\/\/transportjournal.com\/de\/#website"},"primaryImageOfPage":{"@id":"https:\/\/transportjournal.com\/de\/2026\/04\/28\/hafen-barcelona-praesentiert-entwicklungsplan-2026-2030\/#primaryimage"},"image":{"@id":"https:\/\/transportjournal.com\/de\/2026\/04\/28\/hafen-barcelona-praesentiert-entwicklungsplan-2026-2030\/#primaryimage"},"thumbnailUrl":"https:\/\/transportjournal.com\/wp-content\/uploads\/sites\/2\/2026\/04\/0378d04e-952d-49ca-b896-6625830f386e-scaled-aspect-ratio-1400-788-scaled-1.jpg","datePublished":"2026-04-28T08:03:42+00:00","breadcrumb":{"@id":"https:\/\/transportjournal.com\/de\/2026\/04\/28\/hafen-barcelona-praesentiert-entwicklungsplan-2026-2030\/#breadcrumb"},"inLanguage":"de","potentialAction":[{"@type":"ReadAction","target":["https:\/\/transportjournal.com\/de\/2026\/04\/28\/hafen-barcelona-praesentiert-entwicklungsplan-2026-2030\/"]}]},{"@type":"ImageObject","inLanguage":"de","@id":"https:\/\/transportjournal.com\/de\/2026\/04\/28\/hafen-barcelona-praesentiert-entwicklungsplan-2026-2030\/#primaryimage","url":"https:\/\/transportjournal.com\/wp-content\/uploads\/sites\/2\/2026\/04\/0378d04e-952d-49ca-b896-6625830f386e-scaled-aspect-ratio-1400-788-scaled-1.jpg","contentUrl":"https:\/\/transportjournal.com\/wp-content\/uploads\/sites\/2\/2026\/04\/0378d04e-952d-49ca-b896-6625830f386e-scaled-aspect-ratio-1400-788-scaled-1.jpg","width":2560,"height":1441},{"@type":"BreadcrumbList","@id":"https:\/\/transportjournal.com\/de\/2026\/04\/28\/hafen-barcelona-praesentiert-entwicklungsplan-2026-2030\/#breadcrumb","itemListElement":[{"@type":"ListItem","position":1,"name":"Startseite","item":"https:\/\/transportjournal.com\/de\/"},{"@type":"ListItem","position":2,"name":"Hafen Barcelona pr\u00e4sentiert Entwicklungsplan 2026-2030"}]},{"@type":"WebSite","@id":"https:\/\/transportjournal.com\/de\/#website","url":"https:\/\/transportjournal.com\/de\/","name":"ITJ | International Transport Journal","description":"Stay informed with the latest global news from the transport, logistics, and supply chain industries. Transport Journal delivers expert insights, analysis, and updates across shipping, aviation, intermodal, and forwarding.","publisher":{"@id":"https:\/\/transportjournal.com\/de\/#organization"},"potentialAction":[{"@type":"SearchAction","target":{"@type":"EntryPoint","urlTemplate":"https:\/\/transportjournal.com\/de\/?s={search_term_string}"},"query-input":{"@type":"PropertyValueSpecification","valueRequired":true,"valueName":"search_term_string"}}],"inLanguage":"de"},{"@type":"Organization","@id":"https:\/\/transportjournal.com\/de\/#organization","name":"Groupe Logismedia AG","alternateName":"Logismedia Group AG","url":"https:\/\/transportjournal.com\/de\/","logo":{"@type":"ImageObject","inLanguage":"de","@id":"https:\/\/transportjournal.com\/de\/#\/schema\/logo\/image\/","url":"https:\/\/transportjournal.com\/wp-content\/uploads\/sites\/2\/2025\/09\/Logo_ITJ.png","contentUrl":"https:\/\/transportjournal.com\/wp-content\/uploads\/sites\/2\/2025\/09\/Logo_ITJ.png","width":799,"height":326,"caption":"Groupe Logismedia AG"},"image":{"@id":"https:\/\/transportjournal.com\/de\/#\/schema\/logo\/image\/"},"sameAs":["https:\/\/www.linkedin.com\/company\/56456496\/admin\/dashboard\/","https:\/\/www.instagram.com\/logismediagroup\/","https:\/\/www.youtube.com\/@LogiamediaGroupAG"]},{"@type":"Person","@id":"https:\/\/transportjournal.com\/de\/#\/schema\/person\/41d36b5474b623392fa613e97e2363fa","name":"Jeremy Soland","url":"https:\/\/transportjournal.com\/de\/author\/jeremy\/"}]}},"_links":{"self":[{"href":"https:\/\/transportjournal.com\/de\/wp-json\/wp\/v2\/posts\/86898","targetHints":{"allow":["GET"]}}],"collection":[{"href":"https:\/\/transportjournal.com\/de\/wp-json\/wp\/v2\/posts"}],"about":[{"href":"https:\/\/transportjournal.com\/de\/wp-json\/wp\/v2\/types\/post"}],"author":[{"embeddable":true,"href":"https:\/\/transportjournal.com\/de\/wp-json\/wp\/v2\/users\/10"}],"replies":[{"embeddable":true,"href":"https:\/\/transportjournal.com\/de\/wp-json\/wp\/v2\/comments?post=86898"}],"version-history":[{"count":0,"href":"https:\/\/transportjournal.com\/de\/wp-json\/wp\/v2\/posts\/86898\/revisions"}],"wp:featuredmedia":[{"embeddable":true,"href":"https:\/\/transportjournal.com\/de\/wp-json\/wp\/v2\/media\/86897"}],"wp:attachment":[{"href":"https:\/\/transportjournal.com\/de\/wp-json\/wp\/v2\/media?parent=86898"}],"wp:term":[{"taxonomy":"category","embeddable":true,"href":"https:\/\/transportjournal.com\/de\/wp-json\/wp\/v2\/categories?post=86898"},{"taxonomy":"post_tag","embeddable":true,"href":"https:\/\/transportjournal.com\/de\/wp-json\/wp\/v2\/tags?post=86898"}],"curies":[{"name":"wp","href":"https:\/\/api.w.org\/{rel}","templated":true}]}}