{"id":86853,"date":"2026-04-28T07:13:18","date_gmt":"2026-04-28T07:13:18","guid":{"rendered":"https:\/\/transportjournal.com\/2026\/04\/28\/denis-peck-neue-vertriebsleitung-bei-ultimo\/"},"modified":"2026-04-28T09:32:04","modified_gmt":"2026-04-28T07:32:04","slug":"denis-peck-neue-vertriebsleitung-bei-ultimo","status":"publish","type":"post","link":"https:\/\/transportjournal.com\/de\/2026\/04\/28\/denis-peck-neue-vertriebsleitung-bei-ultimo\/","title":{"rendered":"Denis Peck: Neue Vertriebsleitung bei Ultimo"},"content":{"rendered":"<p>Ultimo, ein Anbieter von Softwarel\u00f6sungen im Bereich Enterprise-Asset-Management (EAM), hat Denis Peck zum Sales Director f\u00fcr die Regionen DACH (Deutschland, \u00d6sterreich, Schweiz) und Nordics ernannt. In seiner neuen Position wird Peck daf\u00fcr verantwortlich sein, das Wachstum in diesen M\u00e4rkten voranzutreiben und Unternehmen bei der digitalen Transformation ihrer Asset-Management- und Instandhaltungsprozesse zu unterst\u00fctzen, wie Ultimo mitteilt. Ein besonderer Fokus liegt dabei auf dem Einsatz von K\u00fcnstlicher Intelligenz.<\/p>\n<h3>Wachstum in dynamischen M\u00e4rkten<\/h3>\n<p>Die Regionen DACH und Nordics gelten gem\u00e4ss dem Unternehmen als einige der dynamischsten M\u00e4rkte f\u00fcr EAM-L\u00f6sungen in Europa. In verschiedenen Branchen, darunter die Fertigungs- und Lebensmittelindustrie, Energieversorgung sowie Logistik und Gesundheitswesen, wachse die Nachfrage nach datengetriebenen L\u00f6sungen. Diese sollen dazu beitragen, die Anlagenverf\u00fcgbarkeit zu optimieren, die Effizienz zu steigern und Kostenstrukturen zu verbessern. Ultimo hat in diesen Bereichen eine Kundenbasis von \u00fcber 2.500 Unternehmen, zu denen Firmen wie Evonik Industries, Bahlsen, Dachser und Siemens Healthineers geh\u00f6ren.<\/p>\n<p>Mit der Ernennung von Denis Peck betont Ultimo nach eigenen Angaben die strategische Relevanz der DACH- und Nordics-Regionen im Rahmen seiner europ\u00e4ischen Wachstumsstrategie. Peck bringt Erfahrung im Software-as-a-Service (SaaS)- und Enterprise-Vertrieb mit.<\/p>\n<p><a href=\"https:\/\/www.ultimo.com\/\" target=\"_blank\" rel=\"noopener noreferrer\">www.ultimo.com<\/a><\/p>\n","protected":false},"excerpt":{"rendered":"<p>Denis Peck wurde zum Vertriebsleiter f\u00fcr die DACH- und Nordics-Regionen bei Ultimo ernannt, um das Wachstum und die digitale Transformation in diesen M\u00e4rkten zu f\u00f6rdern.<\/p>\n","protected":false},"author":10,"featured_media":86852,"comment_status":"open","ping_status":"","sticky":false,"template":"","format":"standard","meta":{"_acf_changed":false,"footnotes":""},"categories":[9092,1575,1567,9093,11110,1569],"tags":[2206,42563,42564,5396,42565,6090,42566,42567,42568,28538,42569,42570,42571,2211,2212,42572,42573,42574,2214,2215,11982,11983,42575,3050,16982,42576,11936,4291,11939,16986,3056,5408,42577,42578,3561,16988,2131,2134,2136,3064,42579,42580,11955,18757,18758,28555,42581,18759,4305,42582,2242,1783],"class_list":["post-86853","post","type-post","status-publish","format-standard","has-post-thumbnail","hentry","category-deutschland","category-europa","category-wechsel-weltweit","category-oesterreich","category-schweiz","category-logistik-spedition","tag-amelioration-de-lefficacite","tag-anlagenverfuegbarkeit","tag-approvisionnement-en-energie","tag-artificial-intelligence","tag-asset-availability","tag-base-de-clients","tag-cost-structures","tag-customer-base-francais-ultimo","tag-dach","tag-data-driven-solutions","tag-datengetriebene-loesungen","tag-denis-peck","tag-deutsch-ultimo","tag-digital-transformation","tag-digitale-transformation","tag-disponibilite-des-actifs","tag-eam-solutions","tag-eam-loesungen","tag-efficiency-improvement","tag-effizienzsteigerung","tag-energieversorgung","tag-energy-supply","tag-enterprise-asset-management","tag-fertigungsindustrie","tag-food-industry","tag-gestion-des-actifs-dentreprise","tag-gesundheitswesen","tag-growth-strategy","tag-healthcare","tag-industrie-alimentaire","tag-industrie-manufacturiere","tag-intelligence-artificielle","tag-kostenstrukturen","tag-kundenbasis-english-ultimo","tag-kuenstliche-intelligenz","tag-lebensmittelindustrie","tag-logistics","tag-logistik","tag-logistique","tag-manufacturing-industry","tag-nordics","tag-saas","tag-sante","tag-software-solutions","tag-softwareloesungen","tag-solutions-basees-sur-les-donnees","tag-solutions-eam","tag-solutions-logicielles","tag-strategie-de-croissance","tag-structures-de-couts","tag-transformation-numerique","tag-wachstumsstrategie"],"acf":[],"yoast_head":"<!-- This site is optimized with the Yoast SEO plugin v27.3 - https:\/\/yoast.com\/product\/yoast-seo-wordpress\/ -->\n<title>Denis Peck: Neue Vertriebsleitung bei Ultimo - ITJ | International Transport Journal<\/title>\n<meta name=\"robots\" content=\"index, follow, max-snippet:-1, max-image-preview:large, max-video-preview:-1\" \/>\n<link rel=\"canonical\" href=\"https:\/\/transportjournal.com\/de\/2026\/04\/28\/denis-peck-neue-vertriebsleitung-bei-ultimo\/\" \/>\n<meta property=\"og:locale\" content=\"de_DE\" \/>\n<meta property=\"og:type\" content=\"article\" \/>\n<meta property=\"og:title\" content=\"Denis Peck: Neue Vertriebsleitung bei Ultimo - ITJ | International Transport Journal\" \/>\n<meta property=\"og:description\" content=\"Denis Peck wurde zum Vertriebsleiter f\u00fcr die DACH- und Nordics-Regionen bei Ultimo ernannt, um das Wachstum und die digitale Transformation in diesen M\u00e4rkten zu f\u00f6rdern.\" \/>\n<meta property=\"og:url\" content=\"https:\/\/transportjournal.com\/de\/2026\/04\/28\/denis-peck-neue-vertriebsleitung-bei-ultimo\/\" \/>\n<meta property=\"og:site_name\" content=\"ITJ | International Transport Journal\" \/>\n<meta property=\"article:published_time\" content=\"2026-04-28T07:13:18+00:00\" \/>\n<meta property=\"article:modified_time\" content=\"2026-04-28T07:32:04+00:00\" \/>\n<meta property=\"og:image\" content=\"https:\/\/transportjournal.com\/wp-content\/uploads\/sites\/2\/2026\/04\/Denis-Peck_Ultimo-aspect-ratio-1400-788.jpeg\" \/>\n\t<meta property=\"og:image:width\" content=\"800\" \/>\n\t<meta property=\"og:image:height\" content=\"450\" \/>\n\t<meta property=\"og:image:type\" content=\"image\/jpeg\" \/>\n<meta name=\"author\" content=\"Jeremy Soland\" \/>\n<meta name=\"twitter:card\" content=\"summary_large_image\" \/>\n<meta name=\"twitter:label1\" content=\"Verfasst von\" \/>\n\t<meta name=\"twitter:data1\" content=\"Jeremy Soland\" \/>\n\t<meta name=\"twitter:label2\" content=\"Gesch\u00e4tzte Lesezeit\" \/>\n\t<meta name=\"twitter:data2\" content=\"1\u00a0Minute\" \/>\n<script type=\"application\/ld+json\" class=\"yoast-schema-graph\">{\"@context\":\"https:\\\/\\\/schema.org\",\"@graph\":[{\"@type\":\"Article\",\"@id\":\"https:\\\/\\\/transportjournal.com\\\/de\\\/2026\\\/04\\\/28\\\/denis-peck-neue-vertriebsleitung-bei-ultimo\\\/#article\",\"isPartOf\":{\"@id\":\"https:\\\/\\\/transportjournal.com\\\/de\\\/2026\\\/04\\\/28\\\/denis-peck-neue-vertriebsleitung-bei-ultimo\\\/\"},\"author\":{\"name\":\"Jeremy Soland\",\"@id\":\"https:\\\/\\\/transportjournal.com\\\/de\\\/#\\\/schema\\\/person\\\/41d36b5474b623392fa613e97e2363fa\"},\"headline\":\"Denis Peck: Neue Vertriebsleitung bei Ultimo\",\"datePublished\":\"2026-04-28T07:13:18+00:00\",\"dateModified\":\"2026-04-28T07:32:04+00:00\",\"mainEntityOfPage\":{\"@id\":\"https:\\\/\\\/transportjournal.com\\\/de\\\/2026\\\/04\\\/28\\\/denis-peck-neue-vertriebsleitung-bei-ultimo\\\/\"},\"wordCount\":202,\"commentCount\":0,\"publisher\":{\"@id\":\"https:\\\/\\\/transportjournal.com\\\/de\\\/#organization\"},\"image\":{\"@id\":\"https:\\\/\\\/transportjournal.com\\\/de\\\/2026\\\/04\\\/28\\\/denis-peck-neue-vertriebsleitung-bei-ultimo\\\/#primaryimage\"},\"thumbnailUrl\":\"https:\\\/\\\/transportjournal.com\\\/wp-content\\\/uploads\\\/sites\\\/2\\\/2026\\\/04\\\/Denis-Peck_Ultimo-aspect-ratio-1400-788.jpeg\",\"keywords\":[\"am\u00e9lioration de l'efficacit\u00e9\",\"Anlagenverf\u00fcgbarkeit\",\"approvisionnement en \u00e9nergie\",\"artificial intelligence\",\"asset availability\",\"base de clients\",\"cost structures\",\"customer base Fran\u00e7ais Ultimo\",\"DACH\",\"data-driven solutions\",\"datengetriebene L\u00f6sungen\",\"Denis Peck\",\"Deutsch Ultimo\",\"digital transformation\",\"digitale Transformation\",\"disponibilit\u00e9 des actifs\",\"EAM solutions\",\"EAM-L\u00f6sungen\",\"efficiency improvement\",\"Effizienzsteigerung\",\"Energieversorgung\",\"energy supply\",\"Enterprise-Asset-Management\",\"Fertigungsindustrie\",\"food industry\",\"gestion des actifs d'entreprise\",\"Gesundheitswesen\",\"growth strategy\",\"healthcare\",\"industrie alimentaire\",\"industrie manufacturi\u00e8re\",\"intelligence artificielle\",\"Kostenstrukturen\",\"Kundenbasis English Ultimo\",\"K\u00fcnstliche Intelligenz\",\"Lebensmittelindustrie\",\"logistics\",\"Logistik\",\"logistique\",\"manufacturing industry\",\"Nordics\",\"SaaS\",\"sant\u00e9\",\"software solutions\",\"Softwarel\u00f6sungen\",\"solutions bas\u00e9es sur les donn\u00e9es\",\"solutions EAM\",\"solutions logicielles\",\"strat\u00e9gie de croissance\",\"structures de co\u00fbts\",\"transformation num\u00e9rique\",\"Wachstumsstrategie\"],\"articleSection\":[\"Deutschland\",\"Europa\",\"Menschen &amp; Unternehmen\",\"\u00d6sterreich\",\"Schweiz\",\"Spedition &amp; Logistik\"],\"inLanguage\":\"de\",\"potentialAction\":[{\"@type\":\"CommentAction\",\"name\":\"Comment\",\"target\":[\"https:\\\/\\\/transportjournal.com\\\/de\\\/2026\\\/04\\\/28\\\/denis-peck-neue-vertriebsleitung-bei-ultimo\\\/#respond\"]}]},{\"@type\":\"WebPage\",\"@id\":\"https:\\\/\\\/transportjournal.com\\\/de\\\/2026\\\/04\\\/28\\\/denis-peck-neue-vertriebsleitung-bei-ultimo\\\/\",\"url\":\"https:\\\/\\\/transportjournal.com\\\/de\\\/2026\\\/04\\\/28\\\/denis-peck-neue-vertriebsleitung-bei-ultimo\\\/\",\"name\":\"Denis Peck: Neue Vertriebsleitung bei Ultimo - ITJ | International Transport Journal\",\"isPartOf\":{\"@id\":\"https:\\\/\\\/transportjournal.com\\\/de\\\/#website\"},\"primaryImageOfPage\":{\"@id\":\"https:\\\/\\\/transportjournal.com\\\/de\\\/2026\\\/04\\\/28\\\/denis-peck-neue-vertriebsleitung-bei-ultimo\\\/#primaryimage\"},\"image\":{\"@id\":\"https:\\\/\\\/transportjournal.com\\\/de\\\/2026\\\/04\\\/28\\\/denis-peck-neue-vertriebsleitung-bei-ultimo\\\/#primaryimage\"},\"thumbnailUrl\":\"https:\\\/\\\/transportjournal.com\\\/wp-content\\\/uploads\\\/sites\\\/2\\\/2026\\\/04\\\/Denis-Peck_Ultimo-aspect-ratio-1400-788.jpeg\",\"datePublished\":\"2026-04-28T07:13:18+00:00\",\"dateModified\":\"2026-04-28T07:32:04+00:00\",\"breadcrumb\":{\"@id\":\"https:\\\/\\\/transportjournal.com\\\/de\\\/2026\\\/04\\\/28\\\/denis-peck-neue-vertriebsleitung-bei-ultimo\\\/#breadcrumb\"},\"inLanguage\":\"de\",\"potentialAction\":[{\"@type\":\"ReadAction\",\"target\":[\"https:\\\/\\\/transportjournal.com\\\/de\\\/2026\\\/04\\\/28\\\/denis-peck-neue-vertriebsleitung-bei-ultimo\\\/\"]}]},{\"@type\":\"ImageObject\",\"inLanguage\":\"de\",\"@id\":\"https:\\\/\\\/transportjournal.com\\\/de\\\/2026\\\/04\\\/28\\\/denis-peck-neue-vertriebsleitung-bei-ultimo\\\/#primaryimage\",\"url\":\"https:\\\/\\\/transportjournal.com\\\/wp-content\\\/uploads\\\/sites\\\/2\\\/2026\\\/04\\\/Denis-Peck_Ultimo-aspect-ratio-1400-788.jpeg\",\"contentUrl\":\"https:\\\/\\\/transportjournal.com\\\/wp-content\\\/uploads\\\/sites\\\/2\\\/2026\\\/04\\\/Denis-Peck_Ultimo-aspect-ratio-1400-788.jpeg\",\"width\":800,\"height\":450},{\"@type\":\"BreadcrumbList\",\"@id\":\"https:\\\/\\\/transportjournal.com\\\/de\\\/2026\\\/04\\\/28\\\/denis-peck-neue-vertriebsleitung-bei-ultimo\\\/#breadcrumb\",\"itemListElement\":[{\"@type\":\"ListItem\",\"position\":1,\"name\":\"Startseite\",\"item\":\"https:\\\/\\\/transportjournal.com\\\/de\\\/\"},{\"@type\":\"ListItem\",\"position\":2,\"name\":\"Denis Peck: Neue Vertriebsleitung bei Ultimo\"}]},{\"@type\":\"WebSite\",\"@id\":\"https:\\\/\\\/transportjournal.com\\\/de\\\/#website\",\"url\":\"https:\\\/\\\/transportjournal.com\\\/de\\\/\",\"name\":\"ITJ | International Transport Journal\",\"description\":\"Stay informed with the latest global news from the transport, logistics, and supply chain industries. Transport Journal delivers expert insights, analysis, and updates across shipping, aviation, intermodal, and forwarding.\",\"publisher\":{\"@id\":\"https:\\\/\\\/transportjournal.com\\\/de\\\/#organization\"},\"potentialAction\":[{\"@type\":\"SearchAction\",\"target\":{\"@type\":\"EntryPoint\",\"urlTemplate\":\"https:\\\/\\\/transportjournal.com\\\/de\\\/?s={search_term_string}\"},\"query-input\":{\"@type\":\"PropertyValueSpecification\",\"valueRequired\":true,\"valueName\":\"search_term_string\"}}],\"inLanguage\":\"de\"},{\"@type\":\"Organization\",\"@id\":\"https:\\\/\\\/transportjournal.com\\\/de\\\/#organization\",\"name\":\"Groupe Logismedia AG\",\"alternateName\":\"Logismedia Group AG\",\"url\":\"https:\\\/\\\/transportjournal.com\\\/de\\\/\",\"logo\":{\"@type\":\"ImageObject\",\"inLanguage\":\"de\",\"@id\":\"https:\\\/\\\/transportjournal.com\\\/de\\\/#\\\/schema\\\/logo\\\/image\\\/\",\"url\":\"https:\\\/\\\/transportjournal.com\\\/wp-content\\\/uploads\\\/sites\\\/2\\\/2025\\\/09\\\/Logo_ITJ.png\",\"contentUrl\":\"https:\\\/\\\/transportjournal.com\\\/wp-content\\\/uploads\\\/sites\\\/2\\\/2025\\\/09\\\/Logo_ITJ.png\",\"width\":799,\"height\":326,\"caption\":\"Groupe Logismedia AG\"},\"image\":{\"@id\":\"https:\\\/\\\/transportjournal.com\\\/de\\\/#\\\/schema\\\/logo\\\/image\\\/\"},\"sameAs\":[\"https:\\\/\\\/www.linkedin.com\\\/company\\\/56456496\\\/admin\\\/dashboard\\\/\",\"https:\\\/\\\/www.instagram.com\\\/logismediagroup\\\/\",\"https:\\\/\\\/www.youtube.com\\\/@LogiamediaGroupAG\"]},{\"@type\":\"Person\",\"@id\":\"https:\\\/\\\/transportjournal.com\\\/de\\\/#\\\/schema\\\/person\\\/41d36b5474b623392fa613e97e2363fa\",\"name\":\"Jeremy Soland\",\"url\":\"https:\\\/\\\/transportjournal.com\\\/de\\\/author\\\/jeremy\\\/\"}]}<\/script>\n<!-- \/ Yoast SEO plugin. -->","yoast_head_json":{"title":"Denis Peck: Neue Vertriebsleitung bei Ultimo - ITJ | International Transport Journal","robots":{"index":"index","follow":"follow","max-snippet":"max-snippet:-1","max-image-preview":"max-image-preview:large","max-video-preview":"max-video-preview:-1"},"canonical":"https:\/\/transportjournal.com\/de\/2026\/04\/28\/denis-peck-neue-vertriebsleitung-bei-ultimo\/","og_locale":"de_DE","og_type":"article","og_title":"Denis Peck: Neue Vertriebsleitung bei Ultimo - ITJ | International Transport Journal","og_description":"Denis Peck wurde zum Vertriebsleiter f\u00fcr die DACH- und Nordics-Regionen bei Ultimo ernannt, um das Wachstum und die digitale Transformation in diesen M\u00e4rkten zu f\u00f6rdern.","og_url":"https:\/\/transportjournal.com\/de\/2026\/04\/28\/denis-peck-neue-vertriebsleitung-bei-ultimo\/","og_site_name":"ITJ | International Transport Journal","article_published_time":"2026-04-28T07:13:18+00:00","article_modified_time":"2026-04-28T07:32:04+00:00","og_image":[{"width":800,"height":450,"url":"https:\/\/transportjournal.com\/wp-content\/uploads\/sites\/2\/2026\/04\/Denis-Peck_Ultimo-aspect-ratio-1400-788.jpeg","type":"image\/jpeg"}],"author":"Jeremy Soland","twitter_card":"summary_large_image","twitter_misc":{"Verfasst von":"Jeremy Soland","Gesch\u00e4tzte Lesezeit":"1\u00a0Minute"},"schema":{"@context":"https:\/\/schema.org","@graph":[{"@type":"Article","@id":"https:\/\/transportjournal.com\/de\/2026\/04\/28\/denis-peck-neue-vertriebsleitung-bei-ultimo\/#article","isPartOf":{"@id":"https:\/\/transportjournal.com\/de\/2026\/04\/28\/denis-peck-neue-vertriebsleitung-bei-ultimo\/"},"author":{"name":"Jeremy Soland","@id":"https:\/\/transportjournal.com\/de\/#\/schema\/person\/41d36b5474b623392fa613e97e2363fa"},"headline":"Denis Peck: Neue Vertriebsleitung bei Ultimo","datePublished":"2026-04-28T07:13:18+00:00","dateModified":"2026-04-28T07:32:04+00:00","mainEntityOfPage":{"@id":"https:\/\/transportjournal.com\/de\/2026\/04\/28\/denis-peck-neue-vertriebsleitung-bei-ultimo\/"},"wordCount":202,"commentCount":0,"publisher":{"@id":"https:\/\/transportjournal.com\/de\/#organization"},"image":{"@id":"https:\/\/transportjournal.com\/de\/2026\/04\/28\/denis-peck-neue-vertriebsleitung-bei-ultimo\/#primaryimage"},"thumbnailUrl":"https:\/\/transportjournal.com\/wp-content\/uploads\/sites\/2\/2026\/04\/Denis-Peck_Ultimo-aspect-ratio-1400-788.jpeg","keywords":["am\u00e9lioration de l'efficacit\u00e9","Anlagenverf\u00fcgbarkeit","approvisionnement en \u00e9nergie","artificial intelligence","asset availability","base de clients","cost structures","customer base Fran\u00e7ais Ultimo","DACH","data-driven solutions","datengetriebene L\u00f6sungen","Denis Peck","Deutsch Ultimo","digital transformation","digitale Transformation","disponibilit\u00e9 des actifs","EAM solutions","EAM-L\u00f6sungen","efficiency improvement","Effizienzsteigerung","Energieversorgung","energy supply","Enterprise-Asset-Management","Fertigungsindustrie","food industry","gestion des actifs d'entreprise","Gesundheitswesen","growth strategy","healthcare","industrie alimentaire","industrie manufacturi\u00e8re","intelligence artificielle","Kostenstrukturen","Kundenbasis English Ultimo","K\u00fcnstliche Intelligenz","Lebensmittelindustrie","logistics","Logistik","logistique","manufacturing industry","Nordics","SaaS","sant\u00e9","software solutions","Softwarel\u00f6sungen","solutions bas\u00e9es sur les donn\u00e9es","solutions EAM","solutions logicielles","strat\u00e9gie de croissance","structures de co\u00fbts","transformation num\u00e9rique","Wachstumsstrategie"],"articleSection":["Deutschland","Europa","Menschen &amp; Unternehmen","\u00d6sterreich","Schweiz","Spedition &amp; Logistik"],"inLanguage":"de","potentialAction":[{"@type":"CommentAction","name":"Comment","target":["https:\/\/transportjournal.com\/de\/2026\/04\/28\/denis-peck-neue-vertriebsleitung-bei-ultimo\/#respond"]}]},{"@type":"WebPage","@id":"https:\/\/transportjournal.com\/de\/2026\/04\/28\/denis-peck-neue-vertriebsleitung-bei-ultimo\/","url":"https:\/\/transportjournal.com\/de\/2026\/04\/28\/denis-peck-neue-vertriebsleitung-bei-ultimo\/","name":"Denis Peck: Neue Vertriebsleitung bei Ultimo - ITJ | International Transport Journal","isPartOf":{"@id":"https:\/\/transportjournal.com\/de\/#website"},"primaryImageOfPage":{"@id":"https:\/\/transportjournal.com\/de\/2026\/04\/28\/denis-peck-neue-vertriebsleitung-bei-ultimo\/#primaryimage"},"image":{"@id":"https:\/\/transportjournal.com\/de\/2026\/04\/28\/denis-peck-neue-vertriebsleitung-bei-ultimo\/#primaryimage"},"thumbnailUrl":"https:\/\/transportjournal.com\/wp-content\/uploads\/sites\/2\/2026\/04\/Denis-Peck_Ultimo-aspect-ratio-1400-788.jpeg","datePublished":"2026-04-28T07:13:18+00:00","dateModified":"2026-04-28T07:32:04+00:00","breadcrumb":{"@id":"https:\/\/transportjournal.com\/de\/2026\/04\/28\/denis-peck-neue-vertriebsleitung-bei-ultimo\/#breadcrumb"},"inLanguage":"de","potentialAction":[{"@type":"ReadAction","target":["https:\/\/transportjournal.com\/de\/2026\/04\/28\/denis-peck-neue-vertriebsleitung-bei-ultimo\/"]}]},{"@type":"ImageObject","inLanguage":"de","@id":"https:\/\/transportjournal.com\/de\/2026\/04\/28\/denis-peck-neue-vertriebsleitung-bei-ultimo\/#primaryimage","url":"https:\/\/transportjournal.com\/wp-content\/uploads\/sites\/2\/2026\/04\/Denis-Peck_Ultimo-aspect-ratio-1400-788.jpeg","contentUrl":"https:\/\/transportjournal.com\/wp-content\/uploads\/sites\/2\/2026\/04\/Denis-Peck_Ultimo-aspect-ratio-1400-788.jpeg","width":800,"height":450},{"@type":"BreadcrumbList","@id":"https:\/\/transportjournal.com\/de\/2026\/04\/28\/denis-peck-neue-vertriebsleitung-bei-ultimo\/#breadcrumb","itemListElement":[{"@type":"ListItem","position":1,"name":"Startseite","item":"https:\/\/transportjournal.com\/de\/"},{"@type":"ListItem","position":2,"name":"Denis Peck: Neue Vertriebsleitung bei Ultimo"}]},{"@type":"WebSite","@id":"https:\/\/transportjournal.com\/de\/#website","url":"https:\/\/transportjournal.com\/de\/","name":"ITJ | International Transport Journal","description":"Stay informed with the latest global news from the transport, logistics, and supply chain industries. Transport Journal delivers expert insights, analysis, and updates across shipping, aviation, intermodal, and forwarding.","publisher":{"@id":"https:\/\/transportjournal.com\/de\/#organization"},"potentialAction":[{"@type":"SearchAction","target":{"@type":"EntryPoint","urlTemplate":"https:\/\/transportjournal.com\/de\/?s={search_term_string}"},"query-input":{"@type":"PropertyValueSpecification","valueRequired":true,"valueName":"search_term_string"}}],"inLanguage":"de"},{"@type":"Organization","@id":"https:\/\/transportjournal.com\/de\/#organization","name":"Groupe Logismedia AG","alternateName":"Logismedia Group AG","url":"https:\/\/transportjournal.com\/de\/","logo":{"@type":"ImageObject","inLanguage":"de","@id":"https:\/\/transportjournal.com\/de\/#\/schema\/logo\/image\/","url":"https:\/\/transportjournal.com\/wp-content\/uploads\/sites\/2\/2025\/09\/Logo_ITJ.png","contentUrl":"https:\/\/transportjournal.com\/wp-content\/uploads\/sites\/2\/2025\/09\/Logo_ITJ.png","width":799,"height":326,"caption":"Groupe Logismedia AG"},"image":{"@id":"https:\/\/transportjournal.com\/de\/#\/schema\/logo\/image\/"},"sameAs":["https:\/\/www.linkedin.com\/company\/56456496\/admin\/dashboard\/","https:\/\/www.instagram.com\/logismediagroup\/","https:\/\/www.youtube.com\/@LogiamediaGroupAG"]},{"@type":"Person","@id":"https:\/\/transportjournal.com\/de\/#\/schema\/person\/41d36b5474b623392fa613e97e2363fa","name":"Jeremy Soland","url":"https:\/\/transportjournal.com\/de\/author\/jeremy\/"}]}},"_links":{"self":[{"href":"https:\/\/transportjournal.com\/de\/wp-json\/wp\/v2\/posts\/86853","targetHints":{"allow":["GET"]}}],"collection":[{"href":"https:\/\/transportjournal.com\/de\/wp-json\/wp\/v2\/posts"}],"about":[{"href":"https:\/\/transportjournal.com\/de\/wp-json\/wp\/v2\/types\/post"}],"author":[{"embeddable":true,"href":"https:\/\/transportjournal.com\/de\/wp-json\/wp\/v2\/users\/10"}],"replies":[{"embeddable":true,"href":"https:\/\/transportjournal.com\/de\/wp-json\/wp\/v2\/comments?post=86853"}],"version-history":[{"count":1,"href":"https:\/\/transportjournal.com\/de\/wp-json\/wp\/v2\/posts\/86853\/revisions"}],"predecessor-version":[{"id":86860,"href":"https:\/\/transportjournal.com\/de\/wp-json\/wp\/v2\/posts\/86853\/revisions\/86860"}],"wp:featuredmedia":[{"embeddable":true,"href":"https:\/\/transportjournal.com\/de\/wp-json\/wp\/v2\/media\/86852"}],"wp:attachment":[{"href":"https:\/\/transportjournal.com\/de\/wp-json\/wp\/v2\/media?parent=86853"}],"wp:term":[{"taxonomy":"category","embeddable":true,"href":"https:\/\/transportjournal.com\/de\/wp-json\/wp\/v2\/categories?post=86853"},{"taxonomy":"post_tag","embeddable":true,"href":"https:\/\/transportjournal.com\/de\/wp-json\/wp\/v2\/tags?post=86853"}],"curies":[{"name":"wp","href":"https:\/\/api.w.org\/{rel}","templated":true}]}}