{"id":86817,"date":"2026-04-27T11:14:00","date_gmt":"2026-04-27T11:14:00","guid":{"rendered":"https:\/\/transportjournal.com\/2026\/04\/27\/geis-gruppe-erzielt-rekordumsatz-2025\/"},"modified":"2026-04-27T13:35:39","modified_gmt":"2026-04-27T11:35:39","slug":"geis-gruppe-erzielt-rekordumsatz-2025","status":"publish","type":"post","link":"https:\/\/transportjournal.com\/de\/2026\/04\/27\/geis-gruppe-erzielt-rekordumsatz-2025\/","title":{"rendered":"Geis Gruppe erzielt Rekordumsatz 2025"},"content":{"rendered":"<p>Die Geis Gruppe hat im Gesch\u00e4ftsjahr 2025 ein Umsatzwachstum von 8,8 Prozent auf 2,12 Milliarden Euro erzielt, was einen neuen Rekord in der Unternehmensgeschichte darstellt. Trotz herausfordernder Marktbedingungen, darunter eine verhaltene Konjunktur und hoher Preisdruck, konnte die familiengef\u00fchrte Unternehmensgruppe ihre Marktposition weiter ausbauen. Dies wurde durch vier Akquisitionen sowie Fortschritte in den Bereichen Integration, Internationalisierung und Digitalisierung unterst\u00fctzt.<\/p>\n<p>Die gesch\u00e4ftsf\u00fchrenden Gesellschafter Hans-Wolfgang Geis und Jochen Geis betonen: \u201e2025 war erneut gepr\u00e4gt von verhaltener Konjunktur, hohem Preisdruck und insgesamt anspruchsvollen Marktbedingungen. Umso mehr freut es uns, dass wir uns gut behauptet und unsere Marktposition weiter ausgebaut haben.\u201c Ein zentraler Fokus lag auf der engeren internationalen Verzahnung innerhalb der Gruppe sowie der Integration der akquirierten Unternehmen.<\/p>\n<h3>Strategische Akquisitionen und Personalwachstum<\/h3>\n<p>Die Geis Gruppe hat durch die \u00dcbernahme der Gras Gruppe, der G\u00f6ttinger Standorte der Spedition Kr\u00fcger, Agotrans sowie der ZZ Agentur Stoll in Tirol ihre Pr\u00e4senz in wichtigen M\u00e4rkten gezielt ausgebaut. Diese Zuk\u00e4ufe sollen die strategische Position des Unternehmens langfristig st\u00e4rken. Zum Jahresende 2025 besch\u00e4ftigte die Geis Gruppe rund 10.000 Mitarbeiter an \u00fcber 200 Standorten in 14 europ\u00e4ischen L\u00e4ndern, was einem Anstieg von etwa 650 Mitarbeitern im Vergleich zum Vorjahr entspricht.<\/p>\n<p>Im Gesch\u00e4ftsbereich Road Services wurde ein Umsatz von 1,46 Milliarden Euro erzielt, was einem Anstieg von 13,6 Prozent entspricht. In Deutschland lag das Wachstum aufgrund von Akquisitionen bei 26 Prozent. W\u00e4hrend die M\u00e4rkte f\u00fcr St\u00fcckgut weiterhin angespannt blieben, konnten sich die Bereiche LTL (Less Than Truckload) und FTL (Full Truckload) stabil behaupten. Ein zentraler Schwerpunkt lag auf der Integration der neu hinzugekommenen Standorte, die bis Ende 2026 weitgehend abgeschlossen sein soll. Zudem treibt die Geis Gruppe die Automatisierung im LTL- und FTL-Bereich durch KI-gest\u00fctzte Prozesse voran.<\/p>\n<h3>Stabilit\u00e4t im Bereich Logistics Services<\/h3>\n<p>Der Gesch\u00e4ftsbereich Logistics Services blieb mit einem Umsatz von 406 Millionen Euro stabil auf Vorjahresniveau. Besonders positive Entwicklungen wurden in Deutschland, Tschechien und der Slowakei verzeichnet. Geis betreibt mittlerweile europaweit mehr als 100 Kontraktlogistikstandorte und -projekte. Der Ausblick f\u00fcr 2026 ist optimistisch, da in Deutschland und \u00d6sterreich bereits wichtige Neukunden gewonnen werden konnten. Zudem sieht die Unternehmensgruppe in Osteuropa weiteres Wachstumspotenzial.<\/p>\n<p>Im Bereich Air + Sea Services wurde ein Umsatz von 181 Millionen Euro erzielt, was einem R\u00fcckgang von 2,3 Prozent im Vergleich zum Vorjahr entspricht. Hauptursache f\u00fcr diesen R\u00fcckgang sind sinkende Luft- und Seefrachtraten. Der Bereich wurde jedoch strategisch neu aufgestellt und unter einer zentralen F\u00fchrung geb\u00fcndelt. Klaus Hrazdira, COO von Quehenberger Logistics, verantwortet seit April 2025 das europaweite Gesch\u00e4ft. Der Beitritt zum internationalen Netzwerk WACO soll zus\u00e4tzliche Impulse geben.<\/p>\n<h3>Internationale Zusammenarbeit und Zukunftsthemen<\/h3>\n<p>Quehenberger Logistics, dessen Zahlen in den Gruppenwerten enthalten sind, konnte 2025 ein Umsatzplus von 1,3 Prozent auf 641 Millionen Euro verzeichnen. Insbesondere die Road-Verkehre entwickelten sich stabil. Die internationale Zusammenarbeit zwischen Geis und Quehenberger wurde intensiviert, insbesondere in den Bereichen Cross-Selling und Internationalisierung. Der Aufbau eines internationalen Corporate-Account-Managements bei Geis soll zus\u00e4tzliche Impulse liefern.<\/p>\n<p>Die Geis Gruppe hat 2025 auch einen hohen Fokus auf IT und Nachhaltigkeit gelegt. Gezielte Investitionen in die IT-Infrastruktur haben die Systemsicherheit und Stabilit\u00e4t erh\u00f6ht. Die IT-Sicherheit bleibt ein strategischer Schwerpunkt, um Risiken fr\u00fchzeitig zu minimieren. Die Umsetzung der Klimastrategie f\u00fchrte zu einer signifikanten Verringerung der CO\u2082-Emissionen, unterst\u00fctzt durch den Einsatz von 8,1 Millionen Litern HVO. Zudem investierte Geis in eigene Energie- und E-Mobilit\u00e4tsl\u00f6sungen, darunter Batteriegro\u00dfspeicher und Photovoltaikfl\u00e4chen.<\/p>\n<h3>Ausblick auf 2026<\/h3>\n<p>F\u00fcr das Jahr 2026 planen die gesch\u00e4ftsf\u00fchrenden Gesellschafter Hans-Wolfgang Geis und Jochen Geis, die gemeinsame Strategie weiter in das operative Gesch\u00e4ft zu \u00fcberf\u00fchren und das Cross-Selling auszubauen. Die Organisation soll gezielt weiterentwickelt werden, um die Unternehmen Geis und Quehenberger international enger zu verzahnen. Dabei stehen Prozessoptimierungen sowie Investitionen in Digitalisierung und KI im Fokus, um einheitliche und effiziente Strukturen zu schaffen.<\/p>\n<p><a href=\"http:\/\/www.geis-group.de\" target=\"_blank\" rel=\"noopener noreferrer\">www.geis-group.de<\/a><\/p>\n","protected":false},"excerpt":{"rendered":"<p>Die Geis Gruppe erzielte 2025 ein Umsatzwachstum von 8,8 Prozent auf 2,12 Milliarden Euro und plant f\u00fcr 2026 weitere strategische Investitionen in Digitalisierung und internationale Zusammenarbeit.<\/p>\n","protected":false},"author":7,"featured_media":86816,"comment_status":"open","ping_status":"","sticky":false,"template":"","format":"standard","meta":{"_acf_changed":false,"footnotes":""},"categories":[9092,1575,1685,1569],"tags":[42539,42540,42541,14965,14966,14967,3855,13145,42542,16015,42543,42544,42545,3738,2115,4521,2166,42546,42547,2700,42548,16023,16024,42549,42550,42551,6478,42552,2133,1831,42553,42554,3750,42555,42556,13157,13158,42557,2139,3157,3756,3757,2720,2148,42558,2193,36471,32198,4098,10076,1916,42559,42560,42561,2154,3125,42562,10078],"class_list":["post-86817","post","type-post","status-publish","format-standard","has-post-thumbnail","hentry","category-deutschland","category-europa","category-finanzberichte","category-logistik-spedition","tag-acquisitions-dans-lindustrie-du-transport","tag-acquisitions-in-the-transport-industry","tag-akquisitionen-in-der-transportwirtschaft","tag-automation-in-logistics","tag-automatisation-dans-la-logistique","tag-automatisierung-in-der-logistik","tag-co-emissionen-reduzieren","tag-conditions-du-marche-2025","tag-contract-logistics-in-europe","tag-cooperation-internationale","tag-croissance-des-revenus-2025","tag-cross-selling-strategien","tag-cross-selling-strategies","tag-deutsch-geis-gruppe","tag-digitalisierung-in-der-logistik","tag-digitization-in-logistics","tag-durabilite-dans-la-logistique","tag-energie-und-e-mobilitaetsloesungen","tag-energy-and-e-mobility-solutions","tag-fachkraeftemangel-in-der-logistik","tag-infrastructure-informatique-dans-la-logistique","tag-international-cooperation","tag-internationale-zusammenarbeit","tag-it-infrastructure-in-logistics","tag-it-infrastruktur-in-der-logistik","tag-kontraktlogistik-in-europa","tag-labor-shortage-in-logistics","tag-logistics-projects-in-germany","tag-logistics-service-providers","tag-logistikdienstleister","tag-logistikprojekte-in-deutschland","tag-logistique-contractuelle-en-europe","tag-logistique-de-colis","tag-ltl-and-ftl-transport","tag-ltl-und-ftl-transport","tag-market-conditions-2025","tag-marktbedingungen-2025","tag-marktposition-staerken-english-geis-group","tag-nachhaltigkeit-in-der-logistik","tag-numerisation-dans-la-logistique","tag-paketlogistik","tag-parcel-logistics","tag-penurie-de-main-doeuvre-dans-la-logistique","tag-prestataires-de-services-logistiques","tag-projets-logistiques-en-allemagne","tag-rail-freight-transport","tag-reducing-co2-emissions","tag-reduction-des-emissions-de-co","tag-renforcement-de-la-position-sur-le-marche","tag-revenue-growth-2025","tag-schienengueterverkehr","tag-solutions-energetiques-et-de-mobilite-electrique","tag-strategies-de-vente-croisee","tag-strengthening-market-position-francais-groupe-geis","tag-sustainability-in-logistics","tag-transport-ferroviaire-de-marchandises","tag-transport-ltl-et-ftl","tag-umsatzwachstum-2025"],"acf":[],"yoast_head":"<!-- This site is optimized with the Yoast SEO plugin v27.3 - https:\/\/yoast.com\/product\/yoast-seo-wordpress\/ -->\n<title>Geis Gruppe erzielt Rekordumsatz 2025 - ITJ | International Transport Journal<\/title>\n<meta name=\"robots\" content=\"index, follow, max-snippet:-1, max-image-preview:large, max-video-preview:-1\" \/>\n<link rel=\"canonical\" href=\"https:\/\/transportjournal.com\/de\/2026\/04\/27\/geis-gruppe-erzielt-rekordumsatz-2025\/\" \/>\n<meta property=\"og:locale\" content=\"de_DE\" \/>\n<meta property=\"og:type\" content=\"article\" \/>\n<meta property=\"og:title\" content=\"Geis Gruppe erzielt Rekordumsatz 2025 - ITJ | International Transport Journal\" \/>\n<meta property=\"og:description\" content=\"Die Geis Gruppe erzielte 2025 ein Umsatzwachstum von 8,8 Prozent auf 2,12 Milliarden Euro und plant f\u00fcr 2026 weitere strategische Investitionen in Digitalisierung und internationale Zusammenarbeit.\" \/>\n<meta property=\"og:url\" content=\"https:\/\/transportjournal.com\/de\/2026\/04\/27\/geis-gruppe-erzielt-rekordumsatz-2025\/\" \/>\n<meta property=\"og:site_name\" content=\"ITJ | International Transport Journal\" \/>\n<meta property=\"article:published_time\" content=\"2026-04-27T11:14:00+00:00\" \/>\n<meta property=\"article:modified_time\" content=\"2026-04-27T11:35:39+00:00\" \/>\n<meta property=\"og:image\" content=\"https:\/\/transportjournal.com\/wp-content\/uploads\/sites\/2\/2026\/04\/Geis-Gruppe_27.4.26-scaled-aspect-ratio-1400-788-scaled-1.jpg\" \/>\n\t<meta property=\"og:image:width\" content=\"2560\" \/>\n\t<meta property=\"og:image:height\" content=\"1441\" \/>\n\t<meta property=\"og:image:type\" content=\"image\/jpeg\" \/>\n<meta name=\"author\" content=\"Andreas M\u00fcller\" \/>\n<meta name=\"twitter:card\" content=\"summary_large_image\" \/>\n<meta name=\"twitter:label1\" content=\"Verfasst von\" \/>\n\t<meta name=\"twitter:data1\" content=\"Andreas M\u00fcller\" \/>\n\t<meta name=\"twitter:label2\" content=\"Gesch\u00e4tzte Lesezeit\" \/>\n\t<meta name=\"twitter:data2\" content=\"3\u00a0Minute\" \/>\n<script type=\"application\/ld+json\" class=\"yoast-schema-graph\">{\"@context\":\"https:\\\/\\\/schema.org\",\"@graph\":[{\"@type\":\"Article\",\"@id\":\"https:\\\/\\\/transportjournal.com\\\/de\\\/2026\\\/04\\\/27\\\/geis-gruppe-erzielt-rekordumsatz-2025\\\/#article\",\"isPartOf\":{\"@id\":\"https:\\\/\\\/transportjournal.com\\\/de\\\/2026\\\/04\\\/27\\\/geis-gruppe-erzielt-rekordumsatz-2025\\\/\"},\"author\":{\"name\":\"Andreas M\u00fcller\",\"@id\":\"https:\\\/\\\/transportjournal.com\\\/de\\\/#\\\/schema\\\/person\\\/7b1593b33567ba798d300c8a1b0b85b1\"},\"headline\":\"Geis Gruppe erzielt Rekordumsatz 2025\",\"datePublished\":\"2026-04-27T11:14:00+00:00\",\"dateModified\":\"2026-04-27T11:35:39+00:00\",\"mainEntityOfPage\":{\"@id\":\"https:\\\/\\\/transportjournal.com\\\/de\\\/2026\\\/04\\\/27\\\/geis-gruppe-erzielt-rekordumsatz-2025\\\/\"},\"wordCount\":628,\"commentCount\":0,\"publisher\":{\"@id\":\"https:\\\/\\\/transportjournal.com\\\/de\\\/#organization\"},\"image\":{\"@id\":\"https:\\\/\\\/transportjournal.com\\\/de\\\/2026\\\/04\\\/27\\\/geis-gruppe-erzielt-rekordumsatz-2025\\\/#primaryimage\"},\"thumbnailUrl\":\"https:\\\/\\\/transportjournal.com\\\/wp-content\\\/uploads\\\/sites\\\/2\\\/2026\\\/04\\\/Geis-Gruppe_27.4.26-scaled-aspect-ratio-1400-788-scaled-1.jpg\",\"keywords\":[\"acquisitions dans l'industrie du transport\",\"acquisitions in the transport industry\",\"Akquisitionen in der Transportwirtschaft\",\"automation in logistics\",\"automatisation dans la logistique\",\"Automatisierung in der Logistik\",\"CO\u2082-Emissionen reduzieren\",\"conditions du march\u00e9 2025\",\"contract logistics in Europe\",\"coop\u00e9ration internationale\",\"croissance des revenus 2025\",\"Cross-Selling Strategien\",\"cross-selling strategies\",\"Deutsch Geis Gruppe\",\"Digitalisierung in der Logistik\",\"digitization in logistics\",\"durabilit\u00e9 dans la logistique\",\"Energie- und E-Mobilit\u00e4tsl\u00f6sungen\",\"energy and e-mobility solutions\",\"Fachkr\u00e4ftemangel in der Logistik\",\"infrastructure informatique dans la logistique\",\"international cooperation\",\"internationale Zusammenarbeit\",\"IT infrastructure in logistics\",\"IT-Infrastruktur in der Logistik\",\"Kontraktlogistik in Europa\",\"labor shortage in logistics\",\"logistics projects in Germany\",\"logistics service providers\",\"Logistikdienstleister\",\"Logistikprojekte in Deutschland\",\"logistique contractuelle en Europe\",\"logistique de colis\",\"LTL and FTL transport\",\"LTL und FTL Transport\",\"market conditions 2025\",\"Marktbedingungen 2025\",\"Marktposition st\u00e4rken English Geis Group\",\"Nachhaltigkeit in der Logistik\",\"num\u00e9risation dans la logistique\",\"Paketlogistik\",\"parcel logistics\",\"p\u00e9nurie de main-d'\u0153uvre dans la logistique\",\"prestataires de services logistiques\",\"projets logistiques en Allemagne\",\"rail freight transport\",\"reducing CO2 emissions\",\"r\u00e9duction des \u00e9missions de CO\u2082\",\"renforcement de la position sur le march\u00e9\",\"revenue growth 2025\",\"Schieneng\u00fcterverkehr\",\"solutions \u00e9nerg\u00e9tiques et de mobilit\u00e9 \u00e9lectrique\",\"strat\u00e9gies de vente crois\u00e9e\",\"strengthening market position Fran\u00e7ais Groupe Geis\",\"sustainability in logistics\",\"transport ferroviaire de marchandises\",\"transport LTL et FTL\",\"Umsatzwachstum 2025\"],\"articleSection\":[\"Deutschland\",\"Europa\",\"Finanz-\\\/Jahresberichte\",\"Spedition &amp; Logistik\"],\"inLanguage\":\"de\",\"potentialAction\":[{\"@type\":\"CommentAction\",\"name\":\"Comment\",\"target\":[\"https:\\\/\\\/transportjournal.com\\\/de\\\/2026\\\/04\\\/27\\\/geis-gruppe-erzielt-rekordumsatz-2025\\\/#respond\"]}]},{\"@type\":\"WebPage\",\"@id\":\"https:\\\/\\\/transportjournal.com\\\/de\\\/2026\\\/04\\\/27\\\/geis-gruppe-erzielt-rekordumsatz-2025\\\/\",\"url\":\"https:\\\/\\\/transportjournal.com\\\/de\\\/2026\\\/04\\\/27\\\/geis-gruppe-erzielt-rekordumsatz-2025\\\/\",\"name\":\"Geis Gruppe erzielt Rekordumsatz 2025 - ITJ | International Transport Journal\",\"isPartOf\":{\"@id\":\"https:\\\/\\\/transportjournal.com\\\/de\\\/#website\"},\"primaryImageOfPage\":{\"@id\":\"https:\\\/\\\/transportjournal.com\\\/de\\\/2026\\\/04\\\/27\\\/geis-gruppe-erzielt-rekordumsatz-2025\\\/#primaryimage\"},\"image\":{\"@id\":\"https:\\\/\\\/transportjournal.com\\\/de\\\/2026\\\/04\\\/27\\\/geis-gruppe-erzielt-rekordumsatz-2025\\\/#primaryimage\"},\"thumbnailUrl\":\"https:\\\/\\\/transportjournal.com\\\/wp-content\\\/uploads\\\/sites\\\/2\\\/2026\\\/04\\\/Geis-Gruppe_27.4.26-scaled-aspect-ratio-1400-788-scaled-1.jpg\",\"datePublished\":\"2026-04-27T11:14:00+00:00\",\"dateModified\":\"2026-04-27T11:35:39+00:00\",\"breadcrumb\":{\"@id\":\"https:\\\/\\\/transportjournal.com\\\/de\\\/2026\\\/04\\\/27\\\/geis-gruppe-erzielt-rekordumsatz-2025\\\/#breadcrumb\"},\"inLanguage\":\"de\",\"potentialAction\":[{\"@type\":\"ReadAction\",\"target\":[\"https:\\\/\\\/transportjournal.com\\\/de\\\/2026\\\/04\\\/27\\\/geis-gruppe-erzielt-rekordumsatz-2025\\\/\"]}]},{\"@type\":\"ImageObject\",\"inLanguage\":\"de\",\"@id\":\"https:\\\/\\\/transportjournal.com\\\/de\\\/2026\\\/04\\\/27\\\/geis-gruppe-erzielt-rekordumsatz-2025\\\/#primaryimage\",\"url\":\"https:\\\/\\\/transportjournal.com\\\/wp-content\\\/uploads\\\/sites\\\/2\\\/2026\\\/04\\\/Geis-Gruppe_27.4.26-scaled-aspect-ratio-1400-788-scaled-1.jpg\",\"contentUrl\":\"https:\\\/\\\/transportjournal.com\\\/wp-content\\\/uploads\\\/sites\\\/2\\\/2026\\\/04\\\/Geis-Gruppe_27.4.26-scaled-aspect-ratio-1400-788-scaled-1.jpg\",\"width\":2560,\"height\":1441},{\"@type\":\"BreadcrumbList\",\"@id\":\"https:\\\/\\\/transportjournal.com\\\/de\\\/2026\\\/04\\\/27\\\/geis-gruppe-erzielt-rekordumsatz-2025\\\/#breadcrumb\",\"itemListElement\":[{\"@type\":\"ListItem\",\"position\":1,\"name\":\"Startseite\",\"item\":\"https:\\\/\\\/transportjournal.com\\\/de\\\/\"},{\"@type\":\"ListItem\",\"position\":2,\"name\":\"Geis Gruppe erzielt Rekordumsatz 2025\"}]},{\"@type\":\"WebSite\",\"@id\":\"https:\\\/\\\/transportjournal.com\\\/de\\\/#website\",\"url\":\"https:\\\/\\\/transportjournal.com\\\/de\\\/\",\"name\":\"ITJ | International Transport Journal\",\"description\":\"Stay informed with the latest global news from the transport, logistics, and supply chain industries. Transport Journal delivers expert insights, analysis, and updates across shipping, aviation, intermodal, and forwarding.\",\"publisher\":{\"@id\":\"https:\\\/\\\/transportjournal.com\\\/de\\\/#organization\"},\"potentialAction\":[{\"@type\":\"SearchAction\",\"target\":{\"@type\":\"EntryPoint\",\"urlTemplate\":\"https:\\\/\\\/transportjournal.com\\\/de\\\/?s={search_term_string}\"},\"query-input\":{\"@type\":\"PropertyValueSpecification\",\"valueRequired\":true,\"valueName\":\"search_term_string\"}}],\"inLanguage\":\"de\"},{\"@type\":\"Organization\",\"@id\":\"https:\\\/\\\/transportjournal.com\\\/de\\\/#organization\",\"name\":\"Groupe Logismedia AG\",\"alternateName\":\"Logismedia Group AG\",\"url\":\"https:\\\/\\\/transportjournal.com\\\/de\\\/\",\"logo\":{\"@type\":\"ImageObject\",\"inLanguage\":\"de\",\"@id\":\"https:\\\/\\\/transportjournal.com\\\/de\\\/#\\\/schema\\\/logo\\\/image\\\/\",\"url\":\"https:\\\/\\\/transportjournal.com\\\/wp-content\\\/uploads\\\/sites\\\/2\\\/2025\\\/09\\\/Logo_ITJ.png\",\"contentUrl\":\"https:\\\/\\\/transportjournal.com\\\/wp-content\\\/uploads\\\/sites\\\/2\\\/2025\\\/09\\\/Logo_ITJ.png\",\"width\":799,\"height\":326,\"caption\":\"Groupe Logismedia AG\"},\"image\":{\"@id\":\"https:\\\/\\\/transportjournal.com\\\/de\\\/#\\\/schema\\\/logo\\\/image\\\/\"},\"sameAs\":[\"https:\\\/\\\/www.linkedin.com\\\/company\\\/56456496\\\/admin\\\/dashboard\\\/\",\"https:\\\/\\\/www.instagram.com\\\/logismediagroup\\\/\",\"https:\\\/\\\/www.youtube.com\\\/@LogiamediaGroupAG\"]},{\"@type\":\"Person\",\"@id\":\"https:\\\/\\\/transportjournal.com\\\/de\\\/#\\\/schema\\\/person\\\/7b1593b33567ba798d300c8a1b0b85b1\",\"name\":\"Andreas M\u00fcller\",\"url\":\"https:\\\/\\\/transportjournal.com\\\/de\\\/author\\\/logismedia\\\/\"}]}<\/script>\n<!-- \/ Yoast SEO plugin. -->","yoast_head_json":{"title":"Geis Gruppe erzielt Rekordumsatz 2025 - ITJ | International Transport Journal","robots":{"index":"index","follow":"follow","max-snippet":"max-snippet:-1","max-image-preview":"max-image-preview:large","max-video-preview":"max-video-preview:-1"},"canonical":"https:\/\/transportjournal.com\/de\/2026\/04\/27\/geis-gruppe-erzielt-rekordumsatz-2025\/","og_locale":"de_DE","og_type":"article","og_title":"Geis Gruppe erzielt Rekordumsatz 2025 - ITJ | International Transport Journal","og_description":"Die Geis Gruppe erzielte 2025 ein Umsatzwachstum von 8,8 Prozent auf 2,12 Milliarden Euro und plant f\u00fcr 2026 weitere strategische Investitionen in Digitalisierung und internationale Zusammenarbeit.","og_url":"https:\/\/transportjournal.com\/de\/2026\/04\/27\/geis-gruppe-erzielt-rekordumsatz-2025\/","og_site_name":"ITJ | International Transport Journal","article_published_time":"2026-04-27T11:14:00+00:00","article_modified_time":"2026-04-27T11:35:39+00:00","og_image":[{"width":2560,"height":1441,"url":"https:\/\/transportjournal.com\/wp-content\/uploads\/sites\/2\/2026\/04\/Geis-Gruppe_27.4.26-scaled-aspect-ratio-1400-788-scaled-1.jpg","type":"image\/jpeg"}],"author":"Andreas M\u00fcller","twitter_card":"summary_large_image","twitter_misc":{"Verfasst von":"Andreas M\u00fcller","Gesch\u00e4tzte Lesezeit":"3\u00a0Minute"},"schema":{"@context":"https:\/\/schema.org","@graph":[{"@type":"Article","@id":"https:\/\/transportjournal.com\/de\/2026\/04\/27\/geis-gruppe-erzielt-rekordumsatz-2025\/#article","isPartOf":{"@id":"https:\/\/transportjournal.com\/de\/2026\/04\/27\/geis-gruppe-erzielt-rekordumsatz-2025\/"},"author":{"name":"Andreas M\u00fcller","@id":"https:\/\/transportjournal.com\/de\/#\/schema\/person\/7b1593b33567ba798d300c8a1b0b85b1"},"headline":"Geis Gruppe erzielt Rekordumsatz 2025","datePublished":"2026-04-27T11:14:00+00:00","dateModified":"2026-04-27T11:35:39+00:00","mainEntityOfPage":{"@id":"https:\/\/transportjournal.com\/de\/2026\/04\/27\/geis-gruppe-erzielt-rekordumsatz-2025\/"},"wordCount":628,"commentCount":0,"publisher":{"@id":"https:\/\/transportjournal.com\/de\/#organization"},"image":{"@id":"https:\/\/transportjournal.com\/de\/2026\/04\/27\/geis-gruppe-erzielt-rekordumsatz-2025\/#primaryimage"},"thumbnailUrl":"https:\/\/transportjournal.com\/wp-content\/uploads\/sites\/2\/2026\/04\/Geis-Gruppe_27.4.26-scaled-aspect-ratio-1400-788-scaled-1.jpg","keywords":["acquisitions dans l'industrie du transport","acquisitions in the transport industry","Akquisitionen in der Transportwirtschaft","automation in logistics","automatisation dans la logistique","Automatisierung in der Logistik","CO\u2082-Emissionen reduzieren","conditions du march\u00e9 2025","contract logistics in Europe","coop\u00e9ration internationale","croissance des revenus 2025","Cross-Selling Strategien","cross-selling strategies","Deutsch Geis Gruppe","Digitalisierung in der Logistik","digitization in logistics","durabilit\u00e9 dans la logistique","Energie- und E-Mobilit\u00e4tsl\u00f6sungen","energy and e-mobility solutions","Fachkr\u00e4ftemangel in der Logistik","infrastructure informatique dans la logistique","international cooperation","internationale Zusammenarbeit","IT infrastructure in logistics","IT-Infrastruktur in der Logistik","Kontraktlogistik in Europa","labor shortage in logistics","logistics projects in Germany","logistics service providers","Logistikdienstleister","Logistikprojekte in Deutschland","logistique contractuelle en Europe","logistique de colis","LTL and FTL transport","LTL und FTL Transport","market conditions 2025","Marktbedingungen 2025","Marktposition st\u00e4rken English Geis Group","Nachhaltigkeit in der Logistik","num\u00e9risation dans la logistique","Paketlogistik","parcel logistics","p\u00e9nurie de main-d'\u0153uvre dans la logistique","prestataires de services logistiques","projets logistiques en Allemagne","rail freight transport","reducing CO2 emissions","r\u00e9duction des \u00e9missions de CO\u2082","renforcement de la position sur le march\u00e9","revenue growth 2025","Schieneng\u00fcterverkehr","solutions \u00e9nerg\u00e9tiques et de mobilit\u00e9 \u00e9lectrique","strat\u00e9gies de vente crois\u00e9e","strengthening market position Fran\u00e7ais Groupe Geis","sustainability in logistics","transport ferroviaire de marchandises","transport LTL et FTL","Umsatzwachstum 2025"],"articleSection":["Deutschland","Europa","Finanz-\/Jahresberichte","Spedition &amp; Logistik"],"inLanguage":"de","potentialAction":[{"@type":"CommentAction","name":"Comment","target":["https:\/\/transportjournal.com\/de\/2026\/04\/27\/geis-gruppe-erzielt-rekordumsatz-2025\/#respond"]}]},{"@type":"WebPage","@id":"https:\/\/transportjournal.com\/de\/2026\/04\/27\/geis-gruppe-erzielt-rekordumsatz-2025\/","url":"https:\/\/transportjournal.com\/de\/2026\/04\/27\/geis-gruppe-erzielt-rekordumsatz-2025\/","name":"Geis Gruppe erzielt Rekordumsatz 2025 - ITJ | International Transport Journal","isPartOf":{"@id":"https:\/\/transportjournal.com\/de\/#website"},"primaryImageOfPage":{"@id":"https:\/\/transportjournal.com\/de\/2026\/04\/27\/geis-gruppe-erzielt-rekordumsatz-2025\/#primaryimage"},"image":{"@id":"https:\/\/transportjournal.com\/de\/2026\/04\/27\/geis-gruppe-erzielt-rekordumsatz-2025\/#primaryimage"},"thumbnailUrl":"https:\/\/transportjournal.com\/wp-content\/uploads\/sites\/2\/2026\/04\/Geis-Gruppe_27.4.26-scaled-aspect-ratio-1400-788-scaled-1.jpg","datePublished":"2026-04-27T11:14:00+00:00","dateModified":"2026-04-27T11:35:39+00:00","breadcrumb":{"@id":"https:\/\/transportjournal.com\/de\/2026\/04\/27\/geis-gruppe-erzielt-rekordumsatz-2025\/#breadcrumb"},"inLanguage":"de","potentialAction":[{"@type":"ReadAction","target":["https:\/\/transportjournal.com\/de\/2026\/04\/27\/geis-gruppe-erzielt-rekordumsatz-2025\/"]}]},{"@type":"ImageObject","inLanguage":"de","@id":"https:\/\/transportjournal.com\/de\/2026\/04\/27\/geis-gruppe-erzielt-rekordumsatz-2025\/#primaryimage","url":"https:\/\/transportjournal.com\/wp-content\/uploads\/sites\/2\/2026\/04\/Geis-Gruppe_27.4.26-scaled-aspect-ratio-1400-788-scaled-1.jpg","contentUrl":"https:\/\/transportjournal.com\/wp-content\/uploads\/sites\/2\/2026\/04\/Geis-Gruppe_27.4.26-scaled-aspect-ratio-1400-788-scaled-1.jpg","width":2560,"height":1441},{"@type":"BreadcrumbList","@id":"https:\/\/transportjournal.com\/de\/2026\/04\/27\/geis-gruppe-erzielt-rekordumsatz-2025\/#breadcrumb","itemListElement":[{"@type":"ListItem","position":1,"name":"Startseite","item":"https:\/\/transportjournal.com\/de\/"},{"@type":"ListItem","position":2,"name":"Geis Gruppe erzielt Rekordumsatz 2025"}]},{"@type":"WebSite","@id":"https:\/\/transportjournal.com\/de\/#website","url":"https:\/\/transportjournal.com\/de\/","name":"ITJ | International Transport Journal","description":"Stay informed with the latest global news from the transport, logistics, and supply chain industries. Transport Journal delivers expert insights, analysis, and updates across shipping, aviation, intermodal, and forwarding.","publisher":{"@id":"https:\/\/transportjournal.com\/de\/#organization"},"potentialAction":[{"@type":"SearchAction","target":{"@type":"EntryPoint","urlTemplate":"https:\/\/transportjournal.com\/de\/?s={search_term_string}"},"query-input":{"@type":"PropertyValueSpecification","valueRequired":true,"valueName":"search_term_string"}}],"inLanguage":"de"},{"@type":"Organization","@id":"https:\/\/transportjournal.com\/de\/#organization","name":"Groupe Logismedia AG","alternateName":"Logismedia Group AG","url":"https:\/\/transportjournal.com\/de\/","logo":{"@type":"ImageObject","inLanguage":"de","@id":"https:\/\/transportjournal.com\/de\/#\/schema\/logo\/image\/","url":"https:\/\/transportjournal.com\/wp-content\/uploads\/sites\/2\/2025\/09\/Logo_ITJ.png","contentUrl":"https:\/\/transportjournal.com\/wp-content\/uploads\/sites\/2\/2025\/09\/Logo_ITJ.png","width":799,"height":326,"caption":"Groupe Logismedia AG"},"image":{"@id":"https:\/\/transportjournal.com\/de\/#\/schema\/logo\/image\/"},"sameAs":["https:\/\/www.linkedin.com\/company\/56456496\/admin\/dashboard\/","https:\/\/www.instagram.com\/logismediagroup\/","https:\/\/www.youtube.com\/@LogiamediaGroupAG"]},{"@type":"Person","@id":"https:\/\/transportjournal.com\/de\/#\/schema\/person\/7b1593b33567ba798d300c8a1b0b85b1","name":"Andreas M\u00fcller","url":"https:\/\/transportjournal.com\/de\/author\/logismedia\/"}]}},"_links":{"self":[{"href":"https:\/\/transportjournal.com\/de\/wp-json\/wp\/v2\/posts\/86817","targetHints":{"allow":["GET"]}}],"collection":[{"href":"https:\/\/transportjournal.com\/de\/wp-json\/wp\/v2\/posts"}],"about":[{"href":"https:\/\/transportjournal.com\/de\/wp-json\/wp\/v2\/types\/post"}],"author":[{"embeddable":true,"href":"https:\/\/transportjournal.com\/de\/wp-json\/wp\/v2\/users\/7"}],"replies":[{"embeddable":true,"href":"https:\/\/transportjournal.com\/de\/wp-json\/wp\/v2\/comments?post=86817"}],"version-history":[{"count":2,"href":"https:\/\/transportjournal.com\/de\/wp-json\/wp\/v2\/posts\/86817\/revisions"}],"predecessor-version":[{"id":86831,"href":"https:\/\/transportjournal.com\/de\/wp-json\/wp\/v2\/posts\/86817\/revisions\/86831"}],"wp:featuredmedia":[{"embeddable":true,"href":"https:\/\/transportjournal.com\/de\/wp-json\/wp\/v2\/media\/86816"}],"wp:attachment":[{"href":"https:\/\/transportjournal.com\/de\/wp-json\/wp\/v2\/media?parent=86817"}],"wp:term":[{"taxonomy":"category","embeddable":true,"href":"https:\/\/transportjournal.com\/de\/wp-json\/wp\/v2\/categories?post=86817"},{"taxonomy":"post_tag","embeddable":true,"href":"https:\/\/transportjournal.com\/de\/wp-json\/wp\/v2\/tags?post=86817"}],"curies":[{"name":"wp","href":"https:\/\/api.w.org\/{rel}","templated":true}]}}