{"id":86802,"date":"2026-04-27T11:12:48","date_gmt":"2026-04-27T11:12:48","guid":{"rendered":"https:\/\/transportjournal.com\/2026\/04\/27\/marius-junda-wird-finanzvorstand-der-girteka-gruppe\/"},"modified":"2026-04-27T13:24:00","modified_gmt":"2026-04-27T11:24:00","slug":"marius-junda-wird-finanzvorstand-der-girteka-gruppe","status":"publish","type":"post","link":"https:\/\/transportjournal.com\/de\/2026\/04\/27\/marius-junda-wird-finanzvorstand-der-girteka-gruppe\/","title":{"rendered":"Marius Junda wird Finanzvorstand der Girteka-Gruppe"},"content":{"rendered":"<p>Per 30. April wird Marius Junda (abgebildet) neuer Finanzvorstand der Girteka-Gruppe. Der 38-J\u00e4hrige ist seit \u00fcber drei Jahren im Unternehmen t\u00e4tig und hat in dieser Zeit die Verantwortung f\u00fcr den Finanzbereich innerhalb der Shared Services \u00fcbernommen, wie das Unternehmen mitteilt.<\/p>\n<p>Junda bringt gem\u00e4ss Girteka jahrelange Berufserfahrung im Finanzwesen mit: Vor seinem Eintritt bei Girteka war er in verschiedenen leitenden Finanzpositionen in internationalen und regionalen Unternehmen t\u00e4tig. Dazu z\u00e4hlen auch CFO-Positionen, in denen er Verantwortung f\u00fcr den gesamten Finanzbereich im Baltikum trug. Seine berufliche Laufbahn umfasst zudem Erfahrungen im Einzelhandel, im Vertrieb sowie in der Verm\u00f6gensverwaltung und Unternehmensberatung.<\/p>\n<p>In der Mitteilung \u00e4ussert Marius Junda, dass die Rolle des Finanzwesens in Organisationen heute \u00fcber die reine Kontrolle hinausgehe. Er betont, dass das Finanzwesen zunehmend zu einem zentralen Bestandteil der unternehmerischen Entscheidungsfindung wird.<\/p>\n<p><a href=\"https:\/\/www.girteka.eu\/\" target=\"_blank\" rel=\"noopener noreferrer\">www.girteka.eu<\/a><\/p>\n","protected":false},"excerpt":{"rendered":"<p>Marius Junda wird zum 30. April neuer Finanzvorstand der Girteka-Gruppe und betont die Bedeutung der Integration des Finanzmanagements in die strategischen Entscheidungen des Unternehmens.<\/p>\n","protected":false},"author":10,"featured_media":86801,"comment_status":"open","ping_status":"","sticky":false,"template":"","format":"standard","meta":{"_acf_changed":false,"footnotes":""},"categories":[1575,1567],"tags":[22901,17765,17766,42520,42521,19743,19744,7380,42522,2548,42523,5587,42524,2695,2696,7385,5590,42525,42526,42527,1889,5591,42528,5593,42529,42530,16847,42531,27651,5599,2562,2125,3682,3683,5601,5602,2133,1831,42532,2717,3602,42533,2148,28857,42534,17778,42535,42536,42537,27637,27638,2237,2839,1837,32880,2157,42538],"class_list":["post-86802","post","type-post","status-publish","format-standard","has-post-thumbnail","hentry","category-europa","category-wechsel-weltweit","tag-asset-management","tag-baltic-region","tag-baltikum","tag-berufserfahrung-english-girteka-group","tag-business-consulting","tag-cfo-positions","tag-cfo-positionen","tag-chief-financial-officer","tag-conseil-aux-entreprises","tag-corporate-governance","tag-decision-making","tag-departement-financier","tag-deutsch-girteka-gruppe","tag-digitalisierung","tag-digitalization","tag-directeur-financier","tag-entreprises-internationales","tag-entreprises-regionales","tag-entscheidungsfindung","tag-experience-professionnelle","tag-fachkraeftemangel","tag-finance-department","tag-finance-sector","tag-financial-management","tag-finanzbereich","tag-finanzsteuerung","tag-finanzvorstand","tag-finanzwesen","tag-gestion-dactifs","tag-gestion-financiere","tag-gouvernance-dentreprise","tag-industrie-du-transport","tag-infrastructure","tag-infrastruktur","tag-international-companies","tag-internationale-unternehmen","tag-logistics-service-providers","tag-logistikdienstleister","tag-marius-junda","tag-numerisation","tag-penurie-de-competences","tag-postes-de-directeur-financier","tag-prestataires-de-services-logistiques","tag-prise-de-decision","tag-professional-experience-francais-girteka-groupe","tag-region-baltique","tag-regional-companies","tag-regionale-unternehmen","tag-secteur-financier","tag-services-partages","tag-shared-services","tag-skills-shortage","tag-transportation-industry","tag-transportwirtschaft","tag-unternehmensberatung","tag-unternehmensfuehrung","tag-vermoegensverwaltung"],"acf":[],"yoast_head":"<!-- This site is optimized with the Yoast SEO plugin v27.3 - https:\/\/yoast.com\/product\/yoast-seo-wordpress\/ -->\n<title>Marius Junda wird Finanzvorstand der Girteka-Gruppe - ITJ | International Transport Journal<\/title>\n<meta name=\"robots\" content=\"index, follow, max-snippet:-1, max-image-preview:large, max-video-preview:-1\" \/>\n<link rel=\"canonical\" href=\"https:\/\/transportjournal.com\/de\/2026\/04\/27\/marius-junda-wird-finanzvorstand-der-girteka-gruppe\/\" \/>\n<meta property=\"og:locale\" content=\"de_DE\" \/>\n<meta property=\"og:type\" content=\"article\" \/>\n<meta property=\"og:title\" content=\"Marius Junda wird Finanzvorstand der Girteka-Gruppe - ITJ | International Transport Journal\" \/>\n<meta property=\"og:description\" content=\"Marius Junda wird zum 30. April neuer Finanzvorstand der Girteka-Gruppe und betont die Bedeutung der Integration des Finanzmanagements in die strategischen Entscheidungen des Unternehmens.\" \/>\n<meta property=\"og:url\" content=\"https:\/\/transportjournal.com\/de\/2026\/04\/27\/marius-junda-wird-finanzvorstand-der-girteka-gruppe\/\" \/>\n<meta property=\"og:site_name\" content=\"ITJ | International Transport Journal\" \/>\n<meta property=\"article:published_time\" content=\"2026-04-27T11:12:48+00:00\" \/>\n<meta property=\"article:modified_time\" content=\"2026-04-27T11:24:00+00:00\" \/>\n<meta property=\"og:image\" content=\"https:\/\/transportjournal.com\/wp-content\/uploads\/sites\/2\/2026\/04\/Marius-Junda-Girteka-Group-CFO-aspect-ratio-1400-788.jpg\" \/>\n\t<meta property=\"og:image:width\" content=\"2048\" \/>\n\t<meta property=\"og:image:height\" content=\"1153\" \/>\n\t<meta property=\"og:image:type\" content=\"image\/jpeg\" \/>\n<meta name=\"author\" content=\"Jeremy Soland\" \/>\n<meta name=\"twitter:card\" content=\"summary_large_image\" \/>\n<meta name=\"twitter:label1\" content=\"Verfasst von\" \/>\n\t<meta name=\"twitter:data1\" content=\"Jeremy Soland\" \/>\n\t<meta name=\"twitter:label2\" content=\"Gesch\u00e4tzte Lesezeit\" \/>\n\t<meta name=\"twitter:data2\" content=\"1\u00a0Minute\" \/>\n<script type=\"application\/ld+json\" class=\"yoast-schema-graph\">{\"@context\":\"https:\\\/\\\/schema.org\",\"@graph\":[{\"@type\":\"Article\",\"@id\":\"https:\\\/\\\/transportjournal.com\\\/de\\\/2026\\\/04\\\/27\\\/marius-junda-wird-finanzvorstand-der-girteka-gruppe\\\/#article\",\"isPartOf\":{\"@id\":\"https:\\\/\\\/transportjournal.com\\\/de\\\/2026\\\/04\\\/27\\\/marius-junda-wird-finanzvorstand-der-girteka-gruppe\\\/\"},\"author\":{\"name\":\"Jeremy Soland\",\"@id\":\"https:\\\/\\\/transportjournal.com\\\/de\\\/#\\\/schema\\\/person\\\/41d36b5474b623392fa613e97e2363fa\"},\"headline\":\"Marius Junda wird Finanzvorstand der Girteka-Gruppe\",\"datePublished\":\"2026-04-27T11:12:48+00:00\",\"dateModified\":\"2026-04-27T11:24:00+00:00\",\"mainEntityOfPage\":{\"@id\":\"https:\\\/\\\/transportjournal.com\\\/de\\\/2026\\\/04\\\/27\\\/marius-junda-wird-finanzvorstand-der-girteka-gruppe\\\/\"},\"wordCount\":146,\"commentCount\":0,\"publisher\":{\"@id\":\"https:\\\/\\\/transportjournal.com\\\/de\\\/#organization\"},\"image\":{\"@id\":\"https:\\\/\\\/transportjournal.com\\\/de\\\/2026\\\/04\\\/27\\\/marius-junda-wird-finanzvorstand-der-girteka-gruppe\\\/#primaryimage\"},\"thumbnailUrl\":\"https:\\\/\\\/transportjournal.com\\\/wp-content\\\/uploads\\\/sites\\\/2\\\/2026\\\/04\\\/Marius-Junda-Girteka-Group-CFO-aspect-ratio-1400-788.jpg\",\"keywords\":[\"Asset Management\",\"Baltic region\",\"Baltikum\",\"Berufserfahrung English Girteka Group\",\"business consulting\",\"CFO positions\",\"CFO-Positionen\",\"Chief Financial Officer\",\"conseil aux entreprises\",\"corporate governance\",\"decision-making\",\"d\u00e9partement financier\",\"Deutsch Girteka-Gruppe\",\"Digitalisierung\",\"digitalization\",\"directeur financier\",\"entreprises internationales\",\"entreprises r\u00e9gionales\",\"Entscheidungsfindung\",\"exp\u00e9rience professionnelle\",\"Fachkr\u00e4ftemangel\",\"finance department\",\"finance sector\",\"financial management\",\"Finanzbereich\",\"Finanzsteuerung\",\"Finanzvorstand\",\"Finanzwesen\",\"gestion d'actifs\",\"gestion financi\u00e8re\",\"gouvernance d'entreprise\",\"industrie du transport\",\"infrastructure\",\"Infrastruktur\",\"international companies\",\"internationale Unternehmen\",\"logistics service providers\",\"Logistikdienstleister\",\"Marius Junda\",\"num\u00e9risation\",\"p\u00e9nurie de comp\u00e9tences\",\"postes de directeur financier\",\"prestataires de services logistiques\",\"prise de d\u00e9cision\",\"professional experience Fran\u00e7ais Girteka Groupe\",\"r\u00e9gion baltique\",\"regional companies\",\"regionale Unternehmen\",\"secteur financier\",\"services partag\u00e9s\",\"shared services\",\"skills shortage\",\"transportation industry\",\"Transportwirtschaft\",\"Unternehmensberatung\",\"Unternehmensf\u00fchrung\",\"Verm\u00f6gensverwaltung\"],\"articleSection\":[\"Europa\",\"Menschen &amp; Unternehmen\"],\"inLanguage\":\"de\",\"potentialAction\":[{\"@type\":\"CommentAction\",\"name\":\"Comment\",\"target\":[\"https:\\\/\\\/transportjournal.com\\\/de\\\/2026\\\/04\\\/27\\\/marius-junda-wird-finanzvorstand-der-girteka-gruppe\\\/#respond\"]}]},{\"@type\":\"WebPage\",\"@id\":\"https:\\\/\\\/transportjournal.com\\\/de\\\/2026\\\/04\\\/27\\\/marius-junda-wird-finanzvorstand-der-girteka-gruppe\\\/\",\"url\":\"https:\\\/\\\/transportjournal.com\\\/de\\\/2026\\\/04\\\/27\\\/marius-junda-wird-finanzvorstand-der-girteka-gruppe\\\/\",\"name\":\"Marius Junda wird Finanzvorstand der Girteka-Gruppe - ITJ | International Transport Journal\",\"isPartOf\":{\"@id\":\"https:\\\/\\\/transportjournal.com\\\/de\\\/#website\"},\"primaryImageOfPage\":{\"@id\":\"https:\\\/\\\/transportjournal.com\\\/de\\\/2026\\\/04\\\/27\\\/marius-junda-wird-finanzvorstand-der-girteka-gruppe\\\/#primaryimage\"},\"image\":{\"@id\":\"https:\\\/\\\/transportjournal.com\\\/de\\\/2026\\\/04\\\/27\\\/marius-junda-wird-finanzvorstand-der-girteka-gruppe\\\/#primaryimage\"},\"thumbnailUrl\":\"https:\\\/\\\/transportjournal.com\\\/wp-content\\\/uploads\\\/sites\\\/2\\\/2026\\\/04\\\/Marius-Junda-Girteka-Group-CFO-aspect-ratio-1400-788.jpg\",\"datePublished\":\"2026-04-27T11:12:48+00:00\",\"dateModified\":\"2026-04-27T11:24:00+00:00\",\"breadcrumb\":{\"@id\":\"https:\\\/\\\/transportjournal.com\\\/de\\\/2026\\\/04\\\/27\\\/marius-junda-wird-finanzvorstand-der-girteka-gruppe\\\/#breadcrumb\"},\"inLanguage\":\"de\",\"potentialAction\":[{\"@type\":\"ReadAction\",\"target\":[\"https:\\\/\\\/transportjournal.com\\\/de\\\/2026\\\/04\\\/27\\\/marius-junda-wird-finanzvorstand-der-girteka-gruppe\\\/\"]}]},{\"@type\":\"ImageObject\",\"inLanguage\":\"de\",\"@id\":\"https:\\\/\\\/transportjournal.com\\\/de\\\/2026\\\/04\\\/27\\\/marius-junda-wird-finanzvorstand-der-girteka-gruppe\\\/#primaryimage\",\"url\":\"https:\\\/\\\/transportjournal.com\\\/wp-content\\\/uploads\\\/sites\\\/2\\\/2026\\\/04\\\/Marius-Junda-Girteka-Group-CFO-aspect-ratio-1400-788.jpg\",\"contentUrl\":\"https:\\\/\\\/transportjournal.com\\\/wp-content\\\/uploads\\\/sites\\\/2\\\/2026\\\/04\\\/Marius-Junda-Girteka-Group-CFO-aspect-ratio-1400-788.jpg\",\"width\":2048,\"height\":1153},{\"@type\":\"BreadcrumbList\",\"@id\":\"https:\\\/\\\/transportjournal.com\\\/de\\\/2026\\\/04\\\/27\\\/marius-junda-wird-finanzvorstand-der-girteka-gruppe\\\/#breadcrumb\",\"itemListElement\":[{\"@type\":\"ListItem\",\"position\":1,\"name\":\"Startseite\",\"item\":\"https:\\\/\\\/transportjournal.com\\\/de\\\/\"},{\"@type\":\"ListItem\",\"position\":2,\"name\":\"Marius Junda wird Finanzvorstand der Girteka-Gruppe\"}]},{\"@type\":\"WebSite\",\"@id\":\"https:\\\/\\\/transportjournal.com\\\/de\\\/#website\",\"url\":\"https:\\\/\\\/transportjournal.com\\\/de\\\/\",\"name\":\"ITJ | International Transport Journal\",\"description\":\"Stay informed with the latest global news from the transport, logistics, and supply chain industries. Transport Journal delivers expert insights, analysis, and updates across shipping, aviation, intermodal, and forwarding.\",\"publisher\":{\"@id\":\"https:\\\/\\\/transportjournal.com\\\/de\\\/#organization\"},\"potentialAction\":[{\"@type\":\"SearchAction\",\"target\":{\"@type\":\"EntryPoint\",\"urlTemplate\":\"https:\\\/\\\/transportjournal.com\\\/de\\\/?s={search_term_string}\"},\"query-input\":{\"@type\":\"PropertyValueSpecification\",\"valueRequired\":true,\"valueName\":\"search_term_string\"}}],\"inLanguage\":\"de\"},{\"@type\":\"Organization\",\"@id\":\"https:\\\/\\\/transportjournal.com\\\/de\\\/#organization\",\"name\":\"Groupe Logismedia AG\",\"alternateName\":\"Logismedia Group AG\",\"url\":\"https:\\\/\\\/transportjournal.com\\\/de\\\/\",\"logo\":{\"@type\":\"ImageObject\",\"inLanguage\":\"de\",\"@id\":\"https:\\\/\\\/transportjournal.com\\\/de\\\/#\\\/schema\\\/logo\\\/image\\\/\",\"url\":\"https:\\\/\\\/transportjournal.com\\\/wp-content\\\/uploads\\\/sites\\\/2\\\/2025\\\/09\\\/Logo_ITJ.png\",\"contentUrl\":\"https:\\\/\\\/transportjournal.com\\\/wp-content\\\/uploads\\\/sites\\\/2\\\/2025\\\/09\\\/Logo_ITJ.png\",\"width\":799,\"height\":326,\"caption\":\"Groupe Logismedia AG\"},\"image\":{\"@id\":\"https:\\\/\\\/transportjournal.com\\\/de\\\/#\\\/schema\\\/logo\\\/image\\\/\"},\"sameAs\":[\"https:\\\/\\\/www.linkedin.com\\\/company\\\/56456496\\\/admin\\\/dashboard\\\/\",\"https:\\\/\\\/www.instagram.com\\\/logismediagroup\\\/\",\"https:\\\/\\\/www.youtube.com\\\/@LogiamediaGroupAG\"]},{\"@type\":\"Person\",\"@id\":\"https:\\\/\\\/transportjournal.com\\\/de\\\/#\\\/schema\\\/person\\\/41d36b5474b623392fa613e97e2363fa\",\"name\":\"Jeremy Soland\",\"url\":\"https:\\\/\\\/transportjournal.com\\\/de\\\/author\\\/jeremy\\\/\"}]}<\/script>\n<!-- \/ Yoast SEO plugin. -->","yoast_head_json":{"title":"Marius Junda wird Finanzvorstand der Girteka-Gruppe - ITJ | International Transport Journal","robots":{"index":"index","follow":"follow","max-snippet":"max-snippet:-1","max-image-preview":"max-image-preview:large","max-video-preview":"max-video-preview:-1"},"canonical":"https:\/\/transportjournal.com\/de\/2026\/04\/27\/marius-junda-wird-finanzvorstand-der-girteka-gruppe\/","og_locale":"de_DE","og_type":"article","og_title":"Marius Junda wird Finanzvorstand der Girteka-Gruppe - ITJ | International Transport Journal","og_description":"Marius Junda wird zum 30. April neuer Finanzvorstand der Girteka-Gruppe und betont die Bedeutung der Integration des Finanzmanagements in die strategischen Entscheidungen des Unternehmens.","og_url":"https:\/\/transportjournal.com\/de\/2026\/04\/27\/marius-junda-wird-finanzvorstand-der-girteka-gruppe\/","og_site_name":"ITJ | International Transport Journal","article_published_time":"2026-04-27T11:12:48+00:00","article_modified_time":"2026-04-27T11:24:00+00:00","og_image":[{"width":2048,"height":1153,"url":"https:\/\/transportjournal.com\/wp-content\/uploads\/sites\/2\/2026\/04\/Marius-Junda-Girteka-Group-CFO-aspect-ratio-1400-788.jpg","type":"image\/jpeg"}],"author":"Jeremy Soland","twitter_card":"summary_large_image","twitter_misc":{"Verfasst von":"Jeremy Soland","Gesch\u00e4tzte Lesezeit":"1\u00a0Minute"},"schema":{"@context":"https:\/\/schema.org","@graph":[{"@type":"Article","@id":"https:\/\/transportjournal.com\/de\/2026\/04\/27\/marius-junda-wird-finanzvorstand-der-girteka-gruppe\/#article","isPartOf":{"@id":"https:\/\/transportjournal.com\/de\/2026\/04\/27\/marius-junda-wird-finanzvorstand-der-girteka-gruppe\/"},"author":{"name":"Jeremy Soland","@id":"https:\/\/transportjournal.com\/de\/#\/schema\/person\/41d36b5474b623392fa613e97e2363fa"},"headline":"Marius Junda wird Finanzvorstand der Girteka-Gruppe","datePublished":"2026-04-27T11:12:48+00:00","dateModified":"2026-04-27T11:24:00+00:00","mainEntityOfPage":{"@id":"https:\/\/transportjournal.com\/de\/2026\/04\/27\/marius-junda-wird-finanzvorstand-der-girteka-gruppe\/"},"wordCount":146,"commentCount":0,"publisher":{"@id":"https:\/\/transportjournal.com\/de\/#organization"},"image":{"@id":"https:\/\/transportjournal.com\/de\/2026\/04\/27\/marius-junda-wird-finanzvorstand-der-girteka-gruppe\/#primaryimage"},"thumbnailUrl":"https:\/\/transportjournal.com\/wp-content\/uploads\/sites\/2\/2026\/04\/Marius-Junda-Girteka-Group-CFO-aspect-ratio-1400-788.jpg","keywords":["Asset Management","Baltic region","Baltikum","Berufserfahrung English Girteka Group","business consulting","CFO positions","CFO-Positionen","Chief Financial Officer","conseil aux entreprises","corporate governance","decision-making","d\u00e9partement financier","Deutsch Girteka-Gruppe","Digitalisierung","digitalization","directeur financier","entreprises internationales","entreprises r\u00e9gionales","Entscheidungsfindung","exp\u00e9rience professionnelle","Fachkr\u00e4ftemangel","finance department","finance sector","financial management","Finanzbereich","Finanzsteuerung","Finanzvorstand","Finanzwesen","gestion d'actifs","gestion financi\u00e8re","gouvernance d'entreprise","industrie du transport","infrastructure","Infrastruktur","international companies","internationale Unternehmen","logistics service providers","Logistikdienstleister","Marius Junda","num\u00e9risation","p\u00e9nurie de comp\u00e9tences","postes de directeur financier","prestataires de services logistiques","prise de d\u00e9cision","professional experience Fran\u00e7ais Girteka Groupe","r\u00e9gion baltique","regional companies","regionale Unternehmen","secteur financier","services partag\u00e9s","shared services","skills shortage","transportation industry","Transportwirtschaft","Unternehmensberatung","Unternehmensf\u00fchrung","Verm\u00f6gensverwaltung"],"articleSection":["Europa","Menschen &amp; Unternehmen"],"inLanguage":"de","potentialAction":[{"@type":"CommentAction","name":"Comment","target":["https:\/\/transportjournal.com\/de\/2026\/04\/27\/marius-junda-wird-finanzvorstand-der-girteka-gruppe\/#respond"]}]},{"@type":"WebPage","@id":"https:\/\/transportjournal.com\/de\/2026\/04\/27\/marius-junda-wird-finanzvorstand-der-girteka-gruppe\/","url":"https:\/\/transportjournal.com\/de\/2026\/04\/27\/marius-junda-wird-finanzvorstand-der-girteka-gruppe\/","name":"Marius Junda wird Finanzvorstand der Girteka-Gruppe - ITJ | International Transport Journal","isPartOf":{"@id":"https:\/\/transportjournal.com\/de\/#website"},"primaryImageOfPage":{"@id":"https:\/\/transportjournal.com\/de\/2026\/04\/27\/marius-junda-wird-finanzvorstand-der-girteka-gruppe\/#primaryimage"},"image":{"@id":"https:\/\/transportjournal.com\/de\/2026\/04\/27\/marius-junda-wird-finanzvorstand-der-girteka-gruppe\/#primaryimage"},"thumbnailUrl":"https:\/\/transportjournal.com\/wp-content\/uploads\/sites\/2\/2026\/04\/Marius-Junda-Girteka-Group-CFO-aspect-ratio-1400-788.jpg","datePublished":"2026-04-27T11:12:48+00:00","dateModified":"2026-04-27T11:24:00+00:00","breadcrumb":{"@id":"https:\/\/transportjournal.com\/de\/2026\/04\/27\/marius-junda-wird-finanzvorstand-der-girteka-gruppe\/#breadcrumb"},"inLanguage":"de","potentialAction":[{"@type":"ReadAction","target":["https:\/\/transportjournal.com\/de\/2026\/04\/27\/marius-junda-wird-finanzvorstand-der-girteka-gruppe\/"]}]},{"@type":"ImageObject","inLanguage":"de","@id":"https:\/\/transportjournal.com\/de\/2026\/04\/27\/marius-junda-wird-finanzvorstand-der-girteka-gruppe\/#primaryimage","url":"https:\/\/transportjournal.com\/wp-content\/uploads\/sites\/2\/2026\/04\/Marius-Junda-Girteka-Group-CFO-aspect-ratio-1400-788.jpg","contentUrl":"https:\/\/transportjournal.com\/wp-content\/uploads\/sites\/2\/2026\/04\/Marius-Junda-Girteka-Group-CFO-aspect-ratio-1400-788.jpg","width":2048,"height":1153},{"@type":"BreadcrumbList","@id":"https:\/\/transportjournal.com\/de\/2026\/04\/27\/marius-junda-wird-finanzvorstand-der-girteka-gruppe\/#breadcrumb","itemListElement":[{"@type":"ListItem","position":1,"name":"Startseite","item":"https:\/\/transportjournal.com\/de\/"},{"@type":"ListItem","position":2,"name":"Marius Junda wird Finanzvorstand der Girteka-Gruppe"}]},{"@type":"WebSite","@id":"https:\/\/transportjournal.com\/de\/#website","url":"https:\/\/transportjournal.com\/de\/","name":"ITJ | International Transport Journal","description":"Stay informed with the latest global news from the transport, logistics, and supply chain industries. Transport Journal delivers expert insights, analysis, and updates across shipping, aviation, intermodal, and forwarding.","publisher":{"@id":"https:\/\/transportjournal.com\/de\/#organization"},"potentialAction":[{"@type":"SearchAction","target":{"@type":"EntryPoint","urlTemplate":"https:\/\/transportjournal.com\/de\/?s={search_term_string}"},"query-input":{"@type":"PropertyValueSpecification","valueRequired":true,"valueName":"search_term_string"}}],"inLanguage":"de"},{"@type":"Organization","@id":"https:\/\/transportjournal.com\/de\/#organization","name":"Groupe Logismedia AG","alternateName":"Logismedia Group AG","url":"https:\/\/transportjournal.com\/de\/","logo":{"@type":"ImageObject","inLanguage":"de","@id":"https:\/\/transportjournal.com\/de\/#\/schema\/logo\/image\/","url":"https:\/\/transportjournal.com\/wp-content\/uploads\/sites\/2\/2025\/09\/Logo_ITJ.png","contentUrl":"https:\/\/transportjournal.com\/wp-content\/uploads\/sites\/2\/2025\/09\/Logo_ITJ.png","width":799,"height":326,"caption":"Groupe Logismedia AG"},"image":{"@id":"https:\/\/transportjournal.com\/de\/#\/schema\/logo\/image\/"},"sameAs":["https:\/\/www.linkedin.com\/company\/56456496\/admin\/dashboard\/","https:\/\/www.instagram.com\/logismediagroup\/","https:\/\/www.youtube.com\/@LogiamediaGroupAG"]},{"@type":"Person","@id":"https:\/\/transportjournal.com\/de\/#\/schema\/person\/41d36b5474b623392fa613e97e2363fa","name":"Jeremy Soland","url":"https:\/\/transportjournal.com\/de\/author\/jeremy\/"}]}},"_links":{"self":[{"href":"https:\/\/transportjournal.com\/de\/wp-json\/wp\/v2\/posts\/86802","targetHints":{"allow":["GET"]}}],"collection":[{"href":"https:\/\/transportjournal.com\/de\/wp-json\/wp\/v2\/posts"}],"about":[{"href":"https:\/\/transportjournal.com\/de\/wp-json\/wp\/v2\/types\/post"}],"author":[{"embeddable":true,"href":"https:\/\/transportjournal.com\/de\/wp-json\/wp\/v2\/users\/10"}],"replies":[{"embeddable":true,"href":"https:\/\/transportjournal.com\/de\/wp-json\/wp\/v2\/comments?post=86802"}],"version-history":[{"count":1,"href":"https:\/\/transportjournal.com\/de\/wp-json\/wp\/v2\/posts\/86802\/revisions"}],"predecessor-version":[{"id":86809,"href":"https:\/\/transportjournal.com\/de\/wp-json\/wp\/v2\/posts\/86802\/revisions\/86809"}],"wp:featuredmedia":[{"embeddable":true,"href":"https:\/\/transportjournal.com\/de\/wp-json\/wp\/v2\/media\/86801"}],"wp:attachment":[{"href":"https:\/\/transportjournal.com\/de\/wp-json\/wp\/v2\/media?parent=86802"}],"wp:term":[{"taxonomy":"category","embeddable":true,"href":"https:\/\/transportjournal.com\/de\/wp-json\/wp\/v2\/categories?post=86802"},{"taxonomy":"post_tag","embeddable":true,"href":"https:\/\/transportjournal.com\/de\/wp-json\/wp\/v2\/tags?post=86802"}],"curies":[{"name":"wp","href":"https:\/\/api.w.org\/{rel}","templated":true}]}}