{"id":86794,"date":"2026-04-27T10:49:21","date_gmt":"2026-04-27T10:49:21","guid":{"rendered":"https:\/\/transportjournal.com\/2026\/04\/27\/stabile-recyclingpreise-fuer-schiffe-wirana\/"},"modified":"2026-04-27T10:49:21","modified_gmt":"2026-04-27T10:49:21","slug":"stabile-recyclingpreise-fuer-schiffe-wirana","status":"publish","type":"post","link":"https:\/\/transportjournal.com\/de\/2026\/04\/27\/stabile-recyclingpreise-fuer-schiffe-wirana\/","title":{"rendered":"Stabile Recyclingpreise f\u00fcr Schiffe \u2013 Wirana"},"content":{"rendered":"<p>Die Preise f\u00fcr das Schiffsrecycling in wichtigen Regionen der Branche sind trotz schw\u00e4cherer Bedingungen auf den Stahlm\u00e4rkten, vorsichtigem Einkauf und Druck auf die Stahlpreise weitgehend stabil geblieben, wie ein Bericht der Wirana Shipping Corporation zeigt.<\/p>\n<p>Rakesk Khetan (im Bild), der CEO von Wirana Shipping, einem der gr\u00f6ssten Bark\u00e4ufer von Schiffen und im gr\u00fcnen Schiffsrecycling, verwies auf einen Markt, in dem Schiffsrecycler ihre Preise weitgehend halten, obwohl die Nachfrage nach Stahl ungleichm\u00e4ssig bleibt und die K\u00e4ufer w\u00e4hlerisch bleiben.<\/p>\n<p>Insbesondere in Indien, Bangladesch und der T\u00fcrkei halten Recycler ihre Preisniveaus, w\u00e4hrend Pakistan als anf\u00e4lliger f\u00fcr m\u00f6gliche R\u00fcckg\u00e4nge gilt.<\/p>\n<p>Der Bericht zeigt eine Diskrepanz zwischen sinkenden Stahlpreisen und stabilen Recyclingpreisen. In Indien und Bangladesch blieb der Markt trotz schw\u00e4cherer Nachfrage konstant, w\u00e4hrend in Pakistan fallende Stahl- und Schrottpreise den Druck erh\u00f6hen.<\/p>\n<p>Bangladesch k\u00f6nnte durch geplante Infrastrukturprojekte neue Impulse erhalten. In der T\u00fcrkei bleibt die Lage stabil, auch wenn die Nachfrage schwach ist. Insgesamt ist das Angebot an Schiffen begrenzt, und Abschl\u00fcsse bleiben bislang \u00fcberschaubar. Die weitere Entwicklung h\u00e4ngt davon ab, ob sich stabile Preise in konkrete Transaktionen umsetzen.<\/p>\n<p><a href=\"http:\/\/www.wirana.com\" target=\"_blank\" rel=\"noopener noreferrer\">www.wirana.com<\/a><\/p>\n","protected":false},"excerpt":{"rendered":"<p>Trotz schwacher Stahlm\u00e4rkte bleiben die Preise f\u00fcr Schiffsrecycling in wichtigen Regionen stabil, w\u00e4hrend die Nachfrage ungleichm\u00e4ssig und die K\u00e4ufer w\u00e4hlerisch sind.<\/p>\n","protected":false},"author":14,"featured_media":86793,"comment_status":"open","ping_status":"","sticky":false,"template":"","format":"standard","meta":{"_acf_changed":false,"footnotes":""},"categories":[1574,1571],"tags":[42488,5433,5434,42489,42490,42491,33738,42492,42493,29566,29567,29568,42494,2125,4166,4167,42495,42496,42497,42498,33762,42499,33763,42500,4178,42501,42502,42503,42504,42505,42506,42507,42508,42509,33772,33773,42510,42511,42512,42513,42514,42515,42516,33777,42517,33779,2155,1837,29952,29953,29954,42518,42519],"class_list":["post-86794","post","type-post","status-publish","format-standard","has-post-thumbnail","hentry","category-asien-pazifik","category-schiffahrt","tag-analyse-du-marche-du-recyclage-de-navires","tag-bangladesch","tag-bangladesh","tag-demand-for-steel","tag-demande-dacier","tag-demolition-de-navires","tag-deutsch-schiffsrecycling","tag-green-ship-recycling","tag-gruene-schiffsrecycling","tag-inde","tag-india","tag-indien","tag-industrie-du-recyclage","tag-industrie-du-transport","tag-infrastructure-projects","tag-infrastrukturprojekte","tag-marche-de-lacier","tag-marktanalyse-schiffsrecycling","tag-nachfrage-nach-stahl","tag-pakistan","tag-prix-de-lacier","tag-prix-de-recyclage","tag-prix-des-ferrailles","tag-prix-stables-du-recyclage-de-navires","tag-projets-dinfrastructure","tag-recyclage-de-navires-ecologique","tag-recycleurs-de-navires","tag-recycling-industry","tag-recycling-prices","tag-recyclingindustrie","tag-recyclingpreise","tag-schiffsabbruch-english-ship-recycling","tag-schiffsrecycler","tag-schiffsverkauf","tag-schrottpreise","tag-scrap-prices","tag-ship-recyclers","tag-ship-recycling-market-analysis","tag-ship-sales","tag-shipbreaking-francais-recyclage-de-navires","tag-stabile-preise-schiffsrecycling","tag-stable-ship-recycling-prices","tag-stahlmarkt","tag-stahlpreise","tag-steel-market","tag-steel-prices","tag-transport-industry","tag-transportwirtschaft","tag-tuerkei","tag-turkey","tag-turquie","tag-vente-de-navires","tag-wirana-shipping"],"acf":[],"yoast_head":"<!-- This site is optimized with the Yoast SEO plugin v27.3 - https:\/\/yoast.com\/product\/yoast-seo-wordpress\/ -->\n<title>Stabile Recyclingpreise f\u00fcr Schiffe \u2013 Wirana - ITJ | International Transport Journal<\/title>\n<meta name=\"robots\" content=\"index, follow, max-snippet:-1, max-image-preview:large, max-video-preview:-1\" \/>\n<link rel=\"canonical\" href=\"https:\/\/transportjournal.com\/de\/2026\/04\/27\/stabile-recyclingpreise-fuer-schiffe-wirana\/\" \/>\n<meta property=\"og:locale\" content=\"de_DE\" \/>\n<meta property=\"og:type\" content=\"article\" \/>\n<meta property=\"og:title\" content=\"Stabile Recyclingpreise f\u00fcr Schiffe \u2013 Wirana - ITJ | International Transport Journal\" \/>\n<meta property=\"og:description\" content=\"Trotz schwacher Stahlm\u00e4rkte bleiben die Preise f\u00fcr Schiffsrecycling in wichtigen Regionen stabil, w\u00e4hrend die Nachfrage ungleichm\u00e4ssig und die K\u00e4ufer w\u00e4hlerisch sind.\" \/>\n<meta property=\"og:url\" content=\"https:\/\/transportjournal.com\/de\/2026\/04\/27\/stabile-recyclingpreise-fuer-schiffe-wirana\/\" \/>\n<meta property=\"og:site_name\" content=\"ITJ | International Transport Journal\" \/>\n<meta property=\"article:published_time\" content=\"2026-04-27T10:49:21+00:00\" \/>\n<meta property=\"og:image\" content=\"https:\/\/transportjournal.com\/wp-content\/uploads\/sites\/2\/2026\/04\/Wirana-Shipping-Corporation-CREO-Rakesk-Khetan-Foto-Wirana_55143388648_97c332cc59_c-aspect-ratio-1400-788.jpg\" \/>\n\t<meta property=\"og:image:width\" content=\"535\" \/>\n\t<meta property=\"og:image:height\" content=\"301\" \/>\n\t<meta property=\"og:image:type\" content=\"image\/jpeg\" \/>\n<meta name=\"author\" content=\"Gyan Sharan\" \/>\n<meta name=\"twitter:card\" content=\"summary_large_image\" \/>\n<meta name=\"twitter:label1\" content=\"Verfasst von\" \/>\n\t<meta name=\"twitter:data1\" content=\"Gyan Sharan\" \/>\n\t<meta name=\"twitter:label2\" content=\"Gesch\u00e4tzte Lesezeit\" \/>\n\t<meta name=\"twitter:data2\" content=\"1\u00a0Minute\" \/>\n<script type=\"application\/ld+json\" class=\"yoast-schema-graph\">{\"@context\":\"https:\\\/\\\/schema.org\",\"@graph\":[{\"@type\":\"Article\",\"@id\":\"https:\\\/\\\/transportjournal.com\\\/de\\\/2026\\\/04\\\/27\\\/stabile-recyclingpreise-fuer-schiffe-wirana\\\/#article\",\"isPartOf\":{\"@id\":\"https:\\\/\\\/transportjournal.com\\\/de\\\/2026\\\/04\\\/27\\\/stabile-recyclingpreise-fuer-schiffe-wirana\\\/\"},\"author\":{\"name\":\"Gyan Sharan\",\"@id\":\"https:\\\/\\\/transportjournal.com\\\/de\\\/#\\\/schema\\\/person\\\/13a9fc605c753db60ef7750a229cd042\"},\"headline\":\"Stabile Recyclingpreise f\u00fcr Schiffe \u2013 Wirana\",\"datePublished\":\"2026-04-27T10:49:21+00:00\",\"mainEntityOfPage\":{\"@id\":\"https:\\\/\\\/transportjournal.com\\\/de\\\/2026\\\/04\\\/27\\\/stabile-recyclingpreise-fuer-schiffe-wirana\\\/\"},\"wordCount\":207,\"commentCount\":0,\"publisher\":{\"@id\":\"https:\\\/\\\/transportjournal.com\\\/de\\\/#organization\"},\"image\":{\"@id\":\"https:\\\/\\\/transportjournal.com\\\/de\\\/2026\\\/04\\\/27\\\/stabile-recyclingpreise-fuer-schiffe-wirana\\\/#primaryimage\"},\"thumbnailUrl\":\"https:\\\/\\\/transportjournal.com\\\/wp-content\\\/uploads\\\/sites\\\/2\\\/2026\\\/04\\\/Wirana-Shipping-Corporation-CREO-Rakesk-Khetan-Foto-Wirana_55143388648_97c332cc59_c-aspect-ratio-1400-788.jpg\",\"keywords\":[\"analyse du march\u00e9 du recyclage de navires\",\"Bangladesch\",\"Bangladesh\",\"demand for steel\",\"demande d'acier\",\"d\u00e9molition de navires\",\"Deutsch Schiffsrecycling\",\"green ship recycling\",\"gr\u00fcne Schiffsrecycling\",\"Inde\",\"India\",\"Indien\",\"industrie du recyclage\",\"industrie du transport\",\"infrastructure projects\",\"Infrastrukturprojekte\",\"march\u00e9 de l'acier\",\"Marktanalyse Schiffsrecycling\",\"Nachfrage nach Stahl\",\"Pakistan\",\"prix de l'acier\",\"prix de recyclage\",\"prix des ferrailles\",\"prix stables du recyclage de navires\",\"projets d'infrastructure\",\"recyclage de navires \u00e9cologique\",\"recycleurs de navires\",\"recycling industry\",\"recycling prices\",\"Recyclingindustrie\",\"Recyclingpreise\",\"Schiffsabbruch English ship recycling\",\"Schiffsrecycler\",\"Schiffsverkauf\",\"Schrottpreise\",\"scrap prices\",\"ship recyclers\",\"ship recycling market analysis\",\"ship sales\",\"shipbreaking Fran\u00e7ais recyclage de navires\",\"stabile Preise Schiffsrecycling\",\"stable ship recycling prices\",\"Stahlmarkt\",\"Stahlpreise\",\"steel market\",\"steel prices\",\"transport industry\",\"Transportwirtschaft\",\"T\u00fcrkei\",\"Turkey\",\"Turquie\",\"vente de navires\",\"Wirana Shipping\"],\"articleSection\":[\"Asien\\\/Pazifik\",\"Schifffahrt &amp; H\u00e4fen\"],\"inLanguage\":\"de\",\"potentialAction\":[{\"@type\":\"CommentAction\",\"name\":\"Comment\",\"target\":[\"https:\\\/\\\/transportjournal.com\\\/de\\\/2026\\\/04\\\/27\\\/stabile-recyclingpreise-fuer-schiffe-wirana\\\/#respond\"]}]},{\"@type\":\"WebPage\",\"@id\":\"https:\\\/\\\/transportjournal.com\\\/de\\\/2026\\\/04\\\/27\\\/stabile-recyclingpreise-fuer-schiffe-wirana\\\/\",\"url\":\"https:\\\/\\\/transportjournal.com\\\/de\\\/2026\\\/04\\\/27\\\/stabile-recyclingpreise-fuer-schiffe-wirana\\\/\",\"name\":\"Stabile Recyclingpreise f\u00fcr Schiffe \u2013 Wirana - ITJ | International Transport Journal\",\"isPartOf\":{\"@id\":\"https:\\\/\\\/transportjournal.com\\\/de\\\/#website\"},\"primaryImageOfPage\":{\"@id\":\"https:\\\/\\\/transportjournal.com\\\/de\\\/2026\\\/04\\\/27\\\/stabile-recyclingpreise-fuer-schiffe-wirana\\\/#primaryimage\"},\"image\":{\"@id\":\"https:\\\/\\\/transportjournal.com\\\/de\\\/2026\\\/04\\\/27\\\/stabile-recyclingpreise-fuer-schiffe-wirana\\\/#primaryimage\"},\"thumbnailUrl\":\"https:\\\/\\\/transportjournal.com\\\/wp-content\\\/uploads\\\/sites\\\/2\\\/2026\\\/04\\\/Wirana-Shipping-Corporation-CREO-Rakesk-Khetan-Foto-Wirana_55143388648_97c332cc59_c-aspect-ratio-1400-788.jpg\",\"datePublished\":\"2026-04-27T10:49:21+00:00\",\"breadcrumb\":{\"@id\":\"https:\\\/\\\/transportjournal.com\\\/de\\\/2026\\\/04\\\/27\\\/stabile-recyclingpreise-fuer-schiffe-wirana\\\/#breadcrumb\"},\"inLanguage\":\"de\",\"potentialAction\":[{\"@type\":\"ReadAction\",\"target\":[\"https:\\\/\\\/transportjournal.com\\\/de\\\/2026\\\/04\\\/27\\\/stabile-recyclingpreise-fuer-schiffe-wirana\\\/\"]}]},{\"@type\":\"ImageObject\",\"inLanguage\":\"de\",\"@id\":\"https:\\\/\\\/transportjournal.com\\\/de\\\/2026\\\/04\\\/27\\\/stabile-recyclingpreise-fuer-schiffe-wirana\\\/#primaryimage\",\"url\":\"https:\\\/\\\/transportjournal.com\\\/wp-content\\\/uploads\\\/sites\\\/2\\\/2026\\\/04\\\/Wirana-Shipping-Corporation-CREO-Rakesk-Khetan-Foto-Wirana_55143388648_97c332cc59_c-aspect-ratio-1400-788.jpg\",\"contentUrl\":\"https:\\\/\\\/transportjournal.com\\\/wp-content\\\/uploads\\\/sites\\\/2\\\/2026\\\/04\\\/Wirana-Shipping-Corporation-CREO-Rakesk-Khetan-Foto-Wirana_55143388648_97c332cc59_c-aspect-ratio-1400-788.jpg\",\"width\":535,\"height\":301},{\"@type\":\"BreadcrumbList\",\"@id\":\"https:\\\/\\\/transportjournal.com\\\/de\\\/2026\\\/04\\\/27\\\/stabile-recyclingpreise-fuer-schiffe-wirana\\\/#breadcrumb\",\"itemListElement\":[{\"@type\":\"ListItem\",\"position\":1,\"name\":\"Startseite\",\"item\":\"https:\\\/\\\/transportjournal.com\\\/de\\\/\"},{\"@type\":\"ListItem\",\"position\":2,\"name\":\"Stabile Recyclingpreise f\u00fcr Schiffe \u2013 Wirana\"}]},{\"@type\":\"WebSite\",\"@id\":\"https:\\\/\\\/transportjournal.com\\\/de\\\/#website\",\"url\":\"https:\\\/\\\/transportjournal.com\\\/de\\\/\",\"name\":\"ITJ | International Transport Journal\",\"description\":\"Stay informed with the latest global news from the transport, logistics, and supply chain industries. Transport Journal delivers expert insights, analysis, and updates across shipping, aviation, intermodal, and forwarding.\",\"publisher\":{\"@id\":\"https:\\\/\\\/transportjournal.com\\\/de\\\/#organization\"},\"potentialAction\":[{\"@type\":\"SearchAction\",\"target\":{\"@type\":\"EntryPoint\",\"urlTemplate\":\"https:\\\/\\\/transportjournal.com\\\/de\\\/?s={search_term_string}\"},\"query-input\":{\"@type\":\"PropertyValueSpecification\",\"valueRequired\":true,\"valueName\":\"search_term_string\"}}],\"inLanguage\":\"de\"},{\"@type\":\"Organization\",\"@id\":\"https:\\\/\\\/transportjournal.com\\\/de\\\/#organization\",\"name\":\"Groupe Logismedia AG\",\"alternateName\":\"Logismedia Group AG\",\"url\":\"https:\\\/\\\/transportjournal.com\\\/de\\\/\",\"logo\":{\"@type\":\"ImageObject\",\"inLanguage\":\"de\",\"@id\":\"https:\\\/\\\/transportjournal.com\\\/de\\\/#\\\/schema\\\/logo\\\/image\\\/\",\"url\":\"https:\\\/\\\/transportjournal.com\\\/wp-content\\\/uploads\\\/sites\\\/2\\\/2025\\\/09\\\/Logo_ITJ.png\",\"contentUrl\":\"https:\\\/\\\/transportjournal.com\\\/wp-content\\\/uploads\\\/sites\\\/2\\\/2025\\\/09\\\/Logo_ITJ.png\",\"width\":799,\"height\":326,\"caption\":\"Groupe Logismedia AG\"},\"image\":{\"@id\":\"https:\\\/\\\/transportjournal.com\\\/de\\\/#\\\/schema\\\/logo\\\/image\\\/\"},\"sameAs\":[\"https:\\\/\\\/www.linkedin.com\\\/company\\\/56456496\\\/admin\\\/dashboard\\\/\",\"https:\\\/\\\/www.instagram.com\\\/logismediagroup\\\/\",\"https:\\\/\\\/www.youtube.com\\\/@LogiamediaGroupAG\"]},{\"@type\":\"Person\",\"@id\":\"https:\\\/\\\/transportjournal.com\\\/de\\\/#\\\/schema\\\/person\\\/13a9fc605c753db60ef7750a229cd042\",\"name\":\"Gyan Sharan\",\"url\":\"https:\\\/\\\/transportjournal.com\\\/de\\\/author\\\/gyan\\\/\"}]}<\/script>\n<!-- \/ Yoast SEO plugin. -->","yoast_head_json":{"title":"Stabile Recyclingpreise f\u00fcr Schiffe \u2013 Wirana - ITJ | International Transport Journal","robots":{"index":"index","follow":"follow","max-snippet":"max-snippet:-1","max-image-preview":"max-image-preview:large","max-video-preview":"max-video-preview:-1"},"canonical":"https:\/\/transportjournal.com\/de\/2026\/04\/27\/stabile-recyclingpreise-fuer-schiffe-wirana\/","og_locale":"de_DE","og_type":"article","og_title":"Stabile Recyclingpreise f\u00fcr Schiffe \u2013 Wirana - ITJ | International Transport Journal","og_description":"Trotz schwacher Stahlm\u00e4rkte bleiben die Preise f\u00fcr Schiffsrecycling in wichtigen Regionen stabil, w\u00e4hrend die Nachfrage ungleichm\u00e4ssig und die K\u00e4ufer w\u00e4hlerisch sind.","og_url":"https:\/\/transportjournal.com\/de\/2026\/04\/27\/stabile-recyclingpreise-fuer-schiffe-wirana\/","og_site_name":"ITJ | International Transport Journal","article_published_time":"2026-04-27T10:49:21+00:00","og_image":[{"width":535,"height":301,"url":"https:\/\/transportjournal.com\/wp-content\/uploads\/sites\/2\/2026\/04\/Wirana-Shipping-Corporation-CREO-Rakesk-Khetan-Foto-Wirana_55143388648_97c332cc59_c-aspect-ratio-1400-788.jpg","type":"image\/jpeg"}],"author":"Gyan Sharan","twitter_card":"summary_large_image","twitter_misc":{"Verfasst von":"Gyan Sharan","Gesch\u00e4tzte Lesezeit":"1\u00a0Minute"},"schema":{"@context":"https:\/\/schema.org","@graph":[{"@type":"Article","@id":"https:\/\/transportjournal.com\/de\/2026\/04\/27\/stabile-recyclingpreise-fuer-schiffe-wirana\/#article","isPartOf":{"@id":"https:\/\/transportjournal.com\/de\/2026\/04\/27\/stabile-recyclingpreise-fuer-schiffe-wirana\/"},"author":{"name":"Gyan Sharan","@id":"https:\/\/transportjournal.com\/de\/#\/schema\/person\/13a9fc605c753db60ef7750a229cd042"},"headline":"Stabile Recyclingpreise f\u00fcr Schiffe \u2013 Wirana","datePublished":"2026-04-27T10:49:21+00:00","mainEntityOfPage":{"@id":"https:\/\/transportjournal.com\/de\/2026\/04\/27\/stabile-recyclingpreise-fuer-schiffe-wirana\/"},"wordCount":207,"commentCount":0,"publisher":{"@id":"https:\/\/transportjournal.com\/de\/#organization"},"image":{"@id":"https:\/\/transportjournal.com\/de\/2026\/04\/27\/stabile-recyclingpreise-fuer-schiffe-wirana\/#primaryimage"},"thumbnailUrl":"https:\/\/transportjournal.com\/wp-content\/uploads\/sites\/2\/2026\/04\/Wirana-Shipping-Corporation-CREO-Rakesk-Khetan-Foto-Wirana_55143388648_97c332cc59_c-aspect-ratio-1400-788.jpg","keywords":["analyse du march\u00e9 du recyclage de navires","Bangladesch","Bangladesh","demand for steel","demande d'acier","d\u00e9molition de navires","Deutsch Schiffsrecycling","green ship recycling","gr\u00fcne Schiffsrecycling","Inde","India","Indien","industrie du recyclage","industrie du transport","infrastructure projects","Infrastrukturprojekte","march\u00e9 de l'acier","Marktanalyse Schiffsrecycling","Nachfrage nach Stahl","Pakistan","prix de l'acier","prix de recyclage","prix des ferrailles","prix stables du recyclage de navires","projets d'infrastructure","recyclage de navires \u00e9cologique","recycleurs de navires","recycling industry","recycling prices","Recyclingindustrie","Recyclingpreise","Schiffsabbruch English ship recycling","Schiffsrecycler","Schiffsverkauf","Schrottpreise","scrap prices","ship recyclers","ship recycling market analysis","ship sales","shipbreaking Fran\u00e7ais recyclage de navires","stabile Preise Schiffsrecycling","stable ship recycling prices","Stahlmarkt","Stahlpreise","steel market","steel prices","transport industry","Transportwirtschaft","T\u00fcrkei","Turkey","Turquie","vente de navires","Wirana Shipping"],"articleSection":["Asien\/Pazifik","Schifffahrt &amp; H\u00e4fen"],"inLanguage":"de","potentialAction":[{"@type":"CommentAction","name":"Comment","target":["https:\/\/transportjournal.com\/de\/2026\/04\/27\/stabile-recyclingpreise-fuer-schiffe-wirana\/#respond"]}]},{"@type":"WebPage","@id":"https:\/\/transportjournal.com\/de\/2026\/04\/27\/stabile-recyclingpreise-fuer-schiffe-wirana\/","url":"https:\/\/transportjournal.com\/de\/2026\/04\/27\/stabile-recyclingpreise-fuer-schiffe-wirana\/","name":"Stabile Recyclingpreise f\u00fcr Schiffe \u2013 Wirana - ITJ | International Transport Journal","isPartOf":{"@id":"https:\/\/transportjournal.com\/de\/#website"},"primaryImageOfPage":{"@id":"https:\/\/transportjournal.com\/de\/2026\/04\/27\/stabile-recyclingpreise-fuer-schiffe-wirana\/#primaryimage"},"image":{"@id":"https:\/\/transportjournal.com\/de\/2026\/04\/27\/stabile-recyclingpreise-fuer-schiffe-wirana\/#primaryimage"},"thumbnailUrl":"https:\/\/transportjournal.com\/wp-content\/uploads\/sites\/2\/2026\/04\/Wirana-Shipping-Corporation-CREO-Rakesk-Khetan-Foto-Wirana_55143388648_97c332cc59_c-aspect-ratio-1400-788.jpg","datePublished":"2026-04-27T10:49:21+00:00","breadcrumb":{"@id":"https:\/\/transportjournal.com\/de\/2026\/04\/27\/stabile-recyclingpreise-fuer-schiffe-wirana\/#breadcrumb"},"inLanguage":"de","potentialAction":[{"@type":"ReadAction","target":["https:\/\/transportjournal.com\/de\/2026\/04\/27\/stabile-recyclingpreise-fuer-schiffe-wirana\/"]}]},{"@type":"ImageObject","inLanguage":"de","@id":"https:\/\/transportjournal.com\/de\/2026\/04\/27\/stabile-recyclingpreise-fuer-schiffe-wirana\/#primaryimage","url":"https:\/\/transportjournal.com\/wp-content\/uploads\/sites\/2\/2026\/04\/Wirana-Shipping-Corporation-CREO-Rakesk-Khetan-Foto-Wirana_55143388648_97c332cc59_c-aspect-ratio-1400-788.jpg","contentUrl":"https:\/\/transportjournal.com\/wp-content\/uploads\/sites\/2\/2026\/04\/Wirana-Shipping-Corporation-CREO-Rakesk-Khetan-Foto-Wirana_55143388648_97c332cc59_c-aspect-ratio-1400-788.jpg","width":535,"height":301},{"@type":"BreadcrumbList","@id":"https:\/\/transportjournal.com\/de\/2026\/04\/27\/stabile-recyclingpreise-fuer-schiffe-wirana\/#breadcrumb","itemListElement":[{"@type":"ListItem","position":1,"name":"Startseite","item":"https:\/\/transportjournal.com\/de\/"},{"@type":"ListItem","position":2,"name":"Stabile Recyclingpreise f\u00fcr Schiffe \u2013 Wirana"}]},{"@type":"WebSite","@id":"https:\/\/transportjournal.com\/de\/#website","url":"https:\/\/transportjournal.com\/de\/","name":"ITJ | International Transport Journal","description":"Stay informed with the latest global news from the transport, logistics, and supply chain industries. Transport Journal delivers expert insights, analysis, and updates across shipping, aviation, intermodal, and forwarding.","publisher":{"@id":"https:\/\/transportjournal.com\/de\/#organization"},"potentialAction":[{"@type":"SearchAction","target":{"@type":"EntryPoint","urlTemplate":"https:\/\/transportjournal.com\/de\/?s={search_term_string}"},"query-input":{"@type":"PropertyValueSpecification","valueRequired":true,"valueName":"search_term_string"}}],"inLanguage":"de"},{"@type":"Organization","@id":"https:\/\/transportjournal.com\/de\/#organization","name":"Groupe Logismedia AG","alternateName":"Logismedia Group AG","url":"https:\/\/transportjournal.com\/de\/","logo":{"@type":"ImageObject","inLanguage":"de","@id":"https:\/\/transportjournal.com\/de\/#\/schema\/logo\/image\/","url":"https:\/\/transportjournal.com\/wp-content\/uploads\/sites\/2\/2025\/09\/Logo_ITJ.png","contentUrl":"https:\/\/transportjournal.com\/wp-content\/uploads\/sites\/2\/2025\/09\/Logo_ITJ.png","width":799,"height":326,"caption":"Groupe Logismedia AG"},"image":{"@id":"https:\/\/transportjournal.com\/de\/#\/schema\/logo\/image\/"},"sameAs":["https:\/\/www.linkedin.com\/company\/56456496\/admin\/dashboard\/","https:\/\/www.instagram.com\/logismediagroup\/","https:\/\/www.youtube.com\/@LogiamediaGroupAG"]},{"@type":"Person","@id":"https:\/\/transportjournal.com\/de\/#\/schema\/person\/13a9fc605c753db60ef7750a229cd042","name":"Gyan Sharan","url":"https:\/\/transportjournal.com\/de\/author\/gyan\/"}]}},"_links":{"self":[{"href":"https:\/\/transportjournal.com\/de\/wp-json\/wp\/v2\/posts\/86794","targetHints":{"allow":["GET"]}}],"collection":[{"href":"https:\/\/transportjournal.com\/de\/wp-json\/wp\/v2\/posts"}],"about":[{"href":"https:\/\/transportjournal.com\/de\/wp-json\/wp\/v2\/types\/post"}],"author":[{"embeddable":true,"href":"https:\/\/transportjournal.com\/de\/wp-json\/wp\/v2\/users\/14"}],"replies":[{"embeddable":true,"href":"https:\/\/transportjournal.com\/de\/wp-json\/wp\/v2\/comments?post=86794"}],"version-history":[{"count":0,"href":"https:\/\/transportjournal.com\/de\/wp-json\/wp\/v2\/posts\/86794\/revisions"}],"wp:featuredmedia":[{"embeddable":true,"href":"https:\/\/transportjournal.com\/de\/wp-json\/wp\/v2\/media\/86793"}],"wp:attachment":[{"href":"https:\/\/transportjournal.com\/de\/wp-json\/wp\/v2\/media?parent=86794"}],"wp:term":[{"taxonomy":"category","embeddable":true,"href":"https:\/\/transportjournal.com\/de\/wp-json\/wp\/v2\/categories?post=86794"},{"taxonomy":"post_tag","embeddable":true,"href":"https:\/\/transportjournal.com\/de\/wp-json\/wp\/v2\/tags?post=86794"}],"curies":[{"name":"wp","href":"https:\/\/api.w.org\/{rel}","templated":true}]}}