{"id":86779,"date":"2026-04-27T10:21:57","date_gmt":"2026-04-27T10:21:57","guid":{"rendered":"https:\/\/transportjournal.com\/2026\/04\/27\/iaa-transportation-2026-erweitert-testfahrten\/"},"modified":"2026-04-27T12:38:23","modified_gmt":"2026-04-27T10:38:23","slug":"iaa-transportation-2026-erweitert-testfahrten","status":"publish","type":"post","link":"https:\/\/transportjournal.com\/de\/2026\/04\/27\/iaa-transportation-2026-erweitert-testfahrten\/","title":{"rendered":"IAA TRANSPORTATION 2026 erweitert Testfahrten"},"content":{"rendered":"<p>Die IAA TRANSPORTATION 2026 wird in Hannover erneut ein Programm f\u00fcr Fachbesuchende und Interessierte pr\u00e4sentieren. Im Mittelpunkt steht ein neu gestaltetes Hallenkonzept, das den praktischen Test von Nutzfahrzeugen in den Vordergrund r\u00fcckt, wie das Unternehmen mitteilt. Besuchende haben die M\u00f6glichkeit, Probefahrten direkt an den St\u00e4nden der Aussteller MAN Truck &amp; Bus und Volvo Trucks zu buchen. Dies zielt darauf ab, den Besuchenden ein unmittelbares Erlebnis der neuesten Entwicklungen in der Nutzfahrzeugtechnologie zu bieten.<\/p>\n<h3>Praktische Erlebnisse im Fokus<\/h3>\n<p>Das &#8222;Test Drive-Programm&#8220; der IAA TRANSPORTATION 2026 erm\u00f6glicht es den Teilnehmenden, Verkehrsl\u00f6sungen hautnah zu erleben. Laut den Veranstaltenden hat dieses Angebot in der Vergangenheit grosses Interesse geweckt, was zu einer erh\u00f6hten Nachfrage gef\u00fchrt habe. Um dieser gerecht zu werden, werde das Programm f\u00fcr die kommende Messe weiter ausgebaut. Die Probefahrten starten direkt aus Halle 11, die speziell f\u00fcr diese Aktivit\u00e4ten konzipiert wurde.<\/p>\n<p><a href=\"https:\/\/www.iaa-transportation.com\/de\" target=\"_blank\" rel=\"noopener noreferrer\">www.iaa-transportation.com<\/a><\/p>\n<p>&nbsp;<\/p>\n","protected":false},"excerpt":{"rendered":"<p>Die IAA TRANSPORTATION 2026 in Hannover bietet ein erweitertes &#8222;Test Drive-Programm&#8220;, das Verkehrsl\u00f6sungen erlebbar machen soll.<\/p>\n","protected":false},"author":10,"featured_media":86778,"comment_status":"open","ping_status":"","sticky":false,"template":"","format":"standard","meta":{"_acf_changed":false,"footnotes":""},"categories":[9092,1575,1568],"tags":[36315,42453,42454,35849,35850,42455,42456,42457,42458,42459,2122,42460,42461,42462,42463,10645,3328,3994,4000,2133,1831,42464,42465,42466,42467,35862,42468,2145,2148,42469,42470,10012,3572,42471,42472,36346,42473,42474,42475,42476,42477,42478,42479,13813,42480,42481,42482,42483,8592,42484,42485,42486,42487,6924],"class_list":["post-86779","post","type-post","status-publish","format-standard","has-post-thumbnail","hentry","category-deutschland","category-europa","category-bahn-binnenschifffahrt-strasse","tag-commercial-vehicle-technology","tag-concept-de-hall-iaa","tag-deutsch-iaa-transportation-2026","tag-digitalisierung-transport","tag-digitalization-transport","tag-durabilite-des-vehicules-utilitaires","tag-essais-de-conduite-foire","tag-essais-de-vehicules-utilitaires","tag-experiences-des-visiteurs-foire","tag-fachbesuchende-iaa","tag-fachkraeftemangel-logistik","tag-foire-de-hanovre","tag-hall-concept-iaa","tag-hallenkonzept-iaa","tag-hannover-fair","tag-industrie-du-transport-allemagne","tag-infrastructure-logistique","tag-infrastruktur-logistik","tag-logistics-infrastructure","tag-logistics-service-providers","tag-logistikdienstleister","tag-man-truck-bus","tag-messe-hannover","tag-messebesucher-erfahrungen","tag-nachhaltigkeit-nutzfahrzeuge","tag-numerisation-du-transport","tag-nutzfahrzeugtechnologie","tag-penurie-de-main-doeuvre-logistique","tag-prestataires-de-services-logistiques","tag-probefahrten-messe","tag-programme-dessai-de-conduite","tag-skilled-labor-shortage-logistics","tag-solutions-de-transport","tag-solutions-de-transport-iaa","tag-sustainability-commercial-vehicles","tag-technologie-des-vehicules-utilitaires","tag-technologies-de-transport","tag-test-drive-program","tag-test-drive-programm","tag-test-drives-commercial-vehicles","tag-test-drives-fair","tag-testfahrten-nutzfahrzeuge","tag-trade-visitors-iaa","tag-transport-industry-germany","tag-transportation-solutions","tag-transportation-solutions-iaa-francais-iaa-transportation-2026","tag-transportation-technologies","tag-transportloesungen-iaa-english-iaa-transportation-2026","tag-transportwirtschaft-deutschland","tag-verkehrsloesungen","tag-verkehrstechnologien","tag-visiteurs-professionnels-iaa","tag-visitor-experiences-fair","tag-volvo-trucks"],"acf":[],"yoast_head":"<!-- This site is optimized with the Yoast SEO plugin v27.3 - https:\/\/yoast.com\/product\/yoast-seo-wordpress\/ -->\n<title>IAA TRANSPORTATION 2026 erweitert Testfahrten - ITJ | International Transport Journal<\/title>\n<meta name=\"robots\" content=\"index, follow, max-snippet:-1, max-image-preview:large, max-video-preview:-1\" \/>\n<link rel=\"canonical\" href=\"https:\/\/transportjournal.com\/de\/2026\/04\/27\/iaa-transportation-2026-erweitert-testfahrten\/\" \/>\n<meta property=\"og:locale\" content=\"de_DE\" \/>\n<meta property=\"og:type\" content=\"article\" \/>\n<meta property=\"og:title\" content=\"IAA TRANSPORTATION 2026 erweitert Testfahrten - ITJ | International Transport Journal\" \/>\n<meta property=\"og:description\" content=\"Die IAA TRANSPORTATION 2026 in Hannover bietet ein erweitertes &quot;Test Drive-Programm&quot;, das Verkehrsl\u00f6sungen erlebbar machen soll.\" \/>\n<meta property=\"og:url\" content=\"https:\/\/transportjournal.com\/de\/2026\/04\/27\/iaa-transportation-2026-erweitert-testfahrten\/\" \/>\n<meta property=\"og:site_name\" content=\"ITJ | International Transport Journal\" \/>\n<meta property=\"article:published_time\" content=\"2026-04-27T10:21:57+00:00\" \/>\n<meta property=\"article:modified_time\" content=\"2026-04-27T10:38:23+00:00\" \/>\n<meta property=\"og:image\" content=\"https:\/\/transportjournal.com\/wp-content\/uploads\/sites\/2\/2026\/04\/AdobeStock_40613408-scaled-aspect-ratio-1400-788-scaled-1.jpeg\" \/>\n\t<meta property=\"og:image:width\" content=\"2560\" \/>\n\t<meta property=\"og:image:height\" content=\"1441\" \/>\n\t<meta property=\"og:image:type\" content=\"image\/jpeg\" \/>\n<meta name=\"author\" content=\"Jeremy Soland\" \/>\n<meta name=\"twitter:card\" content=\"summary_large_image\" \/>\n<meta name=\"twitter:label1\" content=\"Verfasst von\" \/>\n\t<meta name=\"twitter:data1\" content=\"Jeremy Soland\" \/>\n\t<meta name=\"twitter:label2\" content=\"Gesch\u00e4tzte Lesezeit\" \/>\n\t<meta name=\"twitter:data2\" content=\"1\u00a0Minute\" \/>\n<script type=\"application\/ld+json\" class=\"yoast-schema-graph\">{\"@context\":\"https:\\\/\\\/schema.org\",\"@graph\":[{\"@type\":\"Article\",\"@id\":\"https:\\\/\\\/transportjournal.com\\\/de\\\/2026\\\/04\\\/27\\\/iaa-transportation-2026-erweitert-testfahrten\\\/#article\",\"isPartOf\":{\"@id\":\"https:\\\/\\\/transportjournal.com\\\/de\\\/2026\\\/04\\\/27\\\/iaa-transportation-2026-erweitert-testfahrten\\\/\"},\"author\":{\"name\":\"Jeremy Soland\",\"@id\":\"https:\\\/\\\/transportjournal.com\\\/de\\\/#\\\/schema\\\/person\\\/41d36b5474b623392fa613e97e2363fa\"},\"headline\":\"IAA TRANSPORTATION 2026 erweitert Testfahrten\",\"datePublished\":\"2026-04-27T10:21:57+00:00\",\"dateModified\":\"2026-04-27T10:38:23+00:00\",\"mainEntityOfPage\":{\"@id\":\"https:\\\/\\\/transportjournal.com\\\/de\\\/2026\\\/04\\\/27\\\/iaa-transportation-2026-erweitert-testfahrten\\\/\"},\"wordCount\":156,\"commentCount\":0,\"publisher\":{\"@id\":\"https:\\\/\\\/transportjournal.com\\\/de\\\/#organization\"},\"image\":{\"@id\":\"https:\\\/\\\/transportjournal.com\\\/de\\\/2026\\\/04\\\/27\\\/iaa-transportation-2026-erweitert-testfahrten\\\/#primaryimage\"},\"thumbnailUrl\":\"https:\\\/\\\/transportjournal.com\\\/wp-content\\\/uploads\\\/sites\\\/2\\\/2026\\\/04\\\/AdobeStock_40613408-scaled-aspect-ratio-1400-788-scaled-1.jpeg\",\"keywords\":[\"commercial vehicle technology\",\"concept de hall IAA\",\"Deutsch IAA TRANSPORTATION 2026\",\"Digitalisierung Transport\",\"digitalization transport\",\"durabilit\u00e9 des v\u00e9hicules utilitaires\",\"essais de conduite foire\",\"essais de v\u00e9hicules utilitaires\",\"exp\u00e9riences des visiteurs foire\",\"Fachbesuchende IAA\",\"Fachkr\u00e4ftemangel Logistik\",\"foire de Hanovre\",\"hall concept IAA\",\"Hallenkonzept IAA\",\"Hannover fair\",\"industrie du transport Allemagne\",\"infrastructure logistique\",\"Infrastruktur Logistik\",\"logistics infrastructure\",\"logistics service providers\",\"Logistikdienstleister\",\"MAN Truck &amp; Bus\",\"Messe Hannover\",\"Messebesucher Erfahrungen\",\"Nachhaltigkeit Nutzfahrzeuge\",\"num\u00e9risation du transport\",\"Nutzfahrzeugtechnologie\",\"p\u00e9nurie de main-d'\u0153uvre logistique\",\"prestataires de services logistiques\",\"Probefahrten Messe\",\"programme d'essai de conduite\",\"skilled labor shortage logistics\",\"solutions de transport\",\"solutions de transport IAA\",\"sustainability commercial vehicles\",\"technologie des v\u00e9hicules utilitaires\",\"technologies de transport\",\"test drive program\",\"Test Drive-Programm\",\"test drives commercial vehicles\",\"test drives fair\",\"Testfahrten Nutzfahrzeuge\",\"trade visitors IAA\",\"transport industry Germany\",\"transportation solutions\",\"transportation solutions IAA Fran\u00e7ais IAA TRANSPORTATION 2026\",\"transportation technologies\",\"Transportl\u00f6sungen IAA English IAA TRANSPORTATION 2026\",\"Transportwirtschaft Deutschland\",\"Verkehrsl\u00f6sungen\",\"Verkehrstechnologien\",\"visiteurs professionnels IAA\",\"visitor experiences fair\",\"Volvo Trucks\"],\"articleSection\":[\"Deutschland\",\"Europa\",\"Intermodal \\\/ Stra\u00dfe\"],\"inLanguage\":\"de\",\"potentialAction\":[{\"@type\":\"CommentAction\",\"name\":\"Comment\",\"target\":[\"https:\\\/\\\/transportjournal.com\\\/de\\\/2026\\\/04\\\/27\\\/iaa-transportation-2026-erweitert-testfahrten\\\/#respond\"]}]},{\"@type\":\"WebPage\",\"@id\":\"https:\\\/\\\/transportjournal.com\\\/de\\\/2026\\\/04\\\/27\\\/iaa-transportation-2026-erweitert-testfahrten\\\/\",\"url\":\"https:\\\/\\\/transportjournal.com\\\/de\\\/2026\\\/04\\\/27\\\/iaa-transportation-2026-erweitert-testfahrten\\\/\",\"name\":\"IAA TRANSPORTATION 2026 erweitert Testfahrten - ITJ | International Transport Journal\",\"isPartOf\":{\"@id\":\"https:\\\/\\\/transportjournal.com\\\/de\\\/#website\"},\"primaryImageOfPage\":{\"@id\":\"https:\\\/\\\/transportjournal.com\\\/de\\\/2026\\\/04\\\/27\\\/iaa-transportation-2026-erweitert-testfahrten\\\/#primaryimage\"},\"image\":{\"@id\":\"https:\\\/\\\/transportjournal.com\\\/de\\\/2026\\\/04\\\/27\\\/iaa-transportation-2026-erweitert-testfahrten\\\/#primaryimage\"},\"thumbnailUrl\":\"https:\\\/\\\/transportjournal.com\\\/wp-content\\\/uploads\\\/sites\\\/2\\\/2026\\\/04\\\/AdobeStock_40613408-scaled-aspect-ratio-1400-788-scaled-1.jpeg\",\"datePublished\":\"2026-04-27T10:21:57+00:00\",\"dateModified\":\"2026-04-27T10:38:23+00:00\",\"breadcrumb\":{\"@id\":\"https:\\\/\\\/transportjournal.com\\\/de\\\/2026\\\/04\\\/27\\\/iaa-transportation-2026-erweitert-testfahrten\\\/#breadcrumb\"},\"inLanguage\":\"de\",\"potentialAction\":[{\"@type\":\"ReadAction\",\"target\":[\"https:\\\/\\\/transportjournal.com\\\/de\\\/2026\\\/04\\\/27\\\/iaa-transportation-2026-erweitert-testfahrten\\\/\"]}]},{\"@type\":\"ImageObject\",\"inLanguage\":\"de\",\"@id\":\"https:\\\/\\\/transportjournal.com\\\/de\\\/2026\\\/04\\\/27\\\/iaa-transportation-2026-erweitert-testfahrten\\\/#primaryimage\",\"url\":\"https:\\\/\\\/transportjournal.com\\\/wp-content\\\/uploads\\\/sites\\\/2\\\/2026\\\/04\\\/AdobeStock_40613408-scaled-aspect-ratio-1400-788-scaled-1.jpeg\",\"contentUrl\":\"https:\\\/\\\/transportjournal.com\\\/wp-content\\\/uploads\\\/sites\\\/2\\\/2026\\\/04\\\/AdobeStock_40613408-scaled-aspect-ratio-1400-788-scaled-1.jpeg\",\"width\":2560,\"height\":1441},{\"@type\":\"BreadcrumbList\",\"@id\":\"https:\\\/\\\/transportjournal.com\\\/de\\\/2026\\\/04\\\/27\\\/iaa-transportation-2026-erweitert-testfahrten\\\/#breadcrumb\",\"itemListElement\":[{\"@type\":\"ListItem\",\"position\":1,\"name\":\"Startseite\",\"item\":\"https:\\\/\\\/transportjournal.com\\\/de\\\/\"},{\"@type\":\"ListItem\",\"position\":2,\"name\":\"IAA TRANSPORTATION 2026 erweitert Testfahrten\"}]},{\"@type\":\"WebSite\",\"@id\":\"https:\\\/\\\/transportjournal.com\\\/de\\\/#website\",\"url\":\"https:\\\/\\\/transportjournal.com\\\/de\\\/\",\"name\":\"ITJ | International Transport Journal\",\"description\":\"Stay informed with the latest global news from the transport, logistics, and supply chain industries. Transport Journal delivers expert insights, analysis, and updates across shipping, aviation, intermodal, and forwarding.\",\"publisher\":{\"@id\":\"https:\\\/\\\/transportjournal.com\\\/de\\\/#organization\"},\"potentialAction\":[{\"@type\":\"SearchAction\",\"target\":{\"@type\":\"EntryPoint\",\"urlTemplate\":\"https:\\\/\\\/transportjournal.com\\\/de\\\/?s={search_term_string}\"},\"query-input\":{\"@type\":\"PropertyValueSpecification\",\"valueRequired\":true,\"valueName\":\"search_term_string\"}}],\"inLanguage\":\"de\"},{\"@type\":\"Organization\",\"@id\":\"https:\\\/\\\/transportjournal.com\\\/de\\\/#organization\",\"name\":\"Groupe Logismedia AG\",\"alternateName\":\"Logismedia Group AG\",\"url\":\"https:\\\/\\\/transportjournal.com\\\/de\\\/\",\"logo\":{\"@type\":\"ImageObject\",\"inLanguage\":\"de\",\"@id\":\"https:\\\/\\\/transportjournal.com\\\/de\\\/#\\\/schema\\\/logo\\\/image\\\/\",\"url\":\"https:\\\/\\\/transportjournal.com\\\/wp-content\\\/uploads\\\/sites\\\/2\\\/2025\\\/09\\\/Logo_ITJ.png\",\"contentUrl\":\"https:\\\/\\\/transportjournal.com\\\/wp-content\\\/uploads\\\/sites\\\/2\\\/2025\\\/09\\\/Logo_ITJ.png\",\"width\":799,\"height\":326,\"caption\":\"Groupe Logismedia AG\"},\"image\":{\"@id\":\"https:\\\/\\\/transportjournal.com\\\/de\\\/#\\\/schema\\\/logo\\\/image\\\/\"},\"sameAs\":[\"https:\\\/\\\/www.linkedin.com\\\/company\\\/56456496\\\/admin\\\/dashboard\\\/\",\"https:\\\/\\\/www.instagram.com\\\/logismediagroup\\\/\",\"https:\\\/\\\/www.youtube.com\\\/@LogiamediaGroupAG\"]},{\"@type\":\"Person\",\"@id\":\"https:\\\/\\\/transportjournal.com\\\/de\\\/#\\\/schema\\\/person\\\/41d36b5474b623392fa613e97e2363fa\",\"name\":\"Jeremy Soland\",\"url\":\"https:\\\/\\\/transportjournal.com\\\/de\\\/author\\\/jeremy\\\/\"}]}<\/script>\n<!-- \/ Yoast SEO plugin. -->","yoast_head_json":{"title":"IAA TRANSPORTATION 2026 erweitert Testfahrten - ITJ | International Transport Journal","robots":{"index":"index","follow":"follow","max-snippet":"max-snippet:-1","max-image-preview":"max-image-preview:large","max-video-preview":"max-video-preview:-1"},"canonical":"https:\/\/transportjournal.com\/de\/2026\/04\/27\/iaa-transportation-2026-erweitert-testfahrten\/","og_locale":"de_DE","og_type":"article","og_title":"IAA TRANSPORTATION 2026 erweitert Testfahrten - ITJ | International Transport Journal","og_description":"Die IAA TRANSPORTATION 2026 in Hannover bietet ein erweitertes \"Test Drive-Programm\", das Verkehrsl\u00f6sungen erlebbar machen soll.","og_url":"https:\/\/transportjournal.com\/de\/2026\/04\/27\/iaa-transportation-2026-erweitert-testfahrten\/","og_site_name":"ITJ | International Transport Journal","article_published_time":"2026-04-27T10:21:57+00:00","article_modified_time":"2026-04-27T10:38:23+00:00","og_image":[{"width":2560,"height":1441,"url":"https:\/\/transportjournal.com\/wp-content\/uploads\/sites\/2\/2026\/04\/AdobeStock_40613408-scaled-aspect-ratio-1400-788-scaled-1.jpeg","type":"image\/jpeg"}],"author":"Jeremy Soland","twitter_card":"summary_large_image","twitter_misc":{"Verfasst von":"Jeremy Soland","Gesch\u00e4tzte Lesezeit":"1\u00a0Minute"},"schema":{"@context":"https:\/\/schema.org","@graph":[{"@type":"Article","@id":"https:\/\/transportjournal.com\/de\/2026\/04\/27\/iaa-transportation-2026-erweitert-testfahrten\/#article","isPartOf":{"@id":"https:\/\/transportjournal.com\/de\/2026\/04\/27\/iaa-transportation-2026-erweitert-testfahrten\/"},"author":{"name":"Jeremy Soland","@id":"https:\/\/transportjournal.com\/de\/#\/schema\/person\/41d36b5474b623392fa613e97e2363fa"},"headline":"IAA TRANSPORTATION 2026 erweitert Testfahrten","datePublished":"2026-04-27T10:21:57+00:00","dateModified":"2026-04-27T10:38:23+00:00","mainEntityOfPage":{"@id":"https:\/\/transportjournal.com\/de\/2026\/04\/27\/iaa-transportation-2026-erweitert-testfahrten\/"},"wordCount":156,"commentCount":0,"publisher":{"@id":"https:\/\/transportjournal.com\/de\/#organization"},"image":{"@id":"https:\/\/transportjournal.com\/de\/2026\/04\/27\/iaa-transportation-2026-erweitert-testfahrten\/#primaryimage"},"thumbnailUrl":"https:\/\/transportjournal.com\/wp-content\/uploads\/sites\/2\/2026\/04\/AdobeStock_40613408-scaled-aspect-ratio-1400-788-scaled-1.jpeg","keywords":["commercial vehicle technology","concept de hall IAA","Deutsch IAA TRANSPORTATION 2026","Digitalisierung Transport","digitalization transport","durabilit\u00e9 des v\u00e9hicules utilitaires","essais de conduite foire","essais de v\u00e9hicules utilitaires","exp\u00e9riences des visiteurs foire","Fachbesuchende IAA","Fachkr\u00e4ftemangel Logistik","foire de Hanovre","hall concept IAA","Hallenkonzept IAA","Hannover fair","industrie du transport Allemagne","infrastructure logistique","Infrastruktur Logistik","logistics infrastructure","logistics service providers","Logistikdienstleister","MAN Truck &amp; Bus","Messe Hannover","Messebesucher Erfahrungen","Nachhaltigkeit Nutzfahrzeuge","num\u00e9risation du transport","Nutzfahrzeugtechnologie","p\u00e9nurie de main-d'\u0153uvre logistique","prestataires de services logistiques","Probefahrten Messe","programme d'essai de conduite","skilled labor shortage logistics","solutions de transport","solutions de transport IAA","sustainability commercial vehicles","technologie des v\u00e9hicules utilitaires","technologies de transport","test drive program","Test Drive-Programm","test drives commercial vehicles","test drives fair","Testfahrten Nutzfahrzeuge","trade visitors IAA","transport industry Germany","transportation solutions","transportation solutions IAA Fran\u00e7ais IAA TRANSPORTATION 2026","transportation technologies","Transportl\u00f6sungen IAA English IAA TRANSPORTATION 2026","Transportwirtschaft Deutschland","Verkehrsl\u00f6sungen","Verkehrstechnologien","visiteurs professionnels IAA","visitor experiences fair","Volvo Trucks"],"articleSection":["Deutschland","Europa","Intermodal \/ Stra\u00dfe"],"inLanguage":"de","potentialAction":[{"@type":"CommentAction","name":"Comment","target":["https:\/\/transportjournal.com\/de\/2026\/04\/27\/iaa-transportation-2026-erweitert-testfahrten\/#respond"]}]},{"@type":"WebPage","@id":"https:\/\/transportjournal.com\/de\/2026\/04\/27\/iaa-transportation-2026-erweitert-testfahrten\/","url":"https:\/\/transportjournal.com\/de\/2026\/04\/27\/iaa-transportation-2026-erweitert-testfahrten\/","name":"IAA TRANSPORTATION 2026 erweitert Testfahrten - ITJ | International Transport Journal","isPartOf":{"@id":"https:\/\/transportjournal.com\/de\/#website"},"primaryImageOfPage":{"@id":"https:\/\/transportjournal.com\/de\/2026\/04\/27\/iaa-transportation-2026-erweitert-testfahrten\/#primaryimage"},"image":{"@id":"https:\/\/transportjournal.com\/de\/2026\/04\/27\/iaa-transportation-2026-erweitert-testfahrten\/#primaryimage"},"thumbnailUrl":"https:\/\/transportjournal.com\/wp-content\/uploads\/sites\/2\/2026\/04\/AdobeStock_40613408-scaled-aspect-ratio-1400-788-scaled-1.jpeg","datePublished":"2026-04-27T10:21:57+00:00","dateModified":"2026-04-27T10:38:23+00:00","breadcrumb":{"@id":"https:\/\/transportjournal.com\/de\/2026\/04\/27\/iaa-transportation-2026-erweitert-testfahrten\/#breadcrumb"},"inLanguage":"de","potentialAction":[{"@type":"ReadAction","target":["https:\/\/transportjournal.com\/de\/2026\/04\/27\/iaa-transportation-2026-erweitert-testfahrten\/"]}]},{"@type":"ImageObject","inLanguage":"de","@id":"https:\/\/transportjournal.com\/de\/2026\/04\/27\/iaa-transportation-2026-erweitert-testfahrten\/#primaryimage","url":"https:\/\/transportjournal.com\/wp-content\/uploads\/sites\/2\/2026\/04\/AdobeStock_40613408-scaled-aspect-ratio-1400-788-scaled-1.jpeg","contentUrl":"https:\/\/transportjournal.com\/wp-content\/uploads\/sites\/2\/2026\/04\/AdobeStock_40613408-scaled-aspect-ratio-1400-788-scaled-1.jpeg","width":2560,"height":1441},{"@type":"BreadcrumbList","@id":"https:\/\/transportjournal.com\/de\/2026\/04\/27\/iaa-transportation-2026-erweitert-testfahrten\/#breadcrumb","itemListElement":[{"@type":"ListItem","position":1,"name":"Startseite","item":"https:\/\/transportjournal.com\/de\/"},{"@type":"ListItem","position":2,"name":"IAA TRANSPORTATION 2026 erweitert Testfahrten"}]},{"@type":"WebSite","@id":"https:\/\/transportjournal.com\/de\/#website","url":"https:\/\/transportjournal.com\/de\/","name":"ITJ | International Transport Journal","description":"Stay informed with the latest global news from the transport, logistics, and supply chain industries. Transport Journal delivers expert insights, analysis, and updates across shipping, aviation, intermodal, and forwarding.","publisher":{"@id":"https:\/\/transportjournal.com\/de\/#organization"},"potentialAction":[{"@type":"SearchAction","target":{"@type":"EntryPoint","urlTemplate":"https:\/\/transportjournal.com\/de\/?s={search_term_string}"},"query-input":{"@type":"PropertyValueSpecification","valueRequired":true,"valueName":"search_term_string"}}],"inLanguage":"de"},{"@type":"Organization","@id":"https:\/\/transportjournal.com\/de\/#organization","name":"Groupe Logismedia AG","alternateName":"Logismedia Group AG","url":"https:\/\/transportjournal.com\/de\/","logo":{"@type":"ImageObject","inLanguage":"de","@id":"https:\/\/transportjournal.com\/de\/#\/schema\/logo\/image\/","url":"https:\/\/transportjournal.com\/wp-content\/uploads\/sites\/2\/2025\/09\/Logo_ITJ.png","contentUrl":"https:\/\/transportjournal.com\/wp-content\/uploads\/sites\/2\/2025\/09\/Logo_ITJ.png","width":799,"height":326,"caption":"Groupe Logismedia AG"},"image":{"@id":"https:\/\/transportjournal.com\/de\/#\/schema\/logo\/image\/"},"sameAs":["https:\/\/www.linkedin.com\/company\/56456496\/admin\/dashboard\/","https:\/\/www.instagram.com\/logismediagroup\/","https:\/\/www.youtube.com\/@LogiamediaGroupAG"]},{"@type":"Person","@id":"https:\/\/transportjournal.com\/de\/#\/schema\/person\/41d36b5474b623392fa613e97e2363fa","name":"Jeremy Soland","url":"https:\/\/transportjournal.com\/de\/author\/jeremy\/"}]}},"_links":{"self":[{"href":"https:\/\/transportjournal.com\/de\/wp-json\/wp\/v2\/posts\/86779","targetHints":{"allow":["GET"]}}],"collection":[{"href":"https:\/\/transportjournal.com\/de\/wp-json\/wp\/v2\/posts"}],"about":[{"href":"https:\/\/transportjournal.com\/de\/wp-json\/wp\/v2\/types\/post"}],"author":[{"embeddable":true,"href":"https:\/\/transportjournal.com\/de\/wp-json\/wp\/v2\/users\/10"}],"replies":[{"embeddable":true,"href":"https:\/\/transportjournal.com\/de\/wp-json\/wp\/v2\/comments?post=86779"}],"version-history":[{"count":1,"href":"https:\/\/transportjournal.com\/de\/wp-json\/wp\/v2\/posts\/86779\/revisions"}],"predecessor-version":[{"id":86786,"href":"https:\/\/transportjournal.com\/de\/wp-json\/wp\/v2\/posts\/86779\/revisions\/86786"}],"wp:featuredmedia":[{"embeddable":true,"href":"https:\/\/transportjournal.com\/de\/wp-json\/wp\/v2\/media\/86778"}],"wp:attachment":[{"href":"https:\/\/transportjournal.com\/de\/wp-json\/wp\/v2\/media?parent=86779"}],"wp:term":[{"taxonomy":"category","embeddable":true,"href":"https:\/\/transportjournal.com\/de\/wp-json\/wp\/v2\/categories?post=86779"},{"taxonomy":"post_tag","embeddable":true,"href":"https:\/\/transportjournal.com\/de\/wp-json\/wp\/v2\/tags?post=86779"}],"curies":[{"name":"wp","href":"https:\/\/api.w.org\/{rel}","templated":true}]}}