{"id":86771,"date":"2026-04-27T09:18:29","date_gmt":"2026-04-27T09:18:29","guid":{"rendered":"https:\/\/transportjournal.com\/2026\/04\/27\/klimaanpassungen-staerken-hafen-strasbourg-und-oberrheinhaefen\/"},"modified":"2026-04-27T09:18:29","modified_gmt":"2026-04-27T09:18:29","slug":"klimaanpassungen-staerken-hafen-strasbourg-und-oberrheinhaefen","status":"publish","type":"post","link":"https:\/\/transportjournal.com\/de\/2026\/04\/27\/klimaanpassungen-staerken-hafen-strasbourg-und-oberrheinhaefen\/","title":{"rendered":"Klimaanpassungen st\u00e4rken Hafen Strasbourg und Oberrheinh\u00e4fen"},"content":{"rendered":"<p>Der Hafen Strasbourg und die Oberrheinh\u00e4fen haben im Rahmen der Projekte \u00abCrane\u00bb und \u00abClim\u2019Ability Care\u00bb konkrete Ans\u00e4tze zur Anpassung an den Klimawandel vorgestellt. Beim Abschlusskolloquium in Strasbourg (Frankreich) betonten Vertreter der H\u00e4fen, aus der Wissenschaft und auch der Politik die grosse Bedeutung gemeinsamer Massnahmen f\u00fcr eine widerstandsf\u00e4hige Binnenschifffahrt.<\/p>\n<p>Das \u00abProjekt Crane\u00bb analysierte \u00fcber drei Jahre klimabedingte Risiken wie Hitze, Niedrigwasser, Hochwasser und St\u00fcrme. Grundlage waren Daten zu vergangenen Ereignissen sowie Projektionen bis 2100. Dabei zeigte sich, dass insbesondere Hafenbahnen, Umschlagsfl\u00e4chen und Personal betroffen sind, w\u00e4hrend andere Infrastruktur robuster bleibt.<\/p>\n<p>Rund 500 Massnahmen wurden bewertet, darunter Notfallpl\u00e4ne, Investitionen in widerstandsf\u00e4hige Anlagen und der Ausbau von Schienenkapazit\u00e4ten. Ziel ist es, die Betriebsf\u00e4higkeit auch bei extremen Bedingungen zu sichern. Die Zusammenarbeit der H\u00e4fen entlang des Rheins wird damit weiter gest\u00e4rkt.<\/p>\n<p><a href=\"http:\/\/www.strasbourg.port.fr\" target=\"_blank\" rel=\"noopener noreferrer\">www.strasbourg.port.fr<\/a><\/p>\n","protected":false},"excerpt":{"rendered":"<p>Der Hafen Strasbourg und die Oberrheinh\u00e4fen haben innovative Ans\u00e4tze zur Anpassung an den Klimawandel vorgestellt, um die Binnenschifffahrt widerstandsf\u00e4higer zu gestalten.<\/p>\n","protected":false},"author":14,"featured_media":86756,"comment_status":"open","ping_status":"","sticky":false,"template":"","format":"standard","meta":{"_acf_changed":false,"footnotes":""},"categories":[1575,1568,1645],"tags":[42423,42424,42425,2842,42426,4155,42427,42428,4156,42429,42430,5008,2115,4521,42431,42432,42433,1889,42434,2909,42435,42436,42437,2125,3682,3683,2859,42438,42439,4171,5021,2862,42440,3157,42441,2925,4096,42442,2929,42443,42444,42445,42446,42447,42448,2391,2392,42449,42450,4099,5036,2155,1837,42451,42452],"class_list":["post-86771","post","type-post","status-publish","format-standard","has-post-thumbnail","hentry","category-europa","category-bahn-binnenschifffahrt-strasse","category-uncategorized","tag-adaptation-a-la-chaleur","tag-adaptation-au-climat","tag-adaptation-aux-inondations","tag-binnenschifffahrt","tag-capacite-ferroviaire","tag-changement-climatique","tag-climability-care","tag-climate-adaptation","tag-climate-change","tag-climate-related-risks","tag-deutsch-hafen-strasbourg","tag-developpement-portuaire-durable","tag-digitalisierung-in-der-logistik","tag-digitization-in-logistics","tag-emergency-plans","tag-europaeische-wasserwege-english-strasbourg-port","tag-european-waterways-francais-port-de-strasbourg","tag-fachkraeftemangel","tag-flood-adaptation","tag-hafenbetrieb","tag-heat-adaptation","tag-hitzeanpassung","tag-hochwasseranpassung","tag-industrie-du-transport","tag-infrastructure","tag-infrastruktur","tag-inland-shipping","tag-klimaanpassungen","tag-klimabedingte-risiken","tag-klimawandel","tag-nachhaltige-hafenentwicklung","tag-navigation-interieure","tag-notfallplaene","tag-numerisation-dans-la-logistique","tag-oberrheinhaefen","tag-operations-portuaires","tag-penurie-de-main-doeuvre-qualifiee","tag-plans-durgence","tag-port-operations","tag-ports-du-haut-rhin","tag-project-crane","tag-projekt-crane","tag-projet-crane","tag-rail-capacity","tag-resilience-dans-la-logistique","tag-resilience-in-logistics","tag-resilienz-in-der-logistik","tag-risques-lies-au-climat","tag-schienenkapazitaeten","tag-skilled-labor-shortage","tag-sustainable-port-development","tag-transport-industry","tag-transportwirtschaft","tag-upper-rhine-ports","tag-voies-navigables-europeennes"],"acf":[],"yoast_head":"<!-- This site is optimized with the Yoast SEO plugin v27.3 - https:\/\/yoast.com\/product\/yoast-seo-wordpress\/ -->\n<title>Klimaanpassungen st\u00e4rken Hafen Strasbourg und Oberrheinh\u00e4fen - ITJ | International Transport Journal<\/title>\n<meta name=\"robots\" content=\"index, follow, max-snippet:-1, max-image-preview:large, max-video-preview:-1\" \/>\n<link rel=\"canonical\" href=\"https:\/\/transportjournal.com\/de\/2026\/04\/27\/klimaanpassungen-staerken-hafen-strasbourg-und-oberrheinhaefen\/\" \/>\n<meta property=\"og:locale\" content=\"de_DE\" \/>\n<meta property=\"og:type\" content=\"article\" \/>\n<meta property=\"og:title\" content=\"Klimaanpassungen st\u00e4rken Hafen Strasbourg und Oberrheinh\u00e4fen - ITJ | International Transport Journal\" \/>\n<meta property=\"og:description\" content=\"Der Hafen Strasbourg und die Oberrheinh\u00e4fen haben innovative Ans\u00e4tze zur Anpassung an den Klimawandel vorgestellt, um die Binnenschifffahrt widerstandsf\u00e4higer zu gestalten.\" \/>\n<meta property=\"og:url\" content=\"https:\/\/transportjournal.com\/de\/2026\/04\/27\/klimaanpassungen-staerken-hafen-strasbourg-und-oberrheinhaefen\/\" \/>\n<meta property=\"og:site_name\" content=\"ITJ | International Transport Journal\" \/>\n<meta property=\"article:published_time\" content=\"2026-04-27T09:18:29+00:00\" \/>\n<meta property=\"og:image\" content=\"https:\/\/transportjournal.com\/wp-content\/uploads\/sites\/2\/2026\/04\/Leichter-auf-der-Rhone-in-Lyon-France-Foto-Adobe-Stock-Nic_AdobeStock_821258389-scaled-aspect-ratio-1400-788-scaled-1.jpeg\" \/>\n\t<meta property=\"og:image:width\" content=\"2560\" \/>\n\t<meta property=\"og:image:height\" content=\"1441\" \/>\n\t<meta property=\"og:image:type\" content=\"image\/jpeg\" \/>\n<meta name=\"author\" content=\"Gyan Sharan\" \/>\n<meta name=\"twitter:card\" content=\"summary_large_image\" \/>\n<meta name=\"twitter:label1\" content=\"Verfasst von\" \/>\n\t<meta name=\"twitter:data1\" content=\"Gyan Sharan\" \/>\n\t<meta name=\"twitter:label2\" content=\"Gesch\u00e4tzte Lesezeit\" \/>\n\t<meta name=\"twitter:data2\" content=\"1\u00a0Minute\" \/>\n<script type=\"application\/ld+json\" class=\"yoast-schema-graph\">{\"@context\":\"https:\\\/\\\/schema.org\",\"@graph\":[{\"@type\":\"Article\",\"@id\":\"https:\\\/\\\/transportjournal.com\\\/de\\\/2026\\\/04\\\/27\\\/klimaanpassungen-staerken-hafen-strasbourg-und-oberrheinhaefen\\\/#article\",\"isPartOf\":{\"@id\":\"https:\\\/\\\/transportjournal.com\\\/de\\\/2026\\\/04\\\/27\\\/klimaanpassungen-staerken-hafen-strasbourg-und-oberrheinhaefen\\\/\"},\"author\":{\"name\":\"Gyan Sharan\",\"@id\":\"https:\\\/\\\/transportjournal.com\\\/de\\\/#\\\/schema\\\/person\\\/13a9fc605c753db60ef7750a229cd042\"},\"headline\":\"Klimaanpassungen st\u00e4rken Hafen Strasbourg und Oberrheinh\u00e4fen\",\"datePublished\":\"2026-04-27T09:18:29+00:00\",\"mainEntityOfPage\":{\"@id\":\"https:\\\/\\\/transportjournal.com\\\/de\\\/2026\\\/04\\\/27\\\/klimaanpassungen-staerken-hafen-strasbourg-und-oberrheinhaefen\\\/\"},\"wordCount\":152,\"commentCount\":0,\"publisher\":{\"@id\":\"https:\\\/\\\/transportjournal.com\\\/de\\\/#organization\"},\"image\":{\"@id\":\"https:\\\/\\\/transportjournal.com\\\/de\\\/2026\\\/04\\\/27\\\/klimaanpassungen-staerken-hafen-strasbourg-und-oberrheinhaefen\\\/#primaryimage\"},\"thumbnailUrl\":\"https:\\\/\\\/transportjournal.com\\\/wp-content\\\/uploads\\\/sites\\\/2\\\/2026\\\/04\\\/Leichter-auf-der-Rhone-in-Lyon-France-Foto-Adobe-Stock-Nic_AdobeStock_821258389-scaled-aspect-ratio-1400-788-scaled-1.jpeg\",\"keywords\":[\"adaptation \u00e0 la chaleur\",\"adaptation au climat\",\"adaptation aux inondations\",\"Binnenschifffahrt\",\"capacit\u00e9 ferroviaire\",\"changement climatique\",\"Clim\u2019Ability Care\",\"climate adaptation\",\"climate change\",\"climate-related risks\",\"Deutsch Hafen Strasbourg\",\"d\u00e9veloppement portuaire durable\",\"Digitalisierung in der Logistik\",\"digitization in logistics\",\"emergency plans\",\"europ\u00e4ische Wasserwege English Strasbourg port\",\"European waterways Fran\u00e7ais Port de Strasbourg\",\"Fachkr\u00e4ftemangel\",\"flood adaptation\",\"Hafenbetrieb\",\"heat adaptation\",\"Hitzeanpassung\",\"Hochwasseranpassung\",\"industrie du transport\",\"infrastructure\",\"Infrastruktur\",\"inland shipping\",\"Klimaanpassungen\",\"klimabedingte Risiken\",\"Klimawandel\",\"nachhaltige Hafenentwicklung\",\"navigation int\u00e9rieure\",\"Notfallpl\u00e4ne\",\"num\u00e9risation dans la logistique\",\"Oberrheinh\u00e4fen\",\"op\u00e9rations portuaires\",\"p\u00e9nurie de main-d'\u0153uvre qualifi\u00e9e\",\"plans d'urgence\",\"port operations\",\"ports du Haut-Rhin\",\"Project Crane\",\"Projekt Crane\",\"projet Crane\",\"rail capacity\",\"r\u00e9silience dans la logistique\",\"resilience in logistics\",\"Resilienz in der Logistik\",\"risques li\u00e9s au climat\",\"Schienenkapazit\u00e4ten\",\"skilled labor shortage\",\"sustainable port development\",\"transport industry\",\"Transportwirtschaft\",\"Upper Rhine ports\",\"voies navigables europ\u00e9ennes\"],\"articleSection\":[\"Europa\",\"Intermodal \\\/ Stra\u00dfe\",\"Uncategorized\"],\"inLanguage\":\"de\",\"potentialAction\":[{\"@type\":\"CommentAction\",\"name\":\"Comment\",\"target\":[\"https:\\\/\\\/transportjournal.com\\\/de\\\/2026\\\/04\\\/27\\\/klimaanpassungen-staerken-hafen-strasbourg-und-oberrheinhaefen\\\/#respond\"]}]},{\"@type\":\"WebPage\",\"@id\":\"https:\\\/\\\/transportjournal.com\\\/de\\\/2026\\\/04\\\/27\\\/klimaanpassungen-staerken-hafen-strasbourg-und-oberrheinhaefen\\\/\",\"url\":\"https:\\\/\\\/transportjournal.com\\\/de\\\/2026\\\/04\\\/27\\\/klimaanpassungen-staerken-hafen-strasbourg-und-oberrheinhaefen\\\/\",\"name\":\"Klimaanpassungen st\u00e4rken Hafen Strasbourg und Oberrheinh\u00e4fen - ITJ | International Transport Journal\",\"isPartOf\":{\"@id\":\"https:\\\/\\\/transportjournal.com\\\/de\\\/#website\"},\"primaryImageOfPage\":{\"@id\":\"https:\\\/\\\/transportjournal.com\\\/de\\\/2026\\\/04\\\/27\\\/klimaanpassungen-staerken-hafen-strasbourg-und-oberrheinhaefen\\\/#primaryimage\"},\"image\":{\"@id\":\"https:\\\/\\\/transportjournal.com\\\/de\\\/2026\\\/04\\\/27\\\/klimaanpassungen-staerken-hafen-strasbourg-und-oberrheinhaefen\\\/#primaryimage\"},\"thumbnailUrl\":\"https:\\\/\\\/transportjournal.com\\\/wp-content\\\/uploads\\\/sites\\\/2\\\/2026\\\/04\\\/Leichter-auf-der-Rhone-in-Lyon-France-Foto-Adobe-Stock-Nic_AdobeStock_821258389-scaled-aspect-ratio-1400-788-scaled-1.jpeg\",\"datePublished\":\"2026-04-27T09:18:29+00:00\",\"breadcrumb\":{\"@id\":\"https:\\\/\\\/transportjournal.com\\\/de\\\/2026\\\/04\\\/27\\\/klimaanpassungen-staerken-hafen-strasbourg-und-oberrheinhaefen\\\/#breadcrumb\"},\"inLanguage\":\"de\",\"potentialAction\":[{\"@type\":\"ReadAction\",\"target\":[\"https:\\\/\\\/transportjournal.com\\\/de\\\/2026\\\/04\\\/27\\\/klimaanpassungen-staerken-hafen-strasbourg-und-oberrheinhaefen\\\/\"]}]},{\"@type\":\"ImageObject\",\"inLanguage\":\"de\",\"@id\":\"https:\\\/\\\/transportjournal.com\\\/de\\\/2026\\\/04\\\/27\\\/klimaanpassungen-staerken-hafen-strasbourg-und-oberrheinhaefen\\\/#primaryimage\",\"url\":\"https:\\\/\\\/transportjournal.com\\\/wp-content\\\/uploads\\\/sites\\\/2\\\/2026\\\/04\\\/Leichter-auf-der-Rhone-in-Lyon-France-Foto-Adobe-Stock-Nic_AdobeStock_821258389-scaled-aspect-ratio-1400-788-scaled-1.jpeg\",\"contentUrl\":\"https:\\\/\\\/transportjournal.com\\\/wp-content\\\/uploads\\\/sites\\\/2\\\/2026\\\/04\\\/Leichter-auf-der-Rhone-in-Lyon-France-Foto-Adobe-Stock-Nic_AdobeStock_821258389-scaled-aspect-ratio-1400-788-scaled-1.jpeg\",\"width\":2560,\"height\":1441},{\"@type\":\"BreadcrumbList\",\"@id\":\"https:\\\/\\\/transportjournal.com\\\/de\\\/2026\\\/04\\\/27\\\/klimaanpassungen-staerken-hafen-strasbourg-und-oberrheinhaefen\\\/#breadcrumb\",\"itemListElement\":[{\"@type\":\"ListItem\",\"position\":1,\"name\":\"Startseite\",\"item\":\"https:\\\/\\\/transportjournal.com\\\/de\\\/\"},{\"@type\":\"ListItem\",\"position\":2,\"name\":\"Klimaanpassungen st\u00e4rken Hafen Strasbourg und Oberrheinh\u00e4fen\"}]},{\"@type\":\"WebSite\",\"@id\":\"https:\\\/\\\/transportjournal.com\\\/de\\\/#website\",\"url\":\"https:\\\/\\\/transportjournal.com\\\/de\\\/\",\"name\":\"ITJ | International Transport Journal\",\"description\":\"Stay informed with the latest global news from the transport, logistics, and supply chain industries. Transport Journal delivers expert insights, analysis, and updates across shipping, aviation, intermodal, and forwarding.\",\"publisher\":{\"@id\":\"https:\\\/\\\/transportjournal.com\\\/de\\\/#organization\"},\"potentialAction\":[{\"@type\":\"SearchAction\",\"target\":{\"@type\":\"EntryPoint\",\"urlTemplate\":\"https:\\\/\\\/transportjournal.com\\\/de\\\/?s={search_term_string}\"},\"query-input\":{\"@type\":\"PropertyValueSpecification\",\"valueRequired\":true,\"valueName\":\"search_term_string\"}}],\"inLanguage\":\"de\"},{\"@type\":\"Organization\",\"@id\":\"https:\\\/\\\/transportjournal.com\\\/de\\\/#organization\",\"name\":\"Groupe Logismedia AG\",\"alternateName\":\"Logismedia Group AG\",\"url\":\"https:\\\/\\\/transportjournal.com\\\/de\\\/\",\"logo\":{\"@type\":\"ImageObject\",\"inLanguage\":\"de\",\"@id\":\"https:\\\/\\\/transportjournal.com\\\/de\\\/#\\\/schema\\\/logo\\\/image\\\/\",\"url\":\"https:\\\/\\\/transportjournal.com\\\/wp-content\\\/uploads\\\/sites\\\/2\\\/2025\\\/09\\\/Logo_ITJ.png\",\"contentUrl\":\"https:\\\/\\\/transportjournal.com\\\/wp-content\\\/uploads\\\/sites\\\/2\\\/2025\\\/09\\\/Logo_ITJ.png\",\"width\":799,\"height\":326,\"caption\":\"Groupe Logismedia AG\"},\"image\":{\"@id\":\"https:\\\/\\\/transportjournal.com\\\/de\\\/#\\\/schema\\\/logo\\\/image\\\/\"},\"sameAs\":[\"https:\\\/\\\/www.linkedin.com\\\/company\\\/56456496\\\/admin\\\/dashboard\\\/\",\"https:\\\/\\\/www.instagram.com\\\/logismediagroup\\\/\",\"https:\\\/\\\/www.youtube.com\\\/@LogiamediaGroupAG\"]},{\"@type\":\"Person\",\"@id\":\"https:\\\/\\\/transportjournal.com\\\/de\\\/#\\\/schema\\\/person\\\/13a9fc605c753db60ef7750a229cd042\",\"name\":\"Gyan Sharan\",\"url\":\"https:\\\/\\\/transportjournal.com\\\/de\\\/author\\\/gyan\\\/\"}]}<\/script>\n<!-- \/ Yoast SEO plugin. -->","yoast_head_json":{"title":"Klimaanpassungen st\u00e4rken Hafen Strasbourg und Oberrheinh\u00e4fen - ITJ | International Transport Journal","robots":{"index":"index","follow":"follow","max-snippet":"max-snippet:-1","max-image-preview":"max-image-preview:large","max-video-preview":"max-video-preview:-1"},"canonical":"https:\/\/transportjournal.com\/de\/2026\/04\/27\/klimaanpassungen-staerken-hafen-strasbourg-und-oberrheinhaefen\/","og_locale":"de_DE","og_type":"article","og_title":"Klimaanpassungen st\u00e4rken Hafen Strasbourg und Oberrheinh\u00e4fen - ITJ | International Transport Journal","og_description":"Der Hafen Strasbourg und die Oberrheinh\u00e4fen haben innovative Ans\u00e4tze zur Anpassung an den Klimawandel vorgestellt, um die Binnenschifffahrt widerstandsf\u00e4higer zu gestalten.","og_url":"https:\/\/transportjournal.com\/de\/2026\/04\/27\/klimaanpassungen-staerken-hafen-strasbourg-und-oberrheinhaefen\/","og_site_name":"ITJ | International Transport Journal","article_published_time":"2026-04-27T09:18:29+00:00","og_image":[{"width":2560,"height":1441,"url":"https:\/\/transportjournal.com\/wp-content\/uploads\/sites\/2\/2026\/04\/Leichter-auf-der-Rhone-in-Lyon-France-Foto-Adobe-Stock-Nic_AdobeStock_821258389-scaled-aspect-ratio-1400-788-scaled-1.jpeg","type":"image\/jpeg"}],"author":"Gyan Sharan","twitter_card":"summary_large_image","twitter_misc":{"Verfasst von":"Gyan Sharan","Gesch\u00e4tzte Lesezeit":"1\u00a0Minute"},"schema":{"@context":"https:\/\/schema.org","@graph":[{"@type":"Article","@id":"https:\/\/transportjournal.com\/de\/2026\/04\/27\/klimaanpassungen-staerken-hafen-strasbourg-und-oberrheinhaefen\/#article","isPartOf":{"@id":"https:\/\/transportjournal.com\/de\/2026\/04\/27\/klimaanpassungen-staerken-hafen-strasbourg-und-oberrheinhaefen\/"},"author":{"name":"Gyan Sharan","@id":"https:\/\/transportjournal.com\/de\/#\/schema\/person\/13a9fc605c753db60ef7750a229cd042"},"headline":"Klimaanpassungen st\u00e4rken Hafen Strasbourg und Oberrheinh\u00e4fen","datePublished":"2026-04-27T09:18:29+00:00","mainEntityOfPage":{"@id":"https:\/\/transportjournal.com\/de\/2026\/04\/27\/klimaanpassungen-staerken-hafen-strasbourg-und-oberrheinhaefen\/"},"wordCount":152,"commentCount":0,"publisher":{"@id":"https:\/\/transportjournal.com\/de\/#organization"},"image":{"@id":"https:\/\/transportjournal.com\/de\/2026\/04\/27\/klimaanpassungen-staerken-hafen-strasbourg-und-oberrheinhaefen\/#primaryimage"},"thumbnailUrl":"https:\/\/transportjournal.com\/wp-content\/uploads\/sites\/2\/2026\/04\/Leichter-auf-der-Rhone-in-Lyon-France-Foto-Adobe-Stock-Nic_AdobeStock_821258389-scaled-aspect-ratio-1400-788-scaled-1.jpeg","keywords":["adaptation \u00e0 la chaleur","adaptation au climat","adaptation aux inondations","Binnenschifffahrt","capacit\u00e9 ferroviaire","changement climatique","Clim\u2019Ability Care","climate adaptation","climate change","climate-related risks","Deutsch Hafen Strasbourg","d\u00e9veloppement portuaire durable","Digitalisierung in der Logistik","digitization in logistics","emergency plans","europ\u00e4ische Wasserwege English Strasbourg port","European waterways Fran\u00e7ais Port de Strasbourg","Fachkr\u00e4ftemangel","flood adaptation","Hafenbetrieb","heat adaptation","Hitzeanpassung","Hochwasseranpassung","industrie du transport","infrastructure","Infrastruktur","inland shipping","Klimaanpassungen","klimabedingte Risiken","Klimawandel","nachhaltige Hafenentwicklung","navigation int\u00e9rieure","Notfallpl\u00e4ne","num\u00e9risation dans la logistique","Oberrheinh\u00e4fen","op\u00e9rations portuaires","p\u00e9nurie de main-d'\u0153uvre qualifi\u00e9e","plans d'urgence","port operations","ports du Haut-Rhin","Project Crane","Projekt Crane","projet Crane","rail capacity","r\u00e9silience dans la logistique","resilience in logistics","Resilienz in der Logistik","risques li\u00e9s au climat","Schienenkapazit\u00e4ten","skilled labor shortage","sustainable port development","transport industry","Transportwirtschaft","Upper Rhine ports","voies navigables europ\u00e9ennes"],"articleSection":["Europa","Intermodal \/ Stra\u00dfe","Uncategorized"],"inLanguage":"de","potentialAction":[{"@type":"CommentAction","name":"Comment","target":["https:\/\/transportjournal.com\/de\/2026\/04\/27\/klimaanpassungen-staerken-hafen-strasbourg-und-oberrheinhaefen\/#respond"]}]},{"@type":"WebPage","@id":"https:\/\/transportjournal.com\/de\/2026\/04\/27\/klimaanpassungen-staerken-hafen-strasbourg-und-oberrheinhaefen\/","url":"https:\/\/transportjournal.com\/de\/2026\/04\/27\/klimaanpassungen-staerken-hafen-strasbourg-und-oberrheinhaefen\/","name":"Klimaanpassungen st\u00e4rken Hafen Strasbourg und Oberrheinh\u00e4fen - ITJ | International Transport Journal","isPartOf":{"@id":"https:\/\/transportjournal.com\/de\/#website"},"primaryImageOfPage":{"@id":"https:\/\/transportjournal.com\/de\/2026\/04\/27\/klimaanpassungen-staerken-hafen-strasbourg-und-oberrheinhaefen\/#primaryimage"},"image":{"@id":"https:\/\/transportjournal.com\/de\/2026\/04\/27\/klimaanpassungen-staerken-hafen-strasbourg-und-oberrheinhaefen\/#primaryimage"},"thumbnailUrl":"https:\/\/transportjournal.com\/wp-content\/uploads\/sites\/2\/2026\/04\/Leichter-auf-der-Rhone-in-Lyon-France-Foto-Adobe-Stock-Nic_AdobeStock_821258389-scaled-aspect-ratio-1400-788-scaled-1.jpeg","datePublished":"2026-04-27T09:18:29+00:00","breadcrumb":{"@id":"https:\/\/transportjournal.com\/de\/2026\/04\/27\/klimaanpassungen-staerken-hafen-strasbourg-und-oberrheinhaefen\/#breadcrumb"},"inLanguage":"de","potentialAction":[{"@type":"ReadAction","target":["https:\/\/transportjournal.com\/de\/2026\/04\/27\/klimaanpassungen-staerken-hafen-strasbourg-und-oberrheinhaefen\/"]}]},{"@type":"ImageObject","inLanguage":"de","@id":"https:\/\/transportjournal.com\/de\/2026\/04\/27\/klimaanpassungen-staerken-hafen-strasbourg-und-oberrheinhaefen\/#primaryimage","url":"https:\/\/transportjournal.com\/wp-content\/uploads\/sites\/2\/2026\/04\/Leichter-auf-der-Rhone-in-Lyon-France-Foto-Adobe-Stock-Nic_AdobeStock_821258389-scaled-aspect-ratio-1400-788-scaled-1.jpeg","contentUrl":"https:\/\/transportjournal.com\/wp-content\/uploads\/sites\/2\/2026\/04\/Leichter-auf-der-Rhone-in-Lyon-France-Foto-Adobe-Stock-Nic_AdobeStock_821258389-scaled-aspect-ratio-1400-788-scaled-1.jpeg","width":2560,"height":1441},{"@type":"BreadcrumbList","@id":"https:\/\/transportjournal.com\/de\/2026\/04\/27\/klimaanpassungen-staerken-hafen-strasbourg-und-oberrheinhaefen\/#breadcrumb","itemListElement":[{"@type":"ListItem","position":1,"name":"Startseite","item":"https:\/\/transportjournal.com\/de\/"},{"@type":"ListItem","position":2,"name":"Klimaanpassungen st\u00e4rken Hafen Strasbourg und Oberrheinh\u00e4fen"}]},{"@type":"WebSite","@id":"https:\/\/transportjournal.com\/de\/#website","url":"https:\/\/transportjournal.com\/de\/","name":"ITJ | International Transport Journal","description":"Stay informed with the latest global news from the transport, logistics, and supply chain industries. Transport Journal delivers expert insights, analysis, and updates across shipping, aviation, intermodal, and forwarding.","publisher":{"@id":"https:\/\/transportjournal.com\/de\/#organization"},"potentialAction":[{"@type":"SearchAction","target":{"@type":"EntryPoint","urlTemplate":"https:\/\/transportjournal.com\/de\/?s={search_term_string}"},"query-input":{"@type":"PropertyValueSpecification","valueRequired":true,"valueName":"search_term_string"}}],"inLanguage":"de"},{"@type":"Organization","@id":"https:\/\/transportjournal.com\/de\/#organization","name":"Groupe Logismedia AG","alternateName":"Logismedia Group AG","url":"https:\/\/transportjournal.com\/de\/","logo":{"@type":"ImageObject","inLanguage":"de","@id":"https:\/\/transportjournal.com\/de\/#\/schema\/logo\/image\/","url":"https:\/\/transportjournal.com\/wp-content\/uploads\/sites\/2\/2025\/09\/Logo_ITJ.png","contentUrl":"https:\/\/transportjournal.com\/wp-content\/uploads\/sites\/2\/2025\/09\/Logo_ITJ.png","width":799,"height":326,"caption":"Groupe Logismedia AG"},"image":{"@id":"https:\/\/transportjournal.com\/de\/#\/schema\/logo\/image\/"},"sameAs":["https:\/\/www.linkedin.com\/company\/56456496\/admin\/dashboard\/","https:\/\/www.instagram.com\/logismediagroup\/","https:\/\/www.youtube.com\/@LogiamediaGroupAG"]},{"@type":"Person","@id":"https:\/\/transportjournal.com\/de\/#\/schema\/person\/13a9fc605c753db60ef7750a229cd042","name":"Gyan Sharan","url":"https:\/\/transportjournal.com\/de\/author\/gyan\/"}]}},"_links":{"self":[{"href":"https:\/\/transportjournal.com\/de\/wp-json\/wp\/v2\/posts\/86771","targetHints":{"allow":["GET"]}}],"collection":[{"href":"https:\/\/transportjournal.com\/de\/wp-json\/wp\/v2\/posts"}],"about":[{"href":"https:\/\/transportjournal.com\/de\/wp-json\/wp\/v2\/types\/post"}],"author":[{"embeddable":true,"href":"https:\/\/transportjournal.com\/de\/wp-json\/wp\/v2\/users\/14"}],"replies":[{"embeddable":true,"href":"https:\/\/transportjournal.com\/de\/wp-json\/wp\/v2\/comments?post=86771"}],"version-history":[{"count":0,"href":"https:\/\/transportjournal.com\/de\/wp-json\/wp\/v2\/posts\/86771\/revisions"}],"wp:featuredmedia":[{"embeddable":true,"href":"https:\/\/transportjournal.com\/de\/wp-json\/wp\/v2\/media\/86756"}],"wp:attachment":[{"href":"https:\/\/transportjournal.com\/de\/wp-json\/wp\/v2\/media?parent=86771"}],"wp:term":[{"taxonomy":"category","embeddable":true,"href":"https:\/\/transportjournal.com\/de\/wp-json\/wp\/v2\/categories?post=86771"},{"taxonomy":"post_tag","embeddable":true,"href":"https:\/\/transportjournal.com\/de\/wp-json\/wp\/v2\/tags?post=86771"}],"curies":[{"name":"wp","href":"https:\/\/api.w.org\/{rel}","templated":true}]}}