{"id":86713,"date":"2026-04-27T08:43:35","date_gmt":"2026-04-27T08:43:35","guid":{"rendered":"https:\/\/transportjournal.com\/2026\/04\/27\/lagermax-gruppe-erzielt-stabilen-umsatz\/"},"modified":"2026-04-27T10:56:07","modified_gmt":"2026-04-27T08:56:07","slug":"lagermax-gruppe-erzielt-stabilen-umsatz","status":"publish","type":"post","link":"https:\/\/transportjournal.com\/de\/2026\/04\/27\/lagermax-gruppe-erzielt-stabilen-umsatz\/","title":{"rendered":"Lagermax Gruppe erzielt stabilen Umsatz"},"content":{"rendered":"<p>Die Lagermax Gruppe hat im Gesch\u00e4ftsjahr 2025 einen Umsatz von 760 Millionen Euro erzielt, was im Vergleich zum Vorjahr einem stabilen Ergebnis entspricht, wie das Unternehmen mitteilt. Die Vorst\u00e4nde Alexander Friesz und Thomas Baumgartner bewerten die Entwicklung als zufriedenstellend, insbesondere angesichts der globalen Herausforderungen und der anhaltenden Volatilit\u00e4t auf den M\u00e4rkten.<\/p>\n<p>Im abgelaufenen Gesch\u00e4ftsjahr investierte die Lagermax Gruppe insgesamt 75 Millionen Euro, was eine Steigerung von \u00fcber 65 Prozent im Vergleich zum Vorjahr darstellt, als 49 Millionen Euro in Projekte flossen. Friesz und Baumgartner betonen, dass die Gruppe ihren eingeschlagenen Kurs fortsetzen wird. Die zahl der Besch\u00e4ftigten blieb mit 4.050 konstant. &#8222;Das Gesamtergebnis unterstreicht, trotz leichtem R\u00fcckgang, die Stabilit\u00e4t unserer breit aufgestellten, diversifizierten Gesch\u00e4ftsbereiche und das Engagement aller Besch\u00e4ftigten&#8220;, so Friesz und Baumgartner.<\/p>\n<p><a href=\"https:\/\/www.lagermax.com\/en\" target=\"_blank\" rel=\"noopener noreferrer\">www.lagermax.com<\/a><\/p>\n","protected":false},"excerpt":{"rendered":"<p>Die Lagermax Gruppe erzielte 2025 einen stabilen Umsatz von 760 Millionen Euro und investierte 75 Millionen Euro.<\/p>\n","protected":false},"author":10,"featured_media":86712,"comment_status":"open","ping_status":"","sticky":false,"template":"","format":"standard","meta":{"_acf_changed":false,"footnotes":""},"categories":[9092,1575,1569],"tags":[25188,42331,42332,42333,42334,42335,2115,2116,42336,42337,42338,26333,42339,42340,7712,2123,42341,42342,18030,4166,4167,15853,42343,15854,15855,42344,42345,42346,2469,42347,1831,42348,42349,2622,8404,8405,1800,3157,7734,2481,4178,42350,42351,7740,42352,26349,42353,2106,2641,42354,18059,14426,42355,42356,42357,8423,26356],"class_list":["post-86713","post","type-post","status-publish","format-standard","has-post-thumbnail","hentry","category-deutschland","category-europa","category-logistik-spedition","tag-analyse-du-marche-logistique","tag-beschaeftigtenzahl-lagermax","tag-chiffre-daffaires-2025","tag-croissance-du-chiffre-daffaires-logistique","tag-deutsch-lagermax-gruppe","tag-developpement-commercial-stable","tag-digitalisierung-in-der-logistik","tag-digitalization-in-logistics","tag-diversification-en-logistique","tag-diversification-in-logistics","tag-diversifizierung-in-der-logistik","tag-economic-stability","tag-effectif-lagermax","tag-employee-count-lagermax","tag-fachkraeftemangel-in-der-branche","tag-gestion-de-la-chaine-dapprovisionnement","tag-global-turbulence","tag-globale-turbulenzen","tag-industrie-du-transport-autriche","tag-infrastructure-projects","tag-infrastrukturprojekte","tag-investissements-dans-la-logistique","tag-investissements-lagermax","tag-investitionen-in-logistik","tag-investments-in-logistics","tag-lagermax-investitionen","tag-lagermax-investments","tag-logistics-market-analysis-francais-groupe-lagermax","tag-logistics-service-provider","tag-logistics-trends-2025","tag-logistikdienstleister","tag-logistikmarktanalyse-english-lagermax-group","tag-logistiktrends-2025","tag-logistique-durable","tag-market-volatility","tag-marktvolatilitaet","tag-nachhaltige-logistik","tag-numerisation-dans-la-logistique","tag-penurie-de-competences-dans-le-secteur","tag-prestataire-logistique","tag-projets-dinfrastructure","tag-revenue-2025","tag-revenue-growth-logistics","tag-skills-shortage-in-the-industry","tag-stabile-geschaeftsentwicklung","tag-stabilite-economique","tag-stable-business-development","tag-supply-chain-management","tag-sustainable-logistics","tag-tendances-logistiques-2025","tag-transport-industry-austria","tag-transportwirtschaft-oesterreich","tag-turbulences-mondiales","tag-umsatz-2025","tag-umsatzsteigerung-logistik","tag-volatilite-du-marche","tag-wirtschaftliche-stabilitaet"],"acf":[],"yoast_head":"<!-- This site is optimized with the Yoast SEO plugin v27.3 - https:\/\/yoast.com\/product\/yoast-seo-wordpress\/ -->\n<title>Lagermax Gruppe erzielt stabilen Umsatz - ITJ | International Transport Journal<\/title>\n<meta name=\"robots\" content=\"index, follow, max-snippet:-1, max-image-preview:large, max-video-preview:-1\" \/>\n<link rel=\"canonical\" href=\"https:\/\/transportjournal.com\/de\/2026\/04\/27\/lagermax-gruppe-erzielt-stabilen-umsatz\/\" \/>\n<meta property=\"og:locale\" content=\"de_DE\" \/>\n<meta property=\"og:type\" content=\"article\" \/>\n<meta property=\"og:title\" content=\"Lagermax Gruppe erzielt stabilen Umsatz - ITJ | International Transport Journal\" \/>\n<meta property=\"og:description\" content=\"Die Lagermax Gruppe erzielte 2025 einen stabilen Umsatz von 760 Millionen Euro und investierte 75 Millionen Euro.\" \/>\n<meta property=\"og:url\" content=\"https:\/\/transportjournal.com\/de\/2026\/04\/27\/lagermax-gruppe-erzielt-stabilen-umsatz\/\" \/>\n<meta property=\"og:site_name\" content=\"ITJ | International Transport Journal\" \/>\n<meta property=\"article:published_time\" content=\"2026-04-27T08:43:35+00:00\" \/>\n<meta property=\"article:modified_time\" content=\"2026-04-27T08:56:07+00:00\" \/>\n<meta property=\"og:image\" content=\"https:\/\/transportjournal.com\/wp-content\/uploads\/sites\/2\/2026\/04\/Image-Photovoltaic-plant-SUNPARK_Strasswalchen-scaled-aspect-ratio-1400-788-scaled-1.jpg\" \/>\n\t<meta property=\"og:image:width\" content=\"2560\" \/>\n\t<meta property=\"og:image:height\" content=\"1441\" \/>\n\t<meta property=\"og:image:type\" content=\"image\/jpeg\" \/>\n<meta name=\"author\" content=\"Jeremy Soland\" \/>\n<meta name=\"twitter:card\" content=\"summary_large_image\" \/>\n<meta name=\"twitter:label1\" content=\"Verfasst von\" \/>\n\t<meta name=\"twitter:data1\" content=\"Jeremy Soland\" \/>\n\t<meta name=\"twitter:label2\" content=\"Gesch\u00e4tzte Lesezeit\" \/>\n\t<meta name=\"twitter:data2\" content=\"1\u00a0Minute\" \/>\n<script type=\"application\/ld+json\" class=\"yoast-schema-graph\">{\"@context\":\"https:\\\/\\\/schema.org\",\"@graph\":[{\"@type\":\"Article\",\"@id\":\"https:\\\/\\\/transportjournal.com\\\/de\\\/2026\\\/04\\\/27\\\/lagermax-gruppe-erzielt-stabilen-umsatz\\\/#article\",\"isPartOf\":{\"@id\":\"https:\\\/\\\/transportjournal.com\\\/de\\\/2026\\\/04\\\/27\\\/lagermax-gruppe-erzielt-stabilen-umsatz\\\/\"},\"author\":{\"name\":\"Jeremy Soland\",\"@id\":\"https:\\\/\\\/transportjournal.com\\\/de\\\/#\\\/schema\\\/person\\\/41d36b5474b623392fa613e97e2363fa\"},\"headline\":\"Lagermax Gruppe erzielt stabilen Umsatz\",\"datePublished\":\"2026-04-27T08:43:35+00:00\",\"dateModified\":\"2026-04-27T08:56:07+00:00\",\"mainEntityOfPage\":{\"@id\":\"https:\\\/\\\/transportjournal.com\\\/de\\\/2026\\\/04\\\/27\\\/lagermax-gruppe-erzielt-stabilen-umsatz\\\/\"},\"wordCount\":135,\"commentCount\":0,\"publisher\":{\"@id\":\"https:\\\/\\\/transportjournal.com\\\/de\\\/#organization\"},\"image\":{\"@id\":\"https:\\\/\\\/transportjournal.com\\\/de\\\/2026\\\/04\\\/27\\\/lagermax-gruppe-erzielt-stabilen-umsatz\\\/#primaryimage\"},\"thumbnailUrl\":\"https:\\\/\\\/transportjournal.com\\\/wp-content\\\/uploads\\\/sites\\\/2\\\/2026\\\/04\\\/Image-Photovoltaic-plant-SUNPARK_Strasswalchen-scaled-aspect-ratio-1400-788-scaled-1.jpg\",\"keywords\":[\"analyse du march\u00e9 logistique\",\"Besch\u00e4ftigtenzahl Lagermax\",\"chiffre d'affaires 2025\",\"croissance du chiffre d'affaires logistique\",\"Deutsch Lagermax Gruppe\",\"d\u00e9veloppement commercial stable\",\"Digitalisierung in der Logistik\",\"digitalization in logistics\",\"diversification en logistique\",\"diversification in logistics\",\"Diversifizierung in der Logistik\",\"economic stability\",\"effectif Lagermax\",\"employee count Lagermax\",\"Fachkr\u00e4ftemangel in der Branche\",\"gestion de la cha\u00eene d'approvisionnement\",\"global turbulence\",\"globale Turbulenzen\",\"industrie du transport Autriche\",\"infrastructure projects\",\"Infrastrukturprojekte\",\"investissements dans la logistique\",\"investissements Lagermax\",\"Investitionen in Logistik\",\"investments in logistics\",\"Lagermax Investitionen\",\"Lagermax investments\",\"logistics market analysis Fran\u00e7ais Groupe Lagermax\",\"logistics service provider\",\"logistics trends 2025\",\"Logistikdienstleister\",\"Logistikmarktanalyse English Lagermax Group\",\"Logistiktrends 2025\",\"logistique durable\",\"market volatility\",\"Marktvolatilit\u00e4t\",\"nachhaltige Logistik\",\"num\u00e9risation dans la logistique\",\"p\u00e9nurie de comp\u00e9tences dans le secteur\",\"prestataire logistique\",\"projets d'infrastructure\",\"revenue 2025\",\"revenue growth logistics\",\"skills shortage in the industry\",\"stabile Gesch\u00e4ftsentwicklung\",\"stabilit\u00e9 \u00e9conomique\",\"stable business development\",\"Supply Chain Management\",\"sustainable logistics\",\"tendances logistiques 2025\",\"transport industry Austria\",\"Transportwirtschaft \u00d6sterreich\",\"turbulences mondiales\",\"Umsatz 2025\",\"Umsatzsteigerung Logistik\",\"volatilit\u00e9 du march\u00e9\",\"wirtschaftliche Stabilit\u00e4t\"],\"articleSection\":[\"Deutschland\",\"Europa\",\"Spedition &amp; Logistik\"],\"inLanguage\":\"de\",\"potentialAction\":[{\"@type\":\"CommentAction\",\"name\":\"Comment\",\"target\":[\"https:\\\/\\\/transportjournal.com\\\/de\\\/2026\\\/04\\\/27\\\/lagermax-gruppe-erzielt-stabilen-umsatz\\\/#respond\"]}]},{\"@type\":\"WebPage\",\"@id\":\"https:\\\/\\\/transportjournal.com\\\/de\\\/2026\\\/04\\\/27\\\/lagermax-gruppe-erzielt-stabilen-umsatz\\\/\",\"url\":\"https:\\\/\\\/transportjournal.com\\\/de\\\/2026\\\/04\\\/27\\\/lagermax-gruppe-erzielt-stabilen-umsatz\\\/\",\"name\":\"Lagermax Gruppe erzielt stabilen Umsatz - ITJ | International Transport Journal\",\"isPartOf\":{\"@id\":\"https:\\\/\\\/transportjournal.com\\\/de\\\/#website\"},\"primaryImageOfPage\":{\"@id\":\"https:\\\/\\\/transportjournal.com\\\/de\\\/2026\\\/04\\\/27\\\/lagermax-gruppe-erzielt-stabilen-umsatz\\\/#primaryimage\"},\"image\":{\"@id\":\"https:\\\/\\\/transportjournal.com\\\/de\\\/2026\\\/04\\\/27\\\/lagermax-gruppe-erzielt-stabilen-umsatz\\\/#primaryimage\"},\"thumbnailUrl\":\"https:\\\/\\\/transportjournal.com\\\/wp-content\\\/uploads\\\/sites\\\/2\\\/2026\\\/04\\\/Image-Photovoltaic-plant-SUNPARK_Strasswalchen-scaled-aspect-ratio-1400-788-scaled-1.jpg\",\"datePublished\":\"2026-04-27T08:43:35+00:00\",\"dateModified\":\"2026-04-27T08:56:07+00:00\",\"breadcrumb\":{\"@id\":\"https:\\\/\\\/transportjournal.com\\\/de\\\/2026\\\/04\\\/27\\\/lagermax-gruppe-erzielt-stabilen-umsatz\\\/#breadcrumb\"},\"inLanguage\":\"de\",\"potentialAction\":[{\"@type\":\"ReadAction\",\"target\":[\"https:\\\/\\\/transportjournal.com\\\/de\\\/2026\\\/04\\\/27\\\/lagermax-gruppe-erzielt-stabilen-umsatz\\\/\"]}]},{\"@type\":\"ImageObject\",\"inLanguage\":\"de\",\"@id\":\"https:\\\/\\\/transportjournal.com\\\/de\\\/2026\\\/04\\\/27\\\/lagermax-gruppe-erzielt-stabilen-umsatz\\\/#primaryimage\",\"url\":\"https:\\\/\\\/transportjournal.com\\\/wp-content\\\/uploads\\\/sites\\\/2\\\/2026\\\/04\\\/Image-Photovoltaic-plant-SUNPARK_Strasswalchen-scaled-aspect-ratio-1400-788-scaled-1.jpg\",\"contentUrl\":\"https:\\\/\\\/transportjournal.com\\\/wp-content\\\/uploads\\\/sites\\\/2\\\/2026\\\/04\\\/Image-Photovoltaic-plant-SUNPARK_Strasswalchen-scaled-aspect-ratio-1400-788-scaled-1.jpg\",\"width\":2560,\"height\":1441},{\"@type\":\"BreadcrumbList\",\"@id\":\"https:\\\/\\\/transportjournal.com\\\/de\\\/2026\\\/04\\\/27\\\/lagermax-gruppe-erzielt-stabilen-umsatz\\\/#breadcrumb\",\"itemListElement\":[{\"@type\":\"ListItem\",\"position\":1,\"name\":\"Startseite\",\"item\":\"https:\\\/\\\/transportjournal.com\\\/de\\\/\"},{\"@type\":\"ListItem\",\"position\":2,\"name\":\"Lagermax Gruppe erzielt stabilen Umsatz\"}]},{\"@type\":\"WebSite\",\"@id\":\"https:\\\/\\\/transportjournal.com\\\/de\\\/#website\",\"url\":\"https:\\\/\\\/transportjournal.com\\\/de\\\/\",\"name\":\"ITJ | International Transport Journal\",\"description\":\"Stay informed with the latest global news from the transport, logistics, and supply chain industries. Transport Journal delivers expert insights, analysis, and updates across shipping, aviation, intermodal, and forwarding.\",\"publisher\":{\"@id\":\"https:\\\/\\\/transportjournal.com\\\/de\\\/#organization\"},\"potentialAction\":[{\"@type\":\"SearchAction\",\"target\":{\"@type\":\"EntryPoint\",\"urlTemplate\":\"https:\\\/\\\/transportjournal.com\\\/de\\\/?s={search_term_string}\"},\"query-input\":{\"@type\":\"PropertyValueSpecification\",\"valueRequired\":true,\"valueName\":\"search_term_string\"}}],\"inLanguage\":\"de\"},{\"@type\":\"Organization\",\"@id\":\"https:\\\/\\\/transportjournal.com\\\/de\\\/#organization\",\"name\":\"Groupe Logismedia AG\",\"alternateName\":\"Logismedia Group AG\",\"url\":\"https:\\\/\\\/transportjournal.com\\\/de\\\/\",\"logo\":{\"@type\":\"ImageObject\",\"inLanguage\":\"de\",\"@id\":\"https:\\\/\\\/transportjournal.com\\\/de\\\/#\\\/schema\\\/logo\\\/image\\\/\",\"url\":\"https:\\\/\\\/transportjournal.com\\\/wp-content\\\/uploads\\\/sites\\\/2\\\/2025\\\/09\\\/Logo_ITJ.png\",\"contentUrl\":\"https:\\\/\\\/transportjournal.com\\\/wp-content\\\/uploads\\\/sites\\\/2\\\/2025\\\/09\\\/Logo_ITJ.png\",\"width\":799,\"height\":326,\"caption\":\"Groupe Logismedia AG\"},\"image\":{\"@id\":\"https:\\\/\\\/transportjournal.com\\\/de\\\/#\\\/schema\\\/logo\\\/image\\\/\"},\"sameAs\":[\"https:\\\/\\\/www.linkedin.com\\\/company\\\/56456496\\\/admin\\\/dashboard\\\/\",\"https:\\\/\\\/www.instagram.com\\\/logismediagroup\\\/\",\"https:\\\/\\\/www.youtube.com\\\/@LogiamediaGroupAG\"]},{\"@type\":\"Person\",\"@id\":\"https:\\\/\\\/transportjournal.com\\\/de\\\/#\\\/schema\\\/person\\\/41d36b5474b623392fa613e97e2363fa\",\"name\":\"Jeremy Soland\",\"url\":\"https:\\\/\\\/transportjournal.com\\\/de\\\/author\\\/jeremy\\\/\"}]}<\/script>\n<!-- \/ Yoast SEO plugin. -->","yoast_head_json":{"title":"Lagermax Gruppe erzielt stabilen Umsatz - ITJ | International Transport Journal","robots":{"index":"index","follow":"follow","max-snippet":"max-snippet:-1","max-image-preview":"max-image-preview:large","max-video-preview":"max-video-preview:-1"},"canonical":"https:\/\/transportjournal.com\/de\/2026\/04\/27\/lagermax-gruppe-erzielt-stabilen-umsatz\/","og_locale":"de_DE","og_type":"article","og_title":"Lagermax Gruppe erzielt stabilen Umsatz - ITJ | International Transport Journal","og_description":"Die Lagermax Gruppe erzielte 2025 einen stabilen Umsatz von 760 Millionen Euro und investierte 75 Millionen Euro.","og_url":"https:\/\/transportjournal.com\/de\/2026\/04\/27\/lagermax-gruppe-erzielt-stabilen-umsatz\/","og_site_name":"ITJ | International Transport Journal","article_published_time":"2026-04-27T08:43:35+00:00","article_modified_time":"2026-04-27T08:56:07+00:00","og_image":[{"width":2560,"height":1441,"url":"https:\/\/transportjournal.com\/wp-content\/uploads\/sites\/2\/2026\/04\/Image-Photovoltaic-plant-SUNPARK_Strasswalchen-scaled-aspect-ratio-1400-788-scaled-1.jpg","type":"image\/jpeg"}],"author":"Jeremy Soland","twitter_card":"summary_large_image","twitter_misc":{"Verfasst von":"Jeremy Soland","Gesch\u00e4tzte Lesezeit":"1\u00a0Minute"},"schema":{"@context":"https:\/\/schema.org","@graph":[{"@type":"Article","@id":"https:\/\/transportjournal.com\/de\/2026\/04\/27\/lagermax-gruppe-erzielt-stabilen-umsatz\/#article","isPartOf":{"@id":"https:\/\/transportjournal.com\/de\/2026\/04\/27\/lagermax-gruppe-erzielt-stabilen-umsatz\/"},"author":{"name":"Jeremy Soland","@id":"https:\/\/transportjournal.com\/de\/#\/schema\/person\/41d36b5474b623392fa613e97e2363fa"},"headline":"Lagermax Gruppe erzielt stabilen Umsatz","datePublished":"2026-04-27T08:43:35+00:00","dateModified":"2026-04-27T08:56:07+00:00","mainEntityOfPage":{"@id":"https:\/\/transportjournal.com\/de\/2026\/04\/27\/lagermax-gruppe-erzielt-stabilen-umsatz\/"},"wordCount":135,"commentCount":0,"publisher":{"@id":"https:\/\/transportjournal.com\/de\/#organization"},"image":{"@id":"https:\/\/transportjournal.com\/de\/2026\/04\/27\/lagermax-gruppe-erzielt-stabilen-umsatz\/#primaryimage"},"thumbnailUrl":"https:\/\/transportjournal.com\/wp-content\/uploads\/sites\/2\/2026\/04\/Image-Photovoltaic-plant-SUNPARK_Strasswalchen-scaled-aspect-ratio-1400-788-scaled-1.jpg","keywords":["analyse du march\u00e9 logistique","Besch\u00e4ftigtenzahl Lagermax","chiffre d'affaires 2025","croissance du chiffre d'affaires logistique","Deutsch Lagermax Gruppe","d\u00e9veloppement commercial stable","Digitalisierung in der Logistik","digitalization in logistics","diversification en logistique","diversification in logistics","Diversifizierung in der Logistik","economic stability","effectif Lagermax","employee count Lagermax","Fachkr\u00e4ftemangel in der Branche","gestion de la cha\u00eene d'approvisionnement","global turbulence","globale Turbulenzen","industrie du transport Autriche","infrastructure projects","Infrastrukturprojekte","investissements dans la logistique","investissements Lagermax","Investitionen in Logistik","investments in logistics","Lagermax Investitionen","Lagermax investments","logistics market analysis Fran\u00e7ais Groupe Lagermax","logistics service provider","logistics trends 2025","Logistikdienstleister","Logistikmarktanalyse English Lagermax Group","Logistiktrends 2025","logistique durable","market volatility","Marktvolatilit\u00e4t","nachhaltige Logistik","num\u00e9risation dans la logistique","p\u00e9nurie de comp\u00e9tences dans le secteur","prestataire logistique","projets d'infrastructure","revenue 2025","revenue growth logistics","skills shortage in the industry","stabile Gesch\u00e4ftsentwicklung","stabilit\u00e9 \u00e9conomique","stable business development","Supply Chain Management","sustainable logistics","tendances logistiques 2025","transport industry Austria","Transportwirtschaft \u00d6sterreich","turbulences mondiales","Umsatz 2025","Umsatzsteigerung Logistik","volatilit\u00e9 du march\u00e9","wirtschaftliche Stabilit\u00e4t"],"articleSection":["Deutschland","Europa","Spedition &amp; Logistik"],"inLanguage":"de","potentialAction":[{"@type":"CommentAction","name":"Comment","target":["https:\/\/transportjournal.com\/de\/2026\/04\/27\/lagermax-gruppe-erzielt-stabilen-umsatz\/#respond"]}]},{"@type":"WebPage","@id":"https:\/\/transportjournal.com\/de\/2026\/04\/27\/lagermax-gruppe-erzielt-stabilen-umsatz\/","url":"https:\/\/transportjournal.com\/de\/2026\/04\/27\/lagermax-gruppe-erzielt-stabilen-umsatz\/","name":"Lagermax Gruppe erzielt stabilen Umsatz - ITJ | International Transport Journal","isPartOf":{"@id":"https:\/\/transportjournal.com\/de\/#website"},"primaryImageOfPage":{"@id":"https:\/\/transportjournal.com\/de\/2026\/04\/27\/lagermax-gruppe-erzielt-stabilen-umsatz\/#primaryimage"},"image":{"@id":"https:\/\/transportjournal.com\/de\/2026\/04\/27\/lagermax-gruppe-erzielt-stabilen-umsatz\/#primaryimage"},"thumbnailUrl":"https:\/\/transportjournal.com\/wp-content\/uploads\/sites\/2\/2026\/04\/Image-Photovoltaic-plant-SUNPARK_Strasswalchen-scaled-aspect-ratio-1400-788-scaled-1.jpg","datePublished":"2026-04-27T08:43:35+00:00","dateModified":"2026-04-27T08:56:07+00:00","breadcrumb":{"@id":"https:\/\/transportjournal.com\/de\/2026\/04\/27\/lagermax-gruppe-erzielt-stabilen-umsatz\/#breadcrumb"},"inLanguage":"de","potentialAction":[{"@type":"ReadAction","target":["https:\/\/transportjournal.com\/de\/2026\/04\/27\/lagermax-gruppe-erzielt-stabilen-umsatz\/"]}]},{"@type":"ImageObject","inLanguage":"de","@id":"https:\/\/transportjournal.com\/de\/2026\/04\/27\/lagermax-gruppe-erzielt-stabilen-umsatz\/#primaryimage","url":"https:\/\/transportjournal.com\/wp-content\/uploads\/sites\/2\/2026\/04\/Image-Photovoltaic-plant-SUNPARK_Strasswalchen-scaled-aspect-ratio-1400-788-scaled-1.jpg","contentUrl":"https:\/\/transportjournal.com\/wp-content\/uploads\/sites\/2\/2026\/04\/Image-Photovoltaic-plant-SUNPARK_Strasswalchen-scaled-aspect-ratio-1400-788-scaled-1.jpg","width":2560,"height":1441},{"@type":"BreadcrumbList","@id":"https:\/\/transportjournal.com\/de\/2026\/04\/27\/lagermax-gruppe-erzielt-stabilen-umsatz\/#breadcrumb","itemListElement":[{"@type":"ListItem","position":1,"name":"Startseite","item":"https:\/\/transportjournal.com\/de\/"},{"@type":"ListItem","position":2,"name":"Lagermax Gruppe erzielt stabilen Umsatz"}]},{"@type":"WebSite","@id":"https:\/\/transportjournal.com\/de\/#website","url":"https:\/\/transportjournal.com\/de\/","name":"ITJ | International Transport Journal","description":"Stay informed with the latest global news from the transport, logistics, and supply chain industries. Transport Journal delivers expert insights, analysis, and updates across shipping, aviation, intermodal, and forwarding.","publisher":{"@id":"https:\/\/transportjournal.com\/de\/#organization"},"potentialAction":[{"@type":"SearchAction","target":{"@type":"EntryPoint","urlTemplate":"https:\/\/transportjournal.com\/de\/?s={search_term_string}"},"query-input":{"@type":"PropertyValueSpecification","valueRequired":true,"valueName":"search_term_string"}}],"inLanguage":"de"},{"@type":"Organization","@id":"https:\/\/transportjournal.com\/de\/#organization","name":"Groupe Logismedia AG","alternateName":"Logismedia Group AG","url":"https:\/\/transportjournal.com\/de\/","logo":{"@type":"ImageObject","inLanguage":"de","@id":"https:\/\/transportjournal.com\/de\/#\/schema\/logo\/image\/","url":"https:\/\/transportjournal.com\/wp-content\/uploads\/sites\/2\/2025\/09\/Logo_ITJ.png","contentUrl":"https:\/\/transportjournal.com\/wp-content\/uploads\/sites\/2\/2025\/09\/Logo_ITJ.png","width":799,"height":326,"caption":"Groupe Logismedia AG"},"image":{"@id":"https:\/\/transportjournal.com\/de\/#\/schema\/logo\/image\/"},"sameAs":["https:\/\/www.linkedin.com\/company\/56456496\/admin\/dashboard\/","https:\/\/www.instagram.com\/logismediagroup\/","https:\/\/www.youtube.com\/@LogiamediaGroupAG"]},{"@type":"Person","@id":"https:\/\/transportjournal.com\/de\/#\/schema\/person\/41d36b5474b623392fa613e97e2363fa","name":"Jeremy Soland","url":"https:\/\/transportjournal.com\/de\/author\/jeremy\/"}]}},"_links":{"self":[{"href":"https:\/\/transportjournal.com\/de\/wp-json\/wp\/v2\/posts\/86713","targetHints":{"allow":["GET"]}}],"collection":[{"href":"https:\/\/transportjournal.com\/de\/wp-json\/wp\/v2\/posts"}],"about":[{"href":"https:\/\/transportjournal.com\/de\/wp-json\/wp\/v2\/types\/post"}],"author":[{"embeddable":true,"href":"https:\/\/transportjournal.com\/de\/wp-json\/wp\/v2\/users\/10"}],"replies":[{"embeddable":true,"href":"https:\/\/transportjournal.com\/de\/wp-json\/wp\/v2\/comments?post=86713"}],"version-history":[{"count":1,"href":"https:\/\/transportjournal.com\/de\/wp-json\/wp\/v2\/posts\/86713\/revisions"}],"predecessor-version":[{"id":86720,"href":"https:\/\/transportjournal.com\/de\/wp-json\/wp\/v2\/posts\/86713\/revisions\/86720"}],"wp:featuredmedia":[{"embeddable":true,"href":"https:\/\/transportjournal.com\/de\/wp-json\/wp\/v2\/media\/86712"}],"wp:attachment":[{"href":"https:\/\/transportjournal.com\/de\/wp-json\/wp\/v2\/media?parent=86713"}],"wp:term":[{"taxonomy":"category","embeddable":true,"href":"https:\/\/transportjournal.com\/de\/wp-json\/wp\/v2\/categories?post=86713"},{"taxonomy":"post_tag","embeddable":true,"href":"https:\/\/transportjournal.com\/de\/wp-json\/wp\/v2\/tags?post=86713"}],"curies":[{"name":"wp","href":"https:\/\/api.w.org\/{rel}","templated":true}]}}