{"id":86654,"date":"2026-04-27T07:50:51","date_gmt":"2026-04-27T07:50:51","guid":{"rendered":"https:\/\/transportjournal.com\/2026\/04\/27\/dhl-baut-logistikgeschaeft-in-suedafrika-aus\/"},"modified":"2026-04-27T10:05:40","modified_gmt":"2026-04-27T08:05:40","slug":"dhl-baut-logistikgeschaeft-in-suedafrika-aus","status":"publish","type":"post","link":"https:\/\/transportjournal.com\/de\/2026\/04\/27\/dhl-baut-logistikgeschaeft-in-suedafrika-aus\/","title":{"rendered":"DHL baut Logistikgesch\u00e4ft in S\u00fcdafrika aus"},"content":{"rendered":"<p>DHL Supply Chain, ein Kontraktlogistiker mit weltweiten Aktivit\u00e4ten, hat die \u00dcbernahme von drei Unternehmen der Vital Group in S\u00fcdafrika abgeschlossen. Die Transaktion wurde vom nationalen Wettbewerbstribunal ohne Auflagen genehmigt. K\u00fcnftig werden Vital Distribution Solutions, Staffing Logistics und Vital Fleet als Tochtergesellschaften von DHL t\u00e4tig sein und ihre bestehenden Strukturen weiterf\u00fchren.<\/p>\n<p>Mit der Akquisition erweitert DHL seine Kapazit\u00e4ten in den Bereichen Transport, Distribution, Flottenmanagement und Personal im Land. Zudem st\u00e4rkt das Unternehmen sein nationales Netzwerk und verbessert die Marktabdeckung in einem fragmentierten Einzelhandelsumfeld. Ziel ist es, Kunden einen breiteren Zugang zu Absatzkan\u00e4len und eine stabilere Warenverf\u00fcgbarkeit zu erm\u00f6glichen.<\/p>\n<p>Nach Angaben von DHL soll die Integration auch Effizienzgewinne bringen, etwa durch h\u00f6here Auslastung und optimierte Routenplanung. Dies unterst\u00fctzt zugleich die Dekarbonisierungsstrategie des Unternehmens. Die Investition ist ein Teil von DHL Supply Chains langfristigem Engagement in Afrika s\u00fcdlich der Sahara, f\u00fcr das bis 2030 rund 300 Mio. EUR vorgesehen sind.<\/p>\n<p><a href=\"http:\/\/www.dhl.com\" target=\"_blank\" rel=\"noopener noreferrer\">www.dhl.com<\/a><\/p>\n","protected":false},"excerpt":{"rendered":"<p>DHL Supply Chain hat die \u00dcbernahme von drei Unternehmen der Vital Group in S\u00fcdafrika abgeschlossen, um seine Logistikkapazit\u00e4ten und Marktpr\u00e4senz im Land zu erweitern.<\/p>\n","protected":false},"author":14,"featured_media":86653,"comment_status":"open","ping_status":"","sticky":false,"template":"","format":"standard","meta":{"_acf_changed":false,"footnotes":""},"categories":[1577,1569],"tags":[3811,4107,3812,2207,3130,32160,32161,11926,2695,2696,42258,5443,18872,18873,42259,42260,42261,4598,4601,18877,4604,42262,3682,3683,26729,3143,42263,42264,42265,42266,3151,26730,26732,5454,2717,3530,33632,2148,42267,3532,14924,42268,4141,42269,32182,4145,1857,5460,42270,42271,42272,42273,42274],"class_list":["post-86654","post","type-post","status-publish","format-standard","has-post-thumbnail","hentry","category-afrika","category-logistik-spedition","tag-acquisition","tag-afrique-du-sud","tag-akquisition","tag-chaine-dapprovisionnement","tag-contract-logistics","tag-decarbonization-strategy","tag-dekarbonisierungsstrategie","tag-deutsch-dhl","tag-digitalisierung","tag-digitalization","tag-disponibilite-des-marchandises","tag-durabilite","tag-efficiency-gains","tag-effizienzgewinne","tag-einzelhandelsumfeld","tag-entreprise-logistique","tag-environnement-de-vente-au-detail","tag-fleet-management","tag-flottenmanagement","tag-gains-defficacite","tag-gestion-de-flotte","tag-goods-availability","tag-infrastructure","tag-infrastruktur","tag-integration-de-marche","tag-kontraktlogistik","tag-logistics-business","tag-logistics-service-providers-francais-dhl","tag-logistikdienstleister-english-dhl","tag-logistikgeschaeft","tag-logistique-contractuelle","tag-market-integration","tag-marktintegration","tag-nachhaltigkeit","tag-numerisation","tag-optimisation-des-itineraires","tag-personalmanagement","tag-prestataires-de-services-logistiques","tag-retail-environment","tag-route-optimization","tag-routenplanung","tag-solutions-de-personnel","tag-south-africa","tag-staffing-solutions","tag-strategie-de-decarbonisation","tag-suedafrika","tag-supply-chain","tag-sustainability","tag-transport-and-distribution","tag-transport-et-distribution","tag-transport-und-distribution","tag-vital-group","tag-warenverfuegbarkeit"],"acf":[],"yoast_head":"<!-- This site is optimized with the Yoast SEO plugin v27.3 - https:\/\/yoast.com\/product\/yoast-seo-wordpress\/ -->\n<title>DHL baut Logistikgesch\u00e4ft in S\u00fcdafrika aus - ITJ | International Transport Journal<\/title>\n<meta name=\"robots\" content=\"index, follow, max-snippet:-1, max-image-preview:large, max-video-preview:-1\" \/>\n<link rel=\"canonical\" href=\"https:\/\/transportjournal.com\/de\/2026\/04\/27\/dhl-baut-logistikgeschaeft-in-suedafrika-aus\/\" \/>\n<meta property=\"og:locale\" content=\"de_DE\" \/>\n<meta property=\"og:type\" content=\"article\" \/>\n<meta property=\"og:title\" content=\"DHL baut Logistikgesch\u00e4ft in S\u00fcdafrika aus - ITJ | International Transport Journal\" \/>\n<meta property=\"og:description\" content=\"DHL Supply Chain hat die \u00dcbernahme von drei Unternehmen der Vital Group in S\u00fcdafrika abgeschlossen, um seine Logistikkapazit\u00e4ten und Marktpr\u00e4senz im Land zu erweitern.\" \/>\n<meta property=\"og:url\" content=\"https:\/\/transportjournal.com\/de\/2026\/04\/27\/dhl-baut-logistikgeschaeft-in-suedafrika-aus\/\" \/>\n<meta property=\"og:site_name\" content=\"ITJ | International Transport Journal\" \/>\n<meta property=\"article:published_time\" content=\"2026-04-27T07:50:51+00:00\" \/>\n<meta property=\"article:modified_time\" content=\"2026-04-27T08:05:40+00:00\" \/>\n<meta property=\"og:image\" content=\"https:\/\/transportjournal.com\/wp-content\/uploads\/sites\/2\/2026\/04\/DHL-Supply-Chain-Vital-Group-South-Africa-Foto-DHL_glo-press-text-generic-placeholder-flags.jpeg\" \/>\n\t<meta property=\"og:image:width\" content=\"1197\" \/>\n\t<meta property=\"og:image:height\" content=\"673\" \/>\n\t<meta property=\"og:image:type\" content=\"image\/jpeg\" \/>\n<meta name=\"author\" content=\"Gyan Sharan\" \/>\n<meta name=\"twitter:card\" content=\"summary_large_image\" \/>\n<meta name=\"twitter:label1\" content=\"Verfasst von\" \/>\n\t<meta name=\"twitter:data1\" content=\"Gyan Sharan\" \/>\n\t<meta name=\"twitter:label2\" content=\"Gesch\u00e4tzte Lesezeit\" \/>\n\t<meta name=\"twitter:data2\" content=\"1\u00a0Minute\" \/>\n<script type=\"application\/ld+json\" class=\"yoast-schema-graph\">{\"@context\":\"https:\\\/\\\/schema.org\",\"@graph\":[{\"@type\":\"Article\",\"@id\":\"https:\\\/\\\/transportjournal.com\\\/de\\\/2026\\\/04\\\/27\\\/dhl-baut-logistikgeschaeft-in-suedafrika-aus\\\/#article\",\"isPartOf\":{\"@id\":\"https:\\\/\\\/transportjournal.com\\\/de\\\/2026\\\/04\\\/27\\\/dhl-baut-logistikgeschaeft-in-suedafrika-aus\\\/\"},\"author\":{\"name\":\"Gyan Sharan\",\"@id\":\"https:\\\/\\\/transportjournal.com\\\/de\\\/#\\\/schema\\\/person\\\/13a9fc605c753db60ef7750a229cd042\"},\"headline\":\"DHL baut Logistikgesch\u00e4ft in S\u00fcdafrika aus\",\"datePublished\":\"2026-04-27T07:50:51+00:00\",\"dateModified\":\"2026-04-27T08:05:40+00:00\",\"mainEntityOfPage\":{\"@id\":\"https:\\\/\\\/transportjournal.com\\\/de\\\/2026\\\/04\\\/27\\\/dhl-baut-logistikgeschaeft-in-suedafrika-aus\\\/\"},\"wordCount\":170,\"commentCount\":0,\"publisher\":{\"@id\":\"https:\\\/\\\/transportjournal.com\\\/de\\\/#organization\"},\"image\":{\"@id\":\"https:\\\/\\\/transportjournal.com\\\/de\\\/2026\\\/04\\\/27\\\/dhl-baut-logistikgeschaeft-in-suedafrika-aus\\\/#primaryimage\"},\"thumbnailUrl\":\"https:\\\/\\\/transportjournal.com\\\/wp-content\\\/uploads\\\/sites\\\/2\\\/2026\\\/04\\\/DHL-Supply-Chain-Vital-Group-South-Africa-Foto-DHL_glo-press-text-generic-placeholder-flags.jpeg\",\"keywords\":[\"acquisition\",\"Afrique du Sud\",\"Akquisition\",\"cha\u00eene d'approvisionnement\",\"contract logistics\",\"decarbonization strategy\",\"Dekarbonisierungsstrategie\",\"Deutsch DHL\",\"Digitalisierung\",\"digitalization\",\"disponibilit\u00e9 des marchandises\",\"durabilit\u00e9\",\"efficiency gains\",\"Effizienzgewinne\",\"Einzelhandelsumfeld\",\"entreprise logistique\",\"environnement de vente au d\u00e9tail\",\"fleet management\",\"Flottenmanagement\",\"gains d'efficacit\u00e9\",\"gestion de flotte\",\"goods availability\",\"infrastructure\",\"Infrastruktur\",\"int\u00e9gration de march\u00e9\",\"Kontraktlogistik\",\"logistics business\",\"logistics service providers Fran\u00e7ais DHL\",\"Logistikdienstleister English DHL\",\"Logistikgesch\u00e4ft\",\"logistique contractuelle\",\"market integration\",\"Marktintegration\",\"Nachhaltigkeit\",\"num\u00e9risation\",\"optimisation des itin\u00e9raires\",\"Personalmanagement\",\"prestataires de services logistiques\",\"retail environment\",\"route optimization\",\"Routenplanung\",\"solutions de personnel\",\"South Africa\",\"staffing solutions\",\"strat\u00e9gie de d\u00e9carbonisation\",\"S\u00fcdafrika\",\"Supply Chain\",\"sustainability\",\"transport and distribution\",\"transport et distribution\",\"Transport und Distribution\",\"Vital Group\",\"Warenverf\u00fcgbarkeit\"],\"articleSection\":[\"Afrika\",\"Spedition &amp; Logistik\"],\"inLanguage\":\"de\",\"potentialAction\":[{\"@type\":\"CommentAction\",\"name\":\"Comment\",\"target\":[\"https:\\\/\\\/transportjournal.com\\\/de\\\/2026\\\/04\\\/27\\\/dhl-baut-logistikgeschaeft-in-suedafrika-aus\\\/#respond\"]}]},{\"@type\":\"WebPage\",\"@id\":\"https:\\\/\\\/transportjournal.com\\\/de\\\/2026\\\/04\\\/27\\\/dhl-baut-logistikgeschaeft-in-suedafrika-aus\\\/\",\"url\":\"https:\\\/\\\/transportjournal.com\\\/de\\\/2026\\\/04\\\/27\\\/dhl-baut-logistikgeschaeft-in-suedafrika-aus\\\/\",\"name\":\"DHL baut Logistikgesch\u00e4ft in S\u00fcdafrika aus - ITJ | International Transport Journal\",\"isPartOf\":{\"@id\":\"https:\\\/\\\/transportjournal.com\\\/de\\\/#website\"},\"primaryImageOfPage\":{\"@id\":\"https:\\\/\\\/transportjournal.com\\\/de\\\/2026\\\/04\\\/27\\\/dhl-baut-logistikgeschaeft-in-suedafrika-aus\\\/#primaryimage\"},\"image\":{\"@id\":\"https:\\\/\\\/transportjournal.com\\\/de\\\/2026\\\/04\\\/27\\\/dhl-baut-logistikgeschaeft-in-suedafrika-aus\\\/#primaryimage\"},\"thumbnailUrl\":\"https:\\\/\\\/transportjournal.com\\\/wp-content\\\/uploads\\\/sites\\\/2\\\/2026\\\/04\\\/DHL-Supply-Chain-Vital-Group-South-Africa-Foto-DHL_glo-press-text-generic-placeholder-flags.jpeg\",\"datePublished\":\"2026-04-27T07:50:51+00:00\",\"dateModified\":\"2026-04-27T08:05:40+00:00\",\"breadcrumb\":{\"@id\":\"https:\\\/\\\/transportjournal.com\\\/de\\\/2026\\\/04\\\/27\\\/dhl-baut-logistikgeschaeft-in-suedafrika-aus\\\/#breadcrumb\"},\"inLanguage\":\"de\",\"potentialAction\":[{\"@type\":\"ReadAction\",\"target\":[\"https:\\\/\\\/transportjournal.com\\\/de\\\/2026\\\/04\\\/27\\\/dhl-baut-logistikgeschaeft-in-suedafrika-aus\\\/\"]}]},{\"@type\":\"ImageObject\",\"inLanguage\":\"de\",\"@id\":\"https:\\\/\\\/transportjournal.com\\\/de\\\/2026\\\/04\\\/27\\\/dhl-baut-logistikgeschaeft-in-suedafrika-aus\\\/#primaryimage\",\"url\":\"https:\\\/\\\/transportjournal.com\\\/wp-content\\\/uploads\\\/sites\\\/2\\\/2026\\\/04\\\/DHL-Supply-Chain-Vital-Group-South-Africa-Foto-DHL_glo-press-text-generic-placeholder-flags.jpeg\",\"contentUrl\":\"https:\\\/\\\/transportjournal.com\\\/wp-content\\\/uploads\\\/sites\\\/2\\\/2026\\\/04\\\/DHL-Supply-Chain-Vital-Group-South-Africa-Foto-DHL_glo-press-text-generic-placeholder-flags.jpeg\",\"width\":1197,\"height\":673},{\"@type\":\"BreadcrumbList\",\"@id\":\"https:\\\/\\\/transportjournal.com\\\/de\\\/2026\\\/04\\\/27\\\/dhl-baut-logistikgeschaeft-in-suedafrika-aus\\\/#breadcrumb\",\"itemListElement\":[{\"@type\":\"ListItem\",\"position\":1,\"name\":\"Startseite\",\"item\":\"https:\\\/\\\/transportjournal.com\\\/de\\\/\"},{\"@type\":\"ListItem\",\"position\":2,\"name\":\"DHL baut Logistikgesch\u00e4ft in S\u00fcdafrika aus\"}]},{\"@type\":\"WebSite\",\"@id\":\"https:\\\/\\\/transportjournal.com\\\/de\\\/#website\",\"url\":\"https:\\\/\\\/transportjournal.com\\\/de\\\/\",\"name\":\"ITJ | International Transport Journal\",\"description\":\"Stay informed with the latest global news from the transport, logistics, and supply chain industries. Transport Journal delivers expert insights, analysis, and updates across shipping, aviation, intermodal, and forwarding.\",\"publisher\":{\"@id\":\"https:\\\/\\\/transportjournal.com\\\/de\\\/#organization\"},\"potentialAction\":[{\"@type\":\"SearchAction\",\"target\":{\"@type\":\"EntryPoint\",\"urlTemplate\":\"https:\\\/\\\/transportjournal.com\\\/de\\\/?s={search_term_string}\"},\"query-input\":{\"@type\":\"PropertyValueSpecification\",\"valueRequired\":true,\"valueName\":\"search_term_string\"}}],\"inLanguage\":\"de\"},{\"@type\":\"Organization\",\"@id\":\"https:\\\/\\\/transportjournal.com\\\/de\\\/#organization\",\"name\":\"Groupe Logismedia AG\",\"alternateName\":\"Logismedia Group AG\",\"url\":\"https:\\\/\\\/transportjournal.com\\\/de\\\/\",\"logo\":{\"@type\":\"ImageObject\",\"inLanguage\":\"de\",\"@id\":\"https:\\\/\\\/transportjournal.com\\\/de\\\/#\\\/schema\\\/logo\\\/image\\\/\",\"url\":\"https:\\\/\\\/transportjournal.com\\\/wp-content\\\/uploads\\\/sites\\\/2\\\/2025\\\/09\\\/Logo_ITJ.png\",\"contentUrl\":\"https:\\\/\\\/transportjournal.com\\\/wp-content\\\/uploads\\\/sites\\\/2\\\/2025\\\/09\\\/Logo_ITJ.png\",\"width\":799,\"height\":326,\"caption\":\"Groupe Logismedia AG\"},\"image\":{\"@id\":\"https:\\\/\\\/transportjournal.com\\\/de\\\/#\\\/schema\\\/logo\\\/image\\\/\"},\"sameAs\":[\"https:\\\/\\\/www.linkedin.com\\\/company\\\/56456496\\\/admin\\\/dashboard\\\/\",\"https:\\\/\\\/www.instagram.com\\\/logismediagroup\\\/\",\"https:\\\/\\\/www.youtube.com\\\/@LogiamediaGroupAG\"]},{\"@type\":\"Person\",\"@id\":\"https:\\\/\\\/transportjournal.com\\\/de\\\/#\\\/schema\\\/person\\\/13a9fc605c753db60ef7750a229cd042\",\"name\":\"Gyan Sharan\",\"url\":\"https:\\\/\\\/transportjournal.com\\\/de\\\/author\\\/gyan\\\/\"}]}<\/script>\n<!-- \/ Yoast SEO plugin. -->","yoast_head_json":{"title":"DHL baut Logistikgesch\u00e4ft in S\u00fcdafrika aus - ITJ | International Transport Journal","robots":{"index":"index","follow":"follow","max-snippet":"max-snippet:-1","max-image-preview":"max-image-preview:large","max-video-preview":"max-video-preview:-1"},"canonical":"https:\/\/transportjournal.com\/de\/2026\/04\/27\/dhl-baut-logistikgeschaeft-in-suedafrika-aus\/","og_locale":"de_DE","og_type":"article","og_title":"DHL baut Logistikgesch\u00e4ft in S\u00fcdafrika aus - ITJ | International Transport Journal","og_description":"DHL Supply Chain hat die \u00dcbernahme von drei Unternehmen der Vital Group in S\u00fcdafrika abgeschlossen, um seine Logistikkapazit\u00e4ten und Marktpr\u00e4senz im Land zu erweitern.","og_url":"https:\/\/transportjournal.com\/de\/2026\/04\/27\/dhl-baut-logistikgeschaeft-in-suedafrika-aus\/","og_site_name":"ITJ | International Transport Journal","article_published_time":"2026-04-27T07:50:51+00:00","article_modified_time":"2026-04-27T08:05:40+00:00","og_image":[{"width":1197,"height":673,"url":"https:\/\/transportjournal.com\/wp-content\/uploads\/sites\/2\/2026\/04\/DHL-Supply-Chain-Vital-Group-South-Africa-Foto-DHL_glo-press-text-generic-placeholder-flags.jpeg","type":"image\/jpeg"}],"author":"Gyan Sharan","twitter_card":"summary_large_image","twitter_misc":{"Verfasst von":"Gyan Sharan","Gesch\u00e4tzte Lesezeit":"1\u00a0Minute"},"schema":{"@context":"https:\/\/schema.org","@graph":[{"@type":"Article","@id":"https:\/\/transportjournal.com\/de\/2026\/04\/27\/dhl-baut-logistikgeschaeft-in-suedafrika-aus\/#article","isPartOf":{"@id":"https:\/\/transportjournal.com\/de\/2026\/04\/27\/dhl-baut-logistikgeschaeft-in-suedafrika-aus\/"},"author":{"name":"Gyan Sharan","@id":"https:\/\/transportjournal.com\/de\/#\/schema\/person\/13a9fc605c753db60ef7750a229cd042"},"headline":"DHL baut Logistikgesch\u00e4ft in S\u00fcdafrika aus","datePublished":"2026-04-27T07:50:51+00:00","dateModified":"2026-04-27T08:05:40+00:00","mainEntityOfPage":{"@id":"https:\/\/transportjournal.com\/de\/2026\/04\/27\/dhl-baut-logistikgeschaeft-in-suedafrika-aus\/"},"wordCount":170,"commentCount":0,"publisher":{"@id":"https:\/\/transportjournal.com\/de\/#organization"},"image":{"@id":"https:\/\/transportjournal.com\/de\/2026\/04\/27\/dhl-baut-logistikgeschaeft-in-suedafrika-aus\/#primaryimage"},"thumbnailUrl":"https:\/\/transportjournal.com\/wp-content\/uploads\/sites\/2\/2026\/04\/DHL-Supply-Chain-Vital-Group-South-Africa-Foto-DHL_glo-press-text-generic-placeholder-flags.jpeg","keywords":["acquisition","Afrique du Sud","Akquisition","cha\u00eene d'approvisionnement","contract logistics","decarbonization strategy","Dekarbonisierungsstrategie","Deutsch DHL","Digitalisierung","digitalization","disponibilit\u00e9 des marchandises","durabilit\u00e9","efficiency gains","Effizienzgewinne","Einzelhandelsumfeld","entreprise logistique","environnement de vente au d\u00e9tail","fleet management","Flottenmanagement","gains d'efficacit\u00e9","gestion de flotte","goods availability","infrastructure","Infrastruktur","int\u00e9gration de march\u00e9","Kontraktlogistik","logistics business","logistics service providers Fran\u00e7ais DHL","Logistikdienstleister English DHL","Logistikgesch\u00e4ft","logistique contractuelle","market integration","Marktintegration","Nachhaltigkeit","num\u00e9risation","optimisation des itin\u00e9raires","Personalmanagement","prestataires de services logistiques","retail environment","route optimization","Routenplanung","solutions de personnel","South Africa","staffing solutions","strat\u00e9gie de d\u00e9carbonisation","S\u00fcdafrika","Supply Chain","sustainability","transport and distribution","transport et distribution","Transport und Distribution","Vital Group","Warenverf\u00fcgbarkeit"],"articleSection":["Afrika","Spedition &amp; Logistik"],"inLanguage":"de","potentialAction":[{"@type":"CommentAction","name":"Comment","target":["https:\/\/transportjournal.com\/de\/2026\/04\/27\/dhl-baut-logistikgeschaeft-in-suedafrika-aus\/#respond"]}]},{"@type":"WebPage","@id":"https:\/\/transportjournal.com\/de\/2026\/04\/27\/dhl-baut-logistikgeschaeft-in-suedafrika-aus\/","url":"https:\/\/transportjournal.com\/de\/2026\/04\/27\/dhl-baut-logistikgeschaeft-in-suedafrika-aus\/","name":"DHL baut Logistikgesch\u00e4ft in S\u00fcdafrika aus - ITJ | International Transport Journal","isPartOf":{"@id":"https:\/\/transportjournal.com\/de\/#website"},"primaryImageOfPage":{"@id":"https:\/\/transportjournal.com\/de\/2026\/04\/27\/dhl-baut-logistikgeschaeft-in-suedafrika-aus\/#primaryimage"},"image":{"@id":"https:\/\/transportjournal.com\/de\/2026\/04\/27\/dhl-baut-logistikgeschaeft-in-suedafrika-aus\/#primaryimage"},"thumbnailUrl":"https:\/\/transportjournal.com\/wp-content\/uploads\/sites\/2\/2026\/04\/DHL-Supply-Chain-Vital-Group-South-Africa-Foto-DHL_glo-press-text-generic-placeholder-flags.jpeg","datePublished":"2026-04-27T07:50:51+00:00","dateModified":"2026-04-27T08:05:40+00:00","breadcrumb":{"@id":"https:\/\/transportjournal.com\/de\/2026\/04\/27\/dhl-baut-logistikgeschaeft-in-suedafrika-aus\/#breadcrumb"},"inLanguage":"de","potentialAction":[{"@type":"ReadAction","target":["https:\/\/transportjournal.com\/de\/2026\/04\/27\/dhl-baut-logistikgeschaeft-in-suedafrika-aus\/"]}]},{"@type":"ImageObject","inLanguage":"de","@id":"https:\/\/transportjournal.com\/de\/2026\/04\/27\/dhl-baut-logistikgeschaeft-in-suedafrika-aus\/#primaryimage","url":"https:\/\/transportjournal.com\/wp-content\/uploads\/sites\/2\/2026\/04\/DHL-Supply-Chain-Vital-Group-South-Africa-Foto-DHL_glo-press-text-generic-placeholder-flags.jpeg","contentUrl":"https:\/\/transportjournal.com\/wp-content\/uploads\/sites\/2\/2026\/04\/DHL-Supply-Chain-Vital-Group-South-Africa-Foto-DHL_glo-press-text-generic-placeholder-flags.jpeg","width":1197,"height":673},{"@type":"BreadcrumbList","@id":"https:\/\/transportjournal.com\/de\/2026\/04\/27\/dhl-baut-logistikgeschaeft-in-suedafrika-aus\/#breadcrumb","itemListElement":[{"@type":"ListItem","position":1,"name":"Startseite","item":"https:\/\/transportjournal.com\/de\/"},{"@type":"ListItem","position":2,"name":"DHL baut Logistikgesch\u00e4ft in S\u00fcdafrika aus"}]},{"@type":"WebSite","@id":"https:\/\/transportjournal.com\/de\/#website","url":"https:\/\/transportjournal.com\/de\/","name":"ITJ | International Transport Journal","description":"Stay informed with the latest global news from the transport, logistics, and supply chain industries. Transport Journal delivers expert insights, analysis, and updates across shipping, aviation, intermodal, and forwarding.","publisher":{"@id":"https:\/\/transportjournal.com\/de\/#organization"},"potentialAction":[{"@type":"SearchAction","target":{"@type":"EntryPoint","urlTemplate":"https:\/\/transportjournal.com\/de\/?s={search_term_string}"},"query-input":{"@type":"PropertyValueSpecification","valueRequired":true,"valueName":"search_term_string"}}],"inLanguage":"de"},{"@type":"Organization","@id":"https:\/\/transportjournal.com\/de\/#organization","name":"Groupe Logismedia AG","alternateName":"Logismedia Group AG","url":"https:\/\/transportjournal.com\/de\/","logo":{"@type":"ImageObject","inLanguage":"de","@id":"https:\/\/transportjournal.com\/de\/#\/schema\/logo\/image\/","url":"https:\/\/transportjournal.com\/wp-content\/uploads\/sites\/2\/2025\/09\/Logo_ITJ.png","contentUrl":"https:\/\/transportjournal.com\/wp-content\/uploads\/sites\/2\/2025\/09\/Logo_ITJ.png","width":799,"height":326,"caption":"Groupe Logismedia AG"},"image":{"@id":"https:\/\/transportjournal.com\/de\/#\/schema\/logo\/image\/"},"sameAs":["https:\/\/www.linkedin.com\/company\/56456496\/admin\/dashboard\/","https:\/\/www.instagram.com\/logismediagroup\/","https:\/\/www.youtube.com\/@LogiamediaGroupAG"]},{"@type":"Person","@id":"https:\/\/transportjournal.com\/de\/#\/schema\/person\/13a9fc605c753db60ef7750a229cd042","name":"Gyan Sharan","url":"https:\/\/transportjournal.com\/de\/author\/gyan\/"}]}},"_links":{"self":[{"href":"https:\/\/transportjournal.com\/de\/wp-json\/wp\/v2\/posts\/86654","targetHints":{"allow":["GET"]}}],"collection":[{"href":"https:\/\/transportjournal.com\/de\/wp-json\/wp\/v2\/posts"}],"about":[{"href":"https:\/\/transportjournal.com\/de\/wp-json\/wp\/v2\/types\/post"}],"author":[{"embeddable":true,"href":"https:\/\/transportjournal.com\/de\/wp-json\/wp\/v2\/users\/14"}],"replies":[{"embeddable":true,"href":"https:\/\/transportjournal.com\/de\/wp-json\/wp\/v2\/comments?post=86654"}],"version-history":[{"count":3,"href":"https:\/\/transportjournal.com\/de\/wp-json\/wp\/v2\/posts\/86654\/revisions"}],"predecessor-version":[{"id":86675,"href":"https:\/\/transportjournal.com\/de\/wp-json\/wp\/v2\/posts\/86654\/revisions\/86675"}],"wp:featuredmedia":[{"embeddable":true,"href":"https:\/\/transportjournal.com\/de\/wp-json\/wp\/v2\/media\/86653"}],"wp:attachment":[{"href":"https:\/\/transportjournal.com\/de\/wp-json\/wp\/v2\/media?parent=86654"}],"wp:term":[{"taxonomy":"category","embeddable":true,"href":"https:\/\/transportjournal.com\/de\/wp-json\/wp\/v2\/categories?post=86654"},{"taxonomy":"post_tag","embeddable":true,"href":"https:\/\/transportjournal.com\/de\/wp-json\/wp\/v2\/tags?post=86654"}],"curies":[{"name":"wp","href":"https:\/\/api.w.org\/{rel}","templated":true}]}}