{"id":80889,"date":"2026-03-16T09:52:51","date_gmt":"2026-03-16T09:52:51","guid":{"rendered":"https:\/\/transportjournal.com\/2026\/03\/16\/zborowski-neuer-vorstand-bei-rohlig-suus\/"},"modified":"2026-03-16T09:52:51","modified_gmt":"2026-03-16T09:52:51","slug":"zborowski-neuer-vorstand-bei-rohlig-suus","status":"publish","type":"post","link":"https:\/\/transportjournal.com\/de\/2026\/03\/16\/zborowski-neuer-vorstand-bei-rohlig-suus\/","title":{"rendered":"Zborowski neuer Vorstand bei Rohlig SUUS"},"content":{"rendered":"<p>Rohlig SUUS Logistics hat Piotr Zborowski in den Vorstand berufen. In seiner neuen Position, die er Anfang M\u00e4rz antrat, wird er unter anderem f\u00fcr die Bereiche Kontraktlogistik, nationaler Strassentransport sowie die Entwicklung der Tochtergesellschaften in Tschechien und der Slowakei verantwortlich sein.<\/p>\n<h3>Erweiterung des Managements<\/h3>\n<p>Piotr Iwo Chmielewski, Vorsitzender des Vorstands von Rohlig SUUS Logistics, betont die kontinuierliche Expansion des Unternehmens: \u201eSUUS w\u00e4chst nicht nur in der Gr\u00f6sse, sondern auch in der operativen Exzellenz und organisatorischen Reife. Wir bauen ein Unternehmen auf, das effizienter, agiler und widerstandsf\u00e4higer gegen\u00fcber Marktver\u00e4nderungen ist.\u201c Im Rahmen der SUUS-One-Strategie soll die Position als f\u00fchrender Logistikdienstleister in der Region CEECA weiter gest\u00e4rkt werden. Chmielewski hebt hervor, dass Zborowski umfangreiche internationale Erfahrung mitbringt und entscheidende Bereiche des Dienstleistungsportfolios \u00fcberwacht.<\/p>\n<p>Zborowski kann auf eine langj\u00e4hrige Karriere im Logistiksektor zur\u00fcckblicken. Zuletzt war er als CEO bei DB Schenker t\u00e4tig, wo er f\u00fcr die Abl\u00e4ufe in Polen, den baltischen Staaten, der Ukraine und Kasachstan verantwortlich war. Davor leitete er bei DSV die Integration von Strassentransportgesch\u00e4ften in Polen und hatte Managementpositionen bei CEVA Logistics und UPS inne. Er hat an der Warschauer Schule f\u00fcr Wirtschaft studiert und ein MBA-Studium an der Universit\u00e4t Lausanne sowie am International Institute for Management Development (IMD) absolviert.<\/p>\n<h3>Fokus auf Effizienz und Qualit\u00e4t<\/h3>\n<p>In seiner neuen Rolle plant Zborowski, die Prozesse weiter zu optimieren und die Effizienz sowie die Qualit\u00e4t der Dienstleistungen in der Kontraktlogistik und im nationalen Strassentransport zu steigern. Dies umfasst sowohl den Voll- als auch den Teilladungsverkehr sowie die letzte Meile und die Zusammenarbeit mit Frachtf\u00fchrern. Zudem m\u00f6chte er koh\u00e4rente und skalierbare Gesch\u00e4ftsstrukturen in der Region aufbauen und die Aktivit\u00e4ten in Tschechien und der Slowakei weiterentwickeln.<\/p>\n<p>Rohlig SUUS Logistics geh\u00f6rt zu den f\u00fchrenden Logistikdienstleistern in der CEECA-Region. Das Unternehmen ist seit \u00fcber 35 Jahren in der Gestaltung und Verwaltung lokaler sowie globaler Lieferketten t\u00e4tig. Das umfassende Dienstleistungsportfolio umfasst unter anderem Strassen-, Schienen-, See- und Luftfracht, intermodale L\u00f6sungen, Kontraktlogistik, Zollservices, Projektladung sowie massgeschneiderte Beratungsdienste im Bereich Supply Chain Solutions. Aktuell besch\u00e4ftigt SUUS \u00fcber 2.500 Mitarbeiter in mehr als 40 Niederlassungen in acht L\u00e4ndern: Polen, Tschechien, der Slowakei, Rum\u00e4nien, Slowenien, Ungarn, der Ukraine und Kasachstan.<\/p>\n<p>&nbsp;<\/p>\n<p><a href=\"https:\/\/suus.com\/\" target=\"_blank\" rel=\"noopener noreferrer\">www.suus.com<\/a><\/p>\n<p>&nbsp;<\/p>\n","protected":false},"excerpt":{"rendered":"<p>Rohlig SUUS Logistics hat Piotr Zborowski in den Vorstand berufen, um die Effizienz und Qualit\u00e4t in der Kontraktlogistik und im nationalen Stra\u00dfentransport zu steigern.<\/p>\n","protected":false},"author":12,"featured_media":80888,"comment_status":"open","ping_status":"","sticky":false,"template":"","format":"standard","meta":{"_acf_changed":false,"footnotes":""},"categories":[1574,1575,1568,1567,1569],"tags":[2648,2206,27287,1784,27288,3130,27289,27290,2651,27291,27292,27293,4983,2214,2215,9706,12408,2655,2909,5252,5253,3143,4128,1831,3151,1962,27294,27295,2717,2925,27296,2929,2481,2193,27297,27298,1916,15816,15817,15818,5424,5266,5430,3125,27299,12430,27300,2591,26670],"class_list":["post-80889","post","type-post","status-publish","format-standard","has-post-thumbnail","hentry","category-asien-pazifik","category-europa","category-bahn-binnenschifffahrt-strasse","category-wechsel-weltweit","category-logistik-spedition","tag-air-freight","tag-amelioration-de-lefficacite","tag-ceeca-region","tag-ceva-logistics","tag-company-growth","tag-contract-logistics","tag-croissance-de-lentreprise","tag-czech-republic","tag-db-schenker","tag-deutsch-rohlig-suus","tag-digitalisierung-english-rohlig-suus","tag-digitalization-francais-rohlig-suus","tag-dsv","tag-efficiency-improvement","tag-effizienzsteigerung","tag-frachtfuehrer","tag-freight-carriers","tag-fret-aerien","tag-hafenbetrieb","tag-intermodal-solutions","tag-intermodale-loesungen","tag-kontraktlogistik","tag-logistics-provider","tag-logistikdienstleister","tag-logistique-contractuelle","tag-luftfracht","tag-national-road-transport","tag-nationaler-strassentransport","tag-numerisation","tag-operations-portuaires","tag-piotr-zborowski","tag-port-operations","tag-prestataire-logistique","tag-rail-freight-transport","tag-region-ceeca","tag-republique-tcheque","tag-schienengueterverkehr","tag-slovakia","tag-slovaquie","tag-slowakei","tag-solutions-de-chaine-dapprovisionnement","tag-solutions-intermodales","tag-supply-chain-solutions","tag-transport-ferroviaire-de-marchandises","tag-transport-routier-national","tag-transporteurs-de-fret","tag-tschechien","tag-unternehmenswachstum","tag-ups"],"acf":[],"yoast_head":"<!-- This site is optimized with the Yoast SEO plugin v27.3 - https:\/\/yoast.com\/product\/yoast-seo-wordpress\/ -->\n<title>Zborowski neuer Vorstand bei Rohlig SUUS - ITJ | International Transport Journal<\/title>\n<meta name=\"robots\" content=\"index, follow, max-snippet:-1, max-image-preview:large, max-video-preview:-1\" \/>\n<link rel=\"canonical\" href=\"https:\/\/transportjournal.com\/de\/2026\/03\/16\/zborowski-neuer-vorstand-bei-rohlig-suus\/\" \/>\n<meta property=\"og:locale\" content=\"de_DE\" \/>\n<meta property=\"og:type\" content=\"article\" \/>\n<meta property=\"og:title\" content=\"Zborowski neuer Vorstand bei Rohlig SUUS - ITJ | International Transport Journal\" \/>\n<meta property=\"og:description\" content=\"Rohlig SUUS Logistics hat Piotr Zborowski in den Vorstand berufen, um die Effizienz und Qualit\u00e4t in der Kontraktlogistik und im nationalen Stra\u00dfentransport zu steigern.\" \/>\n<meta property=\"og:url\" content=\"https:\/\/transportjournal.com\/de\/2026\/03\/16\/zborowski-neuer-vorstand-bei-rohlig-suus\/\" \/>\n<meta property=\"og:site_name\" content=\"ITJ | International Transport Journal\" \/>\n<meta property=\"article:published_time\" content=\"2026-03-16T09:52:51+00:00\" \/>\n<meta property=\"og:image\" content=\"https:\/\/transportjournal.com\/wp-content\/uploads\/sites\/2\/2026\/03\/Piotr-Zborowski_blog_EN-2-aspect-ratio-1400-788.jpg\" \/>\n\t<meta property=\"og:image:width\" content=\"393\" \/>\n\t<meta property=\"og:image:height\" content=\"221\" \/>\n\t<meta property=\"og:image:type\" content=\"image\/jpeg\" \/>\n<meta name=\"author\" content=\"Andreas Haug\" \/>\n<meta name=\"twitter:card\" content=\"summary_large_image\" \/>\n<meta name=\"twitter:label1\" content=\"Verfasst von\" \/>\n\t<meta name=\"twitter:data1\" content=\"Andreas Haug\" \/>\n\t<meta name=\"twitter:label2\" content=\"Gesch\u00e4tzte Lesezeit\" \/>\n\t<meta name=\"twitter:data2\" content=\"2\u00a0Minute\" \/>\n<script type=\"application\/ld+json\" class=\"yoast-schema-graph\">{\"@context\":\"https:\\\/\\\/schema.org\",\"@graph\":[{\"@type\":\"Article\",\"@id\":\"https:\\\/\\\/transportjournal.com\\\/de\\\/2026\\\/03\\\/16\\\/zborowski-neuer-vorstand-bei-rohlig-suus\\\/#article\",\"isPartOf\":{\"@id\":\"https:\\\/\\\/transportjournal.com\\\/de\\\/2026\\\/03\\\/16\\\/zborowski-neuer-vorstand-bei-rohlig-suus\\\/\"},\"author\":{\"name\":\"Andreas Haug\",\"@id\":\"https:\\\/\\\/transportjournal.com\\\/de\\\/#\\\/schema\\\/person\\\/cf538b3157f15afd7589245a4b3dbd25\"},\"headline\":\"Zborowski neuer Vorstand bei Rohlig SUUS\",\"datePublished\":\"2026-03-16T09:52:51+00:00\",\"mainEntityOfPage\":{\"@id\":\"https:\\\/\\\/transportjournal.com\\\/de\\\/2026\\\/03\\\/16\\\/zborowski-neuer-vorstand-bei-rohlig-suus\\\/\"},\"wordCount\":387,\"commentCount\":0,\"publisher\":{\"@id\":\"https:\\\/\\\/transportjournal.com\\\/de\\\/#organization\"},\"image\":{\"@id\":\"https:\\\/\\\/transportjournal.com\\\/de\\\/2026\\\/03\\\/16\\\/zborowski-neuer-vorstand-bei-rohlig-suus\\\/#primaryimage\"},\"thumbnailUrl\":\"https:\\\/\\\/transportjournal.com\\\/wp-content\\\/uploads\\\/sites\\\/2\\\/2026\\\/03\\\/Piotr-Zborowski_blog_EN-2-aspect-ratio-1400-788.jpg\",\"keywords\":[\"air freight\",\"am\u00e9lioration de l'efficacit\u00e9\",\"CEECA-Region\",\"CEVA Logistics\",\"company growth\",\"contract logistics\",\"croissance de l'entreprise\",\"Czech Republic\",\"DB Schenker\",\"Deutsch Rohlig SUUS\",\"Digitalisierung English Rohlig SUUS\",\"digitalization Fran\u00e7ais Rohlig SUUS\",\"DSV\",\"efficiency improvement\",\"Effizienzsteigerung\",\"Frachtf\u00fchrer\",\"freight carriers\",\"fret a\u00e9rien\",\"Hafenbetrieb\",\"intermodal solutions\",\"intermodale L\u00f6sungen\",\"Kontraktlogistik\",\"logistics provider\",\"Logistikdienstleister\",\"logistique contractuelle\",\"Luftfracht\",\"national road transport\",\"nationaler Stra\u00dfentransport\",\"num\u00e9risation\",\"op\u00e9rations portuaires\",\"Piotr Zborowski\",\"port operations\",\"prestataire logistique\",\"rail freight transport\",\"r\u00e9gion CEECA\",\"R\u00e9publique tch\u00e8que\",\"Schieneng\u00fcterverkehr\",\"Slovakia\",\"Slovaquie\",\"Slowakei\",\"solutions de cha\u00eene d'approvisionnement\",\"solutions intermodales\",\"supply chain solutions\",\"transport ferroviaire de marchandises\",\"transport routier national\",\"transporteurs de fret\",\"Tschechien\",\"Unternehmenswachstum\",\"UPS\"],\"articleSection\":[\"Asien\\\/Pazifik\",\"Europa\",\"Intermodal \\\/ Stra\u00dfe\",\"Menschen &amp; Unternehmen\",\"Spedition &amp; Logistik\"],\"inLanguage\":\"de\",\"potentialAction\":[{\"@type\":\"CommentAction\",\"name\":\"Comment\",\"target\":[\"https:\\\/\\\/transportjournal.com\\\/de\\\/2026\\\/03\\\/16\\\/zborowski-neuer-vorstand-bei-rohlig-suus\\\/#respond\"]}]},{\"@type\":\"WebPage\",\"@id\":\"https:\\\/\\\/transportjournal.com\\\/de\\\/2026\\\/03\\\/16\\\/zborowski-neuer-vorstand-bei-rohlig-suus\\\/\",\"url\":\"https:\\\/\\\/transportjournal.com\\\/de\\\/2026\\\/03\\\/16\\\/zborowski-neuer-vorstand-bei-rohlig-suus\\\/\",\"name\":\"Zborowski neuer Vorstand bei Rohlig SUUS - ITJ | International Transport Journal\",\"isPartOf\":{\"@id\":\"https:\\\/\\\/transportjournal.com\\\/de\\\/#website\"},\"primaryImageOfPage\":{\"@id\":\"https:\\\/\\\/transportjournal.com\\\/de\\\/2026\\\/03\\\/16\\\/zborowski-neuer-vorstand-bei-rohlig-suus\\\/#primaryimage\"},\"image\":{\"@id\":\"https:\\\/\\\/transportjournal.com\\\/de\\\/2026\\\/03\\\/16\\\/zborowski-neuer-vorstand-bei-rohlig-suus\\\/#primaryimage\"},\"thumbnailUrl\":\"https:\\\/\\\/transportjournal.com\\\/wp-content\\\/uploads\\\/sites\\\/2\\\/2026\\\/03\\\/Piotr-Zborowski_blog_EN-2-aspect-ratio-1400-788.jpg\",\"datePublished\":\"2026-03-16T09:52:51+00:00\",\"breadcrumb\":{\"@id\":\"https:\\\/\\\/transportjournal.com\\\/de\\\/2026\\\/03\\\/16\\\/zborowski-neuer-vorstand-bei-rohlig-suus\\\/#breadcrumb\"},\"inLanguage\":\"de\",\"potentialAction\":[{\"@type\":\"ReadAction\",\"target\":[\"https:\\\/\\\/transportjournal.com\\\/de\\\/2026\\\/03\\\/16\\\/zborowski-neuer-vorstand-bei-rohlig-suus\\\/\"]}]},{\"@type\":\"ImageObject\",\"inLanguage\":\"de\",\"@id\":\"https:\\\/\\\/transportjournal.com\\\/de\\\/2026\\\/03\\\/16\\\/zborowski-neuer-vorstand-bei-rohlig-suus\\\/#primaryimage\",\"url\":\"https:\\\/\\\/transportjournal.com\\\/wp-content\\\/uploads\\\/sites\\\/2\\\/2026\\\/03\\\/Piotr-Zborowski_blog_EN-2-aspect-ratio-1400-788.jpg\",\"contentUrl\":\"https:\\\/\\\/transportjournal.com\\\/wp-content\\\/uploads\\\/sites\\\/2\\\/2026\\\/03\\\/Piotr-Zborowski_blog_EN-2-aspect-ratio-1400-788.jpg\",\"width\":393,\"height\":221},{\"@type\":\"BreadcrumbList\",\"@id\":\"https:\\\/\\\/transportjournal.com\\\/de\\\/2026\\\/03\\\/16\\\/zborowski-neuer-vorstand-bei-rohlig-suus\\\/#breadcrumb\",\"itemListElement\":[{\"@type\":\"ListItem\",\"position\":1,\"name\":\"Startseite\",\"item\":\"https:\\\/\\\/transportjournal.com\\\/de\\\/\"},{\"@type\":\"ListItem\",\"position\":2,\"name\":\"Zborowski neuer Vorstand bei Rohlig SUUS\"}]},{\"@type\":\"WebSite\",\"@id\":\"https:\\\/\\\/transportjournal.com\\\/de\\\/#website\",\"url\":\"https:\\\/\\\/transportjournal.com\\\/de\\\/\",\"name\":\"ITJ | International Transport Journal\",\"description\":\"Stay informed with the latest global news from the transport, logistics, and supply chain industries. Transport Journal delivers expert insights, analysis, and updates across shipping, aviation, intermodal, and forwarding.\",\"publisher\":{\"@id\":\"https:\\\/\\\/transportjournal.com\\\/de\\\/#organization\"},\"potentialAction\":[{\"@type\":\"SearchAction\",\"target\":{\"@type\":\"EntryPoint\",\"urlTemplate\":\"https:\\\/\\\/transportjournal.com\\\/de\\\/?s={search_term_string}\"},\"query-input\":{\"@type\":\"PropertyValueSpecification\",\"valueRequired\":true,\"valueName\":\"search_term_string\"}}],\"inLanguage\":\"de\"},{\"@type\":\"Organization\",\"@id\":\"https:\\\/\\\/transportjournal.com\\\/de\\\/#organization\",\"name\":\"Groupe Logismedia AG\",\"alternateName\":\"Logismedia Group AG\",\"url\":\"https:\\\/\\\/transportjournal.com\\\/de\\\/\",\"logo\":{\"@type\":\"ImageObject\",\"inLanguage\":\"de\",\"@id\":\"https:\\\/\\\/transportjournal.com\\\/de\\\/#\\\/schema\\\/logo\\\/image\\\/\",\"url\":\"https:\\\/\\\/transportjournal.com\\\/wp-content\\\/uploads\\\/sites\\\/2\\\/2025\\\/09\\\/Logo_ITJ.png\",\"contentUrl\":\"https:\\\/\\\/transportjournal.com\\\/wp-content\\\/uploads\\\/sites\\\/2\\\/2025\\\/09\\\/Logo_ITJ.png\",\"width\":799,\"height\":326,\"caption\":\"Groupe Logismedia AG\"},\"image\":{\"@id\":\"https:\\\/\\\/transportjournal.com\\\/de\\\/#\\\/schema\\\/logo\\\/image\\\/\"},\"sameAs\":[\"https:\\\/\\\/www.linkedin.com\\\/company\\\/56456496\\\/admin\\\/dashboard\\\/\",\"https:\\\/\\\/www.instagram.com\\\/logismediagroup\\\/\",\"https:\\\/\\\/www.youtube.com\\\/@LogiamediaGroupAG\"]},{\"@type\":\"Person\",\"@id\":\"https:\\\/\\\/transportjournal.com\\\/de\\\/#\\\/schema\\\/person\\\/cf538b3157f15afd7589245a4b3dbd25\",\"name\":\"Andreas Haug\",\"url\":\"https:\\\/\\\/transportjournal.com\\\/de\\\/author\\\/andreas\\\/\"}]}<\/script>\n<!-- \/ Yoast SEO plugin. -->","yoast_head_json":{"title":"Zborowski neuer Vorstand bei Rohlig SUUS - ITJ | International Transport Journal","robots":{"index":"index","follow":"follow","max-snippet":"max-snippet:-1","max-image-preview":"max-image-preview:large","max-video-preview":"max-video-preview:-1"},"canonical":"https:\/\/transportjournal.com\/de\/2026\/03\/16\/zborowski-neuer-vorstand-bei-rohlig-suus\/","og_locale":"de_DE","og_type":"article","og_title":"Zborowski neuer Vorstand bei Rohlig SUUS - ITJ | International Transport Journal","og_description":"Rohlig SUUS Logistics hat Piotr Zborowski in den Vorstand berufen, um die Effizienz und Qualit\u00e4t in der Kontraktlogistik und im nationalen Stra\u00dfentransport zu steigern.","og_url":"https:\/\/transportjournal.com\/de\/2026\/03\/16\/zborowski-neuer-vorstand-bei-rohlig-suus\/","og_site_name":"ITJ | International Transport Journal","article_published_time":"2026-03-16T09:52:51+00:00","og_image":[{"width":393,"height":221,"url":"https:\/\/transportjournal.com\/wp-content\/uploads\/sites\/2\/2026\/03\/Piotr-Zborowski_blog_EN-2-aspect-ratio-1400-788.jpg","type":"image\/jpeg"}],"author":"Andreas Haug","twitter_card":"summary_large_image","twitter_misc":{"Verfasst von":"Andreas Haug","Gesch\u00e4tzte Lesezeit":"2\u00a0Minute"},"schema":{"@context":"https:\/\/schema.org","@graph":[{"@type":"Article","@id":"https:\/\/transportjournal.com\/de\/2026\/03\/16\/zborowski-neuer-vorstand-bei-rohlig-suus\/#article","isPartOf":{"@id":"https:\/\/transportjournal.com\/de\/2026\/03\/16\/zborowski-neuer-vorstand-bei-rohlig-suus\/"},"author":{"name":"Andreas Haug","@id":"https:\/\/transportjournal.com\/de\/#\/schema\/person\/cf538b3157f15afd7589245a4b3dbd25"},"headline":"Zborowski neuer Vorstand bei Rohlig SUUS","datePublished":"2026-03-16T09:52:51+00:00","mainEntityOfPage":{"@id":"https:\/\/transportjournal.com\/de\/2026\/03\/16\/zborowski-neuer-vorstand-bei-rohlig-suus\/"},"wordCount":387,"commentCount":0,"publisher":{"@id":"https:\/\/transportjournal.com\/de\/#organization"},"image":{"@id":"https:\/\/transportjournal.com\/de\/2026\/03\/16\/zborowski-neuer-vorstand-bei-rohlig-suus\/#primaryimage"},"thumbnailUrl":"https:\/\/transportjournal.com\/wp-content\/uploads\/sites\/2\/2026\/03\/Piotr-Zborowski_blog_EN-2-aspect-ratio-1400-788.jpg","keywords":["air freight","am\u00e9lioration de l'efficacit\u00e9","CEECA-Region","CEVA Logistics","company growth","contract logistics","croissance de l'entreprise","Czech Republic","DB Schenker","Deutsch Rohlig SUUS","Digitalisierung English Rohlig SUUS","digitalization Fran\u00e7ais Rohlig SUUS","DSV","efficiency improvement","Effizienzsteigerung","Frachtf\u00fchrer","freight carriers","fret a\u00e9rien","Hafenbetrieb","intermodal solutions","intermodale L\u00f6sungen","Kontraktlogistik","logistics provider","Logistikdienstleister","logistique contractuelle","Luftfracht","national road transport","nationaler Stra\u00dfentransport","num\u00e9risation","op\u00e9rations portuaires","Piotr Zborowski","port operations","prestataire logistique","rail freight transport","r\u00e9gion CEECA","R\u00e9publique tch\u00e8que","Schieneng\u00fcterverkehr","Slovakia","Slovaquie","Slowakei","solutions de cha\u00eene d'approvisionnement","solutions intermodales","supply chain solutions","transport ferroviaire de marchandises","transport routier national","transporteurs de fret","Tschechien","Unternehmenswachstum","UPS"],"articleSection":["Asien\/Pazifik","Europa","Intermodal \/ Stra\u00dfe","Menschen &amp; Unternehmen","Spedition &amp; Logistik"],"inLanguage":"de","potentialAction":[{"@type":"CommentAction","name":"Comment","target":["https:\/\/transportjournal.com\/de\/2026\/03\/16\/zborowski-neuer-vorstand-bei-rohlig-suus\/#respond"]}]},{"@type":"WebPage","@id":"https:\/\/transportjournal.com\/de\/2026\/03\/16\/zborowski-neuer-vorstand-bei-rohlig-suus\/","url":"https:\/\/transportjournal.com\/de\/2026\/03\/16\/zborowski-neuer-vorstand-bei-rohlig-suus\/","name":"Zborowski neuer Vorstand bei Rohlig SUUS - ITJ | International Transport Journal","isPartOf":{"@id":"https:\/\/transportjournal.com\/de\/#website"},"primaryImageOfPage":{"@id":"https:\/\/transportjournal.com\/de\/2026\/03\/16\/zborowski-neuer-vorstand-bei-rohlig-suus\/#primaryimage"},"image":{"@id":"https:\/\/transportjournal.com\/de\/2026\/03\/16\/zborowski-neuer-vorstand-bei-rohlig-suus\/#primaryimage"},"thumbnailUrl":"https:\/\/transportjournal.com\/wp-content\/uploads\/sites\/2\/2026\/03\/Piotr-Zborowski_blog_EN-2-aspect-ratio-1400-788.jpg","datePublished":"2026-03-16T09:52:51+00:00","breadcrumb":{"@id":"https:\/\/transportjournal.com\/de\/2026\/03\/16\/zborowski-neuer-vorstand-bei-rohlig-suus\/#breadcrumb"},"inLanguage":"de","potentialAction":[{"@type":"ReadAction","target":["https:\/\/transportjournal.com\/de\/2026\/03\/16\/zborowski-neuer-vorstand-bei-rohlig-suus\/"]}]},{"@type":"ImageObject","inLanguage":"de","@id":"https:\/\/transportjournal.com\/de\/2026\/03\/16\/zborowski-neuer-vorstand-bei-rohlig-suus\/#primaryimage","url":"https:\/\/transportjournal.com\/wp-content\/uploads\/sites\/2\/2026\/03\/Piotr-Zborowski_blog_EN-2-aspect-ratio-1400-788.jpg","contentUrl":"https:\/\/transportjournal.com\/wp-content\/uploads\/sites\/2\/2026\/03\/Piotr-Zborowski_blog_EN-2-aspect-ratio-1400-788.jpg","width":393,"height":221},{"@type":"BreadcrumbList","@id":"https:\/\/transportjournal.com\/de\/2026\/03\/16\/zborowski-neuer-vorstand-bei-rohlig-suus\/#breadcrumb","itemListElement":[{"@type":"ListItem","position":1,"name":"Startseite","item":"https:\/\/transportjournal.com\/de\/"},{"@type":"ListItem","position":2,"name":"Zborowski neuer Vorstand bei Rohlig SUUS"}]},{"@type":"WebSite","@id":"https:\/\/transportjournal.com\/de\/#website","url":"https:\/\/transportjournal.com\/de\/","name":"ITJ | International Transport Journal","description":"Stay informed with the latest global news from the transport, logistics, and supply chain industries. Transport Journal delivers expert insights, analysis, and updates across shipping, aviation, intermodal, and forwarding.","publisher":{"@id":"https:\/\/transportjournal.com\/de\/#organization"},"potentialAction":[{"@type":"SearchAction","target":{"@type":"EntryPoint","urlTemplate":"https:\/\/transportjournal.com\/de\/?s={search_term_string}"},"query-input":{"@type":"PropertyValueSpecification","valueRequired":true,"valueName":"search_term_string"}}],"inLanguage":"de"},{"@type":"Organization","@id":"https:\/\/transportjournal.com\/de\/#organization","name":"Groupe Logismedia AG","alternateName":"Logismedia Group AG","url":"https:\/\/transportjournal.com\/de\/","logo":{"@type":"ImageObject","inLanguage":"de","@id":"https:\/\/transportjournal.com\/de\/#\/schema\/logo\/image\/","url":"https:\/\/transportjournal.com\/wp-content\/uploads\/sites\/2\/2025\/09\/Logo_ITJ.png","contentUrl":"https:\/\/transportjournal.com\/wp-content\/uploads\/sites\/2\/2025\/09\/Logo_ITJ.png","width":799,"height":326,"caption":"Groupe Logismedia AG"},"image":{"@id":"https:\/\/transportjournal.com\/de\/#\/schema\/logo\/image\/"},"sameAs":["https:\/\/www.linkedin.com\/company\/56456496\/admin\/dashboard\/","https:\/\/www.instagram.com\/logismediagroup\/","https:\/\/www.youtube.com\/@LogiamediaGroupAG"]},{"@type":"Person","@id":"https:\/\/transportjournal.com\/de\/#\/schema\/person\/cf538b3157f15afd7589245a4b3dbd25","name":"Andreas Haug","url":"https:\/\/transportjournal.com\/de\/author\/andreas\/"}]}},"_links":{"self":[{"href":"https:\/\/transportjournal.com\/de\/wp-json\/wp\/v2\/posts\/80889","targetHints":{"allow":["GET"]}}],"collection":[{"href":"https:\/\/transportjournal.com\/de\/wp-json\/wp\/v2\/posts"}],"about":[{"href":"https:\/\/transportjournal.com\/de\/wp-json\/wp\/v2\/types\/post"}],"author":[{"embeddable":true,"href":"https:\/\/transportjournal.com\/de\/wp-json\/wp\/v2\/users\/12"}],"replies":[{"embeddable":true,"href":"https:\/\/transportjournal.com\/de\/wp-json\/wp\/v2\/comments?post=80889"}],"version-history":[{"count":0,"href":"https:\/\/transportjournal.com\/de\/wp-json\/wp\/v2\/posts\/80889\/revisions"}],"wp:featuredmedia":[{"embeddable":true,"href":"https:\/\/transportjournal.com\/de\/wp-json\/wp\/v2\/media\/80888"}],"wp:attachment":[{"href":"https:\/\/transportjournal.com\/de\/wp-json\/wp\/v2\/media?parent=80889"}],"wp:term":[{"taxonomy":"category","embeddable":true,"href":"https:\/\/transportjournal.com\/de\/wp-json\/wp\/v2\/categories?post=80889"},{"taxonomy":"post_tag","embeddable":true,"href":"https:\/\/transportjournal.com\/de\/wp-json\/wp\/v2\/tags?post=80889"}],"curies":[{"name":"wp","href":"https:\/\/api.w.org\/{rel}","templated":true}]}}