{"id":80873,"date":"2026-03-16T09:45:15","date_gmt":"2026-03-16T09:45:15","guid":{"rendered":"https:\/\/transportjournal.com\/2026\/03\/16\/gatx-uebergibt-laaers-gueterwagen-an-waberers\/"},"modified":"2026-03-16T09:45:15","modified_gmt":"2026-03-16T09:45:15","slug":"gatx-uebergibt-laaers-gueterwagen-an-waberers","status":"publish","type":"post","link":"https:\/\/transportjournal.com\/de\/2026\/03\/16\/gatx-uebergibt-laaers-gueterwagen-an-waberers\/","title":{"rendered":"GATX \u00fcbergibt Laaers-G\u00fcterwagen an Waberer\u2019s"},"content":{"rendered":"<p>GATX Rail Europe hat im Januar die \u00dcbergabe von Laaers-G\u00fcterwagen an die Waberer\u2019s Group vollzogen, um deren Automobil-Logistikoperationen in Europa zu unterst\u00fctzen. Die Waggons werden von PSP Rail, der Logistiktochter von Waberer\u2019s, betrieben und sind Teil des laufenden Transports von Fertigfahrzeugen von Debrecen in Ungarn zu wichtigen europ\u00e4ischen Logistikzentren.<\/p>\n<h3>Optimierung f\u00fcr Elektrofahrzeuge<\/h3>\n<p>Die Laaers-G\u00fcterwagen sind speziell f\u00fcr den Transport von Elektrofahrzeugen optimiert und bieten die technische Konfiguration sowie die Flexibilit\u00e4t, die f\u00fcr moderne Automobillogistik erforderlich sind. Angesichts des zunehmenden Trends zur Elektromobilit\u00e4t in Europa gewinnen zuverl\u00e4ssige und schienengebundene Transportl\u00f6sungen an Bedeutung.<\/p>\n<p>PSP Rail und GATX Rail Europe k\u00f6nnen bereits auf eine erfolgreiche Zusammenarbeit zur\u00fcckblicken. PSP war in der Vergangenheit ein gesch\u00e4tzter Kunde von GATX und hat verschiedene Wagentypen aus der GATX-Flotte geleast. Diese \u00dcbergabe stellt den n\u00e4chsten Schritt in einer wachsenden Partnerschaft dar. Die Zusammenarbeit der beiden Teams gew\u00e4hrleistete einen reibungslosen Start und eine effiziente Integration der Laaers in die laufenden Abl\u00e4ufe von PSP.<\/p>\n<p>Zsolt Kel\u00e9nyi, Gesch\u00e4ftsf\u00fchrer von PSP Rail, \u00e4usserte sich im M\u00e4rz zu der \u00dcbergabe: \u201eDie Laaers-G\u00fcterwagen von GATX erf\u00fcllen die spezifischen Anforderungen des modernen Fahrzeugtransports sehr gut. Der \u00dcbergabeprozess war unkompliziert, und die Zusammenarbeit zwischen unseren Teams funktionierte vom ersten Tag an nahtlos.\u201c<\/p>\n<p>Christian Haas, Gebietsleiter S\u00fcd bei GATX Rail Europe, erg\u00e4nzte: \u201eWir freuen uns, einen weiteren Automobilkunden in unserem wachsenden Kundenstamm willkommen zu hei\u00dfen. Teil des nachhaltigen Transports von Fahrzeugen in Europa zu sein, ist genau das, wof\u00fcr die Schiene gemacht ist und was unsere Laaers liefern sollen.\u201c<\/p>\n<p>Mit dieser \u00dcbergabe setzt GATX seine Unterst\u00fctzung f\u00fcr den Wandel der Automobilindustrie hin zur Elektromobilit\u00e4t fort und erm\u00f6glicht einen sicheren, effizienten und umweltfreundlichen Fahrzeugtransport \u00fcber europ\u00e4ische Korridore.<\/p>\n<p>&nbsp;<\/p>\n<p><a href=\"https:\/\/www.gatx.eu\/\" target=\"_blank\" rel=\"noopener noreferrer\">www.gatx.eu<\/a><\/p>\n<p>&nbsp;<\/p>\n<p><a href=\"https:\/\/www.waberers.com\/\" target=\"_blank\" rel=\"noopener noreferrer\">www.waberers.com<\/a><\/p>\n<p>&nbsp;<\/p>\n","protected":false},"excerpt":{"rendered":"<p>GATX Rail Europe hat Laaers-G\u00fcterwagen an die Waberer\u2019s Group \u00fcbergeben, um den Transport von Elektrofahrzeugen in Europa effizient zu unterst\u00fctzen.<\/p>\n","protected":false},"author":12,"featured_media":80872,"comment_status":"open","ping_status":"","sticky":false,"template":"","format":"standard","meta":{"_acf_changed":false,"footnotes":""},"categories":[1575,1568,1569],"tags":[27226,6128,27227,27228,27229,27230,27231,27232,16041,27233,16042,27234,27235,27236,27237,27238,27239,27240,27241,2858,4165,27242,27243,27244,27245,18084,6569,6138,27246,27247,27248,27249,27250,27251,18088,24534,27252,2193,4180,1916,27253,27254,27255,27256,27257,27258,3125,2889,27259,2890,27260,27261,27262,27263],"class_list":["post-80873","post","type-post","status-publish","format-standard","has-post-thumbnail","hentry","category-europa","category-bahn-binnenschifffahrt-strasse","category-logistik-spedition","tag-automobil-logistik","tag-automotive-logistics","tag-centres-logistiques-europeens","tag-configuration-technique-des-wagons","tag-corridors-de-transport-de-vehicules","tag-deutsch-gatx","tag-efficient-logistics-processes-francais-gatx","tag-effiziente-logistikprozesse-english-gatx","tag-electric-vehicle-transport","tag-electromobility-trends","tag-elektrofahrzeuge-transport","tag-elektromobilitaet-trends","tag-europaeische-logistikzentren","tag-european-logistics-centers","tag-fahrzeugtransport-korridore","tag-fahrzeugtransport-loesungen","tag-freight-car-leasing","tag-gatx-psp-partnership","tag-gueterwagen-leasing","tag-industrie-du-transport-europe","tag-infrastructure-ferroviaire","tag-infrastruktur-schiene","tag-laaers-freight-cars","tag-laaers-gueterwagen","tag-location-de-wagons","tag-logistics-providers-europe","tag-logistikdienstleister-europa","tag-logistique-automobile","tag-logistique-automobile-moderne","tag-modern-automotive-logistics","tag-moderne-automobillogistik","tag-nachhaltiger-fahrzeugtransport","tag-partenariat-gatx-psp","tag-partnerschaft-gatx-psp","tag-prestataires-logistiques-europe","tag-processus-logistiques-efficaces","tag-psp-rail","tag-rail-freight-transport","tag-rail-infrastructure","tag-schienengueterverkehr","tag-solutions-de-transport-de-vehicules","tag-sustainable-vehicle-transport","tag-technical-configuration-freight-cars","tag-technische-konfiguration-gueterwagen","tag-tendances-electromobilite","tag-transport-durable-de-vehicules","tag-transport-ferroviaire-de-marchandises","tag-transport-industry-europe","tag-transport-vehicules-electriques","tag-transportwirtschaft-europa","tag-vehicle-transport-corridors","tag-vehicle-transport-solutions","tag-waberers","tag-wagons-laaers"],"acf":[],"yoast_head":"<!-- This site is optimized with the Yoast SEO plugin v27.3 - https:\/\/yoast.com\/product\/yoast-seo-wordpress\/ -->\n<title>GATX \u00fcbergibt Laaers-G\u00fcterwagen an Waberer\u2019s - ITJ | International Transport Journal<\/title>\n<meta name=\"robots\" content=\"index, follow, max-snippet:-1, max-image-preview:large, max-video-preview:-1\" \/>\n<link rel=\"canonical\" href=\"https:\/\/transportjournal.com\/de\/2026\/03\/16\/gatx-uebergibt-laaers-gueterwagen-an-waberers\/\" \/>\n<meta property=\"og:locale\" content=\"de_DE\" \/>\n<meta property=\"og:type\" content=\"article\" \/>\n<meta property=\"og:title\" content=\"GATX \u00fcbergibt Laaers-G\u00fcterwagen an Waberer\u2019s - ITJ | International Transport Journal\" \/>\n<meta property=\"og:description\" content=\"GATX Rail Europe hat Laaers-G\u00fcterwagen an die Waberer\u2019s Group \u00fcbergeben, um den Transport von Elektrofahrzeugen in Europa effizient zu unterst\u00fctzen.\" \/>\n<meta property=\"og:url\" content=\"https:\/\/transportjournal.com\/de\/2026\/03\/16\/gatx-uebergibt-laaers-gueterwagen-an-waberers\/\" \/>\n<meta property=\"og:site_name\" content=\"ITJ | International Transport Journal\" \/>\n<meta property=\"article:published_time\" content=\"2026-03-16T09:45:15+00:00\" \/>\n<meta property=\"og:image\" content=\"https:\/\/transportjournal.com\/wp-content\/uploads\/sites\/2\/2026\/03\/GATX-news_image_PSP-Cargo-aspect-ratio-1400-788.png\" \/>\n\t<meta property=\"og:image:width\" content=\"648\" \/>\n\t<meta property=\"og:image:height\" content=\"364\" \/>\n\t<meta property=\"og:image:type\" content=\"image\/png\" \/>\n<meta name=\"author\" content=\"Andreas Haug\" \/>\n<meta name=\"twitter:card\" content=\"summary_large_image\" \/>\n<meta name=\"twitter:label1\" content=\"Verfasst von\" \/>\n\t<meta name=\"twitter:data1\" content=\"Andreas Haug\" \/>\n\t<meta name=\"twitter:label2\" content=\"Gesch\u00e4tzte Lesezeit\" \/>\n\t<meta name=\"twitter:data2\" content=\"2\u00a0Minute\" \/>\n<script type=\"application\/ld+json\" class=\"yoast-schema-graph\">{\"@context\":\"https:\\\/\\\/schema.org\",\"@graph\":[{\"@type\":\"Article\",\"@id\":\"https:\\\/\\\/transportjournal.com\\\/de\\\/2026\\\/03\\\/16\\\/gatx-uebergibt-laaers-gueterwagen-an-waberers\\\/#article\",\"isPartOf\":{\"@id\":\"https:\\\/\\\/transportjournal.com\\\/de\\\/2026\\\/03\\\/16\\\/gatx-uebergibt-laaers-gueterwagen-an-waberers\\\/\"},\"author\":{\"name\":\"Andreas Haug\",\"@id\":\"https:\\\/\\\/transportjournal.com\\\/de\\\/#\\\/schema\\\/person\\\/cf538b3157f15afd7589245a4b3dbd25\"},\"headline\":\"GATX \u00fcbergibt Laaers-G\u00fcterwagen an Waberer\u2019s\",\"datePublished\":\"2026-03-16T09:45:15+00:00\",\"mainEntityOfPage\":{\"@id\":\"https:\\\/\\\/transportjournal.com\\\/de\\\/2026\\\/03\\\/16\\\/gatx-uebergibt-laaers-gueterwagen-an-waberers\\\/\"},\"wordCount\":319,\"commentCount\":0,\"publisher\":{\"@id\":\"https:\\\/\\\/transportjournal.com\\\/de\\\/#organization\"},\"image\":{\"@id\":\"https:\\\/\\\/transportjournal.com\\\/de\\\/2026\\\/03\\\/16\\\/gatx-uebergibt-laaers-gueterwagen-an-waberers\\\/#primaryimage\"},\"thumbnailUrl\":\"https:\\\/\\\/transportjournal.com\\\/wp-content\\\/uploads\\\/sites\\\/2\\\/2026\\\/03\\\/GATX-news_image_PSP-Cargo-aspect-ratio-1400-788.png\",\"keywords\":[\"Automobil-Logistik\",\"Automotive logistics\",\"centres logistiques europ\u00e9ens\",\"configuration technique des wagons\",\"corridors de transport de v\u00e9hicules\",\"Deutsch GATX\",\"efficient logistics processes Fran\u00e7ais GATX\",\"effiziente Logistikprozesse English GATX\",\"electric vehicle transport\",\"electromobility trends\",\"Elektrofahrzeuge Transport\",\"Elektromobilit\u00e4t Trends\",\"europ\u00e4ische Logistikzentren\",\"European logistics centers\",\"Fahrzeugtransport Korridore\",\"Fahrzeugtransport L\u00f6sungen\",\"freight car leasing\",\"GATX PSP partnership\",\"G\u00fcterwagen Leasing\",\"industrie du transport Europe\",\"infrastructure ferroviaire\",\"Infrastruktur Schiene\",\"Laaers freight cars\",\"Laaers-G\u00fcterwagen\",\"location de wagons\",\"logistics providers Europe\",\"Logistikdienstleister Europa\",\"Logistique automobile\",\"logistique automobile moderne\",\"modern automotive logistics\",\"moderne Automobillogistik\",\"nachhaltiger Fahrzeugtransport\",\"partenariat GATX PSP\",\"Partnerschaft GATX PSP\",\"prestataires logistiques Europe\",\"processus logistiques efficaces\",\"PSP Rail\",\"rail freight transport\",\"rail infrastructure\",\"Schieneng\u00fcterverkehr\",\"solutions de transport de v\u00e9hicules\",\"sustainable vehicle transport\",\"technical configuration freight cars\",\"technische Konfiguration G\u00fcterwagen\",\"tendances \u00e9lectromobilit\u00e9\",\"transport durable de v\u00e9hicules\",\"transport ferroviaire de marchandises\",\"transport industry Europe\",\"transport v\u00e9hicules \u00e9lectriques\",\"Transportwirtschaft Europa\",\"vehicle transport corridors\",\"vehicle transport solutions\",\"Waberer\u2019s\",\"wagons Laaers\"],\"articleSection\":[\"Europa\",\"Intermodal \\\/ Stra\u00dfe\",\"Spedition &amp; Logistik\"],\"inLanguage\":\"de\",\"potentialAction\":[{\"@type\":\"CommentAction\",\"name\":\"Comment\",\"target\":[\"https:\\\/\\\/transportjournal.com\\\/de\\\/2026\\\/03\\\/16\\\/gatx-uebergibt-laaers-gueterwagen-an-waberers\\\/#respond\"]}]},{\"@type\":\"WebPage\",\"@id\":\"https:\\\/\\\/transportjournal.com\\\/de\\\/2026\\\/03\\\/16\\\/gatx-uebergibt-laaers-gueterwagen-an-waberers\\\/\",\"url\":\"https:\\\/\\\/transportjournal.com\\\/de\\\/2026\\\/03\\\/16\\\/gatx-uebergibt-laaers-gueterwagen-an-waberers\\\/\",\"name\":\"GATX \u00fcbergibt Laaers-G\u00fcterwagen an Waberer\u2019s - ITJ | International Transport Journal\",\"isPartOf\":{\"@id\":\"https:\\\/\\\/transportjournal.com\\\/de\\\/#website\"},\"primaryImageOfPage\":{\"@id\":\"https:\\\/\\\/transportjournal.com\\\/de\\\/2026\\\/03\\\/16\\\/gatx-uebergibt-laaers-gueterwagen-an-waberers\\\/#primaryimage\"},\"image\":{\"@id\":\"https:\\\/\\\/transportjournal.com\\\/de\\\/2026\\\/03\\\/16\\\/gatx-uebergibt-laaers-gueterwagen-an-waberers\\\/#primaryimage\"},\"thumbnailUrl\":\"https:\\\/\\\/transportjournal.com\\\/wp-content\\\/uploads\\\/sites\\\/2\\\/2026\\\/03\\\/GATX-news_image_PSP-Cargo-aspect-ratio-1400-788.png\",\"datePublished\":\"2026-03-16T09:45:15+00:00\",\"breadcrumb\":{\"@id\":\"https:\\\/\\\/transportjournal.com\\\/de\\\/2026\\\/03\\\/16\\\/gatx-uebergibt-laaers-gueterwagen-an-waberers\\\/#breadcrumb\"},\"inLanguage\":\"de\",\"potentialAction\":[{\"@type\":\"ReadAction\",\"target\":[\"https:\\\/\\\/transportjournal.com\\\/de\\\/2026\\\/03\\\/16\\\/gatx-uebergibt-laaers-gueterwagen-an-waberers\\\/\"]}]},{\"@type\":\"ImageObject\",\"inLanguage\":\"de\",\"@id\":\"https:\\\/\\\/transportjournal.com\\\/de\\\/2026\\\/03\\\/16\\\/gatx-uebergibt-laaers-gueterwagen-an-waberers\\\/#primaryimage\",\"url\":\"https:\\\/\\\/transportjournal.com\\\/wp-content\\\/uploads\\\/sites\\\/2\\\/2026\\\/03\\\/GATX-news_image_PSP-Cargo-aspect-ratio-1400-788.png\",\"contentUrl\":\"https:\\\/\\\/transportjournal.com\\\/wp-content\\\/uploads\\\/sites\\\/2\\\/2026\\\/03\\\/GATX-news_image_PSP-Cargo-aspect-ratio-1400-788.png\",\"width\":648,\"height\":364},{\"@type\":\"BreadcrumbList\",\"@id\":\"https:\\\/\\\/transportjournal.com\\\/de\\\/2026\\\/03\\\/16\\\/gatx-uebergibt-laaers-gueterwagen-an-waberers\\\/#breadcrumb\",\"itemListElement\":[{\"@type\":\"ListItem\",\"position\":1,\"name\":\"Startseite\",\"item\":\"https:\\\/\\\/transportjournal.com\\\/de\\\/\"},{\"@type\":\"ListItem\",\"position\":2,\"name\":\"GATX \u00fcbergibt Laaers-G\u00fcterwagen an Waberer\u2019s\"}]},{\"@type\":\"WebSite\",\"@id\":\"https:\\\/\\\/transportjournal.com\\\/de\\\/#website\",\"url\":\"https:\\\/\\\/transportjournal.com\\\/de\\\/\",\"name\":\"ITJ | International Transport Journal\",\"description\":\"Stay informed with the latest global news from the transport, logistics, and supply chain industries. Transport Journal delivers expert insights, analysis, and updates across shipping, aviation, intermodal, and forwarding.\",\"publisher\":{\"@id\":\"https:\\\/\\\/transportjournal.com\\\/de\\\/#organization\"},\"potentialAction\":[{\"@type\":\"SearchAction\",\"target\":{\"@type\":\"EntryPoint\",\"urlTemplate\":\"https:\\\/\\\/transportjournal.com\\\/de\\\/?s={search_term_string}\"},\"query-input\":{\"@type\":\"PropertyValueSpecification\",\"valueRequired\":true,\"valueName\":\"search_term_string\"}}],\"inLanguage\":\"de\"},{\"@type\":\"Organization\",\"@id\":\"https:\\\/\\\/transportjournal.com\\\/de\\\/#organization\",\"name\":\"Groupe Logismedia AG\",\"alternateName\":\"Logismedia Group AG\",\"url\":\"https:\\\/\\\/transportjournal.com\\\/de\\\/\",\"logo\":{\"@type\":\"ImageObject\",\"inLanguage\":\"de\",\"@id\":\"https:\\\/\\\/transportjournal.com\\\/de\\\/#\\\/schema\\\/logo\\\/image\\\/\",\"url\":\"https:\\\/\\\/transportjournal.com\\\/wp-content\\\/uploads\\\/sites\\\/2\\\/2025\\\/09\\\/Logo_ITJ.png\",\"contentUrl\":\"https:\\\/\\\/transportjournal.com\\\/wp-content\\\/uploads\\\/sites\\\/2\\\/2025\\\/09\\\/Logo_ITJ.png\",\"width\":799,\"height\":326,\"caption\":\"Groupe Logismedia AG\"},\"image\":{\"@id\":\"https:\\\/\\\/transportjournal.com\\\/de\\\/#\\\/schema\\\/logo\\\/image\\\/\"},\"sameAs\":[\"https:\\\/\\\/www.linkedin.com\\\/company\\\/56456496\\\/admin\\\/dashboard\\\/\",\"https:\\\/\\\/www.instagram.com\\\/logismediagroup\\\/\",\"https:\\\/\\\/www.youtube.com\\\/@LogiamediaGroupAG\"]},{\"@type\":\"Person\",\"@id\":\"https:\\\/\\\/transportjournal.com\\\/de\\\/#\\\/schema\\\/person\\\/cf538b3157f15afd7589245a4b3dbd25\",\"name\":\"Andreas Haug\",\"url\":\"https:\\\/\\\/transportjournal.com\\\/de\\\/author\\\/andreas\\\/\"}]}<\/script>\n<!-- \/ Yoast SEO plugin. -->","yoast_head_json":{"title":"GATX \u00fcbergibt Laaers-G\u00fcterwagen an Waberer\u2019s - ITJ | International Transport Journal","robots":{"index":"index","follow":"follow","max-snippet":"max-snippet:-1","max-image-preview":"max-image-preview:large","max-video-preview":"max-video-preview:-1"},"canonical":"https:\/\/transportjournal.com\/de\/2026\/03\/16\/gatx-uebergibt-laaers-gueterwagen-an-waberers\/","og_locale":"de_DE","og_type":"article","og_title":"GATX \u00fcbergibt Laaers-G\u00fcterwagen an Waberer\u2019s - ITJ | International Transport Journal","og_description":"GATX Rail Europe hat Laaers-G\u00fcterwagen an die Waberer\u2019s Group \u00fcbergeben, um den Transport von Elektrofahrzeugen in Europa effizient zu unterst\u00fctzen.","og_url":"https:\/\/transportjournal.com\/de\/2026\/03\/16\/gatx-uebergibt-laaers-gueterwagen-an-waberers\/","og_site_name":"ITJ | International Transport Journal","article_published_time":"2026-03-16T09:45:15+00:00","og_image":[{"width":648,"height":364,"url":"https:\/\/transportjournal.com\/wp-content\/uploads\/sites\/2\/2026\/03\/GATX-news_image_PSP-Cargo-aspect-ratio-1400-788.png","type":"image\/png"}],"author":"Andreas Haug","twitter_card":"summary_large_image","twitter_misc":{"Verfasst von":"Andreas Haug","Gesch\u00e4tzte Lesezeit":"2\u00a0Minute"},"schema":{"@context":"https:\/\/schema.org","@graph":[{"@type":"Article","@id":"https:\/\/transportjournal.com\/de\/2026\/03\/16\/gatx-uebergibt-laaers-gueterwagen-an-waberers\/#article","isPartOf":{"@id":"https:\/\/transportjournal.com\/de\/2026\/03\/16\/gatx-uebergibt-laaers-gueterwagen-an-waberers\/"},"author":{"name":"Andreas Haug","@id":"https:\/\/transportjournal.com\/de\/#\/schema\/person\/cf538b3157f15afd7589245a4b3dbd25"},"headline":"GATX \u00fcbergibt Laaers-G\u00fcterwagen an Waberer\u2019s","datePublished":"2026-03-16T09:45:15+00:00","mainEntityOfPage":{"@id":"https:\/\/transportjournal.com\/de\/2026\/03\/16\/gatx-uebergibt-laaers-gueterwagen-an-waberers\/"},"wordCount":319,"commentCount":0,"publisher":{"@id":"https:\/\/transportjournal.com\/de\/#organization"},"image":{"@id":"https:\/\/transportjournal.com\/de\/2026\/03\/16\/gatx-uebergibt-laaers-gueterwagen-an-waberers\/#primaryimage"},"thumbnailUrl":"https:\/\/transportjournal.com\/wp-content\/uploads\/sites\/2\/2026\/03\/GATX-news_image_PSP-Cargo-aspect-ratio-1400-788.png","keywords":["Automobil-Logistik","Automotive logistics","centres logistiques europ\u00e9ens","configuration technique des wagons","corridors de transport de v\u00e9hicules","Deutsch GATX","efficient logistics processes Fran\u00e7ais GATX","effiziente Logistikprozesse English GATX","electric vehicle transport","electromobility trends","Elektrofahrzeuge Transport","Elektromobilit\u00e4t Trends","europ\u00e4ische Logistikzentren","European logistics centers","Fahrzeugtransport Korridore","Fahrzeugtransport L\u00f6sungen","freight car leasing","GATX PSP partnership","G\u00fcterwagen Leasing","industrie du transport Europe","infrastructure ferroviaire","Infrastruktur Schiene","Laaers freight cars","Laaers-G\u00fcterwagen","location de wagons","logistics providers Europe","Logistikdienstleister Europa","Logistique automobile","logistique automobile moderne","modern automotive logistics","moderne Automobillogistik","nachhaltiger Fahrzeugtransport","partenariat GATX PSP","Partnerschaft GATX PSP","prestataires logistiques Europe","processus logistiques efficaces","PSP Rail","rail freight transport","rail infrastructure","Schieneng\u00fcterverkehr","solutions de transport de v\u00e9hicules","sustainable vehicle transport","technical configuration freight cars","technische Konfiguration G\u00fcterwagen","tendances \u00e9lectromobilit\u00e9","transport durable de v\u00e9hicules","transport ferroviaire de marchandises","transport industry Europe","transport v\u00e9hicules \u00e9lectriques","Transportwirtschaft Europa","vehicle transport corridors","vehicle transport solutions","Waberer\u2019s","wagons Laaers"],"articleSection":["Europa","Intermodal \/ Stra\u00dfe","Spedition &amp; Logistik"],"inLanguage":"de","potentialAction":[{"@type":"CommentAction","name":"Comment","target":["https:\/\/transportjournal.com\/de\/2026\/03\/16\/gatx-uebergibt-laaers-gueterwagen-an-waberers\/#respond"]}]},{"@type":"WebPage","@id":"https:\/\/transportjournal.com\/de\/2026\/03\/16\/gatx-uebergibt-laaers-gueterwagen-an-waberers\/","url":"https:\/\/transportjournal.com\/de\/2026\/03\/16\/gatx-uebergibt-laaers-gueterwagen-an-waberers\/","name":"GATX \u00fcbergibt Laaers-G\u00fcterwagen an Waberer\u2019s - ITJ | International Transport Journal","isPartOf":{"@id":"https:\/\/transportjournal.com\/de\/#website"},"primaryImageOfPage":{"@id":"https:\/\/transportjournal.com\/de\/2026\/03\/16\/gatx-uebergibt-laaers-gueterwagen-an-waberers\/#primaryimage"},"image":{"@id":"https:\/\/transportjournal.com\/de\/2026\/03\/16\/gatx-uebergibt-laaers-gueterwagen-an-waberers\/#primaryimage"},"thumbnailUrl":"https:\/\/transportjournal.com\/wp-content\/uploads\/sites\/2\/2026\/03\/GATX-news_image_PSP-Cargo-aspect-ratio-1400-788.png","datePublished":"2026-03-16T09:45:15+00:00","breadcrumb":{"@id":"https:\/\/transportjournal.com\/de\/2026\/03\/16\/gatx-uebergibt-laaers-gueterwagen-an-waberers\/#breadcrumb"},"inLanguage":"de","potentialAction":[{"@type":"ReadAction","target":["https:\/\/transportjournal.com\/de\/2026\/03\/16\/gatx-uebergibt-laaers-gueterwagen-an-waberers\/"]}]},{"@type":"ImageObject","inLanguage":"de","@id":"https:\/\/transportjournal.com\/de\/2026\/03\/16\/gatx-uebergibt-laaers-gueterwagen-an-waberers\/#primaryimage","url":"https:\/\/transportjournal.com\/wp-content\/uploads\/sites\/2\/2026\/03\/GATX-news_image_PSP-Cargo-aspect-ratio-1400-788.png","contentUrl":"https:\/\/transportjournal.com\/wp-content\/uploads\/sites\/2\/2026\/03\/GATX-news_image_PSP-Cargo-aspect-ratio-1400-788.png","width":648,"height":364},{"@type":"BreadcrumbList","@id":"https:\/\/transportjournal.com\/de\/2026\/03\/16\/gatx-uebergibt-laaers-gueterwagen-an-waberers\/#breadcrumb","itemListElement":[{"@type":"ListItem","position":1,"name":"Startseite","item":"https:\/\/transportjournal.com\/de\/"},{"@type":"ListItem","position":2,"name":"GATX \u00fcbergibt Laaers-G\u00fcterwagen an Waberer\u2019s"}]},{"@type":"WebSite","@id":"https:\/\/transportjournal.com\/de\/#website","url":"https:\/\/transportjournal.com\/de\/","name":"ITJ | International Transport Journal","description":"Stay informed with the latest global news from the transport, logistics, and supply chain industries. Transport Journal delivers expert insights, analysis, and updates across shipping, aviation, intermodal, and forwarding.","publisher":{"@id":"https:\/\/transportjournal.com\/de\/#organization"},"potentialAction":[{"@type":"SearchAction","target":{"@type":"EntryPoint","urlTemplate":"https:\/\/transportjournal.com\/de\/?s={search_term_string}"},"query-input":{"@type":"PropertyValueSpecification","valueRequired":true,"valueName":"search_term_string"}}],"inLanguage":"de"},{"@type":"Organization","@id":"https:\/\/transportjournal.com\/de\/#organization","name":"Groupe Logismedia AG","alternateName":"Logismedia Group AG","url":"https:\/\/transportjournal.com\/de\/","logo":{"@type":"ImageObject","inLanguage":"de","@id":"https:\/\/transportjournal.com\/de\/#\/schema\/logo\/image\/","url":"https:\/\/transportjournal.com\/wp-content\/uploads\/sites\/2\/2025\/09\/Logo_ITJ.png","contentUrl":"https:\/\/transportjournal.com\/wp-content\/uploads\/sites\/2\/2025\/09\/Logo_ITJ.png","width":799,"height":326,"caption":"Groupe Logismedia AG"},"image":{"@id":"https:\/\/transportjournal.com\/de\/#\/schema\/logo\/image\/"},"sameAs":["https:\/\/www.linkedin.com\/company\/56456496\/admin\/dashboard\/","https:\/\/www.instagram.com\/logismediagroup\/","https:\/\/www.youtube.com\/@LogiamediaGroupAG"]},{"@type":"Person","@id":"https:\/\/transportjournal.com\/de\/#\/schema\/person\/cf538b3157f15afd7589245a4b3dbd25","name":"Andreas Haug","url":"https:\/\/transportjournal.com\/de\/author\/andreas\/"}]}},"_links":{"self":[{"href":"https:\/\/transportjournal.com\/de\/wp-json\/wp\/v2\/posts\/80873","targetHints":{"allow":["GET"]}}],"collection":[{"href":"https:\/\/transportjournal.com\/de\/wp-json\/wp\/v2\/posts"}],"about":[{"href":"https:\/\/transportjournal.com\/de\/wp-json\/wp\/v2\/types\/post"}],"author":[{"embeddable":true,"href":"https:\/\/transportjournal.com\/de\/wp-json\/wp\/v2\/users\/12"}],"replies":[{"embeddable":true,"href":"https:\/\/transportjournal.com\/de\/wp-json\/wp\/v2\/comments?post=80873"}],"version-history":[{"count":0,"href":"https:\/\/transportjournal.com\/de\/wp-json\/wp\/v2\/posts\/80873\/revisions"}],"wp:featuredmedia":[{"embeddable":true,"href":"https:\/\/transportjournal.com\/de\/wp-json\/wp\/v2\/media\/80872"}],"wp:attachment":[{"href":"https:\/\/transportjournal.com\/de\/wp-json\/wp\/v2\/media?parent=80873"}],"wp:term":[{"taxonomy":"category","embeddable":true,"href":"https:\/\/transportjournal.com\/de\/wp-json\/wp\/v2\/categories?post=80873"},{"taxonomy":"post_tag","embeddable":true,"href":"https:\/\/transportjournal.com\/de\/wp-json\/wp\/v2\/tags?post=80873"}],"curies":[{"name":"wp","href":"https:\/\/api.w.org\/{rel}","templated":true}]}}