{"id":80827,"date":"2026-03-13T13:31:44","date_gmt":"2026-03-13T13:31:44","guid":{"rendered":"https:\/\/transportjournal.com\/2026\/03\/13\/ethiopian-cargo-integriert-in-freightos\/"},"modified":"2026-03-13T15:20:12","modified_gmt":"2026-03-13T14:20:12","slug":"ethiopian-cargo-integriert-in-freightos","status":"publish","type":"post","link":"https:\/\/transportjournal.com\/de\/2026\/03\/13\/ethiopian-cargo-integriert-in-freightos\/","title":{"rendered":"Ethiopian Cargo integriert in Freightos"},"content":{"rendered":"<p>Ethiopian Cargo, der gr\u00f6sste Luftfrachtanbieter Afrikas, wird Ende M\u00e4rz in die Buchungsplattform von Freightos integriert. Die Integration umfasst digitale Tarife, Angebote und eBooking sowie WebCargo Pay f\u00fcr schnelle digitale Zahlungen und Interlining-Funktionen.<\/p>\n<p>Ethiopian Cargo bedient \u00fcber 145 Destinationen weltweit und nutzt daf\u00fcr eine Kombination aus eigenen Frachtflugzeugen und dem Frachtraum von Passagiermaschinen. Die Plattform WebCargo von Freightos erm\u00f6glicht es Spediteuren, Flugkapazit\u00e4ten in Sekundenschnelle zu suchen, zu quotieren und zu buchen, was die Reaktionszeiten auf Kundenanfragen erheblich verk\u00fcrzt. Durch die direkte Integration mit f\u00fchrenden Tools zur Verwaltung von Luft- und Seefrachtpreisen wird Spediteuren erm\u00f6glicht, schneller auf Marktver\u00e4nderungen zu reagieren.<\/p>\n<h3>Wachstum des afrikanischen Luftfrachtmarktes<\/h3>\n<p>Der afrikanische Luftfrachtmarkt w\u00e4chst schneller als der globale Durchschnitt, dennoch wird ein erheblicher Teil der Buchungen in der Region von nicht-afrikanischen Fluggesellschaften abgewickelt. Die Aufnahme von Ethiopian Airlines in die WebCargo-Plattform von Freightos erweitert das digitale Angebot einer der f\u00fchrenden Fluggesellschaften des Kontinents und verbessert die Anbindung innerhalb Afrikas. Spediteure k\u00f6nnen nun Kapazit\u00e4ten zu wichtigen Zielen wie Europa, den USA, China, Indien, Kenia und S\u00fcdafrika buchen, was die Verbindungen zwischen den globalen M\u00e4rkten und dem umfangreichen intra-afrikanischen Netzwerk von Ethiopian Cargo st\u00e4rkt.<\/p>\n<p>Pablo Pinillos, CFO und Interim-CEO von Freightos, \u00e4usserte sich zu den Ver\u00e4nderungen im globalen Handel: \u201eDer Zugang zu Geschwindigkeit und Zuverl\u00e4ssigkeit ist entscheidend geworden, da sich Kapazit\u00e4ten, Routen und Kosten st\u00e4ndig \u00e4ndern. Mit Ethiopian Cargo auf unserer Plattform k\u00f6nnen Spediteure praktische Werkzeuge nutzen, um Fracht effizient zu bewegen.\u201c<\/p>\n<h3>Digitale Transformation bei Ethiopian Cargo<\/h3>\n<p>Dereje Derero, Gesch\u00e4ftsf\u00fchrer von Ethiopian Cargo &amp; Logistics Services, betonte die Bedeutung der digitalen Transformation f\u00fcr das Wachstum des Unternehmens. \u201eWir integrieren verschiedene Buchungs- und Zahlungsl\u00f6sungen in unsere Dienstleistungen, um unseren Kunden mehr Effizienz zu bieten. Durch die Partnerschaft mit Freightos verbessern wir unsere Frachtservices f\u00fcr Kunden weltweit, indem wir digitale Tarife, Angebote und eBooking-L\u00f6sungen anbieten.\u201c<\/p>\n<p>Die Integration von Ethiopian Cargo in die Freightos-Plattform wird voraussichtlich die Effizienz und Flexibilit\u00e4t im Luftfrachtverkehr erh\u00f6hen und die Position des Unternehmens als f\u00fchrenden Frachtanbieter auf dem Kontinent weiter festigen. Spediteure, die Ethiopian Cargo \u00fcber Freightos buchen m\u00f6chten, k\u00f6nnen sich auf der Plattform registrieren und die neuen Funktionen nutzen.<\/p>\n<p>&nbsp;<\/p>\n<p><a href=\"https:\/\/cargo.ethiopianairlines.com\/\" target=\"_blank\" rel=\"noopener noreferrer\">www.cargo.ethiopianairlines.com<\/a><\/p>\n<p>&nbsp;<\/p>\n<p><a href=\"https:\/\/www.freightos.com\/\" target=\"_blank\" rel=\"noopener noreferrer\">www.freightos.com<\/a><\/p>\n<p>&nbsp;<\/p>\n","protected":false},"excerpt":{"rendered":"<p>Ethiopian Cargo wird Ende des Monats in die Freightos-Buchungsplattform integriert, um digitale Tarife und eBooking f\u00fcr eine effizientere Luftfrachtabwicklung anzubieten.<\/p>\n","protected":false},"author":12,"featured_media":80826,"comment_status":"open","ping_status":"","sticky":false,"template":"","format":"standard","meta":{"_acf_changed":false,"footnotes":""},"categories":[1577,1578,1574,1575,1570],"tags":[27095,27096,27097,27098,27099,5507,27100,3402,27101,27102,27103,27104,2653,27105,1887,27106,27107,27108,27109,27110,27111,2032,27112,27113,27114,27115,27116,22502,27117,27118,27119,27120,27121,27122,27123,27124,27125,27126,27127,27128,27129,27130,27131,27132,2684,27133,27134],"class_list":["post-80827","post","type-post","status-publish","format-standard","has-post-thumbnail","hentry","category-afrika","category-amerikas","category-asien-pazifik","category-europa","category-luftfracht","tag-africa-air-freight","tag-afrika-luftfracht","tag-air-and-sea-freight-rates","tag-air-freight-market-growth","tag-air-freight-provider-africa","tag-avions-cargo","tag-capacity-booking-africa","tag-cargo-aircraft","tag-connectivite-des-marches-mondiaux","tag-croissance-du-marche-du-fret-aerien","tag-deutsch-ethiopian-cargo","tag-digital-air-freight-rates","tag-digital-transformation-logistics","tag-digitale-tarife-luftfracht","tag-digitale-transformation-logistik","tag-ebooking-loesungen","tag-ebooking-solutions","tag-efficient-cargo-movement-francais-ethiopian-cargo","tag-effiziente-frachtbewegung-english-ethiopian-cargo","tag-fonctionnalites-dinterlining","tag-fournisseur-de-fret-aerien-afrique","tag-frachtflugzeuge","tag-frachtservices-digitalisierung","tag-freight-forwarders-africa","tag-freight-services-digitization","tag-freightos-booking-platform","tag-freightos-buchungsplattform","tag-fret-aerien-afrique","tag-global-market-connectivity","tag-globale-maerkte-anbindung","tag-interlining-features","tag-interlining-funktionen","tag-kapazitaeten-buchen-afrika","tag-luft-und-seefrachtpreise","tag-luftfrachtanbieter-afrika","tag-luftfrachtmarkt-wachstum","tag-mouvement-efficace-des-cargaisons","tag-numerisation-des-services-de-fret","tag-plateforme-de-reservation-freightos","tag-reservation-de-capacites-afrique","tag-solutions-ebooking","tag-spediteure-afrika","tag-tarifs-aeriens-numeriques","tag-tarifs-fret-aerien-et-maritime","tag-transformation-numerique-logistique","tag-transitaires-afrique","tag-webcargo-pay"],"acf":[],"yoast_head":"<!-- This site is optimized with the Yoast SEO plugin v27.3 - https:\/\/yoast.com\/product\/yoast-seo-wordpress\/ -->\n<title>Ethiopian Cargo integriert in Freightos - ITJ | International Transport Journal<\/title>\n<meta name=\"robots\" content=\"index, follow, max-snippet:-1, max-image-preview:large, max-video-preview:-1\" \/>\n<link rel=\"canonical\" href=\"https:\/\/transportjournal.com\/de\/2026\/03\/13\/ethiopian-cargo-integriert-in-freightos\/\" \/>\n<meta property=\"og:locale\" content=\"de_DE\" \/>\n<meta property=\"og:type\" content=\"article\" \/>\n<meta property=\"og:title\" content=\"Ethiopian Cargo integriert in Freightos - ITJ | International Transport Journal\" \/>\n<meta property=\"og:description\" content=\"Ethiopian Cargo wird Ende des Monats in die Freightos-Buchungsplattform integriert, um digitale Tarife und eBooking f\u00fcr eine effizientere Luftfrachtabwicklung anzubieten.\" \/>\n<meta property=\"og:url\" content=\"https:\/\/transportjournal.com\/de\/2026\/03\/13\/ethiopian-cargo-integriert-in-freightos\/\" \/>\n<meta property=\"og:site_name\" content=\"ITJ | International Transport Journal\" \/>\n<meta property=\"article:published_time\" content=\"2026-03-13T13:31:44+00:00\" \/>\n<meta property=\"article:modified_time\" content=\"2026-03-13T14:20:12+00:00\" \/>\n<meta property=\"og:image\" content=\"https:\/\/transportjournal.com\/wp-content\/uploads\/sites\/2\/2026\/03\/Ethiopian-Cargo-1755868894884-aspect-ratio-1400-788.jpg\" \/>\n\t<meta property=\"og:image:width\" content=\"1920\" \/>\n\t<meta property=\"og:image:height\" content=\"1081\" \/>\n\t<meta property=\"og:image:type\" content=\"image\/jpeg\" \/>\n<meta name=\"author\" content=\"Andreas Haug\" \/>\n<meta name=\"twitter:card\" content=\"summary_large_image\" \/>\n<meta name=\"twitter:label1\" content=\"Verfasst von\" \/>\n\t<meta name=\"twitter:data1\" content=\"Andreas Haug\" \/>\n\t<meta name=\"twitter:label2\" content=\"Gesch\u00e4tzte Lesezeit\" \/>\n\t<meta name=\"twitter:data2\" content=\"2\u00a0Minute\" \/>\n<script type=\"application\/ld+json\" class=\"yoast-schema-graph\">{\"@context\":\"https:\\\/\\\/schema.org\",\"@graph\":[{\"@type\":\"Article\",\"@id\":\"https:\\\/\\\/transportjournal.com\\\/de\\\/2026\\\/03\\\/13\\\/ethiopian-cargo-integriert-in-freightos\\\/#article\",\"isPartOf\":{\"@id\":\"https:\\\/\\\/transportjournal.com\\\/de\\\/2026\\\/03\\\/13\\\/ethiopian-cargo-integriert-in-freightos\\\/\"},\"author\":{\"name\":\"Andreas Haug\",\"@id\":\"https:\\\/\\\/transportjournal.com\\\/de\\\/#\\\/schema\\\/person\\\/cf538b3157f15afd7589245a4b3dbd25\"},\"headline\":\"Ethiopian Cargo integriert in Freightos\",\"datePublished\":\"2026-03-13T13:31:44+00:00\",\"dateModified\":\"2026-03-13T14:20:12+00:00\",\"mainEntityOfPage\":{\"@id\":\"https:\\\/\\\/transportjournal.com\\\/de\\\/2026\\\/03\\\/13\\\/ethiopian-cargo-integriert-in-freightos\\\/\"},\"wordCount\":389,\"commentCount\":0,\"publisher\":{\"@id\":\"https:\\\/\\\/transportjournal.com\\\/de\\\/#organization\"},\"image\":{\"@id\":\"https:\\\/\\\/transportjournal.com\\\/de\\\/2026\\\/03\\\/13\\\/ethiopian-cargo-integriert-in-freightos\\\/#primaryimage\"},\"thumbnailUrl\":\"https:\\\/\\\/transportjournal.com\\\/wp-content\\\/uploads\\\/sites\\\/2\\\/2026\\\/03\\\/Ethiopian-Cargo-1755868894884-aspect-ratio-1400-788.jpg\",\"keywords\":[\"Africa air freight\",\"Afrika Luftfracht\",\"air and sea freight rates\",\"air freight market growth\",\"air freight provider Africa\",\"avions cargo\",\"capacity booking Africa\",\"cargo aircraft\",\"connectivit\u00e9 des march\u00e9s mondiaux\",\"croissance du march\u00e9 du fret a\u00e9rien\",\"Deutsch Ethiopian Cargo\",\"digital air freight rates\",\"digital transformation logistics\",\"digitale Tarife Luftfracht\",\"digitale Transformation Logistik\",\"eBooking L\u00f6sungen\",\"eBooking solutions\",\"efficient cargo movement Fran\u00e7ais Ethiopian Cargo\",\"effiziente Frachtbewegung English Ethiopian Cargo\",\"fonctionnalit\u00e9s d'interlining\",\"fournisseur de fret a\u00e9rien Afrique\",\"Frachtflugzeuge\",\"Frachtservices Digitalisierung\",\"freight forwarders Africa\",\"freight services digitization\",\"Freightos booking platform\",\"Freightos Buchungsplattform\",\"fret a\u00e9rien Afrique\",\"global market connectivity\",\"globale M\u00e4rkte Anbindung\",\"interlining features\",\"Interlining Funktionen\",\"Kapazit\u00e4ten buchen Afrika\",\"Luft- und Seefrachtpreise\",\"Luftfrachtanbieter Afrika\",\"Luftfrachtmarkt Wachstum\",\"mouvement efficace des cargaisons\",\"num\u00e9risation des services de fret\",\"plateforme de r\u00e9servation Freightos\",\"r\u00e9servation de capacit\u00e9s Afrique\",\"solutions eBooking\",\"Spediteure Afrika\",\"tarifs a\u00e9riens num\u00e9riques\",\"tarifs fret a\u00e9rien et maritime\",\"transformation num\u00e9rique logistique\",\"transitaires Afrique\",\"WebCargo Pay\"],\"articleSection\":[\"Afrika\",\"Amerikas\",\"Asien\\\/Pazifik\",\"Europa\",\"Luftfracht\"],\"inLanguage\":\"de\",\"potentialAction\":[{\"@type\":\"CommentAction\",\"name\":\"Comment\",\"target\":[\"https:\\\/\\\/transportjournal.com\\\/de\\\/2026\\\/03\\\/13\\\/ethiopian-cargo-integriert-in-freightos\\\/#respond\"]}]},{\"@type\":\"WebPage\",\"@id\":\"https:\\\/\\\/transportjournal.com\\\/de\\\/2026\\\/03\\\/13\\\/ethiopian-cargo-integriert-in-freightos\\\/\",\"url\":\"https:\\\/\\\/transportjournal.com\\\/de\\\/2026\\\/03\\\/13\\\/ethiopian-cargo-integriert-in-freightos\\\/\",\"name\":\"Ethiopian Cargo integriert in Freightos - ITJ | International Transport Journal\",\"isPartOf\":{\"@id\":\"https:\\\/\\\/transportjournal.com\\\/de\\\/#website\"},\"primaryImageOfPage\":{\"@id\":\"https:\\\/\\\/transportjournal.com\\\/de\\\/2026\\\/03\\\/13\\\/ethiopian-cargo-integriert-in-freightos\\\/#primaryimage\"},\"image\":{\"@id\":\"https:\\\/\\\/transportjournal.com\\\/de\\\/2026\\\/03\\\/13\\\/ethiopian-cargo-integriert-in-freightos\\\/#primaryimage\"},\"thumbnailUrl\":\"https:\\\/\\\/transportjournal.com\\\/wp-content\\\/uploads\\\/sites\\\/2\\\/2026\\\/03\\\/Ethiopian-Cargo-1755868894884-aspect-ratio-1400-788.jpg\",\"datePublished\":\"2026-03-13T13:31:44+00:00\",\"dateModified\":\"2026-03-13T14:20:12+00:00\",\"breadcrumb\":{\"@id\":\"https:\\\/\\\/transportjournal.com\\\/de\\\/2026\\\/03\\\/13\\\/ethiopian-cargo-integriert-in-freightos\\\/#breadcrumb\"},\"inLanguage\":\"de\",\"potentialAction\":[{\"@type\":\"ReadAction\",\"target\":[\"https:\\\/\\\/transportjournal.com\\\/de\\\/2026\\\/03\\\/13\\\/ethiopian-cargo-integriert-in-freightos\\\/\"]}]},{\"@type\":\"ImageObject\",\"inLanguage\":\"de\",\"@id\":\"https:\\\/\\\/transportjournal.com\\\/de\\\/2026\\\/03\\\/13\\\/ethiopian-cargo-integriert-in-freightos\\\/#primaryimage\",\"url\":\"https:\\\/\\\/transportjournal.com\\\/wp-content\\\/uploads\\\/sites\\\/2\\\/2026\\\/03\\\/Ethiopian-Cargo-1755868894884-aspect-ratio-1400-788.jpg\",\"contentUrl\":\"https:\\\/\\\/transportjournal.com\\\/wp-content\\\/uploads\\\/sites\\\/2\\\/2026\\\/03\\\/Ethiopian-Cargo-1755868894884-aspect-ratio-1400-788.jpg\",\"width\":1920,\"height\":1081},{\"@type\":\"BreadcrumbList\",\"@id\":\"https:\\\/\\\/transportjournal.com\\\/de\\\/2026\\\/03\\\/13\\\/ethiopian-cargo-integriert-in-freightos\\\/#breadcrumb\",\"itemListElement\":[{\"@type\":\"ListItem\",\"position\":1,\"name\":\"Startseite\",\"item\":\"https:\\\/\\\/transportjournal.com\\\/de\\\/\"},{\"@type\":\"ListItem\",\"position\":2,\"name\":\"Ethiopian Cargo integriert in Freightos\"}]},{\"@type\":\"WebSite\",\"@id\":\"https:\\\/\\\/transportjournal.com\\\/de\\\/#website\",\"url\":\"https:\\\/\\\/transportjournal.com\\\/de\\\/\",\"name\":\"ITJ | International Transport Journal\",\"description\":\"Stay informed with the latest global news from the transport, logistics, and supply chain industries. Transport Journal delivers expert insights, analysis, and updates across shipping, aviation, intermodal, and forwarding.\",\"publisher\":{\"@id\":\"https:\\\/\\\/transportjournal.com\\\/de\\\/#organization\"},\"potentialAction\":[{\"@type\":\"SearchAction\",\"target\":{\"@type\":\"EntryPoint\",\"urlTemplate\":\"https:\\\/\\\/transportjournal.com\\\/de\\\/?s={search_term_string}\"},\"query-input\":{\"@type\":\"PropertyValueSpecification\",\"valueRequired\":true,\"valueName\":\"search_term_string\"}}],\"inLanguage\":\"de\"},{\"@type\":\"Organization\",\"@id\":\"https:\\\/\\\/transportjournal.com\\\/de\\\/#organization\",\"name\":\"Groupe Logismedia AG\",\"alternateName\":\"Logismedia Group AG\",\"url\":\"https:\\\/\\\/transportjournal.com\\\/de\\\/\",\"logo\":{\"@type\":\"ImageObject\",\"inLanguage\":\"de\",\"@id\":\"https:\\\/\\\/transportjournal.com\\\/de\\\/#\\\/schema\\\/logo\\\/image\\\/\",\"url\":\"https:\\\/\\\/transportjournal.com\\\/wp-content\\\/uploads\\\/sites\\\/2\\\/2025\\\/09\\\/Logo_ITJ.png\",\"contentUrl\":\"https:\\\/\\\/transportjournal.com\\\/wp-content\\\/uploads\\\/sites\\\/2\\\/2025\\\/09\\\/Logo_ITJ.png\",\"width\":799,\"height\":326,\"caption\":\"Groupe Logismedia AG\"},\"image\":{\"@id\":\"https:\\\/\\\/transportjournal.com\\\/de\\\/#\\\/schema\\\/logo\\\/image\\\/\"},\"sameAs\":[\"https:\\\/\\\/www.linkedin.com\\\/company\\\/56456496\\\/admin\\\/dashboard\\\/\",\"https:\\\/\\\/www.instagram.com\\\/logismediagroup\\\/\",\"https:\\\/\\\/www.youtube.com\\\/@LogiamediaGroupAG\"]},{\"@type\":\"Person\",\"@id\":\"https:\\\/\\\/transportjournal.com\\\/de\\\/#\\\/schema\\\/person\\\/cf538b3157f15afd7589245a4b3dbd25\",\"name\":\"Andreas Haug\",\"url\":\"https:\\\/\\\/transportjournal.com\\\/de\\\/author\\\/andreas\\\/\"}]}<\/script>\n<!-- \/ Yoast SEO plugin. -->","yoast_head_json":{"title":"Ethiopian Cargo integriert in Freightos - ITJ | International Transport Journal","robots":{"index":"index","follow":"follow","max-snippet":"max-snippet:-1","max-image-preview":"max-image-preview:large","max-video-preview":"max-video-preview:-1"},"canonical":"https:\/\/transportjournal.com\/de\/2026\/03\/13\/ethiopian-cargo-integriert-in-freightos\/","og_locale":"de_DE","og_type":"article","og_title":"Ethiopian Cargo integriert in Freightos - ITJ | International Transport Journal","og_description":"Ethiopian Cargo wird Ende des Monats in die Freightos-Buchungsplattform integriert, um digitale Tarife und eBooking f\u00fcr eine effizientere Luftfrachtabwicklung anzubieten.","og_url":"https:\/\/transportjournal.com\/de\/2026\/03\/13\/ethiopian-cargo-integriert-in-freightos\/","og_site_name":"ITJ | International Transport Journal","article_published_time":"2026-03-13T13:31:44+00:00","article_modified_time":"2026-03-13T14:20:12+00:00","og_image":[{"width":1920,"height":1081,"url":"https:\/\/transportjournal.com\/wp-content\/uploads\/sites\/2\/2026\/03\/Ethiopian-Cargo-1755868894884-aspect-ratio-1400-788.jpg","type":"image\/jpeg"}],"author":"Andreas Haug","twitter_card":"summary_large_image","twitter_misc":{"Verfasst von":"Andreas Haug","Gesch\u00e4tzte Lesezeit":"2\u00a0Minute"},"schema":{"@context":"https:\/\/schema.org","@graph":[{"@type":"Article","@id":"https:\/\/transportjournal.com\/de\/2026\/03\/13\/ethiopian-cargo-integriert-in-freightos\/#article","isPartOf":{"@id":"https:\/\/transportjournal.com\/de\/2026\/03\/13\/ethiopian-cargo-integriert-in-freightos\/"},"author":{"name":"Andreas Haug","@id":"https:\/\/transportjournal.com\/de\/#\/schema\/person\/cf538b3157f15afd7589245a4b3dbd25"},"headline":"Ethiopian Cargo integriert in Freightos","datePublished":"2026-03-13T13:31:44+00:00","dateModified":"2026-03-13T14:20:12+00:00","mainEntityOfPage":{"@id":"https:\/\/transportjournal.com\/de\/2026\/03\/13\/ethiopian-cargo-integriert-in-freightos\/"},"wordCount":389,"commentCount":0,"publisher":{"@id":"https:\/\/transportjournal.com\/de\/#organization"},"image":{"@id":"https:\/\/transportjournal.com\/de\/2026\/03\/13\/ethiopian-cargo-integriert-in-freightos\/#primaryimage"},"thumbnailUrl":"https:\/\/transportjournal.com\/wp-content\/uploads\/sites\/2\/2026\/03\/Ethiopian-Cargo-1755868894884-aspect-ratio-1400-788.jpg","keywords":["Africa air freight","Afrika Luftfracht","air and sea freight rates","air freight market growth","air freight provider Africa","avions cargo","capacity booking Africa","cargo aircraft","connectivit\u00e9 des march\u00e9s mondiaux","croissance du march\u00e9 du fret a\u00e9rien","Deutsch Ethiopian Cargo","digital air freight rates","digital transformation logistics","digitale Tarife Luftfracht","digitale Transformation Logistik","eBooking L\u00f6sungen","eBooking solutions","efficient cargo movement Fran\u00e7ais Ethiopian Cargo","effiziente Frachtbewegung English Ethiopian Cargo","fonctionnalit\u00e9s d'interlining","fournisseur de fret a\u00e9rien Afrique","Frachtflugzeuge","Frachtservices Digitalisierung","freight forwarders Africa","freight services digitization","Freightos booking platform","Freightos Buchungsplattform","fret a\u00e9rien Afrique","global market connectivity","globale M\u00e4rkte Anbindung","interlining features","Interlining Funktionen","Kapazit\u00e4ten buchen Afrika","Luft- und Seefrachtpreise","Luftfrachtanbieter Afrika","Luftfrachtmarkt Wachstum","mouvement efficace des cargaisons","num\u00e9risation des services de fret","plateforme de r\u00e9servation Freightos","r\u00e9servation de capacit\u00e9s Afrique","solutions eBooking","Spediteure Afrika","tarifs a\u00e9riens num\u00e9riques","tarifs fret a\u00e9rien et maritime","transformation num\u00e9rique logistique","transitaires Afrique","WebCargo Pay"],"articleSection":["Afrika","Amerikas","Asien\/Pazifik","Europa","Luftfracht"],"inLanguage":"de","potentialAction":[{"@type":"CommentAction","name":"Comment","target":["https:\/\/transportjournal.com\/de\/2026\/03\/13\/ethiopian-cargo-integriert-in-freightos\/#respond"]}]},{"@type":"WebPage","@id":"https:\/\/transportjournal.com\/de\/2026\/03\/13\/ethiopian-cargo-integriert-in-freightos\/","url":"https:\/\/transportjournal.com\/de\/2026\/03\/13\/ethiopian-cargo-integriert-in-freightos\/","name":"Ethiopian Cargo integriert in Freightos - ITJ | International Transport Journal","isPartOf":{"@id":"https:\/\/transportjournal.com\/de\/#website"},"primaryImageOfPage":{"@id":"https:\/\/transportjournal.com\/de\/2026\/03\/13\/ethiopian-cargo-integriert-in-freightos\/#primaryimage"},"image":{"@id":"https:\/\/transportjournal.com\/de\/2026\/03\/13\/ethiopian-cargo-integriert-in-freightos\/#primaryimage"},"thumbnailUrl":"https:\/\/transportjournal.com\/wp-content\/uploads\/sites\/2\/2026\/03\/Ethiopian-Cargo-1755868894884-aspect-ratio-1400-788.jpg","datePublished":"2026-03-13T13:31:44+00:00","dateModified":"2026-03-13T14:20:12+00:00","breadcrumb":{"@id":"https:\/\/transportjournal.com\/de\/2026\/03\/13\/ethiopian-cargo-integriert-in-freightos\/#breadcrumb"},"inLanguage":"de","potentialAction":[{"@type":"ReadAction","target":["https:\/\/transportjournal.com\/de\/2026\/03\/13\/ethiopian-cargo-integriert-in-freightos\/"]}]},{"@type":"ImageObject","inLanguage":"de","@id":"https:\/\/transportjournal.com\/de\/2026\/03\/13\/ethiopian-cargo-integriert-in-freightos\/#primaryimage","url":"https:\/\/transportjournal.com\/wp-content\/uploads\/sites\/2\/2026\/03\/Ethiopian-Cargo-1755868894884-aspect-ratio-1400-788.jpg","contentUrl":"https:\/\/transportjournal.com\/wp-content\/uploads\/sites\/2\/2026\/03\/Ethiopian-Cargo-1755868894884-aspect-ratio-1400-788.jpg","width":1920,"height":1081},{"@type":"BreadcrumbList","@id":"https:\/\/transportjournal.com\/de\/2026\/03\/13\/ethiopian-cargo-integriert-in-freightos\/#breadcrumb","itemListElement":[{"@type":"ListItem","position":1,"name":"Startseite","item":"https:\/\/transportjournal.com\/de\/"},{"@type":"ListItem","position":2,"name":"Ethiopian Cargo integriert in Freightos"}]},{"@type":"WebSite","@id":"https:\/\/transportjournal.com\/de\/#website","url":"https:\/\/transportjournal.com\/de\/","name":"ITJ | International Transport Journal","description":"Stay informed with the latest global news from the transport, logistics, and supply chain industries. Transport Journal delivers expert insights, analysis, and updates across shipping, aviation, intermodal, and forwarding.","publisher":{"@id":"https:\/\/transportjournal.com\/de\/#organization"},"potentialAction":[{"@type":"SearchAction","target":{"@type":"EntryPoint","urlTemplate":"https:\/\/transportjournal.com\/de\/?s={search_term_string}"},"query-input":{"@type":"PropertyValueSpecification","valueRequired":true,"valueName":"search_term_string"}}],"inLanguage":"de"},{"@type":"Organization","@id":"https:\/\/transportjournal.com\/de\/#organization","name":"Groupe Logismedia AG","alternateName":"Logismedia Group AG","url":"https:\/\/transportjournal.com\/de\/","logo":{"@type":"ImageObject","inLanguage":"de","@id":"https:\/\/transportjournal.com\/de\/#\/schema\/logo\/image\/","url":"https:\/\/transportjournal.com\/wp-content\/uploads\/sites\/2\/2025\/09\/Logo_ITJ.png","contentUrl":"https:\/\/transportjournal.com\/wp-content\/uploads\/sites\/2\/2025\/09\/Logo_ITJ.png","width":799,"height":326,"caption":"Groupe Logismedia AG"},"image":{"@id":"https:\/\/transportjournal.com\/de\/#\/schema\/logo\/image\/"},"sameAs":["https:\/\/www.linkedin.com\/company\/56456496\/admin\/dashboard\/","https:\/\/www.instagram.com\/logismediagroup\/","https:\/\/www.youtube.com\/@LogiamediaGroupAG"]},{"@type":"Person","@id":"https:\/\/transportjournal.com\/de\/#\/schema\/person\/cf538b3157f15afd7589245a4b3dbd25","name":"Andreas Haug","url":"https:\/\/transportjournal.com\/de\/author\/andreas\/"}]}},"_links":{"self":[{"href":"https:\/\/transportjournal.com\/de\/wp-json\/wp\/v2\/posts\/80827","targetHints":{"allow":["GET"]}}],"collection":[{"href":"https:\/\/transportjournal.com\/de\/wp-json\/wp\/v2\/posts"}],"about":[{"href":"https:\/\/transportjournal.com\/de\/wp-json\/wp\/v2\/types\/post"}],"author":[{"embeddable":true,"href":"https:\/\/transportjournal.com\/de\/wp-json\/wp\/v2\/users\/12"}],"replies":[{"embeddable":true,"href":"https:\/\/transportjournal.com\/de\/wp-json\/wp\/v2\/comments?post=80827"}],"version-history":[{"count":1,"href":"https:\/\/transportjournal.com\/de\/wp-json\/wp\/v2\/posts\/80827\/revisions"}],"predecessor-version":[{"id":80834,"href":"https:\/\/transportjournal.com\/de\/wp-json\/wp\/v2\/posts\/80827\/revisions\/80834"}],"wp:featuredmedia":[{"embeddable":true,"href":"https:\/\/transportjournal.com\/de\/wp-json\/wp\/v2\/media\/80826"}],"wp:attachment":[{"href":"https:\/\/transportjournal.com\/de\/wp-json\/wp\/v2\/media?parent=80827"}],"wp:term":[{"taxonomy":"category","embeddable":true,"href":"https:\/\/transportjournal.com\/de\/wp-json\/wp\/v2\/categories?post=80827"},{"taxonomy":"post_tag","embeddable":true,"href":"https:\/\/transportjournal.com\/de\/wp-json\/wp\/v2\/tags?post=80827"}],"curies":[{"name":"wp","href":"https:\/\/api.w.org\/{rel}","templated":true}]}}